{"id":35820,"date":"2016-01-20T14:18:51","date_gmt":"2016-01-20T13:18:51","guid":{"rendered":"http:\/\/kapitalis.com\/tunisie\/?p=35820"},"modified":"2016-01-20T14:18:51","modified_gmt":"2016-01-20T13:18:51","slug":"zenaidi-et-marzouk-deux-projets-une-meme-vision","status":"publish","type":"post","link":"https:\/\/kapitalis.com\/tunisie\/2016\/01\/20\/zenaidi-et-marzouk-deux-projets-une-meme-vision\/","title":{"rendered":"Zena\u00efdi et Marzouk : Deux projets, une m\u00eame vision"},"content":{"rendered":"<p><img loading=\"lazy\" decoding=\"async\" class=\"alignnone size-full wp-image-35821 aligncenter\" src=\"http:\/\/kapitalis.com\/tunisie\/wp-content\/uploads\/2016\/01\/Mondher-Zenaidi-et-Mohsen-Marzouk.jpg\" alt=\"Mondher-Zenaidi-et-Mohsen-Marzouk\" width=\"626\" height=\"380\" \/><\/p>\n<p><em><strong>Mondher Zena\u00efdi et Mohsen Marzouk lancent deux projets de nouvelles formations politiques en se partageant les restes de Nidaa Tounes.<\/strong> <\/em><\/p>\n<p><!--more--><\/p>\n<p>Le projet national dont parle l\u2019entourage de Mondher Zena\u00efdi rassemblera, officiellement, divers <em>\u00abgroupes dynamiques de socio-d\u00e9mocrates\u00bb<\/em>.<\/p>\n<p><em>\u00abLe pays est aujourd\u2019hui en danger. La situation peut basculer \u00e0 n\u2019importe quel moment et nous avons besoin d\u2019un vrai projet national. Nous sommes en train de rassembler plusieurs mouvances, sauf celle qui a un lien avec l\u2019islam politique\u00bb<\/em>, a d\u00e9clar\u00e9 \u00e0 Kapitalis l\u2019un des initiateurs de ce projet. <em>\u00abIl y a des discussions avec, notamment, des Nidaistes qui ont d\u00e9missionn\u00e9 au lendemain du congr\u00e8s de Sousse, les 9 et 10 janvier 2016, qui a scell\u00e9 l\u2019implosion de ce parti<\/em>\u00bb, a-t-il ajout\u00e9.<\/p>\n<p><em>\u00abCe projet rassemblera de nombreuses personnalit\u00e9s nationales, dont des d\u00e9missionnaires d\u2019Al-Jomhouri, des intellectuels, des destouriens, des militants de la mouvance nationaliste arabe, des syndicalistes et des leaders gauchistes des ann\u00e9es 1970, 1980 et 1990. Nous sommes en train de discuter aussi avec des d\u00e9missionnaires de Nidaa\u00bb<\/em>, a encore pr\u00e9cis\u00e9 notre source.<\/p>\n<p>Il s\u2019agit, donc, en quelque sorte, d\u2019un projet similaire \u00e0 celui de Nidaa Tounes&#8230; avant la crise? R\u00e9ponse de l\u2019int\u00e9ress\u00e9: <em>\u00abOui, sauf que nous ne voulons pas de leader unique. Beji Ca\u00efd Essebsi \u00e9tait le dernier dinosaure et nous n\u2019allons pas commettre encore une fois la m\u00eame faute en d\u00e9signant un dinosaure \u00e0 la t\u00eate de notre mouvement\u00bb.<\/em><\/p>\n<p>Le projet national de Mondher Zena\u00efdi chasse aussi dans les platebandes de Mohsen Marzouk, le secr\u00e9taire g\u00e9n\u00e9ral d\u00e9missionnaire de Nidaa. \u00abNous avons constat\u00e9 qu\u2019ils sont en train de nous piquer nos id\u00e9es\u00bb, a r\u00e9pondu notre source.<\/p>\n<p>Le 18 janvier courant, Mondher Zena\u00efdi (65 ans), ancien candidat \u00e0 l\u2019\u00e9lection pr\u00e9sidentielle 2014 et ancien ministre de Ben Ali (Transport, Tourisme, Sant\u00e9 et Commerce), a \u00e9t\u00e9 accueilli \u00e0 Carthage par le pr\u00e9sident B\u00e9ji Ca\u00efd Essebsi. M. Zeana\u00efdi a parl\u00e9 au pr\u00e9sident de la r\u00e9publique des consultations en cours parmi les destouriens pour lancer une nouvelle dynamique politique dans le pays de tendance socio-d\u00e9mocrate.<\/p>\n<p>Mohsen Marzouk (50 ans) a \u00e9t\u00e9 re\u00e7u, lui aussi, le m\u00eame jour, par Beji Ca\u00efd Essebsi, pour discuter de la situation sociale, politique et \u00e9conomique dans le pays.<\/p>\n<p>Simple co\u00efncidence ? Sans doute, mais M. Ca\u00efd Essebsi a d\u00fb sans doute penser que des parties politiques sont en train d\u2019essayer de remplir le vide laiss\u00e9 par Nidaa Tounes.\u00a0 Et de se r\u00e9partir sa d\u00e9pouille encore chaude.<\/p>\n<p>Cherchez l\u2019erreur !<\/p>\n<p style=\"text-align: right;\"><strong>Z. A.<\/strong><\/p>\n","protected":false},"excerpt":{"rendered":"<p>Mondher Zena\u00efdi et Mohsen Marzouk lancent deux projets de nouvelles formations politiques en se partageant les restes de Nidaa Tounes.<\/p>\n","protected":false},"author":8,"featured_media":35821,"comment_status":"open","ping_status":"open","sticky":false,"template":"","format":"standard","meta":{"footnotes":""},"categories":[997,2433],"tags":[3345,630,6521],"class_list":["post-35820","post","type-post","status-publish","format-standard","has-post-thumbnail","hentry","category-politique","category-tunisie","tag-destouriens","tag-mohsen-marzouk","tag-mondher-zenaidi"],"yoast_head":"<!-- This site is optimized with the Yoast SEO plugin v26.6 - https:\/\/yoast.com\/wordpress\/plugins\/seo\/ -->\n<title>Zena\u00efdi et Marzouk : Deux projets, une m\u00eame vision - Kapitalis<\/title>\n<meta name=\"robots\" content=\"index, follow, max-snippet:-1, max-image-preview:large, max-video-preview:-1\" \/>\n<link rel=\"canonical\" href=\"https:\/\/kapitalis.com\/tunisie\/2016\/01\/20\/zenaidi-et-marzouk-deux-projets-une-meme-vision\/\" \/>\n<meta property=\"og:locale\" content=\"fr_FR\" \/>\n<meta property=\"og:type\" content=\"article\" \/>\n<meta property=\"og:title\" content=\"Zena\u00efdi et Marzouk : Deux projets, une m\u00eame vision - Kapitalis\" \/>\n<meta property=\"og:description\" content=\"Mondher Zena\u00efdi et Mohsen Marzouk lancent deux projets de nouvelles formations politiques en se partageant les restes de Nidaa Tounes.\" \/>\n<meta property=\"og:url\" content=\"https:\/\/kapitalis.com\/tunisie\/2016\/01\/20\/zenaidi-et-marzouk-deux-projets-une-meme-vision\/\" \/>\n<meta property=\"og:site_name\" content=\"Kapitalis\" \/>\n<meta property=\"article:publisher\" content=\"https:\/\/www.facebook.com\/KapitalisInfo\/\" \/>\n<meta property=\"article:published_time\" content=\"2016-01-20T13:18:51+00:00\" \/>\n<meta property=\"og:image\" content=\"https:\/\/kapitalis.com\/tunisie\/wp-content\/uploads\/2022\/05\/kapitalis-logo-fb.png\" \/>\n\t<meta property=\"og:image:width\" content=\"1200\" \/>\n\t<meta property=\"og:image:height\" content=\"630\" \/>\n\t<meta property=\"og:image:type\" content=\"image\/png\" \/>\n<meta name=\"author\" content=\"webmaster kapitalis\" \/>\n<meta name=\"twitter:card\" content=\"summary_large_image\" \/>\n<meta name=\"twitter:creator\" content=\"@KapitalisInfo\" \/>\n<meta name=\"twitter:site\" content=\"@KapitalisInfo\" \/>\n<meta name=\"twitter:label1\" content=\"\u00c9crit par\" \/>\n\t<meta name=\"twitter:data1\" content=\"webmaster kapitalis\" \/>\n\t<meta name=\"twitter:label2\" content=\"Dur\u00e9e de lecture estim\u00e9e\" \/>\n\t<meta name=\"twitter:data2\" content=\"2 minutes\" \/>\n<script type=\"application\/ld+json\" class=\"yoast-schema-graph\">{\"@context\":\"https:\/\/schema.org\",\"@graph\":[{\"@type\":\"Article\",\"@id\":\"https:\/\/kapitalis.com\/tunisie\/2016\/01\/20\/zenaidi-et-marzouk-deux-projets-une-meme-vision\/#article\",\"isPartOf\":{\"@id\":\"https:\/\/kapitalis.com\/tunisie\/2016\/01\/20\/zenaidi-et-marzouk-deux-projets-une-meme-vision\/\"},\"author\":{\"name\":\"webmaster kapitalis\",\"@id\":\"https:\/\/kapitalis.com\/tunisie\/#\/schema\/person\/d71f33a9ca44f7bad4698210b480c8e9\"},\"headline\":\"Zena\u00efdi et Marzouk : Deux projets, une m\u00eame vision\",\"datePublished\":\"2016-01-20T13:18:51+00:00\",\"mainEntityOfPage\":{\"@id\":\"https:\/\/kapitalis.com\/tunisie\/2016\/01\/20\/zenaidi-et-marzouk-deux-projets-une-meme-vision\/\"},\"wordCount\":446,\"commentCount\":0,\"publisher\":{\"@id\":\"https:\/\/kapitalis.com\/tunisie\/#organization\"},\"image\":{\"@id\":\"https:\/\/kapitalis.com\/tunisie\/2016\/01\/20\/zenaidi-et-marzouk-deux-projets-une-meme-vision\/#primaryimage\"},\"thumbnailUrl\":\"\",\"keywords\":[\"destouriens\",\"Mohsen Marzouk\",\"Mondher Zenaidi\"],\"articleSection\":[\"POLITIQUE\",\"Tunisie\"],\"inLanguage\":\"fr-FR\",\"potentialAction\":[{\"@type\":\"CommentAction\",\"name\":\"Comment\",\"target\":[\"https:\/\/kapitalis.com\/tunisie\/2016\/01\/20\/zenaidi-et-marzouk-deux-projets-une-meme-vision\/#respond\"]}]},{\"@type\":\"WebPage\",\"@id\":\"https:\/\/kapitalis.com\/tunisie\/2016\/01\/20\/zenaidi-et-marzouk-deux-projets-une-meme-vision\/\",\"url\":\"https:\/\/kapitalis.com\/tunisie\/2016\/01\/20\/zenaidi-et-marzouk-deux-projets-une-meme-vision\/\",\"name\":\"Zena\u00efdi et Marzouk : Deux projets, une m\u00eame vision - Kapitalis\",\"isPartOf\":{\"@id\":\"https:\/\/kapitalis.com\/tunisie\/#website\"},\"primaryImageOfPage\":{\"@id\":\"https:\/\/kapitalis.com\/tunisie\/2016\/01\/20\/zenaidi-et-marzouk-deux-projets-une-meme-vision\/#primaryimage\"},\"image\":{\"@id\":\"https:\/\/kapitalis.com\/tunisie\/2016\/01\/20\/zenaidi-et-marzouk-deux-projets-une-meme-vision\/#primaryimage\"},\"thumbnailUrl\":\"\",\"datePublished\":\"2016-01-20T13:18:51+00:00\",\"breadcrumb\":{\"@id\":\"https:\/\/kapitalis.com\/tunisie\/2016\/01\/20\/zenaidi-et-marzouk-deux-projets-une-meme-vision\/#breadcrumb\"},\"inLanguage\":\"fr-FR\",\"potentialAction\":[{\"@type\":\"ReadAction\",\"target\":[\"https:\/\/kapitalis.com\/tunisie\/2016\/01\/20\/zenaidi-et-marzouk-deux-projets-une-meme-vision\/\"]}]},{\"@type\":\"ImageObject\",\"inLanguage\":\"fr-FR\",\"@id\":\"https:\/\/kapitalis.com\/tunisie\/2016\/01\/20\/zenaidi-et-marzouk-deux-projets-une-meme-vision\/#primaryimage\",\"url\":\"\",\"contentUrl\":\"\"},{\"@type\":\"BreadcrumbList\",\"@id\":\"https:\/\/kapitalis.com\/tunisie\/2016\/01\/20\/zenaidi-et-marzouk-deux-projets-une-meme-vision\/#breadcrumb\",\"itemListElement\":[{\"@type\":\"ListItem\",\"position\":1,\"name\":\"Accueil\",\"item\":\"https:\/\/kapitalis.com\/tunisie\/\"},{\"@type\":\"ListItem\",\"position\":2,\"name\":\"Zena\u00efdi et Marzouk : Deux projets, une m\u00eame vision\"}]},{\"@type\":\"WebSite\",\"@id\":\"https:\/\/kapitalis.com\/tunisie\/#website\",\"url\":\"https:\/\/kapitalis.com\/tunisie\/\",\"name\":\"Kapitalis\",\"description\":\"L&#039;actualit\u00e9 en Tunisie et dans le monde\",\"publisher\":{\"@id\":\"https:\/\/kapitalis.com\/tunisie\/#organization\"},\"potentialAction\":[{\"@type\":\"SearchAction\",\"target\":{\"@type\":\"EntryPoint\",\"urlTemplate\":\"https:\/\/kapitalis.com\/tunisie\/?s={search_term_string}\"},\"query-input\":{\"@type\":\"PropertyValueSpecification\",\"valueRequired\":true,\"valueName\":\"search_term_string\"}}],\"inLanguage\":\"fr-FR\"},{\"@type\":\"Organization\",\"@id\":\"https:\/\/kapitalis.com\/tunisie\/#organization\",\"name\":\"Kapitalis\",\"url\":\"https:\/\/kapitalis.com\/tunisie\/\",\"logo\":{\"@type\":\"ImageObject\",\"inLanguage\":\"fr-FR\",\"@id\":\"https:\/\/kapitalis.com\/tunisie\/#\/schema\/logo\/image\/\",\"url\":\"https:\/\/kapitalis.com\/tunisie\/wp-content\/uploads\/2022\/05\/Kapitalis-big-size.png\",\"contentUrl\":\"https:\/\/kapitalis.com\/tunisie\/wp-content\/uploads\/2022\/05\/Kapitalis-big-size.png\",\"width\":5000,\"height\":1500,\"caption\":\"Kapitalis\"},\"image\":{\"@id\":\"https:\/\/kapitalis.com\/tunisie\/#\/schema\/logo\/image\/\"},\"sameAs\":[\"https:\/\/www.facebook.com\/KapitalisInfo\/\",\"https:\/\/x.com\/KapitalisInfo\",\"https:\/\/www.youtube.com\/channel\/UC-yDYrHyfFBWWZaOw3FPg9Q\"]},{\"@type\":\"Person\",\"@id\":\"https:\/\/kapitalis.com\/tunisie\/#\/schema\/person\/d71f33a9ca44f7bad4698210b480c8e9\",\"name\":\"webmaster kapitalis\",\"url\":\"https:\/\/kapitalis.com\/tunisie\/author\/webmaster-kapitalis\/\"}]}<\/script>\n<!-- \/ Yoast SEO plugin. -->","yoast_head_json":{"title":"Zena\u00efdi et Marzouk : Deux projets, une m\u00eame vision - Kapitalis","robots":{"index":"index","follow":"follow","max-snippet":"max-snippet:-1","max-image-preview":"max-image-preview:large","max-video-preview":"max-video-preview:-1"},"canonical":"https:\/\/kapitalis.com\/tunisie\/2016\/01\/20\/zenaidi-et-marzouk-deux-projets-une-meme-vision\/","og_locale":"fr_FR","og_type":"article","og_title":"Zena\u00efdi et Marzouk : Deux projets, une m\u00eame vision - Kapitalis","og_description":"Mondher Zena\u00efdi et Mohsen Marzouk lancent deux projets de nouvelles formations politiques en se partageant les restes de Nidaa Tounes.","og_url":"https:\/\/kapitalis.com\/tunisie\/2016\/01\/20\/zenaidi-et-marzouk-deux-projets-une-meme-vision\/","og_site_name":"Kapitalis","article_publisher":"https:\/\/www.facebook.com\/KapitalisInfo\/","article_published_time":"2016-01-20T13:18:51+00:00","og_image":[{"width":1200,"height":630,"url":"https:\/\/kapitalis.com\/tunisie\/wp-content\/uploads\/2022\/05\/kapitalis-logo-fb.png","type":"image\/png"}],"author":"webmaster kapitalis","twitter_card":"summary_large_image","twitter_creator":"@KapitalisInfo","twitter_site":"@KapitalisInfo","twitter_misc":{"\u00c9crit par":"webmaster kapitalis","Dur\u00e9e de lecture estim\u00e9e":"2 minutes"},"schema":{"@context":"https:\/\/schema.org","@graph":[{"@type":"Article","@id":"https:\/\/kapitalis.com\/tunisie\/2016\/01\/20\/zenaidi-et-marzouk-deux-projets-une-meme-vision\/#article","isPartOf":{"@id":"https:\/\/kapitalis.com\/tunisie\/2016\/01\/20\/zenaidi-et-marzouk-deux-projets-une-meme-vision\/"},"author":{"name":"webmaster kapitalis","@id":"https:\/\/kapitalis.com\/tunisie\/#\/schema\/person\/d71f33a9ca44f7bad4698210b480c8e9"},"headline":"Zena\u00efdi et Marzouk : Deux projets, une m\u00eame vision","datePublished":"2016-01-20T13:18:51+00:00","mainEntityOfPage":{"@id":"https:\/\/kapitalis.com\/tunisie\/2016\/01\/20\/zenaidi-et-marzouk-deux-projets-une-meme-vision\/"},"wordCount":446,"commentCount":0,"publisher":{"@id":"https:\/\/kapitalis.com\/tunisie\/#organization"},"image":{"@id":"https:\/\/kapitalis.com\/tunisie\/2016\/01\/20\/zenaidi-et-marzouk-deux-projets-une-meme-vision\/#primaryimage"},"thumbnailUrl":"","keywords":["destouriens","Mohsen Marzouk","Mondher Zenaidi"],"articleSection":["POLITIQUE","Tunisie"],"inLanguage":"fr-FR","potentialAction":[{"@type":"CommentAction","name":"Comment","target":["https:\/\/kapitalis.com\/tunisie\/2016\/01\/20\/zenaidi-et-marzouk-deux-projets-une-meme-vision\/#respond"]}]},{"@type":"WebPage","@id":"https:\/\/kapitalis.com\/tunisie\/2016\/01\/20\/zenaidi-et-marzouk-deux-projets-une-meme-vision\/","url":"https:\/\/kapitalis.com\/tunisie\/2016\/01\/20\/zenaidi-et-marzouk-deux-projets-une-meme-vision\/","name":"Zena\u00efdi et Marzouk : Deux projets, une m\u00eame vision - Kapitalis","isPartOf":{"@id":"https:\/\/kapitalis.com\/tunisie\/#website"},"primaryImageOfPage":{"@id":"https:\/\/kapitalis.com\/tunisie\/2016\/01\/20\/zenaidi-et-marzouk-deux-projets-une-meme-vision\/#primaryimage"},"image":{"@id":"https:\/\/kapitalis.com\/tunisie\/2016\/01\/20\/zenaidi-et-marzouk-deux-projets-une-meme-vision\/#primaryimage"},"thumbnailUrl":"","datePublished":"2016-01-20T13:18:51+00:00","breadcrumb":{"@id":"https:\/\/kapitalis.com\/tunisie\/2016\/01\/20\/zenaidi-et-marzouk-deux-projets-une-meme-vision\/#breadcrumb"},"inLanguage":"fr-FR","potentialAction":[{"@type":"ReadAction","target":["https:\/\/kapitalis.com\/tunisie\/2016\/01\/20\/zenaidi-et-marzouk-deux-projets-une-meme-vision\/"]}]},{"@type":"ImageObject","inLanguage":"fr-FR","@id":"https:\/\/kapitalis.com\/tunisie\/2016\/01\/20\/zenaidi-et-marzouk-deux-projets-une-meme-vision\/#primaryimage","url":"","contentUrl":""},{"@type":"BreadcrumbList","@id":"https:\/\/kapitalis.com\/tunisie\/2016\/01\/20\/zenaidi-et-marzouk-deux-projets-une-meme-vision\/#breadcrumb","itemListElement":[{"@type":"ListItem","position":1,"name":"Accueil","item":"https:\/\/kapitalis.com\/tunisie\/"},{"@type":"ListItem","position":2,"name":"Zena\u00efdi et Marzouk : Deux projets, une m\u00eame vision"}]},{"@type":"WebSite","@id":"https:\/\/kapitalis.com\/tunisie\/#website","url":"https:\/\/kapitalis.com\/tunisie\/","name":"Kapitalis","description":"L&#039;actualit\u00e9 en Tunisie et dans le monde","publisher":{"@id":"https:\/\/kapitalis.com\/tunisie\/#organization"},"potentialAction":[{"@type":"SearchAction","target":{"@type":"EntryPoint","urlTemplate":"https:\/\/kapitalis.com\/tunisie\/?s={search_term_string}"},"query-input":{"@type":"PropertyValueSpecification","valueRequired":true,"valueName":"search_term_string"}}],"inLanguage":"fr-FR"},{"@type":"Organization","@id":"https:\/\/kapitalis.com\/tunisie\/#organization","name":"Kapitalis","url":"https:\/\/kapitalis.com\/tunisie\/","logo":{"@type":"ImageObject","inLanguage":"fr-FR","@id":"https:\/\/kapitalis.com\/tunisie\/#\/schema\/logo\/image\/","url":"https:\/\/kapitalis.com\/tunisie\/wp-content\/uploads\/2022\/05\/Kapitalis-big-size.png","contentUrl":"https:\/\/kapitalis.com\/tunisie\/wp-content\/uploads\/2022\/05\/Kapitalis-big-size.png","width":5000,"height":1500,"caption":"Kapitalis"},"image":{"@id":"https:\/\/kapitalis.com\/tunisie\/#\/schema\/logo\/image\/"},"sameAs":["https:\/\/www.facebook.com\/KapitalisInfo\/","https:\/\/x.com\/KapitalisInfo","https:\/\/www.youtube.com\/channel\/UC-yDYrHyfFBWWZaOw3FPg9Q"]},{"@type":"Person","@id":"https:\/\/kapitalis.com\/tunisie\/#\/schema\/person\/d71f33a9ca44f7bad4698210b480c8e9","name":"webmaster kapitalis","url":"https:\/\/kapitalis.com\/tunisie\/author\/webmaster-kapitalis\/"}]}},"_links":{"self":[{"href":"https:\/\/kapitalis.com\/tunisie\/wp-json\/wp\/v2\/posts\/35820","targetHints":{"allow":["GET"]}}],"collection":[{"href":"https:\/\/kapitalis.com\/tunisie\/wp-json\/wp\/v2\/posts"}],"about":[{"href":"https:\/\/kapitalis.com\/tunisie\/wp-json\/wp\/v2\/types\/post"}],"author":[{"embeddable":true,"href":"https:\/\/kapitalis.com\/tunisie\/wp-json\/wp\/v2\/users\/8"}],"replies":[{"embeddable":true,"href":"https:\/\/kapitalis.com\/tunisie\/wp-json\/wp\/v2\/comments?post=35820"}],"version-history":[{"count":0,"href":"https:\/\/kapitalis.com\/tunisie\/wp-json\/wp\/v2\/posts\/35820\/revisions"}],"wp:featuredmedia":[{"embeddable":true,"href":"https:\/\/kapitalis.com\/tunisie\/wp-json\/wp\/v2\/media\/35821"}],"wp:attachment":[{"href":"https:\/\/kapitalis.com\/tunisie\/wp-json\/wp\/v2\/media?parent=35820"}],"wp:term":[{"taxonomy":"category","embeddable":true,"href":"https:\/\/kapitalis.com\/tunisie\/wp-json\/wp\/v2\/categories?post=35820"},{"taxonomy":"post_tag","embeddable":true,"href":"https:\/\/kapitalis.com\/tunisie\/wp-json\/wp\/v2\/tags?post=35820"}],"curies":[{"name":"wp","href":"https:\/\/api.w.org\/{rel}","templated":true}]}}