{"id":358217,"date":"2021-08-03T13:05:17","date_gmt":"2021-08-03T12:05:17","guid":{"rendered":"http:\/\/kapitalis.com\/tunisie\/?p=358217"},"modified":"2021-08-03T13:08:56","modified_gmt":"2021-08-03T12:08:56","slug":"noomane-fehri-a-kais-saied-vous-navez-pas-le-droit-de-diffamer-les-gens","status":"publish","type":"post","link":"https:\/\/kapitalis.com\/tunisie\/2021\/08\/03\/noomane-fehri-a-kais-saied-vous-navez-pas-le-droit-de-diffamer-les-gens\/","title":{"rendered":"Noomane Fehri \u00e0 Ka\u00efs Sa\u00efed : \u00abVous n&rsquo;avez pas le droit de diffamer les gens\u00bb"},"content":{"rendered":"\n<div class=\"wp-block-image\"><figure class=\"aligncenter size-large\"><img decoding=\"async\" src=\"http:\/\/kapitalis.com\/tunisie\/wp-content\/uploads\/2015\/09\/Noomane-Fehri.jpg\" alt=\"\" class=\"wp-image-11989\"\/><\/figure><\/div>\n\n\n\n<p><strong><em>L&rsquo;ancien ministre de l\u2019\u00c9conomie num\u00e9rique, Noomane Fehri, n&rsquo;a pas appr\u00e9ci\u00e9 les propos r\u00e9cents du pr\u00e9sident de la r\u00e9publique, Ka\u00efs Sa\u00efed, tenus hier, lundi 2 ao\u00fbt 2021, lorsqu&rsquo;il a compar\u00e9, lors de sa r\u00e9ception de Sihem Boughdiri, charg\u00e9e de la gestion des affaires du minist\u00e8re de l\u2019\u00c9conomie et des Finances, l&rsquo;ancien ministre de ce d\u00e9partement, Ali Ko\u00f4li, \u00e0 Khaznadar \u00abqui a pris le coffre et s\u2019est enfui\u00bb.<\/em><\/strong><\/p>\n\n\n\n<!--more-->\n\n\n\n<p>A travers un statut Facebook, Fehri a d&rsquo;abord rappel\u00e9 qu&rsquo;il soutient les mesures exceptionnelles prises par le chef de l&rsquo;\u00c9tat, le 25 juillet, affirmant que la r\u00e9vocation des ministres rel\u00e8ve, bel e bien, selon lui, des pr\u00e9rogatives du pr\u00e9sident de la r\u00e9publique dans le cadre de l&rsquo;application de l&rsquo;article 80 de la constitution.<\/p>\n\n\n\n<p>\u00abMais la diffamation et l\u2019atteinte \u00e0 la r\u00e9putation et \u00e0 l\u2019honneur des personnes ne font pas partie de vos droits\u00bb, a-t-il ajout\u00e9 en s&rsquo;adressant \u00e0 Ka\u00efs Sa\u00efed et en faisant allusion \u00e0 ses propos de la veille.<\/p>\n\n\n\n<div class=\"wp-block-image\"><figure class=\"aligncenter size-large is-resized\"><img decoding=\"async\" src=\"http:\/\/kapitalis.com\/tunisie\/wp-content\/uploads\/2021\/08\/statut-Noomane-fehri.jpg\" alt=\"\" class=\"wp-image-358225\" width=\"500\"\/><\/figure><\/div>\n\n\n\n<p class=\"has-text-align-right\"><strong>C. B. Y.<\/strong><\/p>\n","protected":false},"excerpt":{"rendered":"<p>L&rsquo;ancien ministre de l\u2019\u00c9conomie num\u00e9rique, Noomane Fehri, n&rsquo;a pas appr\u00e9ci\u00e9 les propos r\u00e9cents du pr\u00e9sident de la r\u00e9publique, Ka\u00efs Sa\u00efed, tenus hier, lundi 2 ao\u00fbt 2021, lorsqu&rsquo;il a compar\u00e9, lors de sa r\u00e9ception de Sihem Boughdiri, charg\u00e9e de la gestion des affaires du minist\u00e8re de l\u2019\u00c9conomie et des Finances, l&rsquo;ancien ministre de ce d\u00e9partement, Ali&#8230;<\/p>\n","protected":false},"author":24,"featured_media":358225,"comment_status":"open","ping_status":"open","sticky":false,"template":"","format":"standard","meta":{"footnotes":""},"categories":[997,2433],"tags":[76012,13349,4043,92431],"class_list":["post-358217","post","type-post","status-publish","format-standard","has-post-thumbnail","hentry","category-politique","category-tunisie","tag-kais-saied-2","tag-khaznadar","tag-noomane-fehri","tag-sihem-boughdiri"],"yoast_head":"<!-- This site is optimized with the Yoast SEO plugin v26.6 - https:\/\/yoast.com\/wordpress\/plugins\/seo\/ -->\n<title>Noomane Fehri \u00e0 Ka\u00efs Sa\u00efed : \u00abVous n&#039;avez pas le droit de diffamer les gens\u00bb - Kapitalis<\/title>\n<meta name=\"robots\" content=\"index, follow, max-snippet:-1, max-image-preview:large, max-video-preview:-1\" \/>\n<link rel=\"canonical\" href=\"https:\/\/kapitalis.com\/tunisie\/2021\/08\/03\/noomane-fehri-a-kais-saied-vous-navez-pas-le-droit-de-diffamer-les-gens\/\" \/>\n<meta property=\"og:locale\" content=\"fr_FR\" \/>\n<meta property=\"og:type\" content=\"article\" \/>\n<meta property=\"og:title\" content=\"Noomane Fehri \u00e0 Ka\u00efs Sa\u00efed : \u00abVous n&#039;avez pas le droit de diffamer les gens\u00bb - Kapitalis\" \/>\n<meta property=\"og:description\" content=\"L&rsquo;ancien ministre de l\u2019\u00c9conomie num\u00e9rique, Noomane Fehri, n&rsquo;a pas appr\u00e9ci\u00e9 les propos r\u00e9cents du pr\u00e9sident de la r\u00e9publique, Ka\u00efs Sa\u00efed, tenus hier, lundi 2 ao\u00fbt 2021, lorsqu&rsquo;il a compar\u00e9, lors de sa r\u00e9ception de Sihem Boughdiri, charg\u00e9e de la gestion des affaires du minist\u00e8re de l\u2019\u00c9conomie et des Finances, l&rsquo;ancien ministre de ce d\u00e9partement, Ali...\" \/>\n<meta property=\"og:url\" content=\"https:\/\/kapitalis.com\/tunisie\/2021\/08\/03\/noomane-fehri-a-kais-saied-vous-navez-pas-le-droit-de-diffamer-les-gens\/\" \/>\n<meta property=\"og:site_name\" content=\"Kapitalis\" \/>\n<meta property=\"article:publisher\" content=\"https:\/\/www.facebook.com\/KapitalisInfo\/\" \/>\n<meta property=\"article:published_time\" content=\"2021-08-03T12:05:17+00:00\" \/>\n<meta property=\"article:modified_time\" content=\"2021-08-03T12:08:56+00:00\" \/>\n<meta property=\"og:image\" content=\"https:\/\/kapitalis.com\/tunisie\/wp-content\/uploads\/2022\/05\/kapitalis-logo-fb.png\" \/>\n\t<meta property=\"og:image:width\" content=\"1200\" \/>\n\t<meta property=\"og:image:height\" content=\"630\" \/>\n\t<meta property=\"og:image:type\" content=\"image\/png\" \/>\n<meta name=\"author\" content=\"Cherif Benyounes\" \/>\n<meta name=\"twitter:card\" content=\"summary_large_image\" \/>\n<meta name=\"twitter:creator\" content=\"@KapitalisInfo\" \/>\n<meta name=\"twitter:site\" content=\"@KapitalisInfo\" \/>\n<meta name=\"twitter:label1\" content=\"\u00c9crit par\" \/>\n\t<meta name=\"twitter:data1\" content=\"Cherif Benyounes\" \/>\n\t<meta name=\"twitter:label2\" content=\"Dur\u00e9e de lecture estim\u00e9e\" \/>\n\t<meta name=\"twitter:data2\" content=\"1 minute\" \/>\n<script type=\"application\/ld+json\" class=\"yoast-schema-graph\">{\"@context\":\"https:\/\/schema.org\",\"@graph\":[{\"@type\":\"Article\",\"@id\":\"https:\/\/kapitalis.com\/tunisie\/2021\/08\/03\/noomane-fehri-a-kais-saied-vous-navez-pas-le-droit-de-diffamer-les-gens\/#article\",\"isPartOf\":{\"@id\":\"https:\/\/kapitalis.com\/tunisie\/2021\/08\/03\/noomane-fehri-a-kais-saied-vous-navez-pas-le-droit-de-diffamer-les-gens\/\"},\"author\":{\"name\":\"Cherif Benyounes\",\"@id\":\"https:\/\/kapitalis.com\/tunisie\/#\/schema\/person\/b35b8d631961131107263178aeb8019e\"},\"headline\":\"Noomane Fehri \u00e0 Ka\u00efs Sa\u00efed : \u00abVous n&rsquo;avez pas le droit de diffamer les gens\u00bb\",\"datePublished\":\"2021-08-03T12:05:17+00:00\",\"dateModified\":\"2021-08-03T12:08:56+00:00\",\"mainEntityOfPage\":{\"@id\":\"https:\/\/kapitalis.com\/tunisie\/2021\/08\/03\/noomane-fehri-a-kais-saied-vous-navez-pas-le-droit-de-diffamer-les-gens\/\"},\"wordCount\":192,\"commentCount\":4,\"publisher\":{\"@id\":\"https:\/\/kapitalis.com\/tunisie\/#organization\"},\"image\":{\"@id\":\"https:\/\/kapitalis.com\/tunisie\/2021\/08\/03\/noomane-fehri-a-kais-saied-vous-navez-pas-le-droit-de-diffamer-les-gens\/#primaryimage\"},\"thumbnailUrl\":\"\",\"keywords\":[\"Ka\u00efs Sa\u00efed\",\"Khaznadar\",\"Noomane Fehri\",\"Sihem Boughdiri\"],\"articleSection\":[\"POLITIQUE\",\"Tunisie\"],\"inLanguage\":\"fr-FR\",\"potentialAction\":[{\"@type\":\"CommentAction\",\"name\":\"Comment\",\"target\":[\"https:\/\/kapitalis.com\/tunisie\/2021\/08\/03\/noomane-fehri-a-kais-saied-vous-navez-pas-le-droit-de-diffamer-les-gens\/#respond\"]}]},{\"@type\":\"WebPage\",\"@id\":\"https:\/\/kapitalis.com\/tunisie\/2021\/08\/03\/noomane-fehri-a-kais-saied-vous-navez-pas-le-droit-de-diffamer-les-gens\/\",\"url\":\"https:\/\/kapitalis.com\/tunisie\/2021\/08\/03\/noomane-fehri-a-kais-saied-vous-navez-pas-le-droit-de-diffamer-les-gens\/\",\"name\":\"Noomane Fehri \u00e0 Ka\u00efs Sa\u00efed : \u00abVous n'avez pas le droit de diffamer les gens\u00bb - Kapitalis\",\"isPartOf\":{\"@id\":\"https:\/\/kapitalis.com\/tunisie\/#website\"},\"primaryImageOfPage\":{\"@id\":\"https:\/\/kapitalis.com\/tunisie\/2021\/08\/03\/noomane-fehri-a-kais-saied-vous-navez-pas-le-droit-de-diffamer-les-gens\/#primaryimage\"},\"image\":{\"@id\":\"https:\/\/kapitalis.com\/tunisie\/2021\/08\/03\/noomane-fehri-a-kais-saied-vous-navez-pas-le-droit-de-diffamer-les-gens\/#primaryimage\"},\"thumbnailUrl\":\"\",\"datePublished\":\"2021-08-03T12:05:17+00:00\",\"dateModified\":\"2021-08-03T12:08:56+00:00\",\"breadcrumb\":{\"@id\":\"https:\/\/kapitalis.com\/tunisie\/2021\/08\/03\/noomane-fehri-a-kais-saied-vous-navez-pas-le-droit-de-diffamer-les-gens\/#breadcrumb\"},\"inLanguage\":\"fr-FR\",\"potentialAction\":[{\"@type\":\"ReadAction\",\"target\":[\"https:\/\/kapitalis.com\/tunisie\/2021\/08\/03\/noomane-fehri-a-kais-saied-vous-navez-pas-le-droit-de-diffamer-les-gens\/\"]}]},{\"@type\":\"ImageObject\",\"inLanguage\":\"fr-FR\",\"@id\":\"https:\/\/kapitalis.com\/tunisie\/2021\/08\/03\/noomane-fehri-a-kais-saied-vous-navez-pas-le-droit-de-diffamer-les-gens\/#primaryimage\",\"url\":\"\",\"contentUrl\":\"\"},{\"@type\":\"BreadcrumbList\",\"@id\":\"https:\/\/kapitalis.com\/tunisie\/2021\/08\/03\/noomane-fehri-a-kais-saied-vous-navez-pas-le-droit-de-diffamer-les-gens\/#breadcrumb\",\"itemListElement\":[{\"@type\":\"ListItem\",\"position\":1,\"name\":\"Accueil\",\"item\":\"https:\/\/kapitalis.com\/tunisie\/\"},{\"@type\":\"ListItem\",\"position\":2,\"name\":\"Noomane Fehri \u00e0 Ka\u00efs Sa\u00efed : \u00abVous n&rsquo;avez pas le droit de diffamer les gens\u00bb\"}]},{\"@type\":\"WebSite\",\"@id\":\"https:\/\/kapitalis.com\/tunisie\/#website\",\"url\":\"https:\/\/kapitalis.com\/tunisie\/\",\"name\":\"Kapitalis\",\"description\":\"L&#039;actualit\u00e9 en Tunisie et dans le monde\",\"publisher\":{\"@id\":\"https:\/\/kapitalis.com\/tunisie\/#organization\"},\"potentialAction\":[{\"@type\":\"SearchAction\",\"target\":{\"@type\":\"EntryPoint\",\"urlTemplate\":\"https:\/\/kapitalis.com\/tunisie\/?s={search_term_string}\"},\"query-input\":{\"@type\":\"PropertyValueSpecification\",\"valueRequired\":true,\"valueName\":\"search_term_string\"}}],\"inLanguage\":\"fr-FR\"},{\"@type\":\"Organization\",\"@id\":\"https:\/\/kapitalis.com\/tunisie\/#organization\",\"name\":\"Kapitalis\",\"url\":\"https:\/\/kapitalis.com\/tunisie\/\",\"logo\":{\"@type\":\"ImageObject\",\"inLanguage\":\"fr-FR\",\"@id\":\"https:\/\/kapitalis.com\/tunisie\/#\/schema\/logo\/image\/\",\"url\":\"https:\/\/kapitalis.com\/tunisie\/wp-content\/uploads\/2022\/05\/Kapitalis-big-size.png\",\"contentUrl\":\"https:\/\/kapitalis.com\/tunisie\/wp-content\/uploads\/2022\/05\/Kapitalis-big-size.png\",\"width\":5000,\"height\":1500,\"caption\":\"Kapitalis\"},\"image\":{\"@id\":\"https:\/\/kapitalis.com\/tunisie\/#\/schema\/logo\/image\/\"},\"sameAs\":[\"https:\/\/www.facebook.com\/KapitalisInfo\/\",\"https:\/\/x.com\/KapitalisInfo\",\"https:\/\/www.youtube.com\/channel\/UC-yDYrHyfFBWWZaOw3FPg9Q\"]},{\"@type\":\"Person\",\"@id\":\"https:\/\/kapitalis.com\/tunisie\/#\/schema\/person\/b35b8d631961131107263178aeb8019e\",\"name\":\"Cherif Benyounes\",\"url\":\"https:\/\/kapitalis.com\/tunisie\/author\/cherif\/\"}]}<\/script>\n<!-- \/ Yoast SEO plugin. -->","yoast_head_json":{"title":"Noomane Fehri \u00e0 Ka\u00efs Sa\u00efed : \u00abVous n'avez pas le droit de diffamer les gens\u00bb - Kapitalis","robots":{"index":"index","follow":"follow","max-snippet":"max-snippet:-1","max-image-preview":"max-image-preview:large","max-video-preview":"max-video-preview:-1"},"canonical":"https:\/\/kapitalis.com\/tunisie\/2021\/08\/03\/noomane-fehri-a-kais-saied-vous-navez-pas-le-droit-de-diffamer-les-gens\/","og_locale":"fr_FR","og_type":"article","og_title":"Noomane Fehri \u00e0 Ka\u00efs Sa\u00efed : \u00abVous n'avez pas le droit de diffamer les gens\u00bb - Kapitalis","og_description":"L&rsquo;ancien ministre de l\u2019\u00c9conomie num\u00e9rique, Noomane Fehri, n&rsquo;a pas appr\u00e9ci\u00e9 les propos r\u00e9cents du pr\u00e9sident de la r\u00e9publique, Ka\u00efs Sa\u00efed, tenus hier, lundi 2 ao\u00fbt 2021, lorsqu&rsquo;il a compar\u00e9, lors de sa r\u00e9ception de Sihem Boughdiri, charg\u00e9e de la gestion des affaires du minist\u00e8re de l\u2019\u00c9conomie et des Finances, l&rsquo;ancien ministre de ce d\u00e9partement, Ali...","og_url":"https:\/\/kapitalis.com\/tunisie\/2021\/08\/03\/noomane-fehri-a-kais-saied-vous-navez-pas-le-droit-de-diffamer-les-gens\/","og_site_name":"Kapitalis","article_publisher":"https:\/\/www.facebook.com\/KapitalisInfo\/","article_published_time":"2021-08-03T12:05:17+00:00","article_modified_time":"2021-08-03T12:08:56+00:00","og_image":[{"width":1200,"height":630,"url":"https:\/\/kapitalis.com\/tunisie\/wp-content\/uploads\/2022\/05\/kapitalis-logo-fb.png","type":"image\/png"}],"author":"Cherif Benyounes","twitter_card":"summary_large_image","twitter_creator":"@KapitalisInfo","twitter_site":"@KapitalisInfo","twitter_misc":{"\u00c9crit par":"Cherif Benyounes","Dur\u00e9e de lecture estim\u00e9e":"1 minute"},"schema":{"@context":"https:\/\/schema.org","@graph":[{"@type":"Article","@id":"https:\/\/kapitalis.com\/tunisie\/2021\/08\/03\/noomane-fehri-a-kais-saied-vous-navez-pas-le-droit-de-diffamer-les-gens\/#article","isPartOf":{"@id":"https:\/\/kapitalis.com\/tunisie\/2021\/08\/03\/noomane-fehri-a-kais-saied-vous-navez-pas-le-droit-de-diffamer-les-gens\/"},"author":{"name":"Cherif Benyounes","@id":"https:\/\/kapitalis.com\/tunisie\/#\/schema\/person\/b35b8d631961131107263178aeb8019e"},"headline":"Noomane Fehri \u00e0 Ka\u00efs Sa\u00efed : \u00abVous n&rsquo;avez pas le droit de diffamer les gens\u00bb","datePublished":"2021-08-03T12:05:17+00:00","dateModified":"2021-08-03T12:08:56+00:00","mainEntityOfPage":{"@id":"https:\/\/kapitalis.com\/tunisie\/2021\/08\/03\/noomane-fehri-a-kais-saied-vous-navez-pas-le-droit-de-diffamer-les-gens\/"},"wordCount":192,"commentCount":4,"publisher":{"@id":"https:\/\/kapitalis.com\/tunisie\/#organization"},"image":{"@id":"https:\/\/kapitalis.com\/tunisie\/2021\/08\/03\/noomane-fehri-a-kais-saied-vous-navez-pas-le-droit-de-diffamer-les-gens\/#primaryimage"},"thumbnailUrl":"","keywords":["Ka\u00efs Sa\u00efed","Khaznadar","Noomane Fehri","Sihem Boughdiri"],"articleSection":["POLITIQUE","Tunisie"],"inLanguage":"fr-FR","potentialAction":[{"@type":"CommentAction","name":"Comment","target":["https:\/\/kapitalis.com\/tunisie\/2021\/08\/03\/noomane-fehri-a-kais-saied-vous-navez-pas-le-droit-de-diffamer-les-gens\/#respond"]}]},{"@type":"WebPage","@id":"https:\/\/kapitalis.com\/tunisie\/2021\/08\/03\/noomane-fehri-a-kais-saied-vous-navez-pas-le-droit-de-diffamer-les-gens\/","url":"https:\/\/kapitalis.com\/tunisie\/2021\/08\/03\/noomane-fehri-a-kais-saied-vous-navez-pas-le-droit-de-diffamer-les-gens\/","name":"Noomane Fehri \u00e0 Ka\u00efs Sa\u00efed : \u00abVous n'avez pas le droit de diffamer les gens\u00bb - Kapitalis","isPartOf":{"@id":"https:\/\/kapitalis.com\/tunisie\/#website"},"primaryImageOfPage":{"@id":"https:\/\/kapitalis.com\/tunisie\/2021\/08\/03\/noomane-fehri-a-kais-saied-vous-navez-pas-le-droit-de-diffamer-les-gens\/#primaryimage"},"image":{"@id":"https:\/\/kapitalis.com\/tunisie\/2021\/08\/03\/noomane-fehri-a-kais-saied-vous-navez-pas-le-droit-de-diffamer-les-gens\/#primaryimage"},"thumbnailUrl":"","datePublished":"2021-08-03T12:05:17+00:00","dateModified":"2021-08-03T12:08:56+00:00","breadcrumb":{"@id":"https:\/\/kapitalis.com\/tunisie\/2021\/08\/03\/noomane-fehri-a-kais-saied-vous-navez-pas-le-droit-de-diffamer-les-gens\/#breadcrumb"},"inLanguage":"fr-FR","potentialAction":[{"@type":"ReadAction","target":["https:\/\/kapitalis.com\/tunisie\/2021\/08\/03\/noomane-fehri-a-kais-saied-vous-navez-pas-le-droit-de-diffamer-les-gens\/"]}]},{"@type":"ImageObject","inLanguage":"fr-FR","@id":"https:\/\/kapitalis.com\/tunisie\/2021\/08\/03\/noomane-fehri-a-kais-saied-vous-navez-pas-le-droit-de-diffamer-les-gens\/#primaryimage","url":"","contentUrl":""},{"@type":"BreadcrumbList","@id":"https:\/\/kapitalis.com\/tunisie\/2021\/08\/03\/noomane-fehri-a-kais-saied-vous-navez-pas-le-droit-de-diffamer-les-gens\/#breadcrumb","itemListElement":[{"@type":"ListItem","position":1,"name":"Accueil","item":"https:\/\/kapitalis.com\/tunisie\/"},{"@type":"ListItem","position":2,"name":"Noomane Fehri \u00e0 Ka\u00efs Sa\u00efed : \u00abVous n&rsquo;avez pas le droit de diffamer les gens\u00bb"}]},{"@type":"WebSite","@id":"https:\/\/kapitalis.com\/tunisie\/#website","url":"https:\/\/kapitalis.com\/tunisie\/","name":"Kapitalis","description":"L&#039;actualit\u00e9 en Tunisie et dans le monde","publisher":{"@id":"https:\/\/kapitalis.com\/tunisie\/#organization"},"potentialAction":[{"@type":"SearchAction","target":{"@type":"EntryPoint","urlTemplate":"https:\/\/kapitalis.com\/tunisie\/?s={search_term_string}"},"query-input":{"@type":"PropertyValueSpecification","valueRequired":true,"valueName":"search_term_string"}}],"inLanguage":"fr-FR"},{"@type":"Organization","@id":"https:\/\/kapitalis.com\/tunisie\/#organization","name":"Kapitalis","url":"https:\/\/kapitalis.com\/tunisie\/","logo":{"@type":"ImageObject","inLanguage":"fr-FR","@id":"https:\/\/kapitalis.com\/tunisie\/#\/schema\/logo\/image\/","url":"https:\/\/kapitalis.com\/tunisie\/wp-content\/uploads\/2022\/05\/Kapitalis-big-size.png","contentUrl":"https:\/\/kapitalis.com\/tunisie\/wp-content\/uploads\/2022\/05\/Kapitalis-big-size.png","width":5000,"height":1500,"caption":"Kapitalis"},"image":{"@id":"https:\/\/kapitalis.com\/tunisie\/#\/schema\/logo\/image\/"},"sameAs":["https:\/\/www.facebook.com\/KapitalisInfo\/","https:\/\/x.com\/KapitalisInfo","https:\/\/www.youtube.com\/channel\/UC-yDYrHyfFBWWZaOw3FPg9Q"]},{"@type":"Person","@id":"https:\/\/kapitalis.com\/tunisie\/#\/schema\/person\/b35b8d631961131107263178aeb8019e","name":"Cherif Benyounes","url":"https:\/\/kapitalis.com\/tunisie\/author\/cherif\/"}]}},"_links":{"self":[{"href":"https:\/\/kapitalis.com\/tunisie\/wp-json\/wp\/v2\/posts\/358217","targetHints":{"allow":["GET"]}}],"collection":[{"href":"https:\/\/kapitalis.com\/tunisie\/wp-json\/wp\/v2\/posts"}],"about":[{"href":"https:\/\/kapitalis.com\/tunisie\/wp-json\/wp\/v2\/types\/post"}],"author":[{"embeddable":true,"href":"https:\/\/kapitalis.com\/tunisie\/wp-json\/wp\/v2\/users\/24"}],"replies":[{"embeddable":true,"href":"https:\/\/kapitalis.com\/tunisie\/wp-json\/wp\/v2\/comments?post=358217"}],"version-history":[{"count":0,"href":"https:\/\/kapitalis.com\/tunisie\/wp-json\/wp\/v2\/posts\/358217\/revisions"}],"wp:featuredmedia":[{"embeddable":true,"href":"https:\/\/kapitalis.com\/tunisie\/wp-json\/wp\/v2\/media\/358225"}],"wp:attachment":[{"href":"https:\/\/kapitalis.com\/tunisie\/wp-json\/wp\/v2\/media?parent=358217"}],"wp:term":[{"taxonomy":"category","embeddable":true,"href":"https:\/\/kapitalis.com\/tunisie\/wp-json\/wp\/v2\/categories?post=358217"},{"taxonomy":"post_tag","embeddable":true,"href":"https:\/\/kapitalis.com\/tunisie\/wp-json\/wp\/v2\/tags?post=358217"}],"curies":[{"name":"wp","href":"https:\/\/api.w.org\/{rel}","templated":true}]}}