{"id":358339,"date":"2021-08-04T11:09:28","date_gmt":"2021-08-04T10:09:28","guid":{"rendered":"http:\/\/kapitalis.com\/tunisie\/?p=358339"},"modified":"2021-08-04T11:23:37","modified_gmt":"2021-08-04T10:23:37","slug":"jai-reve-dun-president-pour-la-tunisie","status":"publish","type":"post","link":"https:\/\/kapitalis.com\/tunisie\/2021\/08\/04\/jai-reve-dun-president-pour-la-tunisie\/","title":{"rendered":"J&rsquo;ai r\u00eav\u00e9 d&rsquo;un pr\u00e9sident pour la Tunisie"},"content":{"rendered":"\n<div class=\"wp-block-image\"><figure class=\"aligncenter size-large\"><img decoding=\"async\" src=\"http:\/\/kapitalis.com\/tunisie\/wp-content\/uploads\/2015\/09\/Palais-de-Carthage.jpg\" alt=\"\" class=\"wp-image-14941\"\/><\/figure><\/div>\n\n\n\n<p><strong><em>A 67 ans, je continue de r\u00eaver, de me rebeller, de raconter des blagues, m\u00eame dans le box de la mort de la r\u00e9animation cardiologique, et d&rsquo;esp\u00e9rer, enfin, que ce pays ira mieux&#8230; Je r\u00eave encore qu&rsquo;un pr\u00e9sident pousse son peuple \u00e0 ne plus pleurnicher et \u00e0 se prendre en main. Ce serait d\u00e9j\u00e0 un bon d\u00e9but, le reste ne tardera pas \u00e0 venir&#8230;<\/em><\/strong><\/p>\n\n\n\n<p>Par <strong>Helal Jelali<\/strong> *<\/p>\n\n\n\n<!--more-->\n\n\n\n<div class=\"wp-block-image\"><figure class=\"alignleft size-large\"><img decoding=\"async\" src=\"http:\/\/kapitalis.com\/tunisie\/wp-content\/uploads\/2020\/08\/Helal-Jelali.jpg\" alt=\"\" class=\"wp-image-311626\"\/><\/figure><\/div>\n\n\n\n<p>Depuis l&rsquo;\u00e2ge de 6 ans, je r\u00eave d&rsquo;un pr\u00e9sident qui dirait \u00e0 son peuple: \u00abReboisez votre pays\u00bb. De Kairouan \u00e0 Gafsa, les Numides, les Romains, et les Arabes avaient d\u00e9bois\u00e9 des r\u00e9gions enti\u00e8res pour faire du feu&#8230;<\/p>\n\n\n\n<p>Les transports en commun, grand cr\u00e9ateur d&#8217;emplois, trop dat\u00e9s, des ann\u00e9es 1930&#8230; les transports urbains du service public aux abonn\u00e9s absents dans la plupart des villes.<\/p>\n\n\n\n<p>Je r\u00eave d&rsquo;un pr\u00e9sident qui constaterait que notre pays ne manque pas d&rsquo;eau et que son administration n&rsquo;ach\u00e8te plus des usines de dessalement. Qu&rsquo;il dise aux faux <em>\u00abg\u00e9ologues\u00bb<\/em> que l&rsquo;eau de la deuxi\u00e8me nappe phr\u00e9atique est abondante et d\u00e9licieuse.<\/p>\n\n\n\n<p>Un pr\u00e9sident qui visiterait les millions d&rsquo;hectares de terres agricoles en d\u00e9sh\u00e9rence. Ce sont les plaines de deux c\u00f4t\u00e9s de la Dorsale tunisienne bien arros\u00e9es par la pluie&#8230; D&rsquo;une beaut\u00e9 \u00e9poustouflante entre Sbeitla et Sbikha&#8230;<\/p>\n\n\n\n<p>D&rsquo;un pr\u00e9sident qui reconna\u00eetrait que notre administration et ses r\u00e9glementations date du XIXe si\u00e8cle, du temps de Paul Cambon, r\u00e9sident g\u00e9n\u00e9ral de la France en Tunisie, et qu&rsquo;elle se consid\u00e8re plus comme une source d&rsquo; autorit\u00e9 qu&rsquo;un service public.<\/p>\n\n\n\n<p>Je r\u00eave d&rsquo;un pr\u00e9sident qui aimerait la M\u00e9diterran\u00e9e, <em>\u00abvocation\u00bb <\/em>maritime, \u00e9conomique et culturelle de ce pays depuis 2500 ans&#8230; Avons-nous une politique de la p\u00eache? Non. La belle bleue est devenue la fosse de nos \u00e9gouts et de nos poubelles, un vrai crime \u00e9cologique.<\/p>\n\n\n\n<p>Je r\u00eave d&rsquo;un pr\u00e9sident qui dira aux Tunisiens certains v\u00e9rit\u00e9s&#8230; Et elles sont innombrables&#8230; Par exemple, l&rsquo;\u00e9thique au travail&#8230; Et qui d\u00e9noncerait publiquement les <em>\u00abpetites mains\u00bb<\/em> de la corruption.<\/p>\n\n\n\n<p>J&rsquo;aimerais qu&rsquo;un pr\u00e9sident dise que le tourisme tunisien dont la formule trois S (<em>\u00abSea, Sexe and Sun\u00bb<\/em>) des ann\u00e9es 1960 est d\u00e9pass\u00e9e. Et que certains h\u00f4tels***** ne m\u00e9ritent qu&rsquo;un seule petite*.<\/p>\n\n\n\n<p>J&rsquo;aimerais qu&rsquo;un pr\u00e9sident dise un jour \u00e0 son ministre du Tourisme: <em>\u00abArr\u00eate de mentir et de compter les Alg\u00e9riens et les Libyens, qui font quotidiennement leurs courses en Tunisie, comme touristes. Tes chiffres sont gonfl\u00e9s de 4 millions de faux touristes\u00bb<\/em>.<\/p>\n\n\n\n<p>Je r\u00eave qu&rsquo;un pr\u00e9sident dise toute la v\u00e9rit\u00e9 sur la fiscalit\u00e9 de certaines professions lib\u00e9rales. M\u00eame Habib Bourguiba a recul\u00e9 devant cette r\u00e9forme, au d\u00e9but des ann\u00e9es 1970. Il avait gifl\u00e9 son directeur des imp\u00f4ts, quand celui-ci lui a r\u00e9v\u00e9l\u00e9 les pertes de l&rsquo;Etat, s&rsquo;il n&rsquo;augmentait pas les imp\u00f4ts. Cons\u00e9quence de la gifle : l&rsquo;honn\u00eate fonctionnaire a eu un infarctus de la myocarde&#8230;<\/p>\n\n\n\n<p>Je r\u00eave d&rsquo;un pr\u00e9sident qui inviterait les agriculteurs du sud du pays \u00e0 relancer l&rsquo;\u00e9levage des dromadaires, un \u00e9levage qui sauve l&rsquo;\u00e9conomie du Soudan, de la Mauritanie et de certains pays d&rsquo;Asie Centrale. Dans les ann\u00e9es 1930, les consommateurs mangeaient la viande des cam\u00e9lid\u00e9s.&nbsp;<\/p>\n\n\n\n<p>Je r\u00eave d&rsquo;un pr\u00e9sident qui casse les reins de certaines mafias avec, comme seul moyen, une vraie brigade fiscale: la solution de l&rsquo;ancien pr\u00e9sident am\u00e9ricain Franklin D. Roosevelt.<\/p>\n\n\n\n<p>Qui dira franchement aux dirigeants de l&rsquo;UGTT : <em>\u00abVous \u00eates un syndicat de fonctionnaires et de travailleurs et non pas un parti politique&#8230; Un peu d&rsquo;humilit\u00e9 SVP&nbsp;!\u00bb<\/em> Leur rappelera: <em>\u00abVotre choix \u00e9conomique des ann\u00e9es 1960 avec le collectivisme \u00e0 \u00e9t\u00e9 un \u00e9chec historique et, dans l&rsquo;affaire de la gr\u00e8ve des mineurs de phosphate de Gafsa de 2008, vous n&rsquo;\u00e9tiez pas \u00e0 la hauteur.\u00bb<\/em> Et leur demandera d&rsquo;arr\u00eater d&rsquo;organiser leurs r\u00e9unions dans les h\u00f4tels chics.<\/p>\n\n\n\n<p>Je r\u00eave d&rsquo;un pr\u00e9sident qui ouvrira le d\u00e9licat dossier des investissements \u00e9trangers perdus, depuis belle lurette, dans les m\u00e9andres de l&rsquo;administration&#8230; Un dossier explosif&#8230;&nbsp;<\/p>\n\n\n\n<p>Je r\u00eave d&rsquo;un pr\u00e9sident qui rendrait \u00e0 la ville de Tunis son rayonnement culturel international et arr\u00eatera cette <em>\u00abautochtonie\u00bb<\/em> culturelle moisie. Tunis qui avait accueilli Patrice Ch\u00e9reau, Yves Montand, Antony Perkins, Samuel Beckett, Michel Foucault, et j&rsquo;en passe, et des m\u00e9decins-chercheurs et des universitaires de renomm\u00e9e internationale qui y venaient pr\u00e9senter leurs derniers travaux. Un c\u00e9l\u00e8bre neurologue parisien, qui avait form\u00e9 de nombreux de ses coll\u00e8gues tunisiens, Pr Michel Arthuis, m&rsquo;a dit en 1990 : <em>\u00abJe n&rsquo;ai jamais fait payer les Tunisiens pour mes conf\u00e9rences, parce que j&rsquo;avais toujours \u00e9t\u00e9 bien accueilli\u00bb<\/em>.<\/p>\n\n\n\n<p>Qui r\u00e9tablira au plus vite les \u00e9changes universitaires de haut niveau \u2013 chers \u00e0 Habib Bourguiba et Mahmoud Messaadi \u2013 et bannis par Zine El-Abidine Ben Ali.<\/p>\n\n\n\n<p>Pourquoi la culture est-elle presque totalement absente \u00e0 Gafsa, \u00e0 Sidi Bouzid, \u00e0 Sbeitla: pas de th\u00e9\u00e2tre, pas de cin\u00e9ma, pas de conf\u00e9rences, aucune politique du livre, pas de club de musique&#8230;, le d\u00e9sert culturel avec toute son aridit\u00e9. Sachez-le, monsieur le pr\u00e9sident, <em>\u00abla culture est l&rsquo;\u00e2me de la d\u00e9mocratie\u00bb<\/em>, comme le disait l&rsquo;ancien Premier ministre fran\u00e7ais, Lionel Jospin.<\/p>\n\n\n\n<p>J&rsquo;ai le droit de r\u00eaver d&rsquo;un pr\u00e9sident esth\u00e8te qui r\u00e9habiliterait \u2013 quoi qu&rsquo;il en co\u00fbte \u2013 la vieille m\u00e9dina de Tunis et bien d&rsquo;autres comme celle de Kairouan.<\/p>\n\n\n\n<p>La Tunisie produisait des soieries, de la porcelaine fine de luxe, du lin de haute couture, des taffetas et des mousselines \u2013 aujourd&rsquo;hui \u00e0 200 \u20ac le m\u00e8tre carr\u00e9 \u00e0 Paris \u2013. Plus rien aujourd&rsquo;hui. Notre artisanat est d\u00e9solant. Nous avons <em>\u00abfolkloris\u00e9\u00bb <\/em>nos arts traditionnels. L&rsquo;artisanat de luxe rapporte \u00e0 la France plus que Airbus et les industries de l&rsquo;armement : 50 milliards d&rsquo;Euros&#8230;<\/p>\n\n\n\n<p>Je r\u00eave d&rsquo;un pr\u00e9sident qui a le courage de constater que notre haute administration est \u00e0 r\u00e9former de fonds en comble.<\/p>\n\n\n\n<p>Je r\u00eave d&rsquo;un pr\u00e9sident qui agit dans la diligence. Le temps politique n&rsquo;est jamais cl\u00e9ment avec les retardataires.<\/p>\n\n\n\n<p>Un pr\u00e9sident qui conna\u00eet l&rsquo;\u00e9conomie de performance et \u00e0 haute valeur ajout\u00e9e et non l&rsquo;\u00e9conomie de sous-traitance. L&rsquo;\u00e9conomie de performance est celle des start-up, de l&rsquo;a\u00e9ronautique, et m\u00eame de l&rsquo;agro-alimentaire haut de gamme.<\/p>\n\n\n\n<p>Nos entreprises publiques coulent&#8230; Pourquoi et comment&#8230;? La v\u00e9rit\u00e9 et rien que la v\u00e9rit\u00e9. Les audits devraient se faire avec le concours de comp\u00e9tences internationales ind\u00e9pendantes.<\/p>\n\n\n\n<p>Je r\u00eave qu&rsquo;un pr\u00e9sident invitant quelques familles au Palais de Carthage et leur offrant un bon d\u00eener, pour leur dire au dessert : <em>\u00abVous avez les m\u00eames monopoles commerciaux depuis l&rsquo;ind\u00e9pendance du pays\u2026 Ce soir, c&rsquo;est termin\u00e9.\u00bb<\/em><\/p>\n\n\n\n<p>Notre pays f\u00fbt l&rsquo;un des premiers au sud de la M\u00e9diterran\u00e9e \u00e0 fabriquer des puces et des circuits&nbsp; \u00e9lectroniques, c&rsquo;\u00e9tait dans les ann\u00e9es 1970 , bien avant la Chine et la Cor\u00e9e du Sud. La mauvaise gestion \u00e0 fait dispara\u00eetre les projets de la nouvelle technologie. <\/p>\n\n\n\n<p>Je r\u00eave encore d&rsquo;un pr\u00e9sident qui d\u00e9jeune et passe m\u00eame ses cong\u00e9s avec quelques journalistes tunisiens et \u00e9trangers pour avoir un autre son de cloche que celui de ses courtisans.<\/p>\n\n\n\n<p>Je r\u00eave d&rsquo;un vrai plan national de logements sociaux \u2013 souvent bloqu\u00e9 par certains promoteurs immobiliers \u2013 pour que des \u00e9l\u00e8ves de 8 ans ne marchent pas 5 \u00e0 10 kms \u00e0 pieds pour rejoindre leur \u00e9cole.<\/p>\n\n\n\n<p>La politique de l&rsquo;environnement, M. le pr\u00e9sident est inexistante en Tunisie&#8230; Que du bla-bla-bla.<\/p>\n\n\n\n<p>Je r\u00eave de ne plus avoir de tendinite au pied \u2013 c&rsquo;est tr\u00e8s douloureux \u2013 \u00e0 cause des trottoirs \u00e9ventr\u00e9s.<\/p>\n\n\n\n<p>Demandez aux Tunisiens s&rsquo;ils boivent l&rsquo;eau de robinet&#8230; M\u00eame les plus pauvres se serrent la ceinture pour l&rsquo;acheter en bouteille afin de pr\u00e9server leur sant\u00e9.<\/p>\n\n\n\n<p>Que je n&rsquo;oublie pas la 3e charge financi\u00e8re pour les familles de la classe moyenne, apr\u00e8s le logement et la nourriture, les cours particuliers \u2013 300 dinars mensuels, minimum, pour les \u00e9l\u00e8ves de l&rsquo;enseignement secondaires \u2013, encore un dossier explosif. Tr\u00e8s explosif surtout avec l&rsquo;UGTT. L&rsquo; enseignement public est presque privatis\u00e9.<\/p>\n\n\n\n<p>Pas besoin d&rsquo;\u00eatre savant ou voyant. Voil\u00e0 ce que <em>\u00abEchaab yourid\u00bb<\/em> (<em>\u00abLe peuple veut\u00bb<\/em>),&nbsp;pour emprunter le slogan de campagne \u00e9lectorale du pr\u00e9sident Ka\u00efs Sa\u00efed.<\/p>\n\n\n\n<p>Je r\u00eave encore que la parole se m\u00e9tamorphose en action.<\/p>\n\n\n\n<p>Les r\u00eaves du peuple sont modestes, tr\u00e8s modestes, ils n&rsquo;ont pas besoin de <em>business plan<\/em> et de technocrates.<\/p>\n\n\n\n<p>Mais, comme disait le situationniste Raoul Vaneigem : <em>\u00abLa voie vers la simplicit\u00e9 est la plus complexe\u00bb<\/em>.&nbsp;<\/p>\n\n\n\n<p>Le d\u00e9corum administratif et juridique de l&rsquo;Etat censure souvent ces petites r\u00eaveries populaires. Et c&rsquo;est l\u00e0 le vrai probl\u00e8me&#8230;<\/p>\n\n\n\n<p>Bonne nuit, M. le pr\u00e9sident, je dois dormir pour r\u00eaver encore.<\/p>\n\n\n\n<p>* <em>Ancien journaliste tunisien bas\u00e9 \u00e0 Paris.<\/em><\/p>\n\n\n\n<h4 class=\"wp-block-heading\"><em>Articles du m\u00eame auteur dans Kapitalis : <\/em><\/h4>\n\n\n\n<p><blockquote class=\"wp-embedded-content\" data-secret=\"9HNYdmdHuv\"><a href=\"https:\/\/kapitalis.com\/tunisie\/2021\/07\/26\/tunisie-le-vrai-message-des-jeunes-du-mouvement-du-25-juillet\/\">Tunisie : Le vrai message des jeunes du mouvement du 25-Juillet<\/a><\/blockquote><iframe loading=\"lazy\" class=\"wp-embedded-content\" sandbox=\"allow-scripts\" security=\"restricted\" style=\"position: absolute; clip: rect(1px, 1px, 1px, 1px);\" title=\"\u00ab\u00a0Tunisie : Le vrai message des jeunes du mouvement du 25-Juillet\u00a0\u00bb &#8212; Kapitalis\" src=\"https:\/\/kapitalis.com\/tunisie\/2021\/07\/26\/tunisie-le-vrai-message-des-jeunes-du-mouvement-du-25-juillet\/embed\/#?secret=ZQ7lKMTDBt#?secret=9HNYdmdHuv\" data-secret=\"9HNYdmdHuv\" width=\"600\" height=\"338\" frameborder=\"0\" marginwidth=\"0\" marginheight=\"0\" scrolling=\"no\"><\/iframe><\/p>\n\n\n\n<p><blockquote class=\"wp-embedded-content\" data-secret=\"DmOxx5lMqu\"><a href=\"https:\/\/kapitalis.com\/tunisie\/2021\/07\/15\/seule-une-vraie-democratie-pourrait-battre-les-islamistes\/\">Seule une vraie d\u00e9mocratie pourrait battre les islamistes<\/a><\/blockquote><iframe loading=\"lazy\" class=\"wp-embedded-content\" sandbox=\"allow-scripts\" security=\"restricted\" style=\"position: absolute; clip: rect(1px, 1px, 1px, 1px);\" title=\"\u00ab\u00a0Seule une vraie d\u00e9mocratie pourrait battre les islamistes\u00a0\u00bb &#8212; Kapitalis\" src=\"https:\/\/kapitalis.com\/tunisie\/2021\/07\/15\/seule-une-vraie-democratie-pourrait-battre-les-islamistes\/embed\/#?secret=M4Jrbg2fWb#?secret=DmOxx5lMqu\" data-secret=\"DmOxx5lMqu\" width=\"600\" height=\"338\" frameborder=\"0\" marginwidth=\"0\" marginheight=\"0\" scrolling=\"no\"><\/iframe><\/p>\n\n\n\n<p><blockquote class=\"wp-embedded-content\" data-secret=\"6WkBs9leMP\"><a href=\"https:\/\/kapitalis.com\/tunisie\/2021\/07\/14\/tunisie-au-dela-des-lamentations-nous-sommes-tous-responsables-du-gachis-actuel\/\">Tunisie : Au-del\u00e0 des lamentations, nous sommes tous responsables du g\u00e2chis actuel<\/a><\/blockquote><iframe loading=\"lazy\" class=\"wp-embedded-content\" sandbox=\"allow-scripts\" security=\"restricted\" style=\"position: absolute; clip: rect(1px, 1px, 1px, 1px);\" title=\"\u00ab\u00a0Tunisie : Au-del\u00e0 des lamentations, nous sommes tous responsables du g\u00e2chis actuel\u00a0\u00bb &#8212; Kapitalis\" src=\"https:\/\/kapitalis.com\/tunisie\/2021\/07\/14\/tunisie-au-dela-des-lamentations-nous-sommes-tous-responsables-du-gachis-actuel\/embed\/#?secret=dM5T9r1IfT#?secret=6WkBs9leMP\" data-secret=\"6WkBs9leMP\" width=\"600\" height=\"338\" frameborder=\"0\" marginwidth=\"0\" marginheight=\"0\" scrolling=\"no\"><\/iframe><\/p>\n","protected":false},"excerpt":{"rendered":"<p>A 67 ans, je continue de r\u00eaver, de me rebeller, de raconter des blagues, m\u00eame dans le box de la mort de la r\u00e9animation cardiologique, et d&rsquo;esp\u00e9rer, enfin, que ce pays ira mieux&#8230; Je r\u00eave encore qu&rsquo;un pr\u00e9sident pousse son peuple \u00e0 ne plus pleurnicher et \u00e0 se prendre en main. Ce serait d\u00e9j\u00e0 un&#8230;<\/p>\n","protected":false},"author":8,"featured_media":358346,"comment_status":"open","ping_status":"open","sticky":false,"template":"","format":"standard","meta":{"footnotes":""},"categories":[992,997,1000,2433],"tags":[2358,82041,79627,30514,936],"class_list":["post-358339","post","type-post","status-publish","format-standard","has-post-thumbnail","hentry","category-a-la-une","category-politique","category-tribune","category-tunisie","tag-habib-bourguiba","tag-helal-jelali","tag-kais-saied","tag-mahmoud-messadi","tag-ugtt"],"yoast_head":"<!-- This site is optimized with the Yoast SEO plugin v26.6 - https:\/\/yoast.com\/wordpress\/plugins\/seo\/ -->\n<title>J&#039;ai r\u00eav\u00e9 d&#039;un pr\u00e9sident pour la Tunisie - Kapitalis<\/title>\n<meta name=\"robots\" content=\"index, follow, max-snippet:-1, max-image-preview:large, max-video-preview:-1\" \/>\n<link rel=\"canonical\" href=\"https:\/\/kapitalis.com\/tunisie\/2021\/08\/04\/jai-reve-dun-president-pour-la-tunisie\/\" \/>\n<meta property=\"og:locale\" content=\"fr_FR\" \/>\n<meta property=\"og:type\" content=\"article\" \/>\n<meta property=\"og:title\" content=\"J&#039;ai r\u00eav\u00e9 d&#039;un pr\u00e9sident pour la Tunisie - Kapitalis\" \/>\n<meta property=\"og:description\" content=\"A 67 ans, je continue de r\u00eaver, de me rebeller, de raconter des blagues, m\u00eame dans le box de la mort de la r\u00e9animation cardiologique, et d&rsquo;esp\u00e9rer, enfin, que ce pays ira mieux&#8230; Je r\u00eave encore qu&rsquo;un pr\u00e9sident pousse son peuple \u00e0 ne plus pleurnicher et \u00e0 se prendre en main. Ce serait d\u00e9j\u00e0 un...\" \/>\n<meta property=\"og:url\" content=\"https:\/\/kapitalis.com\/tunisie\/2021\/08\/04\/jai-reve-dun-president-pour-la-tunisie\/\" \/>\n<meta property=\"og:site_name\" content=\"Kapitalis\" \/>\n<meta property=\"article:publisher\" content=\"https:\/\/www.facebook.com\/KapitalisInfo\/\" \/>\n<meta property=\"article:published_time\" content=\"2021-08-04T10:09:28+00:00\" \/>\n<meta property=\"article:modified_time\" content=\"2021-08-04T10:23:37+00:00\" \/>\n<meta property=\"og:image\" content=\"https:\/\/kapitalis.com\/tunisie\/wp-content\/uploads\/2022\/05\/kapitalis-logo-fb.png\" \/>\n\t<meta property=\"og:image:width\" content=\"1200\" \/>\n\t<meta property=\"og:image:height\" content=\"630\" \/>\n\t<meta property=\"og:image:type\" content=\"image\/png\" \/>\n<meta name=\"author\" content=\"webmaster kapitalis\" \/>\n<meta name=\"twitter:card\" content=\"summary_large_image\" \/>\n<meta name=\"twitter:creator\" content=\"@KapitalisInfo\" \/>\n<meta name=\"twitter:site\" content=\"@KapitalisInfo\" \/>\n<meta name=\"twitter:label1\" content=\"\u00c9crit par\" \/>\n\t<meta name=\"twitter:data1\" content=\"webmaster kapitalis\" \/>\n\t<meta name=\"twitter:label2\" content=\"Dur\u00e9e de lecture estim\u00e9e\" \/>\n\t<meta name=\"twitter:data2\" content=\"8 minutes\" \/>\n<script type=\"application\/ld+json\" class=\"yoast-schema-graph\">{\"@context\":\"https:\/\/schema.org\",\"@graph\":[{\"@type\":\"Article\",\"@id\":\"https:\/\/kapitalis.com\/tunisie\/2021\/08\/04\/jai-reve-dun-president-pour-la-tunisie\/#article\",\"isPartOf\":{\"@id\":\"https:\/\/kapitalis.com\/tunisie\/2021\/08\/04\/jai-reve-dun-president-pour-la-tunisie\/\"},\"author\":{\"name\":\"webmaster kapitalis\",\"@id\":\"https:\/\/kapitalis.com\/tunisie\/#\/schema\/person\/d71f33a9ca44f7bad4698210b480c8e9\"},\"headline\":\"J&rsquo;ai r\u00eav\u00e9 d&rsquo;un pr\u00e9sident pour la Tunisie\",\"datePublished\":\"2021-08-04T10:09:28+00:00\",\"dateModified\":\"2021-08-04T10:23:37+00:00\",\"mainEntityOfPage\":{\"@id\":\"https:\/\/kapitalis.com\/tunisie\/2021\/08\/04\/jai-reve-dun-president-pour-la-tunisie\/\"},\"wordCount\":1513,\"commentCount\":9,\"publisher\":{\"@id\":\"https:\/\/kapitalis.com\/tunisie\/#organization\"},\"image\":{\"@id\":\"https:\/\/kapitalis.com\/tunisie\/2021\/08\/04\/jai-reve-dun-president-pour-la-tunisie\/#primaryimage\"},\"thumbnailUrl\":\"\",\"keywords\":[\"Habib Bourguiba\",\"Helal Jelali\",\"\u064fKa\u00efs Sa\u00efed\",\"Mahmoud Messadi\",\"UGTT\"],\"articleSection\":[\"A LA UNE\",\"POLITIQUE\",\"TRIBUNE\",\"Tunisie\"],\"inLanguage\":\"fr-FR\",\"potentialAction\":[{\"@type\":\"CommentAction\",\"name\":\"Comment\",\"target\":[\"https:\/\/kapitalis.com\/tunisie\/2021\/08\/04\/jai-reve-dun-president-pour-la-tunisie\/#respond\"]}]},{\"@type\":\"WebPage\",\"@id\":\"https:\/\/kapitalis.com\/tunisie\/2021\/08\/04\/jai-reve-dun-president-pour-la-tunisie\/\",\"url\":\"https:\/\/kapitalis.com\/tunisie\/2021\/08\/04\/jai-reve-dun-president-pour-la-tunisie\/\",\"name\":\"J'ai r\u00eav\u00e9 d'un pr\u00e9sident pour la Tunisie - Kapitalis\",\"isPartOf\":{\"@id\":\"https:\/\/kapitalis.com\/tunisie\/#website\"},\"primaryImageOfPage\":{\"@id\":\"https:\/\/kapitalis.com\/tunisie\/2021\/08\/04\/jai-reve-dun-president-pour-la-tunisie\/#primaryimage\"},\"image\":{\"@id\":\"https:\/\/kapitalis.com\/tunisie\/2021\/08\/04\/jai-reve-dun-president-pour-la-tunisie\/#primaryimage\"},\"thumbnailUrl\":\"\",\"datePublished\":\"2021-08-04T10:09:28+00:00\",\"dateModified\":\"2021-08-04T10:23:37+00:00\",\"breadcrumb\":{\"@id\":\"https:\/\/kapitalis.com\/tunisie\/2021\/08\/04\/jai-reve-dun-president-pour-la-tunisie\/#breadcrumb\"},\"inLanguage\":\"fr-FR\",\"potentialAction\":[{\"@type\":\"ReadAction\",\"target\":[\"https:\/\/kapitalis.com\/tunisie\/2021\/08\/04\/jai-reve-dun-president-pour-la-tunisie\/\"]}]},{\"@type\":\"ImageObject\",\"inLanguage\":\"fr-FR\",\"@id\":\"https:\/\/kapitalis.com\/tunisie\/2021\/08\/04\/jai-reve-dun-president-pour-la-tunisie\/#primaryimage\",\"url\":\"\",\"contentUrl\":\"\"},{\"@type\":\"BreadcrumbList\",\"@id\":\"https:\/\/kapitalis.com\/tunisie\/2021\/08\/04\/jai-reve-dun-president-pour-la-tunisie\/#breadcrumb\",\"itemListElement\":[{\"@type\":\"ListItem\",\"position\":1,\"name\":\"Accueil\",\"item\":\"https:\/\/kapitalis.com\/tunisie\/\"},{\"@type\":\"ListItem\",\"position\":2,\"name\":\"J&rsquo;ai r\u00eav\u00e9 d&rsquo;un pr\u00e9sident pour la Tunisie\"}]},{\"@type\":\"WebSite\",\"@id\":\"https:\/\/kapitalis.com\/tunisie\/#website\",\"url\":\"https:\/\/kapitalis.com\/tunisie\/\",\"name\":\"Kapitalis\",\"description\":\"L&#039;actualit\u00e9 en Tunisie et dans le monde\",\"publisher\":{\"@id\":\"https:\/\/kapitalis.com\/tunisie\/#organization\"},\"potentialAction\":[{\"@type\":\"SearchAction\",\"target\":{\"@type\":\"EntryPoint\",\"urlTemplate\":\"https:\/\/kapitalis.com\/tunisie\/?s={search_term_string}\"},\"query-input\":{\"@type\":\"PropertyValueSpecification\",\"valueRequired\":true,\"valueName\":\"search_term_string\"}}],\"inLanguage\":\"fr-FR\"},{\"@type\":\"Organization\",\"@id\":\"https:\/\/kapitalis.com\/tunisie\/#organization\",\"name\":\"Kapitalis\",\"url\":\"https:\/\/kapitalis.com\/tunisie\/\",\"logo\":{\"@type\":\"ImageObject\",\"inLanguage\":\"fr-FR\",\"@id\":\"https:\/\/kapitalis.com\/tunisie\/#\/schema\/logo\/image\/\",\"url\":\"https:\/\/kapitalis.com\/tunisie\/wp-content\/uploads\/2022\/05\/Kapitalis-big-size.png\",\"contentUrl\":\"https:\/\/kapitalis.com\/tunisie\/wp-content\/uploads\/2022\/05\/Kapitalis-big-size.png\",\"width\":5000,\"height\":1500,\"caption\":\"Kapitalis\"},\"image\":{\"@id\":\"https:\/\/kapitalis.com\/tunisie\/#\/schema\/logo\/image\/\"},\"sameAs\":[\"https:\/\/www.facebook.com\/KapitalisInfo\/\",\"https:\/\/x.com\/KapitalisInfo\",\"https:\/\/www.youtube.com\/channel\/UC-yDYrHyfFBWWZaOw3FPg9Q\"]},{\"@type\":\"Person\",\"@id\":\"https:\/\/kapitalis.com\/tunisie\/#\/schema\/person\/d71f33a9ca44f7bad4698210b480c8e9\",\"name\":\"webmaster kapitalis\",\"url\":\"https:\/\/kapitalis.com\/tunisie\/author\/webmaster-kapitalis\/\"}]}<\/script>\n<!-- \/ Yoast SEO plugin. -->","yoast_head_json":{"title":"J'ai r\u00eav\u00e9 d'un pr\u00e9sident pour la Tunisie - Kapitalis","robots":{"index":"index","follow":"follow","max-snippet":"max-snippet:-1","max-image-preview":"max-image-preview:large","max-video-preview":"max-video-preview:-1"},"canonical":"https:\/\/kapitalis.com\/tunisie\/2021\/08\/04\/jai-reve-dun-president-pour-la-tunisie\/","og_locale":"fr_FR","og_type":"article","og_title":"J'ai r\u00eav\u00e9 d'un pr\u00e9sident pour la Tunisie - Kapitalis","og_description":"A 67 ans, je continue de r\u00eaver, de me rebeller, de raconter des blagues, m\u00eame dans le box de la mort de la r\u00e9animation cardiologique, et d&rsquo;esp\u00e9rer, enfin, que ce pays ira mieux&#8230; Je r\u00eave encore qu&rsquo;un pr\u00e9sident pousse son peuple \u00e0 ne plus pleurnicher et \u00e0 se prendre en main. Ce serait d\u00e9j\u00e0 un...","og_url":"https:\/\/kapitalis.com\/tunisie\/2021\/08\/04\/jai-reve-dun-president-pour-la-tunisie\/","og_site_name":"Kapitalis","article_publisher":"https:\/\/www.facebook.com\/KapitalisInfo\/","article_published_time":"2021-08-04T10:09:28+00:00","article_modified_time":"2021-08-04T10:23:37+00:00","og_image":[{"width":1200,"height":630,"url":"https:\/\/kapitalis.com\/tunisie\/wp-content\/uploads\/2022\/05\/kapitalis-logo-fb.png","type":"image\/png"}],"author":"webmaster kapitalis","twitter_card":"summary_large_image","twitter_creator":"@KapitalisInfo","twitter_site":"@KapitalisInfo","twitter_misc":{"\u00c9crit par":"webmaster kapitalis","Dur\u00e9e de lecture estim\u00e9e":"8 minutes"},"schema":{"@context":"https:\/\/schema.org","@graph":[{"@type":"Article","@id":"https:\/\/kapitalis.com\/tunisie\/2021\/08\/04\/jai-reve-dun-president-pour-la-tunisie\/#article","isPartOf":{"@id":"https:\/\/kapitalis.com\/tunisie\/2021\/08\/04\/jai-reve-dun-president-pour-la-tunisie\/"},"author":{"name":"webmaster kapitalis","@id":"https:\/\/kapitalis.com\/tunisie\/#\/schema\/person\/d71f33a9ca44f7bad4698210b480c8e9"},"headline":"J&rsquo;ai r\u00eav\u00e9 d&rsquo;un pr\u00e9sident pour la Tunisie","datePublished":"2021-08-04T10:09:28+00:00","dateModified":"2021-08-04T10:23:37+00:00","mainEntityOfPage":{"@id":"https:\/\/kapitalis.com\/tunisie\/2021\/08\/04\/jai-reve-dun-president-pour-la-tunisie\/"},"wordCount":1513,"commentCount":9,"publisher":{"@id":"https:\/\/kapitalis.com\/tunisie\/#organization"},"image":{"@id":"https:\/\/kapitalis.com\/tunisie\/2021\/08\/04\/jai-reve-dun-president-pour-la-tunisie\/#primaryimage"},"thumbnailUrl":"","keywords":["Habib Bourguiba","Helal Jelali","\u064fKa\u00efs Sa\u00efed","Mahmoud Messadi","UGTT"],"articleSection":["A LA UNE","POLITIQUE","TRIBUNE","Tunisie"],"inLanguage":"fr-FR","potentialAction":[{"@type":"CommentAction","name":"Comment","target":["https:\/\/kapitalis.com\/tunisie\/2021\/08\/04\/jai-reve-dun-president-pour-la-tunisie\/#respond"]}]},{"@type":"WebPage","@id":"https:\/\/kapitalis.com\/tunisie\/2021\/08\/04\/jai-reve-dun-president-pour-la-tunisie\/","url":"https:\/\/kapitalis.com\/tunisie\/2021\/08\/04\/jai-reve-dun-president-pour-la-tunisie\/","name":"J'ai r\u00eav\u00e9 d'un pr\u00e9sident pour la Tunisie - Kapitalis","isPartOf":{"@id":"https:\/\/kapitalis.com\/tunisie\/#website"},"primaryImageOfPage":{"@id":"https:\/\/kapitalis.com\/tunisie\/2021\/08\/04\/jai-reve-dun-president-pour-la-tunisie\/#primaryimage"},"image":{"@id":"https:\/\/kapitalis.com\/tunisie\/2021\/08\/04\/jai-reve-dun-president-pour-la-tunisie\/#primaryimage"},"thumbnailUrl":"","datePublished":"2021-08-04T10:09:28+00:00","dateModified":"2021-08-04T10:23:37+00:00","breadcrumb":{"@id":"https:\/\/kapitalis.com\/tunisie\/2021\/08\/04\/jai-reve-dun-president-pour-la-tunisie\/#breadcrumb"},"inLanguage":"fr-FR","potentialAction":[{"@type":"ReadAction","target":["https:\/\/kapitalis.com\/tunisie\/2021\/08\/04\/jai-reve-dun-president-pour-la-tunisie\/"]}]},{"@type":"ImageObject","inLanguage":"fr-FR","@id":"https:\/\/kapitalis.com\/tunisie\/2021\/08\/04\/jai-reve-dun-president-pour-la-tunisie\/#primaryimage","url":"","contentUrl":""},{"@type":"BreadcrumbList","@id":"https:\/\/kapitalis.com\/tunisie\/2021\/08\/04\/jai-reve-dun-president-pour-la-tunisie\/#breadcrumb","itemListElement":[{"@type":"ListItem","position":1,"name":"Accueil","item":"https:\/\/kapitalis.com\/tunisie\/"},{"@type":"ListItem","position":2,"name":"J&rsquo;ai r\u00eav\u00e9 d&rsquo;un pr\u00e9sident pour la Tunisie"}]},{"@type":"WebSite","@id":"https:\/\/kapitalis.com\/tunisie\/#website","url":"https:\/\/kapitalis.com\/tunisie\/","name":"Kapitalis","description":"L&#039;actualit\u00e9 en Tunisie et dans le monde","publisher":{"@id":"https:\/\/kapitalis.com\/tunisie\/#organization"},"potentialAction":[{"@type":"SearchAction","target":{"@type":"EntryPoint","urlTemplate":"https:\/\/kapitalis.com\/tunisie\/?s={search_term_string}"},"query-input":{"@type":"PropertyValueSpecification","valueRequired":true,"valueName":"search_term_string"}}],"inLanguage":"fr-FR"},{"@type":"Organization","@id":"https:\/\/kapitalis.com\/tunisie\/#organization","name":"Kapitalis","url":"https:\/\/kapitalis.com\/tunisie\/","logo":{"@type":"ImageObject","inLanguage":"fr-FR","@id":"https:\/\/kapitalis.com\/tunisie\/#\/schema\/logo\/image\/","url":"https:\/\/kapitalis.com\/tunisie\/wp-content\/uploads\/2022\/05\/Kapitalis-big-size.png","contentUrl":"https:\/\/kapitalis.com\/tunisie\/wp-content\/uploads\/2022\/05\/Kapitalis-big-size.png","width":5000,"height":1500,"caption":"Kapitalis"},"image":{"@id":"https:\/\/kapitalis.com\/tunisie\/#\/schema\/logo\/image\/"},"sameAs":["https:\/\/www.facebook.com\/KapitalisInfo\/","https:\/\/x.com\/KapitalisInfo","https:\/\/www.youtube.com\/channel\/UC-yDYrHyfFBWWZaOw3FPg9Q"]},{"@type":"Person","@id":"https:\/\/kapitalis.com\/tunisie\/#\/schema\/person\/d71f33a9ca44f7bad4698210b480c8e9","name":"webmaster kapitalis","url":"https:\/\/kapitalis.com\/tunisie\/author\/webmaster-kapitalis\/"}]}},"_links":{"self":[{"href":"https:\/\/kapitalis.com\/tunisie\/wp-json\/wp\/v2\/posts\/358339","targetHints":{"allow":["GET"]}}],"collection":[{"href":"https:\/\/kapitalis.com\/tunisie\/wp-json\/wp\/v2\/posts"}],"about":[{"href":"https:\/\/kapitalis.com\/tunisie\/wp-json\/wp\/v2\/types\/post"}],"author":[{"embeddable":true,"href":"https:\/\/kapitalis.com\/tunisie\/wp-json\/wp\/v2\/users\/8"}],"replies":[{"embeddable":true,"href":"https:\/\/kapitalis.com\/tunisie\/wp-json\/wp\/v2\/comments?post=358339"}],"version-history":[{"count":0,"href":"https:\/\/kapitalis.com\/tunisie\/wp-json\/wp\/v2\/posts\/358339\/revisions"}],"wp:featuredmedia":[{"embeddable":true,"href":"https:\/\/kapitalis.com\/tunisie\/wp-json\/wp\/v2\/media\/358346"}],"wp:attachment":[{"href":"https:\/\/kapitalis.com\/tunisie\/wp-json\/wp\/v2\/media?parent=358339"}],"wp:term":[{"taxonomy":"category","embeddable":true,"href":"https:\/\/kapitalis.com\/tunisie\/wp-json\/wp\/v2\/categories?post=358339"},{"taxonomy":"post_tag","embeddable":true,"href":"https:\/\/kapitalis.com\/tunisie\/wp-json\/wp\/v2\/tags?post=358339"}],"curies":[{"name":"wp","href":"https:\/\/api.w.org\/{rel}","templated":true}]}}