{"id":358388,"date":"2021-08-04T16:04:51","date_gmt":"2021-08-04T15:04:51","guid":{"rendered":"http:\/\/kapitalis.com\/tunisie\/?p=358388"},"modified":"2021-08-04T16:09:27","modified_gmt":"2021-08-04T15:09:27","slug":"tunisie-mekki-prevoit-la-fin-du-parlement-et-affirme-que-pres-de-100-deputes-sont-prets-a-demissionner","status":"publish","type":"post","link":"https:\/\/kapitalis.com\/tunisie\/2021\/08\/04\/tunisie-mekki-prevoit-la-fin-du-parlement-et-affirme-que-pres-de-100-deputes-sont-prets-a-demissionner\/","title":{"rendered":"Tunisie : Mekki pr\u00e9voit la fin du parlement et affirme que pr\u00e8s de 100 d\u00e9put\u00e9s sont pr\u00eats \u00e0 d\u00e9missionner"},"content":{"rendered":"\n<div class=\"wp-block-image\"><figure class=\"aligncenter size-large\"><img decoding=\"async\" src=\"http:\/\/kapitalis.com\/tunisie\/wp-content\/uploads\/2021\/03\/Haykel-Mekki.jpg\" alt=\"\" class=\"wp-image-339228\"\/><\/figure><\/div>\n\n\n\n<p><strong><em>Le d\u00e9put\u00e9 du mouvement Echa\u00e2b Haykel Mekki estime que l&rsquo;actuel parlement est termin\u00e9,en affirmant que pr\u00e8s de 100 d\u00e9put\u00e9s ont, par ailleurs, exprim\u00e9 leur intention de d\u00e9missionner<\/em><\/strong> : <strong><em> \u00abCe qui conduira automatiquement \u00e0 la dissolution de l&rsquo;Assembl\u00e9e\u00bb<\/em><\/strong><\/p>\n\n\n\n<!--more-->\n\n\n\n<p>\u00ab<em>Il n\u2019y aura plus de parlement avec la composition actuelle et le peuple ne permettra pas son retour, ni celui de son pr\u00e9sident Rached Ghanouchi<\/em>, ni encore les loi qui y sont vot\u00e9es en faveur des corrompus et des terroristes, <em>faisant fi du peuple<\/em>\u00bb, a-t-il dit dans une d\u00e9claration, ce sur Shems FM, en ajoutant : \u00ab<em>Aujourd&rsquo;hui l\u2019\u00c9tat de droit a gagn\u00e9 contre les Fr\u00e8res musulmans et nous soutenons le mouvement du 25 juillet, car nous voulons avancer et faire avancer le pays\u00bb.<\/em><\/p>\n\n\n\n<p>Le d\u00e9put\u00e9 et pr\u00e9sident de la commission des Finances a ajout\u00e9 que la justice est d\u00e9sormais dispos\u00e9e \u00e0 prendre les mesures n\u00e9cessaires contre les gouvernants qui sont poursuivis dans des affaires de corruptions financi\u00e8res et d&rsquo;escroqueries entre autres abus.<\/p>\n\n\n\n<p><em>\u00abLa machine de Noureddine Bhiri a bloqu\u00e9 certains juges, aujourd&rsquo;hui, ils peuvent prendre leur ind\u00e9pendance pour assurer celle de la justice\u00bb,<\/em> a-t-il encore ajout\u00e9, en affirmant que des magistrats devront eux aussi r\u00e9pondre de leurs faits devant la justice.<\/p>\n\n\n\n<p>Haykel Mekki a \u00e9galement r\u00e9affirm\u00e9 son soutien aux d\u00e9cisions du pr\u00e9sident de la r\u00e9publique en affirmant qu&rsquo;elles viennent en r\u00e9ponse aux revendications du peuple tunisien et de la jeunesse qui a attendu des ann\u00e9es durant, que l&rsquo;on mette fin au r\u00e9gime des Fr\u00e8res musulmans en Tunisie, et de conclure : \u00ab<em>Quant \u00e0 ceux qui ont eu recours aux forces \u00e9trang\u00e8res, je rejoint l&rsquo;UGTT qui a d\u00e9nonc\u00e9 le comportement de dirigeants Ennahdha, dont certains ont \u00e9t\u00e9 jusqu&rsquo;\u00e0 demander de bloquer les aides \u00e0 la Tunisie et au peuple&#8230;, c&rsquo;est de la pure trahison !<\/em>\u00bb.<\/p>\n\n\n\n<p class=\"has-text-align-right\"><strong>Y. N.<\/strong><\/p>\n","protected":false},"excerpt":{"rendered":"<p>Le d\u00e9put\u00e9 du mouvement Echa\u00e2b Haykel Mekki estime que l&rsquo;actuel parlement est termin\u00e9,en affirmant que pr\u00e8s de 100 d\u00e9put\u00e9s ont, par ailleurs, exprim\u00e9 leur intention de d\u00e9missionner : \u00abCe qui conduira automatiquement \u00e0 la dissolution de l&rsquo;Assembl\u00e9e\u00bb<\/p>\n","protected":false},"author":6,"featured_media":0,"comment_status":"open","ping_status":"open","sticky":false,"template":"","format":"standard","meta":{"footnotes":""},"categories":[997,2433],"tags":[84,2036,3668,49543,413,78262,5848,87935,62643],"class_list":["post-358388","post","type-post","status-publish","format-standard","hentry","category-politique","category-tunisie","tag-arp","tag-demission","tag-deputes","tag-ennahdha","tag-ghannouchi","tag-haykel-mekki","tag-parlement","tag-saied-2","tag-tunisie"],"yoast_head":"<!-- This site is optimized with the Yoast SEO plugin v26.6 - https:\/\/yoast.com\/wordpress\/plugins\/seo\/ -->\n<title>Tunisie : Mekki pr\u00e9voit la fin du parlement et affirme que pr\u00e8s de 100 d\u00e9put\u00e9s sont pr\u00eats \u00e0 d\u00e9missionner - Kapitalis<\/title>\n<meta name=\"robots\" content=\"index, follow, max-snippet:-1, max-image-preview:large, max-video-preview:-1\" \/>\n<link rel=\"canonical\" href=\"https:\/\/kapitalis.com\/tunisie\/2021\/08\/04\/tunisie-mekki-prevoit-la-fin-du-parlement-et-affirme-que-pres-de-100-deputes-sont-prets-a-demissionner\/\" \/>\n<meta property=\"og:locale\" content=\"fr_FR\" \/>\n<meta property=\"og:type\" content=\"article\" \/>\n<meta property=\"og:title\" content=\"Tunisie : Mekki pr\u00e9voit la fin du parlement et affirme que pr\u00e8s de 100 d\u00e9put\u00e9s sont pr\u00eats \u00e0 d\u00e9missionner - Kapitalis\" \/>\n<meta property=\"og:description\" content=\"Le d\u00e9put\u00e9 du mouvement Echa\u00e2b Haykel Mekki estime que l&rsquo;actuel parlement est termin\u00e9,en affirmant que pr\u00e8s de 100 d\u00e9put\u00e9s ont, par ailleurs, exprim\u00e9 leur intention de d\u00e9missionner : \u00abCe qui conduira automatiquement \u00e0 la dissolution de l&rsquo;Assembl\u00e9e\u00bb\" \/>\n<meta property=\"og:url\" content=\"https:\/\/kapitalis.com\/tunisie\/2021\/08\/04\/tunisie-mekki-prevoit-la-fin-du-parlement-et-affirme-que-pres-de-100-deputes-sont-prets-a-demissionner\/\" \/>\n<meta property=\"og:site_name\" content=\"Kapitalis\" \/>\n<meta property=\"article:publisher\" content=\"https:\/\/www.facebook.com\/KapitalisInfo\/\" \/>\n<meta property=\"article:published_time\" content=\"2021-08-04T15:04:51+00:00\" \/>\n<meta property=\"article:modified_time\" content=\"2021-08-04T15:09:27+00:00\" \/>\n<meta property=\"og:image\" content=\"http:\/\/kapitalis.com\/tunisie\/wp-content\/uploads\/2021\/03\/Haykel-Mekki.jpg\" \/>\n<meta name=\"author\" content=\"Yusra NY\" \/>\n<meta name=\"twitter:card\" content=\"summary_large_image\" \/>\n<meta name=\"twitter:creator\" content=\"@KapitalisInfo\" \/>\n<meta name=\"twitter:site\" content=\"@KapitalisInfo\" \/>\n<meta name=\"twitter:label1\" content=\"\u00c9crit par\" \/>\n\t<meta name=\"twitter:data1\" content=\"Yusra NY\" \/>\n\t<meta name=\"twitter:label2\" content=\"Dur\u00e9e de lecture estim\u00e9e\" \/>\n\t<meta name=\"twitter:data2\" content=\"2 minutes\" \/>\n<script type=\"application\/ld+json\" class=\"yoast-schema-graph\">{\"@context\":\"https:\/\/schema.org\",\"@graph\":[{\"@type\":\"Article\",\"@id\":\"https:\/\/kapitalis.com\/tunisie\/2021\/08\/04\/tunisie-mekki-prevoit-la-fin-du-parlement-et-affirme-que-pres-de-100-deputes-sont-prets-a-demissionner\/#article\",\"isPartOf\":{\"@id\":\"https:\/\/kapitalis.com\/tunisie\/2021\/08\/04\/tunisie-mekki-prevoit-la-fin-du-parlement-et-affirme-que-pres-de-100-deputes-sont-prets-a-demissionner\/\"},\"author\":{\"name\":\"Yusra NY\",\"@id\":\"https:\/\/kapitalis.com\/tunisie\/#\/schema\/person\/74bbde0154d49d790a92aaeac5bc01d5\"},\"headline\":\"Tunisie : Mekki pr\u00e9voit la fin du parlement et affirme que pr\u00e8s de 100 d\u00e9put\u00e9s sont pr\u00eats \u00e0 d\u00e9missionner\",\"datePublished\":\"2021-08-04T15:04:51+00:00\",\"dateModified\":\"2021-08-04T15:09:27+00:00\",\"mainEntityOfPage\":{\"@id\":\"https:\/\/kapitalis.com\/tunisie\/2021\/08\/04\/tunisie-mekki-prevoit-la-fin-du-parlement-et-affirme-que-pres-de-100-deputes-sont-prets-a-demissionner\/\"},\"wordCount\":337,\"commentCount\":1,\"publisher\":{\"@id\":\"https:\/\/kapitalis.com\/tunisie\/#organization\"},\"image\":{\"@id\":\"https:\/\/kapitalis.com\/tunisie\/2021\/08\/04\/tunisie-mekki-prevoit-la-fin-du-parlement-et-affirme-que-pres-de-100-deputes-sont-prets-a-demissionner\/#primaryimage\"},\"thumbnailUrl\":\"http:\/\/kapitalis.com\/tunisie\/wp-content\/uploads\/2021\/03\/Haykel-Mekki.jpg\",\"keywords\":[\"ARP\",\"d\u00e9mission\",\"d\u00e9put\u00e9s\",\"Ennahdha\",\"ghannouchi\",\"Haykel Mekki\",\"parlement\",\"Sa\u00efed\",\"Tunisie\"],\"articleSection\":[\"POLITIQUE\",\"Tunisie\"],\"inLanguage\":\"fr-FR\",\"potentialAction\":[{\"@type\":\"CommentAction\",\"name\":\"Comment\",\"target\":[\"https:\/\/kapitalis.com\/tunisie\/2021\/08\/04\/tunisie-mekki-prevoit-la-fin-du-parlement-et-affirme-que-pres-de-100-deputes-sont-prets-a-demissionner\/#respond\"]}]},{\"@type\":\"WebPage\",\"@id\":\"https:\/\/kapitalis.com\/tunisie\/2021\/08\/04\/tunisie-mekki-prevoit-la-fin-du-parlement-et-affirme-que-pres-de-100-deputes-sont-prets-a-demissionner\/\",\"url\":\"https:\/\/kapitalis.com\/tunisie\/2021\/08\/04\/tunisie-mekki-prevoit-la-fin-du-parlement-et-affirme-que-pres-de-100-deputes-sont-prets-a-demissionner\/\",\"name\":\"Tunisie : Mekki pr\u00e9voit la fin du parlement et affirme que pr\u00e8s de 100 d\u00e9put\u00e9s sont pr\u00eats \u00e0 d\u00e9missionner - Kapitalis\",\"isPartOf\":{\"@id\":\"https:\/\/kapitalis.com\/tunisie\/#website\"},\"primaryImageOfPage\":{\"@id\":\"https:\/\/kapitalis.com\/tunisie\/2021\/08\/04\/tunisie-mekki-prevoit-la-fin-du-parlement-et-affirme-que-pres-de-100-deputes-sont-prets-a-demissionner\/#primaryimage\"},\"image\":{\"@id\":\"https:\/\/kapitalis.com\/tunisie\/2021\/08\/04\/tunisie-mekki-prevoit-la-fin-du-parlement-et-affirme-que-pres-de-100-deputes-sont-prets-a-demissionner\/#primaryimage\"},\"thumbnailUrl\":\"http:\/\/kapitalis.com\/tunisie\/wp-content\/uploads\/2021\/03\/Haykel-Mekki.jpg\",\"datePublished\":\"2021-08-04T15:04:51+00:00\",\"dateModified\":\"2021-08-04T15:09:27+00:00\",\"breadcrumb\":{\"@id\":\"https:\/\/kapitalis.com\/tunisie\/2021\/08\/04\/tunisie-mekki-prevoit-la-fin-du-parlement-et-affirme-que-pres-de-100-deputes-sont-prets-a-demissionner\/#breadcrumb\"},\"inLanguage\":\"fr-FR\",\"potentialAction\":[{\"@type\":\"ReadAction\",\"target\":[\"https:\/\/kapitalis.com\/tunisie\/2021\/08\/04\/tunisie-mekki-prevoit-la-fin-du-parlement-et-affirme-que-pres-de-100-deputes-sont-prets-a-demissionner\/\"]}]},{\"@type\":\"ImageObject\",\"inLanguage\":\"fr-FR\",\"@id\":\"https:\/\/kapitalis.com\/tunisie\/2021\/08\/04\/tunisie-mekki-prevoit-la-fin-du-parlement-et-affirme-que-pres-de-100-deputes-sont-prets-a-demissionner\/#primaryimage\",\"url\":\"\",\"contentUrl\":\"\"},{\"@type\":\"BreadcrumbList\",\"@id\":\"https:\/\/kapitalis.com\/tunisie\/2021\/08\/04\/tunisie-mekki-prevoit-la-fin-du-parlement-et-affirme-que-pres-de-100-deputes-sont-prets-a-demissionner\/#breadcrumb\",\"itemListElement\":[{\"@type\":\"ListItem\",\"position\":1,\"name\":\"Accueil\",\"item\":\"https:\/\/kapitalis.com\/tunisie\/\"},{\"@type\":\"ListItem\",\"position\":2,\"name\":\"Tunisie : Mekki pr\u00e9voit la fin du parlement et affirme que pr\u00e8s de 100 d\u00e9put\u00e9s sont pr\u00eats \u00e0 d\u00e9missionner\"}]},{\"@type\":\"WebSite\",\"@id\":\"https:\/\/kapitalis.com\/tunisie\/#website\",\"url\":\"https:\/\/kapitalis.com\/tunisie\/\",\"name\":\"Kapitalis\",\"description\":\"L&#039;actualit\u00e9 en Tunisie et dans le monde\",\"publisher\":{\"@id\":\"https:\/\/kapitalis.com\/tunisie\/#organization\"},\"potentialAction\":[{\"@type\":\"SearchAction\",\"target\":{\"@type\":\"EntryPoint\",\"urlTemplate\":\"https:\/\/kapitalis.com\/tunisie\/?s={search_term_string}\"},\"query-input\":{\"@type\":\"PropertyValueSpecification\",\"valueRequired\":true,\"valueName\":\"search_term_string\"}}],\"inLanguage\":\"fr-FR\"},{\"@type\":\"Organization\",\"@id\":\"https:\/\/kapitalis.com\/tunisie\/#organization\",\"name\":\"Kapitalis\",\"url\":\"https:\/\/kapitalis.com\/tunisie\/\",\"logo\":{\"@type\":\"ImageObject\",\"inLanguage\":\"fr-FR\",\"@id\":\"https:\/\/kapitalis.com\/tunisie\/#\/schema\/logo\/image\/\",\"url\":\"https:\/\/kapitalis.com\/tunisie\/wp-content\/uploads\/2022\/05\/Kapitalis-big-size.png\",\"contentUrl\":\"https:\/\/kapitalis.com\/tunisie\/wp-content\/uploads\/2022\/05\/Kapitalis-big-size.png\",\"width\":5000,\"height\":1500,\"caption\":\"Kapitalis\"},\"image\":{\"@id\":\"https:\/\/kapitalis.com\/tunisie\/#\/schema\/logo\/image\/\"},\"sameAs\":[\"https:\/\/www.facebook.com\/KapitalisInfo\/\",\"https:\/\/x.com\/KapitalisInfo\",\"https:\/\/www.youtube.com\/channel\/UC-yDYrHyfFBWWZaOw3FPg9Q\"]},{\"@type\":\"Person\",\"@id\":\"https:\/\/kapitalis.com\/tunisie\/#\/schema\/person\/74bbde0154d49d790a92aaeac5bc01d5\",\"name\":\"Yusra NY\",\"url\":\"https:\/\/kapitalis.com\/tunisie\/author\/yuza_adam\/\"}]}<\/script>\n<!-- \/ Yoast SEO plugin. -->","yoast_head_json":{"title":"Tunisie : Mekki pr\u00e9voit la fin du parlement et affirme que pr\u00e8s de 100 d\u00e9put\u00e9s sont pr\u00eats \u00e0 d\u00e9missionner - Kapitalis","robots":{"index":"index","follow":"follow","max-snippet":"max-snippet:-1","max-image-preview":"max-image-preview:large","max-video-preview":"max-video-preview:-1"},"canonical":"https:\/\/kapitalis.com\/tunisie\/2021\/08\/04\/tunisie-mekki-prevoit-la-fin-du-parlement-et-affirme-que-pres-de-100-deputes-sont-prets-a-demissionner\/","og_locale":"fr_FR","og_type":"article","og_title":"Tunisie : Mekki pr\u00e9voit la fin du parlement et affirme que pr\u00e8s de 100 d\u00e9put\u00e9s sont pr\u00eats \u00e0 d\u00e9missionner - Kapitalis","og_description":"Le d\u00e9put\u00e9 du mouvement Echa\u00e2b Haykel Mekki estime que l&rsquo;actuel parlement est termin\u00e9,en affirmant que pr\u00e8s de 100 d\u00e9put\u00e9s ont, par ailleurs, exprim\u00e9 leur intention de d\u00e9missionner : \u00abCe qui conduira automatiquement \u00e0 la dissolution de l&rsquo;Assembl\u00e9e\u00bb","og_url":"https:\/\/kapitalis.com\/tunisie\/2021\/08\/04\/tunisie-mekki-prevoit-la-fin-du-parlement-et-affirme-que-pres-de-100-deputes-sont-prets-a-demissionner\/","og_site_name":"Kapitalis","article_publisher":"https:\/\/www.facebook.com\/KapitalisInfo\/","article_published_time":"2021-08-04T15:04:51+00:00","article_modified_time":"2021-08-04T15:09:27+00:00","og_image":[{"url":"http:\/\/kapitalis.com\/tunisie\/wp-content\/uploads\/2021\/03\/Haykel-Mekki.jpg","type":"","width":"","height":""}],"author":"Yusra NY","twitter_card":"summary_large_image","twitter_creator":"@KapitalisInfo","twitter_site":"@KapitalisInfo","twitter_misc":{"\u00c9crit par":"Yusra NY","Dur\u00e9e de lecture estim\u00e9e":"2 minutes"},"schema":{"@context":"https:\/\/schema.org","@graph":[{"@type":"Article","@id":"https:\/\/kapitalis.com\/tunisie\/2021\/08\/04\/tunisie-mekki-prevoit-la-fin-du-parlement-et-affirme-que-pres-de-100-deputes-sont-prets-a-demissionner\/#article","isPartOf":{"@id":"https:\/\/kapitalis.com\/tunisie\/2021\/08\/04\/tunisie-mekki-prevoit-la-fin-du-parlement-et-affirme-que-pres-de-100-deputes-sont-prets-a-demissionner\/"},"author":{"name":"Yusra NY","@id":"https:\/\/kapitalis.com\/tunisie\/#\/schema\/person\/74bbde0154d49d790a92aaeac5bc01d5"},"headline":"Tunisie : Mekki pr\u00e9voit la fin du parlement et affirme que pr\u00e8s de 100 d\u00e9put\u00e9s sont pr\u00eats \u00e0 d\u00e9missionner","datePublished":"2021-08-04T15:04:51+00:00","dateModified":"2021-08-04T15:09:27+00:00","mainEntityOfPage":{"@id":"https:\/\/kapitalis.com\/tunisie\/2021\/08\/04\/tunisie-mekki-prevoit-la-fin-du-parlement-et-affirme-que-pres-de-100-deputes-sont-prets-a-demissionner\/"},"wordCount":337,"commentCount":1,"publisher":{"@id":"https:\/\/kapitalis.com\/tunisie\/#organization"},"image":{"@id":"https:\/\/kapitalis.com\/tunisie\/2021\/08\/04\/tunisie-mekki-prevoit-la-fin-du-parlement-et-affirme-que-pres-de-100-deputes-sont-prets-a-demissionner\/#primaryimage"},"thumbnailUrl":"http:\/\/kapitalis.com\/tunisie\/wp-content\/uploads\/2021\/03\/Haykel-Mekki.jpg","keywords":["ARP","d\u00e9mission","d\u00e9put\u00e9s","Ennahdha","ghannouchi","Haykel Mekki","parlement","Sa\u00efed","Tunisie"],"articleSection":["POLITIQUE","Tunisie"],"inLanguage":"fr-FR","potentialAction":[{"@type":"CommentAction","name":"Comment","target":["https:\/\/kapitalis.com\/tunisie\/2021\/08\/04\/tunisie-mekki-prevoit-la-fin-du-parlement-et-affirme-que-pres-de-100-deputes-sont-prets-a-demissionner\/#respond"]}]},{"@type":"WebPage","@id":"https:\/\/kapitalis.com\/tunisie\/2021\/08\/04\/tunisie-mekki-prevoit-la-fin-du-parlement-et-affirme-que-pres-de-100-deputes-sont-prets-a-demissionner\/","url":"https:\/\/kapitalis.com\/tunisie\/2021\/08\/04\/tunisie-mekki-prevoit-la-fin-du-parlement-et-affirme-que-pres-de-100-deputes-sont-prets-a-demissionner\/","name":"Tunisie : Mekki pr\u00e9voit la fin du parlement et affirme que pr\u00e8s de 100 d\u00e9put\u00e9s sont pr\u00eats \u00e0 d\u00e9missionner - Kapitalis","isPartOf":{"@id":"https:\/\/kapitalis.com\/tunisie\/#website"},"primaryImageOfPage":{"@id":"https:\/\/kapitalis.com\/tunisie\/2021\/08\/04\/tunisie-mekki-prevoit-la-fin-du-parlement-et-affirme-que-pres-de-100-deputes-sont-prets-a-demissionner\/#primaryimage"},"image":{"@id":"https:\/\/kapitalis.com\/tunisie\/2021\/08\/04\/tunisie-mekki-prevoit-la-fin-du-parlement-et-affirme-que-pres-de-100-deputes-sont-prets-a-demissionner\/#primaryimage"},"thumbnailUrl":"http:\/\/kapitalis.com\/tunisie\/wp-content\/uploads\/2021\/03\/Haykel-Mekki.jpg","datePublished":"2021-08-04T15:04:51+00:00","dateModified":"2021-08-04T15:09:27+00:00","breadcrumb":{"@id":"https:\/\/kapitalis.com\/tunisie\/2021\/08\/04\/tunisie-mekki-prevoit-la-fin-du-parlement-et-affirme-que-pres-de-100-deputes-sont-prets-a-demissionner\/#breadcrumb"},"inLanguage":"fr-FR","potentialAction":[{"@type":"ReadAction","target":["https:\/\/kapitalis.com\/tunisie\/2021\/08\/04\/tunisie-mekki-prevoit-la-fin-du-parlement-et-affirme-que-pres-de-100-deputes-sont-prets-a-demissionner\/"]}]},{"@type":"ImageObject","inLanguage":"fr-FR","@id":"https:\/\/kapitalis.com\/tunisie\/2021\/08\/04\/tunisie-mekki-prevoit-la-fin-du-parlement-et-affirme-que-pres-de-100-deputes-sont-prets-a-demissionner\/#primaryimage","url":"","contentUrl":""},{"@type":"BreadcrumbList","@id":"https:\/\/kapitalis.com\/tunisie\/2021\/08\/04\/tunisie-mekki-prevoit-la-fin-du-parlement-et-affirme-que-pres-de-100-deputes-sont-prets-a-demissionner\/#breadcrumb","itemListElement":[{"@type":"ListItem","position":1,"name":"Accueil","item":"https:\/\/kapitalis.com\/tunisie\/"},{"@type":"ListItem","position":2,"name":"Tunisie : Mekki pr\u00e9voit la fin du parlement et affirme que pr\u00e8s de 100 d\u00e9put\u00e9s sont pr\u00eats \u00e0 d\u00e9missionner"}]},{"@type":"WebSite","@id":"https:\/\/kapitalis.com\/tunisie\/#website","url":"https:\/\/kapitalis.com\/tunisie\/","name":"Kapitalis","description":"L&#039;actualit\u00e9 en Tunisie et dans le monde","publisher":{"@id":"https:\/\/kapitalis.com\/tunisie\/#organization"},"potentialAction":[{"@type":"SearchAction","target":{"@type":"EntryPoint","urlTemplate":"https:\/\/kapitalis.com\/tunisie\/?s={search_term_string}"},"query-input":{"@type":"PropertyValueSpecification","valueRequired":true,"valueName":"search_term_string"}}],"inLanguage":"fr-FR"},{"@type":"Organization","@id":"https:\/\/kapitalis.com\/tunisie\/#organization","name":"Kapitalis","url":"https:\/\/kapitalis.com\/tunisie\/","logo":{"@type":"ImageObject","inLanguage":"fr-FR","@id":"https:\/\/kapitalis.com\/tunisie\/#\/schema\/logo\/image\/","url":"https:\/\/kapitalis.com\/tunisie\/wp-content\/uploads\/2022\/05\/Kapitalis-big-size.png","contentUrl":"https:\/\/kapitalis.com\/tunisie\/wp-content\/uploads\/2022\/05\/Kapitalis-big-size.png","width":5000,"height":1500,"caption":"Kapitalis"},"image":{"@id":"https:\/\/kapitalis.com\/tunisie\/#\/schema\/logo\/image\/"},"sameAs":["https:\/\/www.facebook.com\/KapitalisInfo\/","https:\/\/x.com\/KapitalisInfo","https:\/\/www.youtube.com\/channel\/UC-yDYrHyfFBWWZaOw3FPg9Q"]},{"@type":"Person","@id":"https:\/\/kapitalis.com\/tunisie\/#\/schema\/person\/74bbde0154d49d790a92aaeac5bc01d5","name":"Yusra NY","url":"https:\/\/kapitalis.com\/tunisie\/author\/yuza_adam\/"}]}},"_links":{"self":[{"href":"https:\/\/kapitalis.com\/tunisie\/wp-json\/wp\/v2\/posts\/358388","targetHints":{"allow":["GET"]}}],"collection":[{"href":"https:\/\/kapitalis.com\/tunisie\/wp-json\/wp\/v2\/posts"}],"about":[{"href":"https:\/\/kapitalis.com\/tunisie\/wp-json\/wp\/v2\/types\/post"}],"author":[{"embeddable":true,"href":"https:\/\/kapitalis.com\/tunisie\/wp-json\/wp\/v2\/users\/6"}],"replies":[{"embeddable":true,"href":"https:\/\/kapitalis.com\/tunisie\/wp-json\/wp\/v2\/comments?post=358388"}],"version-history":[{"count":0,"href":"https:\/\/kapitalis.com\/tunisie\/wp-json\/wp\/v2\/posts\/358388\/revisions"}],"wp:attachment":[{"href":"https:\/\/kapitalis.com\/tunisie\/wp-json\/wp\/v2\/media?parent=358388"}],"wp:term":[{"taxonomy":"category","embeddable":true,"href":"https:\/\/kapitalis.com\/tunisie\/wp-json\/wp\/v2\/categories?post=358388"},{"taxonomy":"post_tag","embeddable":true,"href":"https:\/\/kapitalis.com\/tunisie\/wp-json\/wp\/v2\/tags?post=358388"}],"curies":[{"name":"wp","href":"https:\/\/api.w.org\/{rel}","templated":true}]}}