{"id":3584454,"date":"2022-09-01T12:19:00","date_gmt":"2022-09-01T11:19:00","guid":{"rendered":"https:\/\/kapitalis.com\/tunisie\/?p=3584454"},"modified":"2022-09-01T12:19:02","modified_gmt":"2022-09-01T11:19:02","slug":"manarat-2022-exposition-en-hommage-au-pionnier-du-cinema-tunisien-albert-semama-chikli","status":"publish","type":"post","link":"https:\/\/kapitalis.com\/tunisie\/2022\/09\/01\/manarat-2022-exposition-en-hommage-au-pionnier-du-cinema-tunisien-albert-semama-chikli\/","title":{"rendered":"Manarat 2022 : Exposition en hommage au pionnier du cin\u00e9ma tunisien Albert Semama Chikli"},"content":{"rendered":"\n<p><strong><em>La Palais Ennejma Ezzahra accueille en ce moment une exposition photographique autour de l\u2019\u0153uvre du pionnier du cin\u00e9ma tunisien Albert Semama Chikli, dans le cadre de la 3e \u00e9dition du Festival Manarat.\u00a0<\/em><\/strong><\/p>\n\n\n\n<!--more-->\n\n\n\n<p>Le Festival du Cin\u00e9ma m\u00e9diterran\u00e9en Manarat a d\u00e9marr\u00e9 le 30 ao\u00fbt et se poursuit jusqu\u2019\u00e0 demain, 2 septembre. En plus des projections de films, des d\u00e9bats et des master-classes, le festival a pr\u00e9vu cette ann\u00e9e une exposition photographique in\u00e9dite des \u0153uvres d\u2019Albert Semama Chikli, premier cin\u00e9aste tunisien, mais \u00e9galement l\u2019un des plus anciens cin\u00e9astes du monde, ayant sign\u00e9 le court-m\u00e9trage \u201c<em>Zohra<\/em>\u201d (1922), premier film dans l\u2019histoire du cin\u00e9ma tunisien, qui f\u00eate cette ann\u00e9e son centenaire.&nbsp;<\/p>\n\n\n<div class=\"wp-block-image\">\n<figure class=\"aligncenter size-large is-resized\"><img decoding=\"async\" src=\"https:\/\/kapitalis.com\/tunisie\/wp-content\/uploads\/2022\/09\/Expo-Albert-Semama-Chikli-1024x538.jpg\" alt=\"\" class=\"wp-image-3585062\" width=\"630\" srcset=\"https:\/\/kapitalis.com\/tunisie\/wp-content\/uploads\/2022\/09\/Expo-Albert-Semama-Chikli-1024x538.jpg 1024w, https:\/\/kapitalis.com\/tunisie\/wp-content\/uploads\/2022\/09\/Expo-Albert-Semama-Chikli-300x158.jpg 300w, https:\/\/kapitalis.com\/tunisie\/wp-content\/uploads\/2022\/09\/Expo-Albert-Semama-Chikli-768x403.jpg 768w, https:\/\/kapitalis.com\/tunisie\/wp-content\/uploads\/2022\/09\/Expo-Albert-Semama-Chikli-580x305.jpg 580w, https:\/\/kapitalis.com\/tunisie\/wp-content\/uploads\/2022\/09\/Expo-Albert-Semama-Chikli-860x452.jpg 860w, https:\/\/kapitalis.com\/tunisie\/wp-content\/uploads\/2022\/09\/Expo-Albert-Semama-Chikli-1160x609.jpg 1160w, https:\/\/kapitalis.com\/tunisie\/wp-content\/uploads\/2022\/09\/Expo-Albert-Semama-Chikli.jpg 1200w\" sizes=\"(max-width: 1024px) 100vw, 1024px\" \/><\/figure>\n<\/div>\n\n\n<p>L&rsquo;exposition se tient au Palais Ennejma Ezzahra \u00e0 Sidi Bou Sa\u00efd, o\u00f9 a eu \u00e9galement lieu la premi\u00e8re du film documentaire \u201cCent ans de cin\u00e9ma en Tunisie\u201d r\u00e9alis\u00e9 par Lotfi Bahri.<\/p>\n\n\n\n<p class=\"has-text-align-right\"><em><strong>F.B<\/strong><\/em><\/p>\n","protected":false},"excerpt":{"rendered":"<p>La Palais Ennejma Ezzahra accueille en ce moment une exposition photographique autour de l\u2019\u0153uvre du pionnier du cin\u00e9ma tunisien Albert Semama Chikli, dans le cadre de la 3e \u00e9dition du Festival Manarat.\u00a0<\/p>\n","protected":false},"author":26,"featured_media":3585050,"comment_status":"open","ping_status":"open","sticky":false,"template":"","format":"standard","meta":{"footnotes":""},"categories":[994,2433],"tags":[102467,9668,98123,19649,62643],"class_list":["post-3584454","post","type-post","status-publish","format-standard","has-post-thumbnail","hentry","category-culture","category-tunisie","tag-albert-semama-chikli","tag-cinema-tunisien","tag-manarat-2022","tag-palais-ennejma-ezzahra","tag-tunisie"],"yoast_head":"<!-- This site is optimized with the Yoast SEO plugin v26.6 - https:\/\/yoast.com\/wordpress\/plugins\/seo\/ -->\n<title>Manarat 2022 : Exposition en hommage au pionnier du cin\u00e9ma tunisien Albert Semama Chikli - Kapitalis<\/title>\n<meta name=\"robots\" content=\"index, follow, max-snippet:-1, max-image-preview:large, max-video-preview:-1\" \/>\n<link rel=\"canonical\" href=\"https:\/\/kapitalis.com\/tunisie\/2022\/09\/01\/manarat-2022-exposition-en-hommage-au-pionnier-du-cinema-tunisien-albert-semama-chikli\/\" \/>\n<meta property=\"og:locale\" content=\"fr_FR\" \/>\n<meta property=\"og:type\" content=\"article\" \/>\n<meta property=\"og:title\" content=\"Manarat 2022 : Exposition en hommage au pionnier du cin\u00e9ma tunisien Albert Semama Chikli - Kapitalis\" \/>\n<meta property=\"og:description\" content=\"La Palais Ennejma Ezzahra accueille en ce moment une exposition photographique autour de l\u2019\u0153uvre du pionnier du cin\u00e9ma tunisien Albert Semama Chikli, dans le cadre de la 3e \u00e9dition du Festival Manarat.\u00a0\" \/>\n<meta property=\"og:url\" content=\"https:\/\/kapitalis.com\/tunisie\/2022\/09\/01\/manarat-2022-exposition-en-hommage-au-pionnier-du-cinema-tunisien-albert-semama-chikli\/\" \/>\n<meta property=\"og:site_name\" content=\"Kapitalis\" \/>\n<meta property=\"article:publisher\" content=\"https:\/\/www.facebook.com\/KapitalisInfo\/\" \/>\n<meta property=\"article:published_time\" content=\"2022-09-01T11:19:00+00:00\" \/>\n<meta property=\"article:modified_time\" content=\"2022-09-01T11:19:02+00:00\" \/>\n<meta property=\"og:image\" content=\"https:\/\/kapitalis.com\/tunisie\/wp-content\/uploads\/2022\/09\/Expo-Albert-Semama..jpg\" \/>\n\t<meta property=\"og:image:width\" content=\"1200\" \/>\n\t<meta property=\"og:image:height\" content=\"630\" \/>\n\t<meta property=\"og:image:type\" content=\"image\/jpeg\" \/>\n<meta name=\"author\" content=\"Fawz BenAli\" \/>\n<meta name=\"twitter:card\" content=\"summary_large_image\" \/>\n<meta name=\"twitter:creator\" content=\"@KapitalisInfo\" \/>\n<meta name=\"twitter:site\" content=\"@KapitalisInfo\" \/>\n<meta name=\"twitter:label1\" content=\"\u00c9crit par\" \/>\n\t<meta name=\"twitter:data1\" content=\"Fawz BenAli\" \/>\n\t<meta name=\"twitter:label2\" content=\"Dur\u00e9e de lecture estim\u00e9e\" \/>\n\t<meta name=\"twitter:data2\" content=\"1 minute\" \/>\n<script type=\"application\/ld+json\" class=\"yoast-schema-graph\">{\"@context\":\"https:\/\/schema.org\",\"@graph\":[{\"@type\":\"Article\",\"@id\":\"https:\/\/kapitalis.com\/tunisie\/2022\/09\/01\/manarat-2022-exposition-en-hommage-au-pionnier-du-cinema-tunisien-albert-semama-chikli\/#article\",\"isPartOf\":{\"@id\":\"https:\/\/kapitalis.com\/tunisie\/2022\/09\/01\/manarat-2022-exposition-en-hommage-au-pionnier-du-cinema-tunisien-albert-semama-chikli\/\"},\"author\":{\"name\":\"Fawz BenAli\",\"@id\":\"https:\/\/kapitalis.com\/tunisie\/#\/schema\/person\/73a5ecc1f6ae540c6ed91342eadca948\"},\"headline\":\"Manarat 2022 : Exposition en hommage au pionnier du cin\u00e9ma tunisien Albert Semama Chikli\",\"datePublished\":\"2022-09-01T11:19:00+00:00\",\"dateModified\":\"2022-09-01T11:19:02+00:00\",\"mainEntityOfPage\":{\"@id\":\"https:\/\/kapitalis.com\/tunisie\/2022\/09\/01\/manarat-2022-exposition-en-hommage-au-pionnier-du-cinema-tunisien-albert-semama-chikli\/\"},\"wordCount\":174,\"commentCount\":0,\"publisher\":{\"@id\":\"https:\/\/kapitalis.com\/tunisie\/#organization\"},\"image\":{\"@id\":\"https:\/\/kapitalis.com\/tunisie\/2022\/09\/01\/manarat-2022-exposition-en-hommage-au-pionnier-du-cinema-tunisien-albert-semama-chikli\/#primaryimage\"},\"thumbnailUrl\":\"https:\/\/kapitalis.com\/tunisie\/wp-content\/uploads\/2022\/09\/Expo-Albert-Semama..jpg\",\"keywords\":[\"Albert Semama Chikli\",\"cin\u00e9ma tunisien\",\"Manarat 2022\",\"palais Ennejma Ezzahra\",\"Tunisie\"],\"articleSection\":[\"CULTURE\",\"Tunisie\"],\"inLanguage\":\"fr-FR\",\"potentialAction\":[{\"@type\":\"CommentAction\",\"name\":\"Comment\",\"target\":[\"https:\/\/kapitalis.com\/tunisie\/2022\/09\/01\/manarat-2022-exposition-en-hommage-au-pionnier-du-cinema-tunisien-albert-semama-chikli\/#respond\"]}]},{\"@type\":\"WebPage\",\"@id\":\"https:\/\/kapitalis.com\/tunisie\/2022\/09\/01\/manarat-2022-exposition-en-hommage-au-pionnier-du-cinema-tunisien-albert-semama-chikli\/\",\"url\":\"https:\/\/kapitalis.com\/tunisie\/2022\/09\/01\/manarat-2022-exposition-en-hommage-au-pionnier-du-cinema-tunisien-albert-semama-chikli\/\",\"name\":\"Manarat 2022 : Exposition en hommage au pionnier du cin\u00e9ma tunisien Albert Semama Chikli - Kapitalis\",\"isPartOf\":{\"@id\":\"https:\/\/kapitalis.com\/tunisie\/#website\"},\"primaryImageOfPage\":{\"@id\":\"https:\/\/kapitalis.com\/tunisie\/2022\/09\/01\/manarat-2022-exposition-en-hommage-au-pionnier-du-cinema-tunisien-albert-semama-chikli\/#primaryimage\"},\"image\":{\"@id\":\"https:\/\/kapitalis.com\/tunisie\/2022\/09\/01\/manarat-2022-exposition-en-hommage-au-pionnier-du-cinema-tunisien-albert-semama-chikli\/#primaryimage\"},\"thumbnailUrl\":\"https:\/\/kapitalis.com\/tunisie\/wp-content\/uploads\/2022\/09\/Expo-Albert-Semama..jpg\",\"datePublished\":\"2022-09-01T11:19:00+00:00\",\"dateModified\":\"2022-09-01T11:19:02+00:00\",\"breadcrumb\":{\"@id\":\"https:\/\/kapitalis.com\/tunisie\/2022\/09\/01\/manarat-2022-exposition-en-hommage-au-pionnier-du-cinema-tunisien-albert-semama-chikli\/#breadcrumb\"},\"inLanguage\":\"fr-FR\",\"potentialAction\":[{\"@type\":\"ReadAction\",\"target\":[\"https:\/\/kapitalis.com\/tunisie\/2022\/09\/01\/manarat-2022-exposition-en-hommage-au-pionnier-du-cinema-tunisien-albert-semama-chikli\/\"]}]},{\"@type\":\"ImageObject\",\"inLanguage\":\"fr-FR\",\"@id\":\"https:\/\/kapitalis.com\/tunisie\/2022\/09\/01\/manarat-2022-exposition-en-hommage-au-pionnier-du-cinema-tunisien-albert-semama-chikli\/#primaryimage\",\"url\":\"https:\/\/kapitalis.com\/tunisie\/wp-content\/uploads\/2022\/09\/Expo-Albert-Semama..jpg\",\"contentUrl\":\"https:\/\/kapitalis.com\/tunisie\/wp-content\/uploads\/2022\/09\/Expo-Albert-Semama..jpg\",\"width\":1200,\"height\":630},{\"@type\":\"BreadcrumbList\",\"@id\":\"https:\/\/kapitalis.com\/tunisie\/2022\/09\/01\/manarat-2022-exposition-en-hommage-au-pionnier-du-cinema-tunisien-albert-semama-chikli\/#breadcrumb\",\"itemListElement\":[{\"@type\":\"ListItem\",\"position\":1,\"name\":\"Accueil\",\"item\":\"https:\/\/kapitalis.com\/tunisie\/\"},{\"@type\":\"ListItem\",\"position\":2,\"name\":\"Manarat 2022 : Exposition en hommage au pionnier du cin\u00e9ma tunisien Albert Semama Chikli\"}]},{\"@type\":\"WebSite\",\"@id\":\"https:\/\/kapitalis.com\/tunisie\/#website\",\"url\":\"https:\/\/kapitalis.com\/tunisie\/\",\"name\":\"Kapitalis\",\"description\":\"L&#039;actualit\u00e9 en Tunisie et dans le monde\",\"publisher\":{\"@id\":\"https:\/\/kapitalis.com\/tunisie\/#organization\"},\"potentialAction\":[{\"@type\":\"SearchAction\",\"target\":{\"@type\":\"EntryPoint\",\"urlTemplate\":\"https:\/\/kapitalis.com\/tunisie\/?s={search_term_string}\"},\"query-input\":{\"@type\":\"PropertyValueSpecification\",\"valueRequired\":true,\"valueName\":\"search_term_string\"}}],\"inLanguage\":\"fr-FR\"},{\"@type\":\"Organization\",\"@id\":\"https:\/\/kapitalis.com\/tunisie\/#organization\",\"name\":\"Kapitalis\",\"url\":\"https:\/\/kapitalis.com\/tunisie\/\",\"logo\":{\"@type\":\"ImageObject\",\"inLanguage\":\"fr-FR\",\"@id\":\"https:\/\/kapitalis.com\/tunisie\/#\/schema\/logo\/image\/\",\"url\":\"https:\/\/kapitalis.com\/tunisie\/wp-content\/uploads\/2022\/05\/Kapitalis-big-size.png\",\"contentUrl\":\"https:\/\/kapitalis.com\/tunisie\/wp-content\/uploads\/2022\/05\/Kapitalis-big-size.png\",\"width\":5000,\"height\":1500,\"caption\":\"Kapitalis\"},\"image\":{\"@id\":\"https:\/\/kapitalis.com\/tunisie\/#\/schema\/logo\/image\/\"},\"sameAs\":[\"https:\/\/www.facebook.com\/KapitalisInfo\/\",\"https:\/\/x.com\/KapitalisInfo\",\"https:\/\/www.youtube.com\/channel\/UC-yDYrHyfFBWWZaOw3FPg9Q\"]},{\"@type\":\"Person\",\"@id\":\"https:\/\/kapitalis.com\/tunisie\/#\/schema\/person\/73a5ecc1f6ae540c6ed91342eadca948\",\"name\":\"Fawz BenAli\",\"url\":\"https:\/\/kapitalis.com\/tunisie\/author\/fawz\/\"}]}<\/script>\n<!-- \/ Yoast SEO plugin. -->","yoast_head_json":{"title":"Manarat 2022 : Exposition en hommage au pionnier du cin\u00e9ma tunisien Albert Semama Chikli - Kapitalis","robots":{"index":"index","follow":"follow","max-snippet":"max-snippet:-1","max-image-preview":"max-image-preview:large","max-video-preview":"max-video-preview:-1"},"canonical":"https:\/\/kapitalis.com\/tunisie\/2022\/09\/01\/manarat-2022-exposition-en-hommage-au-pionnier-du-cinema-tunisien-albert-semama-chikli\/","og_locale":"fr_FR","og_type":"article","og_title":"Manarat 2022 : Exposition en hommage au pionnier du cin\u00e9ma tunisien Albert Semama Chikli - Kapitalis","og_description":"La Palais Ennejma Ezzahra accueille en ce moment une exposition photographique autour de l\u2019\u0153uvre du pionnier du cin\u00e9ma tunisien Albert Semama Chikli, dans le cadre de la 3e \u00e9dition du Festival Manarat.\u00a0","og_url":"https:\/\/kapitalis.com\/tunisie\/2022\/09\/01\/manarat-2022-exposition-en-hommage-au-pionnier-du-cinema-tunisien-albert-semama-chikli\/","og_site_name":"Kapitalis","article_publisher":"https:\/\/www.facebook.com\/KapitalisInfo\/","article_published_time":"2022-09-01T11:19:00+00:00","article_modified_time":"2022-09-01T11:19:02+00:00","og_image":[{"width":1200,"height":630,"url":"https:\/\/kapitalis.com\/tunisie\/wp-content\/uploads\/2022\/09\/Expo-Albert-Semama..jpg","type":"image\/jpeg"}],"author":"Fawz BenAli","twitter_card":"summary_large_image","twitter_creator":"@KapitalisInfo","twitter_site":"@KapitalisInfo","twitter_misc":{"\u00c9crit par":"Fawz BenAli","Dur\u00e9e de lecture estim\u00e9e":"1 minute"},"schema":{"@context":"https:\/\/schema.org","@graph":[{"@type":"Article","@id":"https:\/\/kapitalis.com\/tunisie\/2022\/09\/01\/manarat-2022-exposition-en-hommage-au-pionnier-du-cinema-tunisien-albert-semama-chikli\/#article","isPartOf":{"@id":"https:\/\/kapitalis.com\/tunisie\/2022\/09\/01\/manarat-2022-exposition-en-hommage-au-pionnier-du-cinema-tunisien-albert-semama-chikli\/"},"author":{"name":"Fawz BenAli","@id":"https:\/\/kapitalis.com\/tunisie\/#\/schema\/person\/73a5ecc1f6ae540c6ed91342eadca948"},"headline":"Manarat 2022 : Exposition en hommage au pionnier du cin\u00e9ma tunisien Albert Semama Chikli","datePublished":"2022-09-01T11:19:00+00:00","dateModified":"2022-09-01T11:19:02+00:00","mainEntityOfPage":{"@id":"https:\/\/kapitalis.com\/tunisie\/2022\/09\/01\/manarat-2022-exposition-en-hommage-au-pionnier-du-cinema-tunisien-albert-semama-chikli\/"},"wordCount":174,"commentCount":0,"publisher":{"@id":"https:\/\/kapitalis.com\/tunisie\/#organization"},"image":{"@id":"https:\/\/kapitalis.com\/tunisie\/2022\/09\/01\/manarat-2022-exposition-en-hommage-au-pionnier-du-cinema-tunisien-albert-semama-chikli\/#primaryimage"},"thumbnailUrl":"https:\/\/kapitalis.com\/tunisie\/wp-content\/uploads\/2022\/09\/Expo-Albert-Semama..jpg","keywords":["Albert Semama Chikli","cin\u00e9ma tunisien","Manarat 2022","palais Ennejma Ezzahra","Tunisie"],"articleSection":["CULTURE","Tunisie"],"inLanguage":"fr-FR","potentialAction":[{"@type":"CommentAction","name":"Comment","target":["https:\/\/kapitalis.com\/tunisie\/2022\/09\/01\/manarat-2022-exposition-en-hommage-au-pionnier-du-cinema-tunisien-albert-semama-chikli\/#respond"]}]},{"@type":"WebPage","@id":"https:\/\/kapitalis.com\/tunisie\/2022\/09\/01\/manarat-2022-exposition-en-hommage-au-pionnier-du-cinema-tunisien-albert-semama-chikli\/","url":"https:\/\/kapitalis.com\/tunisie\/2022\/09\/01\/manarat-2022-exposition-en-hommage-au-pionnier-du-cinema-tunisien-albert-semama-chikli\/","name":"Manarat 2022 : Exposition en hommage au pionnier du cin\u00e9ma tunisien Albert Semama Chikli - Kapitalis","isPartOf":{"@id":"https:\/\/kapitalis.com\/tunisie\/#website"},"primaryImageOfPage":{"@id":"https:\/\/kapitalis.com\/tunisie\/2022\/09\/01\/manarat-2022-exposition-en-hommage-au-pionnier-du-cinema-tunisien-albert-semama-chikli\/#primaryimage"},"image":{"@id":"https:\/\/kapitalis.com\/tunisie\/2022\/09\/01\/manarat-2022-exposition-en-hommage-au-pionnier-du-cinema-tunisien-albert-semama-chikli\/#primaryimage"},"thumbnailUrl":"https:\/\/kapitalis.com\/tunisie\/wp-content\/uploads\/2022\/09\/Expo-Albert-Semama..jpg","datePublished":"2022-09-01T11:19:00+00:00","dateModified":"2022-09-01T11:19:02+00:00","breadcrumb":{"@id":"https:\/\/kapitalis.com\/tunisie\/2022\/09\/01\/manarat-2022-exposition-en-hommage-au-pionnier-du-cinema-tunisien-albert-semama-chikli\/#breadcrumb"},"inLanguage":"fr-FR","potentialAction":[{"@type":"ReadAction","target":["https:\/\/kapitalis.com\/tunisie\/2022\/09\/01\/manarat-2022-exposition-en-hommage-au-pionnier-du-cinema-tunisien-albert-semama-chikli\/"]}]},{"@type":"ImageObject","inLanguage":"fr-FR","@id":"https:\/\/kapitalis.com\/tunisie\/2022\/09\/01\/manarat-2022-exposition-en-hommage-au-pionnier-du-cinema-tunisien-albert-semama-chikli\/#primaryimage","url":"https:\/\/kapitalis.com\/tunisie\/wp-content\/uploads\/2022\/09\/Expo-Albert-Semama..jpg","contentUrl":"https:\/\/kapitalis.com\/tunisie\/wp-content\/uploads\/2022\/09\/Expo-Albert-Semama..jpg","width":1200,"height":630},{"@type":"BreadcrumbList","@id":"https:\/\/kapitalis.com\/tunisie\/2022\/09\/01\/manarat-2022-exposition-en-hommage-au-pionnier-du-cinema-tunisien-albert-semama-chikli\/#breadcrumb","itemListElement":[{"@type":"ListItem","position":1,"name":"Accueil","item":"https:\/\/kapitalis.com\/tunisie\/"},{"@type":"ListItem","position":2,"name":"Manarat 2022 : Exposition en hommage au pionnier du cin\u00e9ma tunisien Albert Semama Chikli"}]},{"@type":"WebSite","@id":"https:\/\/kapitalis.com\/tunisie\/#website","url":"https:\/\/kapitalis.com\/tunisie\/","name":"Kapitalis","description":"L&#039;actualit\u00e9 en Tunisie et dans le monde","publisher":{"@id":"https:\/\/kapitalis.com\/tunisie\/#organization"},"potentialAction":[{"@type":"SearchAction","target":{"@type":"EntryPoint","urlTemplate":"https:\/\/kapitalis.com\/tunisie\/?s={search_term_string}"},"query-input":{"@type":"PropertyValueSpecification","valueRequired":true,"valueName":"search_term_string"}}],"inLanguage":"fr-FR"},{"@type":"Organization","@id":"https:\/\/kapitalis.com\/tunisie\/#organization","name":"Kapitalis","url":"https:\/\/kapitalis.com\/tunisie\/","logo":{"@type":"ImageObject","inLanguage":"fr-FR","@id":"https:\/\/kapitalis.com\/tunisie\/#\/schema\/logo\/image\/","url":"https:\/\/kapitalis.com\/tunisie\/wp-content\/uploads\/2022\/05\/Kapitalis-big-size.png","contentUrl":"https:\/\/kapitalis.com\/tunisie\/wp-content\/uploads\/2022\/05\/Kapitalis-big-size.png","width":5000,"height":1500,"caption":"Kapitalis"},"image":{"@id":"https:\/\/kapitalis.com\/tunisie\/#\/schema\/logo\/image\/"},"sameAs":["https:\/\/www.facebook.com\/KapitalisInfo\/","https:\/\/x.com\/KapitalisInfo","https:\/\/www.youtube.com\/channel\/UC-yDYrHyfFBWWZaOw3FPg9Q"]},{"@type":"Person","@id":"https:\/\/kapitalis.com\/tunisie\/#\/schema\/person\/73a5ecc1f6ae540c6ed91342eadca948","name":"Fawz BenAli","url":"https:\/\/kapitalis.com\/tunisie\/author\/fawz\/"}]}},"_links":{"self":[{"href":"https:\/\/kapitalis.com\/tunisie\/wp-json\/wp\/v2\/posts\/3584454","targetHints":{"allow":["GET"]}}],"collection":[{"href":"https:\/\/kapitalis.com\/tunisie\/wp-json\/wp\/v2\/posts"}],"about":[{"href":"https:\/\/kapitalis.com\/tunisie\/wp-json\/wp\/v2\/types\/post"}],"author":[{"embeddable":true,"href":"https:\/\/kapitalis.com\/tunisie\/wp-json\/wp\/v2\/users\/26"}],"replies":[{"embeddable":true,"href":"https:\/\/kapitalis.com\/tunisie\/wp-json\/wp\/v2\/comments?post=3584454"}],"version-history":[{"count":0,"href":"https:\/\/kapitalis.com\/tunisie\/wp-json\/wp\/v2\/posts\/3584454\/revisions"}],"wp:featuredmedia":[{"embeddable":true,"href":"https:\/\/kapitalis.com\/tunisie\/wp-json\/wp\/v2\/media\/3585050"}],"wp:attachment":[{"href":"https:\/\/kapitalis.com\/tunisie\/wp-json\/wp\/v2\/media?parent=3584454"}],"wp:term":[{"taxonomy":"category","embeddable":true,"href":"https:\/\/kapitalis.com\/tunisie\/wp-json\/wp\/v2\/categories?post=3584454"},{"taxonomy":"post_tag","embeddable":true,"href":"https:\/\/kapitalis.com\/tunisie\/wp-json\/wp\/v2\/tags?post=3584454"}],"curies":[{"name":"wp","href":"https:\/\/api.w.org\/{rel}","templated":true}]}}