{"id":358465,"date":"2021-08-05T09:45:43","date_gmt":"2021-08-05T08:45:43","guid":{"rendered":"http:\/\/kapitalis.com\/tunisie\/?p=358465"},"modified":"2021-08-05T09:57:37","modified_gmt":"2021-08-05T08:57:37","slug":"tunisie-les-dirigeants-dennahdha-perdent-la-boussole","status":"publish","type":"post","link":"https:\/\/kapitalis.com\/tunisie\/2021\/08\/05\/tunisie-les-dirigeants-dennahdha-perdent-la-boussole\/","title":{"rendered":"Tunisie : Les dirigeants d&rsquo;Ennahdha perdent la boussole"},"content":{"rendered":"\n<div class=\"wp-block-image\"><figure class=\"aligncenter size-large\"><img decoding=\"async\" src=\"http:\/\/kapitalis.com\/tunisie\/wp-content\/uploads\/2021\/07\/Majlis-Choura-Ennahdha-Ghannouchi-Harouni.jpg\" alt=\"\" class=\"wp-image-355553\"\/><figcaption><em>Photo d&rsquo;archives : Rached Ghannouchi et Abdelkarim Harouni. <\/em><\/figcaption><\/figure><\/div>\n\n\n\n<p><strong><em>Les dirigeants du parti islamiste Ennahdha ne savent plus sur quel pied danser pour sortir de leur isolement actuel et reprendre l&rsquo;initiative. Doivent-ils tendre la main au pr\u00e9sident Kais Sa\u00efed dans l&rsquo;espoir de le voir reprendre langue avec eux, ou poursuivre leurs pressions sur lui pour l&rsquo;obliger \u00e0 l\u00e2cher du leste&nbsp;? Les deux strat\u00e9gies sont loin d&rsquo;\u00eatre \u00abgaranties\u00bb\u2026<\/em><\/strong><\/p>\n\n\n\n<p>Par <strong>Imed Bahri<\/strong><\/p>\n\n\n\n<!--more-->\n\n\n\n<p>La crise bat son plein au sein du mouvement Ennahdha, dont les dirigeants, habitu\u00e9s \u00e0 \u00eatre au c\u0153ur des centres de d\u00e9cision de l&rsquo;Etat, ont du mal \u00e0 se remettre du coup d&rsquo;\u00e9clat du pr\u00e9sident Ka\u00efs Sa\u00efed qui, en mettant en \u0153uvre, le 25 juillet 2021, l&rsquo;article 80 de la Constitution de 2014, gelant l&rsquo;Assembl\u00e9e et limogeant le chef du gouvernement, a mis Rached Ghannouchi et les siens hors-jeu.<\/p>\n\n\n\n<p>Hier soir, mercredi 4 ao\u00fbt, la r\u00e9union du Majlis Choura, bien que report\u00e9e de deux jours pour essayer de calmer les esprits et de rapprocher les positions, s&rsquo;est d\u00e9roul\u00e9e dans un climat tr\u00e8s tendu. Les positions sont rest\u00e9es d&rsquo;autant plus tranch\u00e9es que Rached Ghannouchi et ses proches collaborateurs du bureau ex\u00e9cutif n&rsquo;ont pas voulu l\u00e2cher du leste, estimant sans doute que l&rsquo;heure n&rsquo;est pas aux dissensions internes mais \u00e0 l&rsquo;union sacr\u00e9e face aux adversaires du mouvement qui cherchent \u00e0 l&rsquo;abattre d\u00e9finitivement et \u00e0 le marginaliser sur la sc\u00e8ne politique nationale.<\/p>\n\n\n\n<h3 class=\"wp-block-heading\">Une guerre de tranch\u00e9es <\/h3>\n\n\n\n<p>Les dissidents et les r\u00e9formistes, qui exigeaient il y a quelques jours la dissolution du bureau ex\u00e9cutif et le d\u00e9part de Ghannouchi et de sa bande, ont eu le temps, pour leur part, de mettre de l&rsquo;eau dans leur vin pour essayer de ramener ces derniers \u00e0 une appr\u00e9ciation plus r\u00e9aliste et plus pragmatique de la situation et \u00e0 tendre la main au pr\u00e9sident Sa\u00efed, dans l&rsquo;espoir de se remettre momentan\u00e9ment en selle, en perspective des \u00e9volutions attendues sur les plans interne, r\u00e9gional et international, et de voir le pr\u00e9sident de la r\u00e9publique c\u00e9der aux pressions internes et externes et se r\u00e9signer \u00e0 accepter l&rsquo;id\u00e9e d&rsquo;un dialogue national sur les r\u00e9formes politiques \u00e0 mettre en route dans le pays.<\/p>\n\n\n\n<p>Les positions ne semblent cependant pas avoir \u00e9volu\u00e9 dans le sens d&rsquo;un consensus, car la r\u00e9union d&rsquo;hier soir a d\u00e9g\u00e9n\u00e9r\u00e9 en guerre de position, aggravant davantage les divisions au lieu de r\u00e9duire le foss\u00e9.<\/p>\n\n\n\n<p>Il faut dire que les uns et les autres paniquent et ont du mal \u00e0 se mettre d&rsquo;accord sur la strat\u00e9gie \u00e0 suivre, car le risque est grand de voir le pr\u00e9sident aller de l&rsquo;avant dans son projet d&rsquo;assainissement en d\u00e9clenchant des s\u00e9ries de poursuites judiciaires contre le mouvement et certains de ses dirigeants, et ce sur la base des enqu\u00eates d\u00e9j\u00e0 disponibles et qui risquent de fournir suffisamment de preuves \u00e0 charge pouvant justifier de lourdes condamnations.<\/p>\n\n\n\n<h3 class=\"wp-block-heading\">Un casse-t\u00eate appel\u00e9 Ka\u00efs Sa\u00efed <\/h3>\n\n\n\n<p>Tendre la main au pr\u00e9sident de la r\u00e9publique dans l&rsquo;espoir de le voir succomber \u00e0 la tentation de la <em>realpolitik<\/em>, la situation dans le pays \u00e9tant d\u00e9j\u00e0 suffisamment explosive pour le dissuader d&rsquo;ajouter de l&rsquo;huile sur le feu, ou poursuivre les pressions sur lui pour l&rsquo;obliger \u00e0 revenir \u00e0 de meilleurs sentiments \u00e0 leur \u00e9gard&nbsp;? Le d\u00e9bat est loin d&rsquo;\u00eatre tranch\u00e9 parmi les dirigeants nahdhaouis.<\/p>\n\n\n\n<p>A vrai dire, aucune des deux d\u00e9marches n&rsquo;est <em>\u00abgarantie\u00bb<\/em>, pour employer un terme cher \u00e0 Ghannouchi, car Ka\u00efs Sa\u00efed, dont tout d\u00e9pend aujourd&rsquo;hui, est \u00e0 la fois impr\u00e9visible, obstin\u00e9 et rigide. Il n&rsquo;a d\u00e9cid\u00e9ment rien \u00e0 voir avec son pr\u00e9d\u00e9cesseur B\u00e9ji Ca\u00efd Essebsi, plut\u00f4t joueur, mall\u00e9able et port\u00e9 sur le consensus mou.<\/p>\n\n\n\n<p>La strat\u00e9gie de la main tendue ne peut r\u00e9ussir \u00e0 tous les coups et puis, entre 2015 et 2021, beaucoup d&rsquo;eau a coul\u00e9 dans le lit de la Medjerda. Et Ennahdha a beaucoup perdu en cr\u00e9dibilit\u00e9 et son \u00e9lectorat s&rsquo;est r\u00e9duit comme peau de chagrin.<\/p>\n","protected":false},"excerpt":{"rendered":"<p>Les dirigeants du parti islamiste Ennahdha ne savent plus sur quel pied danser pour sortir de leur isolement actuel et reprendre l&rsquo;initiative. Doivent-ils tendre la main au pr\u00e9sident Kais Sa\u00efed dans l&rsquo;espoir de le voir reprendre langue avec eux, ou poursuivre leurs pressions sur lui pour l&rsquo;obliger \u00e0 l\u00e2cher du leste&nbsp;? Les deux strat\u00e9gies sont&#8230;<\/p>\n","protected":false},"author":8,"featured_media":0,"comment_status":"open","ping_status":"open","sticky":false,"template":"","format":"standard","meta":{"footnotes":""},"categories":[992,997,2433],"tags":[19234,1108,49543,12235,92465,758,62643],"class_list":["post-358465","post","type-post","status-publish","format-standard","hentry","category-a-la-une","category-politique","category-tunisie","tag-abdelkarim-harouni","tag-beji-caid-essebsi","tag-ennahdha","tag-kais-saied","tag-majlis-choura","tag-rached-ghannouchi","tag-tunisie"],"yoast_head":"<!-- This site is optimized with the Yoast SEO plugin v26.6 - https:\/\/yoast.com\/wordpress\/plugins\/seo\/ -->\n<title>Tunisie : Les dirigeants d&#039;Ennahdha perdent la boussole - Kapitalis<\/title>\n<meta name=\"robots\" content=\"index, follow, max-snippet:-1, max-image-preview:large, max-video-preview:-1\" \/>\n<link rel=\"canonical\" href=\"https:\/\/kapitalis.com\/tunisie\/2021\/08\/05\/tunisie-les-dirigeants-dennahdha-perdent-la-boussole\/\" \/>\n<meta property=\"og:locale\" content=\"fr_FR\" \/>\n<meta property=\"og:type\" content=\"article\" \/>\n<meta property=\"og:title\" content=\"Tunisie : Les dirigeants d&#039;Ennahdha perdent la boussole - Kapitalis\" \/>\n<meta property=\"og:description\" content=\"Les dirigeants du parti islamiste Ennahdha ne savent plus sur quel pied danser pour sortir de leur isolement actuel et reprendre l&rsquo;initiative. Doivent-ils tendre la main au pr\u00e9sident Kais Sa\u00efed dans l&rsquo;espoir de le voir reprendre langue avec eux, ou poursuivre leurs pressions sur lui pour l&rsquo;obliger \u00e0 l\u00e2cher du leste&nbsp;? Les deux strat\u00e9gies sont...\" \/>\n<meta property=\"og:url\" content=\"https:\/\/kapitalis.com\/tunisie\/2021\/08\/05\/tunisie-les-dirigeants-dennahdha-perdent-la-boussole\/\" \/>\n<meta property=\"og:site_name\" content=\"Kapitalis\" \/>\n<meta property=\"article:publisher\" content=\"https:\/\/www.facebook.com\/KapitalisInfo\/\" \/>\n<meta property=\"article:published_time\" content=\"2021-08-05T08:45:43+00:00\" \/>\n<meta property=\"article:modified_time\" content=\"2021-08-05T08:57:37+00:00\" \/>\n<meta property=\"og:image\" content=\"http:\/\/kapitalis.com\/tunisie\/wp-content\/uploads\/2021\/07\/Majlis-Choura-Ennahdha-Ghannouchi-Harouni.jpg\" \/>\n<meta name=\"author\" content=\"webmaster kapitalis\" \/>\n<meta name=\"twitter:card\" content=\"summary_large_image\" \/>\n<meta name=\"twitter:creator\" content=\"@KapitalisInfo\" \/>\n<meta name=\"twitter:site\" content=\"@KapitalisInfo\" \/>\n<meta name=\"twitter:label1\" content=\"\u00c9crit par\" \/>\n\t<meta name=\"twitter:data1\" content=\"webmaster kapitalis\" \/>\n\t<meta name=\"twitter:label2\" content=\"Dur\u00e9e de lecture estim\u00e9e\" \/>\n\t<meta name=\"twitter:data2\" content=\"3 minutes\" \/>\n<script type=\"application\/ld+json\" class=\"yoast-schema-graph\">{\"@context\":\"https:\/\/schema.org\",\"@graph\":[{\"@type\":\"Article\",\"@id\":\"https:\/\/kapitalis.com\/tunisie\/2021\/08\/05\/tunisie-les-dirigeants-dennahdha-perdent-la-boussole\/#article\",\"isPartOf\":{\"@id\":\"https:\/\/kapitalis.com\/tunisie\/2021\/08\/05\/tunisie-les-dirigeants-dennahdha-perdent-la-boussole\/\"},\"author\":{\"name\":\"webmaster kapitalis\",\"@id\":\"https:\/\/kapitalis.com\/tunisie\/#\/schema\/person\/d71f33a9ca44f7bad4698210b480c8e9\"},\"headline\":\"Tunisie : Les dirigeants d&rsquo;Ennahdha perdent la boussole\",\"datePublished\":\"2021-08-05T08:45:43+00:00\",\"dateModified\":\"2021-08-05T08:57:37+00:00\",\"mainEntityOfPage\":{\"@id\":\"https:\/\/kapitalis.com\/tunisie\/2021\/08\/05\/tunisie-les-dirigeants-dennahdha-perdent-la-boussole\/\"},\"wordCount\":688,\"commentCount\":3,\"publisher\":{\"@id\":\"https:\/\/kapitalis.com\/tunisie\/#organization\"},\"image\":{\"@id\":\"https:\/\/kapitalis.com\/tunisie\/2021\/08\/05\/tunisie-les-dirigeants-dennahdha-perdent-la-boussole\/#primaryimage\"},\"thumbnailUrl\":\"http:\/\/kapitalis.com\/tunisie\/wp-content\/uploads\/2021\/07\/Majlis-Choura-Ennahdha-Ghannouchi-Harouni.jpg\",\"keywords\":[\"Abdelkarim Harouni\",\"B\u00e9ji Ca\u00efd Essebsi\",\"Ennahdha\",\"Ka\u00efs Saied\",\"Majlis Choura\",\"Rached Ghannouchi\",\"Tunisie\"],\"articleSection\":[\"A LA UNE\",\"POLITIQUE\",\"Tunisie\"],\"inLanguage\":\"fr-FR\",\"potentialAction\":[{\"@type\":\"CommentAction\",\"name\":\"Comment\",\"target\":[\"https:\/\/kapitalis.com\/tunisie\/2021\/08\/05\/tunisie-les-dirigeants-dennahdha-perdent-la-boussole\/#respond\"]}]},{\"@type\":\"WebPage\",\"@id\":\"https:\/\/kapitalis.com\/tunisie\/2021\/08\/05\/tunisie-les-dirigeants-dennahdha-perdent-la-boussole\/\",\"url\":\"https:\/\/kapitalis.com\/tunisie\/2021\/08\/05\/tunisie-les-dirigeants-dennahdha-perdent-la-boussole\/\",\"name\":\"Tunisie : Les dirigeants d'Ennahdha perdent la boussole - Kapitalis\",\"isPartOf\":{\"@id\":\"https:\/\/kapitalis.com\/tunisie\/#website\"},\"primaryImageOfPage\":{\"@id\":\"https:\/\/kapitalis.com\/tunisie\/2021\/08\/05\/tunisie-les-dirigeants-dennahdha-perdent-la-boussole\/#primaryimage\"},\"image\":{\"@id\":\"https:\/\/kapitalis.com\/tunisie\/2021\/08\/05\/tunisie-les-dirigeants-dennahdha-perdent-la-boussole\/#primaryimage\"},\"thumbnailUrl\":\"http:\/\/kapitalis.com\/tunisie\/wp-content\/uploads\/2021\/07\/Majlis-Choura-Ennahdha-Ghannouchi-Harouni.jpg\",\"datePublished\":\"2021-08-05T08:45:43+00:00\",\"dateModified\":\"2021-08-05T08:57:37+00:00\",\"breadcrumb\":{\"@id\":\"https:\/\/kapitalis.com\/tunisie\/2021\/08\/05\/tunisie-les-dirigeants-dennahdha-perdent-la-boussole\/#breadcrumb\"},\"inLanguage\":\"fr-FR\",\"potentialAction\":[{\"@type\":\"ReadAction\",\"target\":[\"https:\/\/kapitalis.com\/tunisie\/2021\/08\/05\/tunisie-les-dirigeants-dennahdha-perdent-la-boussole\/\"]}]},{\"@type\":\"ImageObject\",\"inLanguage\":\"fr-FR\",\"@id\":\"https:\/\/kapitalis.com\/tunisie\/2021\/08\/05\/tunisie-les-dirigeants-dennahdha-perdent-la-boussole\/#primaryimage\",\"url\":\"\",\"contentUrl\":\"\"},{\"@type\":\"BreadcrumbList\",\"@id\":\"https:\/\/kapitalis.com\/tunisie\/2021\/08\/05\/tunisie-les-dirigeants-dennahdha-perdent-la-boussole\/#breadcrumb\",\"itemListElement\":[{\"@type\":\"ListItem\",\"position\":1,\"name\":\"Accueil\",\"item\":\"https:\/\/kapitalis.com\/tunisie\/\"},{\"@type\":\"ListItem\",\"position\":2,\"name\":\"Tunisie : Les dirigeants d&rsquo;Ennahdha perdent la boussole\"}]},{\"@type\":\"WebSite\",\"@id\":\"https:\/\/kapitalis.com\/tunisie\/#website\",\"url\":\"https:\/\/kapitalis.com\/tunisie\/\",\"name\":\"Kapitalis\",\"description\":\"L&#039;actualit\u00e9 en Tunisie et dans le monde\",\"publisher\":{\"@id\":\"https:\/\/kapitalis.com\/tunisie\/#organization\"},\"potentialAction\":[{\"@type\":\"SearchAction\",\"target\":{\"@type\":\"EntryPoint\",\"urlTemplate\":\"https:\/\/kapitalis.com\/tunisie\/?s={search_term_string}\"},\"query-input\":{\"@type\":\"PropertyValueSpecification\",\"valueRequired\":true,\"valueName\":\"search_term_string\"}}],\"inLanguage\":\"fr-FR\"},{\"@type\":\"Organization\",\"@id\":\"https:\/\/kapitalis.com\/tunisie\/#organization\",\"name\":\"Kapitalis\",\"url\":\"https:\/\/kapitalis.com\/tunisie\/\",\"logo\":{\"@type\":\"ImageObject\",\"inLanguage\":\"fr-FR\",\"@id\":\"https:\/\/kapitalis.com\/tunisie\/#\/schema\/logo\/image\/\",\"url\":\"https:\/\/kapitalis.com\/tunisie\/wp-content\/uploads\/2022\/05\/Kapitalis-big-size.png\",\"contentUrl\":\"https:\/\/kapitalis.com\/tunisie\/wp-content\/uploads\/2022\/05\/Kapitalis-big-size.png\",\"width\":5000,\"height\":1500,\"caption\":\"Kapitalis\"},\"image\":{\"@id\":\"https:\/\/kapitalis.com\/tunisie\/#\/schema\/logo\/image\/\"},\"sameAs\":[\"https:\/\/www.facebook.com\/KapitalisInfo\/\",\"https:\/\/x.com\/KapitalisInfo\",\"https:\/\/www.youtube.com\/channel\/UC-yDYrHyfFBWWZaOw3FPg9Q\"]},{\"@type\":\"Person\",\"@id\":\"https:\/\/kapitalis.com\/tunisie\/#\/schema\/person\/d71f33a9ca44f7bad4698210b480c8e9\",\"name\":\"webmaster kapitalis\",\"url\":\"https:\/\/kapitalis.com\/tunisie\/author\/webmaster-kapitalis\/\"}]}<\/script>\n<!-- \/ Yoast SEO plugin. -->","yoast_head_json":{"title":"Tunisie : Les dirigeants d'Ennahdha perdent la boussole - Kapitalis","robots":{"index":"index","follow":"follow","max-snippet":"max-snippet:-1","max-image-preview":"max-image-preview:large","max-video-preview":"max-video-preview:-1"},"canonical":"https:\/\/kapitalis.com\/tunisie\/2021\/08\/05\/tunisie-les-dirigeants-dennahdha-perdent-la-boussole\/","og_locale":"fr_FR","og_type":"article","og_title":"Tunisie : Les dirigeants d'Ennahdha perdent la boussole - Kapitalis","og_description":"Les dirigeants du parti islamiste Ennahdha ne savent plus sur quel pied danser pour sortir de leur isolement actuel et reprendre l&rsquo;initiative. Doivent-ils tendre la main au pr\u00e9sident Kais Sa\u00efed dans l&rsquo;espoir de le voir reprendre langue avec eux, ou poursuivre leurs pressions sur lui pour l&rsquo;obliger \u00e0 l\u00e2cher du leste&nbsp;? Les deux strat\u00e9gies sont...","og_url":"https:\/\/kapitalis.com\/tunisie\/2021\/08\/05\/tunisie-les-dirigeants-dennahdha-perdent-la-boussole\/","og_site_name":"Kapitalis","article_publisher":"https:\/\/www.facebook.com\/KapitalisInfo\/","article_published_time":"2021-08-05T08:45:43+00:00","article_modified_time":"2021-08-05T08:57:37+00:00","og_image":[{"url":"http:\/\/kapitalis.com\/tunisie\/wp-content\/uploads\/2021\/07\/Majlis-Choura-Ennahdha-Ghannouchi-Harouni.jpg","type":"","width":"","height":""}],"author":"webmaster kapitalis","twitter_card":"summary_large_image","twitter_creator":"@KapitalisInfo","twitter_site":"@KapitalisInfo","twitter_misc":{"\u00c9crit par":"webmaster kapitalis","Dur\u00e9e de lecture estim\u00e9e":"3 minutes"},"schema":{"@context":"https:\/\/schema.org","@graph":[{"@type":"Article","@id":"https:\/\/kapitalis.com\/tunisie\/2021\/08\/05\/tunisie-les-dirigeants-dennahdha-perdent-la-boussole\/#article","isPartOf":{"@id":"https:\/\/kapitalis.com\/tunisie\/2021\/08\/05\/tunisie-les-dirigeants-dennahdha-perdent-la-boussole\/"},"author":{"name":"webmaster kapitalis","@id":"https:\/\/kapitalis.com\/tunisie\/#\/schema\/person\/d71f33a9ca44f7bad4698210b480c8e9"},"headline":"Tunisie : Les dirigeants d&rsquo;Ennahdha perdent la boussole","datePublished":"2021-08-05T08:45:43+00:00","dateModified":"2021-08-05T08:57:37+00:00","mainEntityOfPage":{"@id":"https:\/\/kapitalis.com\/tunisie\/2021\/08\/05\/tunisie-les-dirigeants-dennahdha-perdent-la-boussole\/"},"wordCount":688,"commentCount":3,"publisher":{"@id":"https:\/\/kapitalis.com\/tunisie\/#organization"},"image":{"@id":"https:\/\/kapitalis.com\/tunisie\/2021\/08\/05\/tunisie-les-dirigeants-dennahdha-perdent-la-boussole\/#primaryimage"},"thumbnailUrl":"http:\/\/kapitalis.com\/tunisie\/wp-content\/uploads\/2021\/07\/Majlis-Choura-Ennahdha-Ghannouchi-Harouni.jpg","keywords":["Abdelkarim Harouni","B\u00e9ji Ca\u00efd Essebsi","Ennahdha","Ka\u00efs Saied","Majlis Choura","Rached Ghannouchi","Tunisie"],"articleSection":["A LA UNE","POLITIQUE","Tunisie"],"inLanguage":"fr-FR","potentialAction":[{"@type":"CommentAction","name":"Comment","target":["https:\/\/kapitalis.com\/tunisie\/2021\/08\/05\/tunisie-les-dirigeants-dennahdha-perdent-la-boussole\/#respond"]}]},{"@type":"WebPage","@id":"https:\/\/kapitalis.com\/tunisie\/2021\/08\/05\/tunisie-les-dirigeants-dennahdha-perdent-la-boussole\/","url":"https:\/\/kapitalis.com\/tunisie\/2021\/08\/05\/tunisie-les-dirigeants-dennahdha-perdent-la-boussole\/","name":"Tunisie : Les dirigeants d'Ennahdha perdent la boussole - Kapitalis","isPartOf":{"@id":"https:\/\/kapitalis.com\/tunisie\/#website"},"primaryImageOfPage":{"@id":"https:\/\/kapitalis.com\/tunisie\/2021\/08\/05\/tunisie-les-dirigeants-dennahdha-perdent-la-boussole\/#primaryimage"},"image":{"@id":"https:\/\/kapitalis.com\/tunisie\/2021\/08\/05\/tunisie-les-dirigeants-dennahdha-perdent-la-boussole\/#primaryimage"},"thumbnailUrl":"http:\/\/kapitalis.com\/tunisie\/wp-content\/uploads\/2021\/07\/Majlis-Choura-Ennahdha-Ghannouchi-Harouni.jpg","datePublished":"2021-08-05T08:45:43+00:00","dateModified":"2021-08-05T08:57:37+00:00","breadcrumb":{"@id":"https:\/\/kapitalis.com\/tunisie\/2021\/08\/05\/tunisie-les-dirigeants-dennahdha-perdent-la-boussole\/#breadcrumb"},"inLanguage":"fr-FR","potentialAction":[{"@type":"ReadAction","target":["https:\/\/kapitalis.com\/tunisie\/2021\/08\/05\/tunisie-les-dirigeants-dennahdha-perdent-la-boussole\/"]}]},{"@type":"ImageObject","inLanguage":"fr-FR","@id":"https:\/\/kapitalis.com\/tunisie\/2021\/08\/05\/tunisie-les-dirigeants-dennahdha-perdent-la-boussole\/#primaryimage","url":"","contentUrl":""},{"@type":"BreadcrumbList","@id":"https:\/\/kapitalis.com\/tunisie\/2021\/08\/05\/tunisie-les-dirigeants-dennahdha-perdent-la-boussole\/#breadcrumb","itemListElement":[{"@type":"ListItem","position":1,"name":"Accueil","item":"https:\/\/kapitalis.com\/tunisie\/"},{"@type":"ListItem","position":2,"name":"Tunisie : Les dirigeants d&rsquo;Ennahdha perdent la boussole"}]},{"@type":"WebSite","@id":"https:\/\/kapitalis.com\/tunisie\/#website","url":"https:\/\/kapitalis.com\/tunisie\/","name":"Kapitalis","description":"L&#039;actualit\u00e9 en Tunisie et dans le monde","publisher":{"@id":"https:\/\/kapitalis.com\/tunisie\/#organization"},"potentialAction":[{"@type":"SearchAction","target":{"@type":"EntryPoint","urlTemplate":"https:\/\/kapitalis.com\/tunisie\/?s={search_term_string}"},"query-input":{"@type":"PropertyValueSpecification","valueRequired":true,"valueName":"search_term_string"}}],"inLanguage":"fr-FR"},{"@type":"Organization","@id":"https:\/\/kapitalis.com\/tunisie\/#organization","name":"Kapitalis","url":"https:\/\/kapitalis.com\/tunisie\/","logo":{"@type":"ImageObject","inLanguage":"fr-FR","@id":"https:\/\/kapitalis.com\/tunisie\/#\/schema\/logo\/image\/","url":"https:\/\/kapitalis.com\/tunisie\/wp-content\/uploads\/2022\/05\/Kapitalis-big-size.png","contentUrl":"https:\/\/kapitalis.com\/tunisie\/wp-content\/uploads\/2022\/05\/Kapitalis-big-size.png","width":5000,"height":1500,"caption":"Kapitalis"},"image":{"@id":"https:\/\/kapitalis.com\/tunisie\/#\/schema\/logo\/image\/"},"sameAs":["https:\/\/www.facebook.com\/KapitalisInfo\/","https:\/\/x.com\/KapitalisInfo","https:\/\/www.youtube.com\/channel\/UC-yDYrHyfFBWWZaOw3FPg9Q"]},{"@type":"Person","@id":"https:\/\/kapitalis.com\/tunisie\/#\/schema\/person\/d71f33a9ca44f7bad4698210b480c8e9","name":"webmaster kapitalis","url":"https:\/\/kapitalis.com\/tunisie\/author\/webmaster-kapitalis\/"}]}},"_links":{"self":[{"href":"https:\/\/kapitalis.com\/tunisie\/wp-json\/wp\/v2\/posts\/358465","targetHints":{"allow":["GET"]}}],"collection":[{"href":"https:\/\/kapitalis.com\/tunisie\/wp-json\/wp\/v2\/posts"}],"about":[{"href":"https:\/\/kapitalis.com\/tunisie\/wp-json\/wp\/v2\/types\/post"}],"author":[{"embeddable":true,"href":"https:\/\/kapitalis.com\/tunisie\/wp-json\/wp\/v2\/users\/8"}],"replies":[{"embeddable":true,"href":"https:\/\/kapitalis.com\/tunisie\/wp-json\/wp\/v2\/comments?post=358465"}],"version-history":[{"count":0,"href":"https:\/\/kapitalis.com\/tunisie\/wp-json\/wp\/v2\/posts\/358465\/revisions"}],"wp:attachment":[{"href":"https:\/\/kapitalis.com\/tunisie\/wp-json\/wp\/v2\/media?parent=358465"}],"wp:term":[{"taxonomy":"category","embeddable":true,"href":"https:\/\/kapitalis.com\/tunisie\/wp-json\/wp\/v2\/categories?post=358465"},{"taxonomy":"post_tag","embeddable":true,"href":"https:\/\/kapitalis.com\/tunisie\/wp-json\/wp\/v2\/tags?post=358465"}],"curies":[{"name":"wp","href":"https:\/\/api.w.org\/{rel}","templated":true}]}}