{"id":3586113,"date":"2022-09-01T13:16:19","date_gmt":"2022-09-01T12:16:19","guid":{"rendered":"https:\/\/kapitalis.com\/tunisie\/?p=3586113"},"modified":"2022-09-01T13:16:20","modified_gmt":"2022-09-01T12:16:20","slug":"tunisie-les-griefs-de-lugtt-contre-le-programme-de-reformes-du-gouvernement","status":"publish","type":"post","link":"https:\/\/kapitalis.com\/tunisie\/2022\/09\/01\/tunisie-les-griefs-de-lugtt-contre-le-programme-de-reformes-du-gouvernement\/","title":{"rendered":"Tunisie\u00a0: les griefs de l\u2019UGTT contre le programme de r\u00e9formes du gouvernement"},"content":{"rendered":"\n<p><strong><em>Le secr\u00e9taire g\u00e9n\u00e9ral adjoint de l\u2019Union g\u00e9n\u00e9rale tunisienne du travail (UGTT), Anouar Ben Gaddour, a affirm\u00e9 que l\u2019organisation syndicale soutient les vraies r\u00e9formes, et non les r\u00e9formettes sans impact r\u00e9el.<\/em><\/strong><\/p>\n\n\n\n<!--more-->\n\n\n\n<p>M. Ben Gaddour a ajout\u00e9, lors d\u2019une conf\u00e9rence de presse aujourd&rsquo;hui, jeudi 1er septembre 2022, pour pr\u00e9senter la position de la centrale syndicale vis-\u00e0-vis du programme de r\u00e9formes du gouvernement pour sortir de la crise, sous le titre <em>\u00abobservations et alternatives\u00bb<\/em>, que l\u2019UGTT n\u2019est pas oppos\u00e9e au recours du gouvernement au Fonds mon\u00e9taire international (FMI), mais elle pr\u00e9f\u00e8re des solutions tuniso-tunisiennes aux probl\u00e8mes du pays.<\/p>\n\n\n\n<p>M. Ben Gaddour a r\u00e9it\u00e9r\u00e9 le refus du syndicat de la lev\u00e9e de la subvention des produits de premi\u00e8re n\u00e9cessit\u00e9 sous la forme propos\u00e9e par le gouvernement, tout en soutenant la r\u00e9forme du syst\u00e8me de subvention en place.<\/p>\n\n\n\n<p>Le dirigeant syndical a ajout\u00e9 que l\u2019UGTT soutient \u00e9galement la r\u00e9forme des entreprises publiques en difficult\u00e9, mais insiste pour que cela se fasse au cas par cas, en tenant compte des particularit\u00e9s de chaque entreprise et en assurant leur p\u00e9rennit\u00e9, en d\u00e9non\u00e7ant ce qu\u2019il a qualifi\u00e9 de <em>\u00abtentative de d\u00e9stabilisation des entreprises publiques\u00bb<\/em>, feignant d\u2019oublier que ces entreprises sont dans leur \u00e9crasante majorit\u00e9 au bord de la faillite et gr\u00e8vent dangereusement le budget de l\u2019Etat. <\/p>\n\n\n\n<figure class=\"wp-block-embed is-type-wp-embed is-provider-kapitalis wp-block-embed-kapitalis\"><div class=\"wp-block-embed__wrapper\">\n<blockquote class=\"wp-embedded-content\" data-secret=\"WU2OysFwSC\"><a href=\"https:\/\/kapitalis.com\/tunisie\/2022\/09\/01\/ugtt-sil-y-a-accord-avec-le-gouvernement-il-sera-signe-vendredi\/\">UGTT\u00a0: \u00abS\u2019il y a accord avec le gouvernement, il sera sign\u00e9 vendredi\u00bb<\/a><\/blockquote><iframe loading=\"lazy\" class=\"wp-embedded-content\" sandbox=\"allow-scripts\" security=\"restricted\" style=\"position: absolute; clip: rect(1px, 1px, 1px, 1px);\" title=\"\u00ab\u00a0UGTT\u00a0: \u00abS\u2019il y a accord avec le gouvernement, il sera sign\u00e9 vendredi\u00bb\u00a0\u00bb &#8212; Kapitalis\" src=\"https:\/\/kapitalis.com\/tunisie\/2022\/09\/01\/ugtt-sil-y-a-accord-avec-le-gouvernement-il-sera-signe-vendredi\/embed\/#?secret=cOL98l8QNd#?secret=WU2OysFwSC\" data-secret=\"WU2OysFwSC\" width=\"600\" height=\"338\" frameborder=\"0\" marginwidth=\"0\" marginheight=\"0\" scrolling=\"no\"><\/iframe>\n<\/div><\/figure>\n\n\n\n<p>Ces entreprises, qui souffrent d\u2019une mal-gouvernance end\u00e9mique depuis des d\u00e9cennies, co\u00fbtent aujourd\u2019hui tr\u00e8s cher aux contribuables, et l\u2019argent qui leur est inject\u00e9 r\u00e9guli\u00e8rement par l\u2019Etat pour les maintenir en vie artificielle est pay\u00e9 \u00e0 perte par la communaut\u00e9 nationale.<\/p>\n\n\n\n<p>De cela, les dirigeants de l\u2019UGTT, qui puisent l\u2019essentiel de leurs troupes dans la fonction et le secteur publics, \u00e9vitent, bien s\u00fbr, de parler. Ils se contentent donc d\u2019opposer leur veto \u00e0 toute tentative de restructuration pr\u00e9voyant la cession, partielle ou totale, de ces entreprises aux priv\u00e9s. &nbsp;<\/p>\n\n\n\n<p class=\"has-text-align-right\"><strong>I. B.<\/strong><\/p>\n","protected":false},"excerpt":{"rendered":"<p>L\u2019UGTT n\u2019est pas oppos\u00e9e au recours du gouvernement au FMI, mais elle pr\u00e9f\u00e8re des solutions tuniso-tunisiennes aux probl\u00e8mes du pays.<\/p>\n","protected":false},"author":8,"featured_media":3586155,"comment_status":"open","ping_status":"open","sticky":false,"template":"","format":"standard","meta":{"footnotes":""},"categories":[995,2433],"tags":[96355,388,1252,62643,936],"class_list":["post-3586113","post","type-post","status-publish","format-standard","has-post-thumbnail","hentry","category-economie","category-tunisie","tag-anouar-ben-gaddour","tag-fmi","tag-reformes-economiques","tag-tunisie","tag-ugtt"],"yoast_head":"<!-- This site is optimized with the Yoast SEO plugin v26.6 - https:\/\/yoast.com\/wordpress\/plugins\/seo\/ -->\n<title>Tunisie\u00a0: les griefs de l\u2019UGTT contre le programme de r\u00e9formes du gouvernement - Kapitalis<\/title>\n<meta name=\"robots\" content=\"index, follow, max-snippet:-1, max-image-preview:large, max-video-preview:-1\" \/>\n<link rel=\"canonical\" href=\"https:\/\/kapitalis.com\/tunisie\/2022\/09\/01\/tunisie-les-griefs-de-lugtt-contre-le-programme-de-reformes-du-gouvernement\/\" \/>\n<meta property=\"og:locale\" content=\"fr_FR\" \/>\n<meta property=\"og:type\" content=\"article\" \/>\n<meta property=\"og:title\" content=\"Tunisie\u00a0: les griefs de l\u2019UGTT contre le programme de r\u00e9formes du gouvernement - Kapitalis\" \/>\n<meta property=\"og:description\" content=\"L\u2019UGTT n\u2019est pas oppos\u00e9e au recours du gouvernement au FMI, mais elle pr\u00e9f\u00e8re des solutions tuniso-tunisiennes aux probl\u00e8mes du pays.\" \/>\n<meta property=\"og:url\" content=\"https:\/\/kapitalis.com\/tunisie\/2022\/09\/01\/tunisie-les-griefs-de-lugtt-contre-le-programme-de-reformes-du-gouvernement\/\" \/>\n<meta property=\"og:site_name\" content=\"Kapitalis\" \/>\n<meta property=\"article:publisher\" content=\"https:\/\/www.facebook.com\/KapitalisInfo\/\" \/>\n<meta property=\"article:published_time\" content=\"2022-09-01T12:16:19+00:00\" \/>\n<meta property=\"article:modified_time\" content=\"2022-09-01T12:16:20+00:00\" \/>\n<meta property=\"og:image\" content=\"https:\/\/kapitalis.com\/tunisie\/wp-content\/uploads\/2022\/09\/Anouar-Ben-Gaddour.jpg\" \/>\n\t<meta property=\"og:image:width\" content=\"1200\" \/>\n\t<meta property=\"og:image:height\" content=\"630\" \/>\n\t<meta property=\"og:image:type\" content=\"image\/jpeg\" \/>\n<meta name=\"author\" content=\"webmaster kapitalis\" \/>\n<meta name=\"twitter:card\" content=\"summary_large_image\" \/>\n<meta name=\"twitter:creator\" content=\"@KapitalisInfo\" \/>\n<meta name=\"twitter:site\" content=\"@KapitalisInfo\" \/>\n<meta name=\"twitter:label1\" content=\"\u00c9crit par\" \/>\n\t<meta name=\"twitter:data1\" content=\"webmaster kapitalis\" \/>\n\t<meta name=\"twitter:label2\" content=\"Dur\u00e9e de lecture estim\u00e9e\" \/>\n\t<meta name=\"twitter:data2\" content=\"2 minutes\" \/>\n<script type=\"application\/ld+json\" class=\"yoast-schema-graph\">{\"@context\":\"https:\/\/schema.org\",\"@graph\":[{\"@type\":\"Article\",\"@id\":\"https:\/\/kapitalis.com\/tunisie\/2022\/09\/01\/tunisie-les-griefs-de-lugtt-contre-le-programme-de-reformes-du-gouvernement\/#article\",\"isPartOf\":{\"@id\":\"https:\/\/kapitalis.com\/tunisie\/2022\/09\/01\/tunisie-les-griefs-de-lugtt-contre-le-programme-de-reformes-du-gouvernement\/\"},\"author\":{\"name\":\"webmaster kapitalis\",\"@id\":\"https:\/\/kapitalis.com\/tunisie\/#\/schema\/person\/d71f33a9ca44f7bad4698210b480c8e9\"},\"headline\":\"Tunisie\u00a0: les griefs de l\u2019UGTT contre le programme de r\u00e9formes du gouvernement\",\"datePublished\":\"2022-09-01T12:16:19+00:00\",\"dateModified\":\"2022-09-01T12:16:20+00:00\",\"mainEntityOfPage\":{\"@id\":\"https:\/\/kapitalis.com\/tunisie\/2022\/09\/01\/tunisie-les-griefs-de-lugtt-contre-le-programme-de-reformes-du-gouvernement\/\"},\"wordCount\":370,\"commentCount\":0,\"publisher\":{\"@id\":\"https:\/\/kapitalis.com\/tunisie\/#organization\"},\"image\":{\"@id\":\"https:\/\/kapitalis.com\/tunisie\/2022\/09\/01\/tunisie-les-griefs-de-lugtt-contre-le-programme-de-reformes-du-gouvernement\/#primaryimage\"},\"thumbnailUrl\":\"https:\/\/kapitalis.com\/tunisie\/wp-content\/uploads\/2022\/09\/Anouar-Ben-Gaddour.jpg\",\"keywords\":[\"Anouar Ben Gaddour\",\"FMI\",\"r\u00e9formes \u00e9conomiques\",\"Tunisie\",\"UGTT\"],\"articleSection\":[\"ECONOMIE\",\"Tunisie\"],\"inLanguage\":\"fr-FR\",\"potentialAction\":[{\"@type\":\"CommentAction\",\"name\":\"Comment\",\"target\":[\"https:\/\/kapitalis.com\/tunisie\/2022\/09\/01\/tunisie-les-griefs-de-lugtt-contre-le-programme-de-reformes-du-gouvernement\/#respond\"]}]},{\"@type\":\"WebPage\",\"@id\":\"https:\/\/kapitalis.com\/tunisie\/2022\/09\/01\/tunisie-les-griefs-de-lugtt-contre-le-programme-de-reformes-du-gouvernement\/\",\"url\":\"https:\/\/kapitalis.com\/tunisie\/2022\/09\/01\/tunisie-les-griefs-de-lugtt-contre-le-programme-de-reformes-du-gouvernement\/\",\"name\":\"Tunisie\u00a0: les griefs de l\u2019UGTT contre le programme de r\u00e9formes du gouvernement - Kapitalis\",\"isPartOf\":{\"@id\":\"https:\/\/kapitalis.com\/tunisie\/#website\"},\"primaryImageOfPage\":{\"@id\":\"https:\/\/kapitalis.com\/tunisie\/2022\/09\/01\/tunisie-les-griefs-de-lugtt-contre-le-programme-de-reformes-du-gouvernement\/#primaryimage\"},\"image\":{\"@id\":\"https:\/\/kapitalis.com\/tunisie\/2022\/09\/01\/tunisie-les-griefs-de-lugtt-contre-le-programme-de-reformes-du-gouvernement\/#primaryimage\"},\"thumbnailUrl\":\"https:\/\/kapitalis.com\/tunisie\/wp-content\/uploads\/2022\/09\/Anouar-Ben-Gaddour.jpg\",\"datePublished\":\"2022-09-01T12:16:19+00:00\",\"dateModified\":\"2022-09-01T12:16:20+00:00\",\"breadcrumb\":{\"@id\":\"https:\/\/kapitalis.com\/tunisie\/2022\/09\/01\/tunisie-les-griefs-de-lugtt-contre-le-programme-de-reformes-du-gouvernement\/#breadcrumb\"},\"inLanguage\":\"fr-FR\",\"potentialAction\":[{\"@type\":\"ReadAction\",\"target\":[\"https:\/\/kapitalis.com\/tunisie\/2022\/09\/01\/tunisie-les-griefs-de-lugtt-contre-le-programme-de-reformes-du-gouvernement\/\"]}]},{\"@type\":\"ImageObject\",\"inLanguage\":\"fr-FR\",\"@id\":\"https:\/\/kapitalis.com\/tunisie\/2022\/09\/01\/tunisie-les-griefs-de-lugtt-contre-le-programme-de-reformes-du-gouvernement\/#primaryimage\",\"url\":\"https:\/\/kapitalis.com\/tunisie\/wp-content\/uploads\/2022\/09\/Anouar-Ben-Gaddour.jpg\",\"contentUrl\":\"https:\/\/kapitalis.com\/tunisie\/wp-content\/uploads\/2022\/09\/Anouar-Ben-Gaddour.jpg\",\"width\":1200,\"height\":630},{\"@type\":\"BreadcrumbList\",\"@id\":\"https:\/\/kapitalis.com\/tunisie\/2022\/09\/01\/tunisie-les-griefs-de-lugtt-contre-le-programme-de-reformes-du-gouvernement\/#breadcrumb\",\"itemListElement\":[{\"@type\":\"ListItem\",\"position\":1,\"name\":\"Accueil\",\"item\":\"https:\/\/kapitalis.com\/tunisie\/\"},{\"@type\":\"ListItem\",\"position\":2,\"name\":\"Tunisie\u00a0: les griefs de l\u2019UGTT contre le programme de r\u00e9formes du gouvernement\"}]},{\"@type\":\"WebSite\",\"@id\":\"https:\/\/kapitalis.com\/tunisie\/#website\",\"url\":\"https:\/\/kapitalis.com\/tunisie\/\",\"name\":\"Kapitalis\",\"description\":\"L&#039;actualit\u00e9 en Tunisie et dans le monde\",\"publisher\":{\"@id\":\"https:\/\/kapitalis.com\/tunisie\/#organization\"},\"potentialAction\":[{\"@type\":\"SearchAction\",\"target\":{\"@type\":\"EntryPoint\",\"urlTemplate\":\"https:\/\/kapitalis.com\/tunisie\/?s={search_term_string}\"},\"query-input\":{\"@type\":\"PropertyValueSpecification\",\"valueRequired\":true,\"valueName\":\"search_term_string\"}}],\"inLanguage\":\"fr-FR\"},{\"@type\":\"Organization\",\"@id\":\"https:\/\/kapitalis.com\/tunisie\/#organization\",\"name\":\"Kapitalis\",\"url\":\"https:\/\/kapitalis.com\/tunisie\/\",\"logo\":{\"@type\":\"ImageObject\",\"inLanguage\":\"fr-FR\",\"@id\":\"https:\/\/kapitalis.com\/tunisie\/#\/schema\/logo\/image\/\",\"url\":\"https:\/\/kapitalis.com\/tunisie\/wp-content\/uploads\/2022\/05\/Kapitalis-big-size.png\",\"contentUrl\":\"https:\/\/kapitalis.com\/tunisie\/wp-content\/uploads\/2022\/05\/Kapitalis-big-size.png\",\"width\":5000,\"height\":1500,\"caption\":\"Kapitalis\"},\"image\":{\"@id\":\"https:\/\/kapitalis.com\/tunisie\/#\/schema\/logo\/image\/\"},\"sameAs\":[\"https:\/\/www.facebook.com\/KapitalisInfo\/\",\"https:\/\/x.com\/KapitalisInfo\",\"https:\/\/www.youtube.com\/channel\/UC-yDYrHyfFBWWZaOw3FPg9Q\"]},{\"@type\":\"Person\",\"@id\":\"https:\/\/kapitalis.com\/tunisie\/#\/schema\/person\/d71f33a9ca44f7bad4698210b480c8e9\",\"name\":\"webmaster kapitalis\",\"url\":\"https:\/\/kapitalis.com\/tunisie\/author\/webmaster-kapitalis\/\"}]}<\/script>\n<!-- \/ Yoast SEO plugin. -->","yoast_head_json":{"title":"Tunisie\u00a0: les griefs de l\u2019UGTT contre le programme de r\u00e9formes du gouvernement - Kapitalis","robots":{"index":"index","follow":"follow","max-snippet":"max-snippet:-1","max-image-preview":"max-image-preview:large","max-video-preview":"max-video-preview:-1"},"canonical":"https:\/\/kapitalis.com\/tunisie\/2022\/09\/01\/tunisie-les-griefs-de-lugtt-contre-le-programme-de-reformes-du-gouvernement\/","og_locale":"fr_FR","og_type":"article","og_title":"Tunisie\u00a0: les griefs de l\u2019UGTT contre le programme de r\u00e9formes du gouvernement - Kapitalis","og_description":"L\u2019UGTT n\u2019est pas oppos\u00e9e au recours du gouvernement au FMI, mais elle pr\u00e9f\u00e8re des solutions tuniso-tunisiennes aux probl\u00e8mes du pays.","og_url":"https:\/\/kapitalis.com\/tunisie\/2022\/09\/01\/tunisie-les-griefs-de-lugtt-contre-le-programme-de-reformes-du-gouvernement\/","og_site_name":"Kapitalis","article_publisher":"https:\/\/www.facebook.com\/KapitalisInfo\/","article_published_time":"2022-09-01T12:16:19+00:00","article_modified_time":"2022-09-01T12:16:20+00:00","og_image":[{"width":1200,"height":630,"url":"https:\/\/kapitalis.com\/tunisie\/wp-content\/uploads\/2022\/09\/Anouar-Ben-Gaddour.jpg","type":"image\/jpeg"}],"author":"webmaster kapitalis","twitter_card":"summary_large_image","twitter_creator":"@KapitalisInfo","twitter_site":"@KapitalisInfo","twitter_misc":{"\u00c9crit par":"webmaster kapitalis","Dur\u00e9e de lecture estim\u00e9e":"2 minutes"},"schema":{"@context":"https:\/\/schema.org","@graph":[{"@type":"Article","@id":"https:\/\/kapitalis.com\/tunisie\/2022\/09\/01\/tunisie-les-griefs-de-lugtt-contre-le-programme-de-reformes-du-gouvernement\/#article","isPartOf":{"@id":"https:\/\/kapitalis.com\/tunisie\/2022\/09\/01\/tunisie-les-griefs-de-lugtt-contre-le-programme-de-reformes-du-gouvernement\/"},"author":{"name":"webmaster kapitalis","@id":"https:\/\/kapitalis.com\/tunisie\/#\/schema\/person\/d71f33a9ca44f7bad4698210b480c8e9"},"headline":"Tunisie\u00a0: les griefs de l\u2019UGTT contre le programme de r\u00e9formes du gouvernement","datePublished":"2022-09-01T12:16:19+00:00","dateModified":"2022-09-01T12:16:20+00:00","mainEntityOfPage":{"@id":"https:\/\/kapitalis.com\/tunisie\/2022\/09\/01\/tunisie-les-griefs-de-lugtt-contre-le-programme-de-reformes-du-gouvernement\/"},"wordCount":370,"commentCount":0,"publisher":{"@id":"https:\/\/kapitalis.com\/tunisie\/#organization"},"image":{"@id":"https:\/\/kapitalis.com\/tunisie\/2022\/09\/01\/tunisie-les-griefs-de-lugtt-contre-le-programme-de-reformes-du-gouvernement\/#primaryimage"},"thumbnailUrl":"https:\/\/kapitalis.com\/tunisie\/wp-content\/uploads\/2022\/09\/Anouar-Ben-Gaddour.jpg","keywords":["Anouar Ben Gaddour","FMI","r\u00e9formes \u00e9conomiques","Tunisie","UGTT"],"articleSection":["ECONOMIE","Tunisie"],"inLanguage":"fr-FR","potentialAction":[{"@type":"CommentAction","name":"Comment","target":["https:\/\/kapitalis.com\/tunisie\/2022\/09\/01\/tunisie-les-griefs-de-lugtt-contre-le-programme-de-reformes-du-gouvernement\/#respond"]}]},{"@type":"WebPage","@id":"https:\/\/kapitalis.com\/tunisie\/2022\/09\/01\/tunisie-les-griefs-de-lugtt-contre-le-programme-de-reformes-du-gouvernement\/","url":"https:\/\/kapitalis.com\/tunisie\/2022\/09\/01\/tunisie-les-griefs-de-lugtt-contre-le-programme-de-reformes-du-gouvernement\/","name":"Tunisie\u00a0: les griefs de l\u2019UGTT contre le programme de r\u00e9formes du gouvernement - Kapitalis","isPartOf":{"@id":"https:\/\/kapitalis.com\/tunisie\/#website"},"primaryImageOfPage":{"@id":"https:\/\/kapitalis.com\/tunisie\/2022\/09\/01\/tunisie-les-griefs-de-lugtt-contre-le-programme-de-reformes-du-gouvernement\/#primaryimage"},"image":{"@id":"https:\/\/kapitalis.com\/tunisie\/2022\/09\/01\/tunisie-les-griefs-de-lugtt-contre-le-programme-de-reformes-du-gouvernement\/#primaryimage"},"thumbnailUrl":"https:\/\/kapitalis.com\/tunisie\/wp-content\/uploads\/2022\/09\/Anouar-Ben-Gaddour.jpg","datePublished":"2022-09-01T12:16:19+00:00","dateModified":"2022-09-01T12:16:20+00:00","breadcrumb":{"@id":"https:\/\/kapitalis.com\/tunisie\/2022\/09\/01\/tunisie-les-griefs-de-lugtt-contre-le-programme-de-reformes-du-gouvernement\/#breadcrumb"},"inLanguage":"fr-FR","potentialAction":[{"@type":"ReadAction","target":["https:\/\/kapitalis.com\/tunisie\/2022\/09\/01\/tunisie-les-griefs-de-lugtt-contre-le-programme-de-reformes-du-gouvernement\/"]}]},{"@type":"ImageObject","inLanguage":"fr-FR","@id":"https:\/\/kapitalis.com\/tunisie\/2022\/09\/01\/tunisie-les-griefs-de-lugtt-contre-le-programme-de-reformes-du-gouvernement\/#primaryimage","url":"https:\/\/kapitalis.com\/tunisie\/wp-content\/uploads\/2022\/09\/Anouar-Ben-Gaddour.jpg","contentUrl":"https:\/\/kapitalis.com\/tunisie\/wp-content\/uploads\/2022\/09\/Anouar-Ben-Gaddour.jpg","width":1200,"height":630},{"@type":"BreadcrumbList","@id":"https:\/\/kapitalis.com\/tunisie\/2022\/09\/01\/tunisie-les-griefs-de-lugtt-contre-le-programme-de-reformes-du-gouvernement\/#breadcrumb","itemListElement":[{"@type":"ListItem","position":1,"name":"Accueil","item":"https:\/\/kapitalis.com\/tunisie\/"},{"@type":"ListItem","position":2,"name":"Tunisie\u00a0: les griefs de l\u2019UGTT contre le programme de r\u00e9formes du gouvernement"}]},{"@type":"WebSite","@id":"https:\/\/kapitalis.com\/tunisie\/#website","url":"https:\/\/kapitalis.com\/tunisie\/","name":"Kapitalis","description":"L&#039;actualit\u00e9 en Tunisie et dans le monde","publisher":{"@id":"https:\/\/kapitalis.com\/tunisie\/#organization"},"potentialAction":[{"@type":"SearchAction","target":{"@type":"EntryPoint","urlTemplate":"https:\/\/kapitalis.com\/tunisie\/?s={search_term_string}"},"query-input":{"@type":"PropertyValueSpecification","valueRequired":true,"valueName":"search_term_string"}}],"inLanguage":"fr-FR"},{"@type":"Organization","@id":"https:\/\/kapitalis.com\/tunisie\/#organization","name":"Kapitalis","url":"https:\/\/kapitalis.com\/tunisie\/","logo":{"@type":"ImageObject","inLanguage":"fr-FR","@id":"https:\/\/kapitalis.com\/tunisie\/#\/schema\/logo\/image\/","url":"https:\/\/kapitalis.com\/tunisie\/wp-content\/uploads\/2022\/05\/Kapitalis-big-size.png","contentUrl":"https:\/\/kapitalis.com\/tunisie\/wp-content\/uploads\/2022\/05\/Kapitalis-big-size.png","width":5000,"height":1500,"caption":"Kapitalis"},"image":{"@id":"https:\/\/kapitalis.com\/tunisie\/#\/schema\/logo\/image\/"},"sameAs":["https:\/\/www.facebook.com\/KapitalisInfo\/","https:\/\/x.com\/KapitalisInfo","https:\/\/www.youtube.com\/channel\/UC-yDYrHyfFBWWZaOw3FPg9Q"]},{"@type":"Person","@id":"https:\/\/kapitalis.com\/tunisie\/#\/schema\/person\/d71f33a9ca44f7bad4698210b480c8e9","name":"webmaster kapitalis","url":"https:\/\/kapitalis.com\/tunisie\/author\/webmaster-kapitalis\/"}]}},"_links":{"self":[{"href":"https:\/\/kapitalis.com\/tunisie\/wp-json\/wp\/v2\/posts\/3586113","targetHints":{"allow":["GET"]}}],"collection":[{"href":"https:\/\/kapitalis.com\/tunisie\/wp-json\/wp\/v2\/posts"}],"about":[{"href":"https:\/\/kapitalis.com\/tunisie\/wp-json\/wp\/v2\/types\/post"}],"author":[{"embeddable":true,"href":"https:\/\/kapitalis.com\/tunisie\/wp-json\/wp\/v2\/users\/8"}],"replies":[{"embeddable":true,"href":"https:\/\/kapitalis.com\/tunisie\/wp-json\/wp\/v2\/comments?post=3586113"}],"version-history":[{"count":0,"href":"https:\/\/kapitalis.com\/tunisie\/wp-json\/wp\/v2\/posts\/3586113\/revisions"}],"wp:featuredmedia":[{"embeddable":true,"href":"https:\/\/kapitalis.com\/tunisie\/wp-json\/wp\/v2\/media\/3586155"}],"wp:attachment":[{"href":"https:\/\/kapitalis.com\/tunisie\/wp-json\/wp\/v2\/media?parent=3586113"}],"wp:term":[{"taxonomy":"category","embeddable":true,"href":"https:\/\/kapitalis.com\/tunisie\/wp-json\/wp\/v2\/categories?post=3586113"},{"taxonomy":"post_tag","embeddable":true,"href":"https:\/\/kapitalis.com\/tunisie\/wp-json\/wp\/v2\/tags?post=3586113"}],"curies":[{"name":"wp","href":"https:\/\/api.w.org\/{rel}","templated":true}]}}