{"id":358658,"date":"2021-08-06T20:15:57","date_gmt":"2021-08-06T19:15:57","guid":{"rendered":"http:\/\/kapitalis.com\/tunisie\/?p=358658"},"modified":"2021-08-07T14:36:26","modified_gmt":"2021-08-07T13:36:26","slug":"un-week-end-marque-par-la-canicule-en-tunisie-les-temperatures-par-region","status":"publish","type":"post","link":"https:\/\/kapitalis.com\/tunisie\/2021\/08\/06\/un-week-end-marque-par-la-canicule-en-tunisie-les-temperatures-par-region\/","title":{"rendered":"Un Week-end marqu\u00e9 par la canicule en Tunisie : Les temp\u00e9ratures par r\u00e9gion"},"content":{"rendered":"\n<div class=\"wp-block-image\"><figure class=\"aligncenter size-large\"><img decoding=\"async\" src=\"http:\/\/kapitalis.com\/tunisie\/wp-content\/uploads\/2017\/06\/Chaleurs-canicule-m\u00e9t\u00e9o.jpg\" alt=\"\" class=\"wp-image-103509\"\/><\/figure><\/div>\n\n\n\n<p><strong><em>L\u2019Institut national de la m\u00e9t\u00e9orologie (INM), a annonc\u00e9 dans une alerte m\u00e9t\u00e9o, ce vendredi 6 ao\u00fbt 2021, qu\u2019une  hausse des temp\u00e9ratures est pr\u00e9vue pour le week-end prochain, et particuli\u00e8rement samedi, sachant que celles-ci  pourront d\u00e9passer 47\u00b0C dans certaines zones du nord et dans le sud du pays.<\/em><\/strong><\/p>\n\n\n\n<!--more-->\n\n\n\n<p>L\u2019INM a pr\u00e9cis\u00e9 que ces temp\u00e9ratures (\u00e0 l\u2019ombre) d\u00e9passeront les moyennes saisonni\u00e8res de 5 \u00e0 10\u00b0C, et qu&rsquo;elles conna\u00eetront une nouvelle hausse d\u00e8s mardi prochain.<\/p>\n\n\n\n<p>Ci-dessous les temp\u00e9ratures, par r\u00e9gion, attendues les 7 et 8 ao\u00fbt : <\/p>\n\n\n\n<ul class=\"wp-block-list\"><li>Grand-Tunis : 42\u00b0 samedi et 37\u00b0 dimanche;<\/li><li>Bizerte : 44\/34;<\/li><li>Nabeul : 33\/33;<\/li><li>Zaghouan ; 40\/37;<\/li><li>Beja : 46\/42;<\/li><li>Jendouba 47\/43;<\/li><li>Kef : 44\/43;<\/li><li>Siliana : 43\/43;<\/li><li>Sousse: 40\/37;<\/li><li>Monastir : 36\/36;<\/li><li>Mahdia :33\/33;<\/li><li>Kairouan : 44\/45;<\/li><li>Sidi Bouzid :43\/46;<\/li><li>Kasserine : 43\/44;<\/li><li>Gafsa :45\/47;<\/li><li>Tozeur : 47\/48;<\/li><li>Kebili : 46\/48;<\/li><li>Sfax : 35\/37;<\/li><li>Gab\u00e8s : 34\/34;<\/li><li>Medenine : 45\/43;<\/li><li>Tatatouine : 46\/47<\/li><\/ul>\n\n\n\n<p class=\"has-text-align-right\"><strong>Y. N.<\/strong><\/p>\n","protected":false},"excerpt":{"rendered":"<p>L\u2019Institut national de la m\u00e9t\u00e9orologie (INM), a annonc\u00e9 dans une alerte m\u00e9t\u00e9o, ce vendredi 6 ao\u00fbt 2021, qu\u2019une hausse des temp\u00e9ratures est pr\u00e9vue pour le week-end prochain, et particuli\u00e8rement samedi, sachant que celles-ci pourront d\u00e9passer 47\u00b0C dans certaines zones du nord et dans le sud du pays.<\/p>\n","protected":false},"author":6,"featured_media":0,"comment_status":"open","ping_status":"open","sticky":false,"template":"","format":"standard","meta":{"footnotes":""},"categories":[998,2433],"tags":[3887,1036,483,603,1665,62643],"class_list":["post-358658","post","type-post","status-publish","format-standard","hentry","category-societe","category-tunisie","tag-canicule","tag-chaleur","tag-inm","tag-meteo","tag-temperatures","tag-tunisie"],"yoast_head":"<!-- This site is optimized with the Yoast SEO plugin v26.6 - https:\/\/yoast.com\/wordpress\/plugins\/seo\/ -->\n<title>Un Week-end marqu\u00e9 par la canicule en Tunisie : Les temp\u00e9ratures par r\u00e9gion - Kapitalis<\/title>\n<meta name=\"robots\" content=\"index, follow, max-snippet:-1, max-image-preview:large, max-video-preview:-1\" \/>\n<link rel=\"canonical\" href=\"https:\/\/kapitalis.com\/tunisie\/2021\/08\/06\/un-week-end-marque-par-la-canicule-en-tunisie-les-temperatures-par-region\/\" \/>\n<meta property=\"og:locale\" content=\"fr_FR\" \/>\n<meta property=\"og:type\" content=\"article\" \/>\n<meta property=\"og:title\" content=\"Un Week-end marqu\u00e9 par la canicule en Tunisie : Les temp\u00e9ratures par r\u00e9gion - Kapitalis\" \/>\n<meta property=\"og:description\" content=\"L\u2019Institut national de la m\u00e9t\u00e9orologie (INM), a annonc\u00e9 dans une alerte m\u00e9t\u00e9o, ce vendredi 6 ao\u00fbt 2021, qu\u2019une hausse des temp\u00e9ratures est pr\u00e9vue pour le week-end prochain, et particuli\u00e8rement samedi, sachant que celles-ci pourront d\u00e9passer 47\u00b0C dans certaines zones du nord et dans le sud du pays.\" \/>\n<meta property=\"og:url\" content=\"https:\/\/kapitalis.com\/tunisie\/2021\/08\/06\/un-week-end-marque-par-la-canicule-en-tunisie-les-temperatures-par-region\/\" \/>\n<meta property=\"og:site_name\" content=\"Kapitalis\" \/>\n<meta property=\"article:publisher\" content=\"https:\/\/www.facebook.com\/KapitalisInfo\/\" \/>\n<meta property=\"article:published_time\" content=\"2021-08-06T19:15:57+00:00\" \/>\n<meta property=\"article:modified_time\" content=\"2021-08-07T13:36:26+00:00\" \/>\n<meta property=\"og:image\" content=\"https:\/\/kapitalis.com\/tunisie\/wp-content\/uploads\/2022\/05\/kapitalis-logo-fb.png\" \/>\n\t<meta property=\"og:image:width\" content=\"1200\" \/>\n\t<meta property=\"og:image:height\" content=\"630\" \/>\n\t<meta property=\"og:image:type\" content=\"image\/png\" \/>\n<meta name=\"author\" content=\"Yusra NY\" \/>\n<meta name=\"twitter:card\" content=\"summary_large_image\" \/>\n<meta name=\"twitter:creator\" content=\"@KapitalisInfo\" \/>\n<meta name=\"twitter:site\" content=\"@KapitalisInfo\" \/>\n<meta name=\"twitter:label1\" content=\"\u00c9crit par\" \/>\n\t<meta name=\"twitter:data1\" content=\"Yusra NY\" \/>\n\t<meta name=\"twitter:label2\" content=\"Dur\u00e9e de lecture estim\u00e9e\" \/>\n\t<meta name=\"twitter:data2\" content=\"1 minute\" \/>\n<script type=\"application\/ld+json\" class=\"yoast-schema-graph\">{\"@context\":\"https:\/\/schema.org\",\"@graph\":[{\"@type\":\"Article\",\"@id\":\"https:\/\/kapitalis.com\/tunisie\/2021\/08\/06\/un-week-end-marque-par-la-canicule-en-tunisie-les-temperatures-par-region\/#article\",\"isPartOf\":{\"@id\":\"https:\/\/kapitalis.com\/tunisie\/2021\/08\/06\/un-week-end-marque-par-la-canicule-en-tunisie-les-temperatures-par-region\/\"},\"author\":{\"name\":\"Yusra NY\",\"@id\":\"https:\/\/kapitalis.com\/tunisie\/#\/schema\/person\/74bbde0154d49d790a92aaeac5bc01d5\"},\"headline\":\"Un Week-end marqu\u00e9 par la canicule en Tunisie : Les temp\u00e9ratures par r\u00e9gion\",\"datePublished\":\"2021-08-06T19:15:57+00:00\",\"dateModified\":\"2021-08-07T13:36:26+00:00\",\"mainEntityOfPage\":{\"@id\":\"https:\/\/kapitalis.com\/tunisie\/2021\/08\/06\/un-week-end-marque-par-la-canicule-en-tunisie-les-temperatures-par-region\/\"},\"wordCount\":140,\"commentCount\":0,\"publisher\":{\"@id\":\"https:\/\/kapitalis.com\/tunisie\/#organization\"},\"keywords\":[\"canicule\",\"chaleur\",\"INM\",\"m\u00e9t\u00e9o\",\"temp\u00e9ratures\",\"Tunisie\"],\"articleSection\":[\"SOCIETE\",\"Tunisie\"],\"inLanguage\":\"fr-FR\",\"potentialAction\":[{\"@type\":\"CommentAction\",\"name\":\"Comment\",\"target\":[\"https:\/\/kapitalis.com\/tunisie\/2021\/08\/06\/un-week-end-marque-par-la-canicule-en-tunisie-les-temperatures-par-region\/#respond\"]}]},{\"@type\":\"WebPage\",\"@id\":\"https:\/\/kapitalis.com\/tunisie\/2021\/08\/06\/un-week-end-marque-par-la-canicule-en-tunisie-les-temperatures-par-region\/\",\"url\":\"https:\/\/kapitalis.com\/tunisie\/2021\/08\/06\/un-week-end-marque-par-la-canicule-en-tunisie-les-temperatures-par-region\/\",\"name\":\"Un Week-end marqu\u00e9 par la canicule en Tunisie : Les temp\u00e9ratures par r\u00e9gion - Kapitalis\",\"isPartOf\":{\"@id\":\"https:\/\/kapitalis.com\/tunisie\/#website\"},\"datePublished\":\"2021-08-06T19:15:57+00:00\",\"dateModified\":\"2021-08-07T13:36:26+00:00\",\"breadcrumb\":{\"@id\":\"https:\/\/kapitalis.com\/tunisie\/2021\/08\/06\/un-week-end-marque-par-la-canicule-en-tunisie-les-temperatures-par-region\/#breadcrumb\"},\"inLanguage\":\"fr-FR\",\"potentialAction\":[{\"@type\":\"ReadAction\",\"target\":[\"https:\/\/kapitalis.com\/tunisie\/2021\/08\/06\/un-week-end-marque-par-la-canicule-en-tunisie-les-temperatures-par-region\/\"]}]},{\"@type\":\"BreadcrumbList\",\"@id\":\"https:\/\/kapitalis.com\/tunisie\/2021\/08\/06\/un-week-end-marque-par-la-canicule-en-tunisie-les-temperatures-par-region\/#breadcrumb\",\"itemListElement\":[{\"@type\":\"ListItem\",\"position\":1,\"name\":\"Accueil\",\"item\":\"https:\/\/kapitalis.com\/tunisie\/\"},{\"@type\":\"ListItem\",\"position\":2,\"name\":\"Un Week-end marqu\u00e9 par la canicule en Tunisie : Les temp\u00e9ratures par r\u00e9gion\"}]},{\"@type\":\"WebSite\",\"@id\":\"https:\/\/kapitalis.com\/tunisie\/#website\",\"url\":\"https:\/\/kapitalis.com\/tunisie\/\",\"name\":\"Kapitalis\",\"description\":\"L&#039;actualit\u00e9 en Tunisie et dans le monde\",\"publisher\":{\"@id\":\"https:\/\/kapitalis.com\/tunisie\/#organization\"},\"potentialAction\":[{\"@type\":\"SearchAction\",\"target\":{\"@type\":\"EntryPoint\",\"urlTemplate\":\"https:\/\/kapitalis.com\/tunisie\/?s={search_term_string}\"},\"query-input\":{\"@type\":\"PropertyValueSpecification\",\"valueRequired\":true,\"valueName\":\"search_term_string\"}}],\"inLanguage\":\"fr-FR\"},{\"@type\":\"Organization\",\"@id\":\"https:\/\/kapitalis.com\/tunisie\/#organization\",\"name\":\"Kapitalis\",\"url\":\"https:\/\/kapitalis.com\/tunisie\/\",\"logo\":{\"@type\":\"ImageObject\",\"inLanguage\":\"fr-FR\",\"@id\":\"https:\/\/kapitalis.com\/tunisie\/#\/schema\/logo\/image\/\",\"url\":\"https:\/\/kapitalis.com\/tunisie\/wp-content\/uploads\/2022\/05\/Kapitalis-big-size.png\",\"contentUrl\":\"https:\/\/kapitalis.com\/tunisie\/wp-content\/uploads\/2022\/05\/Kapitalis-big-size.png\",\"width\":5000,\"height\":1500,\"caption\":\"Kapitalis\"},\"image\":{\"@id\":\"https:\/\/kapitalis.com\/tunisie\/#\/schema\/logo\/image\/\"},\"sameAs\":[\"https:\/\/www.facebook.com\/KapitalisInfo\/\",\"https:\/\/x.com\/KapitalisInfo\",\"https:\/\/www.youtube.com\/channel\/UC-yDYrHyfFBWWZaOw3FPg9Q\"]},{\"@type\":\"Person\",\"@id\":\"https:\/\/kapitalis.com\/tunisie\/#\/schema\/person\/74bbde0154d49d790a92aaeac5bc01d5\",\"name\":\"Yusra NY\",\"url\":\"https:\/\/kapitalis.com\/tunisie\/author\/yuza_adam\/\"}]}<\/script>\n<!-- \/ Yoast SEO plugin. -->","yoast_head_json":{"title":"Un Week-end marqu\u00e9 par la canicule en Tunisie : Les temp\u00e9ratures par r\u00e9gion - Kapitalis","robots":{"index":"index","follow":"follow","max-snippet":"max-snippet:-1","max-image-preview":"max-image-preview:large","max-video-preview":"max-video-preview:-1"},"canonical":"https:\/\/kapitalis.com\/tunisie\/2021\/08\/06\/un-week-end-marque-par-la-canicule-en-tunisie-les-temperatures-par-region\/","og_locale":"fr_FR","og_type":"article","og_title":"Un Week-end marqu\u00e9 par la canicule en Tunisie : Les temp\u00e9ratures par r\u00e9gion - Kapitalis","og_description":"L\u2019Institut national de la m\u00e9t\u00e9orologie (INM), a annonc\u00e9 dans une alerte m\u00e9t\u00e9o, ce vendredi 6 ao\u00fbt 2021, qu\u2019une hausse des temp\u00e9ratures est pr\u00e9vue pour le week-end prochain, et particuli\u00e8rement samedi, sachant que celles-ci pourront d\u00e9passer 47\u00b0C dans certaines zones du nord et dans le sud du pays.","og_url":"https:\/\/kapitalis.com\/tunisie\/2021\/08\/06\/un-week-end-marque-par-la-canicule-en-tunisie-les-temperatures-par-region\/","og_site_name":"Kapitalis","article_publisher":"https:\/\/www.facebook.com\/KapitalisInfo\/","article_published_time":"2021-08-06T19:15:57+00:00","article_modified_time":"2021-08-07T13:36:26+00:00","og_image":[{"width":1200,"height":630,"url":"https:\/\/kapitalis.com\/tunisie\/wp-content\/uploads\/2022\/05\/kapitalis-logo-fb.png","type":"image\/png"}],"author":"Yusra NY","twitter_card":"summary_large_image","twitter_creator":"@KapitalisInfo","twitter_site":"@KapitalisInfo","twitter_misc":{"\u00c9crit par":"Yusra NY","Dur\u00e9e de lecture estim\u00e9e":"1 minute"},"schema":{"@context":"https:\/\/schema.org","@graph":[{"@type":"Article","@id":"https:\/\/kapitalis.com\/tunisie\/2021\/08\/06\/un-week-end-marque-par-la-canicule-en-tunisie-les-temperatures-par-region\/#article","isPartOf":{"@id":"https:\/\/kapitalis.com\/tunisie\/2021\/08\/06\/un-week-end-marque-par-la-canicule-en-tunisie-les-temperatures-par-region\/"},"author":{"name":"Yusra NY","@id":"https:\/\/kapitalis.com\/tunisie\/#\/schema\/person\/74bbde0154d49d790a92aaeac5bc01d5"},"headline":"Un Week-end marqu\u00e9 par la canicule en Tunisie : Les temp\u00e9ratures par r\u00e9gion","datePublished":"2021-08-06T19:15:57+00:00","dateModified":"2021-08-07T13:36:26+00:00","mainEntityOfPage":{"@id":"https:\/\/kapitalis.com\/tunisie\/2021\/08\/06\/un-week-end-marque-par-la-canicule-en-tunisie-les-temperatures-par-region\/"},"wordCount":140,"commentCount":0,"publisher":{"@id":"https:\/\/kapitalis.com\/tunisie\/#organization"},"keywords":["canicule","chaleur","INM","m\u00e9t\u00e9o","temp\u00e9ratures","Tunisie"],"articleSection":["SOCIETE","Tunisie"],"inLanguage":"fr-FR","potentialAction":[{"@type":"CommentAction","name":"Comment","target":["https:\/\/kapitalis.com\/tunisie\/2021\/08\/06\/un-week-end-marque-par-la-canicule-en-tunisie-les-temperatures-par-region\/#respond"]}]},{"@type":"WebPage","@id":"https:\/\/kapitalis.com\/tunisie\/2021\/08\/06\/un-week-end-marque-par-la-canicule-en-tunisie-les-temperatures-par-region\/","url":"https:\/\/kapitalis.com\/tunisie\/2021\/08\/06\/un-week-end-marque-par-la-canicule-en-tunisie-les-temperatures-par-region\/","name":"Un Week-end marqu\u00e9 par la canicule en Tunisie : Les temp\u00e9ratures par r\u00e9gion - Kapitalis","isPartOf":{"@id":"https:\/\/kapitalis.com\/tunisie\/#website"},"datePublished":"2021-08-06T19:15:57+00:00","dateModified":"2021-08-07T13:36:26+00:00","breadcrumb":{"@id":"https:\/\/kapitalis.com\/tunisie\/2021\/08\/06\/un-week-end-marque-par-la-canicule-en-tunisie-les-temperatures-par-region\/#breadcrumb"},"inLanguage":"fr-FR","potentialAction":[{"@type":"ReadAction","target":["https:\/\/kapitalis.com\/tunisie\/2021\/08\/06\/un-week-end-marque-par-la-canicule-en-tunisie-les-temperatures-par-region\/"]}]},{"@type":"BreadcrumbList","@id":"https:\/\/kapitalis.com\/tunisie\/2021\/08\/06\/un-week-end-marque-par-la-canicule-en-tunisie-les-temperatures-par-region\/#breadcrumb","itemListElement":[{"@type":"ListItem","position":1,"name":"Accueil","item":"https:\/\/kapitalis.com\/tunisie\/"},{"@type":"ListItem","position":2,"name":"Un Week-end marqu\u00e9 par la canicule en Tunisie : Les temp\u00e9ratures par r\u00e9gion"}]},{"@type":"WebSite","@id":"https:\/\/kapitalis.com\/tunisie\/#website","url":"https:\/\/kapitalis.com\/tunisie\/","name":"Kapitalis","description":"L&#039;actualit\u00e9 en Tunisie et dans le monde","publisher":{"@id":"https:\/\/kapitalis.com\/tunisie\/#organization"},"potentialAction":[{"@type":"SearchAction","target":{"@type":"EntryPoint","urlTemplate":"https:\/\/kapitalis.com\/tunisie\/?s={search_term_string}"},"query-input":{"@type":"PropertyValueSpecification","valueRequired":true,"valueName":"search_term_string"}}],"inLanguage":"fr-FR"},{"@type":"Organization","@id":"https:\/\/kapitalis.com\/tunisie\/#organization","name":"Kapitalis","url":"https:\/\/kapitalis.com\/tunisie\/","logo":{"@type":"ImageObject","inLanguage":"fr-FR","@id":"https:\/\/kapitalis.com\/tunisie\/#\/schema\/logo\/image\/","url":"https:\/\/kapitalis.com\/tunisie\/wp-content\/uploads\/2022\/05\/Kapitalis-big-size.png","contentUrl":"https:\/\/kapitalis.com\/tunisie\/wp-content\/uploads\/2022\/05\/Kapitalis-big-size.png","width":5000,"height":1500,"caption":"Kapitalis"},"image":{"@id":"https:\/\/kapitalis.com\/tunisie\/#\/schema\/logo\/image\/"},"sameAs":["https:\/\/www.facebook.com\/KapitalisInfo\/","https:\/\/x.com\/KapitalisInfo","https:\/\/www.youtube.com\/channel\/UC-yDYrHyfFBWWZaOw3FPg9Q"]},{"@type":"Person","@id":"https:\/\/kapitalis.com\/tunisie\/#\/schema\/person\/74bbde0154d49d790a92aaeac5bc01d5","name":"Yusra NY","url":"https:\/\/kapitalis.com\/tunisie\/author\/yuza_adam\/"}]}},"_links":{"self":[{"href":"https:\/\/kapitalis.com\/tunisie\/wp-json\/wp\/v2\/posts\/358658","targetHints":{"allow":["GET"]}}],"collection":[{"href":"https:\/\/kapitalis.com\/tunisie\/wp-json\/wp\/v2\/posts"}],"about":[{"href":"https:\/\/kapitalis.com\/tunisie\/wp-json\/wp\/v2\/types\/post"}],"author":[{"embeddable":true,"href":"https:\/\/kapitalis.com\/tunisie\/wp-json\/wp\/v2\/users\/6"}],"replies":[{"embeddable":true,"href":"https:\/\/kapitalis.com\/tunisie\/wp-json\/wp\/v2\/comments?post=358658"}],"version-history":[{"count":0,"href":"https:\/\/kapitalis.com\/tunisie\/wp-json\/wp\/v2\/posts\/358658\/revisions"}],"wp:attachment":[{"href":"https:\/\/kapitalis.com\/tunisie\/wp-json\/wp\/v2\/media?parent=358658"}],"wp:term":[{"taxonomy":"category","embeddable":true,"href":"https:\/\/kapitalis.com\/tunisie\/wp-json\/wp\/v2\/categories?post=358658"},{"taxonomy":"post_tag","embeddable":true,"href":"https:\/\/kapitalis.com\/tunisie\/wp-json\/wp\/v2\/tags?post=358658"}],"curies":[{"name":"wp","href":"https:\/\/api.w.org\/{rel}","templated":true}]}}