{"id":358711,"date":"2021-08-07T15:24:08","date_gmt":"2021-08-07T14:24:08","guid":{"rendered":"http:\/\/kapitalis.com\/tunisie\/?p=358711"},"modified":"2021-08-07T15:27:47","modified_gmt":"2021-08-07T14:27:47","slug":"tunisie-des-inconnus-vandalisent-la-voiture-du-depute-mustapha-ben-ahmed","status":"publish","type":"post","link":"https:\/\/kapitalis.com\/tunisie\/2021\/08\/07\/tunisie-des-inconnus-vandalisent-la-voiture-du-depute-mustapha-ben-ahmed\/","title":{"rendered":"Tunisie : Des inconnus vandalisent la voiture du d\u00e9put\u00e9 Mustapha Ben Ahmed"},"content":{"rendered":"\n<div class=\"wp-block-image\"><figure class=\"aligncenter size-large\"><img decoding=\"async\" src=\"http:\/\/kapitalis.com\/tunisie\/wp-content\/uploads\/2021\/08\/vandalisme-voiture-Mustapha-Ben-Ahmed.jpg\" alt=\"\" class=\"wp-image-358713\"\/><\/figure><\/div>\n\n\n\n<p><strong><em>Le d\u00e9put\u00e9 Tahya Tounes Mustapha Ben Ahmed a indiqu\u00e9 ce samedi 7ao\u00fbt 2021, que des inconnus ont vandalis\u00e9 sa voiture : \u00abIls ont fouill\u00e9 dans mes affaires personnelles sans rien voler\u00bb, a-t-il pr\u00e9cis\u00e9.<\/em><\/strong><\/p>\n\n\n\n<!--more-->\n\n\n\n<p>L&rsquo;acte de vandalisme s&rsquo;est d\u00e9roul\u00e9 dans la nuit du vendredi \u00e0 samedi et le d\u00e9put\u00e9, qui en a fait la d\u00e9couverte ce matin, a publi\u00e9 une photo de sa voiture, dont la vitre a \u00e9t\u00e9 bris\u00e9e.<\/p>\n\n\n\n<div class=\"wp-block-image\"><figure class=\"aligncenter size-large is-resized\"><img decoding=\"async\" src=\"http:\/\/kapitalis.com\/tunisie\/wp-content\/uploads\/2017\/10\/Mustapha-Ben-ahmed-d\u00e9put\u00e9-.jpg\" alt=\"\" class=\"wp-image-121084\" width=\"500\"\/><figcaption><em>Mustapha Ben Ahmed<\/em>.<\/figcaption><\/figure><\/div>\n\n\n\n<p>Mustapaha Ben Ahmed, qui avait d\u00e9nonc\u00e9 hier, les accusations mensong\u00e8res et les appels \u00e0 la haine contre certains responsables et avaient appel\u00e9 \u00e0 ne pas porter atteinte aux autres et laisser la justice faire son travail,  n&rsquo;a pas pr\u00e9cis\u00e9 s&rsquo;il compte saisir la justice apr\u00e8s le vandalisme de sa voiture.<\/p>\n\n\n\n<p>Il a, cependant, publi\u00e9 un post sur son compte Facebook, o\u00f9 il affirme qu&rsquo;il ne compte pas \u00ab<em>jouer le r\u00f4le du h\u00e9ros<\/em>\u00bb mais qu&rsquo;il n&rsquo;est pas pour autant \u00ab<em>un poltron<\/em>\u00bb et qu&rsquo;il n&rsquo;abandonnera pas son \u00ab<em>propre r\u00f4le, et ce, jusqu&rsquo;\u00e0 son dernier souffle\u00bb.<\/em><\/p>\n\n\n\n<p class=\"has-text-align-right\"><strong>Y. N.<\/strong><\/p>\n","protected":false},"excerpt":{"rendered":"<p>Le d\u00e9put\u00e9 Tahya Tounes Mustapha Ben Ahmed a indiqu\u00e9 ce samedi 7ao\u00fbt 2021, que des inconnus ont vandalis\u00e9 sa voiture : \u00abIls ont fouill\u00e9 dans mes affaires personnelles sans rien voler\u00bb, a-t-il pr\u00e9cis\u00e9.<\/p>\n","protected":false},"author":6,"featured_media":358713,"comment_status":"open","ping_status":"open","sticky":false,"template":"","format":"standard","meta":{"footnotes":""},"categories":[997,2433],"tags":[1347,92524,54991,62643,1699,3637],"class_list":["post-358711","post","type-post","status-publish","format-standard","has-post-thumbnail","hentry","category-politique","category-tunisie","tag-depute","tag-depute-mustapha-ben-ahmed","tag-tahya-tounes","tag-tunisie","tag-vandalisme","tag-voiture"],"yoast_head":"<!-- This site is optimized with the Yoast SEO plugin v26.6 - https:\/\/yoast.com\/wordpress\/plugins\/seo\/ -->\n<title>Tunisie : Des inconnus vandalisent la voiture du d\u00e9put\u00e9 Mustapha Ben Ahmed - Kapitalis<\/title>\n<meta name=\"robots\" content=\"index, follow, max-snippet:-1, max-image-preview:large, max-video-preview:-1\" \/>\n<link rel=\"canonical\" href=\"https:\/\/kapitalis.com\/tunisie\/2021\/08\/07\/tunisie-des-inconnus-vandalisent-la-voiture-du-depute-mustapha-ben-ahmed\/\" \/>\n<meta property=\"og:locale\" content=\"fr_FR\" \/>\n<meta property=\"og:type\" content=\"article\" \/>\n<meta property=\"og:title\" content=\"Tunisie : Des inconnus vandalisent la voiture du d\u00e9put\u00e9 Mustapha Ben Ahmed - Kapitalis\" \/>\n<meta property=\"og:description\" content=\"Le d\u00e9put\u00e9 Tahya Tounes Mustapha Ben Ahmed a indiqu\u00e9 ce samedi 7ao\u00fbt 2021, que des inconnus ont vandalis\u00e9 sa voiture : \u00abIls ont fouill\u00e9 dans mes affaires personnelles sans rien voler\u00bb, a-t-il pr\u00e9cis\u00e9.\" \/>\n<meta property=\"og:url\" content=\"https:\/\/kapitalis.com\/tunisie\/2021\/08\/07\/tunisie-des-inconnus-vandalisent-la-voiture-du-depute-mustapha-ben-ahmed\/\" \/>\n<meta property=\"og:site_name\" content=\"Kapitalis\" \/>\n<meta property=\"article:publisher\" content=\"https:\/\/www.facebook.com\/KapitalisInfo\/\" \/>\n<meta property=\"article:published_time\" content=\"2021-08-07T14:24:08+00:00\" \/>\n<meta property=\"article:modified_time\" content=\"2021-08-07T14:27:47+00:00\" \/>\n<meta property=\"og:image\" content=\"https:\/\/kapitalis.com\/tunisie\/wp-content\/uploads\/2022\/05\/kapitalis-logo-fb.png\" \/>\n\t<meta property=\"og:image:width\" content=\"1200\" \/>\n\t<meta property=\"og:image:height\" content=\"630\" \/>\n\t<meta property=\"og:image:type\" content=\"image\/png\" \/>\n<meta name=\"author\" content=\"Yusra NY\" \/>\n<meta name=\"twitter:card\" content=\"summary_large_image\" \/>\n<meta name=\"twitter:creator\" content=\"@KapitalisInfo\" \/>\n<meta name=\"twitter:site\" content=\"@KapitalisInfo\" \/>\n<meta name=\"twitter:label1\" content=\"\u00c9crit par\" \/>\n\t<meta name=\"twitter:data1\" content=\"Yusra NY\" \/>\n\t<meta name=\"twitter:label2\" content=\"Dur\u00e9e de lecture estim\u00e9e\" \/>\n\t<meta name=\"twitter:data2\" content=\"1 minute\" \/>\n<script type=\"application\/ld+json\" class=\"yoast-schema-graph\">{\"@context\":\"https:\/\/schema.org\",\"@graph\":[{\"@type\":\"Article\",\"@id\":\"https:\/\/kapitalis.com\/tunisie\/2021\/08\/07\/tunisie-des-inconnus-vandalisent-la-voiture-du-depute-mustapha-ben-ahmed\/#article\",\"isPartOf\":{\"@id\":\"https:\/\/kapitalis.com\/tunisie\/2021\/08\/07\/tunisie-des-inconnus-vandalisent-la-voiture-du-depute-mustapha-ben-ahmed\/\"},\"author\":{\"name\":\"Yusra NY\",\"@id\":\"https:\/\/kapitalis.com\/tunisie\/#\/schema\/person\/74bbde0154d49d790a92aaeac5bc01d5\"},\"headline\":\"Tunisie : Des inconnus vandalisent la voiture du d\u00e9put\u00e9 Mustapha Ben Ahmed\",\"datePublished\":\"2021-08-07T14:24:08+00:00\",\"dateModified\":\"2021-08-07T14:27:47+00:00\",\"mainEntityOfPage\":{\"@id\":\"https:\/\/kapitalis.com\/tunisie\/2021\/08\/07\/tunisie-des-inconnus-vandalisent-la-voiture-du-depute-mustapha-ben-ahmed\/\"},\"wordCount\":188,\"commentCount\":1,\"publisher\":{\"@id\":\"https:\/\/kapitalis.com\/tunisie\/#organization\"},\"image\":{\"@id\":\"https:\/\/kapitalis.com\/tunisie\/2021\/08\/07\/tunisie-des-inconnus-vandalisent-la-voiture-du-depute-mustapha-ben-ahmed\/#primaryimage\"},\"thumbnailUrl\":\"\",\"keywords\":[\"d\u00e9put\u00e9\",\"d\u00e9put\u00e9 Mustapha Ben Ahmed\",\"Tahya Tounes\",\"Tunisie\",\"vandalisme\",\"voiture\"],\"articleSection\":[\"POLITIQUE\",\"Tunisie\"],\"inLanguage\":\"fr-FR\",\"potentialAction\":[{\"@type\":\"CommentAction\",\"name\":\"Comment\",\"target\":[\"https:\/\/kapitalis.com\/tunisie\/2021\/08\/07\/tunisie-des-inconnus-vandalisent-la-voiture-du-depute-mustapha-ben-ahmed\/#respond\"]}]},{\"@type\":\"WebPage\",\"@id\":\"https:\/\/kapitalis.com\/tunisie\/2021\/08\/07\/tunisie-des-inconnus-vandalisent-la-voiture-du-depute-mustapha-ben-ahmed\/\",\"url\":\"https:\/\/kapitalis.com\/tunisie\/2021\/08\/07\/tunisie-des-inconnus-vandalisent-la-voiture-du-depute-mustapha-ben-ahmed\/\",\"name\":\"Tunisie : Des inconnus vandalisent la voiture du d\u00e9put\u00e9 Mustapha Ben Ahmed - Kapitalis\",\"isPartOf\":{\"@id\":\"https:\/\/kapitalis.com\/tunisie\/#website\"},\"primaryImageOfPage\":{\"@id\":\"https:\/\/kapitalis.com\/tunisie\/2021\/08\/07\/tunisie-des-inconnus-vandalisent-la-voiture-du-depute-mustapha-ben-ahmed\/#primaryimage\"},\"image\":{\"@id\":\"https:\/\/kapitalis.com\/tunisie\/2021\/08\/07\/tunisie-des-inconnus-vandalisent-la-voiture-du-depute-mustapha-ben-ahmed\/#primaryimage\"},\"thumbnailUrl\":\"\",\"datePublished\":\"2021-08-07T14:24:08+00:00\",\"dateModified\":\"2021-08-07T14:27:47+00:00\",\"breadcrumb\":{\"@id\":\"https:\/\/kapitalis.com\/tunisie\/2021\/08\/07\/tunisie-des-inconnus-vandalisent-la-voiture-du-depute-mustapha-ben-ahmed\/#breadcrumb\"},\"inLanguage\":\"fr-FR\",\"potentialAction\":[{\"@type\":\"ReadAction\",\"target\":[\"https:\/\/kapitalis.com\/tunisie\/2021\/08\/07\/tunisie-des-inconnus-vandalisent-la-voiture-du-depute-mustapha-ben-ahmed\/\"]}]},{\"@type\":\"ImageObject\",\"inLanguage\":\"fr-FR\",\"@id\":\"https:\/\/kapitalis.com\/tunisie\/2021\/08\/07\/tunisie-des-inconnus-vandalisent-la-voiture-du-depute-mustapha-ben-ahmed\/#primaryimage\",\"url\":\"\",\"contentUrl\":\"\"},{\"@type\":\"BreadcrumbList\",\"@id\":\"https:\/\/kapitalis.com\/tunisie\/2021\/08\/07\/tunisie-des-inconnus-vandalisent-la-voiture-du-depute-mustapha-ben-ahmed\/#breadcrumb\",\"itemListElement\":[{\"@type\":\"ListItem\",\"position\":1,\"name\":\"Accueil\",\"item\":\"https:\/\/kapitalis.com\/tunisie\/\"},{\"@type\":\"ListItem\",\"position\":2,\"name\":\"Tunisie : Des inconnus vandalisent la voiture du d\u00e9put\u00e9 Mustapha Ben Ahmed\"}]},{\"@type\":\"WebSite\",\"@id\":\"https:\/\/kapitalis.com\/tunisie\/#website\",\"url\":\"https:\/\/kapitalis.com\/tunisie\/\",\"name\":\"Kapitalis\",\"description\":\"L&#039;actualit\u00e9 en Tunisie et dans le monde\",\"publisher\":{\"@id\":\"https:\/\/kapitalis.com\/tunisie\/#organization\"},\"potentialAction\":[{\"@type\":\"SearchAction\",\"target\":{\"@type\":\"EntryPoint\",\"urlTemplate\":\"https:\/\/kapitalis.com\/tunisie\/?s={search_term_string}\"},\"query-input\":{\"@type\":\"PropertyValueSpecification\",\"valueRequired\":true,\"valueName\":\"search_term_string\"}}],\"inLanguage\":\"fr-FR\"},{\"@type\":\"Organization\",\"@id\":\"https:\/\/kapitalis.com\/tunisie\/#organization\",\"name\":\"Kapitalis\",\"url\":\"https:\/\/kapitalis.com\/tunisie\/\",\"logo\":{\"@type\":\"ImageObject\",\"inLanguage\":\"fr-FR\",\"@id\":\"https:\/\/kapitalis.com\/tunisie\/#\/schema\/logo\/image\/\",\"url\":\"https:\/\/kapitalis.com\/tunisie\/wp-content\/uploads\/2022\/05\/Kapitalis-big-size.png\",\"contentUrl\":\"https:\/\/kapitalis.com\/tunisie\/wp-content\/uploads\/2022\/05\/Kapitalis-big-size.png\",\"width\":5000,\"height\":1500,\"caption\":\"Kapitalis\"},\"image\":{\"@id\":\"https:\/\/kapitalis.com\/tunisie\/#\/schema\/logo\/image\/\"},\"sameAs\":[\"https:\/\/www.facebook.com\/KapitalisInfo\/\",\"https:\/\/x.com\/KapitalisInfo\",\"https:\/\/www.youtube.com\/channel\/UC-yDYrHyfFBWWZaOw3FPg9Q\"]},{\"@type\":\"Person\",\"@id\":\"https:\/\/kapitalis.com\/tunisie\/#\/schema\/person\/74bbde0154d49d790a92aaeac5bc01d5\",\"name\":\"Yusra NY\",\"url\":\"https:\/\/kapitalis.com\/tunisie\/author\/yuza_adam\/\"}]}<\/script>\n<!-- \/ Yoast SEO plugin. -->","yoast_head_json":{"title":"Tunisie : Des inconnus vandalisent la voiture du d\u00e9put\u00e9 Mustapha Ben Ahmed - Kapitalis","robots":{"index":"index","follow":"follow","max-snippet":"max-snippet:-1","max-image-preview":"max-image-preview:large","max-video-preview":"max-video-preview:-1"},"canonical":"https:\/\/kapitalis.com\/tunisie\/2021\/08\/07\/tunisie-des-inconnus-vandalisent-la-voiture-du-depute-mustapha-ben-ahmed\/","og_locale":"fr_FR","og_type":"article","og_title":"Tunisie : Des inconnus vandalisent la voiture du d\u00e9put\u00e9 Mustapha Ben Ahmed - Kapitalis","og_description":"Le d\u00e9put\u00e9 Tahya Tounes Mustapha Ben Ahmed a indiqu\u00e9 ce samedi 7ao\u00fbt 2021, que des inconnus ont vandalis\u00e9 sa voiture : \u00abIls ont fouill\u00e9 dans mes affaires personnelles sans rien voler\u00bb, a-t-il pr\u00e9cis\u00e9.","og_url":"https:\/\/kapitalis.com\/tunisie\/2021\/08\/07\/tunisie-des-inconnus-vandalisent-la-voiture-du-depute-mustapha-ben-ahmed\/","og_site_name":"Kapitalis","article_publisher":"https:\/\/www.facebook.com\/KapitalisInfo\/","article_published_time":"2021-08-07T14:24:08+00:00","article_modified_time":"2021-08-07T14:27:47+00:00","og_image":[{"width":1200,"height":630,"url":"https:\/\/kapitalis.com\/tunisie\/wp-content\/uploads\/2022\/05\/kapitalis-logo-fb.png","type":"image\/png"}],"author":"Yusra NY","twitter_card":"summary_large_image","twitter_creator":"@KapitalisInfo","twitter_site":"@KapitalisInfo","twitter_misc":{"\u00c9crit par":"Yusra NY","Dur\u00e9e de lecture estim\u00e9e":"1 minute"},"schema":{"@context":"https:\/\/schema.org","@graph":[{"@type":"Article","@id":"https:\/\/kapitalis.com\/tunisie\/2021\/08\/07\/tunisie-des-inconnus-vandalisent-la-voiture-du-depute-mustapha-ben-ahmed\/#article","isPartOf":{"@id":"https:\/\/kapitalis.com\/tunisie\/2021\/08\/07\/tunisie-des-inconnus-vandalisent-la-voiture-du-depute-mustapha-ben-ahmed\/"},"author":{"name":"Yusra NY","@id":"https:\/\/kapitalis.com\/tunisie\/#\/schema\/person\/74bbde0154d49d790a92aaeac5bc01d5"},"headline":"Tunisie : Des inconnus vandalisent la voiture du d\u00e9put\u00e9 Mustapha Ben Ahmed","datePublished":"2021-08-07T14:24:08+00:00","dateModified":"2021-08-07T14:27:47+00:00","mainEntityOfPage":{"@id":"https:\/\/kapitalis.com\/tunisie\/2021\/08\/07\/tunisie-des-inconnus-vandalisent-la-voiture-du-depute-mustapha-ben-ahmed\/"},"wordCount":188,"commentCount":1,"publisher":{"@id":"https:\/\/kapitalis.com\/tunisie\/#organization"},"image":{"@id":"https:\/\/kapitalis.com\/tunisie\/2021\/08\/07\/tunisie-des-inconnus-vandalisent-la-voiture-du-depute-mustapha-ben-ahmed\/#primaryimage"},"thumbnailUrl":"","keywords":["d\u00e9put\u00e9","d\u00e9put\u00e9 Mustapha Ben Ahmed","Tahya Tounes","Tunisie","vandalisme","voiture"],"articleSection":["POLITIQUE","Tunisie"],"inLanguage":"fr-FR","potentialAction":[{"@type":"CommentAction","name":"Comment","target":["https:\/\/kapitalis.com\/tunisie\/2021\/08\/07\/tunisie-des-inconnus-vandalisent-la-voiture-du-depute-mustapha-ben-ahmed\/#respond"]}]},{"@type":"WebPage","@id":"https:\/\/kapitalis.com\/tunisie\/2021\/08\/07\/tunisie-des-inconnus-vandalisent-la-voiture-du-depute-mustapha-ben-ahmed\/","url":"https:\/\/kapitalis.com\/tunisie\/2021\/08\/07\/tunisie-des-inconnus-vandalisent-la-voiture-du-depute-mustapha-ben-ahmed\/","name":"Tunisie : Des inconnus vandalisent la voiture du d\u00e9put\u00e9 Mustapha Ben Ahmed - Kapitalis","isPartOf":{"@id":"https:\/\/kapitalis.com\/tunisie\/#website"},"primaryImageOfPage":{"@id":"https:\/\/kapitalis.com\/tunisie\/2021\/08\/07\/tunisie-des-inconnus-vandalisent-la-voiture-du-depute-mustapha-ben-ahmed\/#primaryimage"},"image":{"@id":"https:\/\/kapitalis.com\/tunisie\/2021\/08\/07\/tunisie-des-inconnus-vandalisent-la-voiture-du-depute-mustapha-ben-ahmed\/#primaryimage"},"thumbnailUrl":"","datePublished":"2021-08-07T14:24:08+00:00","dateModified":"2021-08-07T14:27:47+00:00","breadcrumb":{"@id":"https:\/\/kapitalis.com\/tunisie\/2021\/08\/07\/tunisie-des-inconnus-vandalisent-la-voiture-du-depute-mustapha-ben-ahmed\/#breadcrumb"},"inLanguage":"fr-FR","potentialAction":[{"@type":"ReadAction","target":["https:\/\/kapitalis.com\/tunisie\/2021\/08\/07\/tunisie-des-inconnus-vandalisent-la-voiture-du-depute-mustapha-ben-ahmed\/"]}]},{"@type":"ImageObject","inLanguage":"fr-FR","@id":"https:\/\/kapitalis.com\/tunisie\/2021\/08\/07\/tunisie-des-inconnus-vandalisent-la-voiture-du-depute-mustapha-ben-ahmed\/#primaryimage","url":"","contentUrl":""},{"@type":"BreadcrumbList","@id":"https:\/\/kapitalis.com\/tunisie\/2021\/08\/07\/tunisie-des-inconnus-vandalisent-la-voiture-du-depute-mustapha-ben-ahmed\/#breadcrumb","itemListElement":[{"@type":"ListItem","position":1,"name":"Accueil","item":"https:\/\/kapitalis.com\/tunisie\/"},{"@type":"ListItem","position":2,"name":"Tunisie : Des inconnus vandalisent la voiture du d\u00e9put\u00e9 Mustapha Ben Ahmed"}]},{"@type":"WebSite","@id":"https:\/\/kapitalis.com\/tunisie\/#website","url":"https:\/\/kapitalis.com\/tunisie\/","name":"Kapitalis","description":"L&#039;actualit\u00e9 en Tunisie et dans le monde","publisher":{"@id":"https:\/\/kapitalis.com\/tunisie\/#organization"},"potentialAction":[{"@type":"SearchAction","target":{"@type":"EntryPoint","urlTemplate":"https:\/\/kapitalis.com\/tunisie\/?s={search_term_string}"},"query-input":{"@type":"PropertyValueSpecification","valueRequired":true,"valueName":"search_term_string"}}],"inLanguage":"fr-FR"},{"@type":"Organization","@id":"https:\/\/kapitalis.com\/tunisie\/#organization","name":"Kapitalis","url":"https:\/\/kapitalis.com\/tunisie\/","logo":{"@type":"ImageObject","inLanguage":"fr-FR","@id":"https:\/\/kapitalis.com\/tunisie\/#\/schema\/logo\/image\/","url":"https:\/\/kapitalis.com\/tunisie\/wp-content\/uploads\/2022\/05\/Kapitalis-big-size.png","contentUrl":"https:\/\/kapitalis.com\/tunisie\/wp-content\/uploads\/2022\/05\/Kapitalis-big-size.png","width":5000,"height":1500,"caption":"Kapitalis"},"image":{"@id":"https:\/\/kapitalis.com\/tunisie\/#\/schema\/logo\/image\/"},"sameAs":["https:\/\/www.facebook.com\/KapitalisInfo\/","https:\/\/x.com\/KapitalisInfo","https:\/\/www.youtube.com\/channel\/UC-yDYrHyfFBWWZaOw3FPg9Q"]},{"@type":"Person","@id":"https:\/\/kapitalis.com\/tunisie\/#\/schema\/person\/74bbde0154d49d790a92aaeac5bc01d5","name":"Yusra NY","url":"https:\/\/kapitalis.com\/tunisie\/author\/yuza_adam\/"}]}},"_links":{"self":[{"href":"https:\/\/kapitalis.com\/tunisie\/wp-json\/wp\/v2\/posts\/358711","targetHints":{"allow":["GET"]}}],"collection":[{"href":"https:\/\/kapitalis.com\/tunisie\/wp-json\/wp\/v2\/posts"}],"about":[{"href":"https:\/\/kapitalis.com\/tunisie\/wp-json\/wp\/v2\/types\/post"}],"author":[{"embeddable":true,"href":"https:\/\/kapitalis.com\/tunisie\/wp-json\/wp\/v2\/users\/6"}],"replies":[{"embeddable":true,"href":"https:\/\/kapitalis.com\/tunisie\/wp-json\/wp\/v2\/comments?post=358711"}],"version-history":[{"count":0,"href":"https:\/\/kapitalis.com\/tunisie\/wp-json\/wp\/v2\/posts\/358711\/revisions"}],"wp:featuredmedia":[{"embeddable":true,"href":"https:\/\/kapitalis.com\/tunisie\/wp-json\/wp\/v2\/media\/358713"}],"wp:attachment":[{"href":"https:\/\/kapitalis.com\/tunisie\/wp-json\/wp\/v2\/media?parent=358711"}],"wp:term":[{"taxonomy":"category","embeddable":true,"href":"https:\/\/kapitalis.com\/tunisie\/wp-json\/wp\/v2\/categories?post=358711"},{"taxonomy":"post_tag","embeddable":true,"href":"https:\/\/kapitalis.com\/tunisie\/wp-json\/wp\/v2\/tags?post=358711"}],"curies":[{"name":"wp","href":"https:\/\/api.w.org\/{rel}","templated":true}]}}