{"id":3588314,"date":"2022-09-01T14:53:40","date_gmt":"2022-09-01T13:53:40","guid":{"rendered":"https:\/\/kapitalis.com\/tunisie\/?p=3588314"},"modified":"2022-09-01T14:53:41","modified_gmt":"2022-09-01T13:53:41","slug":"lugtt-prefere-une-solution-intra-tunisienne-pour-resoudre-les-problemes-financiers-du-pays","status":"publish","type":"post","link":"https:\/\/kapitalis.com\/tunisie\/2022\/09\/01\/lugtt-prefere-une-solution-intra-tunisienne-pour-resoudre-les-problemes-financiers-du-pays\/","title":{"rendered":"L&rsquo;UGTT pr\u00e9f\u00e8re une solution intra-tunisienne pour r\u00e9soudre les probl\u00e8mes financiers du pays"},"content":{"rendered":"\n<p><em><span><b>Le secr\u00e9taire g\u00e9n\u00e9ral-adjoint de l\u2019UGTT Anouar Ben Kaddour a affirm\u00e9 aujourd&rsquo;hui, jeudi 1er <\/b><\/span><strong>septembre 2022, que la centrale syndicale pr\u00e9f\u00e8rerait une solution intra-tunisienne en vue de r\u00e9soudre les graves probl\u00e8mes financiers dont souffre le pays depuis plusieurs ann\u00e9es.<\/strong><\/em><\/p>\n\n\n\n<!--more-->\n\n\n\n<p>Au cours d&rsquo;une conf\u00e9rence de presse, le syndicaliste a affirm\u00e9 que son organisation ne s&rsquo;oppose pas au recours au Fonds mon\u00e9taire international (FMI), mais qu&rsquo;elle privil\u00e9gierait une solution tuniso-tunisienne.<\/p>\n\n\n\n<p>Et d&rsquo;ajouter que L\u2019UGTT soutient la r\u00e9forme des entreprises publiques, \u00e0 condition de prendre en consid\u00e9ration leurs caract\u00e9ristiques et d&rsquo;assurer leur p\u00e9rennit\u00e9.<\/p>\n\n\n\n<p class=\"has-text-align-right\"><strong>C. B. Y.<\/strong><\/p>\n","protected":false},"excerpt":{"rendered":"<p>Le secr\u00e9taire g\u00e9n\u00e9ral-adjoint de l\u2019UGTT Anouar Ben Kaddour a affirm\u00e9 aujourd&rsquo;hui, jeudi 1er septembre 2022, que la centrale syndicale pr\u00e9f\u00e8rerait une solution intra-tunisienne en vue de r\u00e9soudre les graves probl\u00e8mes financiers dont souffre le pays depuis plusieurs ann\u00e9es.<\/p>\n","protected":false},"author":24,"featured_media":926965,"comment_status":"open","ping_status":"open","sticky":false,"template":"","format":"standard","meta":{"footnotes":""},"categories":[995,997,2433],"tags":[97441,388,62643,936],"class_list":["post-3588314","post","type-post","status-publish","format-standard","has-post-thumbnail","hentry","category-economie","category-politique","category-tunisie","tag-anouar-ben-kaddour","tag-fmi","tag-tunisie","tag-ugtt"],"yoast_head":"<!-- This site is optimized with the Yoast SEO plugin v26.6 - https:\/\/yoast.com\/wordpress\/plugins\/seo\/ -->\n<title>L&#039;UGTT pr\u00e9f\u00e8re une solution intra-tunisienne pour r\u00e9soudre les probl\u00e8mes financiers du pays - Kapitalis<\/title>\n<meta name=\"robots\" content=\"index, follow, max-snippet:-1, max-image-preview:large, max-video-preview:-1\" \/>\n<link rel=\"canonical\" href=\"https:\/\/kapitalis.com\/tunisie\/2022\/09\/01\/lugtt-prefere-une-solution-intra-tunisienne-pour-resoudre-les-problemes-financiers-du-pays\/\" \/>\n<meta property=\"og:locale\" content=\"fr_FR\" \/>\n<meta property=\"og:type\" content=\"article\" \/>\n<meta property=\"og:title\" content=\"L&#039;UGTT pr\u00e9f\u00e8re une solution intra-tunisienne pour r\u00e9soudre les probl\u00e8mes financiers du pays - Kapitalis\" \/>\n<meta property=\"og:description\" content=\"Le secr\u00e9taire g\u00e9n\u00e9ral-adjoint de l\u2019UGTT Anouar Ben Kaddour a affirm\u00e9 aujourd&rsquo;hui, jeudi 1er septembre 2022, que la centrale syndicale pr\u00e9f\u00e8rerait une solution intra-tunisienne en vue de r\u00e9soudre les graves probl\u00e8mes financiers dont souffre le pays depuis plusieurs ann\u00e9es.\" \/>\n<meta property=\"og:url\" content=\"https:\/\/kapitalis.com\/tunisie\/2022\/09\/01\/lugtt-prefere-une-solution-intra-tunisienne-pour-resoudre-les-problemes-financiers-du-pays\/\" \/>\n<meta property=\"og:site_name\" content=\"Kapitalis\" \/>\n<meta property=\"article:publisher\" content=\"https:\/\/www.facebook.com\/KapitalisInfo\/\" \/>\n<meta property=\"article:published_time\" content=\"2022-09-01T13:53:40+00:00\" \/>\n<meta property=\"article:modified_time\" content=\"2022-09-01T13:53:41+00:00\" \/>\n<meta property=\"og:image\" content=\"https:\/\/kapitalis.com\/tunisie\/wp-content\/uploads\/2022\/05\/ugtt-2.jpg\" \/>\n\t<meta property=\"og:image:width\" content=\"1200\" \/>\n\t<meta property=\"og:image:height\" content=\"630\" \/>\n\t<meta property=\"og:image:type\" content=\"image\/jpeg\" \/>\n<meta name=\"author\" content=\"Cherif Benyounes\" \/>\n<meta name=\"twitter:card\" content=\"summary_large_image\" \/>\n<meta name=\"twitter:creator\" content=\"@KapitalisInfo\" \/>\n<meta name=\"twitter:site\" content=\"@KapitalisInfo\" \/>\n<meta name=\"twitter:label1\" content=\"\u00c9crit par\" \/>\n\t<meta name=\"twitter:data1\" content=\"Cherif Benyounes\" \/>\n\t<meta name=\"twitter:label2\" content=\"Dur\u00e9e de lecture estim\u00e9e\" \/>\n\t<meta name=\"twitter:data2\" content=\"1 minute\" \/>\n<script type=\"application\/ld+json\" class=\"yoast-schema-graph\">{\"@context\":\"https:\/\/schema.org\",\"@graph\":[{\"@type\":\"Article\",\"@id\":\"https:\/\/kapitalis.com\/tunisie\/2022\/09\/01\/lugtt-prefere-une-solution-intra-tunisienne-pour-resoudre-les-problemes-financiers-du-pays\/#article\",\"isPartOf\":{\"@id\":\"https:\/\/kapitalis.com\/tunisie\/2022\/09\/01\/lugtt-prefere-une-solution-intra-tunisienne-pour-resoudre-les-problemes-financiers-du-pays\/\"},\"author\":{\"name\":\"Cherif Benyounes\",\"@id\":\"https:\/\/kapitalis.com\/tunisie\/#\/schema\/person\/b35b8d631961131107263178aeb8019e\"},\"headline\":\"L&rsquo;UGTT pr\u00e9f\u00e8re une solution intra-tunisienne pour r\u00e9soudre les probl\u00e8mes financiers du pays\",\"datePublished\":\"2022-09-01T13:53:40+00:00\",\"dateModified\":\"2022-09-01T13:53:41+00:00\",\"mainEntityOfPage\":{\"@id\":\"https:\/\/kapitalis.com\/tunisie\/2022\/09\/01\/lugtt-prefere-une-solution-intra-tunisienne-pour-resoudre-les-problemes-financiers-du-pays\/\"},\"wordCount\":123,\"commentCount\":7,\"publisher\":{\"@id\":\"https:\/\/kapitalis.com\/tunisie\/#organization\"},\"image\":{\"@id\":\"https:\/\/kapitalis.com\/tunisie\/2022\/09\/01\/lugtt-prefere-une-solution-intra-tunisienne-pour-resoudre-les-problemes-financiers-du-pays\/#primaryimage\"},\"thumbnailUrl\":\"https:\/\/kapitalis.com\/tunisie\/wp-content\/uploads\/2022\/05\/ugtt-2.jpg\",\"keywords\":[\"Anouar Ben Kaddour\",\"FMI\",\"Tunisie\",\"UGTT\"],\"articleSection\":[\"ECONOMIE\",\"POLITIQUE\",\"Tunisie\"],\"inLanguage\":\"fr-FR\",\"potentialAction\":[{\"@type\":\"CommentAction\",\"name\":\"Comment\",\"target\":[\"https:\/\/kapitalis.com\/tunisie\/2022\/09\/01\/lugtt-prefere-une-solution-intra-tunisienne-pour-resoudre-les-problemes-financiers-du-pays\/#respond\"]}]},{\"@type\":\"WebPage\",\"@id\":\"https:\/\/kapitalis.com\/tunisie\/2022\/09\/01\/lugtt-prefere-une-solution-intra-tunisienne-pour-resoudre-les-problemes-financiers-du-pays\/\",\"url\":\"https:\/\/kapitalis.com\/tunisie\/2022\/09\/01\/lugtt-prefere-une-solution-intra-tunisienne-pour-resoudre-les-problemes-financiers-du-pays\/\",\"name\":\"L'UGTT pr\u00e9f\u00e8re une solution intra-tunisienne pour r\u00e9soudre les probl\u00e8mes financiers du pays - Kapitalis\",\"isPartOf\":{\"@id\":\"https:\/\/kapitalis.com\/tunisie\/#website\"},\"primaryImageOfPage\":{\"@id\":\"https:\/\/kapitalis.com\/tunisie\/2022\/09\/01\/lugtt-prefere-une-solution-intra-tunisienne-pour-resoudre-les-problemes-financiers-du-pays\/#primaryimage\"},\"image\":{\"@id\":\"https:\/\/kapitalis.com\/tunisie\/2022\/09\/01\/lugtt-prefere-une-solution-intra-tunisienne-pour-resoudre-les-problemes-financiers-du-pays\/#primaryimage\"},\"thumbnailUrl\":\"https:\/\/kapitalis.com\/tunisie\/wp-content\/uploads\/2022\/05\/ugtt-2.jpg\",\"datePublished\":\"2022-09-01T13:53:40+00:00\",\"dateModified\":\"2022-09-01T13:53:41+00:00\",\"breadcrumb\":{\"@id\":\"https:\/\/kapitalis.com\/tunisie\/2022\/09\/01\/lugtt-prefere-une-solution-intra-tunisienne-pour-resoudre-les-problemes-financiers-du-pays\/#breadcrumb\"},\"inLanguage\":\"fr-FR\",\"potentialAction\":[{\"@type\":\"ReadAction\",\"target\":[\"https:\/\/kapitalis.com\/tunisie\/2022\/09\/01\/lugtt-prefere-une-solution-intra-tunisienne-pour-resoudre-les-problemes-financiers-du-pays\/\"]}]},{\"@type\":\"ImageObject\",\"inLanguage\":\"fr-FR\",\"@id\":\"https:\/\/kapitalis.com\/tunisie\/2022\/09\/01\/lugtt-prefere-une-solution-intra-tunisienne-pour-resoudre-les-problemes-financiers-du-pays\/#primaryimage\",\"url\":\"https:\/\/kapitalis.com\/tunisie\/wp-content\/uploads\/2022\/05\/ugtt-2.jpg\",\"contentUrl\":\"https:\/\/kapitalis.com\/tunisie\/wp-content\/uploads\/2022\/05\/ugtt-2.jpg\",\"width\":1200,\"height\":630},{\"@type\":\"BreadcrumbList\",\"@id\":\"https:\/\/kapitalis.com\/tunisie\/2022\/09\/01\/lugtt-prefere-une-solution-intra-tunisienne-pour-resoudre-les-problemes-financiers-du-pays\/#breadcrumb\",\"itemListElement\":[{\"@type\":\"ListItem\",\"position\":1,\"name\":\"Accueil\",\"item\":\"https:\/\/kapitalis.com\/tunisie\/\"},{\"@type\":\"ListItem\",\"position\":2,\"name\":\"L&rsquo;UGTT pr\u00e9f\u00e8re une solution intra-tunisienne pour r\u00e9soudre les probl\u00e8mes financiers du pays\"}]},{\"@type\":\"WebSite\",\"@id\":\"https:\/\/kapitalis.com\/tunisie\/#website\",\"url\":\"https:\/\/kapitalis.com\/tunisie\/\",\"name\":\"Kapitalis\",\"description\":\"L&#039;actualit\u00e9 en Tunisie et dans le monde\",\"publisher\":{\"@id\":\"https:\/\/kapitalis.com\/tunisie\/#organization\"},\"potentialAction\":[{\"@type\":\"SearchAction\",\"target\":{\"@type\":\"EntryPoint\",\"urlTemplate\":\"https:\/\/kapitalis.com\/tunisie\/?s={search_term_string}\"},\"query-input\":{\"@type\":\"PropertyValueSpecification\",\"valueRequired\":true,\"valueName\":\"search_term_string\"}}],\"inLanguage\":\"fr-FR\"},{\"@type\":\"Organization\",\"@id\":\"https:\/\/kapitalis.com\/tunisie\/#organization\",\"name\":\"Kapitalis\",\"url\":\"https:\/\/kapitalis.com\/tunisie\/\",\"logo\":{\"@type\":\"ImageObject\",\"inLanguage\":\"fr-FR\",\"@id\":\"https:\/\/kapitalis.com\/tunisie\/#\/schema\/logo\/image\/\",\"url\":\"https:\/\/kapitalis.com\/tunisie\/wp-content\/uploads\/2022\/05\/Kapitalis-big-size.png\",\"contentUrl\":\"https:\/\/kapitalis.com\/tunisie\/wp-content\/uploads\/2022\/05\/Kapitalis-big-size.png\",\"width\":5000,\"height\":1500,\"caption\":\"Kapitalis\"},\"image\":{\"@id\":\"https:\/\/kapitalis.com\/tunisie\/#\/schema\/logo\/image\/\"},\"sameAs\":[\"https:\/\/www.facebook.com\/KapitalisInfo\/\",\"https:\/\/x.com\/KapitalisInfo\",\"https:\/\/www.youtube.com\/channel\/UC-yDYrHyfFBWWZaOw3FPg9Q\"]},{\"@type\":\"Person\",\"@id\":\"https:\/\/kapitalis.com\/tunisie\/#\/schema\/person\/b35b8d631961131107263178aeb8019e\",\"name\":\"Cherif Benyounes\",\"url\":\"https:\/\/kapitalis.com\/tunisie\/author\/cherif\/\"}]}<\/script>\n<!-- \/ Yoast SEO plugin. -->","yoast_head_json":{"title":"L'UGTT pr\u00e9f\u00e8re une solution intra-tunisienne pour r\u00e9soudre les probl\u00e8mes financiers du pays - Kapitalis","robots":{"index":"index","follow":"follow","max-snippet":"max-snippet:-1","max-image-preview":"max-image-preview:large","max-video-preview":"max-video-preview:-1"},"canonical":"https:\/\/kapitalis.com\/tunisie\/2022\/09\/01\/lugtt-prefere-une-solution-intra-tunisienne-pour-resoudre-les-problemes-financiers-du-pays\/","og_locale":"fr_FR","og_type":"article","og_title":"L'UGTT pr\u00e9f\u00e8re une solution intra-tunisienne pour r\u00e9soudre les probl\u00e8mes financiers du pays - Kapitalis","og_description":"Le secr\u00e9taire g\u00e9n\u00e9ral-adjoint de l\u2019UGTT Anouar Ben Kaddour a affirm\u00e9 aujourd&rsquo;hui, jeudi 1er septembre 2022, que la centrale syndicale pr\u00e9f\u00e8rerait une solution intra-tunisienne en vue de r\u00e9soudre les graves probl\u00e8mes financiers dont souffre le pays depuis plusieurs ann\u00e9es.","og_url":"https:\/\/kapitalis.com\/tunisie\/2022\/09\/01\/lugtt-prefere-une-solution-intra-tunisienne-pour-resoudre-les-problemes-financiers-du-pays\/","og_site_name":"Kapitalis","article_publisher":"https:\/\/www.facebook.com\/KapitalisInfo\/","article_published_time":"2022-09-01T13:53:40+00:00","article_modified_time":"2022-09-01T13:53:41+00:00","og_image":[{"width":1200,"height":630,"url":"https:\/\/kapitalis.com\/tunisie\/wp-content\/uploads\/2022\/05\/ugtt-2.jpg","type":"image\/jpeg"}],"author":"Cherif Benyounes","twitter_card":"summary_large_image","twitter_creator":"@KapitalisInfo","twitter_site":"@KapitalisInfo","twitter_misc":{"\u00c9crit par":"Cherif Benyounes","Dur\u00e9e de lecture estim\u00e9e":"1 minute"},"schema":{"@context":"https:\/\/schema.org","@graph":[{"@type":"Article","@id":"https:\/\/kapitalis.com\/tunisie\/2022\/09\/01\/lugtt-prefere-une-solution-intra-tunisienne-pour-resoudre-les-problemes-financiers-du-pays\/#article","isPartOf":{"@id":"https:\/\/kapitalis.com\/tunisie\/2022\/09\/01\/lugtt-prefere-une-solution-intra-tunisienne-pour-resoudre-les-problemes-financiers-du-pays\/"},"author":{"name":"Cherif Benyounes","@id":"https:\/\/kapitalis.com\/tunisie\/#\/schema\/person\/b35b8d631961131107263178aeb8019e"},"headline":"L&rsquo;UGTT pr\u00e9f\u00e8re une solution intra-tunisienne pour r\u00e9soudre les probl\u00e8mes financiers du pays","datePublished":"2022-09-01T13:53:40+00:00","dateModified":"2022-09-01T13:53:41+00:00","mainEntityOfPage":{"@id":"https:\/\/kapitalis.com\/tunisie\/2022\/09\/01\/lugtt-prefere-une-solution-intra-tunisienne-pour-resoudre-les-problemes-financiers-du-pays\/"},"wordCount":123,"commentCount":7,"publisher":{"@id":"https:\/\/kapitalis.com\/tunisie\/#organization"},"image":{"@id":"https:\/\/kapitalis.com\/tunisie\/2022\/09\/01\/lugtt-prefere-une-solution-intra-tunisienne-pour-resoudre-les-problemes-financiers-du-pays\/#primaryimage"},"thumbnailUrl":"https:\/\/kapitalis.com\/tunisie\/wp-content\/uploads\/2022\/05\/ugtt-2.jpg","keywords":["Anouar Ben Kaddour","FMI","Tunisie","UGTT"],"articleSection":["ECONOMIE","POLITIQUE","Tunisie"],"inLanguage":"fr-FR","potentialAction":[{"@type":"CommentAction","name":"Comment","target":["https:\/\/kapitalis.com\/tunisie\/2022\/09\/01\/lugtt-prefere-une-solution-intra-tunisienne-pour-resoudre-les-problemes-financiers-du-pays\/#respond"]}]},{"@type":"WebPage","@id":"https:\/\/kapitalis.com\/tunisie\/2022\/09\/01\/lugtt-prefere-une-solution-intra-tunisienne-pour-resoudre-les-problemes-financiers-du-pays\/","url":"https:\/\/kapitalis.com\/tunisie\/2022\/09\/01\/lugtt-prefere-une-solution-intra-tunisienne-pour-resoudre-les-problemes-financiers-du-pays\/","name":"L'UGTT pr\u00e9f\u00e8re une solution intra-tunisienne pour r\u00e9soudre les probl\u00e8mes financiers du pays - Kapitalis","isPartOf":{"@id":"https:\/\/kapitalis.com\/tunisie\/#website"},"primaryImageOfPage":{"@id":"https:\/\/kapitalis.com\/tunisie\/2022\/09\/01\/lugtt-prefere-une-solution-intra-tunisienne-pour-resoudre-les-problemes-financiers-du-pays\/#primaryimage"},"image":{"@id":"https:\/\/kapitalis.com\/tunisie\/2022\/09\/01\/lugtt-prefere-une-solution-intra-tunisienne-pour-resoudre-les-problemes-financiers-du-pays\/#primaryimage"},"thumbnailUrl":"https:\/\/kapitalis.com\/tunisie\/wp-content\/uploads\/2022\/05\/ugtt-2.jpg","datePublished":"2022-09-01T13:53:40+00:00","dateModified":"2022-09-01T13:53:41+00:00","breadcrumb":{"@id":"https:\/\/kapitalis.com\/tunisie\/2022\/09\/01\/lugtt-prefere-une-solution-intra-tunisienne-pour-resoudre-les-problemes-financiers-du-pays\/#breadcrumb"},"inLanguage":"fr-FR","potentialAction":[{"@type":"ReadAction","target":["https:\/\/kapitalis.com\/tunisie\/2022\/09\/01\/lugtt-prefere-une-solution-intra-tunisienne-pour-resoudre-les-problemes-financiers-du-pays\/"]}]},{"@type":"ImageObject","inLanguage":"fr-FR","@id":"https:\/\/kapitalis.com\/tunisie\/2022\/09\/01\/lugtt-prefere-une-solution-intra-tunisienne-pour-resoudre-les-problemes-financiers-du-pays\/#primaryimage","url":"https:\/\/kapitalis.com\/tunisie\/wp-content\/uploads\/2022\/05\/ugtt-2.jpg","contentUrl":"https:\/\/kapitalis.com\/tunisie\/wp-content\/uploads\/2022\/05\/ugtt-2.jpg","width":1200,"height":630},{"@type":"BreadcrumbList","@id":"https:\/\/kapitalis.com\/tunisie\/2022\/09\/01\/lugtt-prefere-une-solution-intra-tunisienne-pour-resoudre-les-problemes-financiers-du-pays\/#breadcrumb","itemListElement":[{"@type":"ListItem","position":1,"name":"Accueil","item":"https:\/\/kapitalis.com\/tunisie\/"},{"@type":"ListItem","position":2,"name":"L&rsquo;UGTT pr\u00e9f\u00e8re une solution intra-tunisienne pour r\u00e9soudre les probl\u00e8mes financiers du pays"}]},{"@type":"WebSite","@id":"https:\/\/kapitalis.com\/tunisie\/#website","url":"https:\/\/kapitalis.com\/tunisie\/","name":"Kapitalis","description":"L&#039;actualit\u00e9 en Tunisie et dans le monde","publisher":{"@id":"https:\/\/kapitalis.com\/tunisie\/#organization"},"potentialAction":[{"@type":"SearchAction","target":{"@type":"EntryPoint","urlTemplate":"https:\/\/kapitalis.com\/tunisie\/?s={search_term_string}"},"query-input":{"@type":"PropertyValueSpecification","valueRequired":true,"valueName":"search_term_string"}}],"inLanguage":"fr-FR"},{"@type":"Organization","@id":"https:\/\/kapitalis.com\/tunisie\/#organization","name":"Kapitalis","url":"https:\/\/kapitalis.com\/tunisie\/","logo":{"@type":"ImageObject","inLanguage":"fr-FR","@id":"https:\/\/kapitalis.com\/tunisie\/#\/schema\/logo\/image\/","url":"https:\/\/kapitalis.com\/tunisie\/wp-content\/uploads\/2022\/05\/Kapitalis-big-size.png","contentUrl":"https:\/\/kapitalis.com\/tunisie\/wp-content\/uploads\/2022\/05\/Kapitalis-big-size.png","width":5000,"height":1500,"caption":"Kapitalis"},"image":{"@id":"https:\/\/kapitalis.com\/tunisie\/#\/schema\/logo\/image\/"},"sameAs":["https:\/\/www.facebook.com\/KapitalisInfo\/","https:\/\/x.com\/KapitalisInfo","https:\/\/www.youtube.com\/channel\/UC-yDYrHyfFBWWZaOw3FPg9Q"]},{"@type":"Person","@id":"https:\/\/kapitalis.com\/tunisie\/#\/schema\/person\/b35b8d631961131107263178aeb8019e","name":"Cherif Benyounes","url":"https:\/\/kapitalis.com\/tunisie\/author\/cherif\/"}]}},"_links":{"self":[{"href":"https:\/\/kapitalis.com\/tunisie\/wp-json\/wp\/v2\/posts\/3588314","targetHints":{"allow":["GET"]}}],"collection":[{"href":"https:\/\/kapitalis.com\/tunisie\/wp-json\/wp\/v2\/posts"}],"about":[{"href":"https:\/\/kapitalis.com\/tunisie\/wp-json\/wp\/v2\/types\/post"}],"author":[{"embeddable":true,"href":"https:\/\/kapitalis.com\/tunisie\/wp-json\/wp\/v2\/users\/24"}],"replies":[{"embeddable":true,"href":"https:\/\/kapitalis.com\/tunisie\/wp-json\/wp\/v2\/comments?post=3588314"}],"version-history":[{"count":0,"href":"https:\/\/kapitalis.com\/tunisie\/wp-json\/wp\/v2\/posts\/3588314\/revisions"}],"wp:featuredmedia":[{"embeddable":true,"href":"https:\/\/kapitalis.com\/tunisie\/wp-json\/wp\/v2\/media\/926965"}],"wp:attachment":[{"href":"https:\/\/kapitalis.com\/tunisie\/wp-json\/wp\/v2\/media?parent=3588314"}],"wp:term":[{"taxonomy":"category","embeddable":true,"href":"https:\/\/kapitalis.com\/tunisie\/wp-json\/wp\/v2\/categories?post=3588314"},{"taxonomy":"post_tag","embeddable":true,"href":"https:\/\/kapitalis.com\/tunisie\/wp-json\/wp\/v2\/tags?post=3588314"}],"curies":[{"name":"wp","href":"https:\/\/api.w.org\/{rel}","templated":true}]}}