{"id":358907,"date":"2021-08-09T15:54:30","date_gmt":"2021-08-09T14:54:30","guid":{"rendered":"http:\/\/kapitalis.com\/tunisie\/?p=358907"},"modified":"2021-08-09T15:58:25","modified_gmt":"2021-08-09T14:58:25","slug":"said-jaziri-place-en-detention-les-chefs-daccusation-pesant-sur-ce-depute-islamiste","status":"publish","type":"post","link":"https:\/\/kapitalis.com\/tunisie\/2021\/08\/09\/said-jaziri-place-en-detention-les-chefs-daccusation-pesant-sur-ce-depute-islamiste\/","title":{"rendered":"Sa\u00efd Jaziri plac\u00e9 en d\u00e9tention : Les chefs d\u2019accusation pesant sur ce d\u00e9put\u00e9 islamiste"},"content":{"rendered":"\n<div class=\"wp-block-image\"><figure class=\"aligncenter size-large\"><img decoding=\"async\" src=\"http:\/\/kapitalis.com\/tunisie\/wp-content\/uploads\/2020\/01\/said-jaziri.jpg\" alt=\"\" class=\"wp-image-271797\"\/><figcaption><em>Sa\u00efd Jaziri<\/em><\/figcaption><\/figure><\/div>\n\n\n\n<p><strong><em>Arr\u00eat\u00e9 ce matin, le d\u00e9put\u00e9 islamiste Sa\u00efd Jaziri propri\u00e9taire de Radio Coran qui \u00e9mettait ill\u00e9galement ses programmes religieux en piratant des fr\u00e9quences de l\u2019\u00c9tat, a \u00e9t\u00e9 plac\u00e9 en d\u00e9tention, cet apr\u00e8s-midi, lundi 9 ao\u00fbt 2021.<\/em><\/strong><\/p>\n\n\n\n<!--more-->\n\n\n\n<p>Apr\u00e8s son audition, le parquet du Tribunal de premi\u00e8re instance de Zaghouan, a autoris\u00e9 son placement en garde \u00e0 vue, et ce suite \u00e0 une plainte le concernant, d\u00e9pos\u00e9e par la Haute autorit\u00e9 ind\u00e9pendante de la communication audiovisuelle (Haica) apr\u00e8s qu&rsquo;il ait d\u00e9t\u00e9rior\u00e9 des scell\u00e9s d\u00e9pos\u00e9s par l\u2019instance.<\/p>\n\n\n\n<p>En juin dernier, Hichem Snoussi, membre de la Haica avait affirm\u00e9 qu&rsquo;une nouvelle plainte a \u00e9t\u00e9 port\u00e9e en justice contre le d\u00e9put\u00e9, accus\u00e9 d&rsquo;avoir introduit des <em>\u00ab\u00e9quipements sensibles\u00bb,<\/em> n\u00e9cessitant une autorisation d\u2019exploitation pr\u00e9alable, en affirmant que cela rel\u00e8ve, \u00ab<em>de la contrebande et de l\u2019\u00e9vasion douani\u00e8re<\/em>\u00bb.<\/p>\n\n\n\n<p>Le d\u00e9put\u00e9, qui s&rsquo;\u00e9tait cach\u00e9 derri\u00e8re son immunit\u00e9 parlementaire lev\u00e9e le 25 juillet dans le cadre des d\u00e9cisions exceptionnelles du pr\u00e9sident Sa\u00efed, avait \u00e9galement poursuivi la diffusion de ses programmes, qu&rsquo;il a souvent utilis\u00e9 pour s&rsquo;en prendre \u00e0 ses d\u00e9tracteurs, \u00e0 coups de diffamation et de fausses accusations, et ce malgr\u00e9 l&rsquo;interdiction d\u00e9cid\u00e9e par la Haica et confirm\u00e9e par la justice.<\/p>\n\n\n\n<p>En effet, au bout d\u2019une bataille juridique qui a dur\u00e9 des ann\u00e9es, la Haica a fini par avoir gain de cause, apr\u00e8s que le Cour d\u2019appel de Nabeul ait confirm\u00e9 le caract\u00e8re ill\u00e9gal de cette radio, et ce apr\u00e8s un verdit prononc\u00e9 le 30 novembre 2017 par le tribunal de 1\u00e8re instance de Ben Arous, qui avait donn\u00e9 inexplicablement raison \u00e0 la Radio Coran et son patron, et qui l&rsquo;avait autoris\u00e9 \u00e0 poursuivre ses activit\u00e9s.<\/p>\n\n\n\n<p class=\"has-text-align-right\"><strong>Y. N.<\/strong><\/p>\n\n\n\n<figure class=\"wp-block-embed is-type-wp-embed is-provider-kapitalis wp-block-embed-kapitalis\"><div class=\"wp-block-embed__wrapper\">\n<blockquote class=\"wp-embedded-content\" data-secret=\"hnXh6fELSZ\"><a href=\"https:\/\/kapitalis.com\/tunisie\/2021\/08\/09\/tunisie-arrestation-du-predicateur-et-depute-said-jaziri\/\">Tunisie : Arrestation du pr\u00e9dicateur et d\u00e9put\u00e9 Sa\u00efd Jaziri<\/a><\/blockquote><iframe loading=\"lazy\" class=\"wp-embedded-content\" sandbox=\"allow-scripts\" security=\"restricted\" style=\"position: absolute; clip: rect(1px, 1px, 1px, 1px);\" title=\"\u00ab\u00a0Tunisie : Arrestation du pr\u00e9dicateur et d\u00e9put\u00e9 Sa\u00efd Jaziri\u00a0\u00bb &#8212; Kapitalis\" src=\"https:\/\/kapitalis.com\/tunisie\/2021\/08\/09\/tunisie-arrestation-du-predicateur-et-depute-said-jaziri\/embed\/#?secret=BpwXKNVjy1#?secret=hnXh6fELSZ\" data-secret=\"hnXh6fELSZ\" width=\"600\" height=\"338\" frameborder=\"0\" marginwidth=\"0\" marginheight=\"0\" scrolling=\"no\"><\/iframe>\n<\/div><\/figure>\n\n\n\n<figure class=\"wp-block-embed is-type-wp-embed is-provider-kapitalis wp-block-embed-kapitalis\"><div class=\"wp-block-embed__wrapper\">\n<blockquote class=\"wp-embedded-content\" data-secret=\"ZlAgNWzFLb\"><a href=\"https:\/\/kapitalis.com\/tunisie\/2021\/06\/14\/affaire-radio-coran-la-haica-gagne-son-proces-en-appel-contre-said-jaziri\/\">Affaire Radio Coran  : La Haica gagne son proc\u00e8s en appel contre Sa\u00efd Jaziri<\/a><\/blockquote><iframe loading=\"lazy\" class=\"wp-embedded-content\" sandbox=\"allow-scripts\" security=\"restricted\" style=\"position: absolute; clip: rect(1px, 1px, 1px, 1px);\" title=\"\u00ab\u00a0Affaire Radio Coran  : La Haica gagne son proc\u00e8s en appel contre Sa\u00efd Jaziri\u00a0\u00bb &#8212; Kapitalis\" src=\"https:\/\/kapitalis.com\/tunisie\/2021\/06\/14\/affaire-radio-coran-la-haica-gagne-son-proces-en-appel-contre-said-jaziri\/embed\/#?secret=TNoIyhudlh#?secret=ZlAgNWzFLb\" data-secret=\"ZlAgNWzFLb\" width=\"600\" height=\"338\" frameborder=\"0\" marginwidth=\"0\" marginheight=\"0\" scrolling=\"no\"><\/iframe>\n<\/div><\/figure>\n\n\n\n<p><\/p>\n","protected":false},"excerpt":{"rendered":"<p>Arr\u00eat\u00e9 ce matin, le d\u00e9put\u00e9 islamiste Sa\u00efd Jaziri propri\u00e9taire de Radio Coran qui \u00e9mettait ill\u00e9galement ses programmes religieux en piratant des fr\u00e9quences de l\u2019\u00c9tat, a \u00e9t\u00e9 plac\u00e9 en d\u00e9tention, cet apr\u00e8s-midi, lundi 9 ao\u00fbt 2021.<\/p>\n","protected":false},"author":6,"featured_media":0,"comment_status":"open","ping_status":"open","sticky":false,"template":"","format":"standard","meta":{"footnotes":""},"categories":[996,997,2433],"tags":[1279,2201,1843,92570,66190,79506,62643],"class_list":["post-358907","post","type-post","status-publish","format-standard","hentry","category-media","category-politique","category-tunisie","tag-detention","tag-garde-a-vue","tag-haica","tag-pirate","tag-radio-coran","tag-said-jaziri-2","tag-tunisie"],"yoast_head":"<!-- This site is optimized with the Yoast SEO plugin v26.6 - https:\/\/yoast.com\/wordpress\/plugins\/seo\/ -->\n<title>Sa\u00efd Jaziri plac\u00e9 en d\u00e9tention : Les chefs d\u2019accusation pesant sur ce d\u00e9put\u00e9 islamiste - Kapitalis<\/title>\n<meta name=\"robots\" content=\"index, follow, max-snippet:-1, max-image-preview:large, max-video-preview:-1\" \/>\n<link rel=\"canonical\" href=\"https:\/\/kapitalis.com\/tunisie\/2021\/08\/09\/said-jaziri-place-en-detention-les-chefs-daccusation-pesant-sur-ce-depute-islamiste\/\" \/>\n<meta property=\"og:locale\" content=\"fr_FR\" \/>\n<meta property=\"og:type\" content=\"article\" \/>\n<meta property=\"og:title\" content=\"Sa\u00efd Jaziri plac\u00e9 en d\u00e9tention : Les chefs d\u2019accusation pesant sur ce d\u00e9put\u00e9 islamiste - Kapitalis\" \/>\n<meta property=\"og:description\" content=\"Arr\u00eat\u00e9 ce matin, le d\u00e9put\u00e9 islamiste Sa\u00efd Jaziri propri\u00e9taire de Radio Coran qui \u00e9mettait ill\u00e9galement ses programmes religieux en piratant des fr\u00e9quences de l\u2019\u00c9tat, a \u00e9t\u00e9 plac\u00e9 en d\u00e9tention, cet apr\u00e8s-midi, lundi 9 ao\u00fbt 2021.\" \/>\n<meta property=\"og:url\" content=\"https:\/\/kapitalis.com\/tunisie\/2021\/08\/09\/said-jaziri-place-en-detention-les-chefs-daccusation-pesant-sur-ce-depute-islamiste\/\" \/>\n<meta property=\"og:site_name\" content=\"Kapitalis\" \/>\n<meta property=\"article:publisher\" content=\"https:\/\/www.facebook.com\/KapitalisInfo\/\" \/>\n<meta property=\"article:published_time\" content=\"2021-08-09T14:54:30+00:00\" \/>\n<meta property=\"article:modified_time\" content=\"2021-08-09T14:58:25+00:00\" \/>\n<meta property=\"og:image\" content=\"http:\/\/kapitalis.com\/tunisie\/wp-content\/uploads\/2020\/01\/said-jaziri.jpg\" \/>\n<meta name=\"author\" content=\"Yusra NY\" \/>\n<meta name=\"twitter:card\" content=\"summary_large_image\" \/>\n<meta name=\"twitter:creator\" content=\"@KapitalisInfo\" \/>\n<meta name=\"twitter:site\" content=\"@KapitalisInfo\" \/>\n<meta name=\"twitter:label1\" content=\"\u00c9crit par\" \/>\n\t<meta name=\"twitter:data1\" content=\"Yusra NY\" \/>\n\t<meta name=\"twitter:label2\" content=\"Dur\u00e9e de lecture estim\u00e9e\" \/>\n\t<meta name=\"twitter:data2\" content=\"2 minutes\" \/>\n<script type=\"application\/ld+json\" class=\"yoast-schema-graph\">{\"@context\":\"https:\/\/schema.org\",\"@graph\":[{\"@type\":\"Article\",\"@id\":\"https:\/\/kapitalis.com\/tunisie\/2021\/08\/09\/said-jaziri-place-en-detention-les-chefs-daccusation-pesant-sur-ce-depute-islamiste\/#article\",\"isPartOf\":{\"@id\":\"https:\/\/kapitalis.com\/tunisie\/2021\/08\/09\/said-jaziri-place-en-detention-les-chefs-daccusation-pesant-sur-ce-depute-islamiste\/\"},\"author\":{\"name\":\"Yusra NY\",\"@id\":\"https:\/\/kapitalis.com\/tunisie\/#\/schema\/person\/74bbde0154d49d790a92aaeac5bc01d5\"},\"headline\":\"Sa\u00efd Jaziri plac\u00e9 en d\u00e9tention : Les chefs d\u2019accusation pesant sur ce d\u00e9put\u00e9 islamiste\",\"datePublished\":\"2021-08-09T14:54:30+00:00\",\"dateModified\":\"2021-08-09T14:58:25+00:00\",\"mainEntityOfPage\":{\"@id\":\"https:\/\/kapitalis.com\/tunisie\/2021\/08\/09\/said-jaziri-place-en-detention-les-chefs-daccusation-pesant-sur-ce-depute-islamiste\/\"},\"wordCount\":334,\"commentCount\":3,\"publisher\":{\"@id\":\"https:\/\/kapitalis.com\/tunisie\/#organization\"},\"image\":{\"@id\":\"https:\/\/kapitalis.com\/tunisie\/2021\/08\/09\/said-jaziri-place-en-detention-les-chefs-daccusation-pesant-sur-ce-depute-islamiste\/#primaryimage\"},\"thumbnailUrl\":\"http:\/\/kapitalis.com\/tunisie\/wp-content\/uploads\/2020\/01\/said-jaziri.jpg\",\"keywords\":[\"d\u00e9tention\",\"garde \u00e0 vue\",\"Haica\",\"pirate\",\"radio Coran\",\"Said Jaziri\",\"Tunisie\"],\"articleSection\":[\"MEDIA\",\"POLITIQUE\",\"Tunisie\"],\"inLanguage\":\"fr-FR\",\"potentialAction\":[{\"@type\":\"CommentAction\",\"name\":\"Comment\",\"target\":[\"https:\/\/kapitalis.com\/tunisie\/2021\/08\/09\/said-jaziri-place-en-detention-les-chefs-daccusation-pesant-sur-ce-depute-islamiste\/#respond\"]}]},{\"@type\":\"WebPage\",\"@id\":\"https:\/\/kapitalis.com\/tunisie\/2021\/08\/09\/said-jaziri-place-en-detention-les-chefs-daccusation-pesant-sur-ce-depute-islamiste\/\",\"url\":\"https:\/\/kapitalis.com\/tunisie\/2021\/08\/09\/said-jaziri-place-en-detention-les-chefs-daccusation-pesant-sur-ce-depute-islamiste\/\",\"name\":\"Sa\u00efd Jaziri plac\u00e9 en d\u00e9tention : Les chefs d\u2019accusation pesant sur ce d\u00e9put\u00e9 islamiste - Kapitalis\",\"isPartOf\":{\"@id\":\"https:\/\/kapitalis.com\/tunisie\/#website\"},\"primaryImageOfPage\":{\"@id\":\"https:\/\/kapitalis.com\/tunisie\/2021\/08\/09\/said-jaziri-place-en-detention-les-chefs-daccusation-pesant-sur-ce-depute-islamiste\/#primaryimage\"},\"image\":{\"@id\":\"https:\/\/kapitalis.com\/tunisie\/2021\/08\/09\/said-jaziri-place-en-detention-les-chefs-daccusation-pesant-sur-ce-depute-islamiste\/#primaryimage\"},\"thumbnailUrl\":\"http:\/\/kapitalis.com\/tunisie\/wp-content\/uploads\/2020\/01\/said-jaziri.jpg\",\"datePublished\":\"2021-08-09T14:54:30+00:00\",\"dateModified\":\"2021-08-09T14:58:25+00:00\",\"breadcrumb\":{\"@id\":\"https:\/\/kapitalis.com\/tunisie\/2021\/08\/09\/said-jaziri-place-en-detention-les-chefs-daccusation-pesant-sur-ce-depute-islamiste\/#breadcrumb\"},\"inLanguage\":\"fr-FR\",\"potentialAction\":[{\"@type\":\"ReadAction\",\"target\":[\"https:\/\/kapitalis.com\/tunisie\/2021\/08\/09\/said-jaziri-place-en-detention-les-chefs-daccusation-pesant-sur-ce-depute-islamiste\/\"]}]},{\"@type\":\"ImageObject\",\"inLanguage\":\"fr-FR\",\"@id\":\"https:\/\/kapitalis.com\/tunisie\/2021\/08\/09\/said-jaziri-place-en-detention-les-chefs-daccusation-pesant-sur-ce-depute-islamiste\/#primaryimage\",\"url\":\"\",\"contentUrl\":\"\"},{\"@type\":\"BreadcrumbList\",\"@id\":\"https:\/\/kapitalis.com\/tunisie\/2021\/08\/09\/said-jaziri-place-en-detention-les-chefs-daccusation-pesant-sur-ce-depute-islamiste\/#breadcrumb\",\"itemListElement\":[{\"@type\":\"ListItem\",\"position\":1,\"name\":\"Accueil\",\"item\":\"https:\/\/kapitalis.com\/tunisie\/\"},{\"@type\":\"ListItem\",\"position\":2,\"name\":\"Sa\u00efd Jaziri plac\u00e9 en d\u00e9tention : Les chefs d\u2019accusation pesant sur ce d\u00e9put\u00e9 islamiste\"}]},{\"@type\":\"WebSite\",\"@id\":\"https:\/\/kapitalis.com\/tunisie\/#website\",\"url\":\"https:\/\/kapitalis.com\/tunisie\/\",\"name\":\"Kapitalis\",\"description\":\"L&#039;actualit\u00e9 en Tunisie et dans le monde\",\"publisher\":{\"@id\":\"https:\/\/kapitalis.com\/tunisie\/#organization\"},\"potentialAction\":[{\"@type\":\"SearchAction\",\"target\":{\"@type\":\"EntryPoint\",\"urlTemplate\":\"https:\/\/kapitalis.com\/tunisie\/?s={search_term_string}\"},\"query-input\":{\"@type\":\"PropertyValueSpecification\",\"valueRequired\":true,\"valueName\":\"search_term_string\"}}],\"inLanguage\":\"fr-FR\"},{\"@type\":\"Organization\",\"@id\":\"https:\/\/kapitalis.com\/tunisie\/#organization\",\"name\":\"Kapitalis\",\"url\":\"https:\/\/kapitalis.com\/tunisie\/\",\"logo\":{\"@type\":\"ImageObject\",\"inLanguage\":\"fr-FR\",\"@id\":\"https:\/\/kapitalis.com\/tunisie\/#\/schema\/logo\/image\/\",\"url\":\"https:\/\/kapitalis.com\/tunisie\/wp-content\/uploads\/2022\/05\/Kapitalis-big-size.png\",\"contentUrl\":\"https:\/\/kapitalis.com\/tunisie\/wp-content\/uploads\/2022\/05\/Kapitalis-big-size.png\",\"width\":5000,\"height\":1500,\"caption\":\"Kapitalis\"},\"image\":{\"@id\":\"https:\/\/kapitalis.com\/tunisie\/#\/schema\/logo\/image\/\"},\"sameAs\":[\"https:\/\/www.facebook.com\/KapitalisInfo\/\",\"https:\/\/x.com\/KapitalisInfo\",\"https:\/\/www.youtube.com\/channel\/UC-yDYrHyfFBWWZaOw3FPg9Q\"]},{\"@type\":\"Person\",\"@id\":\"https:\/\/kapitalis.com\/tunisie\/#\/schema\/person\/74bbde0154d49d790a92aaeac5bc01d5\",\"name\":\"Yusra NY\",\"url\":\"https:\/\/kapitalis.com\/tunisie\/author\/yuza_adam\/\"}]}<\/script>\n<!-- \/ Yoast SEO plugin. -->","yoast_head_json":{"title":"Sa\u00efd Jaziri plac\u00e9 en d\u00e9tention : Les chefs d\u2019accusation pesant sur ce d\u00e9put\u00e9 islamiste - Kapitalis","robots":{"index":"index","follow":"follow","max-snippet":"max-snippet:-1","max-image-preview":"max-image-preview:large","max-video-preview":"max-video-preview:-1"},"canonical":"https:\/\/kapitalis.com\/tunisie\/2021\/08\/09\/said-jaziri-place-en-detention-les-chefs-daccusation-pesant-sur-ce-depute-islamiste\/","og_locale":"fr_FR","og_type":"article","og_title":"Sa\u00efd Jaziri plac\u00e9 en d\u00e9tention : Les chefs d\u2019accusation pesant sur ce d\u00e9put\u00e9 islamiste - Kapitalis","og_description":"Arr\u00eat\u00e9 ce matin, le d\u00e9put\u00e9 islamiste Sa\u00efd Jaziri propri\u00e9taire de Radio Coran qui \u00e9mettait ill\u00e9galement ses programmes religieux en piratant des fr\u00e9quences de l\u2019\u00c9tat, a \u00e9t\u00e9 plac\u00e9 en d\u00e9tention, cet apr\u00e8s-midi, lundi 9 ao\u00fbt 2021.","og_url":"https:\/\/kapitalis.com\/tunisie\/2021\/08\/09\/said-jaziri-place-en-detention-les-chefs-daccusation-pesant-sur-ce-depute-islamiste\/","og_site_name":"Kapitalis","article_publisher":"https:\/\/www.facebook.com\/KapitalisInfo\/","article_published_time":"2021-08-09T14:54:30+00:00","article_modified_time":"2021-08-09T14:58:25+00:00","og_image":[{"url":"http:\/\/kapitalis.com\/tunisie\/wp-content\/uploads\/2020\/01\/said-jaziri.jpg","type":"","width":"","height":""}],"author":"Yusra NY","twitter_card":"summary_large_image","twitter_creator":"@KapitalisInfo","twitter_site":"@KapitalisInfo","twitter_misc":{"\u00c9crit par":"Yusra NY","Dur\u00e9e de lecture estim\u00e9e":"2 minutes"},"schema":{"@context":"https:\/\/schema.org","@graph":[{"@type":"Article","@id":"https:\/\/kapitalis.com\/tunisie\/2021\/08\/09\/said-jaziri-place-en-detention-les-chefs-daccusation-pesant-sur-ce-depute-islamiste\/#article","isPartOf":{"@id":"https:\/\/kapitalis.com\/tunisie\/2021\/08\/09\/said-jaziri-place-en-detention-les-chefs-daccusation-pesant-sur-ce-depute-islamiste\/"},"author":{"name":"Yusra NY","@id":"https:\/\/kapitalis.com\/tunisie\/#\/schema\/person\/74bbde0154d49d790a92aaeac5bc01d5"},"headline":"Sa\u00efd Jaziri plac\u00e9 en d\u00e9tention : Les chefs d\u2019accusation pesant sur ce d\u00e9put\u00e9 islamiste","datePublished":"2021-08-09T14:54:30+00:00","dateModified":"2021-08-09T14:58:25+00:00","mainEntityOfPage":{"@id":"https:\/\/kapitalis.com\/tunisie\/2021\/08\/09\/said-jaziri-place-en-detention-les-chefs-daccusation-pesant-sur-ce-depute-islamiste\/"},"wordCount":334,"commentCount":3,"publisher":{"@id":"https:\/\/kapitalis.com\/tunisie\/#organization"},"image":{"@id":"https:\/\/kapitalis.com\/tunisie\/2021\/08\/09\/said-jaziri-place-en-detention-les-chefs-daccusation-pesant-sur-ce-depute-islamiste\/#primaryimage"},"thumbnailUrl":"http:\/\/kapitalis.com\/tunisie\/wp-content\/uploads\/2020\/01\/said-jaziri.jpg","keywords":["d\u00e9tention","garde \u00e0 vue","Haica","pirate","radio Coran","Said Jaziri","Tunisie"],"articleSection":["MEDIA","POLITIQUE","Tunisie"],"inLanguage":"fr-FR","potentialAction":[{"@type":"CommentAction","name":"Comment","target":["https:\/\/kapitalis.com\/tunisie\/2021\/08\/09\/said-jaziri-place-en-detention-les-chefs-daccusation-pesant-sur-ce-depute-islamiste\/#respond"]}]},{"@type":"WebPage","@id":"https:\/\/kapitalis.com\/tunisie\/2021\/08\/09\/said-jaziri-place-en-detention-les-chefs-daccusation-pesant-sur-ce-depute-islamiste\/","url":"https:\/\/kapitalis.com\/tunisie\/2021\/08\/09\/said-jaziri-place-en-detention-les-chefs-daccusation-pesant-sur-ce-depute-islamiste\/","name":"Sa\u00efd Jaziri plac\u00e9 en d\u00e9tention : Les chefs d\u2019accusation pesant sur ce d\u00e9put\u00e9 islamiste - Kapitalis","isPartOf":{"@id":"https:\/\/kapitalis.com\/tunisie\/#website"},"primaryImageOfPage":{"@id":"https:\/\/kapitalis.com\/tunisie\/2021\/08\/09\/said-jaziri-place-en-detention-les-chefs-daccusation-pesant-sur-ce-depute-islamiste\/#primaryimage"},"image":{"@id":"https:\/\/kapitalis.com\/tunisie\/2021\/08\/09\/said-jaziri-place-en-detention-les-chefs-daccusation-pesant-sur-ce-depute-islamiste\/#primaryimage"},"thumbnailUrl":"http:\/\/kapitalis.com\/tunisie\/wp-content\/uploads\/2020\/01\/said-jaziri.jpg","datePublished":"2021-08-09T14:54:30+00:00","dateModified":"2021-08-09T14:58:25+00:00","breadcrumb":{"@id":"https:\/\/kapitalis.com\/tunisie\/2021\/08\/09\/said-jaziri-place-en-detention-les-chefs-daccusation-pesant-sur-ce-depute-islamiste\/#breadcrumb"},"inLanguage":"fr-FR","potentialAction":[{"@type":"ReadAction","target":["https:\/\/kapitalis.com\/tunisie\/2021\/08\/09\/said-jaziri-place-en-detention-les-chefs-daccusation-pesant-sur-ce-depute-islamiste\/"]}]},{"@type":"ImageObject","inLanguage":"fr-FR","@id":"https:\/\/kapitalis.com\/tunisie\/2021\/08\/09\/said-jaziri-place-en-detention-les-chefs-daccusation-pesant-sur-ce-depute-islamiste\/#primaryimage","url":"","contentUrl":""},{"@type":"BreadcrumbList","@id":"https:\/\/kapitalis.com\/tunisie\/2021\/08\/09\/said-jaziri-place-en-detention-les-chefs-daccusation-pesant-sur-ce-depute-islamiste\/#breadcrumb","itemListElement":[{"@type":"ListItem","position":1,"name":"Accueil","item":"https:\/\/kapitalis.com\/tunisie\/"},{"@type":"ListItem","position":2,"name":"Sa\u00efd Jaziri plac\u00e9 en d\u00e9tention : Les chefs d\u2019accusation pesant sur ce d\u00e9put\u00e9 islamiste"}]},{"@type":"WebSite","@id":"https:\/\/kapitalis.com\/tunisie\/#website","url":"https:\/\/kapitalis.com\/tunisie\/","name":"Kapitalis","description":"L&#039;actualit\u00e9 en Tunisie et dans le monde","publisher":{"@id":"https:\/\/kapitalis.com\/tunisie\/#organization"},"potentialAction":[{"@type":"SearchAction","target":{"@type":"EntryPoint","urlTemplate":"https:\/\/kapitalis.com\/tunisie\/?s={search_term_string}"},"query-input":{"@type":"PropertyValueSpecification","valueRequired":true,"valueName":"search_term_string"}}],"inLanguage":"fr-FR"},{"@type":"Organization","@id":"https:\/\/kapitalis.com\/tunisie\/#organization","name":"Kapitalis","url":"https:\/\/kapitalis.com\/tunisie\/","logo":{"@type":"ImageObject","inLanguage":"fr-FR","@id":"https:\/\/kapitalis.com\/tunisie\/#\/schema\/logo\/image\/","url":"https:\/\/kapitalis.com\/tunisie\/wp-content\/uploads\/2022\/05\/Kapitalis-big-size.png","contentUrl":"https:\/\/kapitalis.com\/tunisie\/wp-content\/uploads\/2022\/05\/Kapitalis-big-size.png","width":5000,"height":1500,"caption":"Kapitalis"},"image":{"@id":"https:\/\/kapitalis.com\/tunisie\/#\/schema\/logo\/image\/"},"sameAs":["https:\/\/www.facebook.com\/KapitalisInfo\/","https:\/\/x.com\/KapitalisInfo","https:\/\/www.youtube.com\/channel\/UC-yDYrHyfFBWWZaOw3FPg9Q"]},{"@type":"Person","@id":"https:\/\/kapitalis.com\/tunisie\/#\/schema\/person\/74bbde0154d49d790a92aaeac5bc01d5","name":"Yusra NY","url":"https:\/\/kapitalis.com\/tunisie\/author\/yuza_adam\/"}]}},"_links":{"self":[{"href":"https:\/\/kapitalis.com\/tunisie\/wp-json\/wp\/v2\/posts\/358907","targetHints":{"allow":["GET"]}}],"collection":[{"href":"https:\/\/kapitalis.com\/tunisie\/wp-json\/wp\/v2\/posts"}],"about":[{"href":"https:\/\/kapitalis.com\/tunisie\/wp-json\/wp\/v2\/types\/post"}],"author":[{"embeddable":true,"href":"https:\/\/kapitalis.com\/tunisie\/wp-json\/wp\/v2\/users\/6"}],"replies":[{"embeddable":true,"href":"https:\/\/kapitalis.com\/tunisie\/wp-json\/wp\/v2\/comments?post=358907"}],"version-history":[{"count":0,"href":"https:\/\/kapitalis.com\/tunisie\/wp-json\/wp\/v2\/posts\/358907\/revisions"}],"wp:attachment":[{"href":"https:\/\/kapitalis.com\/tunisie\/wp-json\/wp\/v2\/media?parent=358907"}],"wp:term":[{"taxonomy":"category","embeddable":true,"href":"https:\/\/kapitalis.com\/tunisie\/wp-json\/wp\/v2\/categories?post=358907"},{"taxonomy":"post_tag","embeddable":true,"href":"https:\/\/kapitalis.com\/tunisie\/wp-json\/wp\/v2\/tags?post=358907"}],"curies":[{"name":"wp","href":"https:\/\/api.w.org\/{rel}","templated":true}]}}