{"id":3589652,"date":"2022-09-01T15:51:46","date_gmt":"2022-09-01T14:51:46","guid":{"rendered":"https:\/\/kapitalis.com\/tunisie\/?p=3589652"},"modified":"2022-09-01T15:51:47","modified_gmt":"2022-09-01T14:51:47","slug":"tunisie-saied-a-eu-tort-daccueillir-le-chef-du-polisario-selon-salem-labiadh","status":"publish","type":"post","link":"https:\/\/kapitalis.com\/tunisie\/2022\/09\/01\/tunisie-saied-a-eu-tort-daccueillir-le-chef-du-polisario-selon-salem-labiadh\/","title":{"rendered":"Tunisie : Sa\u00efed a eu tort d&rsquo;accueillir le chef du Polisario, selon Salem Labiadh"},"content":{"rendered":"\n<p><strong><em>Selon le dirigeant du mouvement Echa\u00e2b, Salem Labiadh, le pr\u00e9sident de la r\u00e9publique, Ka\u00efs Sa\u00efed, a eu tort d&rsquo;accueillir le chef du Polisario, Brahim Ghali, cr\u00e9ant ainsi une crise diplomatique avec le Maroc.<\/em><\/strong><\/p>\n\n\n\n<!--more-->\n\n\n\n<p>Interview\u00e9 sur les ondes de Mosa\u00efque FM, Labiadh a estim\u00e9 que le chef de l&rsquo;Etat tunisien devait plut\u00f4t g\u00e9rer le dialogue en vue de r\u00e9duire les \u00e9carts et les conflits entre le Maroc et l&rsquo;Alg\u00e9rie.<\/p>\n\n\n\n<p>\u00ab<em>Il aurait d\u00fb tenir compte des \u00e9volutions qui ont eu lieu dans la question du Sahara occidental apr\u00e8s que Trump a reconnu la marocanit\u00e9 du Sahara. Par cons\u00e9quent, la r\u00e9ception de Brahim Ghali \u00e9tait une erreur d&rsquo;estimation de la part de Sa\u00efed. Nous sommes un seul peuple et nous ne devons pas entrer en conflit<\/em>\u00bb, a-t-il d\u00e9velopp\u00e9.<\/p>\n\n\n\n<p class=\"has-text-align-right\"><strong>C. B. Y.<\/strong><\/p>\n","protected":false},"excerpt":{"rendered":"<p>Selon le dirigeant du mouvement Echa\u00e2b, Salem Labiadh, le pr\u00e9sident de la r\u00e9publique, Ka\u00efs Sa\u00efed, a eu tort d&rsquo;accueillir le chef du Polisario, Brahim Ghali, cr\u00e9ant ainsi une crise diplomatique avec le Maroc.<\/p>\n","protected":false},"author":24,"featured_media":3591367,"comment_status":"open","ping_status":"open","sticky":false,"template":"","format":"standard","meta":{"footnotes":""},"categories":[997,2433],"tags":[102352,76012,18689,78874,3077,62643],"class_list":["post-3589652","post","type-post","status-publish","format-standard","has-post-thumbnail","hentry","category-politique","category-tunisie","tag-brahim-ghali","tag-kais-saied-2","tag-mouvement-echaab","tag-polisario","tag-salem-labiadh","tag-tunisie"],"yoast_head":"<!-- This site is optimized with the Yoast SEO plugin v26.6 - https:\/\/yoast.com\/wordpress\/plugins\/seo\/ -->\n<title>Tunisie : Sa\u00efed a eu tort d&#039;accueillir le chef du Polisario, selon Salem Labiadh - Kapitalis<\/title>\n<meta name=\"robots\" content=\"index, follow, max-snippet:-1, max-image-preview:large, max-video-preview:-1\" \/>\n<link rel=\"canonical\" href=\"https:\/\/kapitalis.com\/tunisie\/2022\/09\/01\/tunisie-saied-a-eu-tort-daccueillir-le-chef-du-polisario-selon-salem-labiadh\/\" \/>\n<meta property=\"og:locale\" content=\"fr_FR\" \/>\n<meta property=\"og:type\" content=\"article\" \/>\n<meta property=\"og:title\" content=\"Tunisie : Sa\u00efed a eu tort d&#039;accueillir le chef du Polisario, selon Salem Labiadh - Kapitalis\" \/>\n<meta property=\"og:description\" content=\"Selon le dirigeant du mouvement Echa\u00e2b, Salem Labiadh, le pr\u00e9sident de la r\u00e9publique, Ka\u00efs Sa\u00efed, a eu tort d&rsquo;accueillir le chef du Polisario, Brahim Ghali, cr\u00e9ant ainsi une crise diplomatique avec le Maroc.\" \/>\n<meta property=\"og:url\" content=\"https:\/\/kapitalis.com\/tunisie\/2022\/09\/01\/tunisie-saied-a-eu-tort-daccueillir-le-chef-du-polisario-selon-salem-labiadh\/\" \/>\n<meta property=\"og:site_name\" content=\"Kapitalis\" \/>\n<meta property=\"article:publisher\" content=\"https:\/\/www.facebook.com\/KapitalisInfo\/\" \/>\n<meta property=\"article:published_time\" content=\"2022-09-01T14:51:46+00:00\" \/>\n<meta property=\"article:modified_time\" content=\"2022-09-01T14:51:47+00:00\" \/>\n<meta property=\"og:image\" content=\"https:\/\/kapitalis.com\/tunisie\/wp-content\/uploads\/2022\/09\/salem-labiadh.jpg\" \/>\n\t<meta property=\"og:image:width\" content=\"1200\" \/>\n\t<meta property=\"og:image:height\" content=\"630\" \/>\n\t<meta property=\"og:image:type\" content=\"image\/jpeg\" \/>\n<meta name=\"author\" content=\"Cherif Benyounes\" \/>\n<meta name=\"twitter:card\" content=\"summary_large_image\" \/>\n<meta name=\"twitter:creator\" content=\"@KapitalisInfo\" \/>\n<meta name=\"twitter:site\" content=\"@KapitalisInfo\" \/>\n<meta name=\"twitter:label1\" content=\"\u00c9crit par\" \/>\n\t<meta name=\"twitter:data1\" content=\"Cherif Benyounes\" \/>\n\t<meta name=\"twitter:label2\" content=\"Dur\u00e9e de lecture estim\u00e9e\" \/>\n\t<meta name=\"twitter:data2\" content=\"1 minute\" \/>\n<script type=\"application\/ld+json\" class=\"yoast-schema-graph\">{\"@context\":\"https:\/\/schema.org\",\"@graph\":[{\"@type\":\"Article\",\"@id\":\"https:\/\/kapitalis.com\/tunisie\/2022\/09\/01\/tunisie-saied-a-eu-tort-daccueillir-le-chef-du-polisario-selon-salem-labiadh\/#article\",\"isPartOf\":{\"@id\":\"https:\/\/kapitalis.com\/tunisie\/2022\/09\/01\/tunisie-saied-a-eu-tort-daccueillir-le-chef-du-polisario-selon-salem-labiadh\/\"},\"author\":{\"name\":\"Cherif Benyounes\",\"@id\":\"https:\/\/kapitalis.com\/tunisie\/#\/schema\/person\/b35b8d631961131107263178aeb8019e\"},\"headline\":\"Tunisie : Sa\u00efed a eu tort d&rsquo;accueillir le chef du Polisario, selon Salem Labiadh\",\"datePublished\":\"2022-09-01T14:51:46+00:00\",\"dateModified\":\"2022-09-01T14:51:47+00:00\",\"mainEntityOfPage\":{\"@id\":\"https:\/\/kapitalis.com\/tunisie\/2022\/09\/01\/tunisie-saied-a-eu-tort-daccueillir-le-chef-du-polisario-selon-salem-labiadh\/\"},\"wordCount\":158,\"commentCount\":6,\"publisher\":{\"@id\":\"https:\/\/kapitalis.com\/tunisie\/#organization\"},\"image\":{\"@id\":\"https:\/\/kapitalis.com\/tunisie\/2022\/09\/01\/tunisie-saied-a-eu-tort-daccueillir-le-chef-du-polisario-selon-salem-labiadh\/#primaryimage\"},\"thumbnailUrl\":\"https:\/\/kapitalis.com\/tunisie\/wp-content\/uploads\/2022\/09\/salem-labiadh.jpg\",\"keywords\":[\"Brahim Ghali\",\"Ka\u00efs Sa\u00efed\",\"Mouvement Echa\u00e2b\",\"Polisario\",\"Salem Labiadh\",\"Tunisie\"],\"articleSection\":[\"POLITIQUE\",\"Tunisie\"],\"inLanguage\":\"fr-FR\",\"potentialAction\":[{\"@type\":\"CommentAction\",\"name\":\"Comment\",\"target\":[\"https:\/\/kapitalis.com\/tunisie\/2022\/09\/01\/tunisie-saied-a-eu-tort-daccueillir-le-chef-du-polisario-selon-salem-labiadh\/#respond\"]}]},{\"@type\":\"WebPage\",\"@id\":\"https:\/\/kapitalis.com\/tunisie\/2022\/09\/01\/tunisie-saied-a-eu-tort-daccueillir-le-chef-du-polisario-selon-salem-labiadh\/\",\"url\":\"https:\/\/kapitalis.com\/tunisie\/2022\/09\/01\/tunisie-saied-a-eu-tort-daccueillir-le-chef-du-polisario-selon-salem-labiadh\/\",\"name\":\"Tunisie : Sa\u00efed a eu tort d'accueillir le chef du Polisario, selon Salem Labiadh - Kapitalis\",\"isPartOf\":{\"@id\":\"https:\/\/kapitalis.com\/tunisie\/#website\"},\"primaryImageOfPage\":{\"@id\":\"https:\/\/kapitalis.com\/tunisie\/2022\/09\/01\/tunisie-saied-a-eu-tort-daccueillir-le-chef-du-polisario-selon-salem-labiadh\/#primaryimage\"},\"image\":{\"@id\":\"https:\/\/kapitalis.com\/tunisie\/2022\/09\/01\/tunisie-saied-a-eu-tort-daccueillir-le-chef-du-polisario-selon-salem-labiadh\/#primaryimage\"},\"thumbnailUrl\":\"https:\/\/kapitalis.com\/tunisie\/wp-content\/uploads\/2022\/09\/salem-labiadh.jpg\",\"datePublished\":\"2022-09-01T14:51:46+00:00\",\"dateModified\":\"2022-09-01T14:51:47+00:00\",\"breadcrumb\":{\"@id\":\"https:\/\/kapitalis.com\/tunisie\/2022\/09\/01\/tunisie-saied-a-eu-tort-daccueillir-le-chef-du-polisario-selon-salem-labiadh\/#breadcrumb\"},\"inLanguage\":\"fr-FR\",\"potentialAction\":[{\"@type\":\"ReadAction\",\"target\":[\"https:\/\/kapitalis.com\/tunisie\/2022\/09\/01\/tunisie-saied-a-eu-tort-daccueillir-le-chef-du-polisario-selon-salem-labiadh\/\"]}]},{\"@type\":\"ImageObject\",\"inLanguage\":\"fr-FR\",\"@id\":\"https:\/\/kapitalis.com\/tunisie\/2022\/09\/01\/tunisie-saied-a-eu-tort-daccueillir-le-chef-du-polisario-selon-salem-labiadh\/#primaryimage\",\"url\":\"https:\/\/kapitalis.com\/tunisie\/wp-content\/uploads\/2022\/09\/salem-labiadh.jpg\",\"contentUrl\":\"https:\/\/kapitalis.com\/tunisie\/wp-content\/uploads\/2022\/09\/salem-labiadh.jpg\",\"width\":1200,\"height\":630},{\"@type\":\"BreadcrumbList\",\"@id\":\"https:\/\/kapitalis.com\/tunisie\/2022\/09\/01\/tunisie-saied-a-eu-tort-daccueillir-le-chef-du-polisario-selon-salem-labiadh\/#breadcrumb\",\"itemListElement\":[{\"@type\":\"ListItem\",\"position\":1,\"name\":\"Accueil\",\"item\":\"https:\/\/kapitalis.com\/tunisie\/\"},{\"@type\":\"ListItem\",\"position\":2,\"name\":\"Tunisie : Sa\u00efed a eu tort d&rsquo;accueillir le chef du Polisario, selon Salem Labiadh\"}]},{\"@type\":\"WebSite\",\"@id\":\"https:\/\/kapitalis.com\/tunisie\/#website\",\"url\":\"https:\/\/kapitalis.com\/tunisie\/\",\"name\":\"Kapitalis\",\"description\":\"L&#039;actualit\u00e9 en Tunisie et dans le monde\",\"publisher\":{\"@id\":\"https:\/\/kapitalis.com\/tunisie\/#organization\"},\"potentialAction\":[{\"@type\":\"SearchAction\",\"target\":{\"@type\":\"EntryPoint\",\"urlTemplate\":\"https:\/\/kapitalis.com\/tunisie\/?s={search_term_string}\"},\"query-input\":{\"@type\":\"PropertyValueSpecification\",\"valueRequired\":true,\"valueName\":\"search_term_string\"}}],\"inLanguage\":\"fr-FR\"},{\"@type\":\"Organization\",\"@id\":\"https:\/\/kapitalis.com\/tunisie\/#organization\",\"name\":\"Kapitalis\",\"url\":\"https:\/\/kapitalis.com\/tunisie\/\",\"logo\":{\"@type\":\"ImageObject\",\"inLanguage\":\"fr-FR\",\"@id\":\"https:\/\/kapitalis.com\/tunisie\/#\/schema\/logo\/image\/\",\"url\":\"https:\/\/kapitalis.com\/tunisie\/wp-content\/uploads\/2022\/05\/Kapitalis-big-size.png\",\"contentUrl\":\"https:\/\/kapitalis.com\/tunisie\/wp-content\/uploads\/2022\/05\/Kapitalis-big-size.png\",\"width\":5000,\"height\":1500,\"caption\":\"Kapitalis\"},\"image\":{\"@id\":\"https:\/\/kapitalis.com\/tunisie\/#\/schema\/logo\/image\/\"},\"sameAs\":[\"https:\/\/www.facebook.com\/KapitalisInfo\/\",\"https:\/\/x.com\/KapitalisInfo\",\"https:\/\/www.youtube.com\/channel\/UC-yDYrHyfFBWWZaOw3FPg9Q\"]},{\"@type\":\"Person\",\"@id\":\"https:\/\/kapitalis.com\/tunisie\/#\/schema\/person\/b35b8d631961131107263178aeb8019e\",\"name\":\"Cherif Benyounes\",\"url\":\"https:\/\/kapitalis.com\/tunisie\/author\/cherif\/\"}]}<\/script>\n<!-- \/ Yoast SEO plugin. -->","yoast_head_json":{"title":"Tunisie : Sa\u00efed a eu tort d'accueillir le chef du Polisario, selon Salem Labiadh - Kapitalis","robots":{"index":"index","follow":"follow","max-snippet":"max-snippet:-1","max-image-preview":"max-image-preview:large","max-video-preview":"max-video-preview:-1"},"canonical":"https:\/\/kapitalis.com\/tunisie\/2022\/09\/01\/tunisie-saied-a-eu-tort-daccueillir-le-chef-du-polisario-selon-salem-labiadh\/","og_locale":"fr_FR","og_type":"article","og_title":"Tunisie : Sa\u00efed a eu tort d'accueillir le chef du Polisario, selon Salem Labiadh - Kapitalis","og_description":"Selon le dirigeant du mouvement Echa\u00e2b, Salem Labiadh, le pr\u00e9sident de la r\u00e9publique, Ka\u00efs Sa\u00efed, a eu tort d&rsquo;accueillir le chef du Polisario, Brahim Ghali, cr\u00e9ant ainsi une crise diplomatique avec le Maroc.","og_url":"https:\/\/kapitalis.com\/tunisie\/2022\/09\/01\/tunisie-saied-a-eu-tort-daccueillir-le-chef-du-polisario-selon-salem-labiadh\/","og_site_name":"Kapitalis","article_publisher":"https:\/\/www.facebook.com\/KapitalisInfo\/","article_published_time":"2022-09-01T14:51:46+00:00","article_modified_time":"2022-09-01T14:51:47+00:00","og_image":[{"width":1200,"height":630,"url":"https:\/\/kapitalis.com\/tunisie\/wp-content\/uploads\/2022\/09\/salem-labiadh.jpg","type":"image\/jpeg"}],"author":"Cherif Benyounes","twitter_card":"summary_large_image","twitter_creator":"@KapitalisInfo","twitter_site":"@KapitalisInfo","twitter_misc":{"\u00c9crit par":"Cherif Benyounes","Dur\u00e9e de lecture estim\u00e9e":"1 minute"},"schema":{"@context":"https:\/\/schema.org","@graph":[{"@type":"Article","@id":"https:\/\/kapitalis.com\/tunisie\/2022\/09\/01\/tunisie-saied-a-eu-tort-daccueillir-le-chef-du-polisario-selon-salem-labiadh\/#article","isPartOf":{"@id":"https:\/\/kapitalis.com\/tunisie\/2022\/09\/01\/tunisie-saied-a-eu-tort-daccueillir-le-chef-du-polisario-selon-salem-labiadh\/"},"author":{"name":"Cherif Benyounes","@id":"https:\/\/kapitalis.com\/tunisie\/#\/schema\/person\/b35b8d631961131107263178aeb8019e"},"headline":"Tunisie : Sa\u00efed a eu tort d&rsquo;accueillir le chef du Polisario, selon Salem Labiadh","datePublished":"2022-09-01T14:51:46+00:00","dateModified":"2022-09-01T14:51:47+00:00","mainEntityOfPage":{"@id":"https:\/\/kapitalis.com\/tunisie\/2022\/09\/01\/tunisie-saied-a-eu-tort-daccueillir-le-chef-du-polisario-selon-salem-labiadh\/"},"wordCount":158,"commentCount":6,"publisher":{"@id":"https:\/\/kapitalis.com\/tunisie\/#organization"},"image":{"@id":"https:\/\/kapitalis.com\/tunisie\/2022\/09\/01\/tunisie-saied-a-eu-tort-daccueillir-le-chef-du-polisario-selon-salem-labiadh\/#primaryimage"},"thumbnailUrl":"https:\/\/kapitalis.com\/tunisie\/wp-content\/uploads\/2022\/09\/salem-labiadh.jpg","keywords":["Brahim Ghali","Ka\u00efs Sa\u00efed","Mouvement Echa\u00e2b","Polisario","Salem Labiadh","Tunisie"],"articleSection":["POLITIQUE","Tunisie"],"inLanguage":"fr-FR","potentialAction":[{"@type":"CommentAction","name":"Comment","target":["https:\/\/kapitalis.com\/tunisie\/2022\/09\/01\/tunisie-saied-a-eu-tort-daccueillir-le-chef-du-polisario-selon-salem-labiadh\/#respond"]}]},{"@type":"WebPage","@id":"https:\/\/kapitalis.com\/tunisie\/2022\/09\/01\/tunisie-saied-a-eu-tort-daccueillir-le-chef-du-polisario-selon-salem-labiadh\/","url":"https:\/\/kapitalis.com\/tunisie\/2022\/09\/01\/tunisie-saied-a-eu-tort-daccueillir-le-chef-du-polisario-selon-salem-labiadh\/","name":"Tunisie : Sa\u00efed a eu tort d'accueillir le chef du Polisario, selon Salem Labiadh - Kapitalis","isPartOf":{"@id":"https:\/\/kapitalis.com\/tunisie\/#website"},"primaryImageOfPage":{"@id":"https:\/\/kapitalis.com\/tunisie\/2022\/09\/01\/tunisie-saied-a-eu-tort-daccueillir-le-chef-du-polisario-selon-salem-labiadh\/#primaryimage"},"image":{"@id":"https:\/\/kapitalis.com\/tunisie\/2022\/09\/01\/tunisie-saied-a-eu-tort-daccueillir-le-chef-du-polisario-selon-salem-labiadh\/#primaryimage"},"thumbnailUrl":"https:\/\/kapitalis.com\/tunisie\/wp-content\/uploads\/2022\/09\/salem-labiadh.jpg","datePublished":"2022-09-01T14:51:46+00:00","dateModified":"2022-09-01T14:51:47+00:00","breadcrumb":{"@id":"https:\/\/kapitalis.com\/tunisie\/2022\/09\/01\/tunisie-saied-a-eu-tort-daccueillir-le-chef-du-polisario-selon-salem-labiadh\/#breadcrumb"},"inLanguage":"fr-FR","potentialAction":[{"@type":"ReadAction","target":["https:\/\/kapitalis.com\/tunisie\/2022\/09\/01\/tunisie-saied-a-eu-tort-daccueillir-le-chef-du-polisario-selon-salem-labiadh\/"]}]},{"@type":"ImageObject","inLanguage":"fr-FR","@id":"https:\/\/kapitalis.com\/tunisie\/2022\/09\/01\/tunisie-saied-a-eu-tort-daccueillir-le-chef-du-polisario-selon-salem-labiadh\/#primaryimage","url":"https:\/\/kapitalis.com\/tunisie\/wp-content\/uploads\/2022\/09\/salem-labiadh.jpg","contentUrl":"https:\/\/kapitalis.com\/tunisie\/wp-content\/uploads\/2022\/09\/salem-labiadh.jpg","width":1200,"height":630},{"@type":"BreadcrumbList","@id":"https:\/\/kapitalis.com\/tunisie\/2022\/09\/01\/tunisie-saied-a-eu-tort-daccueillir-le-chef-du-polisario-selon-salem-labiadh\/#breadcrumb","itemListElement":[{"@type":"ListItem","position":1,"name":"Accueil","item":"https:\/\/kapitalis.com\/tunisie\/"},{"@type":"ListItem","position":2,"name":"Tunisie : Sa\u00efed a eu tort d&rsquo;accueillir le chef du Polisario, selon Salem Labiadh"}]},{"@type":"WebSite","@id":"https:\/\/kapitalis.com\/tunisie\/#website","url":"https:\/\/kapitalis.com\/tunisie\/","name":"Kapitalis","description":"L&#039;actualit\u00e9 en Tunisie et dans le monde","publisher":{"@id":"https:\/\/kapitalis.com\/tunisie\/#organization"},"potentialAction":[{"@type":"SearchAction","target":{"@type":"EntryPoint","urlTemplate":"https:\/\/kapitalis.com\/tunisie\/?s={search_term_string}"},"query-input":{"@type":"PropertyValueSpecification","valueRequired":true,"valueName":"search_term_string"}}],"inLanguage":"fr-FR"},{"@type":"Organization","@id":"https:\/\/kapitalis.com\/tunisie\/#organization","name":"Kapitalis","url":"https:\/\/kapitalis.com\/tunisie\/","logo":{"@type":"ImageObject","inLanguage":"fr-FR","@id":"https:\/\/kapitalis.com\/tunisie\/#\/schema\/logo\/image\/","url":"https:\/\/kapitalis.com\/tunisie\/wp-content\/uploads\/2022\/05\/Kapitalis-big-size.png","contentUrl":"https:\/\/kapitalis.com\/tunisie\/wp-content\/uploads\/2022\/05\/Kapitalis-big-size.png","width":5000,"height":1500,"caption":"Kapitalis"},"image":{"@id":"https:\/\/kapitalis.com\/tunisie\/#\/schema\/logo\/image\/"},"sameAs":["https:\/\/www.facebook.com\/KapitalisInfo\/","https:\/\/x.com\/KapitalisInfo","https:\/\/www.youtube.com\/channel\/UC-yDYrHyfFBWWZaOw3FPg9Q"]},{"@type":"Person","@id":"https:\/\/kapitalis.com\/tunisie\/#\/schema\/person\/b35b8d631961131107263178aeb8019e","name":"Cherif Benyounes","url":"https:\/\/kapitalis.com\/tunisie\/author\/cherif\/"}]}},"_links":{"self":[{"href":"https:\/\/kapitalis.com\/tunisie\/wp-json\/wp\/v2\/posts\/3589652","targetHints":{"allow":["GET"]}}],"collection":[{"href":"https:\/\/kapitalis.com\/tunisie\/wp-json\/wp\/v2\/posts"}],"about":[{"href":"https:\/\/kapitalis.com\/tunisie\/wp-json\/wp\/v2\/types\/post"}],"author":[{"embeddable":true,"href":"https:\/\/kapitalis.com\/tunisie\/wp-json\/wp\/v2\/users\/24"}],"replies":[{"embeddable":true,"href":"https:\/\/kapitalis.com\/tunisie\/wp-json\/wp\/v2\/comments?post=3589652"}],"version-history":[{"count":0,"href":"https:\/\/kapitalis.com\/tunisie\/wp-json\/wp\/v2\/posts\/3589652\/revisions"}],"wp:featuredmedia":[{"embeddable":true,"href":"https:\/\/kapitalis.com\/tunisie\/wp-json\/wp\/v2\/media\/3591367"}],"wp:attachment":[{"href":"https:\/\/kapitalis.com\/tunisie\/wp-json\/wp\/v2\/media?parent=3589652"}],"wp:term":[{"taxonomy":"category","embeddable":true,"href":"https:\/\/kapitalis.com\/tunisie\/wp-json\/wp\/v2\/categories?post=3589652"},{"taxonomy":"post_tag","embeddable":true,"href":"https:\/\/kapitalis.com\/tunisie\/wp-json\/wp\/v2\/tags?post=3589652"}],"curies":[{"name":"wp","href":"https:\/\/api.w.org\/{rel}","templated":true}]}}