{"id":359213,"date":"2021-08-12T12:50:07","date_gmt":"2021-08-12T11:50:07","guid":{"rendered":"http:\/\/kapitalis.com\/tunisie\/?p=359213"},"modified":"2021-08-12T12:52:15","modified_gmt":"2021-08-12T11:52:15","slug":"la-tunisie-doit-se-preparer-aux-consequences-du-rechauffement-climatique","status":"publish","type":"post","link":"https:\/\/kapitalis.com\/tunisie\/2021\/08\/12\/la-tunisie-doit-se-preparer-aux-consequences-du-rechauffement-climatique\/","title":{"rendered":"La Tunisie doit se pr\u00e9parer aux cons\u00e9quences du r\u00e9chauffement climatique"},"content":{"rendered":"\n<div class=\"wp-block-image\"><figure class=\"aligncenter size-large\"><img decoding=\"async\" src=\"http:\/\/kapitalis.com\/tunisie\/wp-content\/uploads\/2021\/08\/Incendies-dans-le-nord-ouest-tunisien.jpg\" alt=\"\" class=\"wp-image-359214\"\/><figcaption><em>Incendies de ces derniers jours dans le nord-ouest tunisien.<\/em><\/figcaption><\/figure><\/div>\n\n\n\n<p><strong><em>La Tunisie, qui fait face depuis des d\u00e9cennies aux ph\u00e9nom\u00e8nes de la s\u00e9cheresse, de la d\u00e9sertification et de la raret\u00e9 de l&rsquo;eau, est s\u00e9rieusement menac\u00e9e par l&rsquo;aggravation prouv\u00e9e du r\u00e9chauffement climatique et doit donc se pr\u00e9parer tr\u00e8s s\u00e9rieusement \u00e0 y faire face, comme tous les autres pays du monde.\u00a0<\/em><\/strong><\/p>\n\n\n\n<p>Par <strong>Raouf Chatty<\/strong> *<\/p>\n\n\n\n<!--more-->\n\n\n\n<div class=\"wp-block-image\"><figure class=\"alignleft size-large\"><img decoding=\"async\" src=\"http:\/\/kapitalis.com\/tunisie\/wp-content\/uploads\/2021\/05\/Raouf-Chatty.jpg\" alt=\"\" class=\"wp-image-347685\"\/><\/figure><\/div>\n\n\n\n<p>Les pouvoirs publics \u00e0 l&rsquo;\u00e9chelle centrale, r\u00e9gionale et locale sont concern\u00e9s au premier chef par cette question, la soci\u00e9t\u00e9 civile et la population aussi.<\/p>\n\n\n\n<p>Plus et mieux, ils s&rsquo;y pr\u00e9parent \u00e0 temps et anticipent, beaucoup moins seront les d\u00e9g\u00e2ts et meilleurs seront les r\u00e9sultats. Cela fera \u00e9pargner au pays ressources humaines, temps, et argent.<\/p>\n\n\n\n<p>Les inondations sans pr\u00e9c\u00e9dent qui ont eu lieu il y a trois ans dans la r\u00e9gion de Nabeul, occasionnant des d\u00e9g\u00e2ts humains et mat\u00e9riels \u00e9normes, les dangereux incendies de for\u00eats que le pays commence \u00e0 vivre dans certaines r\u00e9gions, en particulier celle du nord-ouest, constituant la r\u00e9serve foresti\u00e8re du pays, l&rsquo;augmentation sans pr\u00e9c\u00e9dent de la chaleur et la hausse du nombre de jours de canicule&#8230; sont autant de faits graves qui doivent nous alerter sur les mesures \u00e0 prendre tr\u00e8s vite pour faire\u00a0face \u00e0 ces calamit\u00e9s. Depuis deux jours, Kairouan a enregistr\u00e9 la temp\u00e9rature la plus \u00e9lev\u00e9e au monde, avec 50 degr\u00e9s!<\/p>\n\n\n\n<h3 class=\"wp-block-heading\">Engager les citoyens \u00e0 changer leurs attitudes vis-\u00e0-vis de l&rsquo;environnement<\/h3>\n\n\n\n<p>Il est fondamental que l&rsquo;Etat\u00a0comme le peuple prennent conscience\u00a0de l&rsquo;urgence\u00a0de se pr\u00e9parer d\u00e9sormais \u00e0 ces calamit\u00e9s. L&rsquo;Etat doit prendre les dispositions n\u00e9cessaires pour engager vivement\u00a0 les gens \u00e0 changer leurs attitudes vis-\u00e0-vis de l&rsquo;environnement&#8230;<\/p>\n\n\n\n<p>Bref, il faut une \u00e9ducation de masse pour apprendre au peuple \u00e0 respecter scrupuleusement l&rsquo;environnement. Avec une volont\u00e9 politique soutenue par des mesures \u00e9ducatives\u00a0accompagn\u00e9es le cas \u00e9ch\u00e9ant de sanctions, les gens finiront par adopter de nouvelles attitudes, comme ce fut le cas avec le port des masques dans le cadre des mesures barri\u00e8res de lutte contre la pand\u00e9mie du Covid-19.<\/p>\n\n\n\n<p>Malheureusement, nous constatons que les pouvoirs publics aux \u00e9chelles centrale et locale sont carr\u00e9ment absents sur le sujet. Les m\u00e9dias \u00e9galement. Ils sont occup\u00e9s par des questions beaucoup moins importantes que celle de l&rsquo;environnement, en d\u00e9pit du fait que ce sujet impacte, sans que l&rsquo;on s&rsquo;en rende compte, notre quotidien, notre sant\u00e9\u00a0et notre vie&#8230;<\/p>\n\n\n\n<p>Les autorit\u00e9s charg\u00e9es de la gestion du dossier de l&rsquo;environnement doivent penser \u00e0 organiser des campagnes m\u00e9diatiques et sur le terrain pour\u00a0faire prendre conscience aux gens de l&rsquo;importance majeure de cette question.<\/p>\n\n\n\n<h3 class=\"wp-block-heading\">Assainir les barrages en pr\u00e9vision des pluies diluviennes de l&rsquo;automne<\/h3>\n\n\n\n<p>Les pouvoirs publics aux \u00e9chelles centrale, r\u00e9gionale et locale doivent pour l&rsquo;heure&nbsp;r\u00e9fl\u00e9chir aux mesures \u00e0 prendre pour l&rsquo;assainissement des barrages en pr\u00e9vision des pluies diluviennes que pourraient conna\u00eetre le pays&nbsp;dans les prochains mois.<\/p>\n\n\n\n<p>Les minist\u00e8res concern\u00e9s et les communes doivent se mettre \u00e0 la t\u00e2che imm\u00e9diatement: l&rsquo;Agriculture, l&rsquo;Environnement, l&rsquo;Equipement, l&rsquo;Int\u00e9rieur&#8230; Ils doivent savoir qu&rsquo;ils leur incombe d&rsquo;anticiper et de ne pas attendre que les calamit\u00e9s arrivent. Un peu de bon sens et d&rsquo;imagination ne font de mal \u00e0 personne&#8230;<\/p>\n\n\n\n<p>A terme, il serait indiqu\u00e9 que le gouvernement restructure l&rsquo;actuel Office national de la protection civile&nbsp;en une grande Agence nationale de la protection civile \u00e0 l&rsquo;instar de celles qui existent dans les pays d\u00e9velopp\u00e9s.<\/p>\n\n\n\n<p>Celle-ci pourra regrouper&nbsp;tous les services de l&rsquo;Etat concern\u00e9s par la gestion des calamit\u00e9s :&nbsp;inondations, assainissement des barrages, incendies, incendies de foret, protection des r\u00e9coltes.,.<\/p>\n\n\n\n<p>Bien s\u00fbr, cette agence nationale doit avoir&nbsp;des services ext\u00e9rieurs dans les r\u00e9gions concern\u00e9es par ces calamit\u00e9s, qui disposeront de plans pr\u00e9alables de travail coordonn\u00e9s entre eux, avec des sch\u00e9mas pr\u00e9\u00e9tablis&nbsp;pour g\u00e9rer les&nbsp;calamit\u00e9s&#8230; d\u00e8s leur d\u00e9clenchement.<\/p>\n\n\n\n<p>Cela permettra&nbsp;d&rsquo;anticiper la survenue de telles calamit\u00e9s, de s&rsquo;y pr\u00e9parer \u00e0 l&rsquo;avance \u00e0 tous points de vue&#8230;, et de proc\u00e9der le cas \u00e9ch\u00e9ant \u00e0 des op\u00e9rations blanches sur le terrain.<\/p>\n\n\n\n<p>Cela \u00e9pargnera \u00e0 l&rsquo;Etat, en cas de d\u00e9claration de telles calamit\u00e9s, des pertes en ressources humaines,\u00a0 en\u00a0temps et en argent&#8230;<\/p>\n\n\n\n<h3 class=\"wp-block-heading\">Les changements climatiques vont modeler profond\u00e9ment nos modes de vie<\/h3>\n\n\n\n<p>Un travail d&rsquo;anticipation\u00a0doit \u00eatre fait avec les bureaux de cette agence dans les r\u00e9gions au moment opportun\u00a0en pr\u00e9vision\u00a0de la survenance de ces calamit\u00e9s dans les r\u00e9gions susceptibles d&rsquo;en \u00eatre frapp\u00e9es&#8230;<\/p>\n\n\n\n<p>Cette agence nationale pourrait initier des relations de coop\u00e9ration avec ses homologues \u00e0 l&rsquo;\u00e9tranger et&nbsp;apprendre de leurs exp\u00e9riences dans la gestion des calamit\u00e9s&#8230;<\/p>\n\n\n\n<p>En conclusion, il faut avoir aujourd&rsquo;hui pr\u00e9sent \u00e0 l&rsquo;esprit que ces agences de la protection civile auront d\u00e9sormais un r\u00f4le fondamental \u00e0 jouer dans nos soci\u00e9t\u00e9s modernes impact\u00e9es par les changements climatiques qui vont modeler profond\u00e9ment nos modes de vies.<\/p>\n\n\n\n<p>La question sera d\u00e9sormais au centre de l&rsquo;agenda des pouvoirs publics partout au monde. La Tunisie se doit de lui accorder l&rsquo;attention requise.<\/p>\n\n\n\n<p>* <em>Ancien ambassadeur.<\/em><\/p>\n\n\n\n<h4 class=\"wp-block-heading\"><em>Articles du m\u00eame auteur dans Kapitalis : <\/em><\/h4>\n\n\n\n<p><blockquote class=\"wp-embedded-content\" data-secret=\"gkXEWOeXrt\"><a href=\"https:\/\/kapitalis.com\/tunisie\/2021\/08\/03\/tunisie-les-voies-pour-une-3e-republique-sont-desormais-balisees\/\">Tunisie : les voies pour une 3e r\u00e9publique sont d\u00e9sormais balis\u00e9es<\/a><\/blockquote><iframe loading=\"lazy\" class=\"wp-embedded-content\" sandbox=\"allow-scripts\" security=\"restricted\" style=\"position: absolute; clip: rect(1px, 1px, 1px, 1px);\" title=\"\u00ab\u00a0Tunisie : les voies pour une 3e r\u00e9publique sont d\u00e9sormais balis\u00e9es\u00a0\u00bb &#8212; Kapitalis\" src=\"https:\/\/kapitalis.com\/tunisie\/2021\/08\/03\/tunisie-les-voies-pour-une-3e-republique-sont-desormais-balisees\/embed\/#?secret=ichaWbyVRD#?secret=gkXEWOeXrt\" data-secret=\"gkXEWOeXrt\" width=\"600\" height=\"338\" frameborder=\"0\" marginwidth=\"0\" marginheight=\"0\" scrolling=\"no\"><\/iframe><\/p>\n\n\n\n<p><blockquote class=\"wp-embedded-content\" data-secret=\"mZumNN7ZyW\"><a href=\"https:\/\/kapitalis.com\/tunisie\/2021\/07\/26\/tunisie-kais-saied-et-la-revendication-populaire-de-la-3e-republique\/\">Tunisie : Ka\u00efs Sa\u00efed et la revendication populaire de la 3e r\u00e9publique<\/a><\/blockquote><iframe loading=\"lazy\" class=\"wp-embedded-content\" sandbox=\"allow-scripts\" security=\"restricted\" style=\"position: absolute; clip: rect(1px, 1px, 1px, 1px);\" title=\"\u00ab\u00a0Tunisie : Ka\u00efs Sa\u00efed et la revendication populaire de la 3e r\u00e9publique\u00a0\u00bb &#8212; Kapitalis\" src=\"https:\/\/kapitalis.com\/tunisie\/2021\/07\/26\/tunisie-kais-saied-et-la-revendication-populaire-de-la-3e-republique\/embed\/#?secret=WIby24BYHq#?secret=mZumNN7ZyW\" data-secret=\"mZumNN7ZyW\" width=\"600\" height=\"338\" frameborder=\"0\" marginwidth=\"0\" marginheight=\"0\" scrolling=\"no\"><\/iframe><\/p>\n\n\n\n<p><blockquote class=\"wp-embedded-content\" data-secret=\"VW4UcI14qP\"><a href=\"https:\/\/kapitalis.com\/tunisie\/2021\/07\/26\/tunisie-un-coup-detat-salutaire\/\">Tunisie : un \u00abcoup d&rsquo;Etat\u00bb salutaire<\/a><\/blockquote><iframe loading=\"lazy\" class=\"wp-embedded-content\" sandbox=\"allow-scripts\" security=\"restricted\" style=\"position: absolute; clip: rect(1px, 1px, 1px, 1px);\" title=\"\u00ab\u00a0Tunisie : un \u00abcoup d&rsquo;Etat\u00bb salutaire\u00a0\u00bb &#8212; Kapitalis\" src=\"https:\/\/kapitalis.com\/tunisie\/2021\/07\/26\/tunisie-un-coup-detat-salutaire\/embed\/#?secret=8uhheGYMxM#?secret=VW4UcI14qP\" data-secret=\"VW4UcI14qP\" width=\"600\" height=\"338\" frameborder=\"0\" marginwidth=\"0\" marginheight=\"0\" scrolling=\"no\"><\/iframe><\/p>\n","protected":false},"excerpt":{"rendered":"<p>La Tunisie, qui fait face depuis des d\u00e9cennies aux ph\u00e9nom\u00e8nes de la s\u00e9cheresse, de la d\u00e9sertification et de la raret\u00e9 de l&rsquo;eau, est s\u00e9rieusement menac\u00e9e par l&rsquo;aggravation prouv\u00e9e du r\u00e9chauffement climatique et doit donc se pr\u00e9parer tr\u00e8s s\u00e9rieusement \u00e0 y faire face, comme tous les autres pays du monde.\u00a0 Par Raouf Chatty *<\/p>\n","protected":false},"author":8,"featured_media":359214,"comment_status":"open","ping_status":"open","sticky":false,"template":"","format":"standard","meta":{"footnotes":""},"categories":[992,997,1000,2433],"tags":[472,5376,64557,650,754,71655,62643],"class_list":["post-359213","post","type-post","status-publish","format-standard","has-post-thumbnail","hentry","category-a-la-une","category-politique","category-tribune","category-tunisie","tag-incendies","tag-inondations","tag-kairouan","tag-nabeul","tag-protection-civile","tag-rechauffement-climatique","tag-tunisie"],"yoast_head":"<!-- This site is optimized with the Yoast SEO plugin v26.6 - https:\/\/yoast.com\/wordpress\/plugins\/seo\/ -->\n<title>La Tunisie doit se pr\u00e9parer aux cons\u00e9quences du r\u00e9chauffement climatique - Kapitalis<\/title>\n<meta name=\"robots\" content=\"index, follow, max-snippet:-1, max-image-preview:large, max-video-preview:-1\" \/>\n<link rel=\"canonical\" href=\"https:\/\/kapitalis.com\/tunisie\/2021\/08\/12\/la-tunisie-doit-se-preparer-aux-consequences-du-rechauffement-climatique\/\" \/>\n<meta property=\"og:locale\" content=\"fr_FR\" \/>\n<meta property=\"og:type\" content=\"article\" \/>\n<meta property=\"og:title\" content=\"La Tunisie doit se pr\u00e9parer aux cons\u00e9quences du r\u00e9chauffement climatique - Kapitalis\" \/>\n<meta property=\"og:description\" content=\"La Tunisie, qui fait face depuis des d\u00e9cennies aux ph\u00e9nom\u00e8nes de la s\u00e9cheresse, de la d\u00e9sertification et de la raret\u00e9 de l&rsquo;eau, est s\u00e9rieusement menac\u00e9e par l&rsquo;aggravation prouv\u00e9e du r\u00e9chauffement climatique et doit donc se pr\u00e9parer tr\u00e8s s\u00e9rieusement \u00e0 y faire face, comme tous les autres pays du monde.\u00a0 Par Raouf Chatty *\" \/>\n<meta property=\"og:url\" content=\"https:\/\/kapitalis.com\/tunisie\/2021\/08\/12\/la-tunisie-doit-se-preparer-aux-consequences-du-rechauffement-climatique\/\" \/>\n<meta property=\"og:site_name\" content=\"Kapitalis\" \/>\n<meta property=\"article:publisher\" content=\"https:\/\/www.facebook.com\/KapitalisInfo\/\" \/>\n<meta property=\"article:published_time\" content=\"2021-08-12T11:50:07+00:00\" \/>\n<meta property=\"article:modified_time\" content=\"2021-08-12T11:52:15+00:00\" \/>\n<meta property=\"og:image\" content=\"https:\/\/kapitalis.com\/tunisie\/wp-content\/uploads\/2022\/05\/kapitalis-logo-fb.png\" \/>\n\t<meta property=\"og:image:width\" content=\"1200\" \/>\n\t<meta property=\"og:image:height\" content=\"630\" \/>\n\t<meta property=\"og:image:type\" content=\"image\/png\" \/>\n<meta name=\"author\" content=\"webmaster kapitalis\" \/>\n<meta name=\"twitter:card\" content=\"summary_large_image\" \/>\n<meta name=\"twitter:creator\" content=\"@KapitalisInfo\" \/>\n<meta name=\"twitter:site\" content=\"@KapitalisInfo\" \/>\n<meta name=\"twitter:label1\" content=\"\u00c9crit par\" \/>\n\t<meta name=\"twitter:data1\" content=\"webmaster kapitalis\" \/>\n\t<meta name=\"twitter:label2\" content=\"Dur\u00e9e de lecture estim\u00e9e\" \/>\n\t<meta name=\"twitter:data2\" content=\"5 minutes\" \/>\n<script type=\"application\/ld+json\" class=\"yoast-schema-graph\">{\"@context\":\"https:\/\/schema.org\",\"@graph\":[{\"@type\":\"Article\",\"@id\":\"https:\/\/kapitalis.com\/tunisie\/2021\/08\/12\/la-tunisie-doit-se-preparer-aux-consequences-du-rechauffement-climatique\/#article\",\"isPartOf\":{\"@id\":\"https:\/\/kapitalis.com\/tunisie\/2021\/08\/12\/la-tunisie-doit-se-preparer-aux-consequences-du-rechauffement-climatique\/\"},\"author\":{\"name\":\"webmaster kapitalis\",\"@id\":\"https:\/\/kapitalis.com\/tunisie\/#\/schema\/person\/d71f33a9ca44f7bad4698210b480c8e9\"},\"headline\":\"La Tunisie doit se pr\u00e9parer aux cons\u00e9quences du r\u00e9chauffement climatique\",\"datePublished\":\"2021-08-12T11:50:07+00:00\",\"dateModified\":\"2021-08-12T11:52:15+00:00\",\"mainEntityOfPage\":{\"@id\":\"https:\/\/kapitalis.com\/tunisie\/2021\/08\/12\/la-tunisie-doit-se-preparer-aux-consequences-du-rechauffement-climatique\/\"},\"wordCount\":920,\"commentCount\":1,\"publisher\":{\"@id\":\"https:\/\/kapitalis.com\/tunisie\/#organization\"},\"image\":{\"@id\":\"https:\/\/kapitalis.com\/tunisie\/2021\/08\/12\/la-tunisie-doit-se-preparer-aux-consequences-du-rechauffement-climatique\/#primaryimage\"},\"thumbnailUrl\":\"\",\"keywords\":[\"incendies\",\"inondations\",\"Kairouan\",\"Nabeul\",\"protection civile\",\"r\u00e9chauffement climatique\",\"Tunisie\"],\"articleSection\":[\"A LA UNE\",\"POLITIQUE\",\"TRIBUNE\",\"Tunisie\"],\"inLanguage\":\"fr-FR\",\"potentialAction\":[{\"@type\":\"CommentAction\",\"name\":\"Comment\",\"target\":[\"https:\/\/kapitalis.com\/tunisie\/2021\/08\/12\/la-tunisie-doit-se-preparer-aux-consequences-du-rechauffement-climatique\/#respond\"]}]},{\"@type\":\"WebPage\",\"@id\":\"https:\/\/kapitalis.com\/tunisie\/2021\/08\/12\/la-tunisie-doit-se-preparer-aux-consequences-du-rechauffement-climatique\/\",\"url\":\"https:\/\/kapitalis.com\/tunisie\/2021\/08\/12\/la-tunisie-doit-se-preparer-aux-consequences-du-rechauffement-climatique\/\",\"name\":\"La Tunisie doit se pr\u00e9parer aux cons\u00e9quences du r\u00e9chauffement climatique - Kapitalis\",\"isPartOf\":{\"@id\":\"https:\/\/kapitalis.com\/tunisie\/#website\"},\"primaryImageOfPage\":{\"@id\":\"https:\/\/kapitalis.com\/tunisie\/2021\/08\/12\/la-tunisie-doit-se-preparer-aux-consequences-du-rechauffement-climatique\/#primaryimage\"},\"image\":{\"@id\":\"https:\/\/kapitalis.com\/tunisie\/2021\/08\/12\/la-tunisie-doit-se-preparer-aux-consequences-du-rechauffement-climatique\/#primaryimage\"},\"thumbnailUrl\":\"\",\"datePublished\":\"2021-08-12T11:50:07+00:00\",\"dateModified\":\"2021-08-12T11:52:15+00:00\",\"breadcrumb\":{\"@id\":\"https:\/\/kapitalis.com\/tunisie\/2021\/08\/12\/la-tunisie-doit-se-preparer-aux-consequences-du-rechauffement-climatique\/#breadcrumb\"},\"inLanguage\":\"fr-FR\",\"potentialAction\":[{\"@type\":\"ReadAction\",\"target\":[\"https:\/\/kapitalis.com\/tunisie\/2021\/08\/12\/la-tunisie-doit-se-preparer-aux-consequences-du-rechauffement-climatique\/\"]}]},{\"@type\":\"ImageObject\",\"inLanguage\":\"fr-FR\",\"@id\":\"https:\/\/kapitalis.com\/tunisie\/2021\/08\/12\/la-tunisie-doit-se-preparer-aux-consequences-du-rechauffement-climatique\/#primaryimage\",\"url\":\"\",\"contentUrl\":\"\"},{\"@type\":\"BreadcrumbList\",\"@id\":\"https:\/\/kapitalis.com\/tunisie\/2021\/08\/12\/la-tunisie-doit-se-preparer-aux-consequences-du-rechauffement-climatique\/#breadcrumb\",\"itemListElement\":[{\"@type\":\"ListItem\",\"position\":1,\"name\":\"Accueil\",\"item\":\"https:\/\/kapitalis.com\/tunisie\/\"},{\"@type\":\"ListItem\",\"position\":2,\"name\":\"La Tunisie doit se pr\u00e9parer aux cons\u00e9quences du r\u00e9chauffement climatique\"}]},{\"@type\":\"WebSite\",\"@id\":\"https:\/\/kapitalis.com\/tunisie\/#website\",\"url\":\"https:\/\/kapitalis.com\/tunisie\/\",\"name\":\"Kapitalis\",\"description\":\"L&#039;actualit\u00e9 en Tunisie et dans le monde\",\"publisher\":{\"@id\":\"https:\/\/kapitalis.com\/tunisie\/#organization\"},\"potentialAction\":[{\"@type\":\"SearchAction\",\"target\":{\"@type\":\"EntryPoint\",\"urlTemplate\":\"https:\/\/kapitalis.com\/tunisie\/?s={search_term_string}\"},\"query-input\":{\"@type\":\"PropertyValueSpecification\",\"valueRequired\":true,\"valueName\":\"search_term_string\"}}],\"inLanguage\":\"fr-FR\"},{\"@type\":\"Organization\",\"@id\":\"https:\/\/kapitalis.com\/tunisie\/#organization\",\"name\":\"Kapitalis\",\"url\":\"https:\/\/kapitalis.com\/tunisie\/\",\"logo\":{\"@type\":\"ImageObject\",\"inLanguage\":\"fr-FR\",\"@id\":\"https:\/\/kapitalis.com\/tunisie\/#\/schema\/logo\/image\/\",\"url\":\"https:\/\/kapitalis.com\/tunisie\/wp-content\/uploads\/2022\/05\/Kapitalis-big-size.png\",\"contentUrl\":\"https:\/\/kapitalis.com\/tunisie\/wp-content\/uploads\/2022\/05\/Kapitalis-big-size.png\",\"width\":5000,\"height\":1500,\"caption\":\"Kapitalis\"},\"image\":{\"@id\":\"https:\/\/kapitalis.com\/tunisie\/#\/schema\/logo\/image\/\"},\"sameAs\":[\"https:\/\/www.facebook.com\/KapitalisInfo\/\",\"https:\/\/x.com\/KapitalisInfo\",\"https:\/\/www.youtube.com\/channel\/UC-yDYrHyfFBWWZaOw3FPg9Q\"]},{\"@type\":\"Person\",\"@id\":\"https:\/\/kapitalis.com\/tunisie\/#\/schema\/person\/d71f33a9ca44f7bad4698210b480c8e9\",\"name\":\"webmaster kapitalis\",\"url\":\"https:\/\/kapitalis.com\/tunisie\/author\/webmaster-kapitalis\/\"}]}<\/script>\n<!-- \/ Yoast SEO plugin. -->","yoast_head_json":{"title":"La Tunisie doit se pr\u00e9parer aux cons\u00e9quences du r\u00e9chauffement climatique - Kapitalis","robots":{"index":"index","follow":"follow","max-snippet":"max-snippet:-1","max-image-preview":"max-image-preview:large","max-video-preview":"max-video-preview:-1"},"canonical":"https:\/\/kapitalis.com\/tunisie\/2021\/08\/12\/la-tunisie-doit-se-preparer-aux-consequences-du-rechauffement-climatique\/","og_locale":"fr_FR","og_type":"article","og_title":"La Tunisie doit se pr\u00e9parer aux cons\u00e9quences du r\u00e9chauffement climatique - Kapitalis","og_description":"La Tunisie, qui fait face depuis des d\u00e9cennies aux ph\u00e9nom\u00e8nes de la s\u00e9cheresse, de la d\u00e9sertification et de la raret\u00e9 de l&rsquo;eau, est s\u00e9rieusement menac\u00e9e par l&rsquo;aggravation prouv\u00e9e du r\u00e9chauffement climatique et doit donc se pr\u00e9parer tr\u00e8s s\u00e9rieusement \u00e0 y faire face, comme tous les autres pays du monde.\u00a0 Par Raouf Chatty *","og_url":"https:\/\/kapitalis.com\/tunisie\/2021\/08\/12\/la-tunisie-doit-se-preparer-aux-consequences-du-rechauffement-climatique\/","og_site_name":"Kapitalis","article_publisher":"https:\/\/www.facebook.com\/KapitalisInfo\/","article_published_time":"2021-08-12T11:50:07+00:00","article_modified_time":"2021-08-12T11:52:15+00:00","og_image":[{"width":1200,"height":630,"url":"https:\/\/kapitalis.com\/tunisie\/wp-content\/uploads\/2022\/05\/kapitalis-logo-fb.png","type":"image\/png"}],"author":"webmaster kapitalis","twitter_card":"summary_large_image","twitter_creator":"@KapitalisInfo","twitter_site":"@KapitalisInfo","twitter_misc":{"\u00c9crit par":"webmaster kapitalis","Dur\u00e9e de lecture estim\u00e9e":"5 minutes"},"schema":{"@context":"https:\/\/schema.org","@graph":[{"@type":"Article","@id":"https:\/\/kapitalis.com\/tunisie\/2021\/08\/12\/la-tunisie-doit-se-preparer-aux-consequences-du-rechauffement-climatique\/#article","isPartOf":{"@id":"https:\/\/kapitalis.com\/tunisie\/2021\/08\/12\/la-tunisie-doit-se-preparer-aux-consequences-du-rechauffement-climatique\/"},"author":{"name":"webmaster kapitalis","@id":"https:\/\/kapitalis.com\/tunisie\/#\/schema\/person\/d71f33a9ca44f7bad4698210b480c8e9"},"headline":"La Tunisie doit se pr\u00e9parer aux cons\u00e9quences du r\u00e9chauffement climatique","datePublished":"2021-08-12T11:50:07+00:00","dateModified":"2021-08-12T11:52:15+00:00","mainEntityOfPage":{"@id":"https:\/\/kapitalis.com\/tunisie\/2021\/08\/12\/la-tunisie-doit-se-preparer-aux-consequences-du-rechauffement-climatique\/"},"wordCount":920,"commentCount":1,"publisher":{"@id":"https:\/\/kapitalis.com\/tunisie\/#organization"},"image":{"@id":"https:\/\/kapitalis.com\/tunisie\/2021\/08\/12\/la-tunisie-doit-se-preparer-aux-consequences-du-rechauffement-climatique\/#primaryimage"},"thumbnailUrl":"","keywords":["incendies","inondations","Kairouan","Nabeul","protection civile","r\u00e9chauffement climatique","Tunisie"],"articleSection":["A LA UNE","POLITIQUE","TRIBUNE","Tunisie"],"inLanguage":"fr-FR","potentialAction":[{"@type":"CommentAction","name":"Comment","target":["https:\/\/kapitalis.com\/tunisie\/2021\/08\/12\/la-tunisie-doit-se-preparer-aux-consequences-du-rechauffement-climatique\/#respond"]}]},{"@type":"WebPage","@id":"https:\/\/kapitalis.com\/tunisie\/2021\/08\/12\/la-tunisie-doit-se-preparer-aux-consequences-du-rechauffement-climatique\/","url":"https:\/\/kapitalis.com\/tunisie\/2021\/08\/12\/la-tunisie-doit-se-preparer-aux-consequences-du-rechauffement-climatique\/","name":"La Tunisie doit se pr\u00e9parer aux cons\u00e9quences du r\u00e9chauffement climatique - Kapitalis","isPartOf":{"@id":"https:\/\/kapitalis.com\/tunisie\/#website"},"primaryImageOfPage":{"@id":"https:\/\/kapitalis.com\/tunisie\/2021\/08\/12\/la-tunisie-doit-se-preparer-aux-consequences-du-rechauffement-climatique\/#primaryimage"},"image":{"@id":"https:\/\/kapitalis.com\/tunisie\/2021\/08\/12\/la-tunisie-doit-se-preparer-aux-consequences-du-rechauffement-climatique\/#primaryimage"},"thumbnailUrl":"","datePublished":"2021-08-12T11:50:07+00:00","dateModified":"2021-08-12T11:52:15+00:00","breadcrumb":{"@id":"https:\/\/kapitalis.com\/tunisie\/2021\/08\/12\/la-tunisie-doit-se-preparer-aux-consequences-du-rechauffement-climatique\/#breadcrumb"},"inLanguage":"fr-FR","potentialAction":[{"@type":"ReadAction","target":["https:\/\/kapitalis.com\/tunisie\/2021\/08\/12\/la-tunisie-doit-se-preparer-aux-consequences-du-rechauffement-climatique\/"]}]},{"@type":"ImageObject","inLanguage":"fr-FR","@id":"https:\/\/kapitalis.com\/tunisie\/2021\/08\/12\/la-tunisie-doit-se-preparer-aux-consequences-du-rechauffement-climatique\/#primaryimage","url":"","contentUrl":""},{"@type":"BreadcrumbList","@id":"https:\/\/kapitalis.com\/tunisie\/2021\/08\/12\/la-tunisie-doit-se-preparer-aux-consequences-du-rechauffement-climatique\/#breadcrumb","itemListElement":[{"@type":"ListItem","position":1,"name":"Accueil","item":"https:\/\/kapitalis.com\/tunisie\/"},{"@type":"ListItem","position":2,"name":"La Tunisie doit se pr\u00e9parer aux cons\u00e9quences du r\u00e9chauffement climatique"}]},{"@type":"WebSite","@id":"https:\/\/kapitalis.com\/tunisie\/#website","url":"https:\/\/kapitalis.com\/tunisie\/","name":"Kapitalis","description":"L&#039;actualit\u00e9 en Tunisie et dans le monde","publisher":{"@id":"https:\/\/kapitalis.com\/tunisie\/#organization"},"potentialAction":[{"@type":"SearchAction","target":{"@type":"EntryPoint","urlTemplate":"https:\/\/kapitalis.com\/tunisie\/?s={search_term_string}"},"query-input":{"@type":"PropertyValueSpecification","valueRequired":true,"valueName":"search_term_string"}}],"inLanguage":"fr-FR"},{"@type":"Organization","@id":"https:\/\/kapitalis.com\/tunisie\/#organization","name":"Kapitalis","url":"https:\/\/kapitalis.com\/tunisie\/","logo":{"@type":"ImageObject","inLanguage":"fr-FR","@id":"https:\/\/kapitalis.com\/tunisie\/#\/schema\/logo\/image\/","url":"https:\/\/kapitalis.com\/tunisie\/wp-content\/uploads\/2022\/05\/Kapitalis-big-size.png","contentUrl":"https:\/\/kapitalis.com\/tunisie\/wp-content\/uploads\/2022\/05\/Kapitalis-big-size.png","width":5000,"height":1500,"caption":"Kapitalis"},"image":{"@id":"https:\/\/kapitalis.com\/tunisie\/#\/schema\/logo\/image\/"},"sameAs":["https:\/\/www.facebook.com\/KapitalisInfo\/","https:\/\/x.com\/KapitalisInfo","https:\/\/www.youtube.com\/channel\/UC-yDYrHyfFBWWZaOw3FPg9Q"]},{"@type":"Person","@id":"https:\/\/kapitalis.com\/tunisie\/#\/schema\/person\/d71f33a9ca44f7bad4698210b480c8e9","name":"webmaster kapitalis","url":"https:\/\/kapitalis.com\/tunisie\/author\/webmaster-kapitalis\/"}]}},"_links":{"self":[{"href":"https:\/\/kapitalis.com\/tunisie\/wp-json\/wp\/v2\/posts\/359213","targetHints":{"allow":["GET"]}}],"collection":[{"href":"https:\/\/kapitalis.com\/tunisie\/wp-json\/wp\/v2\/posts"}],"about":[{"href":"https:\/\/kapitalis.com\/tunisie\/wp-json\/wp\/v2\/types\/post"}],"author":[{"embeddable":true,"href":"https:\/\/kapitalis.com\/tunisie\/wp-json\/wp\/v2\/users\/8"}],"replies":[{"embeddable":true,"href":"https:\/\/kapitalis.com\/tunisie\/wp-json\/wp\/v2\/comments?post=359213"}],"version-history":[{"count":0,"href":"https:\/\/kapitalis.com\/tunisie\/wp-json\/wp\/v2\/posts\/359213\/revisions"}],"wp:featuredmedia":[{"embeddable":true,"href":"https:\/\/kapitalis.com\/tunisie\/wp-json\/wp\/v2\/media\/359214"}],"wp:attachment":[{"href":"https:\/\/kapitalis.com\/tunisie\/wp-json\/wp\/v2\/media?parent=359213"}],"wp:term":[{"taxonomy":"category","embeddable":true,"href":"https:\/\/kapitalis.com\/tunisie\/wp-json\/wp\/v2\/categories?post=359213"},{"taxonomy":"post_tag","embeddable":true,"href":"https:\/\/kapitalis.com\/tunisie\/wp-json\/wp\/v2\/tags?post=359213"}],"curies":[{"name":"wp","href":"https:\/\/api.w.org\/{rel}","templated":true}]}}