{"id":359233,"date":"2021-08-12T15:49:23","date_gmt":"2021-08-12T14:49:23","guid":{"rendered":"http:\/\/kapitalis.com\/tunisie\/?p=359233"},"modified":"2021-08-12T15:59:04","modified_gmt":"2021-08-12T14:59:04","slug":"tunisie-la-chambre-des-concessionnaires-et-des-constructeurs-automobiles-annoncent-une-remise-exceptionnelle","status":"publish","type":"post","link":"https:\/\/kapitalis.com\/tunisie\/2021\/08\/12\/tunisie-la-chambre-des-concessionnaires-et-des-constructeurs-automobiles-annoncent-une-remise-exceptionnelle\/","title":{"rendered":"Tunisie : La Chambre des concessionnaires et des constructeurs automobiles annoncent \u00abune remise exceptionnelle\u00bb"},"content":{"rendered":"\n<div class=\"wp-block-image\"><figure class=\"aligncenter size-large\"><img decoding=\"async\" src=\"http:\/\/kapitalis.com\/tunisie\/wp-content\/uploads\/2017\/10\/Concessionnaires-de-voitures.jpg\" alt=\"\" class=\"wp-image-119457\"\/><\/figure><\/div>\n\n\n\n<p><em><strong>A travers un communiqu\u00e9 rendu public le 9 ao\u00fbt 2021, la Chambre syndicale nationale des concessionnaires et des constructeurs automobiles annoncent \u00abune remise exceptionnelle\u00bb<\/strong><\/em>&#8230;<\/p>\n\n\n\n<!--more-->\n\n\n\n<p>Suite a l\u2019appel du pr\u00e9sident de la r\u00e9publique aupr\u00e8s de l&rsquo;Utica, pour contribuer a l\u2019effort national de pr\u00e9servation du pouvoir d\u2019achat des consommateurs tunisiens, les concessionnaires adh\u00e9rents \u00e0\u00a0la chambre syndicale nationale des concessionnaires et des constructeurs automobiles d\u00e9cident de faire b\u00e9n\u00e9ficier leurs clients d\u2019une remise\u00a0 exceptionnelle sur les pi\u00e8ces et les services fournis sur l\u2019entretien de leurs v\u00e9hicules \u00e0 partir de la date de parution de ce communiqu\u00e9 et jusqu\u2019au 30 septembre 2021 inclus.<\/p>\n\n\n\n<p><strong><em>Source : <\/em><\/strong>Communiqu\u00e9<\/p>\n","protected":false},"excerpt":{"rendered":"<p>A travers un communiqu\u00e9 rendu public le 9 ao\u00fbt 2021, la Chambre syndicale nationale des concessionnaires et des constructeurs automobiles annoncent \u00abune remise exceptionnelle\u00bb&#8230;<\/p>\n","protected":false},"author":24,"featured_media":0,"comment_status":"open","ping_status":"open","sticky":false,"template":"","format":"standard","meta":{"footnotes":""},"categories":[54707,998,2433],"tags":[92646],"class_list":["post-359233","post","type-post","status-publish","format-standard","hentry","category-auto","category-societe","category-tunisie","tag-chambre-des-concessionnaires-et-des-constructeurs-automobiles"],"yoast_head":"<!-- This site is optimized with the Yoast SEO plugin v26.6 - https:\/\/yoast.com\/wordpress\/plugins\/seo\/ -->\n<title>Tunisie : La Chambre des concessionnaires et des constructeurs automobiles annoncent \u00abune remise exceptionnelle\u00bb - Kapitalis<\/title>\n<meta name=\"robots\" content=\"index, follow, max-snippet:-1, max-image-preview:large, max-video-preview:-1\" \/>\n<link rel=\"canonical\" href=\"https:\/\/kapitalis.com\/tunisie\/2021\/08\/12\/tunisie-la-chambre-des-concessionnaires-et-des-constructeurs-automobiles-annoncent-une-remise-exceptionnelle\/\" \/>\n<meta property=\"og:locale\" content=\"fr_FR\" \/>\n<meta property=\"og:type\" content=\"article\" \/>\n<meta property=\"og:title\" content=\"Tunisie : La Chambre des concessionnaires et des constructeurs automobiles annoncent \u00abune remise exceptionnelle\u00bb - Kapitalis\" \/>\n<meta property=\"og:description\" content=\"A travers un communiqu\u00e9 rendu public le 9 ao\u00fbt 2021, la Chambre syndicale nationale des concessionnaires et des constructeurs automobiles annoncent \u00abune remise exceptionnelle\u00bb&#8230;\" \/>\n<meta property=\"og:url\" content=\"https:\/\/kapitalis.com\/tunisie\/2021\/08\/12\/tunisie-la-chambre-des-concessionnaires-et-des-constructeurs-automobiles-annoncent-une-remise-exceptionnelle\/\" \/>\n<meta property=\"og:site_name\" content=\"Kapitalis\" \/>\n<meta property=\"article:publisher\" content=\"https:\/\/www.facebook.com\/KapitalisInfo\/\" \/>\n<meta property=\"article:published_time\" content=\"2021-08-12T14:49:23+00:00\" \/>\n<meta property=\"article:modified_time\" content=\"2021-08-12T14:59:04+00:00\" \/>\n<meta property=\"og:image\" content=\"http:\/\/kapitalis.com\/tunisie\/wp-content\/uploads\/2017\/10\/Concessionnaires-de-voitures.jpg\" \/>\n<meta name=\"author\" content=\"Cherif Benyounes\" \/>\n<meta name=\"twitter:card\" content=\"summary_large_image\" \/>\n<meta name=\"twitter:creator\" content=\"@KapitalisInfo\" \/>\n<meta name=\"twitter:site\" content=\"@KapitalisInfo\" \/>\n<meta name=\"twitter:label1\" content=\"\u00c9crit par\" \/>\n\t<meta name=\"twitter:data1\" content=\"Cherif Benyounes\" \/>\n\t<meta name=\"twitter:label2\" content=\"Dur\u00e9e de lecture estim\u00e9e\" \/>\n\t<meta name=\"twitter:data2\" content=\"1 minute\" \/>\n<script type=\"application\/ld+json\" class=\"yoast-schema-graph\">{\"@context\":\"https:\/\/schema.org\",\"@graph\":[{\"@type\":\"Article\",\"@id\":\"https:\/\/kapitalis.com\/tunisie\/2021\/08\/12\/tunisie-la-chambre-des-concessionnaires-et-des-constructeurs-automobiles-annoncent-une-remise-exceptionnelle\/#article\",\"isPartOf\":{\"@id\":\"https:\/\/kapitalis.com\/tunisie\/2021\/08\/12\/tunisie-la-chambre-des-concessionnaires-et-des-constructeurs-automobiles-annoncent-une-remise-exceptionnelle\/\"},\"author\":{\"name\":\"Cherif Benyounes\",\"@id\":\"https:\/\/kapitalis.com\/tunisie\/#\/schema\/person\/b35b8d631961131107263178aeb8019e\"},\"headline\":\"Tunisie : La Chambre des concessionnaires et des constructeurs automobiles annoncent \u00abune remise exceptionnelle\u00bb\",\"datePublished\":\"2021-08-12T14:49:23+00:00\",\"dateModified\":\"2021-08-12T14:59:04+00:00\",\"mainEntityOfPage\":{\"@id\":\"https:\/\/kapitalis.com\/tunisie\/2021\/08\/12\/tunisie-la-chambre-des-concessionnaires-et-des-constructeurs-automobiles-annoncent-une-remise-exceptionnelle\/\"},\"wordCount\":125,\"commentCount\":5,\"publisher\":{\"@id\":\"https:\/\/kapitalis.com\/tunisie\/#organization\"},\"image\":{\"@id\":\"https:\/\/kapitalis.com\/tunisie\/2021\/08\/12\/tunisie-la-chambre-des-concessionnaires-et-des-constructeurs-automobiles-annoncent-une-remise-exceptionnelle\/#primaryimage\"},\"thumbnailUrl\":\"http:\/\/kapitalis.com\/tunisie\/wp-content\/uploads\/2017\/10\/Concessionnaires-de-voitures.jpg\",\"keywords\":[\"Chambre des concessionnaires et des constructeurs automobiles\"],\"articleSection\":[\"AUTO\",\"SOCIETE\",\"Tunisie\"],\"inLanguage\":\"fr-FR\",\"potentialAction\":[{\"@type\":\"CommentAction\",\"name\":\"Comment\",\"target\":[\"https:\/\/kapitalis.com\/tunisie\/2021\/08\/12\/tunisie-la-chambre-des-concessionnaires-et-des-constructeurs-automobiles-annoncent-une-remise-exceptionnelle\/#respond\"]}]},{\"@type\":\"WebPage\",\"@id\":\"https:\/\/kapitalis.com\/tunisie\/2021\/08\/12\/tunisie-la-chambre-des-concessionnaires-et-des-constructeurs-automobiles-annoncent-une-remise-exceptionnelle\/\",\"url\":\"https:\/\/kapitalis.com\/tunisie\/2021\/08\/12\/tunisie-la-chambre-des-concessionnaires-et-des-constructeurs-automobiles-annoncent-une-remise-exceptionnelle\/\",\"name\":\"Tunisie : La Chambre des concessionnaires et des constructeurs automobiles annoncent \u00abune remise exceptionnelle\u00bb - Kapitalis\",\"isPartOf\":{\"@id\":\"https:\/\/kapitalis.com\/tunisie\/#website\"},\"primaryImageOfPage\":{\"@id\":\"https:\/\/kapitalis.com\/tunisie\/2021\/08\/12\/tunisie-la-chambre-des-concessionnaires-et-des-constructeurs-automobiles-annoncent-une-remise-exceptionnelle\/#primaryimage\"},\"image\":{\"@id\":\"https:\/\/kapitalis.com\/tunisie\/2021\/08\/12\/tunisie-la-chambre-des-concessionnaires-et-des-constructeurs-automobiles-annoncent-une-remise-exceptionnelle\/#primaryimage\"},\"thumbnailUrl\":\"http:\/\/kapitalis.com\/tunisie\/wp-content\/uploads\/2017\/10\/Concessionnaires-de-voitures.jpg\",\"datePublished\":\"2021-08-12T14:49:23+00:00\",\"dateModified\":\"2021-08-12T14:59:04+00:00\",\"breadcrumb\":{\"@id\":\"https:\/\/kapitalis.com\/tunisie\/2021\/08\/12\/tunisie-la-chambre-des-concessionnaires-et-des-constructeurs-automobiles-annoncent-une-remise-exceptionnelle\/#breadcrumb\"},\"inLanguage\":\"fr-FR\",\"potentialAction\":[{\"@type\":\"ReadAction\",\"target\":[\"https:\/\/kapitalis.com\/tunisie\/2021\/08\/12\/tunisie-la-chambre-des-concessionnaires-et-des-constructeurs-automobiles-annoncent-une-remise-exceptionnelle\/\"]}]},{\"@type\":\"ImageObject\",\"inLanguage\":\"fr-FR\",\"@id\":\"https:\/\/kapitalis.com\/tunisie\/2021\/08\/12\/tunisie-la-chambre-des-concessionnaires-et-des-constructeurs-automobiles-annoncent-une-remise-exceptionnelle\/#primaryimage\",\"url\":\"http:\/\/kapitalis.com\/tunisie\/wp-content\/uploads\/2017\/10\/Concessionnaires-de-voitures.jpg\",\"contentUrl\":\"http:\/\/kapitalis.com\/tunisie\/wp-content\/uploads\/2017\/10\/Concessionnaires-de-voitures.jpg\"},{\"@type\":\"BreadcrumbList\",\"@id\":\"https:\/\/kapitalis.com\/tunisie\/2021\/08\/12\/tunisie-la-chambre-des-concessionnaires-et-des-constructeurs-automobiles-annoncent-une-remise-exceptionnelle\/#breadcrumb\",\"itemListElement\":[{\"@type\":\"ListItem\",\"position\":1,\"name\":\"Accueil\",\"item\":\"https:\/\/kapitalis.com\/tunisie\/\"},{\"@type\":\"ListItem\",\"position\":2,\"name\":\"Tunisie : La Chambre des concessionnaires et des constructeurs automobiles annoncent \u00abune remise exceptionnelle\u00bb\"}]},{\"@type\":\"WebSite\",\"@id\":\"https:\/\/kapitalis.com\/tunisie\/#website\",\"url\":\"https:\/\/kapitalis.com\/tunisie\/\",\"name\":\"Kapitalis\",\"description\":\"L&#039;actualit\u00e9 en Tunisie et dans le monde\",\"publisher\":{\"@id\":\"https:\/\/kapitalis.com\/tunisie\/#organization\"},\"potentialAction\":[{\"@type\":\"SearchAction\",\"target\":{\"@type\":\"EntryPoint\",\"urlTemplate\":\"https:\/\/kapitalis.com\/tunisie\/?s={search_term_string}\"},\"query-input\":{\"@type\":\"PropertyValueSpecification\",\"valueRequired\":true,\"valueName\":\"search_term_string\"}}],\"inLanguage\":\"fr-FR\"},{\"@type\":\"Organization\",\"@id\":\"https:\/\/kapitalis.com\/tunisie\/#organization\",\"name\":\"Kapitalis\",\"url\":\"https:\/\/kapitalis.com\/tunisie\/\",\"logo\":{\"@type\":\"ImageObject\",\"inLanguage\":\"fr-FR\",\"@id\":\"https:\/\/kapitalis.com\/tunisie\/#\/schema\/logo\/image\/\",\"url\":\"https:\/\/kapitalis.com\/tunisie\/wp-content\/uploads\/2022\/05\/Kapitalis-big-size.png\",\"contentUrl\":\"https:\/\/kapitalis.com\/tunisie\/wp-content\/uploads\/2022\/05\/Kapitalis-big-size.png\",\"width\":5000,\"height\":1500,\"caption\":\"Kapitalis\"},\"image\":{\"@id\":\"https:\/\/kapitalis.com\/tunisie\/#\/schema\/logo\/image\/\"},\"sameAs\":[\"https:\/\/www.facebook.com\/KapitalisInfo\/\",\"https:\/\/x.com\/KapitalisInfo\",\"https:\/\/www.youtube.com\/channel\/UC-yDYrHyfFBWWZaOw3FPg9Q\"]},{\"@type\":\"Person\",\"@id\":\"https:\/\/kapitalis.com\/tunisie\/#\/schema\/person\/b35b8d631961131107263178aeb8019e\",\"name\":\"Cherif Benyounes\",\"url\":\"https:\/\/kapitalis.com\/tunisie\/author\/cherif\/\"}]}<\/script>\n<!-- \/ Yoast SEO plugin. -->","yoast_head_json":{"title":"Tunisie : La Chambre des concessionnaires et des constructeurs automobiles annoncent \u00abune remise exceptionnelle\u00bb - Kapitalis","robots":{"index":"index","follow":"follow","max-snippet":"max-snippet:-1","max-image-preview":"max-image-preview:large","max-video-preview":"max-video-preview:-1"},"canonical":"https:\/\/kapitalis.com\/tunisie\/2021\/08\/12\/tunisie-la-chambre-des-concessionnaires-et-des-constructeurs-automobiles-annoncent-une-remise-exceptionnelle\/","og_locale":"fr_FR","og_type":"article","og_title":"Tunisie : La Chambre des concessionnaires et des constructeurs automobiles annoncent \u00abune remise exceptionnelle\u00bb - Kapitalis","og_description":"A travers un communiqu\u00e9 rendu public le 9 ao\u00fbt 2021, la Chambre syndicale nationale des concessionnaires et des constructeurs automobiles annoncent \u00abune remise exceptionnelle\u00bb&#8230;","og_url":"https:\/\/kapitalis.com\/tunisie\/2021\/08\/12\/tunisie-la-chambre-des-concessionnaires-et-des-constructeurs-automobiles-annoncent-une-remise-exceptionnelle\/","og_site_name":"Kapitalis","article_publisher":"https:\/\/www.facebook.com\/KapitalisInfo\/","article_published_time":"2021-08-12T14:49:23+00:00","article_modified_time":"2021-08-12T14:59:04+00:00","og_image":[{"url":"http:\/\/kapitalis.com\/tunisie\/wp-content\/uploads\/2017\/10\/Concessionnaires-de-voitures.jpg","type":"","width":"","height":""}],"author":"Cherif Benyounes","twitter_card":"summary_large_image","twitter_creator":"@KapitalisInfo","twitter_site":"@KapitalisInfo","twitter_misc":{"\u00c9crit par":"Cherif Benyounes","Dur\u00e9e de lecture estim\u00e9e":"1 minute"},"schema":{"@context":"https:\/\/schema.org","@graph":[{"@type":"Article","@id":"https:\/\/kapitalis.com\/tunisie\/2021\/08\/12\/tunisie-la-chambre-des-concessionnaires-et-des-constructeurs-automobiles-annoncent-une-remise-exceptionnelle\/#article","isPartOf":{"@id":"https:\/\/kapitalis.com\/tunisie\/2021\/08\/12\/tunisie-la-chambre-des-concessionnaires-et-des-constructeurs-automobiles-annoncent-une-remise-exceptionnelle\/"},"author":{"name":"Cherif Benyounes","@id":"https:\/\/kapitalis.com\/tunisie\/#\/schema\/person\/b35b8d631961131107263178aeb8019e"},"headline":"Tunisie : La Chambre des concessionnaires et des constructeurs automobiles annoncent \u00abune remise exceptionnelle\u00bb","datePublished":"2021-08-12T14:49:23+00:00","dateModified":"2021-08-12T14:59:04+00:00","mainEntityOfPage":{"@id":"https:\/\/kapitalis.com\/tunisie\/2021\/08\/12\/tunisie-la-chambre-des-concessionnaires-et-des-constructeurs-automobiles-annoncent-une-remise-exceptionnelle\/"},"wordCount":125,"commentCount":5,"publisher":{"@id":"https:\/\/kapitalis.com\/tunisie\/#organization"},"image":{"@id":"https:\/\/kapitalis.com\/tunisie\/2021\/08\/12\/tunisie-la-chambre-des-concessionnaires-et-des-constructeurs-automobiles-annoncent-une-remise-exceptionnelle\/#primaryimage"},"thumbnailUrl":"http:\/\/kapitalis.com\/tunisie\/wp-content\/uploads\/2017\/10\/Concessionnaires-de-voitures.jpg","keywords":["Chambre des concessionnaires et des constructeurs automobiles"],"articleSection":["AUTO","SOCIETE","Tunisie"],"inLanguage":"fr-FR","potentialAction":[{"@type":"CommentAction","name":"Comment","target":["https:\/\/kapitalis.com\/tunisie\/2021\/08\/12\/tunisie-la-chambre-des-concessionnaires-et-des-constructeurs-automobiles-annoncent-une-remise-exceptionnelle\/#respond"]}]},{"@type":"WebPage","@id":"https:\/\/kapitalis.com\/tunisie\/2021\/08\/12\/tunisie-la-chambre-des-concessionnaires-et-des-constructeurs-automobiles-annoncent-une-remise-exceptionnelle\/","url":"https:\/\/kapitalis.com\/tunisie\/2021\/08\/12\/tunisie-la-chambre-des-concessionnaires-et-des-constructeurs-automobiles-annoncent-une-remise-exceptionnelle\/","name":"Tunisie : La Chambre des concessionnaires et des constructeurs automobiles annoncent \u00abune remise exceptionnelle\u00bb - Kapitalis","isPartOf":{"@id":"https:\/\/kapitalis.com\/tunisie\/#website"},"primaryImageOfPage":{"@id":"https:\/\/kapitalis.com\/tunisie\/2021\/08\/12\/tunisie-la-chambre-des-concessionnaires-et-des-constructeurs-automobiles-annoncent-une-remise-exceptionnelle\/#primaryimage"},"image":{"@id":"https:\/\/kapitalis.com\/tunisie\/2021\/08\/12\/tunisie-la-chambre-des-concessionnaires-et-des-constructeurs-automobiles-annoncent-une-remise-exceptionnelle\/#primaryimage"},"thumbnailUrl":"http:\/\/kapitalis.com\/tunisie\/wp-content\/uploads\/2017\/10\/Concessionnaires-de-voitures.jpg","datePublished":"2021-08-12T14:49:23+00:00","dateModified":"2021-08-12T14:59:04+00:00","breadcrumb":{"@id":"https:\/\/kapitalis.com\/tunisie\/2021\/08\/12\/tunisie-la-chambre-des-concessionnaires-et-des-constructeurs-automobiles-annoncent-une-remise-exceptionnelle\/#breadcrumb"},"inLanguage":"fr-FR","potentialAction":[{"@type":"ReadAction","target":["https:\/\/kapitalis.com\/tunisie\/2021\/08\/12\/tunisie-la-chambre-des-concessionnaires-et-des-constructeurs-automobiles-annoncent-une-remise-exceptionnelle\/"]}]},{"@type":"ImageObject","inLanguage":"fr-FR","@id":"https:\/\/kapitalis.com\/tunisie\/2021\/08\/12\/tunisie-la-chambre-des-concessionnaires-et-des-constructeurs-automobiles-annoncent-une-remise-exceptionnelle\/#primaryimage","url":"http:\/\/kapitalis.com\/tunisie\/wp-content\/uploads\/2017\/10\/Concessionnaires-de-voitures.jpg","contentUrl":"http:\/\/kapitalis.com\/tunisie\/wp-content\/uploads\/2017\/10\/Concessionnaires-de-voitures.jpg"},{"@type":"BreadcrumbList","@id":"https:\/\/kapitalis.com\/tunisie\/2021\/08\/12\/tunisie-la-chambre-des-concessionnaires-et-des-constructeurs-automobiles-annoncent-une-remise-exceptionnelle\/#breadcrumb","itemListElement":[{"@type":"ListItem","position":1,"name":"Accueil","item":"https:\/\/kapitalis.com\/tunisie\/"},{"@type":"ListItem","position":2,"name":"Tunisie : La Chambre des concessionnaires et des constructeurs automobiles annoncent \u00abune remise exceptionnelle\u00bb"}]},{"@type":"WebSite","@id":"https:\/\/kapitalis.com\/tunisie\/#website","url":"https:\/\/kapitalis.com\/tunisie\/","name":"Kapitalis","description":"L&#039;actualit\u00e9 en Tunisie et dans le monde","publisher":{"@id":"https:\/\/kapitalis.com\/tunisie\/#organization"},"potentialAction":[{"@type":"SearchAction","target":{"@type":"EntryPoint","urlTemplate":"https:\/\/kapitalis.com\/tunisie\/?s={search_term_string}"},"query-input":{"@type":"PropertyValueSpecification","valueRequired":true,"valueName":"search_term_string"}}],"inLanguage":"fr-FR"},{"@type":"Organization","@id":"https:\/\/kapitalis.com\/tunisie\/#organization","name":"Kapitalis","url":"https:\/\/kapitalis.com\/tunisie\/","logo":{"@type":"ImageObject","inLanguage":"fr-FR","@id":"https:\/\/kapitalis.com\/tunisie\/#\/schema\/logo\/image\/","url":"https:\/\/kapitalis.com\/tunisie\/wp-content\/uploads\/2022\/05\/Kapitalis-big-size.png","contentUrl":"https:\/\/kapitalis.com\/tunisie\/wp-content\/uploads\/2022\/05\/Kapitalis-big-size.png","width":5000,"height":1500,"caption":"Kapitalis"},"image":{"@id":"https:\/\/kapitalis.com\/tunisie\/#\/schema\/logo\/image\/"},"sameAs":["https:\/\/www.facebook.com\/KapitalisInfo\/","https:\/\/x.com\/KapitalisInfo","https:\/\/www.youtube.com\/channel\/UC-yDYrHyfFBWWZaOw3FPg9Q"]},{"@type":"Person","@id":"https:\/\/kapitalis.com\/tunisie\/#\/schema\/person\/b35b8d631961131107263178aeb8019e","name":"Cherif Benyounes","url":"https:\/\/kapitalis.com\/tunisie\/author\/cherif\/"}]}},"_links":{"self":[{"href":"https:\/\/kapitalis.com\/tunisie\/wp-json\/wp\/v2\/posts\/359233","targetHints":{"allow":["GET"]}}],"collection":[{"href":"https:\/\/kapitalis.com\/tunisie\/wp-json\/wp\/v2\/posts"}],"about":[{"href":"https:\/\/kapitalis.com\/tunisie\/wp-json\/wp\/v2\/types\/post"}],"author":[{"embeddable":true,"href":"https:\/\/kapitalis.com\/tunisie\/wp-json\/wp\/v2\/users\/24"}],"replies":[{"embeddable":true,"href":"https:\/\/kapitalis.com\/tunisie\/wp-json\/wp\/v2\/comments?post=359233"}],"version-history":[{"count":0,"href":"https:\/\/kapitalis.com\/tunisie\/wp-json\/wp\/v2\/posts\/359233\/revisions"}],"wp:attachment":[{"href":"https:\/\/kapitalis.com\/tunisie\/wp-json\/wp\/v2\/media?parent=359233"}],"wp:term":[{"taxonomy":"category","embeddable":true,"href":"https:\/\/kapitalis.com\/tunisie\/wp-json\/wp\/v2\/categories?post=359233"},{"taxonomy":"post_tag","embeddable":true,"href":"https:\/\/kapitalis.com\/tunisie\/wp-json\/wp\/v2\/tags?post=359233"}],"curies":[{"name":"wp","href":"https:\/\/api.w.org\/{rel}","templated":true}]}}