{"id":359726,"date":"2021-08-17T17:31:23","date_gmt":"2021-08-17T16:31:23","guid":{"rendered":"http:\/\/kapitalis.com\/tunisie\/?p=359726"},"modified":"2021-08-17T17:36:13","modified_gmt":"2021-08-17T16:36:13","slug":"tunisie-bnet-essyassa-detenues-politiques-edite-par-zeineb-farhat-sort-en-version-francaise","status":"publish","type":"post","link":"https:\/\/kapitalis.com\/tunisie\/2021\/08\/17\/tunisie-bnet-essyassa-detenues-politiques-edite-par-zeineb-farhat-sort-en-version-francaise\/","title":{"rendered":"Tunisie : \u00ab\u00a0Bnet Essyassa &#8211; D\u00e9tenues politiques\u00a0\u00bb \u00e9dit\u00e9 par Zeineb Farhat sort en version fran\u00e7aise"},"content":{"rendered":"\n<div class=\"wp-block-image\"><figure class=\"aligncenter size-large\"><img decoding=\"async\" src=\"http:\/\/kapitalis.com\/tunisie\/wp-content\/uploads\/2021\/08\/Untitled-7-1.jpg\" alt=\"\" class=\"wp-image-359736\"\/><\/figure><\/div>\n\n\n\n<p><em><strong>L\u2019ouvrage collectif \u00ab\u00a0Bnet Essyassa\u00a0\u00bb \u00e9dit\u00e9 par feue Zeineb Farhat vient de para\u00eetre dans une version fran\u00e7aise sous le titre \u00ab\u00a0D\u00e9tenues politiques\u00a0\u00bb. Un recueil de r\u00e9cits poignants sign\u00e9s six militantes tunisiennes ayant connu la prison et la pers\u00e9cution dans les ann\u00e9es 70.<\/strong><\/em><\/p>\n\n\n\n<!--more-->\n\n\n\n<p>\u00ab&nbsp;Bnet essyassa&nbsp;\u00bb avait d\u2019abord paru en version arabe en juillet 2020 suite \u00e0 des ateliers d\u2019\u00e9critures dirig\u00e9s par la militante et femme de culture Zeineb Farhat, d\u00e9c\u00e9d\u00e9e en mai 2021. L\u2019ouvrage a \u00e9t\u00e9 \u00e9dit\u00e9 par son association Zanoobya et a permis \u00e0 six militantes tunisiennes de faire entendre leurs voix, une quarantaine d\u2019ann\u00e9es apr\u00e8s avoir connu la prison, la torture, le harc\u00e8lement et la radiation du travail.<\/p>\n\n\n\n<p>Un an plus tard, l\u2019ouvrage parait en version fran\u00e7aise sous le titre \u00ab&nbsp;D\u00e9tenues politiques&nbsp;: R\u00e9cits de militantes Perspectives El Amel Ettounsi, les ann\u00e9es 1970&nbsp;\u00bb et permet de lever le voile sur une partie de l\u2019histoire des femmes tunisiennes et de leurs combat notamment pour la libert\u00e9 d\u2019expression.<\/p>\n\n\n\n<p><em>\u00ab\u00a0Ce livre est d\u00fb \u00e0 l&rsquo;effort d\u00e9ploy\u00e9 par Zeyneb Farhat pour rassembler les auteures, Zeyneb a finalis\u00e9 l&rsquo;\u00e9dition arabe et con\u00e7u l&rsquo;\u00e9dition fran\u00e7aise parue apr\u00e8s son douloureux d\u00e9part. L&rsquo;ouvrage fruit d&rsquo;un travail collectif de femmes lui est d\u00e9di\u00e9\u00a0\u00bb<\/em>, indique Zeineb Cherni, l\u2019une des auteures du livre.<\/p>\n\n\n\n<p class=\"has-text-align-right\"><strong>Fawz Benali<\/strong><\/p>\n","protected":false},"excerpt":{"rendered":"<p>L\u2019ouvrage collectif \u00ab\u00a0Bnet Essyassa\u00a0\u00bb \u00e9dit\u00e9 par feue Zeineb Farhat vient de para\u00eetre dans une version fran\u00e7aise sous le titre \u00ab\u00a0D\u00e9tenues politiques\u00a0\u00bb. Un recueil de r\u00e9cits poignants sign\u00e9s six militantes tunisiennes ayant connu la prison et la pers\u00e9cution dans les ann\u00e9es 70.<\/p>\n","protected":false},"author":26,"featured_media":359736,"comment_status":"open","ping_status":"open","sticky":false,"template":"","format":"standard","meta":{"footnotes":""},"categories":[994,997,2433],"tags":[92760,92758,92759,26235,92761,71397],"class_list":["post-359726","post","type-post","status-publish","format-standard","has-post-thumbnail","hentry","category-culture","category-politique","category-tunisie","tag-association-zanoobya","tag-bnet-essyassa","tag-detenues-politiques","tag-femmes-tunisiennes","tag-militantes-tunisiennes","tag-zeineb-farhat"],"yoast_head":"<!-- This site is optimized with the Yoast SEO plugin v26.6 - https:\/\/yoast.com\/wordpress\/plugins\/seo\/ -->\n<title>Tunisie : &quot;Bnet Essyassa - D\u00e9tenues politiques&quot; \u00e9dit\u00e9 par Zeineb Farhat sort en version fran\u00e7aise - Kapitalis<\/title>\n<meta name=\"robots\" content=\"index, follow, max-snippet:-1, max-image-preview:large, max-video-preview:-1\" \/>\n<link rel=\"canonical\" href=\"https:\/\/kapitalis.com\/tunisie\/2021\/08\/17\/tunisie-bnet-essyassa-detenues-politiques-edite-par-zeineb-farhat-sort-en-version-francaise\/\" \/>\n<meta property=\"og:locale\" content=\"fr_FR\" \/>\n<meta property=\"og:type\" content=\"article\" \/>\n<meta property=\"og:title\" content=\"Tunisie : &quot;Bnet Essyassa - D\u00e9tenues politiques&quot; \u00e9dit\u00e9 par Zeineb Farhat sort en version fran\u00e7aise - Kapitalis\" \/>\n<meta property=\"og:description\" content=\"L\u2019ouvrage collectif \u00ab\u00a0Bnet Essyassa\u00a0\u00bb \u00e9dit\u00e9 par feue Zeineb Farhat vient de para\u00eetre dans une version fran\u00e7aise sous le titre \u00ab\u00a0D\u00e9tenues politiques\u00a0\u00bb. Un recueil de r\u00e9cits poignants sign\u00e9s six militantes tunisiennes ayant connu la prison et la pers\u00e9cution dans les ann\u00e9es 70.\" \/>\n<meta property=\"og:url\" content=\"https:\/\/kapitalis.com\/tunisie\/2021\/08\/17\/tunisie-bnet-essyassa-detenues-politiques-edite-par-zeineb-farhat-sort-en-version-francaise\/\" \/>\n<meta property=\"og:site_name\" content=\"Kapitalis\" \/>\n<meta property=\"article:publisher\" content=\"https:\/\/www.facebook.com\/KapitalisInfo\/\" \/>\n<meta property=\"article:published_time\" content=\"2021-08-17T16:31:23+00:00\" \/>\n<meta property=\"article:modified_time\" content=\"2021-08-17T16:36:13+00:00\" \/>\n<meta property=\"og:image\" content=\"https:\/\/kapitalis.com\/tunisie\/wp-content\/uploads\/2022\/05\/kapitalis-logo-fb.png\" \/>\n\t<meta property=\"og:image:width\" content=\"1200\" \/>\n\t<meta property=\"og:image:height\" content=\"630\" \/>\n\t<meta property=\"og:image:type\" content=\"image\/png\" \/>\n<meta name=\"author\" content=\"Fawz BenAli\" \/>\n<meta name=\"twitter:card\" content=\"summary_large_image\" \/>\n<meta name=\"twitter:creator\" content=\"@KapitalisInfo\" \/>\n<meta name=\"twitter:site\" content=\"@KapitalisInfo\" \/>\n<meta name=\"twitter:label1\" content=\"\u00c9crit par\" \/>\n\t<meta name=\"twitter:data1\" content=\"Fawz BenAli\" \/>\n\t<meta name=\"twitter:label2\" content=\"Dur\u00e9e de lecture estim\u00e9e\" \/>\n\t<meta name=\"twitter:data2\" content=\"1 minute\" \/>\n<script type=\"application\/ld+json\" class=\"yoast-schema-graph\">{\"@context\":\"https:\/\/schema.org\",\"@graph\":[{\"@type\":\"Article\",\"@id\":\"https:\/\/kapitalis.com\/tunisie\/2021\/08\/17\/tunisie-bnet-essyassa-detenues-politiques-edite-par-zeineb-farhat-sort-en-version-francaise\/#article\",\"isPartOf\":{\"@id\":\"https:\/\/kapitalis.com\/tunisie\/2021\/08\/17\/tunisie-bnet-essyassa-detenues-politiques-edite-par-zeineb-farhat-sort-en-version-francaise\/\"},\"author\":{\"name\":\"Fawz BenAli\",\"@id\":\"https:\/\/kapitalis.com\/tunisie\/#\/schema\/person\/73a5ecc1f6ae540c6ed91342eadca948\"},\"headline\":\"Tunisie : \u00ab\u00a0Bnet Essyassa &#8211; D\u00e9tenues politiques\u00a0\u00bb \u00e9dit\u00e9 par Zeineb Farhat sort en version fran\u00e7aise\",\"datePublished\":\"2021-08-17T16:31:23+00:00\",\"dateModified\":\"2021-08-17T16:36:13+00:00\",\"mainEntityOfPage\":{\"@id\":\"https:\/\/kapitalis.com\/tunisie\/2021\/08\/17\/tunisie-bnet-essyassa-detenues-politiques-edite-par-zeineb-farhat-sort-en-version-francaise\/\"},\"wordCount\":252,\"commentCount\":1,\"publisher\":{\"@id\":\"https:\/\/kapitalis.com\/tunisie\/#organization\"},\"image\":{\"@id\":\"https:\/\/kapitalis.com\/tunisie\/2021\/08\/17\/tunisie-bnet-essyassa-detenues-politiques-edite-par-zeineb-farhat-sort-en-version-francaise\/#primaryimage\"},\"thumbnailUrl\":\"\",\"keywords\":[\"Association Zanoobya\",\"bnet essyassa\",\"d\u00e9tenues politiques\",\"femmes tunisiennes\",\"militantes tunisiennes\",\"Zeineb Farhat\"],\"articleSection\":[\"CULTURE\",\"POLITIQUE\",\"Tunisie\"],\"inLanguage\":\"fr-FR\",\"potentialAction\":[{\"@type\":\"CommentAction\",\"name\":\"Comment\",\"target\":[\"https:\/\/kapitalis.com\/tunisie\/2021\/08\/17\/tunisie-bnet-essyassa-detenues-politiques-edite-par-zeineb-farhat-sort-en-version-francaise\/#respond\"]}]},{\"@type\":\"WebPage\",\"@id\":\"https:\/\/kapitalis.com\/tunisie\/2021\/08\/17\/tunisie-bnet-essyassa-detenues-politiques-edite-par-zeineb-farhat-sort-en-version-francaise\/\",\"url\":\"https:\/\/kapitalis.com\/tunisie\/2021\/08\/17\/tunisie-bnet-essyassa-detenues-politiques-edite-par-zeineb-farhat-sort-en-version-francaise\/\",\"name\":\"Tunisie : \\\"Bnet Essyassa - D\u00e9tenues politiques\\\" \u00e9dit\u00e9 par Zeineb Farhat sort en version fran\u00e7aise - Kapitalis\",\"isPartOf\":{\"@id\":\"https:\/\/kapitalis.com\/tunisie\/#website\"},\"primaryImageOfPage\":{\"@id\":\"https:\/\/kapitalis.com\/tunisie\/2021\/08\/17\/tunisie-bnet-essyassa-detenues-politiques-edite-par-zeineb-farhat-sort-en-version-francaise\/#primaryimage\"},\"image\":{\"@id\":\"https:\/\/kapitalis.com\/tunisie\/2021\/08\/17\/tunisie-bnet-essyassa-detenues-politiques-edite-par-zeineb-farhat-sort-en-version-francaise\/#primaryimage\"},\"thumbnailUrl\":\"\",\"datePublished\":\"2021-08-17T16:31:23+00:00\",\"dateModified\":\"2021-08-17T16:36:13+00:00\",\"breadcrumb\":{\"@id\":\"https:\/\/kapitalis.com\/tunisie\/2021\/08\/17\/tunisie-bnet-essyassa-detenues-politiques-edite-par-zeineb-farhat-sort-en-version-francaise\/#breadcrumb\"},\"inLanguage\":\"fr-FR\",\"potentialAction\":[{\"@type\":\"ReadAction\",\"target\":[\"https:\/\/kapitalis.com\/tunisie\/2021\/08\/17\/tunisie-bnet-essyassa-detenues-politiques-edite-par-zeineb-farhat-sort-en-version-francaise\/\"]}]},{\"@type\":\"ImageObject\",\"inLanguage\":\"fr-FR\",\"@id\":\"https:\/\/kapitalis.com\/tunisie\/2021\/08\/17\/tunisie-bnet-essyassa-detenues-politiques-edite-par-zeineb-farhat-sort-en-version-francaise\/#primaryimage\",\"url\":\"\",\"contentUrl\":\"\"},{\"@type\":\"BreadcrumbList\",\"@id\":\"https:\/\/kapitalis.com\/tunisie\/2021\/08\/17\/tunisie-bnet-essyassa-detenues-politiques-edite-par-zeineb-farhat-sort-en-version-francaise\/#breadcrumb\",\"itemListElement\":[{\"@type\":\"ListItem\",\"position\":1,\"name\":\"Accueil\",\"item\":\"https:\/\/kapitalis.com\/tunisie\/\"},{\"@type\":\"ListItem\",\"position\":2,\"name\":\"Tunisie : \u00ab\u00a0Bnet Essyassa &#8211; D\u00e9tenues politiques\u00a0\u00bb \u00e9dit\u00e9 par Zeineb Farhat sort en version fran\u00e7aise\"}]},{\"@type\":\"WebSite\",\"@id\":\"https:\/\/kapitalis.com\/tunisie\/#website\",\"url\":\"https:\/\/kapitalis.com\/tunisie\/\",\"name\":\"Kapitalis\",\"description\":\"L&#039;actualit\u00e9 en Tunisie et dans le monde\",\"publisher\":{\"@id\":\"https:\/\/kapitalis.com\/tunisie\/#organization\"},\"potentialAction\":[{\"@type\":\"SearchAction\",\"target\":{\"@type\":\"EntryPoint\",\"urlTemplate\":\"https:\/\/kapitalis.com\/tunisie\/?s={search_term_string}\"},\"query-input\":{\"@type\":\"PropertyValueSpecification\",\"valueRequired\":true,\"valueName\":\"search_term_string\"}}],\"inLanguage\":\"fr-FR\"},{\"@type\":\"Organization\",\"@id\":\"https:\/\/kapitalis.com\/tunisie\/#organization\",\"name\":\"Kapitalis\",\"url\":\"https:\/\/kapitalis.com\/tunisie\/\",\"logo\":{\"@type\":\"ImageObject\",\"inLanguage\":\"fr-FR\",\"@id\":\"https:\/\/kapitalis.com\/tunisie\/#\/schema\/logo\/image\/\",\"url\":\"https:\/\/kapitalis.com\/tunisie\/wp-content\/uploads\/2022\/05\/Kapitalis-big-size.png\",\"contentUrl\":\"https:\/\/kapitalis.com\/tunisie\/wp-content\/uploads\/2022\/05\/Kapitalis-big-size.png\",\"width\":5000,\"height\":1500,\"caption\":\"Kapitalis\"},\"image\":{\"@id\":\"https:\/\/kapitalis.com\/tunisie\/#\/schema\/logo\/image\/\"},\"sameAs\":[\"https:\/\/www.facebook.com\/KapitalisInfo\/\",\"https:\/\/x.com\/KapitalisInfo\",\"https:\/\/www.youtube.com\/channel\/UC-yDYrHyfFBWWZaOw3FPg9Q\"]},{\"@type\":\"Person\",\"@id\":\"https:\/\/kapitalis.com\/tunisie\/#\/schema\/person\/73a5ecc1f6ae540c6ed91342eadca948\",\"name\":\"Fawz BenAli\",\"url\":\"https:\/\/kapitalis.com\/tunisie\/author\/fawz\/\"}]}<\/script>\n<!-- \/ Yoast SEO plugin. -->","yoast_head_json":{"title":"Tunisie : \"Bnet Essyassa - D\u00e9tenues politiques\" \u00e9dit\u00e9 par Zeineb Farhat sort en version fran\u00e7aise - Kapitalis","robots":{"index":"index","follow":"follow","max-snippet":"max-snippet:-1","max-image-preview":"max-image-preview:large","max-video-preview":"max-video-preview:-1"},"canonical":"https:\/\/kapitalis.com\/tunisie\/2021\/08\/17\/tunisie-bnet-essyassa-detenues-politiques-edite-par-zeineb-farhat-sort-en-version-francaise\/","og_locale":"fr_FR","og_type":"article","og_title":"Tunisie : \"Bnet Essyassa - D\u00e9tenues politiques\" \u00e9dit\u00e9 par Zeineb Farhat sort en version fran\u00e7aise - Kapitalis","og_description":"L\u2019ouvrage collectif \u00ab\u00a0Bnet Essyassa\u00a0\u00bb \u00e9dit\u00e9 par feue Zeineb Farhat vient de para\u00eetre dans une version fran\u00e7aise sous le titre \u00ab\u00a0D\u00e9tenues politiques\u00a0\u00bb. Un recueil de r\u00e9cits poignants sign\u00e9s six militantes tunisiennes ayant connu la prison et la pers\u00e9cution dans les ann\u00e9es 70.","og_url":"https:\/\/kapitalis.com\/tunisie\/2021\/08\/17\/tunisie-bnet-essyassa-detenues-politiques-edite-par-zeineb-farhat-sort-en-version-francaise\/","og_site_name":"Kapitalis","article_publisher":"https:\/\/www.facebook.com\/KapitalisInfo\/","article_published_time":"2021-08-17T16:31:23+00:00","article_modified_time":"2021-08-17T16:36:13+00:00","og_image":[{"width":1200,"height":630,"url":"https:\/\/kapitalis.com\/tunisie\/wp-content\/uploads\/2022\/05\/kapitalis-logo-fb.png","type":"image\/png"}],"author":"Fawz BenAli","twitter_card":"summary_large_image","twitter_creator":"@KapitalisInfo","twitter_site":"@KapitalisInfo","twitter_misc":{"\u00c9crit par":"Fawz BenAli","Dur\u00e9e de lecture estim\u00e9e":"1 minute"},"schema":{"@context":"https:\/\/schema.org","@graph":[{"@type":"Article","@id":"https:\/\/kapitalis.com\/tunisie\/2021\/08\/17\/tunisie-bnet-essyassa-detenues-politiques-edite-par-zeineb-farhat-sort-en-version-francaise\/#article","isPartOf":{"@id":"https:\/\/kapitalis.com\/tunisie\/2021\/08\/17\/tunisie-bnet-essyassa-detenues-politiques-edite-par-zeineb-farhat-sort-en-version-francaise\/"},"author":{"name":"Fawz BenAli","@id":"https:\/\/kapitalis.com\/tunisie\/#\/schema\/person\/73a5ecc1f6ae540c6ed91342eadca948"},"headline":"Tunisie : \u00ab\u00a0Bnet Essyassa &#8211; D\u00e9tenues politiques\u00a0\u00bb \u00e9dit\u00e9 par Zeineb Farhat sort en version fran\u00e7aise","datePublished":"2021-08-17T16:31:23+00:00","dateModified":"2021-08-17T16:36:13+00:00","mainEntityOfPage":{"@id":"https:\/\/kapitalis.com\/tunisie\/2021\/08\/17\/tunisie-bnet-essyassa-detenues-politiques-edite-par-zeineb-farhat-sort-en-version-francaise\/"},"wordCount":252,"commentCount":1,"publisher":{"@id":"https:\/\/kapitalis.com\/tunisie\/#organization"},"image":{"@id":"https:\/\/kapitalis.com\/tunisie\/2021\/08\/17\/tunisie-bnet-essyassa-detenues-politiques-edite-par-zeineb-farhat-sort-en-version-francaise\/#primaryimage"},"thumbnailUrl":"","keywords":["Association Zanoobya","bnet essyassa","d\u00e9tenues politiques","femmes tunisiennes","militantes tunisiennes","Zeineb Farhat"],"articleSection":["CULTURE","POLITIQUE","Tunisie"],"inLanguage":"fr-FR","potentialAction":[{"@type":"CommentAction","name":"Comment","target":["https:\/\/kapitalis.com\/tunisie\/2021\/08\/17\/tunisie-bnet-essyassa-detenues-politiques-edite-par-zeineb-farhat-sort-en-version-francaise\/#respond"]}]},{"@type":"WebPage","@id":"https:\/\/kapitalis.com\/tunisie\/2021\/08\/17\/tunisie-bnet-essyassa-detenues-politiques-edite-par-zeineb-farhat-sort-en-version-francaise\/","url":"https:\/\/kapitalis.com\/tunisie\/2021\/08\/17\/tunisie-bnet-essyassa-detenues-politiques-edite-par-zeineb-farhat-sort-en-version-francaise\/","name":"Tunisie : \"Bnet Essyassa - D\u00e9tenues politiques\" \u00e9dit\u00e9 par Zeineb Farhat sort en version fran\u00e7aise - Kapitalis","isPartOf":{"@id":"https:\/\/kapitalis.com\/tunisie\/#website"},"primaryImageOfPage":{"@id":"https:\/\/kapitalis.com\/tunisie\/2021\/08\/17\/tunisie-bnet-essyassa-detenues-politiques-edite-par-zeineb-farhat-sort-en-version-francaise\/#primaryimage"},"image":{"@id":"https:\/\/kapitalis.com\/tunisie\/2021\/08\/17\/tunisie-bnet-essyassa-detenues-politiques-edite-par-zeineb-farhat-sort-en-version-francaise\/#primaryimage"},"thumbnailUrl":"","datePublished":"2021-08-17T16:31:23+00:00","dateModified":"2021-08-17T16:36:13+00:00","breadcrumb":{"@id":"https:\/\/kapitalis.com\/tunisie\/2021\/08\/17\/tunisie-bnet-essyassa-detenues-politiques-edite-par-zeineb-farhat-sort-en-version-francaise\/#breadcrumb"},"inLanguage":"fr-FR","potentialAction":[{"@type":"ReadAction","target":["https:\/\/kapitalis.com\/tunisie\/2021\/08\/17\/tunisie-bnet-essyassa-detenues-politiques-edite-par-zeineb-farhat-sort-en-version-francaise\/"]}]},{"@type":"ImageObject","inLanguage":"fr-FR","@id":"https:\/\/kapitalis.com\/tunisie\/2021\/08\/17\/tunisie-bnet-essyassa-detenues-politiques-edite-par-zeineb-farhat-sort-en-version-francaise\/#primaryimage","url":"","contentUrl":""},{"@type":"BreadcrumbList","@id":"https:\/\/kapitalis.com\/tunisie\/2021\/08\/17\/tunisie-bnet-essyassa-detenues-politiques-edite-par-zeineb-farhat-sort-en-version-francaise\/#breadcrumb","itemListElement":[{"@type":"ListItem","position":1,"name":"Accueil","item":"https:\/\/kapitalis.com\/tunisie\/"},{"@type":"ListItem","position":2,"name":"Tunisie : \u00ab\u00a0Bnet Essyassa &#8211; D\u00e9tenues politiques\u00a0\u00bb \u00e9dit\u00e9 par Zeineb Farhat sort en version fran\u00e7aise"}]},{"@type":"WebSite","@id":"https:\/\/kapitalis.com\/tunisie\/#website","url":"https:\/\/kapitalis.com\/tunisie\/","name":"Kapitalis","description":"L&#039;actualit\u00e9 en Tunisie et dans le monde","publisher":{"@id":"https:\/\/kapitalis.com\/tunisie\/#organization"},"potentialAction":[{"@type":"SearchAction","target":{"@type":"EntryPoint","urlTemplate":"https:\/\/kapitalis.com\/tunisie\/?s={search_term_string}"},"query-input":{"@type":"PropertyValueSpecification","valueRequired":true,"valueName":"search_term_string"}}],"inLanguage":"fr-FR"},{"@type":"Organization","@id":"https:\/\/kapitalis.com\/tunisie\/#organization","name":"Kapitalis","url":"https:\/\/kapitalis.com\/tunisie\/","logo":{"@type":"ImageObject","inLanguage":"fr-FR","@id":"https:\/\/kapitalis.com\/tunisie\/#\/schema\/logo\/image\/","url":"https:\/\/kapitalis.com\/tunisie\/wp-content\/uploads\/2022\/05\/Kapitalis-big-size.png","contentUrl":"https:\/\/kapitalis.com\/tunisie\/wp-content\/uploads\/2022\/05\/Kapitalis-big-size.png","width":5000,"height":1500,"caption":"Kapitalis"},"image":{"@id":"https:\/\/kapitalis.com\/tunisie\/#\/schema\/logo\/image\/"},"sameAs":["https:\/\/www.facebook.com\/KapitalisInfo\/","https:\/\/x.com\/KapitalisInfo","https:\/\/www.youtube.com\/channel\/UC-yDYrHyfFBWWZaOw3FPg9Q"]},{"@type":"Person","@id":"https:\/\/kapitalis.com\/tunisie\/#\/schema\/person\/73a5ecc1f6ae540c6ed91342eadca948","name":"Fawz BenAli","url":"https:\/\/kapitalis.com\/tunisie\/author\/fawz\/"}]}},"_links":{"self":[{"href":"https:\/\/kapitalis.com\/tunisie\/wp-json\/wp\/v2\/posts\/359726","targetHints":{"allow":["GET"]}}],"collection":[{"href":"https:\/\/kapitalis.com\/tunisie\/wp-json\/wp\/v2\/posts"}],"about":[{"href":"https:\/\/kapitalis.com\/tunisie\/wp-json\/wp\/v2\/types\/post"}],"author":[{"embeddable":true,"href":"https:\/\/kapitalis.com\/tunisie\/wp-json\/wp\/v2\/users\/26"}],"replies":[{"embeddable":true,"href":"https:\/\/kapitalis.com\/tunisie\/wp-json\/wp\/v2\/comments?post=359726"}],"version-history":[{"count":0,"href":"https:\/\/kapitalis.com\/tunisie\/wp-json\/wp\/v2\/posts\/359726\/revisions"}],"wp:featuredmedia":[{"embeddable":true,"href":"https:\/\/kapitalis.com\/tunisie\/wp-json\/wp\/v2\/media\/359736"}],"wp:attachment":[{"href":"https:\/\/kapitalis.com\/tunisie\/wp-json\/wp\/v2\/media?parent=359726"}],"wp:term":[{"taxonomy":"category","embeddable":true,"href":"https:\/\/kapitalis.com\/tunisie\/wp-json\/wp\/v2\/categories?post=359726"},{"taxonomy":"post_tag","embeddable":true,"href":"https:\/\/kapitalis.com\/tunisie\/wp-json\/wp\/v2\/tags?post=359726"}],"curies":[{"name":"wp","href":"https:\/\/api.w.org\/{rel}","templated":true}]}}