{"id":3598833,"date":"2022-09-01T20:16:38","date_gmt":"2022-09-01T19:16:38","guid":{"rendered":"https:\/\/kapitalis.com\/tunisie\/?p=3598833"},"modified":"2022-09-01T20:16:40","modified_gmt":"2022-09-01T19:16:40","slug":"dhafer-el-abidine-a-la-ceremonie-douverture-de-la-mostra-de-venise","status":"publish","type":"post","link":"https:\/\/kapitalis.com\/tunisie\/2022\/09\/01\/dhafer-el-abidine-a-la-ceremonie-douverture-de-la-mostra-de-venise\/","title":{"rendered":"Dhafer El Abidine \u00e0 la c\u00e9r\u00e9monie d&rsquo;ouverture de la Mostra de Venise"},"content":{"rendered":"\n<p><em><strong>Dhafer El Abidine \u00e9tait pr\u00e9sent \u00e0 la c\u00e9r\u00e9monie d&rsquo;ouverture de la prestigieuse Mostra de Venise. La star tunisienne s&rsquo;est montr\u00e9e avec son nouveau look en portant d\u00e9sormais la moustache.<\/strong><\/em><\/p>\n\n\n\n<!--more-->\n\n\n\n<p>L&rsquo;acteur et r\u00e9alisateur tunisien \u00e0 la renomm\u00e9e internationale Dhafer El Abidine a d\u00e9fil\u00e9 hier soir  aux c\u00f4t\u00e9 des grandes stars du cin\u00e9ma mondial, sur le tapis rouge de la c\u00e9r\u00e9monie d&rsquo;ouverture de la 79e \u00e9dition du Festival international du Film de Venise (Mostra de Venise 2022) qui se poursuit jusqu&rsquo;au 10 septembre.<\/p>\n\n\n\n<p>Dhafer El Abidine a surpris ses fans avec son nouveau look. Il vient de publier une photo sur laquelle il porte pour la premi\u00e8re fois la moustache.<\/p>\n\n\n\n<p class=\"has-text-align-right\"><strong>F.B<\/strong><\/p>\n","protected":false},"excerpt":{"rendered":"<p>Dhafer El Abidine \u00e9tait pr\u00e9sent \u00e0 la c\u00e9r\u00e9monie d&rsquo;ouverture de la prestigieuse Mostra de Venise. La star tunisienne s&rsquo;est montr\u00e9e avec son nouveau look en portant d\u00e9sormais la moustache.<\/p>\n","protected":false},"author":26,"featured_media":3599122,"comment_status":"open","ping_status":"open","sticky":false,"template":"","format":"standard","meta":{"footnotes":""},"categories":[994,2433],"tags":[78556,102480,62643],"class_list":["post-3598833","post","type-post","status-publish","format-standard","has-post-thumbnail","hentry","category-culture","category-tunisie","tag-dhafer-el-abidine-2","tag-mostra-de-venise-2022","tag-tunisie"],"yoast_head":"<!-- This site is optimized with the Yoast SEO plugin v26.6 - https:\/\/yoast.com\/wordpress\/plugins\/seo\/ -->\n<title>Dhafer El Abidine \u00e0 la c\u00e9r\u00e9monie d&#039;ouverture de la Mostra de Venise - Kapitalis<\/title>\n<meta name=\"robots\" content=\"index, follow, max-snippet:-1, max-image-preview:large, max-video-preview:-1\" \/>\n<link rel=\"canonical\" href=\"https:\/\/kapitalis.com\/tunisie\/2022\/09\/01\/dhafer-el-abidine-a-la-ceremonie-douverture-de-la-mostra-de-venise\/\" \/>\n<meta property=\"og:locale\" content=\"fr_FR\" \/>\n<meta property=\"og:type\" content=\"article\" \/>\n<meta property=\"og:title\" content=\"Dhafer El Abidine \u00e0 la c\u00e9r\u00e9monie d&#039;ouverture de la Mostra de Venise - Kapitalis\" \/>\n<meta property=\"og:description\" content=\"Dhafer El Abidine \u00e9tait pr\u00e9sent \u00e0 la c\u00e9r\u00e9monie d&rsquo;ouverture de la prestigieuse Mostra de Venise. La star tunisienne s&rsquo;est montr\u00e9e avec son nouveau look en portant d\u00e9sormais la moustache.\" \/>\n<meta property=\"og:url\" content=\"https:\/\/kapitalis.com\/tunisie\/2022\/09\/01\/dhafer-el-abidine-a-la-ceremonie-douverture-de-la-mostra-de-venise\/\" \/>\n<meta property=\"og:site_name\" content=\"Kapitalis\" \/>\n<meta property=\"article:publisher\" content=\"https:\/\/www.facebook.com\/KapitalisInfo\/\" \/>\n<meta property=\"article:published_time\" content=\"2022-09-01T19:16:38+00:00\" \/>\n<meta property=\"article:modified_time\" content=\"2022-09-01T19:16:40+00:00\" \/>\n<meta property=\"og:image\" content=\"https:\/\/kapitalis.com\/tunisie\/wp-content\/uploads\/2022\/09\/Dhafer-Abidine.jpg\" \/>\n\t<meta property=\"og:image:width\" content=\"1200\" \/>\n\t<meta property=\"og:image:height\" content=\"630\" \/>\n\t<meta property=\"og:image:type\" content=\"image\/jpeg\" \/>\n<meta name=\"author\" content=\"Fawz BenAli\" \/>\n<meta name=\"twitter:card\" content=\"summary_large_image\" \/>\n<meta name=\"twitter:creator\" content=\"@KapitalisInfo\" \/>\n<meta name=\"twitter:site\" content=\"@KapitalisInfo\" \/>\n<meta name=\"twitter:label1\" content=\"\u00c9crit par\" \/>\n\t<meta name=\"twitter:data1\" content=\"Fawz BenAli\" \/>\n\t<meta name=\"twitter:label2\" content=\"Dur\u00e9e de lecture estim\u00e9e\" \/>\n\t<meta name=\"twitter:data2\" content=\"1 minute\" \/>\n<script type=\"application\/ld+json\" class=\"yoast-schema-graph\">{\"@context\":\"https:\/\/schema.org\",\"@graph\":[{\"@type\":\"Article\",\"@id\":\"https:\/\/kapitalis.com\/tunisie\/2022\/09\/01\/dhafer-el-abidine-a-la-ceremonie-douverture-de-la-mostra-de-venise\/#article\",\"isPartOf\":{\"@id\":\"https:\/\/kapitalis.com\/tunisie\/2022\/09\/01\/dhafer-el-abidine-a-la-ceremonie-douverture-de-la-mostra-de-venise\/\"},\"author\":{\"name\":\"Fawz BenAli\",\"@id\":\"https:\/\/kapitalis.com\/tunisie\/#\/schema\/person\/73a5ecc1f6ae540c6ed91342eadca948\"},\"headline\":\"Dhafer El Abidine \u00e0 la c\u00e9r\u00e9monie d&rsquo;ouverture de la Mostra de Venise\",\"datePublished\":\"2022-09-01T19:16:38+00:00\",\"dateModified\":\"2022-09-01T19:16:40+00:00\",\"mainEntityOfPage\":{\"@id\":\"https:\/\/kapitalis.com\/tunisie\/2022\/09\/01\/dhafer-el-abidine-a-la-ceremonie-douverture-de-la-mostra-de-venise\/\"},\"wordCount\":132,\"commentCount\":0,\"publisher\":{\"@id\":\"https:\/\/kapitalis.com\/tunisie\/#organization\"},\"image\":{\"@id\":\"https:\/\/kapitalis.com\/tunisie\/2022\/09\/01\/dhafer-el-abidine-a-la-ceremonie-douverture-de-la-mostra-de-venise\/#primaryimage\"},\"thumbnailUrl\":\"https:\/\/kapitalis.com\/tunisie\/wp-content\/uploads\/2022\/09\/Dhafer-Abidine.jpg\",\"keywords\":[\"dhafer el abidine\",\"Mostra de Venise 2022\",\"Tunisie\"],\"articleSection\":[\"CULTURE\",\"Tunisie\"],\"inLanguage\":\"fr-FR\",\"potentialAction\":[{\"@type\":\"CommentAction\",\"name\":\"Comment\",\"target\":[\"https:\/\/kapitalis.com\/tunisie\/2022\/09\/01\/dhafer-el-abidine-a-la-ceremonie-douverture-de-la-mostra-de-venise\/#respond\"]}]},{\"@type\":\"WebPage\",\"@id\":\"https:\/\/kapitalis.com\/tunisie\/2022\/09\/01\/dhafer-el-abidine-a-la-ceremonie-douverture-de-la-mostra-de-venise\/\",\"url\":\"https:\/\/kapitalis.com\/tunisie\/2022\/09\/01\/dhafer-el-abidine-a-la-ceremonie-douverture-de-la-mostra-de-venise\/\",\"name\":\"Dhafer El Abidine \u00e0 la c\u00e9r\u00e9monie d'ouverture de la Mostra de Venise - Kapitalis\",\"isPartOf\":{\"@id\":\"https:\/\/kapitalis.com\/tunisie\/#website\"},\"primaryImageOfPage\":{\"@id\":\"https:\/\/kapitalis.com\/tunisie\/2022\/09\/01\/dhafer-el-abidine-a-la-ceremonie-douverture-de-la-mostra-de-venise\/#primaryimage\"},\"image\":{\"@id\":\"https:\/\/kapitalis.com\/tunisie\/2022\/09\/01\/dhafer-el-abidine-a-la-ceremonie-douverture-de-la-mostra-de-venise\/#primaryimage\"},\"thumbnailUrl\":\"https:\/\/kapitalis.com\/tunisie\/wp-content\/uploads\/2022\/09\/Dhafer-Abidine.jpg\",\"datePublished\":\"2022-09-01T19:16:38+00:00\",\"dateModified\":\"2022-09-01T19:16:40+00:00\",\"breadcrumb\":{\"@id\":\"https:\/\/kapitalis.com\/tunisie\/2022\/09\/01\/dhafer-el-abidine-a-la-ceremonie-douverture-de-la-mostra-de-venise\/#breadcrumb\"},\"inLanguage\":\"fr-FR\",\"potentialAction\":[{\"@type\":\"ReadAction\",\"target\":[\"https:\/\/kapitalis.com\/tunisie\/2022\/09\/01\/dhafer-el-abidine-a-la-ceremonie-douverture-de-la-mostra-de-venise\/\"]}]},{\"@type\":\"ImageObject\",\"inLanguage\":\"fr-FR\",\"@id\":\"https:\/\/kapitalis.com\/tunisie\/2022\/09\/01\/dhafer-el-abidine-a-la-ceremonie-douverture-de-la-mostra-de-venise\/#primaryimage\",\"url\":\"https:\/\/kapitalis.com\/tunisie\/wp-content\/uploads\/2022\/09\/Dhafer-Abidine.jpg\",\"contentUrl\":\"https:\/\/kapitalis.com\/tunisie\/wp-content\/uploads\/2022\/09\/Dhafer-Abidine.jpg\",\"width\":1200,\"height\":630},{\"@type\":\"BreadcrumbList\",\"@id\":\"https:\/\/kapitalis.com\/tunisie\/2022\/09\/01\/dhafer-el-abidine-a-la-ceremonie-douverture-de-la-mostra-de-venise\/#breadcrumb\",\"itemListElement\":[{\"@type\":\"ListItem\",\"position\":1,\"name\":\"Accueil\",\"item\":\"https:\/\/kapitalis.com\/tunisie\/\"},{\"@type\":\"ListItem\",\"position\":2,\"name\":\"Dhafer El Abidine \u00e0 la c\u00e9r\u00e9monie d&rsquo;ouverture de la Mostra de Venise\"}]},{\"@type\":\"WebSite\",\"@id\":\"https:\/\/kapitalis.com\/tunisie\/#website\",\"url\":\"https:\/\/kapitalis.com\/tunisie\/\",\"name\":\"Kapitalis\",\"description\":\"L&#039;actualit\u00e9 en Tunisie et dans le monde\",\"publisher\":{\"@id\":\"https:\/\/kapitalis.com\/tunisie\/#organization\"},\"potentialAction\":[{\"@type\":\"SearchAction\",\"target\":{\"@type\":\"EntryPoint\",\"urlTemplate\":\"https:\/\/kapitalis.com\/tunisie\/?s={search_term_string}\"},\"query-input\":{\"@type\":\"PropertyValueSpecification\",\"valueRequired\":true,\"valueName\":\"search_term_string\"}}],\"inLanguage\":\"fr-FR\"},{\"@type\":\"Organization\",\"@id\":\"https:\/\/kapitalis.com\/tunisie\/#organization\",\"name\":\"Kapitalis\",\"url\":\"https:\/\/kapitalis.com\/tunisie\/\",\"logo\":{\"@type\":\"ImageObject\",\"inLanguage\":\"fr-FR\",\"@id\":\"https:\/\/kapitalis.com\/tunisie\/#\/schema\/logo\/image\/\",\"url\":\"https:\/\/kapitalis.com\/tunisie\/wp-content\/uploads\/2022\/05\/Kapitalis-big-size.png\",\"contentUrl\":\"https:\/\/kapitalis.com\/tunisie\/wp-content\/uploads\/2022\/05\/Kapitalis-big-size.png\",\"width\":5000,\"height\":1500,\"caption\":\"Kapitalis\"},\"image\":{\"@id\":\"https:\/\/kapitalis.com\/tunisie\/#\/schema\/logo\/image\/\"},\"sameAs\":[\"https:\/\/www.facebook.com\/KapitalisInfo\/\",\"https:\/\/x.com\/KapitalisInfo\",\"https:\/\/www.youtube.com\/channel\/UC-yDYrHyfFBWWZaOw3FPg9Q\"]},{\"@type\":\"Person\",\"@id\":\"https:\/\/kapitalis.com\/tunisie\/#\/schema\/person\/73a5ecc1f6ae540c6ed91342eadca948\",\"name\":\"Fawz BenAli\",\"url\":\"https:\/\/kapitalis.com\/tunisie\/author\/fawz\/\"}]}<\/script>\n<!-- \/ Yoast SEO plugin. -->","yoast_head_json":{"title":"Dhafer El Abidine \u00e0 la c\u00e9r\u00e9monie d'ouverture de la Mostra de Venise - Kapitalis","robots":{"index":"index","follow":"follow","max-snippet":"max-snippet:-1","max-image-preview":"max-image-preview:large","max-video-preview":"max-video-preview:-1"},"canonical":"https:\/\/kapitalis.com\/tunisie\/2022\/09\/01\/dhafer-el-abidine-a-la-ceremonie-douverture-de-la-mostra-de-venise\/","og_locale":"fr_FR","og_type":"article","og_title":"Dhafer El Abidine \u00e0 la c\u00e9r\u00e9monie d'ouverture de la Mostra de Venise - Kapitalis","og_description":"Dhafer El Abidine \u00e9tait pr\u00e9sent \u00e0 la c\u00e9r\u00e9monie d&rsquo;ouverture de la prestigieuse Mostra de Venise. La star tunisienne s&rsquo;est montr\u00e9e avec son nouveau look en portant d\u00e9sormais la moustache.","og_url":"https:\/\/kapitalis.com\/tunisie\/2022\/09\/01\/dhafer-el-abidine-a-la-ceremonie-douverture-de-la-mostra-de-venise\/","og_site_name":"Kapitalis","article_publisher":"https:\/\/www.facebook.com\/KapitalisInfo\/","article_published_time":"2022-09-01T19:16:38+00:00","article_modified_time":"2022-09-01T19:16:40+00:00","og_image":[{"width":1200,"height":630,"url":"https:\/\/kapitalis.com\/tunisie\/wp-content\/uploads\/2022\/09\/Dhafer-Abidine.jpg","type":"image\/jpeg"}],"author":"Fawz BenAli","twitter_card":"summary_large_image","twitter_creator":"@KapitalisInfo","twitter_site":"@KapitalisInfo","twitter_misc":{"\u00c9crit par":"Fawz BenAli","Dur\u00e9e de lecture estim\u00e9e":"1 minute"},"schema":{"@context":"https:\/\/schema.org","@graph":[{"@type":"Article","@id":"https:\/\/kapitalis.com\/tunisie\/2022\/09\/01\/dhafer-el-abidine-a-la-ceremonie-douverture-de-la-mostra-de-venise\/#article","isPartOf":{"@id":"https:\/\/kapitalis.com\/tunisie\/2022\/09\/01\/dhafer-el-abidine-a-la-ceremonie-douverture-de-la-mostra-de-venise\/"},"author":{"name":"Fawz BenAli","@id":"https:\/\/kapitalis.com\/tunisie\/#\/schema\/person\/73a5ecc1f6ae540c6ed91342eadca948"},"headline":"Dhafer El Abidine \u00e0 la c\u00e9r\u00e9monie d&rsquo;ouverture de la Mostra de Venise","datePublished":"2022-09-01T19:16:38+00:00","dateModified":"2022-09-01T19:16:40+00:00","mainEntityOfPage":{"@id":"https:\/\/kapitalis.com\/tunisie\/2022\/09\/01\/dhafer-el-abidine-a-la-ceremonie-douverture-de-la-mostra-de-venise\/"},"wordCount":132,"commentCount":0,"publisher":{"@id":"https:\/\/kapitalis.com\/tunisie\/#organization"},"image":{"@id":"https:\/\/kapitalis.com\/tunisie\/2022\/09\/01\/dhafer-el-abidine-a-la-ceremonie-douverture-de-la-mostra-de-venise\/#primaryimage"},"thumbnailUrl":"https:\/\/kapitalis.com\/tunisie\/wp-content\/uploads\/2022\/09\/Dhafer-Abidine.jpg","keywords":["dhafer el abidine","Mostra de Venise 2022","Tunisie"],"articleSection":["CULTURE","Tunisie"],"inLanguage":"fr-FR","potentialAction":[{"@type":"CommentAction","name":"Comment","target":["https:\/\/kapitalis.com\/tunisie\/2022\/09\/01\/dhafer-el-abidine-a-la-ceremonie-douverture-de-la-mostra-de-venise\/#respond"]}]},{"@type":"WebPage","@id":"https:\/\/kapitalis.com\/tunisie\/2022\/09\/01\/dhafer-el-abidine-a-la-ceremonie-douverture-de-la-mostra-de-venise\/","url":"https:\/\/kapitalis.com\/tunisie\/2022\/09\/01\/dhafer-el-abidine-a-la-ceremonie-douverture-de-la-mostra-de-venise\/","name":"Dhafer El Abidine \u00e0 la c\u00e9r\u00e9monie d'ouverture de la Mostra de Venise - Kapitalis","isPartOf":{"@id":"https:\/\/kapitalis.com\/tunisie\/#website"},"primaryImageOfPage":{"@id":"https:\/\/kapitalis.com\/tunisie\/2022\/09\/01\/dhafer-el-abidine-a-la-ceremonie-douverture-de-la-mostra-de-venise\/#primaryimage"},"image":{"@id":"https:\/\/kapitalis.com\/tunisie\/2022\/09\/01\/dhafer-el-abidine-a-la-ceremonie-douverture-de-la-mostra-de-venise\/#primaryimage"},"thumbnailUrl":"https:\/\/kapitalis.com\/tunisie\/wp-content\/uploads\/2022\/09\/Dhafer-Abidine.jpg","datePublished":"2022-09-01T19:16:38+00:00","dateModified":"2022-09-01T19:16:40+00:00","breadcrumb":{"@id":"https:\/\/kapitalis.com\/tunisie\/2022\/09\/01\/dhafer-el-abidine-a-la-ceremonie-douverture-de-la-mostra-de-venise\/#breadcrumb"},"inLanguage":"fr-FR","potentialAction":[{"@type":"ReadAction","target":["https:\/\/kapitalis.com\/tunisie\/2022\/09\/01\/dhafer-el-abidine-a-la-ceremonie-douverture-de-la-mostra-de-venise\/"]}]},{"@type":"ImageObject","inLanguage":"fr-FR","@id":"https:\/\/kapitalis.com\/tunisie\/2022\/09\/01\/dhafer-el-abidine-a-la-ceremonie-douverture-de-la-mostra-de-venise\/#primaryimage","url":"https:\/\/kapitalis.com\/tunisie\/wp-content\/uploads\/2022\/09\/Dhafer-Abidine.jpg","contentUrl":"https:\/\/kapitalis.com\/tunisie\/wp-content\/uploads\/2022\/09\/Dhafer-Abidine.jpg","width":1200,"height":630},{"@type":"BreadcrumbList","@id":"https:\/\/kapitalis.com\/tunisie\/2022\/09\/01\/dhafer-el-abidine-a-la-ceremonie-douverture-de-la-mostra-de-venise\/#breadcrumb","itemListElement":[{"@type":"ListItem","position":1,"name":"Accueil","item":"https:\/\/kapitalis.com\/tunisie\/"},{"@type":"ListItem","position":2,"name":"Dhafer El Abidine \u00e0 la c\u00e9r\u00e9monie d&rsquo;ouverture de la Mostra de Venise"}]},{"@type":"WebSite","@id":"https:\/\/kapitalis.com\/tunisie\/#website","url":"https:\/\/kapitalis.com\/tunisie\/","name":"Kapitalis","description":"L&#039;actualit\u00e9 en Tunisie et dans le monde","publisher":{"@id":"https:\/\/kapitalis.com\/tunisie\/#organization"},"potentialAction":[{"@type":"SearchAction","target":{"@type":"EntryPoint","urlTemplate":"https:\/\/kapitalis.com\/tunisie\/?s={search_term_string}"},"query-input":{"@type":"PropertyValueSpecification","valueRequired":true,"valueName":"search_term_string"}}],"inLanguage":"fr-FR"},{"@type":"Organization","@id":"https:\/\/kapitalis.com\/tunisie\/#organization","name":"Kapitalis","url":"https:\/\/kapitalis.com\/tunisie\/","logo":{"@type":"ImageObject","inLanguage":"fr-FR","@id":"https:\/\/kapitalis.com\/tunisie\/#\/schema\/logo\/image\/","url":"https:\/\/kapitalis.com\/tunisie\/wp-content\/uploads\/2022\/05\/Kapitalis-big-size.png","contentUrl":"https:\/\/kapitalis.com\/tunisie\/wp-content\/uploads\/2022\/05\/Kapitalis-big-size.png","width":5000,"height":1500,"caption":"Kapitalis"},"image":{"@id":"https:\/\/kapitalis.com\/tunisie\/#\/schema\/logo\/image\/"},"sameAs":["https:\/\/www.facebook.com\/KapitalisInfo\/","https:\/\/x.com\/KapitalisInfo","https:\/\/www.youtube.com\/channel\/UC-yDYrHyfFBWWZaOw3FPg9Q"]},{"@type":"Person","@id":"https:\/\/kapitalis.com\/tunisie\/#\/schema\/person\/73a5ecc1f6ae540c6ed91342eadca948","name":"Fawz BenAli","url":"https:\/\/kapitalis.com\/tunisie\/author\/fawz\/"}]}},"_links":{"self":[{"href":"https:\/\/kapitalis.com\/tunisie\/wp-json\/wp\/v2\/posts\/3598833","targetHints":{"allow":["GET"]}}],"collection":[{"href":"https:\/\/kapitalis.com\/tunisie\/wp-json\/wp\/v2\/posts"}],"about":[{"href":"https:\/\/kapitalis.com\/tunisie\/wp-json\/wp\/v2\/types\/post"}],"author":[{"embeddable":true,"href":"https:\/\/kapitalis.com\/tunisie\/wp-json\/wp\/v2\/users\/26"}],"replies":[{"embeddable":true,"href":"https:\/\/kapitalis.com\/tunisie\/wp-json\/wp\/v2\/comments?post=3598833"}],"version-history":[{"count":0,"href":"https:\/\/kapitalis.com\/tunisie\/wp-json\/wp\/v2\/posts\/3598833\/revisions"}],"wp:featuredmedia":[{"embeddable":true,"href":"https:\/\/kapitalis.com\/tunisie\/wp-json\/wp\/v2\/media\/3599122"}],"wp:attachment":[{"href":"https:\/\/kapitalis.com\/tunisie\/wp-json\/wp\/v2\/media?parent=3598833"}],"wp:term":[{"taxonomy":"category","embeddable":true,"href":"https:\/\/kapitalis.com\/tunisie\/wp-json\/wp\/v2\/categories?post=3598833"},{"taxonomy":"post_tag","embeddable":true,"href":"https:\/\/kapitalis.com\/tunisie\/wp-json\/wp\/v2\/tags?post=3598833"}],"curies":[{"name":"wp","href":"https:\/\/api.w.org\/{rel}","templated":true}]}}