{"id":360431,"date":"2021-08-24T21:07:38","date_gmt":"2021-08-24T20:07:38","guid":{"rendered":"http:\/\/kapitalis.com\/tunisie\/?p=360431"},"modified":"2021-08-24T21:12:21","modified_gmt":"2021-08-24T20:12:21","slug":"ennahdha-se-dit-profondement-preoccupe-par-la-prolongation-des-mesures-exceptionnelles-du-25-juillet","status":"publish","type":"post","link":"https:\/\/kapitalis.com\/tunisie\/2021\/08\/24\/ennahdha-se-dit-profondement-preoccupe-par-la-prolongation-des-mesures-exceptionnelles-du-25-juillet\/","title":{"rendered":"Ennahdha se dit \u00abprofond\u00e9ment pr\u00e9occup\u00e9\u00bb par la prolongation des mesures exceptionnelles du 25 juillet"},"content":{"rendered":"\n<div class=\"wp-block-image\"><figure class=\"aligncenter size-large\"><img decoding=\"async\" src=\"http:\/\/kapitalis.com\/tunisie\/wp-content\/uploads\/2021\/07\/Ghannouchi-25-juillet-2021.jpg\" alt=\"\" class=\"wp-image-357718\"\/><\/figure><\/div>\n\n\n\n<p><strong><em>Le parti islamiste Ennahdha a exprim\u00e9 dans la soir\u00e9e de ce mardi 24 ao\u00fbt 2021, sa \u00abprofonde pr\u00e9occupation\u00bb apr\u00e8s que le pr\u00e9sident de la R\u00e9publique, Ka\u00efs Sa\u00efed ait d\u00e9cid\u00e9 de prolonger, jusqu&rsquo;\u00e0 nouvel ordre, les mesures exceptionnelles du 25 juillet, dont le gel des activit\u00e9s de l&rsquo;Assembl\u00e9e et la lev\u00e9e de l&rsquo;immunit\u00e9 parlementaire<\/em><\/strong>.<\/p>\n\n\n\n<!--more-->\n\n\n\n<p>Dans son communiqu\u00e9,  le parti de Rached Ghannouchi estime que les dites mesures annonc\u00e9es, il y a un mois, par le pr\u00e9sident Saied vont contre l&rsquo;article 80 de la Constitution, tout en se disant de ce fait, <em>\u00abinquiet pour l&rsquo;avenir du pays<\/em>\u00bb et a de nouveau appel\u00e9 au dialogue et \u00e0 la nomination d&rsquo;un nouveau chef du gouvernement, en remplacement \u00e0 Hichem Mechichi (qui pour sa part avait \u00ab<em>accept\u00e9<\/em>\u00bb son limogeage par le chef de l&rsquo;Etat en affirmant avoir <em>\u00abchoisi du c\u00f4t\u00e9 de la volont\u00e9 du peuple\u00bb, Ndlr).<\/em><\/p>\n\n\n\n<p><em>\u00abLe dialogue est la seule voie pour trouver des solution aux probl\u00e8mes du pays\u00bb<\/em>, ajoute le communiqu\u00e9 d&rsquo;Ennahdha en indiquant, par ailleurs, que le chef du gouvernement qui devra \u00eatre choisi par le pr\u00e9sident <em>\u00abdevra \u00eatre pr\u00e9sent\u00e9, avec son \u00e9quipe, au Parlement pour obtenir la confiance des d\u00e9put\u00e9s\u00bb<\/em>.<\/p>\n\n\n\n<p>Le parti, dont le bureau ex\u00e9cutif vient d&rsquo;\u00eatre dissous hier par Ghannouchi, a \u00e9galement appel\u00e9 \u00e0 mettre fin \u00e0 ce qu&rsquo;il a qualifi\u00e9 d&rsquo;abus, citant, l&rsquo;interdiction de voyage, l&rsquo;assignation \u00e0 r\u00e9sidence et une atteinte \u00e0 la libert\u00e9 d&rsquo;expression\u2026<\/p>\n\n\n\n<p class=\"has-text-align-right\"><strong>Y. N.<\/strong><\/p>\n\n\n\n<figure class=\"wp-block-embed is-type-wp-embed is-provider-kapitalis wp-block-embed-kapitalis\"><div class=\"wp-block-embed__wrapper\">\n<blockquote class=\"wp-embedded-content\" data-secret=\"PM8mjICsnr\"><a href=\"https:\/\/kapitalis.com\/tunisie\/2021\/08\/24\/tunisie-la-presidence-annonce-la-prolongation-des-mesures-exceptionnelles-du-25-juillet\/\">Tunisie : La pr\u00e9sidence annonce la prolongation des mesures exceptionnelles du 25 juillet<\/a><\/blockquote><iframe loading=\"lazy\" class=\"wp-embedded-content\" sandbox=\"allow-scripts\" security=\"restricted\" style=\"position: absolute; clip: rect(1px, 1px, 1px, 1px);\" title=\"\u00ab\u00a0Tunisie : La pr\u00e9sidence annonce la prolongation des mesures exceptionnelles du 25 juillet\u00a0\u00bb &#8212; Kapitalis\" src=\"https:\/\/kapitalis.com\/tunisie\/2021\/08\/24\/tunisie-la-presidence-annonce-la-prolongation-des-mesures-exceptionnelles-du-25-juillet\/embed\/#?secret=ZizEdagUsc#?secret=PM8mjICsnr\" data-secret=\"PM8mjICsnr\" width=\"600\" height=\"338\" frameborder=\"0\" marginwidth=\"0\" marginheight=\"0\" scrolling=\"no\"><\/iframe>\n<\/div><\/figure>\n\n\n\n<figure class=\"wp-block-embed is-type-wp-embed is-provider-kapitalis wp-block-embed-kapitalis\"><div class=\"wp-block-embed__wrapper\">\n<blockquote class=\"wp-embedded-content\" data-secret=\"ptXWymXwg8\"><a href=\"https:\/\/kapitalis.com\/tunisie\/2021\/08\/24\/tunisie-ghannouchi-limoge-tous-les-membres-du-bureau-executif-dennahdha\/\">Tunisie : Ghannouchi limoge tous les membres du bureau ex\u00e9cutif d&rsquo;Ennahdha<\/a><\/blockquote><iframe loading=\"lazy\" class=\"wp-embedded-content\" sandbox=\"allow-scripts\" security=\"restricted\" style=\"position: absolute; clip: rect(1px, 1px, 1px, 1px);\" title=\"\u00ab\u00a0Tunisie : Ghannouchi limoge tous les membres du bureau ex\u00e9cutif d&rsquo;Ennahdha\u00a0\u00bb &#8212; Kapitalis\" src=\"https:\/\/kapitalis.com\/tunisie\/2021\/08\/24\/tunisie-ghannouchi-limoge-tous-les-membres-du-bureau-executif-dennahdha\/embed\/#?secret=KT7fb2Cvpv#?secret=ptXWymXwg8\" data-secret=\"ptXWymXwg8\" width=\"600\" height=\"338\" frameborder=\"0\" marginwidth=\"0\" marginheight=\"0\" scrolling=\"no\"><\/iframe>\n<\/div><\/figure>\n","protected":false},"excerpt":{"rendered":"<p>Le parti islamiste Ennahdha a exprim\u00e9 dans la soir\u00e9e de ce mardi 24 ao\u00fbt 2021, sa \u00abprofonde pr\u00e9occupation\u00bb apr\u00e8s que le pr\u00e9sident de la R\u00e9publique, Ka\u00efs Sa\u00efed ait d\u00e9cid\u00e9 de prolonger, jusqu&rsquo;\u00e0 nouvel ordre, les mesures exceptionnelles du 25 juillet, dont le gel des activit\u00e9s de l&rsquo;Assembl\u00e9e et la lev\u00e9e de l&rsquo;immunit\u00e9 parlementaire.<\/p>\n","protected":false},"author":6,"featured_media":0,"comment_status":"open","ping_status":"open","sticky":false,"template":"","format":"standard","meta":{"footnotes":""},"categories":[997,2433],"tags":[76920,49543,92886,413,467,5848,1312,87935],"class_list":["post-360431","post","type-post","status-publish","format-standard","hentry","category-politique","category-tunisie","tag-25-juillet","tag-ennahdha","tag-gel-assemblee","tag-ghannouchi","tag-immunite-parlementaire","tag-parlement","tag-parti-islamiste","tag-saied-2"],"yoast_head":"<!-- This site is optimized with the Yoast SEO plugin v26.6 - https:\/\/yoast.com\/wordpress\/plugins\/seo\/ -->\n<title>Ennahdha se dit \u00abprofond\u00e9ment pr\u00e9occup\u00e9\u00bb par la prolongation des mesures exceptionnelles du 25 juillet - Kapitalis<\/title>\n<meta name=\"robots\" content=\"index, follow, max-snippet:-1, max-image-preview:large, max-video-preview:-1\" \/>\n<link rel=\"canonical\" href=\"https:\/\/kapitalis.com\/tunisie\/2021\/08\/24\/ennahdha-se-dit-profondement-preoccupe-par-la-prolongation-des-mesures-exceptionnelles-du-25-juillet\/\" \/>\n<meta property=\"og:locale\" content=\"fr_FR\" \/>\n<meta property=\"og:type\" content=\"article\" \/>\n<meta property=\"og:title\" content=\"Ennahdha se dit \u00abprofond\u00e9ment pr\u00e9occup\u00e9\u00bb par la prolongation des mesures exceptionnelles du 25 juillet - Kapitalis\" \/>\n<meta property=\"og:description\" content=\"Le parti islamiste Ennahdha a exprim\u00e9 dans la soir\u00e9e de ce mardi 24 ao\u00fbt 2021, sa \u00abprofonde pr\u00e9occupation\u00bb apr\u00e8s que le pr\u00e9sident de la R\u00e9publique, Ka\u00efs Sa\u00efed ait d\u00e9cid\u00e9 de prolonger, jusqu&rsquo;\u00e0 nouvel ordre, les mesures exceptionnelles du 25 juillet, dont le gel des activit\u00e9s de l&rsquo;Assembl\u00e9e et la lev\u00e9e de l&rsquo;immunit\u00e9 parlementaire.\" \/>\n<meta property=\"og:url\" content=\"https:\/\/kapitalis.com\/tunisie\/2021\/08\/24\/ennahdha-se-dit-profondement-preoccupe-par-la-prolongation-des-mesures-exceptionnelles-du-25-juillet\/\" \/>\n<meta property=\"og:site_name\" content=\"Kapitalis\" \/>\n<meta property=\"article:publisher\" content=\"https:\/\/www.facebook.com\/KapitalisInfo\/\" \/>\n<meta property=\"article:published_time\" content=\"2021-08-24T20:07:38+00:00\" \/>\n<meta property=\"article:modified_time\" content=\"2021-08-24T20:12:21+00:00\" \/>\n<meta property=\"og:image\" content=\"http:\/\/kapitalis.com\/tunisie\/wp-content\/uploads\/2021\/07\/Ghannouchi-25-juillet-2021.jpg\" \/>\n<meta name=\"author\" content=\"Yusra NY\" \/>\n<meta name=\"twitter:card\" content=\"summary_large_image\" \/>\n<meta name=\"twitter:creator\" content=\"@KapitalisInfo\" \/>\n<meta name=\"twitter:site\" content=\"@KapitalisInfo\" \/>\n<meta name=\"twitter:label1\" content=\"\u00c9crit par\" \/>\n\t<meta name=\"twitter:data1\" content=\"Yusra NY\" \/>\n\t<meta name=\"twitter:label2\" content=\"Dur\u00e9e de lecture estim\u00e9e\" \/>\n\t<meta name=\"twitter:data2\" content=\"1 minute\" \/>\n<script type=\"application\/ld+json\" class=\"yoast-schema-graph\">{\"@context\":\"https:\/\/schema.org\",\"@graph\":[{\"@type\":\"Article\",\"@id\":\"https:\/\/kapitalis.com\/tunisie\/2021\/08\/24\/ennahdha-se-dit-profondement-preoccupe-par-la-prolongation-des-mesures-exceptionnelles-du-25-juillet\/#article\",\"isPartOf\":{\"@id\":\"https:\/\/kapitalis.com\/tunisie\/2021\/08\/24\/ennahdha-se-dit-profondement-preoccupe-par-la-prolongation-des-mesures-exceptionnelles-du-25-juillet\/\"},\"author\":{\"name\":\"Yusra NY\",\"@id\":\"https:\/\/kapitalis.com\/tunisie\/#\/schema\/person\/74bbde0154d49d790a92aaeac5bc01d5\"},\"headline\":\"Ennahdha se dit \u00abprofond\u00e9ment pr\u00e9occup\u00e9\u00bb par la prolongation des mesures exceptionnelles du 25 juillet\",\"datePublished\":\"2021-08-24T20:07:38+00:00\",\"dateModified\":\"2021-08-24T20:12:21+00:00\",\"mainEntityOfPage\":{\"@id\":\"https:\/\/kapitalis.com\/tunisie\/2021\/08\/24\/ennahdha-se-dit-profondement-preoccupe-par-la-prolongation-des-mesures-exceptionnelles-du-25-juillet\/\"},\"wordCount\":268,\"commentCount\":4,\"publisher\":{\"@id\":\"https:\/\/kapitalis.com\/tunisie\/#organization\"},\"image\":{\"@id\":\"https:\/\/kapitalis.com\/tunisie\/2021\/08\/24\/ennahdha-se-dit-profondement-preoccupe-par-la-prolongation-des-mesures-exceptionnelles-du-25-juillet\/#primaryimage\"},\"thumbnailUrl\":\"http:\/\/kapitalis.com\/tunisie\/wp-content\/uploads\/2021\/07\/Ghannouchi-25-juillet-2021.jpg\",\"keywords\":[\"25 juillet\",\"Ennahdha\",\"gel Assembl\u00e9e\",\"ghannouchi\",\"immunit\u00e9 parlementaire\",\"parlement\",\"parti islamiste\",\"Sa\u00efed\"],\"articleSection\":[\"POLITIQUE\",\"Tunisie\"],\"inLanguage\":\"fr-FR\",\"potentialAction\":[{\"@type\":\"CommentAction\",\"name\":\"Comment\",\"target\":[\"https:\/\/kapitalis.com\/tunisie\/2021\/08\/24\/ennahdha-se-dit-profondement-preoccupe-par-la-prolongation-des-mesures-exceptionnelles-du-25-juillet\/#respond\"]}]},{\"@type\":\"WebPage\",\"@id\":\"https:\/\/kapitalis.com\/tunisie\/2021\/08\/24\/ennahdha-se-dit-profondement-preoccupe-par-la-prolongation-des-mesures-exceptionnelles-du-25-juillet\/\",\"url\":\"https:\/\/kapitalis.com\/tunisie\/2021\/08\/24\/ennahdha-se-dit-profondement-preoccupe-par-la-prolongation-des-mesures-exceptionnelles-du-25-juillet\/\",\"name\":\"Ennahdha se dit \u00abprofond\u00e9ment pr\u00e9occup\u00e9\u00bb par la prolongation des mesures exceptionnelles du 25 juillet - Kapitalis\",\"isPartOf\":{\"@id\":\"https:\/\/kapitalis.com\/tunisie\/#website\"},\"primaryImageOfPage\":{\"@id\":\"https:\/\/kapitalis.com\/tunisie\/2021\/08\/24\/ennahdha-se-dit-profondement-preoccupe-par-la-prolongation-des-mesures-exceptionnelles-du-25-juillet\/#primaryimage\"},\"image\":{\"@id\":\"https:\/\/kapitalis.com\/tunisie\/2021\/08\/24\/ennahdha-se-dit-profondement-preoccupe-par-la-prolongation-des-mesures-exceptionnelles-du-25-juillet\/#primaryimage\"},\"thumbnailUrl\":\"http:\/\/kapitalis.com\/tunisie\/wp-content\/uploads\/2021\/07\/Ghannouchi-25-juillet-2021.jpg\",\"datePublished\":\"2021-08-24T20:07:38+00:00\",\"dateModified\":\"2021-08-24T20:12:21+00:00\",\"breadcrumb\":{\"@id\":\"https:\/\/kapitalis.com\/tunisie\/2021\/08\/24\/ennahdha-se-dit-profondement-preoccupe-par-la-prolongation-des-mesures-exceptionnelles-du-25-juillet\/#breadcrumb\"},\"inLanguage\":\"fr-FR\",\"potentialAction\":[{\"@type\":\"ReadAction\",\"target\":[\"https:\/\/kapitalis.com\/tunisie\/2021\/08\/24\/ennahdha-se-dit-profondement-preoccupe-par-la-prolongation-des-mesures-exceptionnelles-du-25-juillet\/\"]}]},{\"@type\":\"ImageObject\",\"inLanguage\":\"fr-FR\",\"@id\":\"https:\/\/kapitalis.com\/tunisie\/2021\/08\/24\/ennahdha-se-dit-profondement-preoccupe-par-la-prolongation-des-mesures-exceptionnelles-du-25-juillet\/#primaryimage\",\"url\":\"\",\"contentUrl\":\"\"},{\"@type\":\"BreadcrumbList\",\"@id\":\"https:\/\/kapitalis.com\/tunisie\/2021\/08\/24\/ennahdha-se-dit-profondement-preoccupe-par-la-prolongation-des-mesures-exceptionnelles-du-25-juillet\/#breadcrumb\",\"itemListElement\":[{\"@type\":\"ListItem\",\"position\":1,\"name\":\"Accueil\",\"item\":\"https:\/\/kapitalis.com\/tunisie\/\"},{\"@type\":\"ListItem\",\"position\":2,\"name\":\"Ennahdha se dit \u00abprofond\u00e9ment pr\u00e9occup\u00e9\u00bb par la prolongation des mesures exceptionnelles du 25 juillet\"}]},{\"@type\":\"WebSite\",\"@id\":\"https:\/\/kapitalis.com\/tunisie\/#website\",\"url\":\"https:\/\/kapitalis.com\/tunisie\/\",\"name\":\"Kapitalis\",\"description\":\"L&#039;actualit\u00e9 en Tunisie et dans le monde\",\"publisher\":{\"@id\":\"https:\/\/kapitalis.com\/tunisie\/#organization\"},\"potentialAction\":[{\"@type\":\"SearchAction\",\"target\":{\"@type\":\"EntryPoint\",\"urlTemplate\":\"https:\/\/kapitalis.com\/tunisie\/?s={search_term_string}\"},\"query-input\":{\"@type\":\"PropertyValueSpecification\",\"valueRequired\":true,\"valueName\":\"search_term_string\"}}],\"inLanguage\":\"fr-FR\"},{\"@type\":\"Organization\",\"@id\":\"https:\/\/kapitalis.com\/tunisie\/#organization\",\"name\":\"Kapitalis\",\"url\":\"https:\/\/kapitalis.com\/tunisie\/\",\"logo\":{\"@type\":\"ImageObject\",\"inLanguage\":\"fr-FR\",\"@id\":\"https:\/\/kapitalis.com\/tunisie\/#\/schema\/logo\/image\/\",\"url\":\"https:\/\/kapitalis.com\/tunisie\/wp-content\/uploads\/2022\/05\/Kapitalis-big-size.png\",\"contentUrl\":\"https:\/\/kapitalis.com\/tunisie\/wp-content\/uploads\/2022\/05\/Kapitalis-big-size.png\",\"width\":5000,\"height\":1500,\"caption\":\"Kapitalis\"},\"image\":{\"@id\":\"https:\/\/kapitalis.com\/tunisie\/#\/schema\/logo\/image\/\"},\"sameAs\":[\"https:\/\/www.facebook.com\/KapitalisInfo\/\",\"https:\/\/x.com\/KapitalisInfo\",\"https:\/\/www.youtube.com\/channel\/UC-yDYrHyfFBWWZaOw3FPg9Q\"]},{\"@type\":\"Person\",\"@id\":\"https:\/\/kapitalis.com\/tunisie\/#\/schema\/person\/74bbde0154d49d790a92aaeac5bc01d5\",\"name\":\"Yusra NY\",\"url\":\"https:\/\/kapitalis.com\/tunisie\/author\/yuza_adam\/\"}]}<\/script>\n<!-- \/ Yoast SEO plugin. -->","yoast_head_json":{"title":"Ennahdha se dit \u00abprofond\u00e9ment pr\u00e9occup\u00e9\u00bb par la prolongation des mesures exceptionnelles du 25 juillet - Kapitalis","robots":{"index":"index","follow":"follow","max-snippet":"max-snippet:-1","max-image-preview":"max-image-preview:large","max-video-preview":"max-video-preview:-1"},"canonical":"https:\/\/kapitalis.com\/tunisie\/2021\/08\/24\/ennahdha-se-dit-profondement-preoccupe-par-la-prolongation-des-mesures-exceptionnelles-du-25-juillet\/","og_locale":"fr_FR","og_type":"article","og_title":"Ennahdha se dit \u00abprofond\u00e9ment pr\u00e9occup\u00e9\u00bb par la prolongation des mesures exceptionnelles du 25 juillet - Kapitalis","og_description":"Le parti islamiste Ennahdha a exprim\u00e9 dans la soir\u00e9e de ce mardi 24 ao\u00fbt 2021, sa \u00abprofonde pr\u00e9occupation\u00bb apr\u00e8s que le pr\u00e9sident de la R\u00e9publique, Ka\u00efs Sa\u00efed ait d\u00e9cid\u00e9 de prolonger, jusqu&rsquo;\u00e0 nouvel ordre, les mesures exceptionnelles du 25 juillet, dont le gel des activit\u00e9s de l&rsquo;Assembl\u00e9e et la lev\u00e9e de l&rsquo;immunit\u00e9 parlementaire.","og_url":"https:\/\/kapitalis.com\/tunisie\/2021\/08\/24\/ennahdha-se-dit-profondement-preoccupe-par-la-prolongation-des-mesures-exceptionnelles-du-25-juillet\/","og_site_name":"Kapitalis","article_publisher":"https:\/\/www.facebook.com\/KapitalisInfo\/","article_published_time":"2021-08-24T20:07:38+00:00","article_modified_time":"2021-08-24T20:12:21+00:00","og_image":[{"url":"http:\/\/kapitalis.com\/tunisie\/wp-content\/uploads\/2021\/07\/Ghannouchi-25-juillet-2021.jpg","type":"","width":"","height":""}],"author":"Yusra NY","twitter_card":"summary_large_image","twitter_creator":"@KapitalisInfo","twitter_site":"@KapitalisInfo","twitter_misc":{"\u00c9crit par":"Yusra NY","Dur\u00e9e de lecture estim\u00e9e":"1 minute"},"schema":{"@context":"https:\/\/schema.org","@graph":[{"@type":"Article","@id":"https:\/\/kapitalis.com\/tunisie\/2021\/08\/24\/ennahdha-se-dit-profondement-preoccupe-par-la-prolongation-des-mesures-exceptionnelles-du-25-juillet\/#article","isPartOf":{"@id":"https:\/\/kapitalis.com\/tunisie\/2021\/08\/24\/ennahdha-se-dit-profondement-preoccupe-par-la-prolongation-des-mesures-exceptionnelles-du-25-juillet\/"},"author":{"name":"Yusra NY","@id":"https:\/\/kapitalis.com\/tunisie\/#\/schema\/person\/74bbde0154d49d790a92aaeac5bc01d5"},"headline":"Ennahdha se dit \u00abprofond\u00e9ment pr\u00e9occup\u00e9\u00bb par la prolongation des mesures exceptionnelles du 25 juillet","datePublished":"2021-08-24T20:07:38+00:00","dateModified":"2021-08-24T20:12:21+00:00","mainEntityOfPage":{"@id":"https:\/\/kapitalis.com\/tunisie\/2021\/08\/24\/ennahdha-se-dit-profondement-preoccupe-par-la-prolongation-des-mesures-exceptionnelles-du-25-juillet\/"},"wordCount":268,"commentCount":4,"publisher":{"@id":"https:\/\/kapitalis.com\/tunisie\/#organization"},"image":{"@id":"https:\/\/kapitalis.com\/tunisie\/2021\/08\/24\/ennahdha-se-dit-profondement-preoccupe-par-la-prolongation-des-mesures-exceptionnelles-du-25-juillet\/#primaryimage"},"thumbnailUrl":"http:\/\/kapitalis.com\/tunisie\/wp-content\/uploads\/2021\/07\/Ghannouchi-25-juillet-2021.jpg","keywords":["25 juillet","Ennahdha","gel Assembl\u00e9e","ghannouchi","immunit\u00e9 parlementaire","parlement","parti islamiste","Sa\u00efed"],"articleSection":["POLITIQUE","Tunisie"],"inLanguage":"fr-FR","potentialAction":[{"@type":"CommentAction","name":"Comment","target":["https:\/\/kapitalis.com\/tunisie\/2021\/08\/24\/ennahdha-se-dit-profondement-preoccupe-par-la-prolongation-des-mesures-exceptionnelles-du-25-juillet\/#respond"]}]},{"@type":"WebPage","@id":"https:\/\/kapitalis.com\/tunisie\/2021\/08\/24\/ennahdha-se-dit-profondement-preoccupe-par-la-prolongation-des-mesures-exceptionnelles-du-25-juillet\/","url":"https:\/\/kapitalis.com\/tunisie\/2021\/08\/24\/ennahdha-se-dit-profondement-preoccupe-par-la-prolongation-des-mesures-exceptionnelles-du-25-juillet\/","name":"Ennahdha se dit \u00abprofond\u00e9ment pr\u00e9occup\u00e9\u00bb par la prolongation des mesures exceptionnelles du 25 juillet - Kapitalis","isPartOf":{"@id":"https:\/\/kapitalis.com\/tunisie\/#website"},"primaryImageOfPage":{"@id":"https:\/\/kapitalis.com\/tunisie\/2021\/08\/24\/ennahdha-se-dit-profondement-preoccupe-par-la-prolongation-des-mesures-exceptionnelles-du-25-juillet\/#primaryimage"},"image":{"@id":"https:\/\/kapitalis.com\/tunisie\/2021\/08\/24\/ennahdha-se-dit-profondement-preoccupe-par-la-prolongation-des-mesures-exceptionnelles-du-25-juillet\/#primaryimage"},"thumbnailUrl":"http:\/\/kapitalis.com\/tunisie\/wp-content\/uploads\/2021\/07\/Ghannouchi-25-juillet-2021.jpg","datePublished":"2021-08-24T20:07:38+00:00","dateModified":"2021-08-24T20:12:21+00:00","breadcrumb":{"@id":"https:\/\/kapitalis.com\/tunisie\/2021\/08\/24\/ennahdha-se-dit-profondement-preoccupe-par-la-prolongation-des-mesures-exceptionnelles-du-25-juillet\/#breadcrumb"},"inLanguage":"fr-FR","potentialAction":[{"@type":"ReadAction","target":["https:\/\/kapitalis.com\/tunisie\/2021\/08\/24\/ennahdha-se-dit-profondement-preoccupe-par-la-prolongation-des-mesures-exceptionnelles-du-25-juillet\/"]}]},{"@type":"ImageObject","inLanguage":"fr-FR","@id":"https:\/\/kapitalis.com\/tunisie\/2021\/08\/24\/ennahdha-se-dit-profondement-preoccupe-par-la-prolongation-des-mesures-exceptionnelles-du-25-juillet\/#primaryimage","url":"","contentUrl":""},{"@type":"BreadcrumbList","@id":"https:\/\/kapitalis.com\/tunisie\/2021\/08\/24\/ennahdha-se-dit-profondement-preoccupe-par-la-prolongation-des-mesures-exceptionnelles-du-25-juillet\/#breadcrumb","itemListElement":[{"@type":"ListItem","position":1,"name":"Accueil","item":"https:\/\/kapitalis.com\/tunisie\/"},{"@type":"ListItem","position":2,"name":"Ennahdha se dit \u00abprofond\u00e9ment pr\u00e9occup\u00e9\u00bb par la prolongation des mesures exceptionnelles du 25 juillet"}]},{"@type":"WebSite","@id":"https:\/\/kapitalis.com\/tunisie\/#website","url":"https:\/\/kapitalis.com\/tunisie\/","name":"Kapitalis","description":"L&#039;actualit\u00e9 en Tunisie et dans le monde","publisher":{"@id":"https:\/\/kapitalis.com\/tunisie\/#organization"},"potentialAction":[{"@type":"SearchAction","target":{"@type":"EntryPoint","urlTemplate":"https:\/\/kapitalis.com\/tunisie\/?s={search_term_string}"},"query-input":{"@type":"PropertyValueSpecification","valueRequired":true,"valueName":"search_term_string"}}],"inLanguage":"fr-FR"},{"@type":"Organization","@id":"https:\/\/kapitalis.com\/tunisie\/#organization","name":"Kapitalis","url":"https:\/\/kapitalis.com\/tunisie\/","logo":{"@type":"ImageObject","inLanguage":"fr-FR","@id":"https:\/\/kapitalis.com\/tunisie\/#\/schema\/logo\/image\/","url":"https:\/\/kapitalis.com\/tunisie\/wp-content\/uploads\/2022\/05\/Kapitalis-big-size.png","contentUrl":"https:\/\/kapitalis.com\/tunisie\/wp-content\/uploads\/2022\/05\/Kapitalis-big-size.png","width":5000,"height":1500,"caption":"Kapitalis"},"image":{"@id":"https:\/\/kapitalis.com\/tunisie\/#\/schema\/logo\/image\/"},"sameAs":["https:\/\/www.facebook.com\/KapitalisInfo\/","https:\/\/x.com\/KapitalisInfo","https:\/\/www.youtube.com\/channel\/UC-yDYrHyfFBWWZaOw3FPg9Q"]},{"@type":"Person","@id":"https:\/\/kapitalis.com\/tunisie\/#\/schema\/person\/74bbde0154d49d790a92aaeac5bc01d5","name":"Yusra NY","url":"https:\/\/kapitalis.com\/tunisie\/author\/yuza_adam\/"}]}},"_links":{"self":[{"href":"https:\/\/kapitalis.com\/tunisie\/wp-json\/wp\/v2\/posts\/360431","targetHints":{"allow":["GET"]}}],"collection":[{"href":"https:\/\/kapitalis.com\/tunisie\/wp-json\/wp\/v2\/posts"}],"about":[{"href":"https:\/\/kapitalis.com\/tunisie\/wp-json\/wp\/v2\/types\/post"}],"author":[{"embeddable":true,"href":"https:\/\/kapitalis.com\/tunisie\/wp-json\/wp\/v2\/users\/6"}],"replies":[{"embeddable":true,"href":"https:\/\/kapitalis.com\/tunisie\/wp-json\/wp\/v2\/comments?post=360431"}],"version-history":[{"count":0,"href":"https:\/\/kapitalis.com\/tunisie\/wp-json\/wp\/v2\/posts\/360431\/revisions"}],"wp:attachment":[{"href":"https:\/\/kapitalis.com\/tunisie\/wp-json\/wp\/v2\/media?parent=360431"}],"wp:term":[{"taxonomy":"category","embeddable":true,"href":"https:\/\/kapitalis.com\/tunisie\/wp-json\/wp\/v2\/categories?post=360431"},{"taxonomy":"post_tag","embeddable":true,"href":"https:\/\/kapitalis.com\/tunisie\/wp-json\/wp\/v2\/tags?post=360431"}],"curies":[{"name":"wp","href":"https:\/\/api.w.org\/{rel}","templated":true}]}}