{"id":360601,"date":"2021-08-26T17:08:46","date_gmt":"2021-08-26T16:08:46","guid":{"rendered":"http:\/\/kapitalis.com\/tunisie\/?p=360601"},"modified":"2021-08-26T21:00:04","modified_gmt":"2021-08-26T20:00:04","slug":"goumani-se-desolidarise-de-chebbi-le-depute-ennahdha-qui-a-porte-plainte-contre-saied-cela-nengage-pas-le-parti","status":"publish","type":"post","link":"https:\/\/kapitalis.com\/tunisie\/2021\/08\/26\/goumani-se-desolidarise-de-chebbi-le-depute-ennahdha-qui-a-porte-plainte-contre-saied-cela-nengage-pas-le-parti\/","title":{"rendered":"Goumani se d\u00e9solidarise de Chebbi, le d\u00e9put\u00e9 Ennahdha qui a port\u00e9 plainte contre Sa\u00efed : \u00abCela n&rsquo;engage pas le parti !\u00bb"},"content":{"rendered":"\n<div class=\"wp-block-image\"><figure class=\"aligncenter size-large\"><img decoding=\"async\" src=\"http:\/\/kapitalis.com\/tunisie\/wp-content\/uploads\/2021\/08\/Becher-Chebbi.jpg\" alt=\"\" class=\"wp-image-360608\"\/><figcaption><em>Becher Chebbi<\/em>.<\/figcaption><\/figure><\/div>\n\n\n\n<p><strong><em>Le d\u00e9put\u00e9 Mohamed Goumani, qui pr\u00e9side le comit\u00e9 de gestion de la crise politique du parti islamiste Ennahdha a comment\u00e9, ce jeudi 26 ao\u00fbt 2021, la plainte d\u00e9pos\u00e9e par son coll\u00e8gue, l&rsquo;\u00e9lu nahdhaoui et avocat de son \u00e9tat Becher Chebbi<\/em><\/strong> <strong><em>contre le pr\u00e9sident de la r\u00e9publique Ka\u00efs Sa\u00efed, notamment suite aux mesures exceptionnelles d\u00e9cid\u00e9es le 25 juillet dernier, comprenant notamment le gel des activit\u00e9s de l&rsquo;Assembl\u00e9e et la lev\u00e9e de l&rsquo;immunit\u00e9 des parlementaires.<\/em><\/strong><\/p>\n\n\n\n<!--more-->\n\n\n\n<p><em>\u00abCette plainte va contre les orientations du comit\u00e9 de gestion de la crise politique du parti et n&rsquo;engage que le d\u00e9put\u00e9 et avocat Becher Chebbi<\/em>\u00bb, a \u00e9crit Goumani dans un post publi\u00e9 sur sa page Facebook.<\/p>\n\n\n\n<p>Mohamed Goumani a insist\u00e9 en \u00e9crivant : \u00ab<em>Ainsi ladite plainte est personnelle et n&rsquo;engage pas le parti, qui a d\u00e9j\u00e0 exprim\u00e9 des positions diff\u00e9rentes\u00bb.<\/em><\/p>\n\n\n\n<div class=\"wp-block-image\"><figure class=\"aligncenter size-large is-resized\"><img decoding=\"async\" src=\"http:\/\/kapitalis.com\/tunisie\/wp-content\/uploads\/2021\/07\/Goumani.jpg\" alt=\"\" class=\"wp-image-357797\" width=\"500\"\/><figcaption><em>Mohamed Goumani.<\/em><\/figcaption><\/figure><\/div>\n\n\n\n<p>Rappelons que d&rsquo;apr\u00e8s un document publi\u00e9 par le juge Hamadi Rahmani, le d\u00e9put\u00e9 Ennahdha a port\u00e9 plainte contre Ka\u00efs Sa\u00efed, lui reprochant des abus et citant notamment : \u00ab<em>la fermeture du parlement en utilisant des chars et des armes lourdes, l&rsquo;atteinte aux magistrats dans le but d&rsquo;avoir la mainmise sur le pouvoir judiciaire, la mise en r\u00e9sidence surveill\u00e9e de juges et de politiciens, et l&rsquo;utilisation de la justice militaire avec des civils\u00bb.<\/em>&#8230; et estimant de ce fait que les mesures exceptionnelles d\u00e9cid\u00e9es par le pr\u00e9sident de la r\u00e9publique <em>\u00abvont contre la constitution mettent en danger les droits, les libert\u00e9s et la d\u00e9mocratie et s&rsquo;apparentent \u00e0 un coup d\u2019\u00c9tat<\/em>\u00bb.<\/p>\n\n\n\n<p class=\"has-text-align-right\"><strong>Y. N.<\/strong><\/p>\n\n\n\n<figure class=\"wp-block-embed is-type-wp-embed is-provider-kapitalis wp-block-embed-kapitalis\"><div class=\"wp-block-embed__wrapper\">\n<blockquote class=\"wp-embedded-content\" data-secret=\"WobxIu43rb\"><a href=\"https:\/\/kapitalis.com\/tunisie\/2021\/07\/29\/le-depute-ennahdha-mohamed-goumani-estime-que-son-parti-doit-sexcuser-aupres-du-peuple-tunisien-qui-lui-a-donne-plus-dune-chance\/\">Le d\u00e9put\u00e9 Ennahdha Mohamed Goumani estime que son parti doit \u00abs&rsquo;excuser aupr\u00e8s du peuple tunisien, qui lui a donn\u00e9 plus d\u2019une chance\u00bb<\/a><\/blockquote><iframe loading=\"lazy\" class=\"wp-embedded-content\" sandbox=\"allow-scripts\" security=\"restricted\" style=\"position: absolute; clip: rect(1px, 1px, 1px, 1px);\" title=\"\u00ab\u00a0Le d\u00e9put\u00e9 Ennahdha Mohamed Goumani estime que son parti doit \u00abs&rsquo;excuser aupr\u00e8s du peuple tunisien, qui lui a donn\u00e9 plus d\u2019une chance\u00bb\u00a0\u00bb &#8212; Kapitalis\" src=\"https:\/\/kapitalis.com\/tunisie\/2021\/07\/29\/le-depute-ennahdha-mohamed-goumani-estime-que-son-parti-doit-sexcuser-aupres-du-peuple-tunisien-qui-lui-a-donne-plus-dune-chance\/embed\/#?secret=7yhWy2vOL1#?secret=WobxIu43rb\" data-secret=\"WobxIu43rb\" width=\"600\" height=\"338\" frameborder=\"0\" marginwidth=\"0\" marginheight=\"0\" scrolling=\"no\"><\/iframe>\n<\/div><\/figure>\n\n\n\n<figure class=\"wp-block-embed is-type-wp-embed is-provider-kapitalis wp-block-embed-kapitalis\"><div class=\"wp-block-embed__wrapper\">\n<blockquote class=\"wp-embedded-content\" data-secret=\"6Q5w24doFt\"><a href=\"https:\/\/kapitalis.com\/tunisie\/2021\/08\/16\/mohamed-goumani-la-position-dennahdha-concernant-les-mesures-du-25-juillet-a-evolue\/\">Mohamed Goumani : \u00abLa position d&rsquo;Ennahdha concernant les mesures du 25 juillet a \u00e9volu\u00e9\u00bb<\/a><\/blockquote><iframe loading=\"lazy\" class=\"wp-embedded-content\" sandbox=\"allow-scripts\" security=\"restricted\" style=\"position: absolute; clip: rect(1px, 1px, 1px, 1px);\" title=\"\u00ab\u00a0Mohamed Goumani : \u00abLa position d&rsquo;Ennahdha concernant les mesures du 25 juillet a \u00e9volu\u00e9\u00bb\u00a0\u00bb &#8212; Kapitalis\" src=\"https:\/\/kapitalis.com\/tunisie\/2021\/08\/16\/mohamed-goumani-la-position-dennahdha-concernant-les-mesures-du-25-juillet-a-evolue\/embed\/#?secret=Le4xe661Ma#?secret=6Q5w24doFt\" data-secret=\"6Q5w24doFt\" width=\"600\" height=\"338\" frameborder=\"0\" marginwidth=\"0\" marginheight=\"0\" scrolling=\"no\"><\/iframe>\n<\/div><\/figure>\n","protected":false},"excerpt":{"rendered":"<p>Le d\u00e9put\u00e9 Mohamed Goumani, qui pr\u00e9side le comit\u00e9 de gestion de la crise politique du parti islamiste Ennahdha a comment\u00e9, ce jeudi 26 ao\u00fbt 2021, la plainte d\u00e9pos\u00e9e par son coll\u00e8gue, l&rsquo;\u00e9lu nahdhaoui et avocat de son \u00e9tat Becher Chebbi contre le pr\u00e9sident de la r\u00e9publique Ka\u00efs Sa\u00efed, notamment suite aux mesures exceptionnelles d\u00e9cid\u00e9es le&#8230;<\/p>\n","protected":false},"author":6,"featured_media":360608,"comment_status":"open","ping_status":"open","sticky":false,"template":"","format":"standard","meta":{"footnotes":""},"categories":[997,2433],"tags":[76920,79783,1347,49543,79627,83481,1312,721,2645,62643],"class_list":["post-360601","post","type-post","status-publish","format-standard","has-post-thumbnail","hentry","category-politique","category-tunisie","tag-25-juillet","tag-becher-chebbi","tag-depute","tag-ennahdha","tag-kais-saied","tag-mohamed-goumani","tag-parti-islamiste","tag-plainte","tag-president-de-la-republique","tag-tunisie"],"yoast_head":"<!-- This site is optimized with the Yoast SEO plugin v26.6 - https:\/\/yoast.com\/wordpress\/plugins\/seo\/ -->\n<title>Goumani se d\u00e9solidarise de Chebbi, le d\u00e9put\u00e9 Ennahdha qui a port\u00e9 plainte contre Sa\u00efed : \u00abCela n&#039;engage pas le parti !\u00bb - Kapitalis<\/title>\n<meta name=\"robots\" content=\"index, follow, max-snippet:-1, max-image-preview:large, max-video-preview:-1\" \/>\n<link rel=\"canonical\" href=\"https:\/\/kapitalis.com\/tunisie\/2021\/08\/26\/goumani-se-desolidarise-de-chebbi-le-depute-ennahdha-qui-a-porte-plainte-contre-saied-cela-nengage-pas-le-parti\/\" \/>\n<meta property=\"og:locale\" content=\"fr_FR\" \/>\n<meta property=\"og:type\" content=\"article\" \/>\n<meta property=\"og:title\" content=\"Goumani se d\u00e9solidarise de Chebbi, le d\u00e9put\u00e9 Ennahdha qui a port\u00e9 plainte contre Sa\u00efed : \u00abCela n&#039;engage pas le parti !\u00bb - Kapitalis\" \/>\n<meta property=\"og:description\" content=\"Le d\u00e9put\u00e9 Mohamed Goumani, qui pr\u00e9side le comit\u00e9 de gestion de la crise politique du parti islamiste Ennahdha a comment\u00e9, ce jeudi 26 ao\u00fbt 2021, la plainte d\u00e9pos\u00e9e par son coll\u00e8gue, l&rsquo;\u00e9lu nahdhaoui et avocat de son \u00e9tat Becher Chebbi contre le pr\u00e9sident de la r\u00e9publique Ka\u00efs Sa\u00efed, notamment suite aux mesures exceptionnelles d\u00e9cid\u00e9es le...\" \/>\n<meta property=\"og:url\" content=\"https:\/\/kapitalis.com\/tunisie\/2021\/08\/26\/goumani-se-desolidarise-de-chebbi-le-depute-ennahdha-qui-a-porte-plainte-contre-saied-cela-nengage-pas-le-parti\/\" \/>\n<meta property=\"og:site_name\" content=\"Kapitalis\" \/>\n<meta property=\"article:publisher\" content=\"https:\/\/www.facebook.com\/KapitalisInfo\/\" \/>\n<meta property=\"article:published_time\" content=\"2021-08-26T16:08:46+00:00\" \/>\n<meta property=\"article:modified_time\" content=\"2021-08-26T20:00:04+00:00\" \/>\n<meta property=\"og:image\" content=\"https:\/\/kapitalis.com\/tunisie\/wp-content\/uploads\/2022\/05\/kapitalis-logo-fb.png\" \/>\n\t<meta property=\"og:image:width\" content=\"1200\" \/>\n\t<meta property=\"og:image:height\" content=\"630\" \/>\n\t<meta property=\"og:image:type\" content=\"image\/png\" \/>\n<meta name=\"author\" content=\"Yusra NY\" \/>\n<meta name=\"twitter:card\" content=\"summary_large_image\" \/>\n<meta name=\"twitter:creator\" content=\"@KapitalisInfo\" \/>\n<meta name=\"twitter:site\" content=\"@KapitalisInfo\" \/>\n<meta name=\"twitter:label1\" content=\"\u00c9crit par\" \/>\n\t<meta name=\"twitter:data1\" content=\"Yusra NY\" \/>\n\t<meta name=\"twitter:label2\" content=\"Dur\u00e9e de lecture estim\u00e9e\" \/>\n\t<meta name=\"twitter:data2\" content=\"1 minute\" \/>\n<script type=\"application\/ld+json\" class=\"yoast-schema-graph\">{\"@context\":\"https:\/\/schema.org\",\"@graph\":[{\"@type\":\"Article\",\"@id\":\"https:\/\/kapitalis.com\/tunisie\/2021\/08\/26\/goumani-se-desolidarise-de-chebbi-le-depute-ennahdha-qui-a-porte-plainte-contre-saied-cela-nengage-pas-le-parti\/#article\",\"isPartOf\":{\"@id\":\"https:\/\/kapitalis.com\/tunisie\/2021\/08\/26\/goumani-se-desolidarise-de-chebbi-le-depute-ennahdha-qui-a-porte-plainte-contre-saied-cela-nengage-pas-le-parti\/\"},\"author\":{\"name\":\"Yusra NY\",\"@id\":\"https:\/\/kapitalis.com\/tunisie\/#\/schema\/person\/74bbde0154d49d790a92aaeac5bc01d5\"},\"headline\":\"Goumani se d\u00e9solidarise de Chebbi, le d\u00e9put\u00e9 Ennahdha qui a port\u00e9 plainte contre Sa\u00efed : \u00abCela n&rsquo;engage pas le parti !\u00bb\",\"datePublished\":\"2021-08-26T16:08:46+00:00\",\"dateModified\":\"2021-08-26T20:00:04+00:00\",\"mainEntityOfPage\":{\"@id\":\"https:\/\/kapitalis.com\/tunisie\/2021\/08\/26\/goumani-se-desolidarise-de-chebbi-le-depute-ennahdha-qui-a-porte-plainte-contre-saied-cela-nengage-pas-le-parti\/\"},\"wordCount\":306,\"commentCount\":3,\"publisher\":{\"@id\":\"https:\/\/kapitalis.com\/tunisie\/#organization\"},\"image\":{\"@id\":\"https:\/\/kapitalis.com\/tunisie\/2021\/08\/26\/goumani-se-desolidarise-de-chebbi-le-depute-ennahdha-qui-a-porte-plainte-contre-saied-cela-nengage-pas-le-parti\/#primaryimage\"},\"thumbnailUrl\":\"\",\"keywords\":[\"25 juillet\",\"Becher Chebbi\",\"d\u00e9put\u00e9\",\"Ennahdha\",\"\u064fKa\u00efs Sa\u00efed\",\"Mohamed Goumani\",\"parti islamiste\",\"plainte\",\"pr\u00e9sident de la r\u00e9publique\",\"Tunisie\"],\"articleSection\":[\"POLITIQUE\",\"Tunisie\"],\"inLanguage\":\"fr-FR\",\"potentialAction\":[{\"@type\":\"CommentAction\",\"name\":\"Comment\",\"target\":[\"https:\/\/kapitalis.com\/tunisie\/2021\/08\/26\/goumani-se-desolidarise-de-chebbi-le-depute-ennahdha-qui-a-porte-plainte-contre-saied-cela-nengage-pas-le-parti\/#respond\"]}]},{\"@type\":\"WebPage\",\"@id\":\"https:\/\/kapitalis.com\/tunisie\/2021\/08\/26\/goumani-se-desolidarise-de-chebbi-le-depute-ennahdha-qui-a-porte-plainte-contre-saied-cela-nengage-pas-le-parti\/\",\"url\":\"https:\/\/kapitalis.com\/tunisie\/2021\/08\/26\/goumani-se-desolidarise-de-chebbi-le-depute-ennahdha-qui-a-porte-plainte-contre-saied-cela-nengage-pas-le-parti\/\",\"name\":\"Goumani se d\u00e9solidarise de Chebbi, le d\u00e9put\u00e9 Ennahdha qui a port\u00e9 plainte contre Sa\u00efed : \u00abCela n'engage pas le parti !\u00bb - Kapitalis\",\"isPartOf\":{\"@id\":\"https:\/\/kapitalis.com\/tunisie\/#website\"},\"primaryImageOfPage\":{\"@id\":\"https:\/\/kapitalis.com\/tunisie\/2021\/08\/26\/goumani-se-desolidarise-de-chebbi-le-depute-ennahdha-qui-a-porte-plainte-contre-saied-cela-nengage-pas-le-parti\/#primaryimage\"},\"image\":{\"@id\":\"https:\/\/kapitalis.com\/tunisie\/2021\/08\/26\/goumani-se-desolidarise-de-chebbi-le-depute-ennahdha-qui-a-porte-plainte-contre-saied-cela-nengage-pas-le-parti\/#primaryimage\"},\"thumbnailUrl\":\"\",\"datePublished\":\"2021-08-26T16:08:46+00:00\",\"dateModified\":\"2021-08-26T20:00:04+00:00\",\"breadcrumb\":{\"@id\":\"https:\/\/kapitalis.com\/tunisie\/2021\/08\/26\/goumani-se-desolidarise-de-chebbi-le-depute-ennahdha-qui-a-porte-plainte-contre-saied-cela-nengage-pas-le-parti\/#breadcrumb\"},\"inLanguage\":\"fr-FR\",\"potentialAction\":[{\"@type\":\"ReadAction\",\"target\":[\"https:\/\/kapitalis.com\/tunisie\/2021\/08\/26\/goumani-se-desolidarise-de-chebbi-le-depute-ennahdha-qui-a-porte-plainte-contre-saied-cela-nengage-pas-le-parti\/\"]}]},{\"@type\":\"ImageObject\",\"inLanguage\":\"fr-FR\",\"@id\":\"https:\/\/kapitalis.com\/tunisie\/2021\/08\/26\/goumani-se-desolidarise-de-chebbi-le-depute-ennahdha-qui-a-porte-plainte-contre-saied-cela-nengage-pas-le-parti\/#primaryimage\",\"url\":\"\",\"contentUrl\":\"\"},{\"@type\":\"BreadcrumbList\",\"@id\":\"https:\/\/kapitalis.com\/tunisie\/2021\/08\/26\/goumani-se-desolidarise-de-chebbi-le-depute-ennahdha-qui-a-porte-plainte-contre-saied-cela-nengage-pas-le-parti\/#breadcrumb\",\"itemListElement\":[{\"@type\":\"ListItem\",\"position\":1,\"name\":\"Accueil\",\"item\":\"https:\/\/kapitalis.com\/tunisie\/\"},{\"@type\":\"ListItem\",\"position\":2,\"name\":\"Goumani se d\u00e9solidarise de Chebbi, le d\u00e9put\u00e9 Ennahdha qui a port\u00e9 plainte contre Sa\u00efed : \u00abCela n&rsquo;engage pas le parti !\u00bb\"}]},{\"@type\":\"WebSite\",\"@id\":\"https:\/\/kapitalis.com\/tunisie\/#website\",\"url\":\"https:\/\/kapitalis.com\/tunisie\/\",\"name\":\"Kapitalis\",\"description\":\"L&#039;actualit\u00e9 en Tunisie et dans le monde\",\"publisher\":{\"@id\":\"https:\/\/kapitalis.com\/tunisie\/#organization\"},\"potentialAction\":[{\"@type\":\"SearchAction\",\"target\":{\"@type\":\"EntryPoint\",\"urlTemplate\":\"https:\/\/kapitalis.com\/tunisie\/?s={search_term_string}\"},\"query-input\":{\"@type\":\"PropertyValueSpecification\",\"valueRequired\":true,\"valueName\":\"search_term_string\"}}],\"inLanguage\":\"fr-FR\"},{\"@type\":\"Organization\",\"@id\":\"https:\/\/kapitalis.com\/tunisie\/#organization\",\"name\":\"Kapitalis\",\"url\":\"https:\/\/kapitalis.com\/tunisie\/\",\"logo\":{\"@type\":\"ImageObject\",\"inLanguage\":\"fr-FR\",\"@id\":\"https:\/\/kapitalis.com\/tunisie\/#\/schema\/logo\/image\/\",\"url\":\"https:\/\/kapitalis.com\/tunisie\/wp-content\/uploads\/2022\/05\/Kapitalis-big-size.png\",\"contentUrl\":\"https:\/\/kapitalis.com\/tunisie\/wp-content\/uploads\/2022\/05\/Kapitalis-big-size.png\",\"width\":5000,\"height\":1500,\"caption\":\"Kapitalis\"},\"image\":{\"@id\":\"https:\/\/kapitalis.com\/tunisie\/#\/schema\/logo\/image\/\"},\"sameAs\":[\"https:\/\/www.facebook.com\/KapitalisInfo\/\",\"https:\/\/x.com\/KapitalisInfo\",\"https:\/\/www.youtube.com\/channel\/UC-yDYrHyfFBWWZaOw3FPg9Q\"]},{\"@type\":\"Person\",\"@id\":\"https:\/\/kapitalis.com\/tunisie\/#\/schema\/person\/74bbde0154d49d790a92aaeac5bc01d5\",\"name\":\"Yusra NY\",\"url\":\"https:\/\/kapitalis.com\/tunisie\/author\/yuza_adam\/\"}]}<\/script>\n<!-- \/ Yoast SEO plugin. -->","yoast_head_json":{"title":"Goumani se d\u00e9solidarise de Chebbi, le d\u00e9put\u00e9 Ennahdha qui a port\u00e9 plainte contre Sa\u00efed : \u00abCela n'engage pas le parti !\u00bb - Kapitalis","robots":{"index":"index","follow":"follow","max-snippet":"max-snippet:-1","max-image-preview":"max-image-preview:large","max-video-preview":"max-video-preview:-1"},"canonical":"https:\/\/kapitalis.com\/tunisie\/2021\/08\/26\/goumani-se-desolidarise-de-chebbi-le-depute-ennahdha-qui-a-porte-plainte-contre-saied-cela-nengage-pas-le-parti\/","og_locale":"fr_FR","og_type":"article","og_title":"Goumani se d\u00e9solidarise de Chebbi, le d\u00e9put\u00e9 Ennahdha qui a port\u00e9 plainte contre Sa\u00efed : \u00abCela n'engage pas le parti !\u00bb - Kapitalis","og_description":"Le d\u00e9put\u00e9 Mohamed Goumani, qui pr\u00e9side le comit\u00e9 de gestion de la crise politique du parti islamiste Ennahdha a comment\u00e9, ce jeudi 26 ao\u00fbt 2021, la plainte d\u00e9pos\u00e9e par son coll\u00e8gue, l&rsquo;\u00e9lu nahdhaoui et avocat de son \u00e9tat Becher Chebbi contre le pr\u00e9sident de la r\u00e9publique Ka\u00efs Sa\u00efed, notamment suite aux mesures exceptionnelles d\u00e9cid\u00e9es le...","og_url":"https:\/\/kapitalis.com\/tunisie\/2021\/08\/26\/goumani-se-desolidarise-de-chebbi-le-depute-ennahdha-qui-a-porte-plainte-contre-saied-cela-nengage-pas-le-parti\/","og_site_name":"Kapitalis","article_publisher":"https:\/\/www.facebook.com\/KapitalisInfo\/","article_published_time":"2021-08-26T16:08:46+00:00","article_modified_time":"2021-08-26T20:00:04+00:00","og_image":[{"width":1200,"height":630,"url":"https:\/\/kapitalis.com\/tunisie\/wp-content\/uploads\/2022\/05\/kapitalis-logo-fb.png","type":"image\/png"}],"author":"Yusra NY","twitter_card":"summary_large_image","twitter_creator":"@KapitalisInfo","twitter_site":"@KapitalisInfo","twitter_misc":{"\u00c9crit par":"Yusra NY","Dur\u00e9e de lecture estim\u00e9e":"1 minute"},"schema":{"@context":"https:\/\/schema.org","@graph":[{"@type":"Article","@id":"https:\/\/kapitalis.com\/tunisie\/2021\/08\/26\/goumani-se-desolidarise-de-chebbi-le-depute-ennahdha-qui-a-porte-plainte-contre-saied-cela-nengage-pas-le-parti\/#article","isPartOf":{"@id":"https:\/\/kapitalis.com\/tunisie\/2021\/08\/26\/goumani-se-desolidarise-de-chebbi-le-depute-ennahdha-qui-a-porte-plainte-contre-saied-cela-nengage-pas-le-parti\/"},"author":{"name":"Yusra NY","@id":"https:\/\/kapitalis.com\/tunisie\/#\/schema\/person\/74bbde0154d49d790a92aaeac5bc01d5"},"headline":"Goumani se d\u00e9solidarise de Chebbi, le d\u00e9put\u00e9 Ennahdha qui a port\u00e9 plainte contre Sa\u00efed : \u00abCela n&rsquo;engage pas le parti !\u00bb","datePublished":"2021-08-26T16:08:46+00:00","dateModified":"2021-08-26T20:00:04+00:00","mainEntityOfPage":{"@id":"https:\/\/kapitalis.com\/tunisie\/2021\/08\/26\/goumani-se-desolidarise-de-chebbi-le-depute-ennahdha-qui-a-porte-plainte-contre-saied-cela-nengage-pas-le-parti\/"},"wordCount":306,"commentCount":3,"publisher":{"@id":"https:\/\/kapitalis.com\/tunisie\/#organization"},"image":{"@id":"https:\/\/kapitalis.com\/tunisie\/2021\/08\/26\/goumani-se-desolidarise-de-chebbi-le-depute-ennahdha-qui-a-porte-plainte-contre-saied-cela-nengage-pas-le-parti\/#primaryimage"},"thumbnailUrl":"","keywords":["25 juillet","Becher Chebbi","d\u00e9put\u00e9","Ennahdha","\u064fKa\u00efs Sa\u00efed","Mohamed Goumani","parti islamiste","plainte","pr\u00e9sident de la r\u00e9publique","Tunisie"],"articleSection":["POLITIQUE","Tunisie"],"inLanguage":"fr-FR","potentialAction":[{"@type":"CommentAction","name":"Comment","target":["https:\/\/kapitalis.com\/tunisie\/2021\/08\/26\/goumani-se-desolidarise-de-chebbi-le-depute-ennahdha-qui-a-porte-plainte-contre-saied-cela-nengage-pas-le-parti\/#respond"]}]},{"@type":"WebPage","@id":"https:\/\/kapitalis.com\/tunisie\/2021\/08\/26\/goumani-se-desolidarise-de-chebbi-le-depute-ennahdha-qui-a-porte-plainte-contre-saied-cela-nengage-pas-le-parti\/","url":"https:\/\/kapitalis.com\/tunisie\/2021\/08\/26\/goumani-se-desolidarise-de-chebbi-le-depute-ennahdha-qui-a-porte-plainte-contre-saied-cela-nengage-pas-le-parti\/","name":"Goumani se d\u00e9solidarise de Chebbi, le d\u00e9put\u00e9 Ennahdha qui a port\u00e9 plainte contre Sa\u00efed : \u00abCela n'engage pas le parti !\u00bb - Kapitalis","isPartOf":{"@id":"https:\/\/kapitalis.com\/tunisie\/#website"},"primaryImageOfPage":{"@id":"https:\/\/kapitalis.com\/tunisie\/2021\/08\/26\/goumani-se-desolidarise-de-chebbi-le-depute-ennahdha-qui-a-porte-plainte-contre-saied-cela-nengage-pas-le-parti\/#primaryimage"},"image":{"@id":"https:\/\/kapitalis.com\/tunisie\/2021\/08\/26\/goumani-se-desolidarise-de-chebbi-le-depute-ennahdha-qui-a-porte-plainte-contre-saied-cela-nengage-pas-le-parti\/#primaryimage"},"thumbnailUrl":"","datePublished":"2021-08-26T16:08:46+00:00","dateModified":"2021-08-26T20:00:04+00:00","breadcrumb":{"@id":"https:\/\/kapitalis.com\/tunisie\/2021\/08\/26\/goumani-se-desolidarise-de-chebbi-le-depute-ennahdha-qui-a-porte-plainte-contre-saied-cela-nengage-pas-le-parti\/#breadcrumb"},"inLanguage":"fr-FR","potentialAction":[{"@type":"ReadAction","target":["https:\/\/kapitalis.com\/tunisie\/2021\/08\/26\/goumani-se-desolidarise-de-chebbi-le-depute-ennahdha-qui-a-porte-plainte-contre-saied-cela-nengage-pas-le-parti\/"]}]},{"@type":"ImageObject","inLanguage":"fr-FR","@id":"https:\/\/kapitalis.com\/tunisie\/2021\/08\/26\/goumani-se-desolidarise-de-chebbi-le-depute-ennahdha-qui-a-porte-plainte-contre-saied-cela-nengage-pas-le-parti\/#primaryimage","url":"","contentUrl":""},{"@type":"BreadcrumbList","@id":"https:\/\/kapitalis.com\/tunisie\/2021\/08\/26\/goumani-se-desolidarise-de-chebbi-le-depute-ennahdha-qui-a-porte-plainte-contre-saied-cela-nengage-pas-le-parti\/#breadcrumb","itemListElement":[{"@type":"ListItem","position":1,"name":"Accueil","item":"https:\/\/kapitalis.com\/tunisie\/"},{"@type":"ListItem","position":2,"name":"Goumani se d\u00e9solidarise de Chebbi, le d\u00e9put\u00e9 Ennahdha qui a port\u00e9 plainte contre Sa\u00efed : \u00abCela n&rsquo;engage pas le parti !\u00bb"}]},{"@type":"WebSite","@id":"https:\/\/kapitalis.com\/tunisie\/#website","url":"https:\/\/kapitalis.com\/tunisie\/","name":"Kapitalis","description":"L&#039;actualit\u00e9 en Tunisie et dans le monde","publisher":{"@id":"https:\/\/kapitalis.com\/tunisie\/#organization"},"potentialAction":[{"@type":"SearchAction","target":{"@type":"EntryPoint","urlTemplate":"https:\/\/kapitalis.com\/tunisie\/?s={search_term_string}"},"query-input":{"@type":"PropertyValueSpecification","valueRequired":true,"valueName":"search_term_string"}}],"inLanguage":"fr-FR"},{"@type":"Organization","@id":"https:\/\/kapitalis.com\/tunisie\/#organization","name":"Kapitalis","url":"https:\/\/kapitalis.com\/tunisie\/","logo":{"@type":"ImageObject","inLanguage":"fr-FR","@id":"https:\/\/kapitalis.com\/tunisie\/#\/schema\/logo\/image\/","url":"https:\/\/kapitalis.com\/tunisie\/wp-content\/uploads\/2022\/05\/Kapitalis-big-size.png","contentUrl":"https:\/\/kapitalis.com\/tunisie\/wp-content\/uploads\/2022\/05\/Kapitalis-big-size.png","width":5000,"height":1500,"caption":"Kapitalis"},"image":{"@id":"https:\/\/kapitalis.com\/tunisie\/#\/schema\/logo\/image\/"},"sameAs":["https:\/\/www.facebook.com\/KapitalisInfo\/","https:\/\/x.com\/KapitalisInfo","https:\/\/www.youtube.com\/channel\/UC-yDYrHyfFBWWZaOw3FPg9Q"]},{"@type":"Person","@id":"https:\/\/kapitalis.com\/tunisie\/#\/schema\/person\/74bbde0154d49d790a92aaeac5bc01d5","name":"Yusra NY","url":"https:\/\/kapitalis.com\/tunisie\/author\/yuza_adam\/"}]}},"_links":{"self":[{"href":"https:\/\/kapitalis.com\/tunisie\/wp-json\/wp\/v2\/posts\/360601","targetHints":{"allow":["GET"]}}],"collection":[{"href":"https:\/\/kapitalis.com\/tunisie\/wp-json\/wp\/v2\/posts"}],"about":[{"href":"https:\/\/kapitalis.com\/tunisie\/wp-json\/wp\/v2\/types\/post"}],"author":[{"embeddable":true,"href":"https:\/\/kapitalis.com\/tunisie\/wp-json\/wp\/v2\/users\/6"}],"replies":[{"embeddable":true,"href":"https:\/\/kapitalis.com\/tunisie\/wp-json\/wp\/v2\/comments?post=360601"}],"version-history":[{"count":0,"href":"https:\/\/kapitalis.com\/tunisie\/wp-json\/wp\/v2\/posts\/360601\/revisions"}],"wp:featuredmedia":[{"embeddable":true,"href":"https:\/\/kapitalis.com\/tunisie\/wp-json\/wp\/v2\/media\/360608"}],"wp:attachment":[{"href":"https:\/\/kapitalis.com\/tunisie\/wp-json\/wp\/v2\/media?parent=360601"}],"wp:term":[{"taxonomy":"category","embeddable":true,"href":"https:\/\/kapitalis.com\/tunisie\/wp-json\/wp\/v2\/categories?post=360601"},{"taxonomy":"post_tag","embeddable":true,"href":"https:\/\/kapitalis.com\/tunisie\/wp-json\/wp\/v2\/tags?post=360601"}],"curies":[{"name":"wp","href":"https:\/\/api.w.org\/{rel}","templated":true}]}}