{"id":360700,"date":"2021-08-28T07:17:14","date_gmt":"2021-08-28T06:17:14","guid":{"rendered":"http:\/\/kapitalis.com\/tunisie\/?p=360700"},"modified":"2021-08-28T07:18:50","modified_gmt":"2021-08-28T06:18:50","slug":"anas-hmaidi-khaled-abbes-conduit-un-lobby-au-sein-du-corps-de-la-magistrature","status":"publish","type":"post","link":"https:\/\/kapitalis.com\/tunisie\/2021\/08\/28\/anas-hmaidi-khaled-abbes-conduit-un-lobby-au-sein-du-corps-de-la-magistrature\/","title":{"rendered":"Anas Hmaidi : \u00abKhaled Abbes conduit un lobby au sein du corps de la magistrature\u00bb"},"content":{"rendered":"\n<div class=\"wp-block-image\"><figure class=\"aligncenter size-large\"><img decoding=\"async\" src=\"http:\/\/kapitalis.com\/tunisie\/wp-content\/uploads\/2021\/08\/Anas-Hmaidi.jpg\" alt=\"\" class=\"wp-image-360701\"\/><\/figure><\/div>\n\n\n\n<p><strong><em>Invit\u00e9 hier, vendredi 27 ao\u00fbt 2021, dans l&rsquo;\u00e9mission \u00a0\u00bbWin inti win ahna\u00a0\u00bb sur <a href=\"https:\/\/www.shemsfm.net\/ar\/%D8%A7%D9%84%D8%A3%D8%AE%D8%A8%D8%A7%D8%B1_%D8%B4%D9%85%D8%B3-%D8%A7%D9%84%D8%A7%D8%AE%D8%A8%D8%A7%D8%B1\/311251\/%D8%A3%D9%86%D8%B3-%D8%A7%D9%84%D8%AD%D9%85%D8%A7%D9%8A%D8%AF%D9%8A-%D9%88%D9%83%D9%8A%D9%84-%D8%B9%D8%A7%D9%85-%D9%85%D8%AD%D9%83%D9%85%D8%A9-%D8%A7%D9%84%D8%A5%D8%B3%D8%AA%D8%A6%D9%86%D8%A7%D9%81-%D9%81%D9%8A-%D9%86%D8%A7%D8%A8%D9%84-%D8%AE%D8%A7%D9%84%D8%AF-%D8%B9%D8%A8%D8%A7%D8%B3-%D9%8A%D9%82%D9%88%D8%AF-%D9%84%D9%88%D8%A8%D9%8A-%D8%AF%D8%A7%D8%AE%D9%84-%D8%A7%D9%84%D9%82%D8%B6%D8%A7%D8%A1-%D8%A8%D8%AD%D9%85%D8%A7%D9%8A%D8%A9-%D8%A7%D9%84%D8%AA%D9%81%D9%82%D8%AF%D9%8A%D8%A9-%D8%A7%D9%84%D8%B9%D8%A7%D9%85%D8%A9-%D8%B5%D9%84%D8%A8-%D9%88%D8%B2%D8%A7%D8%B1%D8%A9-%D8%A7%D9%84%D8%B9%D8%AF%D9%84\" target=\"_blank\" rel=\"noreferrer noopener\">Shems FM<\/a>, le pr\u00e9sident de l&rsquo;Association des magistrats tunisiens (AMT) Anas Hmaidi a d\u00e9clar\u00e9 que le procureur de la Cour d&rsquo;appel de Nabeul, Khaled Abbes, a compl\u00e8tement contr\u00f4l\u00e9 le dernier mouvement dans le corps de la magistrature, soulignant que ce dernier avait manipul\u00e9 l&rsquo;affaire de harc\u00e8lement sexuel impliquant un d\u00e9put\u00e9 (Zouhaier Makhlouf, Ndlr), indiquant que tous les juges qui avaient remis cette affaire dans son cours normal ont \u00e9t\u00e9 exclus de ce mouvement par Khaled Abbes.<\/em><\/strong><\/p>\n\n\n\n<!--more-->\n\n\n\n<p>Anas Hmaidi a \u00e9galement soulign\u00e9 la responsabilit\u00e9 du pr\u00e9sident du Conseil sup\u00e9rieur de la magistrature (CSM, Youssef Bouzakher, dans ce mouvement auquel il a particip\u00e9 et qu&rsquo;il a approuv\u00e9, et ce dans le but de pousser le conseil <em>\u00abvers la porte de la tyrannie au lieu de celle de la r\u00e9forme\u00bb<\/em>, selon son expression, laissant entendre par <em>\u00abporte de la tyrannie\u00bb<\/em> la soumission des magistrats aux lobbys politiques et aux groupes d&rsquo;int\u00e9r\u00eat.<\/p>\n\n\n\n<p>Anas Hmaidi a aussi affirm\u00e9 que ses coll\u00e8gues sein de l&rsquo;AMT \u00e9taient choqu\u00e9s par ce mouvement dans le corps judiciaire, qui aurait d\u00fb rompre avec ce qui se pratiquait dans les mouvements pr\u00e9c\u00e9dents et prendre le chemin de la r\u00e9forme conform\u00e9ment aux exigences de la situation actuelle dans le pays.<\/p>\n\n\n\n<p>Il est \u00e0 noter que l&rsquo;AMT avait publi\u00e9 un long communiqu\u00e9 sur le mouvement judiciaire pour l&rsquo;ann\u00e9e 2021-2022, dont elle a critiqu\u00e9 le contenu et la forme, ainsi que les manquements l&rsquo;ayant entach\u00e9.<\/p>\n\n\n\n<p class=\"has-text-align-right\"><strong>I. B. <\/strong><\/p>\n","protected":false},"excerpt":{"rendered":"<p>Invit\u00e9 hier, vendredi 27 ao\u00fbt 2021, dans l&rsquo;\u00e9mission \u00a0\u00bbWin inti win ahna\u00a0\u00bb sur Shems FM, le pr\u00e9sident de l&rsquo;Association des magistrats tunisiens (AMT) Anas Hmaidi a d\u00e9clar\u00e9 que le procureur de la Cour d&rsquo;appel de Nabeul, Khaled Abbes, a compl\u00e8tement contr\u00f4l\u00e9 le dernier mouvement dans le corps de la magistrature, soulignant que ce dernier avait&#8230;<\/p>\n","protected":false},"author":8,"featured_media":360701,"comment_status":"open","ping_status":"open","sticky":false,"template":"","format":"standard","meta":{"footnotes":""},"categories":[997,2433],"tags":[65936,6870,7902,92940,62643,65427,92939],"class_list":["post-360700","post","type-post","status-publish","format-standard","has-post-thumbnail","hentry","category-politique","category-tunisie","tag-anas-hmaidi","tag-association-des-magistrats-tunisiens","tag-conseil-superieur-de-la-magistrature","tag-khaled-abbes-2","tag-tunisie","tag-youssef-bouzakher","tag-zouhaier-makhlouf"],"yoast_head":"<!-- This site is optimized with the Yoast SEO plugin v26.6 - https:\/\/yoast.com\/wordpress\/plugins\/seo\/ -->\n<title>Anas Hmaidi : \u00abKhaled Abbes conduit un lobby au sein du corps de la magistrature\u00bb - Kapitalis<\/title>\n<meta name=\"robots\" content=\"index, follow, max-snippet:-1, max-image-preview:large, max-video-preview:-1\" \/>\n<link rel=\"canonical\" href=\"https:\/\/kapitalis.com\/tunisie\/2021\/08\/28\/anas-hmaidi-khaled-abbes-conduit-un-lobby-au-sein-du-corps-de-la-magistrature\/\" \/>\n<meta property=\"og:locale\" content=\"fr_FR\" \/>\n<meta property=\"og:type\" content=\"article\" \/>\n<meta property=\"og:title\" content=\"Anas Hmaidi : \u00abKhaled Abbes conduit un lobby au sein du corps de la magistrature\u00bb - Kapitalis\" \/>\n<meta property=\"og:description\" content=\"Invit\u00e9 hier, vendredi 27 ao\u00fbt 2021, dans l&rsquo;\u00e9mission \u00a0\u00bbWin inti win ahna\u00a0\u00bb sur Shems FM, le pr\u00e9sident de l&rsquo;Association des magistrats tunisiens (AMT) Anas Hmaidi a d\u00e9clar\u00e9 que le procureur de la Cour d&rsquo;appel de Nabeul, Khaled Abbes, a compl\u00e8tement contr\u00f4l\u00e9 le dernier mouvement dans le corps de la magistrature, soulignant que ce dernier avait...\" \/>\n<meta property=\"og:url\" content=\"https:\/\/kapitalis.com\/tunisie\/2021\/08\/28\/anas-hmaidi-khaled-abbes-conduit-un-lobby-au-sein-du-corps-de-la-magistrature\/\" \/>\n<meta property=\"og:site_name\" content=\"Kapitalis\" \/>\n<meta property=\"article:publisher\" content=\"https:\/\/www.facebook.com\/KapitalisInfo\/\" \/>\n<meta property=\"article:published_time\" content=\"2021-08-28T06:17:14+00:00\" \/>\n<meta property=\"article:modified_time\" content=\"2021-08-28T06:18:50+00:00\" \/>\n<meta property=\"og:image\" content=\"https:\/\/kapitalis.com\/tunisie\/wp-content\/uploads\/2022\/05\/kapitalis-logo-fb.png\" \/>\n\t<meta property=\"og:image:width\" content=\"1200\" \/>\n\t<meta property=\"og:image:height\" content=\"630\" \/>\n\t<meta property=\"og:image:type\" content=\"image\/png\" \/>\n<meta name=\"author\" content=\"webmaster kapitalis\" \/>\n<meta name=\"twitter:card\" content=\"summary_large_image\" \/>\n<meta name=\"twitter:creator\" content=\"@KapitalisInfo\" \/>\n<meta name=\"twitter:site\" content=\"@KapitalisInfo\" \/>\n<meta name=\"twitter:label1\" content=\"\u00c9crit par\" \/>\n\t<meta name=\"twitter:data1\" content=\"webmaster kapitalis\" \/>\n\t<meta name=\"twitter:label2\" content=\"Dur\u00e9e de lecture estim\u00e9e\" \/>\n\t<meta name=\"twitter:data2\" content=\"1 minute\" \/>\n<script type=\"application\/ld+json\" class=\"yoast-schema-graph\">{\"@context\":\"https:\/\/schema.org\",\"@graph\":[{\"@type\":\"Article\",\"@id\":\"https:\/\/kapitalis.com\/tunisie\/2021\/08\/28\/anas-hmaidi-khaled-abbes-conduit-un-lobby-au-sein-du-corps-de-la-magistrature\/#article\",\"isPartOf\":{\"@id\":\"https:\/\/kapitalis.com\/tunisie\/2021\/08\/28\/anas-hmaidi-khaled-abbes-conduit-un-lobby-au-sein-du-corps-de-la-magistrature\/\"},\"author\":{\"name\":\"webmaster kapitalis\",\"@id\":\"https:\/\/kapitalis.com\/tunisie\/#\/schema\/person\/d71f33a9ca44f7bad4698210b480c8e9\"},\"headline\":\"Anas Hmaidi : \u00abKhaled Abbes conduit un lobby au sein du corps de la magistrature\u00bb\",\"datePublished\":\"2021-08-28T06:17:14+00:00\",\"dateModified\":\"2021-08-28T06:18:50+00:00\",\"mainEntityOfPage\":{\"@id\":\"https:\/\/kapitalis.com\/tunisie\/2021\/08\/28\/anas-hmaidi-khaled-abbes-conduit-un-lobby-au-sein-du-corps-de-la-magistrature\/\"},\"wordCount\":277,\"commentCount\":3,\"publisher\":{\"@id\":\"https:\/\/kapitalis.com\/tunisie\/#organization\"},\"image\":{\"@id\":\"https:\/\/kapitalis.com\/tunisie\/2021\/08\/28\/anas-hmaidi-khaled-abbes-conduit-un-lobby-au-sein-du-corps-de-la-magistrature\/#primaryimage\"},\"thumbnailUrl\":\"\",\"keywords\":[\"Anas Hmaidi\",\"association des magistrats tunisiens\",\"conseil sup\u00e9rieur de la magistrature\",\"Khaled Abbes\",\"Tunisie\",\"Youssef Bouzakher\",\"Zouhaier Makhlouf\"],\"articleSection\":[\"POLITIQUE\",\"Tunisie\"],\"inLanguage\":\"fr-FR\",\"potentialAction\":[{\"@type\":\"CommentAction\",\"name\":\"Comment\",\"target\":[\"https:\/\/kapitalis.com\/tunisie\/2021\/08\/28\/anas-hmaidi-khaled-abbes-conduit-un-lobby-au-sein-du-corps-de-la-magistrature\/#respond\"]}]},{\"@type\":\"WebPage\",\"@id\":\"https:\/\/kapitalis.com\/tunisie\/2021\/08\/28\/anas-hmaidi-khaled-abbes-conduit-un-lobby-au-sein-du-corps-de-la-magistrature\/\",\"url\":\"https:\/\/kapitalis.com\/tunisie\/2021\/08\/28\/anas-hmaidi-khaled-abbes-conduit-un-lobby-au-sein-du-corps-de-la-magistrature\/\",\"name\":\"Anas Hmaidi : \u00abKhaled Abbes conduit un lobby au sein du corps de la magistrature\u00bb - Kapitalis\",\"isPartOf\":{\"@id\":\"https:\/\/kapitalis.com\/tunisie\/#website\"},\"primaryImageOfPage\":{\"@id\":\"https:\/\/kapitalis.com\/tunisie\/2021\/08\/28\/anas-hmaidi-khaled-abbes-conduit-un-lobby-au-sein-du-corps-de-la-magistrature\/#primaryimage\"},\"image\":{\"@id\":\"https:\/\/kapitalis.com\/tunisie\/2021\/08\/28\/anas-hmaidi-khaled-abbes-conduit-un-lobby-au-sein-du-corps-de-la-magistrature\/#primaryimage\"},\"thumbnailUrl\":\"\",\"datePublished\":\"2021-08-28T06:17:14+00:00\",\"dateModified\":\"2021-08-28T06:18:50+00:00\",\"breadcrumb\":{\"@id\":\"https:\/\/kapitalis.com\/tunisie\/2021\/08\/28\/anas-hmaidi-khaled-abbes-conduit-un-lobby-au-sein-du-corps-de-la-magistrature\/#breadcrumb\"},\"inLanguage\":\"fr-FR\",\"potentialAction\":[{\"@type\":\"ReadAction\",\"target\":[\"https:\/\/kapitalis.com\/tunisie\/2021\/08\/28\/anas-hmaidi-khaled-abbes-conduit-un-lobby-au-sein-du-corps-de-la-magistrature\/\"]}]},{\"@type\":\"ImageObject\",\"inLanguage\":\"fr-FR\",\"@id\":\"https:\/\/kapitalis.com\/tunisie\/2021\/08\/28\/anas-hmaidi-khaled-abbes-conduit-un-lobby-au-sein-du-corps-de-la-magistrature\/#primaryimage\",\"url\":\"\",\"contentUrl\":\"\"},{\"@type\":\"BreadcrumbList\",\"@id\":\"https:\/\/kapitalis.com\/tunisie\/2021\/08\/28\/anas-hmaidi-khaled-abbes-conduit-un-lobby-au-sein-du-corps-de-la-magistrature\/#breadcrumb\",\"itemListElement\":[{\"@type\":\"ListItem\",\"position\":1,\"name\":\"Accueil\",\"item\":\"https:\/\/kapitalis.com\/tunisie\/\"},{\"@type\":\"ListItem\",\"position\":2,\"name\":\"Anas Hmaidi : \u00abKhaled Abbes conduit un lobby au sein du corps de la magistrature\u00bb\"}]},{\"@type\":\"WebSite\",\"@id\":\"https:\/\/kapitalis.com\/tunisie\/#website\",\"url\":\"https:\/\/kapitalis.com\/tunisie\/\",\"name\":\"Kapitalis\",\"description\":\"L&#039;actualit\u00e9 en Tunisie et dans le monde\",\"publisher\":{\"@id\":\"https:\/\/kapitalis.com\/tunisie\/#organization\"},\"potentialAction\":[{\"@type\":\"SearchAction\",\"target\":{\"@type\":\"EntryPoint\",\"urlTemplate\":\"https:\/\/kapitalis.com\/tunisie\/?s={search_term_string}\"},\"query-input\":{\"@type\":\"PropertyValueSpecification\",\"valueRequired\":true,\"valueName\":\"search_term_string\"}}],\"inLanguage\":\"fr-FR\"},{\"@type\":\"Organization\",\"@id\":\"https:\/\/kapitalis.com\/tunisie\/#organization\",\"name\":\"Kapitalis\",\"url\":\"https:\/\/kapitalis.com\/tunisie\/\",\"logo\":{\"@type\":\"ImageObject\",\"inLanguage\":\"fr-FR\",\"@id\":\"https:\/\/kapitalis.com\/tunisie\/#\/schema\/logo\/image\/\",\"url\":\"https:\/\/kapitalis.com\/tunisie\/wp-content\/uploads\/2022\/05\/Kapitalis-big-size.png\",\"contentUrl\":\"https:\/\/kapitalis.com\/tunisie\/wp-content\/uploads\/2022\/05\/Kapitalis-big-size.png\",\"width\":5000,\"height\":1500,\"caption\":\"Kapitalis\"},\"image\":{\"@id\":\"https:\/\/kapitalis.com\/tunisie\/#\/schema\/logo\/image\/\"},\"sameAs\":[\"https:\/\/www.facebook.com\/KapitalisInfo\/\",\"https:\/\/x.com\/KapitalisInfo\",\"https:\/\/www.youtube.com\/channel\/UC-yDYrHyfFBWWZaOw3FPg9Q\"]},{\"@type\":\"Person\",\"@id\":\"https:\/\/kapitalis.com\/tunisie\/#\/schema\/person\/d71f33a9ca44f7bad4698210b480c8e9\",\"name\":\"webmaster kapitalis\",\"url\":\"https:\/\/kapitalis.com\/tunisie\/author\/webmaster-kapitalis\/\"}]}<\/script>\n<!-- \/ Yoast SEO plugin. -->","yoast_head_json":{"title":"Anas Hmaidi : \u00abKhaled Abbes conduit un lobby au sein du corps de la magistrature\u00bb - Kapitalis","robots":{"index":"index","follow":"follow","max-snippet":"max-snippet:-1","max-image-preview":"max-image-preview:large","max-video-preview":"max-video-preview:-1"},"canonical":"https:\/\/kapitalis.com\/tunisie\/2021\/08\/28\/anas-hmaidi-khaled-abbes-conduit-un-lobby-au-sein-du-corps-de-la-magistrature\/","og_locale":"fr_FR","og_type":"article","og_title":"Anas Hmaidi : \u00abKhaled Abbes conduit un lobby au sein du corps de la magistrature\u00bb - Kapitalis","og_description":"Invit\u00e9 hier, vendredi 27 ao\u00fbt 2021, dans l&rsquo;\u00e9mission \u00a0\u00bbWin inti win ahna\u00a0\u00bb sur Shems FM, le pr\u00e9sident de l&rsquo;Association des magistrats tunisiens (AMT) Anas Hmaidi a d\u00e9clar\u00e9 que le procureur de la Cour d&rsquo;appel de Nabeul, Khaled Abbes, a compl\u00e8tement contr\u00f4l\u00e9 le dernier mouvement dans le corps de la magistrature, soulignant que ce dernier avait...","og_url":"https:\/\/kapitalis.com\/tunisie\/2021\/08\/28\/anas-hmaidi-khaled-abbes-conduit-un-lobby-au-sein-du-corps-de-la-magistrature\/","og_site_name":"Kapitalis","article_publisher":"https:\/\/www.facebook.com\/KapitalisInfo\/","article_published_time":"2021-08-28T06:17:14+00:00","article_modified_time":"2021-08-28T06:18:50+00:00","og_image":[{"width":1200,"height":630,"url":"https:\/\/kapitalis.com\/tunisie\/wp-content\/uploads\/2022\/05\/kapitalis-logo-fb.png","type":"image\/png"}],"author":"webmaster kapitalis","twitter_card":"summary_large_image","twitter_creator":"@KapitalisInfo","twitter_site":"@KapitalisInfo","twitter_misc":{"\u00c9crit par":"webmaster kapitalis","Dur\u00e9e de lecture estim\u00e9e":"1 minute"},"schema":{"@context":"https:\/\/schema.org","@graph":[{"@type":"Article","@id":"https:\/\/kapitalis.com\/tunisie\/2021\/08\/28\/anas-hmaidi-khaled-abbes-conduit-un-lobby-au-sein-du-corps-de-la-magistrature\/#article","isPartOf":{"@id":"https:\/\/kapitalis.com\/tunisie\/2021\/08\/28\/anas-hmaidi-khaled-abbes-conduit-un-lobby-au-sein-du-corps-de-la-magistrature\/"},"author":{"name":"webmaster kapitalis","@id":"https:\/\/kapitalis.com\/tunisie\/#\/schema\/person\/d71f33a9ca44f7bad4698210b480c8e9"},"headline":"Anas Hmaidi : \u00abKhaled Abbes conduit un lobby au sein du corps de la magistrature\u00bb","datePublished":"2021-08-28T06:17:14+00:00","dateModified":"2021-08-28T06:18:50+00:00","mainEntityOfPage":{"@id":"https:\/\/kapitalis.com\/tunisie\/2021\/08\/28\/anas-hmaidi-khaled-abbes-conduit-un-lobby-au-sein-du-corps-de-la-magistrature\/"},"wordCount":277,"commentCount":3,"publisher":{"@id":"https:\/\/kapitalis.com\/tunisie\/#organization"},"image":{"@id":"https:\/\/kapitalis.com\/tunisie\/2021\/08\/28\/anas-hmaidi-khaled-abbes-conduit-un-lobby-au-sein-du-corps-de-la-magistrature\/#primaryimage"},"thumbnailUrl":"","keywords":["Anas Hmaidi","association des magistrats tunisiens","conseil sup\u00e9rieur de la magistrature","Khaled Abbes","Tunisie","Youssef Bouzakher","Zouhaier Makhlouf"],"articleSection":["POLITIQUE","Tunisie"],"inLanguage":"fr-FR","potentialAction":[{"@type":"CommentAction","name":"Comment","target":["https:\/\/kapitalis.com\/tunisie\/2021\/08\/28\/anas-hmaidi-khaled-abbes-conduit-un-lobby-au-sein-du-corps-de-la-magistrature\/#respond"]}]},{"@type":"WebPage","@id":"https:\/\/kapitalis.com\/tunisie\/2021\/08\/28\/anas-hmaidi-khaled-abbes-conduit-un-lobby-au-sein-du-corps-de-la-magistrature\/","url":"https:\/\/kapitalis.com\/tunisie\/2021\/08\/28\/anas-hmaidi-khaled-abbes-conduit-un-lobby-au-sein-du-corps-de-la-magistrature\/","name":"Anas Hmaidi : \u00abKhaled Abbes conduit un lobby au sein du corps de la magistrature\u00bb - Kapitalis","isPartOf":{"@id":"https:\/\/kapitalis.com\/tunisie\/#website"},"primaryImageOfPage":{"@id":"https:\/\/kapitalis.com\/tunisie\/2021\/08\/28\/anas-hmaidi-khaled-abbes-conduit-un-lobby-au-sein-du-corps-de-la-magistrature\/#primaryimage"},"image":{"@id":"https:\/\/kapitalis.com\/tunisie\/2021\/08\/28\/anas-hmaidi-khaled-abbes-conduit-un-lobby-au-sein-du-corps-de-la-magistrature\/#primaryimage"},"thumbnailUrl":"","datePublished":"2021-08-28T06:17:14+00:00","dateModified":"2021-08-28T06:18:50+00:00","breadcrumb":{"@id":"https:\/\/kapitalis.com\/tunisie\/2021\/08\/28\/anas-hmaidi-khaled-abbes-conduit-un-lobby-au-sein-du-corps-de-la-magistrature\/#breadcrumb"},"inLanguage":"fr-FR","potentialAction":[{"@type":"ReadAction","target":["https:\/\/kapitalis.com\/tunisie\/2021\/08\/28\/anas-hmaidi-khaled-abbes-conduit-un-lobby-au-sein-du-corps-de-la-magistrature\/"]}]},{"@type":"ImageObject","inLanguage":"fr-FR","@id":"https:\/\/kapitalis.com\/tunisie\/2021\/08\/28\/anas-hmaidi-khaled-abbes-conduit-un-lobby-au-sein-du-corps-de-la-magistrature\/#primaryimage","url":"","contentUrl":""},{"@type":"BreadcrumbList","@id":"https:\/\/kapitalis.com\/tunisie\/2021\/08\/28\/anas-hmaidi-khaled-abbes-conduit-un-lobby-au-sein-du-corps-de-la-magistrature\/#breadcrumb","itemListElement":[{"@type":"ListItem","position":1,"name":"Accueil","item":"https:\/\/kapitalis.com\/tunisie\/"},{"@type":"ListItem","position":2,"name":"Anas Hmaidi : \u00abKhaled Abbes conduit un lobby au sein du corps de la magistrature\u00bb"}]},{"@type":"WebSite","@id":"https:\/\/kapitalis.com\/tunisie\/#website","url":"https:\/\/kapitalis.com\/tunisie\/","name":"Kapitalis","description":"L&#039;actualit\u00e9 en Tunisie et dans le monde","publisher":{"@id":"https:\/\/kapitalis.com\/tunisie\/#organization"},"potentialAction":[{"@type":"SearchAction","target":{"@type":"EntryPoint","urlTemplate":"https:\/\/kapitalis.com\/tunisie\/?s={search_term_string}"},"query-input":{"@type":"PropertyValueSpecification","valueRequired":true,"valueName":"search_term_string"}}],"inLanguage":"fr-FR"},{"@type":"Organization","@id":"https:\/\/kapitalis.com\/tunisie\/#organization","name":"Kapitalis","url":"https:\/\/kapitalis.com\/tunisie\/","logo":{"@type":"ImageObject","inLanguage":"fr-FR","@id":"https:\/\/kapitalis.com\/tunisie\/#\/schema\/logo\/image\/","url":"https:\/\/kapitalis.com\/tunisie\/wp-content\/uploads\/2022\/05\/Kapitalis-big-size.png","contentUrl":"https:\/\/kapitalis.com\/tunisie\/wp-content\/uploads\/2022\/05\/Kapitalis-big-size.png","width":5000,"height":1500,"caption":"Kapitalis"},"image":{"@id":"https:\/\/kapitalis.com\/tunisie\/#\/schema\/logo\/image\/"},"sameAs":["https:\/\/www.facebook.com\/KapitalisInfo\/","https:\/\/x.com\/KapitalisInfo","https:\/\/www.youtube.com\/channel\/UC-yDYrHyfFBWWZaOw3FPg9Q"]},{"@type":"Person","@id":"https:\/\/kapitalis.com\/tunisie\/#\/schema\/person\/d71f33a9ca44f7bad4698210b480c8e9","name":"webmaster kapitalis","url":"https:\/\/kapitalis.com\/tunisie\/author\/webmaster-kapitalis\/"}]}},"_links":{"self":[{"href":"https:\/\/kapitalis.com\/tunisie\/wp-json\/wp\/v2\/posts\/360700","targetHints":{"allow":["GET"]}}],"collection":[{"href":"https:\/\/kapitalis.com\/tunisie\/wp-json\/wp\/v2\/posts"}],"about":[{"href":"https:\/\/kapitalis.com\/tunisie\/wp-json\/wp\/v2\/types\/post"}],"author":[{"embeddable":true,"href":"https:\/\/kapitalis.com\/tunisie\/wp-json\/wp\/v2\/users\/8"}],"replies":[{"embeddable":true,"href":"https:\/\/kapitalis.com\/tunisie\/wp-json\/wp\/v2\/comments?post=360700"}],"version-history":[{"count":0,"href":"https:\/\/kapitalis.com\/tunisie\/wp-json\/wp\/v2\/posts\/360700\/revisions"}],"wp:featuredmedia":[{"embeddable":true,"href":"https:\/\/kapitalis.com\/tunisie\/wp-json\/wp\/v2\/media\/360701"}],"wp:attachment":[{"href":"https:\/\/kapitalis.com\/tunisie\/wp-json\/wp\/v2\/media?parent=360700"}],"wp:term":[{"taxonomy":"category","embeddable":true,"href":"https:\/\/kapitalis.com\/tunisie\/wp-json\/wp\/v2\/categories?post=360700"},{"taxonomy":"post_tag","embeddable":true,"href":"https:\/\/kapitalis.com\/tunisie\/wp-json\/wp\/v2\/tags?post=360700"}],"curies":[{"name":"wp","href":"https:\/\/api.w.org\/{rel}","templated":true}]}}