{"id":3608101,"date":"2022-09-02T09:38:27","date_gmt":"2022-09-02T08:38:27","guid":{"rendered":"https:\/\/kapitalis.com\/tunisie\/?p=3608101"},"modified":"2022-09-02T09:38:29","modified_gmt":"2022-09-02T08:38:29","slug":"manarat-2022-le-bonheur-de-retrouver-de-nouveau-les-projections-sur-les-plages","status":"publish","type":"post","link":"https:\/\/kapitalis.com\/tunisie\/2022\/09\/02\/manarat-2022-le-bonheur-de-retrouver-de-nouveau-les-projections-sur-les-plages\/","title":{"rendered":"Manarat 2022 : Le bonheur de retrouver de nouveau les projections sur les plages"},"content":{"rendered":"\n<p><em><strong>Le Festival Manarat qui a d\u00e9marr\u00e9 le 30 ao\u00fbt et qui se cl\u00f4ture ce soir, 2 septembre, a offert au public cin\u00e9phile la possibilit\u00e9 de regarder une belle s\u00e9lection de films sur quatre plages diff\u00e9rentes. <\/strong><\/em><\/p>\n\n\n\n<!--more-->\n\n\n\n<p>Le Festival du Cin\u00e9ma m\u00e9diterran\u00e9en Manarat a marqu\u00e9 son grand retour cette semaine apr\u00e8s trois ann\u00e9es d\u2019absence. La troisi\u00e8me \u00e9dition s\u2019est tenue sous la nouvelle direction du cin\u00e9aste Nidhal Chatta qui a tenu \u00e0 garder l\u2019ADN du Festival, c\u2019est-\u00e0-dire essentiellement les projections gratuites sur les plages. <\/p>\n\n\n\n<p>Durant quatre jours, le public a pu d\u00e9couvrir plusieurs films r\u00e9cents. Une belle s\u00e9lection des derni\u00e8res productions du cin\u00e9ma d\u2019auteur m\u00e9diterran\u00e9en a \u00e9t\u00e9 propos\u00e9e gratuitement au public sur les plages de La Goulette, d\u2019Ezzahra, de Bizerte et de Hammamet. <\/p>\n\n\n\n<p>Le comit\u00e9 direction du festival a mis en avant cette ann\u00e9e des th\u00e8mes li\u00e9s essentiellement \u00e0 l\u2019\u00e9cologie et au changement climatique dans son choix des films pour rester en phase avec l\u2019actualit\u00e9 mondiale et pour sensibiliser le public tunisien sur la cause environnementale.<\/p>\n\n\n\n<p class=\"has-text-align-right\"><strong>F.B<\/strong><\/p>\n","protected":false},"excerpt":{"rendered":"<p>Le Festival Manarat qui a d\u00e9marr\u00e9 le 30 ao\u00fbt et qui se cl\u00f4ture ce soir, 2 septembre, a offert au public cin\u00e9phile la possibilit\u00e9 de regarder une belle s\u00e9lection de films sur quatre plages diff\u00e9rentes.<\/p>\n","protected":false},"author":26,"featured_media":3608377,"comment_status":"open","ping_status":"open","sticky":false,"template":"","format":"standard","meta":{"footnotes":""},"categories":[994,2433],"tags":[79309,98123,102288,62643],"class_list":["post-3608101","post","type-post","status-publish","format-standard","has-post-thumbnail","hentry","category-culture","category-tunisie","tag-cinema-mediterraneen","tag-manarat-2022","tag-projections-sur-la-plage","tag-tunisie"],"yoast_head":"<!-- This site is optimized with the Yoast SEO plugin v26.6 - https:\/\/yoast.com\/wordpress\/plugins\/seo\/ -->\n<title>Manarat 2022 : Le bonheur de retrouver de nouveau les projections sur les plages - Kapitalis<\/title>\n<meta name=\"robots\" content=\"index, follow, max-snippet:-1, max-image-preview:large, max-video-preview:-1\" \/>\n<link rel=\"canonical\" href=\"https:\/\/kapitalis.com\/tunisie\/2022\/09\/02\/manarat-2022-le-bonheur-de-retrouver-de-nouveau-les-projections-sur-les-plages\/\" \/>\n<meta property=\"og:locale\" content=\"fr_FR\" \/>\n<meta property=\"og:type\" content=\"article\" \/>\n<meta property=\"og:title\" content=\"Manarat 2022 : Le bonheur de retrouver de nouveau les projections sur les plages - Kapitalis\" \/>\n<meta property=\"og:description\" content=\"Le Festival Manarat qui a d\u00e9marr\u00e9 le 30 ao\u00fbt et qui se cl\u00f4ture ce soir, 2 septembre, a offert au public cin\u00e9phile la possibilit\u00e9 de regarder une belle s\u00e9lection de films sur quatre plages diff\u00e9rentes.\" \/>\n<meta property=\"og:url\" content=\"https:\/\/kapitalis.com\/tunisie\/2022\/09\/02\/manarat-2022-le-bonheur-de-retrouver-de-nouveau-les-projections-sur-les-plages\/\" \/>\n<meta property=\"og:site_name\" content=\"Kapitalis\" \/>\n<meta property=\"article:publisher\" content=\"https:\/\/www.facebook.com\/KapitalisInfo\/\" \/>\n<meta property=\"article:published_time\" content=\"2022-09-02T08:38:27+00:00\" \/>\n<meta property=\"article:modified_time\" content=\"2022-09-02T08:38:29+00:00\" \/>\n<meta property=\"og:image\" content=\"https:\/\/kapitalis.com\/tunisie\/wp-content\/uploads\/2022\/09\/Manarat.jpg\" \/>\n\t<meta property=\"og:image:width\" content=\"1200\" \/>\n\t<meta property=\"og:image:height\" content=\"630\" \/>\n\t<meta property=\"og:image:type\" content=\"image\/jpeg\" \/>\n<meta name=\"author\" content=\"Fawz BenAli\" \/>\n<meta name=\"twitter:card\" content=\"summary_large_image\" \/>\n<meta name=\"twitter:creator\" content=\"@KapitalisInfo\" \/>\n<meta name=\"twitter:site\" content=\"@KapitalisInfo\" \/>\n<meta name=\"twitter:label1\" content=\"\u00c9crit par\" \/>\n\t<meta name=\"twitter:data1\" content=\"Fawz BenAli\" \/>\n\t<meta name=\"twitter:label2\" content=\"Dur\u00e9e de lecture estim\u00e9e\" \/>\n\t<meta name=\"twitter:data2\" content=\"1 minute\" \/>\n<script type=\"application\/ld+json\" class=\"yoast-schema-graph\">{\"@context\":\"https:\/\/schema.org\",\"@graph\":[{\"@type\":\"Article\",\"@id\":\"https:\/\/kapitalis.com\/tunisie\/2022\/09\/02\/manarat-2022-le-bonheur-de-retrouver-de-nouveau-les-projections-sur-les-plages\/#article\",\"isPartOf\":{\"@id\":\"https:\/\/kapitalis.com\/tunisie\/2022\/09\/02\/manarat-2022-le-bonheur-de-retrouver-de-nouveau-les-projections-sur-les-plages\/\"},\"author\":{\"name\":\"Fawz BenAli\",\"@id\":\"https:\/\/kapitalis.com\/tunisie\/#\/schema\/person\/73a5ecc1f6ae540c6ed91342eadca948\"},\"headline\":\"Manarat 2022 : Le bonheur de retrouver de nouveau les projections sur les plages\",\"datePublished\":\"2022-09-02T08:38:27+00:00\",\"dateModified\":\"2022-09-02T08:38:29+00:00\",\"mainEntityOfPage\":{\"@id\":\"https:\/\/kapitalis.com\/tunisie\/2022\/09\/02\/manarat-2022-le-bonheur-de-retrouver-de-nouveau-les-projections-sur-les-plages\/\"},\"wordCount\":206,\"commentCount\":0,\"publisher\":{\"@id\":\"https:\/\/kapitalis.com\/tunisie\/#organization\"},\"image\":{\"@id\":\"https:\/\/kapitalis.com\/tunisie\/2022\/09\/02\/manarat-2022-le-bonheur-de-retrouver-de-nouveau-les-projections-sur-les-plages\/#primaryimage\"},\"thumbnailUrl\":\"https:\/\/kapitalis.com\/tunisie\/wp-content\/uploads\/2022\/09\/Manarat.jpg\",\"keywords\":[\"cin\u00e9ma m\u00e9diterran\u00e9en\",\"Manarat 2022\",\"projections sur la plage\",\"Tunisie\"],\"articleSection\":[\"CULTURE\",\"Tunisie\"],\"inLanguage\":\"fr-FR\",\"potentialAction\":[{\"@type\":\"CommentAction\",\"name\":\"Comment\",\"target\":[\"https:\/\/kapitalis.com\/tunisie\/2022\/09\/02\/manarat-2022-le-bonheur-de-retrouver-de-nouveau-les-projections-sur-les-plages\/#respond\"]}]},{\"@type\":\"WebPage\",\"@id\":\"https:\/\/kapitalis.com\/tunisie\/2022\/09\/02\/manarat-2022-le-bonheur-de-retrouver-de-nouveau-les-projections-sur-les-plages\/\",\"url\":\"https:\/\/kapitalis.com\/tunisie\/2022\/09\/02\/manarat-2022-le-bonheur-de-retrouver-de-nouveau-les-projections-sur-les-plages\/\",\"name\":\"Manarat 2022 : Le bonheur de retrouver de nouveau les projections sur les plages - Kapitalis\",\"isPartOf\":{\"@id\":\"https:\/\/kapitalis.com\/tunisie\/#website\"},\"primaryImageOfPage\":{\"@id\":\"https:\/\/kapitalis.com\/tunisie\/2022\/09\/02\/manarat-2022-le-bonheur-de-retrouver-de-nouveau-les-projections-sur-les-plages\/#primaryimage\"},\"image\":{\"@id\":\"https:\/\/kapitalis.com\/tunisie\/2022\/09\/02\/manarat-2022-le-bonheur-de-retrouver-de-nouveau-les-projections-sur-les-plages\/#primaryimage\"},\"thumbnailUrl\":\"https:\/\/kapitalis.com\/tunisie\/wp-content\/uploads\/2022\/09\/Manarat.jpg\",\"datePublished\":\"2022-09-02T08:38:27+00:00\",\"dateModified\":\"2022-09-02T08:38:29+00:00\",\"breadcrumb\":{\"@id\":\"https:\/\/kapitalis.com\/tunisie\/2022\/09\/02\/manarat-2022-le-bonheur-de-retrouver-de-nouveau-les-projections-sur-les-plages\/#breadcrumb\"},\"inLanguage\":\"fr-FR\",\"potentialAction\":[{\"@type\":\"ReadAction\",\"target\":[\"https:\/\/kapitalis.com\/tunisie\/2022\/09\/02\/manarat-2022-le-bonheur-de-retrouver-de-nouveau-les-projections-sur-les-plages\/\"]}]},{\"@type\":\"ImageObject\",\"inLanguage\":\"fr-FR\",\"@id\":\"https:\/\/kapitalis.com\/tunisie\/2022\/09\/02\/manarat-2022-le-bonheur-de-retrouver-de-nouveau-les-projections-sur-les-plages\/#primaryimage\",\"url\":\"https:\/\/kapitalis.com\/tunisie\/wp-content\/uploads\/2022\/09\/Manarat.jpg\",\"contentUrl\":\"https:\/\/kapitalis.com\/tunisie\/wp-content\/uploads\/2022\/09\/Manarat.jpg\",\"width\":1200,\"height\":630},{\"@type\":\"BreadcrumbList\",\"@id\":\"https:\/\/kapitalis.com\/tunisie\/2022\/09\/02\/manarat-2022-le-bonheur-de-retrouver-de-nouveau-les-projections-sur-les-plages\/#breadcrumb\",\"itemListElement\":[{\"@type\":\"ListItem\",\"position\":1,\"name\":\"Accueil\",\"item\":\"https:\/\/kapitalis.com\/tunisie\/\"},{\"@type\":\"ListItem\",\"position\":2,\"name\":\"Manarat 2022 : Le bonheur de retrouver de nouveau les projections sur les plages\"}]},{\"@type\":\"WebSite\",\"@id\":\"https:\/\/kapitalis.com\/tunisie\/#website\",\"url\":\"https:\/\/kapitalis.com\/tunisie\/\",\"name\":\"Kapitalis\",\"description\":\"L&#039;actualit\u00e9 en Tunisie et dans le monde\",\"publisher\":{\"@id\":\"https:\/\/kapitalis.com\/tunisie\/#organization\"},\"potentialAction\":[{\"@type\":\"SearchAction\",\"target\":{\"@type\":\"EntryPoint\",\"urlTemplate\":\"https:\/\/kapitalis.com\/tunisie\/?s={search_term_string}\"},\"query-input\":{\"@type\":\"PropertyValueSpecification\",\"valueRequired\":true,\"valueName\":\"search_term_string\"}}],\"inLanguage\":\"fr-FR\"},{\"@type\":\"Organization\",\"@id\":\"https:\/\/kapitalis.com\/tunisie\/#organization\",\"name\":\"Kapitalis\",\"url\":\"https:\/\/kapitalis.com\/tunisie\/\",\"logo\":{\"@type\":\"ImageObject\",\"inLanguage\":\"fr-FR\",\"@id\":\"https:\/\/kapitalis.com\/tunisie\/#\/schema\/logo\/image\/\",\"url\":\"https:\/\/kapitalis.com\/tunisie\/wp-content\/uploads\/2022\/05\/Kapitalis-big-size.png\",\"contentUrl\":\"https:\/\/kapitalis.com\/tunisie\/wp-content\/uploads\/2022\/05\/Kapitalis-big-size.png\",\"width\":5000,\"height\":1500,\"caption\":\"Kapitalis\"},\"image\":{\"@id\":\"https:\/\/kapitalis.com\/tunisie\/#\/schema\/logo\/image\/\"},\"sameAs\":[\"https:\/\/www.facebook.com\/KapitalisInfo\/\",\"https:\/\/x.com\/KapitalisInfo\",\"https:\/\/www.youtube.com\/channel\/UC-yDYrHyfFBWWZaOw3FPg9Q\"]},{\"@type\":\"Person\",\"@id\":\"https:\/\/kapitalis.com\/tunisie\/#\/schema\/person\/73a5ecc1f6ae540c6ed91342eadca948\",\"name\":\"Fawz BenAli\",\"url\":\"https:\/\/kapitalis.com\/tunisie\/author\/fawz\/\"}]}<\/script>\n<!-- \/ Yoast SEO plugin. -->","yoast_head_json":{"title":"Manarat 2022 : Le bonheur de retrouver de nouveau les projections sur les plages - Kapitalis","robots":{"index":"index","follow":"follow","max-snippet":"max-snippet:-1","max-image-preview":"max-image-preview:large","max-video-preview":"max-video-preview:-1"},"canonical":"https:\/\/kapitalis.com\/tunisie\/2022\/09\/02\/manarat-2022-le-bonheur-de-retrouver-de-nouveau-les-projections-sur-les-plages\/","og_locale":"fr_FR","og_type":"article","og_title":"Manarat 2022 : Le bonheur de retrouver de nouveau les projections sur les plages - Kapitalis","og_description":"Le Festival Manarat qui a d\u00e9marr\u00e9 le 30 ao\u00fbt et qui se cl\u00f4ture ce soir, 2 septembre, a offert au public cin\u00e9phile la possibilit\u00e9 de regarder une belle s\u00e9lection de films sur quatre plages diff\u00e9rentes.","og_url":"https:\/\/kapitalis.com\/tunisie\/2022\/09\/02\/manarat-2022-le-bonheur-de-retrouver-de-nouveau-les-projections-sur-les-plages\/","og_site_name":"Kapitalis","article_publisher":"https:\/\/www.facebook.com\/KapitalisInfo\/","article_published_time":"2022-09-02T08:38:27+00:00","article_modified_time":"2022-09-02T08:38:29+00:00","og_image":[{"width":1200,"height":630,"url":"https:\/\/kapitalis.com\/tunisie\/wp-content\/uploads\/2022\/09\/Manarat.jpg","type":"image\/jpeg"}],"author":"Fawz BenAli","twitter_card":"summary_large_image","twitter_creator":"@KapitalisInfo","twitter_site":"@KapitalisInfo","twitter_misc":{"\u00c9crit par":"Fawz BenAli","Dur\u00e9e de lecture estim\u00e9e":"1 minute"},"schema":{"@context":"https:\/\/schema.org","@graph":[{"@type":"Article","@id":"https:\/\/kapitalis.com\/tunisie\/2022\/09\/02\/manarat-2022-le-bonheur-de-retrouver-de-nouveau-les-projections-sur-les-plages\/#article","isPartOf":{"@id":"https:\/\/kapitalis.com\/tunisie\/2022\/09\/02\/manarat-2022-le-bonheur-de-retrouver-de-nouveau-les-projections-sur-les-plages\/"},"author":{"name":"Fawz BenAli","@id":"https:\/\/kapitalis.com\/tunisie\/#\/schema\/person\/73a5ecc1f6ae540c6ed91342eadca948"},"headline":"Manarat 2022 : Le bonheur de retrouver de nouveau les projections sur les plages","datePublished":"2022-09-02T08:38:27+00:00","dateModified":"2022-09-02T08:38:29+00:00","mainEntityOfPage":{"@id":"https:\/\/kapitalis.com\/tunisie\/2022\/09\/02\/manarat-2022-le-bonheur-de-retrouver-de-nouveau-les-projections-sur-les-plages\/"},"wordCount":206,"commentCount":0,"publisher":{"@id":"https:\/\/kapitalis.com\/tunisie\/#organization"},"image":{"@id":"https:\/\/kapitalis.com\/tunisie\/2022\/09\/02\/manarat-2022-le-bonheur-de-retrouver-de-nouveau-les-projections-sur-les-plages\/#primaryimage"},"thumbnailUrl":"https:\/\/kapitalis.com\/tunisie\/wp-content\/uploads\/2022\/09\/Manarat.jpg","keywords":["cin\u00e9ma m\u00e9diterran\u00e9en","Manarat 2022","projections sur la plage","Tunisie"],"articleSection":["CULTURE","Tunisie"],"inLanguage":"fr-FR","potentialAction":[{"@type":"CommentAction","name":"Comment","target":["https:\/\/kapitalis.com\/tunisie\/2022\/09\/02\/manarat-2022-le-bonheur-de-retrouver-de-nouveau-les-projections-sur-les-plages\/#respond"]}]},{"@type":"WebPage","@id":"https:\/\/kapitalis.com\/tunisie\/2022\/09\/02\/manarat-2022-le-bonheur-de-retrouver-de-nouveau-les-projections-sur-les-plages\/","url":"https:\/\/kapitalis.com\/tunisie\/2022\/09\/02\/manarat-2022-le-bonheur-de-retrouver-de-nouveau-les-projections-sur-les-plages\/","name":"Manarat 2022 : Le bonheur de retrouver de nouveau les projections sur les plages - Kapitalis","isPartOf":{"@id":"https:\/\/kapitalis.com\/tunisie\/#website"},"primaryImageOfPage":{"@id":"https:\/\/kapitalis.com\/tunisie\/2022\/09\/02\/manarat-2022-le-bonheur-de-retrouver-de-nouveau-les-projections-sur-les-plages\/#primaryimage"},"image":{"@id":"https:\/\/kapitalis.com\/tunisie\/2022\/09\/02\/manarat-2022-le-bonheur-de-retrouver-de-nouveau-les-projections-sur-les-plages\/#primaryimage"},"thumbnailUrl":"https:\/\/kapitalis.com\/tunisie\/wp-content\/uploads\/2022\/09\/Manarat.jpg","datePublished":"2022-09-02T08:38:27+00:00","dateModified":"2022-09-02T08:38:29+00:00","breadcrumb":{"@id":"https:\/\/kapitalis.com\/tunisie\/2022\/09\/02\/manarat-2022-le-bonheur-de-retrouver-de-nouveau-les-projections-sur-les-plages\/#breadcrumb"},"inLanguage":"fr-FR","potentialAction":[{"@type":"ReadAction","target":["https:\/\/kapitalis.com\/tunisie\/2022\/09\/02\/manarat-2022-le-bonheur-de-retrouver-de-nouveau-les-projections-sur-les-plages\/"]}]},{"@type":"ImageObject","inLanguage":"fr-FR","@id":"https:\/\/kapitalis.com\/tunisie\/2022\/09\/02\/manarat-2022-le-bonheur-de-retrouver-de-nouveau-les-projections-sur-les-plages\/#primaryimage","url":"https:\/\/kapitalis.com\/tunisie\/wp-content\/uploads\/2022\/09\/Manarat.jpg","contentUrl":"https:\/\/kapitalis.com\/tunisie\/wp-content\/uploads\/2022\/09\/Manarat.jpg","width":1200,"height":630},{"@type":"BreadcrumbList","@id":"https:\/\/kapitalis.com\/tunisie\/2022\/09\/02\/manarat-2022-le-bonheur-de-retrouver-de-nouveau-les-projections-sur-les-plages\/#breadcrumb","itemListElement":[{"@type":"ListItem","position":1,"name":"Accueil","item":"https:\/\/kapitalis.com\/tunisie\/"},{"@type":"ListItem","position":2,"name":"Manarat 2022 : Le bonheur de retrouver de nouveau les projections sur les plages"}]},{"@type":"WebSite","@id":"https:\/\/kapitalis.com\/tunisie\/#website","url":"https:\/\/kapitalis.com\/tunisie\/","name":"Kapitalis","description":"L&#039;actualit\u00e9 en Tunisie et dans le monde","publisher":{"@id":"https:\/\/kapitalis.com\/tunisie\/#organization"},"potentialAction":[{"@type":"SearchAction","target":{"@type":"EntryPoint","urlTemplate":"https:\/\/kapitalis.com\/tunisie\/?s={search_term_string}"},"query-input":{"@type":"PropertyValueSpecification","valueRequired":true,"valueName":"search_term_string"}}],"inLanguage":"fr-FR"},{"@type":"Organization","@id":"https:\/\/kapitalis.com\/tunisie\/#organization","name":"Kapitalis","url":"https:\/\/kapitalis.com\/tunisie\/","logo":{"@type":"ImageObject","inLanguage":"fr-FR","@id":"https:\/\/kapitalis.com\/tunisie\/#\/schema\/logo\/image\/","url":"https:\/\/kapitalis.com\/tunisie\/wp-content\/uploads\/2022\/05\/Kapitalis-big-size.png","contentUrl":"https:\/\/kapitalis.com\/tunisie\/wp-content\/uploads\/2022\/05\/Kapitalis-big-size.png","width":5000,"height":1500,"caption":"Kapitalis"},"image":{"@id":"https:\/\/kapitalis.com\/tunisie\/#\/schema\/logo\/image\/"},"sameAs":["https:\/\/www.facebook.com\/KapitalisInfo\/","https:\/\/x.com\/KapitalisInfo","https:\/\/www.youtube.com\/channel\/UC-yDYrHyfFBWWZaOw3FPg9Q"]},{"@type":"Person","@id":"https:\/\/kapitalis.com\/tunisie\/#\/schema\/person\/73a5ecc1f6ae540c6ed91342eadca948","name":"Fawz BenAli","url":"https:\/\/kapitalis.com\/tunisie\/author\/fawz\/"}]}},"_links":{"self":[{"href":"https:\/\/kapitalis.com\/tunisie\/wp-json\/wp\/v2\/posts\/3608101","targetHints":{"allow":["GET"]}}],"collection":[{"href":"https:\/\/kapitalis.com\/tunisie\/wp-json\/wp\/v2\/posts"}],"about":[{"href":"https:\/\/kapitalis.com\/tunisie\/wp-json\/wp\/v2\/types\/post"}],"author":[{"embeddable":true,"href":"https:\/\/kapitalis.com\/tunisie\/wp-json\/wp\/v2\/users\/26"}],"replies":[{"embeddable":true,"href":"https:\/\/kapitalis.com\/tunisie\/wp-json\/wp\/v2\/comments?post=3608101"}],"version-history":[{"count":0,"href":"https:\/\/kapitalis.com\/tunisie\/wp-json\/wp\/v2\/posts\/3608101\/revisions"}],"wp:featuredmedia":[{"embeddable":true,"href":"https:\/\/kapitalis.com\/tunisie\/wp-json\/wp\/v2\/media\/3608377"}],"wp:attachment":[{"href":"https:\/\/kapitalis.com\/tunisie\/wp-json\/wp\/v2\/media?parent=3608101"}],"wp:term":[{"taxonomy":"category","embeddable":true,"href":"https:\/\/kapitalis.com\/tunisie\/wp-json\/wp\/v2\/categories?post=3608101"},{"taxonomy":"post_tag","embeddable":true,"href":"https:\/\/kapitalis.com\/tunisie\/wp-json\/wp\/v2\/tags?post=3608101"}],"curies":[{"name":"wp","href":"https:\/\/api.w.org\/{rel}","templated":true}]}}