{"id":361070,"date":"2021-08-31T16:32:37","date_gmt":"2021-08-31T15:32:37","guid":{"rendered":"http:\/\/kapitalis.com\/tunisie\/?p=361070"},"modified":"2021-08-31T16:37:13","modified_gmt":"2021-08-31T15:37:13","slug":"tunisie-le-ministere-du-commerce-fixe-les-nouveaux-tarifs-des-pommes-de-terre-et-des-volailles","status":"publish","type":"post","link":"https:\/\/kapitalis.com\/tunisie\/2021\/08\/31\/tunisie-le-ministere-du-commerce-fixe-les-nouveaux-tarifs-des-pommes-de-terre-et-des-volailles\/","title":{"rendered":"Tunisie : Le minist\u00e8re du Commerce fixe les nouveaux tarifs des pommes de terre et des volailles"},"content":{"rendered":"\n<div class=\"wp-block-image\"><figure class=\"aligncenter size-large\"><img decoding=\"async\" src=\"http:\/\/kapitalis.com\/tunisie\/wp-content\/uploads\/2021\/08\/volaille-p-d-terre.jpg\" alt=\"\" class=\"wp-image-361077\"\/><\/figure><\/div>\n\n\n\n<p><strong><em>Le minist\u00e8re du Commerce a fix\u00e9, aujourd&rsquo;hui mardi 31 ao\u00fbt 2021, les nouveaux tarifs impos\u00e9s pour la vente des pommes de terre et des volailles, en Tunisie, qui seront effectifs d\u00e8s demain<\/em><\/strong><em><strong>, mardi 1er septembre.<\/strong><\/em><\/p>\n\n\n\n<!--more-->\n\n\n\n<p>Dans son communiqu\u00e9 le minist\u00e8re pr\u00e9cise ainsi, que le prix de vente du kilo de pommes de terre a \u00e9t\u00e9 fix\u00e9 \u00e0 1 dinar pour les entrep\u00f4ts frigorifiques, 1dt200 pour la vente en gros et 1dt380 pour la vente au public.<\/p>\n\n\n\n<p>\u00abTous les intervenants dans l\u2019approvisionnement doivent poursuivre l\u2019alimentation des march\u00e9s avec les stocks n\u00e9cessaires et respecter les circuits de vente et d\u2019achat\u00bb, indique le minist\u00e8re dans son communiqu\u00e9 en appelant les propri\u00e9taires des entrep\u00f4ts de stockage et les transporteurs, \u00e0 pr\u00e9senter des justificatifs de leurs activit\u00e9s et les documents prouvant qu\u2019ils respectent les circuits organis\u00e9s.<\/p>\n\n\n\n<p>Quant aux volailles, les prix ont \u00e9t\u00e9 fix\u00e9s comme suit : Poulet pr\u00eat \u00e0 cuir : 6 dinars le kilo pour les abattoirs et 6dt900 pour le public \/ Escalope de dinde: 11dt700 aux abattoirs et 13dt500 pour le public.<\/p>\n\n\n\n<p>Dans son communiqu\u00e9, le minist\u00e8re pr\u00e9cise que la marge de b\u00e9n\u00e9fice des d\u00e9riv\u00e9s des volailles a \u00e9t\u00e9 fix\u00e9e \u00e0 15% , en indiquant  que toute violation des prix mentionn\u00e9s et des marges b\u00e9n\u00e9ficiaires engendrera des sanctions, sachant que des contr\u00f4les seront men\u00e9s dans tout le pays.<\/p>\n\n\n\n<p class=\"has-text-align-right\"><strong>Y. N. <\/strong><\/p>\n","protected":false},"excerpt":{"rendered":"<p>Le minist\u00e8re du Commerce a fix\u00e9, aujourd&rsquo;hui mardi 31 ao\u00fbt 2021, les nouveaux tarifs impos\u00e9s pour la vente des pommes de terre et des volailles, en Tunisie, qui seront effectifs d\u00e8s demain, mardi 1er septembre.<\/p>\n","protected":false},"author":6,"featured_media":361077,"comment_status":"open","ping_status":"open","sticky":false,"template":"","format":"standard","meta":{"footnotes":""},"categories":[993,998,2433],"tags":[93027,2072,9092,10798,740,2916,62643,93026],"class_list":["post-361070","post","type-post","status-publish","format-standard","has-post-thumbnail","hentry","category-conso","category-societe","category-tunisie","tag-escalope","tag-ministere-commerce","tag-pommes-de-terre","tag-poulet","tag-prix","tag-tarifs","tag-tunisie","tag-volailles"],"yoast_head":"<!-- This site is optimized with the Yoast SEO plugin v26.6 - https:\/\/yoast.com\/wordpress\/plugins\/seo\/ -->\n<title>Tunisie : Le minist\u00e8re du Commerce fixe les nouveaux tarifs des pommes de terre et des volailles - Kapitalis<\/title>\n<meta name=\"robots\" content=\"index, follow, max-snippet:-1, max-image-preview:large, max-video-preview:-1\" \/>\n<link rel=\"canonical\" href=\"https:\/\/kapitalis.com\/tunisie\/2021\/08\/31\/tunisie-le-ministere-du-commerce-fixe-les-nouveaux-tarifs-des-pommes-de-terre-et-des-volailles\/\" \/>\n<meta property=\"og:locale\" content=\"fr_FR\" \/>\n<meta property=\"og:type\" content=\"article\" \/>\n<meta property=\"og:title\" content=\"Tunisie : Le minist\u00e8re du Commerce fixe les nouveaux tarifs des pommes de terre et des volailles - Kapitalis\" \/>\n<meta property=\"og:description\" content=\"Le minist\u00e8re du Commerce a fix\u00e9, aujourd&rsquo;hui mardi 31 ao\u00fbt 2021, les nouveaux tarifs impos\u00e9s pour la vente des pommes de terre et des volailles, en Tunisie, qui seront effectifs d\u00e8s demain, mardi 1er septembre.\" \/>\n<meta property=\"og:url\" content=\"https:\/\/kapitalis.com\/tunisie\/2021\/08\/31\/tunisie-le-ministere-du-commerce-fixe-les-nouveaux-tarifs-des-pommes-de-terre-et-des-volailles\/\" \/>\n<meta property=\"og:site_name\" content=\"Kapitalis\" \/>\n<meta property=\"article:publisher\" content=\"https:\/\/www.facebook.com\/KapitalisInfo\/\" \/>\n<meta property=\"article:published_time\" content=\"2021-08-31T15:32:37+00:00\" \/>\n<meta property=\"article:modified_time\" content=\"2021-08-31T15:37:13+00:00\" \/>\n<meta property=\"og:image\" content=\"https:\/\/kapitalis.com\/tunisie\/wp-content\/uploads\/2022\/05\/kapitalis-logo-fb.png\" \/>\n\t<meta property=\"og:image:width\" content=\"1200\" \/>\n\t<meta property=\"og:image:height\" content=\"630\" \/>\n\t<meta property=\"og:image:type\" content=\"image\/png\" \/>\n<meta name=\"author\" content=\"Yusra NY\" \/>\n<meta name=\"twitter:card\" content=\"summary_large_image\" \/>\n<meta name=\"twitter:creator\" content=\"@KapitalisInfo\" \/>\n<meta name=\"twitter:site\" content=\"@KapitalisInfo\" \/>\n<meta name=\"twitter:label1\" content=\"\u00c9crit par\" \/>\n\t<meta name=\"twitter:data1\" content=\"Yusra NY\" \/>\n\t<meta name=\"twitter:label2\" content=\"Dur\u00e9e de lecture estim\u00e9e\" \/>\n\t<meta name=\"twitter:data2\" content=\"1 minute\" \/>\n<script type=\"application\/ld+json\" class=\"yoast-schema-graph\">{\"@context\":\"https:\/\/schema.org\",\"@graph\":[{\"@type\":\"Article\",\"@id\":\"https:\/\/kapitalis.com\/tunisie\/2021\/08\/31\/tunisie-le-ministere-du-commerce-fixe-les-nouveaux-tarifs-des-pommes-de-terre-et-des-volailles\/#article\",\"isPartOf\":{\"@id\":\"https:\/\/kapitalis.com\/tunisie\/2021\/08\/31\/tunisie-le-ministere-du-commerce-fixe-les-nouveaux-tarifs-des-pommes-de-terre-et-des-volailles\/\"},\"author\":{\"name\":\"Yusra NY\",\"@id\":\"https:\/\/kapitalis.com\/tunisie\/#\/schema\/person\/74bbde0154d49d790a92aaeac5bc01d5\"},\"headline\":\"Tunisie : Le minist\u00e8re du Commerce fixe les nouveaux tarifs des pommes de terre et des volailles\",\"datePublished\":\"2021-08-31T15:32:37+00:00\",\"dateModified\":\"2021-08-31T15:37:13+00:00\",\"mainEntityOfPage\":{\"@id\":\"https:\/\/kapitalis.com\/tunisie\/2021\/08\/31\/tunisie-le-ministere-du-commerce-fixe-les-nouveaux-tarifs-des-pommes-de-terre-et-des-volailles\/\"},\"wordCount\":256,\"commentCount\":3,\"publisher\":{\"@id\":\"https:\/\/kapitalis.com\/tunisie\/#organization\"},\"image\":{\"@id\":\"https:\/\/kapitalis.com\/tunisie\/2021\/08\/31\/tunisie-le-ministere-du-commerce-fixe-les-nouveaux-tarifs-des-pommes-de-terre-et-des-volailles\/#primaryimage\"},\"thumbnailUrl\":\"\",\"keywords\":[\"escalope\",\"minist\u00e8re commerce\",\"pommes de terre\",\"poulet\",\"prix\",\"tarifs\",\"Tunisie\",\"volailles\"],\"articleSection\":[\"CONSO\",\"SOCIETE\",\"Tunisie\"],\"inLanguage\":\"fr-FR\",\"potentialAction\":[{\"@type\":\"CommentAction\",\"name\":\"Comment\",\"target\":[\"https:\/\/kapitalis.com\/tunisie\/2021\/08\/31\/tunisie-le-ministere-du-commerce-fixe-les-nouveaux-tarifs-des-pommes-de-terre-et-des-volailles\/#respond\"]}]},{\"@type\":\"WebPage\",\"@id\":\"https:\/\/kapitalis.com\/tunisie\/2021\/08\/31\/tunisie-le-ministere-du-commerce-fixe-les-nouveaux-tarifs-des-pommes-de-terre-et-des-volailles\/\",\"url\":\"https:\/\/kapitalis.com\/tunisie\/2021\/08\/31\/tunisie-le-ministere-du-commerce-fixe-les-nouveaux-tarifs-des-pommes-de-terre-et-des-volailles\/\",\"name\":\"Tunisie : Le minist\u00e8re du Commerce fixe les nouveaux tarifs des pommes de terre et des volailles - Kapitalis\",\"isPartOf\":{\"@id\":\"https:\/\/kapitalis.com\/tunisie\/#website\"},\"primaryImageOfPage\":{\"@id\":\"https:\/\/kapitalis.com\/tunisie\/2021\/08\/31\/tunisie-le-ministere-du-commerce-fixe-les-nouveaux-tarifs-des-pommes-de-terre-et-des-volailles\/#primaryimage\"},\"image\":{\"@id\":\"https:\/\/kapitalis.com\/tunisie\/2021\/08\/31\/tunisie-le-ministere-du-commerce-fixe-les-nouveaux-tarifs-des-pommes-de-terre-et-des-volailles\/#primaryimage\"},\"thumbnailUrl\":\"\",\"datePublished\":\"2021-08-31T15:32:37+00:00\",\"dateModified\":\"2021-08-31T15:37:13+00:00\",\"breadcrumb\":{\"@id\":\"https:\/\/kapitalis.com\/tunisie\/2021\/08\/31\/tunisie-le-ministere-du-commerce-fixe-les-nouveaux-tarifs-des-pommes-de-terre-et-des-volailles\/#breadcrumb\"},\"inLanguage\":\"fr-FR\",\"potentialAction\":[{\"@type\":\"ReadAction\",\"target\":[\"https:\/\/kapitalis.com\/tunisie\/2021\/08\/31\/tunisie-le-ministere-du-commerce-fixe-les-nouveaux-tarifs-des-pommes-de-terre-et-des-volailles\/\"]}]},{\"@type\":\"ImageObject\",\"inLanguage\":\"fr-FR\",\"@id\":\"https:\/\/kapitalis.com\/tunisie\/2021\/08\/31\/tunisie-le-ministere-du-commerce-fixe-les-nouveaux-tarifs-des-pommes-de-terre-et-des-volailles\/#primaryimage\",\"url\":\"\",\"contentUrl\":\"\"},{\"@type\":\"BreadcrumbList\",\"@id\":\"https:\/\/kapitalis.com\/tunisie\/2021\/08\/31\/tunisie-le-ministere-du-commerce-fixe-les-nouveaux-tarifs-des-pommes-de-terre-et-des-volailles\/#breadcrumb\",\"itemListElement\":[{\"@type\":\"ListItem\",\"position\":1,\"name\":\"Accueil\",\"item\":\"https:\/\/kapitalis.com\/tunisie\/\"},{\"@type\":\"ListItem\",\"position\":2,\"name\":\"Tunisie : Le minist\u00e8re du Commerce fixe les nouveaux tarifs des pommes de terre et des volailles\"}]},{\"@type\":\"WebSite\",\"@id\":\"https:\/\/kapitalis.com\/tunisie\/#website\",\"url\":\"https:\/\/kapitalis.com\/tunisie\/\",\"name\":\"Kapitalis\",\"description\":\"L&#039;actualit\u00e9 en Tunisie et dans le monde\",\"publisher\":{\"@id\":\"https:\/\/kapitalis.com\/tunisie\/#organization\"},\"potentialAction\":[{\"@type\":\"SearchAction\",\"target\":{\"@type\":\"EntryPoint\",\"urlTemplate\":\"https:\/\/kapitalis.com\/tunisie\/?s={search_term_string}\"},\"query-input\":{\"@type\":\"PropertyValueSpecification\",\"valueRequired\":true,\"valueName\":\"search_term_string\"}}],\"inLanguage\":\"fr-FR\"},{\"@type\":\"Organization\",\"@id\":\"https:\/\/kapitalis.com\/tunisie\/#organization\",\"name\":\"Kapitalis\",\"url\":\"https:\/\/kapitalis.com\/tunisie\/\",\"logo\":{\"@type\":\"ImageObject\",\"inLanguage\":\"fr-FR\",\"@id\":\"https:\/\/kapitalis.com\/tunisie\/#\/schema\/logo\/image\/\",\"url\":\"https:\/\/kapitalis.com\/tunisie\/wp-content\/uploads\/2022\/05\/Kapitalis-big-size.png\",\"contentUrl\":\"https:\/\/kapitalis.com\/tunisie\/wp-content\/uploads\/2022\/05\/Kapitalis-big-size.png\",\"width\":5000,\"height\":1500,\"caption\":\"Kapitalis\"},\"image\":{\"@id\":\"https:\/\/kapitalis.com\/tunisie\/#\/schema\/logo\/image\/\"},\"sameAs\":[\"https:\/\/www.facebook.com\/KapitalisInfo\/\",\"https:\/\/x.com\/KapitalisInfo\",\"https:\/\/www.youtube.com\/channel\/UC-yDYrHyfFBWWZaOw3FPg9Q\"]},{\"@type\":\"Person\",\"@id\":\"https:\/\/kapitalis.com\/tunisie\/#\/schema\/person\/74bbde0154d49d790a92aaeac5bc01d5\",\"name\":\"Yusra NY\",\"url\":\"https:\/\/kapitalis.com\/tunisie\/author\/yuza_adam\/\"}]}<\/script>\n<!-- \/ Yoast SEO plugin. -->","yoast_head_json":{"title":"Tunisie : Le minist\u00e8re du Commerce fixe les nouveaux tarifs des pommes de terre et des volailles - Kapitalis","robots":{"index":"index","follow":"follow","max-snippet":"max-snippet:-1","max-image-preview":"max-image-preview:large","max-video-preview":"max-video-preview:-1"},"canonical":"https:\/\/kapitalis.com\/tunisie\/2021\/08\/31\/tunisie-le-ministere-du-commerce-fixe-les-nouveaux-tarifs-des-pommes-de-terre-et-des-volailles\/","og_locale":"fr_FR","og_type":"article","og_title":"Tunisie : Le minist\u00e8re du Commerce fixe les nouveaux tarifs des pommes de terre et des volailles - Kapitalis","og_description":"Le minist\u00e8re du Commerce a fix\u00e9, aujourd&rsquo;hui mardi 31 ao\u00fbt 2021, les nouveaux tarifs impos\u00e9s pour la vente des pommes de terre et des volailles, en Tunisie, qui seront effectifs d\u00e8s demain, mardi 1er septembre.","og_url":"https:\/\/kapitalis.com\/tunisie\/2021\/08\/31\/tunisie-le-ministere-du-commerce-fixe-les-nouveaux-tarifs-des-pommes-de-terre-et-des-volailles\/","og_site_name":"Kapitalis","article_publisher":"https:\/\/www.facebook.com\/KapitalisInfo\/","article_published_time":"2021-08-31T15:32:37+00:00","article_modified_time":"2021-08-31T15:37:13+00:00","og_image":[{"width":1200,"height":630,"url":"https:\/\/kapitalis.com\/tunisie\/wp-content\/uploads\/2022\/05\/kapitalis-logo-fb.png","type":"image\/png"}],"author":"Yusra NY","twitter_card":"summary_large_image","twitter_creator":"@KapitalisInfo","twitter_site":"@KapitalisInfo","twitter_misc":{"\u00c9crit par":"Yusra NY","Dur\u00e9e de lecture estim\u00e9e":"1 minute"},"schema":{"@context":"https:\/\/schema.org","@graph":[{"@type":"Article","@id":"https:\/\/kapitalis.com\/tunisie\/2021\/08\/31\/tunisie-le-ministere-du-commerce-fixe-les-nouveaux-tarifs-des-pommes-de-terre-et-des-volailles\/#article","isPartOf":{"@id":"https:\/\/kapitalis.com\/tunisie\/2021\/08\/31\/tunisie-le-ministere-du-commerce-fixe-les-nouveaux-tarifs-des-pommes-de-terre-et-des-volailles\/"},"author":{"name":"Yusra NY","@id":"https:\/\/kapitalis.com\/tunisie\/#\/schema\/person\/74bbde0154d49d790a92aaeac5bc01d5"},"headline":"Tunisie : Le minist\u00e8re du Commerce fixe les nouveaux tarifs des pommes de terre et des volailles","datePublished":"2021-08-31T15:32:37+00:00","dateModified":"2021-08-31T15:37:13+00:00","mainEntityOfPage":{"@id":"https:\/\/kapitalis.com\/tunisie\/2021\/08\/31\/tunisie-le-ministere-du-commerce-fixe-les-nouveaux-tarifs-des-pommes-de-terre-et-des-volailles\/"},"wordCount":256,"commentCount":3,"publisher":{"@id":"https:\/\/kapitalis.com\/tunisie\/#organization"},"image":{"@id":"https:\/\/kapitalis.com\/tunisie\/2021\/08\/31\/tunisie-le-ministere-du-commerce-fixe-les-nouveaux-tarifs-des-pommes-de-terre-et-des-volailles\/#primaryimage"},"thumbnailUrl":"","keywords":["escalope","minist\u00e8re commerce","pommes de terre","poulet","prix","tarifs","Tunisie","volailles"],"articleSection":["CONSO","SOCIETE","Tunisie"],"inLanguage":"fr-FR","potentialAction":[{"@type":"CommentAction","name":"Comment","target":["https:\/\/kapitalis.com\/tunisie\/2021\/08\/31\/tunisie-le-ministere-du-commerce-fixe-les-nouveaux-tarifs-des-pommes-de-terre-et-des-volailles\/#respond"]}]},{"@type":"WebPage","@id":"https:\/\/kapitalis.com\/tunisie\/2021\/08\/31\/tunisie-le-ministere-du-commerce-fixe-les-nouveaux-tarifs-des-pommes-de-terre-et-des-volailles\/","url":"https:\/\/kapitalis.com\/tunisie\/2021\/08\/31\/tunisie-le-ministere-du-commerce-fixe-les-nouveaux-tarifs-des-pommes-de-terre-et-des-volailles\/","name":"Tunisie : Le minist\u00e8re du Commerce fixe les nouveaux tarifs des pommes de terre et des volailles - Kapitalis","isPartOf":{"@id":"https:\/\/kapitalis.com\/tunisie\/#website"},"primaryImageOfPage":{"@id":"https:\/\/kapitalis.com\/tunisie\/2021\/08\/31\/tunisie-le-ministere-du-commerce-fixe-les-nouveaux-tarifs-des-pommes-de-terre-et-des-volailles\/#primaryimage"},"image":{"@id":"https:\/\/kapitalis.com\/tunisie\/2021\/08\/31\/tunisie-le-ministere-du-commerce-fixe-les-nouveaux-tarifs-des-pommes-de-terre-et-des-volailles\/#primaryimage"},"thumbnailUrl":"","datePublished":"2021-08-31T15:32:37+00:00","dateModified":"2021-08-31T15:37:13+00:00","breadcrumb":{"@id":"https:\/\/kapitalis.com\/tunisie\/2021\/08\/31\/tunisie-le-ministere-du-commerce-fixe-les-nouveaux-tarifs-des-pommes-de-terre-et-des-volailles\/#breadcrumb"},"inLanguage":"fr-FR","potentialAction":[{"@type":"ReadAction","target":["https:\/\/kapitalis.com\/tunisie\/2021\/08\/31\/tunisie-le-ministere-du-commerce-fixe-les-nouveaux-tarifs-des-pommes-de-terre-et-des-volailles\/"]}]},{"@type":"ImageObject","inLanguage":"fr-FR","@id":"https:\/\/kapitalis.com\/tunisie\/2021\/08\/31\/tunisie-le-ministere-du-commerce-fixe-les-nouveaux-tarifs-des-pommes-de-terre-et-des-volailles\/#primaryimage","url":"","contentUrl":""},{"@type":"BreadcrumbList","@id":"https:\/\/kapitalis.com\/tunisie\/2021\/08\/31\/tunisie-le-ministere-du-commerce-fixe-les-nouveaux-tarifs-des-pommes-de-terre-et-des-volailles\/#breadcrumb","itemListElement":[{"@type":"ListItem","position":1,"name":"Accueil","item":"https:\/\/kapitalis.com\/tunisie\/"},{"@type":"ListItem","position":2,"name":"Tunisie : Le minist\u00e8re du Commerce fixe les nouveaux tarifs des pommes de terre et des volailles"}]},{"@type":"WebSite","@id":"https:\/\/kapitalis.com\/tunisie\/#website","url":"https:\/\/kapitalis.com\/tunisie\/","name":"Kapitalis","description":"L&#039;actualit\u00e9 en Tunisie et dans le monde","publisher":{"@id":"https:\/\/kapitalis.com\/tunisie\/#organization"},"potentialAction":[{"@type":"SearchAction","target":{"@type":"EntryPoint","urlTemplate":"https:\/\/kapitalis.com\/tunisie\/?s={search_term_string}"},"query-input":{"@type":"PropertyValueSpecification","valueRequired":true,"valueName":"search_term_string"}}],"inLanguage":"fr-FR"},{"@type":"Organization","@id":"https:\/\/kapitalis.com\/tunisie\/#organization","name":"Kapitalis","url":"https:\/\/kapitalis.com\/tunisie\/","logo":{"@type":"ImageObject","inLanguage":"fr-FR","@id":"https:\/\/kapitalis.com\/tunisie\/#\/schema\/logo\/image\/","url":"https:\/\/kapitalis.com\/tunisie\/wp-content\/uploads\/2022\/05\/Kapitalis-big-size.png","contentUrl":"https:\/\/kapitalis.com\/tunisie\/wp-content\/uploads\/2022\/05\/Kapitalis-big-size.png","width":5000,"height":1500,"caption":"Kapitalis"},"image":{"@id":"https:\/\/kapitalis.com\/tunisie\/#\/schema\/logo\/image\/"},"sameAs":["https:\/\/www.facebook.com\/KapitalisInfo\/","https:\/\/x.com\/KapitalisInfo","https:\/\/www.youtube.com\/channel\/UC-yDYrHyfFBWWZaOw3FPg9Q"]},{"@type":"Person","@id":"https:\/\/kapitalis.com\/tunisie\/#\/schema\/person\/74bbde0154d49d790a92aaeac5bc01d5","name":"Yusra NY","url":"https:\/\/kapitalis.com\/tunisie\/author\/yuza_adam\/"}]}},"_links":{"self":[{"href":"https:\/\/kapitalis.com\/tunisie\/wp-json\/wp\/v2\/posts\/361070","targetHints":{"allow":["GET"]}}],"collection":[{"href":"https:\/\/kapitalis.com\/tunisie\/wp-json\/wp\/v2\/posts"}],"about":[{"href":"https:\/\/kapitalis.com\/tunisie\/wp-json\/wp\/v2\/types\/post"}],"author":[{"embeddable":true,"href":"https:\/\/kapitalis.com\/tunisie\/wp-json\/wp\/v2\/users\/6"}],"replies":[{"embeddable":true,"href":"https:\/\/kapitalis.com\/tunisie\/wp-json\/wp\/v2\/comments?post=361070"}],"version-history":[{"count":0,"href":"https:\/\/kapitalis.com\/tunisie\/wp-json\/wp\/v2\/posts\/361070\/revisions"}],"wp:featuredmedia":[{"embeddable":true,"href":"https:\/\/kapitalis.com\/tunisie\/wp-json\/wp\/v2\/media\/361077"}],"wp:attachment":[{"href":"https:\/\/kapitalis.com\/tunisie\/wp-json\/wp\/v2\/media?parent=361070"}],"wp:term":[{"taxonomy":"category","embeddable":true,"href":"https:\/\/kapitalis.com\/tunisie\/wp-json\/wp\/v2\/categories?post=361070"},{"taxonomy":"post_tag","embeddable":true,"href":"https:\/\/kapitalis.com\/tunisie\/wp-json\/wp\/v2\/tags?post=361070"}],"curies":[{"name":"wp","href":"https:\/\/api.w.org\/{rel}","templated":true}]}}