{"id":361080,"date":"2021-08-31T19:46:36","date_gmt":"2021-08-31T18:46:36","guid":{"rendered":"http:\/\/kapitalis.com\/tunisie\/?p=361080"},"modified":"2021-08-31T20:08:43","modified_gmt":"2021-08-31T19:08:43","slug":"braquage-a-larme-blanche-dans-un-grand-magasin-a-la-cite-ettadhamen-le-suspect-en-detention-video","status":"publish","type":"post","link":"https:\/\/kapitalis.com\/tunisie\/2021\/08\/31\/braquage-a-larme-blanche-dans-un-grand-magasin-a-la-cite-ettadhamen-le-suspect-en-detention-video\/","title":{"rendered":"Braquage \u00e0 l&rsquo;arme blanche dans un grand magasin \u00e0 la Cit\u00e9 Ettadhamen : Le suspect en d\u00e9tention (Vid\u00e9o)"},"content":{"rendered":"\n<div class=\"wp-block-image\"><figure class=\"aligncenter size-large\"><img decoding=\"async\" src=\"http:\/\/kapitalis.com\/tunisie\/wp-content\/uploads\/2021\/08\/Braquage-Cite-Ettadhamen.jpg\" alt=\"\" class=\"wp-image-361082\"\/><\/figure><\/div>\n\n\n\n<p><strong><em>La police du district de la cit\u00e9 Ettadhamen a arr\u00eat\u00e9, ce mardi 31 ao\u00fbt 2021, un individu qui a cambriol\u00e9 un grand magasin situ\u00e9 dans le quartier. Le braqueur a \u00e9t\u00e9 interpell\u00e9 en possession de l&rsquo;argent vol\u00e9 et d&rsquo;une arme blanche.<\/em><\/strong><\/p>\n\n\n\n<!--more-->\n\n\n\n<p>C&rsquo;est ce qu&rsquo;indique le Syndicat des fonctionnaires de la direction g\u00e9n\u00e9rale des unit\u00e9s d&rsquo;intervention (SFDGUI), en pr\u00e9cisant que le braqueur, \u00e2g\u00e9 de 20 ans, avait vol\u00e9 pr\u00e8s de 8.000 dinars tunisiens apr\u00e8s avoir menac\u00e9 les employ\u00e9s \u00e0 l&rsquo;arme blanche.<\/p>\n\n\n\n<p>La sc\u00e8ne a \u00e9t\u00e9 film\u00e9e par les cam\u00e9ras de surveillance, ce qui a permis aux policiers d&rsquo;identifier le suspect, qui a \u00e9t\u00e9 rapidement arr\u00eat\u00e9.<\/p>\n\n\n\n<center>\n<iframe loading=\"lazy\" src=\"https:\/\/www.youtube.com\/embed\/4Lv2X35RrzU\" title=\"YouTube video player\" allow=\"accelerometer; autoplay; clipboard-write; encrypted-media; gyroscope; picture-in-picture\" allowfullscreen=\"\" width=\"560\" height=\"315\" frameborder=\"0\"><\/iframe>\n<\/center>\n\n\n\n<p class=\"has-text-align-right\"><strong>Y. N.<\/strong><\/p>\n","protected":false},"excerpt":{"rendered":"<p>La police du district de la cit\u00e9 Ettadhamen a arr\u00eat\u00e9, ce mardi 31 ao\u00fbt 2021, un individu qui a cambriol\u00e9 un grand magasin situ\u00e9 dans le quartier. Le braqueur a \u00e9t\u00e9 interpell\u00e9 en possession de l&rsquo;argent vol\u00e9 et d&rsquo;une arme blanche.<\/p>\n","protected":false},"author":6,"featured_media":361082,"comment_status":"open","ping_status":"open","sticky":false,"template":"","format":"standard","meta":{"footnotes":""},"categories":[998,2433,4806],"tags":[5093,167,3589,93028,62643],"class_list":["post-361080","post","type-post","status-publish","format-standard","has-post-thumbnail","hentry","category-societe","category-tunisie","category-videos","tag-arme-blanche","tag-braquage","tag-cite-ettadhamen","tag-grand-magasin","tag-tunisie"],"yoast_head":"<!-- This site is optimized with the Yoast SEO plugin v26.6 - https:\/\/yoast.com\/wordpress\/plugins\/seo\/ -->\n<title>Braquage \u00e0 l&#039;arme blanche dans un grand magasin \u00e0 la Cit\u00e9 Ettadhamen : Le suspect en d\u00e9tention (Vid\u00e9o) - Kapitalis<\/title>\n<meta name=\"robots\" content=\"index, follow, max-snippet:-1, max-image-preview:large, max-video-preview:-1\" \/>\n<link rel=\"canonical\" href=\"https:\/\/kapitalis.com\/tunisie\/2021\/08\/31\/braquage-a-larme-blanche-dans-un-grand-magasin-a-la-cite-ettadhamen-le-suspect-en-detention-video\/\" \/>\n<meta property=\"og:locale\" content=\"fr_FR\" \/>\n<meta property=\"og:type\" content=\"article\" \/>\n<meta property=\"og:title\" content=\"Braquage \u00e0 l&#039;arme blanche dans un grand magasin \u00e0 la Cit\u00e9 Ettadhamen : Le suspect en d\u00e9tention (Vid\u00e9o) - Kapitalis\" \/>\n<meta property=\"og:description\" content=\"La police du district de la cit\u00e9 Ettadhamen a arr\u00eat\u00e9, ce mardi 31 ao\u00fbt 2021, un individu qui a cambriol\u00e9 un grand magasin situ\u00e9 dans le quartier. Le braqueur a \u00e9t\u00e9 interpell\u00e9 en possession de l&rsquo;argent vol\u00e9 et d&rsquo;une arme blanche.\" \/>\n<meta property=\"og:url\" content=\"https:\/\/kapitalis.com\/tunisie\/2021\/08\/31\/braquage-a-larme-blanche-dans-un-grand-magasin-a-la-cite-ettadhamen-le-suspect-en-detention-video\/\" \/>\n<meta property=\"og:site_name\" content=\"Kapitalis\" \/>\n<meta property=\"article:publisher\" content=\"https:\/\/www.facebook.com\/KapitalisInfo\/\" \/>\n<meta property=\"article:published_time\" content=\"2021-08-31T18:46:36+00:00\" \/>\n<meta property=\"article:modified_time\" content=\"2021-08-31T19:08:43+00:00\" \/>\n<meta property=\"og:image\" content=\"https:\/\/kapitalis.com\/tunisie\/wp-content\/uploads\/2022\/05\/kapitalis-logo-fb.png\" \/>\n\t<meta property=\"og:image:width\" content=\"1200\" \/>\n\t<meta property=\"og:image:height\" content=\"630\" \/>\n\t<meta property=\"og:image:type\" content=\"image\/png\" \/>\n<meta name=\"author\" content=\"Yusra NY\" \/>\n<meta name=\"twitter:card\" content=\"summary_large_image\" \/>\n<meta name=\"twitter:creator\" content=\"@KapitalisInfo\" \/>\n<meta name=\"twitter:site\" content=\"@KapitalisInfo\" \/>\n<meta name=\"twitter:label1\" content=\"\u00c9crit par\" \/>\n\t<meta name=\"twitter:data1\" content=\"Yusra NY\" \/>\n\t<meta name=\"twitter:label2\" content=\"Dur\u00e9e de lecture estim\u00e9e\" \/>\n\t<meta name=\"twitter:data2\" content=\"1 minute\" \/>\n<script type=\"application\/ld+json\" class=\"yoast-schema-graph\">{\"@context\":\"https:\/\/schema.org\",\"@graph\":[{\"@type\":\"Article\",\"@id\":\"https:\/\/kapitalis.com\/tunisie\/2021\/08\/31\/braquage-a-larme-blanche-dans-un-grand-magasin-a-la-cite-ettadhamen-le-suspect-en-detention-video\/#article\",\"isPartOf\":{\"@id\":\"https:\/\/kapitalis.com\/tunisie\/2021\/08\/31\/braquage-a-larme-blanche-dans-un-grand-magasin-a-la-cite-ettadhamen-le-suspect-en-detention-video\/\"},\"author\":{\"name\":\"Yusra NY\",\"@id\":\"https:\/\/kapitalis.com\/tunisie\/#\/schema\/person\/74bbde0154d49d790a92aaeac5bc01d5\"},\"headline\":\"Braquage \u00e0 l&rsquo;arme blanche dans un grand magasin \u00e0 la Cit\u00e9 Ettadhamen : Le suspect en d\u00e9tention (Vid\u00e9o)\",\"datePublished\":\"2021-08-31T18:46:36+00:00\",\"dateModified\":\"2021-08-31T19:08:43+00:00\",\"mainEntityOfPage\":{\"@id\":\"https:\/\/kapitalis.com\/tunisie\/2021\/08\/31\/braquage-a-larme-blanche-dans-un-grand-magasin-a-la-cite-ettadhamen-le-suspect-en-detention-video\/\"},\"wordCount\":131,\"commentCount\":2,\"publisher\":{\"@id\":\"https:\/\/kapitalis.com\/tunisie\/#organization\"},\"image\":{\"@id\":\"https:\/\/kapitalis.com\/tunisie\/2021\/08\/31\/braquage-a-larme-blanche-dans-un-grand-magasin-a-la-cite-ettadhamen-le-suspect-en-detention-video\/#primaryimage\"},\"thumbnailUrl\":\"\",\"keywords\":[\"arme blanche\",\"braquage\",\"Cit\u00e9 Ettadhamen\",\"grand magasin\",\"Tunisie\"],\"articleSection\":[\"SOCIETE\",\"Tunisie\",\"VIDEOS\"],\"inLanguage\":\"fr-FR\",\"potentialAction\":[{\"@type\":\"CommentAction\",\"name\":\"Comment\",\"target\":[\"https:\/\/kapitalis.com\/tunisie\/2021\/08\/31\/braquage-a-larme-blanche-dans-un-grand-magasin-a-la-cite-ettadhamen-le-suspect-en-detention-video\/#respond\"]}]},{\"@type\":\"WebPage\",\"@id\":\"https:\/\/kapitalis.com\/tunisie\/2021\/08\/31\/braquage-a-larme-blanche-dans-un-grand-magasin-a-la-cite-ettadhamen-le-suspect-en-detention-video\/\",\"url\":\"https:\/\/kapitalis.com\/tunisie\/2021\/08\/31\/braquage-a-larme-blanche-dans-un-grand-magasin-a-la-cite-ettadhamen-le-suspect-en-detention-video\/\",\"name\":\"Braquage \u00e0 l'arme blanche dans un grand magasin \u00e0 la Cit\u00e9 Ettadhamen : Le suspect en d\u00e9tention (Vid\u00e9o) - Kapitalis\",\"isPartOf\":{\"@id\":\"https:\/\/kapitalis.com\/tunisie\/#website\"},\"primaryImageOfPage\":{\"@id\":\"https:\/\/kapitalis.com\/tunisie\/2021\/08\/31\/braquage-a-larme-blanche-dans-un-grand-magasin-a-la-cite-ettadhamen-le-suspect-en-detention-video\/#primaryimage\"},\"image\":{\"@id\":\"https:\/\/kapitalis.com\/tunisie\/2021\/08\/31\/braquage-a-larme-blanche-dans-un-grand-magasin-a-la-cite-ettadhamen-le-suspect-en-detention-video\/#primaryimage\"},\"thumbnailUrl\":\"\",\"datePublished\":\"2021-08-31T18:46:36+00:00\",\"dateModified\":\"2021-08-31T19:08:43+00:00\",\"breadcrumb\":{\"@id\":\"https:\/\/kapitalis.com\/tunisie\/2021\/08\/31\/braquage-a-larme-blanche-dans-un-grand-magasin-a-la-cite-ettadhamen-le-suspect-en-detention-video\/#breadcrumb\"},\"inLanguage\":\"fr-FR\",\"potentialAction\":[{\"@type\":\"ReadAction\",\"target\":[\"https:\/\/kapitalis.com\/tunisie\/2021\/08\/31\/braquage-a-larme-blanche-dans-un-grand-magasin-a-la-cite-ettadhamen-le-suspect-en-detention-video\/\"]}]},{\"@type\":\"ImageObject\",\"inLanguage\":\"fr-FR\",\"@id\":\"https:\/\/kapitalis.com\/tunisie\/2021\/08\/31\/braquage-a-larme-blanche-dans-un-grand-magasin-a-la-cite-ettadhamen-le-suspect-en-detention-video\/#primaryimage\",\"url\":\"\",\"contentUrl\":\"\"},{\"@type\":\"BreadcrumbList\",\"@id\":\"https:\/\/kapitalis.com\/tunisie\/2021\/08\/31\/braquage-a-larme-blanche-dans-un-grand-magasin-a-la-cite-ettadhamen-le-suspect-en-detention-video\/#breadcrumb\",\"itemListElement\":[{\"@type\":\"ListItem\",\"position\":1,\"name\":\"Accueil\",\"item\":\"https:\/\/kapitalis.com\/tunisie\/\"},{\"@type\":\"ListItem\",\"position\":2,\"name\":\"Braquage \u00e0 l&rsquo;arme blanche dans un grand magasin \u00e0 la Cit\u00e9 Ettadhamen : Le suspect en d\u00e9tention (Vid\u00e9o)\"}]},{\"@type\":\"WebSite\",\"@id\":\"https:\/\/kapitalis.com\/tunisie\/#website\",\"url\":\"https:\/\/kapitalis.com\/tunisie\/\",\"name\":\"Kapitalis\",\"description\":\"L&#039;actualit\u00e9 en Tunisie et dans le monde\",\"publisher\":{\"@id\":\"https:\/\/kapitalis.com\/tunisie\/#organization\"},\"potentialAction\":[{\"@type\":\"SearchAction\",\"target\":{\"@type\":\"EntryPoint\",\"urlTemplate\":\"https:\/\/kapitalis.com\/tunisie\/?s={search_term_string}\"},\"query-input\":{\"@type\":\"PropertyValueSpecification\",\"valueRequired\":true,\"valueName\":\"search_term_string\"}}],\"inLanguage\":\"fr-FR\"},{\"@type\":\"Organization\",\"@id\":\"https:\/\/kapitalis.com\/tunisie\/#organization\",\"name\":\"Kapitalis\",\"url\":\"https:\/\/kapitalis.com\/tunisie\/\",\"logo\":{\"@type\":\"ImageObject\",\"inLanguage\":\"fr-FR\",\"@id\":\"https:\/\/kapitalis.com\/tunisie\/#\/schema\/logo\/image\/\",\"url\":\"https:\/\/kapitalis.com\/tunisie\/wp-content\/uploads\/2022\/05\/Kapitalis-big-size.png\",\"contentUrl\":\"https:\/\/kapitalis.com\/tunisie\/wp-content\/uploads\/2022\/05\/Kapitalis-big-size.png\",\"width\":5000,\"height\":1500,\"caption\":\"Kapitalis\"},\"image\":{\"@id\":\"https:\/\/kapitalis.com\/tunisie\/#\/schema\/logo\/image\/\"},\"sameAs\":[\"https:\/\/www.facebook.com\/KapitalisInfo\/\",\"https:\/\/x.com\/KapitalisInfo\",\"https:\/\/www.youtube.com\/channel\/UC-yDYrHyfFBWWZaOw3FPg9Q\"]},{\"@type\":\"Person\",\"@id\":\"https:\/\/kapitalis.com\/tunisie\/#\/schema\/person\/74bbde0154d49d790a92aaeac5bc01d5\",\"name\":\"Yusra NY\",\"url\":\"https:\/\/kapitalis.com\/tunisie\/author\/yuza_adam\/\"}]}<\/script>\n<!-- \/ Yoast SEO plugin. -->","yoast_head_json":{"title":"Braquage \u00e0 l'arme blanche dans un grand magasin \u00e0 la Cit\u00e9 Ettadhamen : Le suspect en d\u00e9tention (Vid\u00e9o) - Kapitalis","robots":{"index":"index","follow":"follow","max-snippet":"max-snippet:-1","max-image-preview":"max-image-preview:large","max-video-preview":"max-video-preview:-1"},"canonical":"https:\/\/kapitalis.com\/tunisie\/2021\/08\/31\/braquage-a-larme-blanche-dans-un-grand-magasin-a-la-cite-ettadhamen-le-suspect-en-detention-video\/","og_locale":"fr_FR","og_type":"article","og_title":"Braquage \u00e0 l'arme blanche dans un grand magasin \u00e0 la Cit\u00e9 Ettadhamen : Le suspect en d\u00e9tention (Vid\u00e9o) - Kapitalis","og_description":"La police du district de la cit\u00e9 Ettadhamen a arr\u00eat\u00e9, ce mardi 31 ao\u00fbt 2021, un individu qui a cambriol\u00e9 un grand magasin situ\u00e9 dans le quartier. Le braqueur a \u00e9t\u00e9 interpell\u00e9 en possession de l&rsquo;argent vol\u00e9 et d&rsquo;une arme blanche.","og_url":"https:\/\/kapitalis.com\/tunisie\/2021\/08\/31\/braquage-a-larme-blanche-dans-un-grand-magasin-a-la-cite-ettadhamen-le-suspect-en-detention-video\/","og_site_name":"Kapitalis","article_publisher":"https:\/\/www.facebook.com\/KapitalisInfo\/","article_published_time":"2021-08-31T18:46:36+00:00","article_modified_time":"2021-08-31T19:08:43+00:00","og_image":[{"width":1200,"height":630,"url":"https:\/\/kapitalis.com\/tunisie\/wp-content\/uploads\/2022\/05\/kapitalis-logo-fb.png","type":"image\/png"}],"author":"Yusra NY","twitter_card":"summary_large_image","twitter_creator":"@KapitalisInfo","twitter_site":"@KapitalisInfo","twitter_misc":{"\u00c9crit par":"Yusra NY","Dur\u00e9e de lecture estim\u00e9e":"1 minute"},"schema":{"@context":"https:\/\/schema.org","@graph":[{"@type":"Article","@id":"https:\/\/kapitalis.com\/tunisie\/2021\/08\/31\/braquage-a-larme-blanche-dans-un-grand-magasin-a-la-cite-ettadhamen-le-suspect-en-detention-video\/#article","isPartOf":{"@id":"https:\/\/kapitalis.com\/tunisie\/2021\/08\/31\/braquage-a-larme-blanche-dans-un-grand-magasin-a-la-cite-ettadhamen-le-suspect-en-detention-video\/"},"author":{"name":"Yusra NY","@id":"https:\/\/kapitalis.com\/tunisie\/#\/schema\/person\/74bbde0154d49d790a92aaeac5bc01d5"},"headline":"Braquage \u00e0 l&rsquo;arme blanche dans un grand magasin \u00e0 la Cit\u00e9 Ettadhamen : Le suspect en d\u00e9tention (Vid\u00e9o)","datePublished":"2021-08-31T18:46:36+00:00","dateModified":"2021-08-31T19:08:43+00:00","mainEntityOfPage":{"@id":"https:\/\/kapitalis.com\/tunisie\/2021\/08\/31\/braquage-a-larme-blanche-dans-un-grand-magasin-a-la-cite-ettadhamen-le-suspect-en-detention-video\/"},"wordCount":131,"commentCount":2,"publisher":{"@id":"https:\/\/kapitalis.com\/tunisie\/#organization"},"image":{"@id":"https:\/\/kapitalis.com\/tunisie\/2021\/08\/31\/braquage-a-larme-blanche-dans-un-grand-magasin-a-la-cite-ettadhamen-le-suspect-en-detention-video\/#primaryimage"},"thumbnailUrl":"","keywords":["arme blanche","braquage","Cit\u00e9 Ettadhamen","grand magasin","Tunisie"],"articleSection":["SOCIETE","Tunisie","VIDEOS"],"inLanguage":"fr-FR","potentialAction":[{"@type":"CommentAction","name":"Comment","target":["https:\/\/kapitalis.com\/tunisie\/2021\/08\/31\/braquage-a-larme-blanche-dans-un-grand-magasin-a-la-cite-ettadhamen-le-suspect-en-detention-video\/#respond"]}]},{"@type":"WebPage","@id":"https:\/\/kapitalis.com\/tunisie\/2021\/08\/31\/braquage-a-larme-blanche-dans-un-grand-magasin-a-la-cite-ettadhamen-le-suspect-en-detention-video\/","url":"https:\/\/kapitalis.com\/tunisie\/2021\/08\/31\/braquage-a-larme-blanche-dans-un-grand-magasin-a-la-cite-ettadhamen-le-suspect-en-detention-video\/","name":"Braquage \u00e0 l'arme blanche dans un grand magasin \u00e0 la Cit\u00e9 Ettadhamen : Le suspect en d\u00e9tention (Vid\u00e9o) - Kapitalis","isPartOf":{"@id":"https:\/\/kapitalis.com\/tunisie\/#website"},"primaryImageOfPage":{"@id":"https:\/\/kapitalis.com\/tunisie\/2021\/08\/31\/braquage-a-larme-blanche-dans-un-grand-magasin-a-la-cite-ettadhamen-le-suspect-en-detention-video\/#primaryimage"},"image":{"@id":"https:\/\/kapitalis.com\/tunisie\/2021\/08\/31\/braquage-a-larme-blanche-dans-un-grand-magasin-a-la-cite-ettadhamen-le-suspect-en-detention-video\/#primaryimage"},"thumbnailUrl":"","datePublished":"2021-08-31T18:46:36+00:00","dateModified":"2021-08-31T19:08:43+00:00","breadcrumb":{"@id":"https:\/\/kapitalis.com\/tunisie\/2021\/08\/31\/braquage-a-larme-blanche-dans-un-grand-magasin-a-la-cite-ettadhamen-le-suspect-en-detention-video\/#breadcrumb"},"inLanguage":"fr-FR","potentialAction":[{"@type":"ReadAction","target":["https:\/\/kapitalis.com\/tunisie\/2021\/08\/31\/braquage-a-larme-blanche-dans-un-grand-magasin-a-la-cite-ettadhamen-le-suspect-en-detention-video\/"]}]},{"@type":"ImageObject","inLanguage":"fr-FR","@id":"https:\/\/kapitalis.com\/tunisie\/2021\/08\/31\/braquage-a-larme-blanche-dans-un-grand-magasin-a-la-cite-ettadhamen-le-suspect-en-detention-video\/#primaryimage","url":"","contentUrl":""},{"@type":"BreadcrumbList","@id":"https:\/\/kapitalis.com\/tunisie\/2021\/08\/31\/braquage-a-larme-blanche-dans-un-grand-magasin-a-la-cite-ettadhamen-le-suspect-en-detention-video\/#breadcrumb","itemListElement":[{"@type":"ListItem","position":1,"name":"Accueil","item":"https:\/\/kapitalis.com\/tunisie\/"},{"@type":"ListItem","position":2,"name":"Braquage \u00e0 l&rsquo;arme blanche dans un grand magasin \u00e0 la Cit\u00e9 Ettadhamen : Le suspect en d\u00e9tention (Vid\u00e9o)"}]},{"@type":"WebSite","@id":"https:\/\/kapitalis.com\/tunisie\/#website","url":"https:\/\/kapitalis.com\/tunisie\/","name":"Kapitalis","description":"L&#039;actualit\u00e9 en Tunisie et dans le monde","publisher":{"@id":"https:\/\/kapitalis.com\/tunisie\/#organization"},"potentialAction":[{"@type":"SearchAction","target":{"@type":"EntryPoint","urlTemplate":"https:\/\/kapitalis.com\/tunisie\/?s={search_term_string}"},"query-input":{"@type":"PropertyValueSpecification","valueRequired":true,"valueName":"search_term_string"}}],"inLanguage":"fr-FR"},{"@type":"Organization","@id":"https:\/\/kapitalis.com\/tunisie\/#organization","name":"Kapitalis","url":"https:\/\/kapitalis.com\/tunisie\/","logo":{"@type":"ImageObject","inLanguage":"fr-FR","@id":"https:\/\/kapitalis.com\/tunisie\/#\/schema\/logo\/image\/","url":"https:\/\/kapitalis.com\/tunisie\/wp-content\/uploads\/2022\/05\/Kapitalis-big-size.png","contentUrl":"https:\/\/kapitalis.com\/tunisie\/wp-content\/uploads\/2022\/05\/Kapitalis-big-size.png","width":5000,"height":1500,"caption":"Kapitalis"},"image":{"@id":"https:\/\/kapitalis.com\/tunisie\/#\/schema\/logo\/image\/"},"sameAs":["https:\/\/www.facebook.com\/KapitalisInfo\/","https:\/\/x.com\/KapitalisInfo","https:\/\/www.youtube.com\/channel\/UC-yDYrHyfFBWWZaOw3FPg9Q"]},{"@type":"Person","@id":"https:\/\/kapitalis.com\/tunisie\/#\/schema\/person\/74bbde0154d49d790a92aaeac5bc01d5","name":"Yusra NY","url":"https:\/\/kapitalis.com\/tunisie\/author\/yuza_adam\/"}]}},"_links":{"self":[{"href":"https:\/\/kapitalis.com\/tunisie\/wp-json\/wp\/v2\/posts\/361080","targetHints":{"allow":["GET"]}}],"collection":[{"href":"https:\/\/kapitalis.com\/tunisie\/wp-json\/wp\/v2\/posts"}],"about":[{"href":"https:\/\/kapitalis.com\/tunisie\/wp-json\/wp\/v2\/types\/post"}],"author":[{"embeddable":true,"href":"https:\/\/kapitalis.com\/tunisie\/wp-json\/wp\/v2\/users\/6"}],"replies":[{"embeddable":true,"href":"https:\/\/kapitalis.com\/tunisie\/wp-json\/wp\/v2\/comments?post=361080"}],"version-history":[{"count":0,"href":"https:\/\/kapitalis.com\/tunisie\/wp-json\/wp\/v2\/posts\/361080\/revisions"}],"wp:featuredmedia":[{"embeddable":true,"href":"https:\/\/kapitalis.com\/tunisie\/wp-json\/wp\/v2\/media\/361082"}],"wp:attachment":[{"href":"https:\/\/kapitalis.com\/tunisie\/wp-json\/wp\/v2\/media?parent=361080"}],"wp:term":[{"taxonomy":"category","embeddable":true,"href":"https:\/\/kapitalis.com\/tunisie\/wp-json\/wp\/v2\/categories?post=361080"},{"taxonomy":"post_tag","embeddable":true,"href":"https:\/\/kapitalis.com\/tunisie\/wp-json\/wp\/v2\/tags?post=361080"}],"curies":[{"name":"wp","href":"https:\/\/api.w.org\/{rel}","templated":true}]}}