{"id":361263,"date":"2021-09-01T23:42:53","date_gmt":"2021-09-01T22:42:53","guid":{"rendered":"http:\/\/kapitalis.com\/tunisie\/?p=361263"},"modified":"2021-09-01T23:45:42","modified_gmt":"2021-09-01T22:45:42","slug":"tunisie-ennahdha-dit-comprendre-la-colere-des-tunisiens-et-sengage-a-mener-des-reformes-au-sein-du-parti","status":"publish","type":"post","link":"https:\/\/kapitalis.com\/tunisie\/2021\/09\/01\/tunisie-ennahdha-dit-comprendre-la-colere-des-tunisiens-et-sengage-a-mener-des-reformes-au-sein-du-parti\/","title":{"rendered":"Tunisie : Ennahdha dit comprendre la col\u00e8re des Tunisiens et s&rsquo;engage \u00e0 mener des r\u00e9formes au sein du parti"},"content":{"rendered":"\n<div class=\"wp-block-image\"><figure class=\"aligncenter size-large\"><img decoding=\"async\" src=\"http:\/\/kapitalis.com\/tunisie\/wp-content\/uploads\/2021\/09\/Ennahdha-Ghannouchi.jpg\" alt=\"\" class=\"wp-image-361266\"\/><\/figure><\/div>\n\n\n\n<p>\u00ab<strong><em>Ennahdha comprend la col\u00e8re de la rue et nous sommes pr\u00eats \u00e0 faire une \u00e9valuation s\u00e9rieuse, profonde et objective pour mener des r\u00e9formes au sein du parti permettant un renouvellement des visions et des programmes et l&rsquo;ouverture de nouveaux horizons aux jeunes\u00bb, lit-on, dans le communiqu\u00e9 du parti islamiste pr\u00e9sid\u00e9 par Rached Ghannouchi.<\/em><\/strong><\/p>\n\n\n\n<!--more-->\n\n\n\n<p>Ce dernier a pr\u00e9sid\u00e9, ce mercredi 1er septembre 2021, une r\u00e9union avec le bureau ex\u00e9cutif, qu&rsquo;il a r\u00e9cemment d\u00e9cid\u00e9 de dissoudre,et qui est actuellement charg\u00e9 de la gestion des affaires courantes, afin de discuter de la situation g\u00e9n\u00e9rale dans le pays, mais aussi au sein d&rsquo;Ennahdha.<\/p>\n\n\n\n<p>Lors de cette r\u00e9union, les participants se sont accord\u00e9s pour affirmer que le parti comprend la col\u00e8re des Tunisiens en ajoutant qu&rsquo;Ennahdha en assume la responsabilit\u00e9, estimant cependant que cette responsabilit\u00e9 doit \u00eatre partag\u00e9e avec les partis avec lesquels il a gouvern\u00e9.<\/p>\n\n\n\n<p>Ils ont annonc\u00e9 dans ce sens que le parti est pr\u00eat \u00e0 mener des r\u00e9formes \u00ab<em>apr\u00e8s une auto-\u00e9valuation s\u00e9rieuse, profonde et objective\u00bb.<\/em>&#8230;  <\/p>\n\n\n\n<p>Rappelons qu&rsquo;outre la dissolution du BE, Ghannouchi a d\u00e9cid\u00e9 aujourd&rsquo;hui de geler l&rsquo;adh\u00e9sion du dirigeant et ancien porte-parole du parti, Imed Hammami, qui sera d\u00e9f\u00e9r\u00e9 devant la commission de discipline du parti pour <em>\u00abtransgressions \u00e0 la politique du parti<\/em>\u00bb, et ce en r\u00e9f\u00e9rence aux critiques qu&rsquo;il a effectu\u00e9es, notamment, accusant le pr\u00e9sident d&rsquo;Ennahdha d&rsquo;ing\u00e9rence et d&rsquo;avoir pris des mauvaises d\u00e9cisions\u2026<\/p>\n\n\n\n<p>Imed Hammami rappelons-le, est membre du \u00abgroupe des 100\u00bb, qui avait adress\u00e9, en septembre dernier, une lettre \u00e0 Ghannouhi pour lui demander de renoncer \u00e0 la pr\u00e9sidence du parti, estimant qu&rsquo;il \u00ab<em>est temps qu&rsquo;Ennahdha fasse sa propre r\u00e9volution\u00bb.<\/em><\/p>\n\n\n\n<p class=\"has-text-align-right\"><strong>Y. N.<\/strong><\/p>\n\n\n\n<figure class=\"wp-block-embed is-type-wp-embed is-provider-kapitalis wp-block-embed-kapitalis\"><div class=\"wp-block-embed__wrapper\">\n<blockquote class=\"wp-embedded-content\" data-secret=\"PieZPD1nTP\"><a href=\"https:\/\/kapitalis.com\/tunisie\/2020\/11\/03\/imed-hammami-ennahdha-a-besoin-dune-revolution-et-rached-ghannouchi-doit-quitter-la-presidence-du-parti\/\">Imed Hammami : \u00abEnnahdha a besoin d&rsquo;une r\u00e9volution et Rached Ghannouchi doit quitter la pr\u00e9sidence du parti\u00bb<\/a><\/blockquote><iframe loading=\"lazy\" class=\"wp-embedded-content\" sandbox=\"allow-scripts\" security=\"restricted\" style=\"position: absolute; clip: rect(1px, 1px, 1px, 1px);\" title=\"\u00ab\u00a0Imed Hammami : \u00abEnnahdha a besoin d&rsquo;une r\u00e9volution et Rached Ghannouchi doit quitter la pr\u00e9sidence du parti\u00bb\u00a0\u00bb &#8212; Kapitalis\" src=\"https:\/\/kapitalis.com\/tunisie\/2020\/11\/03\/imed-hammami-ennahdha-a-besoin-dune-revolution-et-rached-ghannouchi-doit-quitter-la-presidence-du-parti\/embed\/#?secret=6ByUj0oIhi#?secret=PieZPD1nTP\" data-secret=\"PieZPD1nTP\" width=\"600\" height=\"338\" frameborder=\"0\" marginwidth=\"0\" marginheight=\"0\" scrolling=\"no\"><\/iframe>\n<\/div><\/figure>\n\n\n\n<figure class=\"wp-block-embed is-type-wp-embed is-provider-kapitalis wp-block-embed-kapitalis\"><div class=\"wp-block-embed__wrapper\">\n<blockquote class=\"wp-embedded-content\" data-secret=\"T2dTDO2b5C\"><a href=\"https:\/\/kapitalis.com\/tunisie\/2021\/08\/01\/rached-ghannouchi-des-ambitions-demesurees-fracassees-sur-le-mur-de-la-realite\/\">Rached Ghannouchi : des ambitions d\u00e9mesur\u00e9es fracass\u00e9es sur le mur de la r\u00e9alit\u00e9<\/a><\/blockquote><iframe loading=\"lazy\" class=\"wp-embedded-content\" sandbox=\"allow-scripts\" security=\"restricted\" style=\"position: absolute; clip: rect(1px, 1px, 1px, 1px);\" title=\"\u00ab\u00a0Rached Ghannouchi : des ambitions d\u00e9mesur\u00e9es fracass\u00e9es sur le mur de la r\u00e9alit\u00e9\u00a0\u00bb &#8212; Kapitalis\" src=\"https:\/\/kapitalis.com\/tunisie\/2021\/08\/01\/rached-ghannouchi-des-ambitions-demesurees-fracassees-sur-le-mur-de-la-realite\/embed\/#?secret=gk71Tdm7ik#?secret=T2dTDO2b5C\" data-secret=\"T2dTDO2b5C\" width=\"600\" height=\"338\" frameborder=\"0\" marginwidth=\"0\" marginheight=\"0\" scrolling=\"no\"><\/iframe>\n<\/div><\/figure>\n","protected":false},"excerpt":{"rendered":"<p>\u00abEnnahdha comprend la col\u00e8re de la rue et nous sommes pr\u00eats \u00e0 faire une \u00e9valuation s\u00e9rieuse, profonde et objective pour mener des r\u00e9formes au sein du parti permettant un renouvellement des visions et des programmes et l&rsquo;ouverture de nouveaux horizons aux jeunes\u00bb, lit-on, dans le communiqu\u00e9 du parti islamiste pr\u00e9sid\u00e9 par Rached Ghannouchi.<\/p>\n","protected":false},"author":6,"featured_media":361266,"comment_status":"open","ping_status":"open","sticky":false,"template":"","format":"standard","meta":{"footnotes":""},"categories":[997,2433],"tags":[49543,413,1312,62643,1117],"class_list":["post-361263","post","type-post","status-publish","format-standard","has-post-thumbnail","hentry","category-politique","category-tunisie","tag-ennahdha","tag-ghannouchi","tag-parti-islamiste","tag-tunisie","tag-tunisiens"],"yoast_head":"<!-- This site is optimized with the Yoast SEO plugin v26.6 - https:\/\/yoast.com\/wordpress\/plugins\/seo\/ -->\n<title>Tunisie : Ennahdha dit comprendre la col\u00e8re des Tunisiens et s&#039;engage \u00e0 mener des r\u00e9formes au sein du parti - Kapitalis<\/title>\n<meta name=\"robots\" content=\"index, follow, max-snippet:-1, max-image-preview:large, max-video-preview:-1\" \/>\n<link rel=\"canonical\" href=\"https:\/\/kapitalis.com\/tunisie\/2021\/09\/01\/tunisie-ennahdha-dit-comprendre-la-colere-des-tunisiens-et-sengage-a-mener-des-reformes-au-sein-du-parti\/\" \/>\n<meta property=\"og:locale\" content=\"fr_FR\" \/>\n<meta property=\"og:type\" content=\"article\" \/>\n<meta property=\"og:title\" content=\"Tunisie : Ennahdha dit comprendre la col\u00e8re des Tunisiens et s&#039;engage \u00e0 mener des r\u00e9formes au sein du parti - Kapitalis\" \/>\n<meta property=\"og:description\" content=\"\u00abEnnahdha comprend la col\u00e8re de la rue et nous sommes pr\u00eats \u00e0 faire une \u00e9valuation s\u00e9rieuse, profonde et objective pour mener des r\u00e9formes au sein du parti permettant un renouvellement des visions et des programmes et l&rsquo;ouverture de nouveaux horizons aux jeunes\u00bb, lit-on, dans le communiqu\u00e9 du parti islamiste pr\u00e9sid\u00e9 par Rached Ghannouchi.\" \/>\n<meta property=\"og:url\" content=\"https:\/\/kapitalis.com\/tunisie\/2021\/09\/01\/tunisie-ennahdha-dit-comprendre-la-colere-des-tunisiens-et-sengage-a-mener-des-reformes-au-sein-du-parti\/\" \/>\n<meta property=\"og:site_name\" content=\"Kapitalis\" \/>\n<meta property=\"article:publisher\" content=\"https:\/\/www.facebook.com\/KapitalisInfo\/\" \/>\n<meta property=\"article:published_time\" content=\"2021-09-01T22:42:53+00:00\" \/>\n<meta property=\"article:modified_time\" content=\"2021-09-01T22:45:42+00:00\" \/>\n<meta property=\"og:image\" content=\"https:\/\/kapitalis.com\/tunisie\/wp-content\/uploads\/2022\/05\/kapitalis-logo-fb.png\" \/>\n\t<meta property=\"og:image:width\" content=\"1200\" \/>\n\t<meta property=\"og:image:height\" content=\"630\" \/>\n\t<meta property=\"og:image:type\" content=\"image\/png\" \/>\n<meta name=\"author\" content=\"Yusra NY\" \/>\n<meta name=\"twitter:card\" content=\"summary_large_image\" \/>\n<meta name=\"twitter:creator\" content=\"@KapitalisInfo\" \/>\n<meta name=\"twitter:site\" content=\"@KapitalisInfo\" \/>\n<meta name=\"twitter:label1\" content=\"\u00c9crit par\" \/>\n\t<meta name=\"twitter:data1\" content=\"Yusra NY\" \/>\n\t<meta name=\"twitter:label2\" content=\"Dur\u00e9e de lecture estim\u00e9e\" \/>\n\t<meta name=\"twitter:data2\" content=\"2 minutes\" \/>\n<script type=\"application\/ld+json\" class=\"yoast-schema-graph\">{\"@context\":\"https:\/\/schema.org\",\"@graph\":[{\"@type\":\"Article\",\"@id\":\"https:\/\/kapitalis.com\/tunisie\/2021\/09\/01\/tunisie-ennahdha-dit-comprendre-la-colere-des-tunisiens-et-sengage-a-mener-des-reformes-au-sein-du-parti\/#article\",\"isPartOf\":{\"@id\":\"https:\/\/kapitalis.com\/tunisie\/2021\/09\/01\/tunisie-ennahdha-dit-comprendre-la-colere-des-tunisiens-et-sengage-a-mener-des-reformes-au-sein-du-parti\/\"},\"author\":{\"name\":\"Yusra NY\",\"@id\":\"https:\/\/kapitalis.com\/tunisie\/#\/schema\/person\/74bbde0154d49d790a92aaeac5bc01d5\"},\"headline\":\"Tunisie : Ennahdha dit comprendre la col\u00e8re des Tunisiens et s&rsquo;engage \u00e0 mener des r\u00e9formes au sein du parti\",\"datePublished\":\"2021-09-01T22:42:53+00:00\",\"dateModified\":\"2021-09-01T22:45:42+00:00\",\"mainEntityOfPage\":{\"@id\":\"https:\/\/kapitalis.com\/tunisie\/2021\/09\/01\/tunisie-ennahdha-dit-comprendre-la-colere-des-tunisiens-et-sengage-a-mener-des-reformes-au-sein-du-parti\/\"},\"wordCount\":319,\"commentCount\":12,\"publisher\":{\"@id\":\"https:\/\/kapitalis.com\/tunisie\/#organization\"},\"image\":{\"@id\":\"https:\/\/kapitalis.com\/tunisie\/2021\/09\/01\/tunisie-ennahdha-dit-comprendre-la-colere-des-tunisiens-et-sengage-a-mener-des-reformes-au-sein-du-parti\/#primaryimage\"},\"thumbnailUrl\":\"\",\"keywords\":[\"Ennahdha\",\"ghannouchi\",\"parti islamiste\",\"Tunisie\",\"tunisiens\"],\"articleSection\":[\"POLITIQUE\",\"Tunisie\"],\"inLanguage\":\"fr-FR\",\"potentialAction\":[{\"@type\":\"CommentAction\",\"name\":\"Comment\",\"target\":[\"https:\/\/kapitalis.com\/tunisie\/2021\/09\/01\/tunisie-ennahdha-dit-comprendre-la-colere-des-tunisiens-et-sengage-a-mener-des-reformes-au-sein-du-parti\/#respond\"]}]},{\"@type\":\"WebPage\",\"@id\":\"https:\/\/kapitalis.com\/tunisie\/2021\/09\/01\/tunisie-ennahdha-dit-comprendre-la-colere-des-tunisiens-et-sengage-a-mener-des-reformes-au-sein-du-parti\/\",\"url\":\"https:\/\/kapitalis.com\/tunisie\/2021\/09\/01\/tunisie-ennahdha-dit-comprendre-la-colere-des-tunisiens-et-sengage-a-mener-des-reformes-au-sein-du-parti\/\",\"name\":\"Tunisie : Ennahdha dit comprendre la col\u00e8re des Tunisiens et s'engage \u00e0 mener des r\u00e9formes au sein du parti - Kapitalis\",\"isPartOf\":{\"@id\":\"https:\/\/kapitalis.com\/tunisie\/#website\"},\"primaryImageOfPage\":{\"@id\":\"https:\/\/kapitalis.com\/tunisie\/2021\/09\/01\/tunisie-ennahdha-dit-comprendre-la-colere-des-tunisiens-et-sengage-a-mener-des-reformes-au-sein-du-parti\/#primaryimage\"},\"image\":{\"@id\":\"https:\/\/kapitalis.com\/tunisie\/2021\/09\/01\/tunisie-ennahdha-dit-comprendre-la-colere-des-tunisiens-et-sengage-a-mener-des-reformes-au-sein-du-parti\/#primaryimage\"},\"thumbnailUrl\":\"\",\"datePublished\":\"2021-09-01T22:42:53+00:00\",\"dateModified\":\"2021-09-01T22:45:42+00:00\",\"breadcrumb\":{\"@id\":\"https:\/\/kapitalis.com\/tunisie\/2021\/09\/01\/tunisie-ennahdha-dit-comprendre-la-colere-des-tunisiens-et-sengage-a-mener-des-reformes-au-sein-du-parti\/#breadcrumb\"},\"inLanguage\":\"fr-FR\",\"potentialAction\":[{\"@type\":\"ReadAction\",\"target\":[\"https:\/\/kapitalis.com\/tunisie\/2021\/09\/01\/tunisie-ennahdha-dit-comprendre-la-colere-des-tunisiens-et-sengage-a-mener-des-reformes-au-sein-du-parti\/\"]}]},{\"@type\":\"ImageObject\",\"inLanguage\":\"fr-FR\",\"@id\":\"https:\/\/kapitalis.com\/tunisie\/2021\/09\/01\/tunisie-ennahdha-dit-comprendre-la-colere-des-tunisiens-et-sengage-a-mener-des-reformes-au-sein-du-parti\/#primaryimage\",\"url\":\"\",\"contentUrl\":\"\"},{\"@type\":\"BreadcrumbList\",\"@id\":\"https:\/\/kapitalis.com\/tunisie\/2021\/09\/01\/tunisie-ennahdha-dit-comprendre-la-colere-des-tunisiens-et-sengage-a-mener-des-reformes-au-sein-du-parti\/#breadcrumb\",\"itemListElement\":[{\"@type\":\"ListItem\",\"position\":1,\"name\":\"Accueil\",\"item\":\"https:\/\/kapitalis.com\/tunisie\/\"},{\"@type\":\"ListItem\",\"position\":2,\"name\":\"Tunisie : Ennahdha dit comprendre la col\u00e8re des Tunisiens et s&rsquo;engage \u00e0 mener des r\u00e9formes au sein du parti\"}]},{\"@type\":\"WebSite\",\"@id\":\"https:\/\/kapitalis.com\/tunisie\/#website\",\"url\":\"https:\/\/kapitalis.com\/tunisie\/\",\"name\":\"Kapitalis\",\"description\":\"L&#039;actualit\u00e9 en Tunisie et dans le monde\",\"publisher\":{\"@id\":\"https:\/\/kapitalis.com\/tunisie\/#organization\"},\"potentialAction\":[{\"@type\":\"SearchAction\",\"target\":{\"@type\":\"EntryPoint\",\"urlTemplate\":\"https:\/\/kapitalis.com\/tunisie\/?s={search_term_string}\"},\"query-input\":{\"@type\":\"PropertyValueSpecification\",\"valueRequired\":true,\"valueName\":\"search_term_string\"}}],\"inLanguage\":\"fr-FR\"},{\"@type\":\"Organization\",\"@id\":\"https:\/\/kapitalis.com\/tunisie\/#organization\",\"name\":\"Kapitalis\",\"url\":\"https:\/\/kapitalis.com\/tunisie\/\",\"logo\":{\"@type\":\"ImageObject\",\"inLanguage\":\"fr-FR\",\"@id\":\"https:\/\/kapitalis.com\/tunisie\/#\/schema\/logo\/image\/\",\"url\":\"https:\/\/kapitalis.com\/tunisie\/wp-content\/uploads\/2022\/05\/Kapitalis-big-size.png\",\"contentUrl\":\"https:\/\/kapitalis.com\/tunisie\/wp-content\/uploads\/2022\/05\/Kapitalis-big-size.png\",\"width\":5000,\"height\":1500,\"caption\":\"Kapitalis\"},\"image\":{\"@id\":\"https:\/\/kapitalis.com\/tunisie\/#\/schema\/logo\/image\/\"},\"sameAs\":[\"https:\/\/www.facebook.com\/KapitalisInfo\/\",\"https:\/\/x.com\/KapitalisInfo\",\"https:\/\/www.youtube.com\/channel\/UC-yDYrHyfFBWWZaOw3FPg9Q\"]},{\"@type\":\"Person\",\"@id\":\"https:\/\/kapitalis.com\/tunisie\/#\/schema\/person\/74bbde0154d49d790a92aaeac5bc01d5\",\"name\":\"Yusra NY\",\"url\":\"https:\/\/kapitalis.com\/tunisie\/author\/yuza_adam\/\"}]}<\/script>\n<!-- \/ Yoast SEO plugin. -->","yoast_head_json":{"title":"Tunisie : Ennahdha dit comprendre la col\u00e8re des Tunisiens et s'engage \u00e0 mener des r\u00e9formes au sein du parti - Kapitalis","robots":{"index":"index","follow":"follow","max-snippet":"max-snippet:-1","max-image-preview":"max-image-preview:large","max-video-preview":"max-video-preview:-1"},"canonical":"https:\/\/kapitalis.com\/tunisie\/2021\/09\/01\/tunisie-ennahdha-dit-comprendre-la-colere-des-tunisiens-et-sengage-a-mener-des-reformes-au-sein-du-parti\/","og_locale":"fr_FR","og_type":"article","og_title":"Tunisie : Ennahdha dit comprendre la col\u00e8re des Tunisiens et s'engage \u00e0 mener des r\u00e9formes au sein du parti - Kapitalis","og_description":"\u00abEnnahdha comprend la col\u00e8re de la rue et nous sommes pr\u00eats \u00e0 faire une \u00e9valuation s\u00e9rieuse, profonde et objective pour mener des r\u00e9formes au sein du parti permettant un renouvellement des visions et des programmes et l&rsquo;ouverture de nouveaux horizons aux jeunes\u00bb, lit-on, dans le communiqu\u00e9 du parti islamiste pr\u00e9sid\u00e9 par Rached Ghannouchi.","og_url":"https:\/\/kapitalis.com\/tunisie\/2021\/09\/01\/tunisie-ennahdha-dit-comprendre-la-colere-des-tunisiens-et-sengage-a-mener-des-reformes-au-sein-du-parti\/","og_site_name":"Kapitalis","article_publisher":"https:\/\/www.facebook.com\/KapitalisInfo\/","article_published_time":"2021-09-01T22:42:53+00:00","article_modified_time":"2021-09-01T22:45:42+00:00","og_image":[{"width":1200,"height":630,"url":"https:\/\/kapitalis.com\/tunisie\/wp-content\/uploads\/2022\/05\/kapitalis-logo-fb.png","type":"image\/png"}],"author":"Yusra NY","twitter_card":"summary_large_image","twitter_creator":"@KapitalisInfo","twitter_site":"@KapitalisInfo","twitter_misc":{"\u00c9crit par":"Yusra NY","Dur\u00e9e de lecture estim\u00e9e":"2 minutes"},"schema":{"@context":"https:\/\/schema.org","@graph":[{"@type":"Article","@id":"https:\/\/kapitalis.com\/tunisie\/2021\/09\/01\/tunisie-ennahdha-dit-comprendre-la-colere-des-tunisiens-et-sengage-a-mener-des-reformes-au-sein-du-parti\/#article","isPartOf":{"@id":"https:\/\/kapitalis.com\/tunisie\/2021\/09\/01\/tunisie-ennahdha-dit-comprendre-la-colere-des-tunisiens-et-sengage-a-mener-des-reformes-au-sein-du-parti\/"},"author":{"name":"Yusra NY","@id":"https:\/\/kapitalis.com\/tunisie\/#\/schema\/person\/74bbde0154d49d790a92aaeac5bc01d5"},"headline":"Tunisie : Ennahdha dit comprendre la col\u00e8re des Tunisiens et s&rsquo;engage \u00e0 mener des r\u00e9formes au sein du parti","datePublished":"2021-09-01T22:42:53+00:00","dateModified":"2021-09-01T22:45:42+00:00","mainEntityOfPage":{"@id":"https:\/\/kapitalis.com\/tunisie\/2021\/09\/01\/tunisie-ennahdha-dit-comprendre-la-colere-des-tunisiens-et-sengage-a-mener-des-reformes-au-sein-du-parti\/"},"wordCount":319,"commentCount":12,"publisher":{"@id":"https:\/\/kapitalis.com\/tunisie\/#organization"},"image":{"@id":"https:\/\/kapitalis.com\/tunisie\/2021\/09\/01\/tunisie-ennahdha-dit-comprendre-la-colere-des-tunisiens-et-sengage-a-mener-des-reformes-au-sein-du-parti\/#primaryimage"},"thumbnailUrl":"","keywords":["Ennahdha","ghannouchi","parti islamiste","Tunisie","tunisiens"],"articleSection":["POLITIQUE","Tunisie"],"inLanguage":"fr-FR","potentialAction":[{"@type":"CommentAction","name":"Comment","target":["https:\/\/kapitalis.com\/tunisie\/2021\/09\/01\/tunisie-ennahdha-dit-comprendre-la-colere-des-tunisiens-et-sengage-a-mener-des-reformes-au-sein-du-parti\/#respond"]}]},{"@type":"WebPage","@id":"https:\/\/kapitalis.com\/tunisie\/2021\/09\/01\/tunisie-ennahdha-dit-comprendre-la-colere-des-tunisiens-et-sengage-a-mener-des-reformes-au-sein-du-parti\/","url":"https:\/\/kapitalis.com\/tunisie\/2021\/09\/01\/tunisie-ennahdha-dit-comprendre-la-colere-des-tunisiens-et-sengage-a-mener-des-reformes-au-sein-du-parti\/","name":"Tunisie : Ennahdha dit comprendre la col\u00e8re des Tunisiens et s'engage \u00e0 mener des r\u00e9formes au sein du parti - Kapitalis","isPartOf":{"@id":"https:\/\/kapitalis.com\/tunisie\/#website"},"primaryImageOfPage":{"@id":"https:\/\/kapitalis.com\/tunisie\/2021\/09\/01\/tunisie-ennahdha-dit-comprendre-la-colere-des-tunisiens-et-sengage-a-mener-des-reformes-au-sein-du-parti\/#primaryimage"},"image":{"@id":"https:\/\/kapitalis.com\/tunisie\/2021\/09\/01\/tunisie-ennahdha-dit-comprendre-la-colere-des-tunisiens-et-sengage-a-mener-des-reformes-au-sein-du-parti\/#primaryimage"},"thumbnailUrl":"","datePublished":"2021-09-01T22:42:53+00:00","dateModified":"2021-09-01T22:45:42+00:00","breadcrumb":{"@id":"https:\/\/kapitalis.com\/tunisie\/2021\/09\/01\/tunisie-ennahdha-dit-comprendre-la-colere-des-tunisiens-et-sengage-a-mener-des-reformes-au-sein-du-parti\/#breadcrumb"},"inLanguage":"fr-FR","potentialAction":[{"@type":"ReadAction","target":["https:\/\/kapitalis.com\/tunisie\/2021\/09\/01\/tunisie-ennahdha-dit-comprendre-la-colere-des-tunisiens-et-sengage-a-mener-des-reformes-au-sein-du-parti\/"]}]},{"@type":"ImageObject","inLanguage":"fr-FR","@id":"https:\/\/kapitalis.com\/tunisie\/2021\/09\/01\/tunisie-ennahdha-dit-comprendre-la-colere-des-tunisiens-et-sengage-a-mener-des-reformes-au-sein-du-parti\/#primaryimage","url":"","contentUrl":""},{"@type":"BreadcrumbList","@id":"https:\/\/kapitalis.com\/tunisie\/2021\/09\/01\/tunisie-ennahdha-dit-comprendre-la-colere-des-tunisiens-et-sengage-a-mener-des-reformes-au-sein-du-parti\/#breadcrumb","itemListElement":[{"@type":"ListItem","position":1,"name":"Accueil","item":"https:\/\/kapitalis.com\/tunisie\/"},{"@type":"ListItem","position":2,"name":"Tunisie : Ennahdha dit comprendre la col\u00e8re des Tunisiens et s&rsquo;engage \u00e0 mener des r\u00e9formes au sein du parti"}]},{"@type":"WebSite","@id":"https:\/\/kapitalis.com\/tunisie\/#website","url":"https:\/\/kapitalis.com\/tunisie\/","name":"Kapitalis","description":"L&#039;actualit\u00e9 en Tunisie et dans le monde","publisher":{"@id":"https:\/\/kapitalis.com\/tunisie\/#organization"},"potentialAction":[{"@type":"SearchAction","target":{"@type":"EntryPoint","urlTemplate":"https:\/\/kapitalis.com\/tunisie\/?s={search_term_string}"},"query-input":{"@type":"PropertyValueSpecification","valueRequired":true,"valueName":"search_term_string"}}],"inLanguage":"fr-FR"},{"@type":"Organization","@id":"https:\/\/kapitalis.com\/tunisie\/#organization","name":"Kapitalis","url":"https:\/\/kapitalis.com\/tunisie\/","logo":{"@type":"ImageObject","inLanguage":"fr-FR","@id":"https:\/\/kapitalis.com\/tunisie\/#\/schema\/logo\/image\/","url":"https:\/\/kapitalis.com\/tunisie\/wp-content\/uploads\/2022\/05\/Kapitalis-big-size.png","contentUrl":"https:\/\/kapitalis.com\/tunisie\/wp-content\/uploads\/2022\/05\/Kapitalis-big-size.png","width":5000,"height":1500,"caption":"Kapitalis"},"image":{"@id":"https:\/\/kapitalis.com\/tunisie\/#\/schema\/logo\/image\/"},"sameAs":["https:\/\/www.facebook.com\/KapitalisInfo\/","https:\/\/x.com\/KapitalisInfo","https:\/\/www.youtube.com\/channel\/UC-yDYrHyfFBWWZaOw3FPg9Q"]},{"@type":"Person","@id":"https:\/\/kapitalis.com\/tunisie\/#\/schema\/person\/74bbde0154d49d790a92aaeac5bc01d5","name":"Yusra NY","url":"https:\/\/kapitalis.com\/tunisie\/author\/yuza_adam\/"}]}},"_links":{"self":[{"href":"https:\/\/kapitalis.com\/tunisie\/wp-json\/wp\/v2\/posts\/361263","targetHints":{"allow":["GET"]}}],"collection":[{"href":"https:\/\/kapitalis.com\/tunisie\/wp-json\/wp\/v2\/posts"}],"about":[{"href":"https:\/\/kapitalis.com\/tunisie\/wp-json\/wp\/v2\/types\/post"}],"author":[{"embeddable":true,"href":"https:\/\/kapitalis.com\/tunisie\/wp-json\/wp\/v2\/users\/6"}],"replies":[{"embeddable":true,"href":"https:\/\/kapitalis.com\/tunisie\/wp-json\/wp\/v2\/comments?post=361263"}],"version-history":[{"count":0,"href":"https:\/\/kapitalis.com\/tunisie\/wp-json\/wp\/v2\/posts\/361263\/revisions"}],"wp:featuredmedia":[{"embeddable":true,"href":"https:\/\/kapitalis.com\/tunisie\/wp-json\/wp\/v2\/media\/361266"}],"wp:attachment":[{"href":"https:\/\/kapitalis.com\/tunisie\/wp-json\/wp\/v2\/media?parent=361263"}],"wp:term":[{"taxonomy":"category","embeddable":true,"href":"https:\/\/kapitalis.com\/tunisie\/wp-json\/wp\/v2\/categories?post=361263"},{"taxonomy":"post_tag","embeddable":true,"href":"https:\/\/kapitalis.com\/tunisie\/wp-json\/wp\/v2\/tags?post=361263"}],"curies":[{"name":"wp","href":"https:\/\/api.w.org\/{rel}","templated":true}]}}