{"id":361325,"date":"2021-09-02T13:59:45","date_gmt":"2021-09-02T12:59:45","guid":{"rendered":"http:\/\/kapitalis.com\/tunisie\/?p=361325"},"modified":"2021-09-02T14:02:41","modified_gmt":"2021-09-02T13:02:41","slug":"kais-saied-et-les-speculateurs-le-populisme-en-economie-tue-leconomie","status":"publish","type":"post","link":"https:\/\/kapitalis.com\/tunisie\/2021\/09\/02\/kais-saied-et-les-speculateurs-le-populisme-en-economie-tue-leconomie\/","title":{"rendered":"Kais Sa\u00efed et les sp\u00e9culateurs : le populisme en \u00e9conomie tue l&rsquo;\u00e9conomie !"},"content":{"rendered":"\n<div class=\"wp-block-image\"><figure class=\"aligncenter size-large\"><img decoding=\"async\" src=\"http:\/\/kapitalis.com\/tunisie\/wp-content\/uploads\/2021\/09\/Kais-Saied-pomme-de-terre.jpg\" alt=\"\" class=\"wp-image-361326\"\/><\/figure><\/div>\n\n\n\n<p><strong><em>Pour lutter contre la sp\u00e9culation, il ne suffit pas de diaboliser les intervenants \u00e9conomiques, les traiter publiquement de voleurs, leurs saisir, sans raison l\u00e9gale, leurs marchandises, comme le fait parfois Ka\u00efs Sa\u00efed. L&rsquo;auteur estime que le pr\u00e9sident de la r\u00e9publique doit cesser cette sorte de populisme ravageur, qui, au pr\u00e9texte d&rsquo;assainir l&rsquo;\u00e9conomie, pourrait au contraire la d\u00e9truire.<\/em><\/strong><\/p>\n\n\n\n<p>Par <strong>Mounir Chebil<\/strong> *<\/p>\n\n\n\n<!--more-->\n\n\n\n<div class=\"wp-block-image\"><figure class=\"alignleft size-large\"><img decoding=\"async\" src=\"http:\/\/kapitalis.com\/tunisie\/wp-content\/uploads\/2020\/08\/Mounir-Chebil-2.jpg\" alt=\"\" class=\"wp-image-312661\"\/><\/figure><\/div>\n\n\n\n<p>Certes, avant et apr\u00e8s votre intronisation, vous n\u2019avez jamais pr\u00e9sent\u00e9 un programme politique, \u00e9conomique, social et culturel pour le pays. M\u00eame votre projet soci\u00e9tal de la d\u00e9mocratie de proximit\u00e9 est d\u2019une opacit\u00e9 ombrageuse. On ne conna\u00eet de vous que l\u2019homme int\u00e8gre d\u00e9cid\u00e9 \u00e0 combattre les abus et la corruption. M\u00eame la dissolution, sous couvert de gel, de l\u2019Assembl\u00e9e des repr\u00e9sentants du peuple (ARP) a eu pour pr\u00e9texte que cette institution \u00e9tait devenue un panier \u00e0 crabes et un repaire de corrompus t\u00e9l\u00e9guid\u00e9s par les r\u00e9seaux mafieux. Tout cela est bien beau. <em>\u00abJe dirais m\u00eame plus, tout cela est bien beau\u00bb<\/em>, dirait Dupont.<\/p>\n\n\n\n<p>Vous avez plus ou moins neutralis\u00e9 les d\u00e9put\u00e9s, et vous semblez vous attaquer \u00e0 la mafia. Jusqu\u2019ici on ne peut que saluer vos intentions. Seulement la lutte contre la mafia ne se fait pas <em>\u00abbil fourka ou oud el-hatab\u00a0\u00bb<\/em> (avec la fourche et le b\u00e2ton.) Il faut au contraire avoir la patience pour \u00e9tudier avec minutie le secteur vis\u00e9 et rep\u00e9rer la t\u00eate et les tentacules de la pieuvre en vue de la mettre hors d\u2019\u00e9tat de nuire au moment opportun et une fois pour toute. En parall\u00e8le, il faudrait pr\u00e9parer une politique de substitution par l\u2019Etat.<\/p>\n\n\n\n<h3 class=\"wp-block-heading\">Don Quichotte brasse du vent <\/h3>\n\n\n\n<p>Monsieur le pr\u00e9sident, vous ne semblez pas suivre une telle d\u00e9marche. Vous semblez agir dans la pr\u00e9cipitation, par des coups d\u2019\u00e9clat m\u00e9diatis\u00e9s sous l\u2019effet des chuchotements de vos proches ou sous l\u2019influence du Facebook. Vous voil\u00e0 comme Don Quichotte, \u00e0 vous d\u00e9placer d\u2019endroit en endroit, haranguant sur un ton martial, sans prendre le temps d\u2019\u00e9couter, ce que vous trouvez sur votre passage, jusqu\u2019\u00e0 ce que vous atterrissiez dans les champs des chambres frigorifiques. L\u00e0 vous avez accus\u00e9 leurs propri\u00e9taires d\u2019affameurs du peuple et m\u00eame de voleurs, je crois. Les <em>\u00abboc-boc\u00bb <\/em>(idiots) du Facebook \u00e9taient aux anges.<\/p>\n\n\n\n<p>Je ne suis pas agriculteur. J\u2019ai tout juste un tout petit jardin \u00e0 l\u2019entr\u00e9e de ma maison, et que j\u2019ai d\u00fb abandonner aux herbes sauvages, car il me revenait cher en eau et en jardiniers. J\u2019ai juste comme&nbsp; beaucoup de Tunisiens le frigo domestique. Comme une tr\u00e8s large frange des Tunisiens d\u2019apr\u00e8s r\u00e9volution, j\u2019arrive tout juste \u00e0 acheter de quoi cuisiner une ratatouille de mis\u00e8re pour remplir mon ventre. Et voil\u00e0 que vous voulez m\u2019en priver par vos sautes d\u2019humeur du c\u00f4t\u00e9 des grossistes qui g\u00e8rent des entrep\u00f4ts frigorifiques.<\/p>\n\n\n\n<p>Les livres de ma biblioth\u00e8que, mes rencontres publiques, mon exp\u00e9rience de la vie, si tumultueuse, si chaotique mais si enrichissante, mon exp\u00e9rience professionnelle, m\u2019ont appris que l\u2019agriculteur a un champ o\u00f9 il cultive divers produits agricoles. Il ach\u00e8te les semences, les engrais, les insecticides, et divers mat\u00e9riels agricoles \u00e0 coup de milliers de dinars. Ils a des ouvriers et il subit les al\u00e9as de la m\u00e9t\u00e9o et du march\u00e9. Alors que si on vient \u00e0 le priver d\u2019eau comme \u00e0 Chatt M\u00e9rien, \u00e0 Akouda, ce serait le bordel le plus inextricable.<\/p>\n\n\n\n<p>Donc, cet agriculteur a un co\u00fbt et il ne doit pas produire \u00e0 perte. Il est condamn\u00e9 \u00e0 vendre sa production. Il doit obligatoirement gagner pour r\u00e9investir, produire, et veiller \u00e0 la qualit\u00e9 de son produit. Il est un pilier de la souverainet\u00e9 du pays, puisqu\u2019il est \u00e0 la base de l\u2019autosuffisance alimentaire. Il est aussi un agent \u00e9conomique de taille par sa participation dans le PIB et l\u2019\u00e9quilibre de la balance commerciale gr\u00e2ce \u00e0 sa force exportatrice.<\/p>\n\n\n\n<h3 class=\"wp-block-heading\">L\u2019agriculteur a besoin du grossiste et de ses camions<\/h3>\n\n\n\n<p>Monsieur le pr\u00e9sident de la r\u00e9publique, vous semblez ignorer totalement le domaine agricole comme notre cher Samir Ettayeb, ancien ministre de l\u2019Agriculture et ami de Ridha Chiheb Mekki, votre \u00e9minence grise. Les murs de l\u2019amphi, le caf\u00e9 du coin, puis les zombis qui vous soutiennent, vous ont coup\u00e9 du monde.<\/p>\n\n\n\n<p>Or, cet agriculteur, quand il a une r\u00e9colte portant sur des dizaines sinon des centaines ou des milliers de tonnes, devient hant\u00e9 par cette r\u00e9colte. Il faut qu\u2019elle soit enlev\u00e9e au plus vite. Car, elle risque d\u2019\u00eatre avari\u00e9e sur place. Donc cet agriculteur qui n\u2019est ni transporteur, ni grossiste, ni propri\u00e9taire d\u2019entrep\u00f4ts frigorifiques, ni d\u00e9taillant, doit penser \u00e0 \u00e9couler sa production au plus vite pour entrer dans ses frais et faire des b\u00e9n\u00e9fices. Mais, surtout il doit lib\u00e9rer le terrain pour le pr\u00e9parer \u00e0 la prochaine r\u00e9colte.<\/p>\n\n\n\n<p>Donc, l\u2019agriculteur a besoin du grossiste et de ses camions, pour lui \u00e9couler sa marchandise directement dans les divers march\u00e9s centraux. Mais aussi, il a besoin de celui qui a des magasins frigorifiques. Car les produits agricoles, vue leur quantit\u00e9, ne peuvent \u00eatre \u00e9coul\u00e9s au jour le jour. Le risque qu\u2019ils ne soient vendus \u00e0 un prix qui n\u2019arrange ni le producteur, ni le transporteur ni le grossiste est grand, ou, que malgr\u00e9 le bradage des prix, le march\u00e9 ne peut r\u00e9sorber toute la production qui y a \u00e9t\u00e9 d\u00e9vers\u00e9e. Dans les deux cas, c\u2019est la catastrophe pour tout le circuit de la production et de la distribution. Ce serait les faillites en cascade. Si ce n\u2019\u00e9tait ces chambres frigorifiques, les agriculteurs auraient laiss\u00e9 leurs terres en friche et je n\u2019aurais pas trouv\u00e9 sur le march\u00e9 les patates pour ma ratatouille de mis\u00e8re, ou je les aurais achet\u00e9es au prix du caviar.<\/p>\n\n\n\n<h3 class=\"wp-block-heading\">Les chambres frigorifiques peuvent aider \u00e0 \u00e9quilibrer le march\u00e9<\/h3>\n\n\n\n<p>Donc, les chambres frigorifiques participent \u00e0 \u00e9quilibrer la distribution sur le march\u00e9. Par ailleurs, en emmagasinant certains produits agricoles, ils d\u00e9congestionnent l\u2019agriculteur, et garantissent leur disponibilit\u00e9 sur le march\u00e9 \u00e0 la longueur de l\u2019ann\u00e9e, et au moment o\u00f9 certains produits se font rares du fait des conditions climatiques, ou en dehors de la saison de grande production. Un pays qui se base sur le tourisme se doit de garantir l\u2019approvisionnement des h\u00f4tels et des activit\u00e9s annexes comme les restaurants par tous les produits agricoles \u00e0 la longueur de l\u2019ann\u00e9e. Quand votre cuisinier d\u00e9cide de vous pr\u00e9parer des crevettes grill\u00e9es pour vos invit\u00e9s officiels, et que ce n\u2019est pas la saison des crevettes, la chambre frigorifique du grossiste en poissons vient en rescousse. Mais cela a un prix.<\/p>\n\n\n\n<p>Si ce n\u2019\u00e9tait l\u2019importance du r\u00f4le des chambres froides pour le secteur agricole, l\u2019Etat n\u2019aurait pas consenti une subvention de 20%, je crois, pour celui qui monte une chambre frigorifique.<\/p>\n\n\n\n<p>Le propri\u00e9taire de la chambre frigorifique a, lui aussi, des frais, \u00e9lectricit\u00e9 surtout, employ\u00e9s, carburant pour son parc de v\u00e9hicules et maintenance, amortissement, frais bancaires, le co\u00fbt de l\u2019argent mis dans les stocks, avaries, certains produits perdent automatiquement 5% de leur poids et plus des suites du stockage\u2026 Avec ces frais et les risques du march\u00e9 m\u00eame, ce grossiste a droit \u00e0 faire du b\u00e9n\u00e9fice. Ce secteur est un secteur l\u00e9gal, il faut juste le contr\u00f4ler pour \u00e9viter les abus et la tentation \u00e0 la sp\u00e9culation. Ces op\u00e9rateurs g\u00e9n\u00e8rent des imp\u00f4ts pour l\u2019Etat. Ainsi, faut-t-il les m\u00e9nager et tirer \u00e0 boulets de canons sur le secteur informel qui nuit \u00e0 l\u2019\u00e9conomie du pays tels la sp\u00e9culation sur le tabac et le march\u00e9 de la drogue et les sp\u00e9culateurs sur les produits subventionn\u00e9s par l\u2019Etat.<\/p>\n\n\n\n<p>Mais de l\u00e0 \u00e0 diaboliser les intervenants dans l\u2019emmagasinage des produits agricoles, les traiter publiquement de voleurs, leurs saisir, sans raison l\u00e9gale, leurs marchandises, c\u2019est de l\u2019incons\u00e9quence et de l\u2019inconscience. Un autre jour, accepteriez vous, monsieur le pr\u00e9sident de la r\u00e9publique, que les enrag\u00e9s de votre slogan <em>\u00abEchaab Yourid\u00bb<\/em> (le peuple veut) exproprient ces op\u00e9rateurs \u00e9conomiques ou d\u2019autres, comme les agriculteurs et les industriels?<\/p>\n\n\n\n<p>Pour la chert\u00e9 des produits agricoles sur le march\u00e9, il faut agir en aval et non en amont. Et l\u00e0, c\u2019est toute une politique agricole qu\u2019il faut dresser. En avez-vous?<\/p>\n\n\n\n<p>Si j\u2019avais la plus petite chambre froide, je la fermerais, et voyez comment vous en sortir avec les agriculteurs en d\u00e9tresse et les citoyens en d\u00e9sarroi.<\/p>\n\n\n\n<p>De gr\u00e2ce, ne nous prenez pas pour des cons, un peu de respect pour notre intelligence, et cessez ce populisme ravageur. Onze ans de populisme et de gabegie, c\u2019en est trop. N\u2019en rajoutez pas. Si ce chemin \u00e9tait salutaire, il l\u2019aurait \u00e9t\u00e9 pour vos pr\u00e9d\u00e9cesseurs.<\/p>\n\n\n\n<p>* <em>Haut cadre de la fonction publique \u00e0 la retraite.<\/em><\/p>\n\n\n\n<h4 class=\"wp-block-heading\"><em>Articles du m\u00eame auteur dans Kapitalis: <\/em><\/h4>\n\n\n\n<p><blockquote class=\"wp-embedded-content\" data-secret=\"Lrw3BQpAlP\"><a href=\"https:\/\/kapitalis.com\/tunisie\/2021\/08\/31\/lenigme-des-cigarettes-invisibles-et-de-la-fortune-dali-baba\/\">L&rsquo;\u00e9nigme des cigarettes invisibles et de la fortune d&rsquo;Ali Baba<\/a><\/blockquote><iframe loading=\"lazy\" class=\"wp-embedded-content\" sandbox=\"allow-scripts\" security=\"restricted\" style=\"position: absolute; clip: rect(1px, 1px, 1px, 1px);\" title=\"\u00ab\u00a0L&rsquo;\u00e9nigme des cigarettes invisibles et de la fortune d&rsquo;Ali Baba\u00a0\u00bb &#8212; Kapitalis\" src=\"https:\/\/kapitalis.com\/tunisie\/2021\/08\/31\/lenigme-des-cigarettes-invisibles-et-de-la-fortune-dali-baba\/embed\/#?secret=EgGcfrAdWk#?secret=Lrw3BQpAlP\" data-secret=\"Lrw3BQpAlP\" width=\"600\" height=\"338\" frameborder=\"0\" marginwidth=\"0\" marginheight=\"0\" scrolling=\"no\"><\/iframe><\/p>\n\n\n\n<p><blockquote class=\"wp-embedded-content\" data-secret=\"gTCIL0yDoc\"><a href=\"https:\/\/kapitalis.com\/tunisie\/2021\/08\/26\/la-fable-de-la-democratie-racontee-par-layatollah-rached-ghannouchi\/\">La fable de la d\u00e9mocratie racont\u00e9e par l&rsquo;ayatollah Rached Ghannouchi<\/a><\/blockquote><iframe loading=\"lazy\" class=\"wp-embedded-content\" sandbox=\"allow-scripts\" security=\"restricted\" style=\"position: absolute; clip: rect(1px, 1px, 1px, 1px);\" title=\"\u00ab\u00a0La fable de la d\u00e9mocratie racont\u00e9e par l&rsquo;ayatollah Rached Ghannouchi\u00a0\u00bb &#8212; Kapitalis\" src=\"https:\/\/kapitalis.com\/tunisie\/2021\/08\/26\/la-fable-de-la-democratie-racontee-par-layatollah-rached-ghannouchi\/embed\/#?secret=jgz1YelDl1#?secret=gTCIL0yDoc\" data-secret=\"gTCIL0yDoc\" width=\"600\" height=\"338\" frameborder=\"0\" marginwidth=\"0\" marginheight=\"0\" scrolling=\"no\"><\/iframe><\/p>\n\n\n\n<p><blockquote class=\"wp-embedded-content\" data-secret=\"jWNAUdtWMh\"><a href=\"https:\/\/kapitalis.com\/tunisie\/2021\/08\/19\/ah-ces-americains-qui-nous-aiment\/\">Ah, ces Am\u00e9ricains qui nous aiment !<\/a><\/blockquote><iframe loading=\"lazy\" class=\"wp-embedded-content\" sandbox=\"allow-scripts\" security=\"restricted\" style=\"position: absolute; clip: rect(1px, 1px, 1px, 1px);\" title=\"\u00ab\u00a0Ah, ces Am\u00e9ricains qui nous aiment !\u00a0\u00bb &#8212; Kapitalis\" src=\"https:\/\/kapitalis.com\/tunisie\/2021\/08\/19\/ah-ces-americains-qui-nous-aiment\/embed\/#?secret=JmDyk0AURt#?secret=jWNAUdtWMh\" data-secret=\"jWNAUdtWMh\" width=\"600\" height=\"338\" frameborder=\"0\" marginwidth=\"0\" marginheight=\"0\" scrolling=\"no\"><\/iframe><\/p>\n","protected":false},"excerpt":{"rendered":"<p>Pour lutter contre la sp\u00e9culation, il ne suffit pas de diaboliser les intervenants \u00e9conomiques, les traiter publiquement de voleurs, leurs saisir, sans raison l\u00e9gale, leurs marchandises, comme le fait parfois Ka\u00efs Sa\u00efed. L&rsquo;auteur estime que le pr\u00e9sident de la r\u00e9publique doit cesser cette sorte de populisme ravageur, qui, au pr\u00e9texte d&rsquo;assainir l&rsquo;\u00e9conomie, pourrait au contraire&#8230;<\/p>\n","protected":false},"author":8,"featured_media":361326,"comment_status":"open","ping_status":"open","sticky":false,"template":"","format":"standard","meta":{"footnotes":""},"categories":[992,995,997,1000,2433],"tags":[46,93054,70520,66632,93055,62643],"class_list":["post-361325","post","type-post","status-publish","format-standard","has-post-thumbnail","hentry","category-a-la-une","category-economie","category-politique","category-tribune","category-tunisie","tag-agriculteurs","tag-chambres-frigorifiques","tag-kais-saied-3","tag-ridha-chiheb-mekki","tag-samir-ettayeb","tag-tunisie"],"yoast_head":"<!-- This site is optimized with the Yoast SEO plugin v26.6 - https:\/\/yoast.com\/wordpress\/plugins\/seo\/ -->\n<title>Kais Sa\u00efed et les sp\u00e9culateurs : le populisme en \u00e9conomie tue l&#039;\u00e9conomie ! - Kapitalis<\/title>\n<meta name=\"robots\" content=\"index, follow, max-snippet:-1, max-image-preview:large, max-video-preview:-1\" \/>\n<link rel=\"canonical\" href=\"https:\/\/kapitalis.com\/tunisie\/2021\/09\/02\/kais-saied-et-les-speculateurs-le-populisme-en-economie-tue-leconomie\/\" \/>\n<meta property=\"og:locale\" content=\"fr_FR\" \/>\n<meta property=\"og:type\" content=\"article\" \/>\n<meta property=\"og:title\" content=\"Kais Sa\u00efed et les sp\u00e9culateurs : le populisme en \u00e9conomie tue l&#039;\u00e9conomie ! - Kapitalis\" \/>\n<meta property=\"og:description\" content=\"Pour lutter contre la sp\u00e9culation, il ne suffit pas de diaboliser les intervenants \u00e9conomiques, les traiter publiquement de voleurs, leurs saisir, sans raison l\u00e9gale, leurs marchandises, comme le fait parfois Ka\u00efs Sa\u00efed. L&rsquo;auteur estime que le pr\u00e9sident de la r\u00e9publique doit cesser cette sorte de populisme ravageur, qui, au pr\u00e9texte d&rsquo;assainir l&rsquo;\u00e9conomie, pourrait au contraire...\" \/>\n<meta property=\"og:url\" content=\"https:\/\/kapitalis.com\/tunisie\/2021\/09\/02\/kais-saied-et-les-speculateurs-le-populisme-en-economie-tue-leconomie\/\" \/>\n<meta property=\"og:site_name\" content=\"Kapitalis\" \/>\n<meta property=\"article:publisher\" content=\"https:\/\/www.facebook.com\/KapitalisInfo\/\" \/>\n<meta property=\"article:published_time\" content=\"2021-09-02T12:59:45+00:00\" \/>\n<meta property=\"article:modified_time\" content=\"2021-09-02T13:02:41+00:00\" \/>\n<meta property=\"og:image\" content=\"https:\/\/kapitalis.com\/tunisie\/wp-content\/uploads\/2022\/05\/kapitalis-logo-fb.png\" \/>\n\t<meta property=\"og:image:width\" content=\"1200\" \/>\n\t<meta property=\"og:image:height\" content=\"630\" \/>\n\t<meta property=\"og:image:type\" content=\"image\/png\" \/>\n<meta name=\"author\" content=\"webmaster kapitalis\" \/>\n<meta name=\"twitter:card\" content=\"summary_large_image\" \/>\n<meta name=\"twitter:creator\" content=\"@KapitalisInfo\" \/>\n<meta name=\"twitter:site\" content=\"@KapitalisInfo\" \/>\n<meta name=\"twitter:label1\" content=\"\u00c9crit par\" \/>\n\t<meta name=\"twitter:data1\" content=\"webmaster kapitalis\" \/>\n\t<meta name=\"twitter:label2\" content=\"Dur\u00e9e de lecture estim\u00e9e\" \/>\n\t<meta name=\"twitter:data2\" content=\"8 minutes\" \/>\n<script type=\"application\/ld+json\" class=\"yoast-schema-graph\">{\"@context\":\"https:\/\/schema.org\",\"@graph\":[{\"@type\":\"Article\",\"@id\":\"https:\/\/kapitalis.com\/tunisie\/2021\/09\/02\/kais-saied-et-les-speculateurs-le-populisme-en-economie-tue-leconomie\/#article\",\"isPartOf\":{\"@id\":\"https:\/\/kapitalis.com\/tunisie\/2021\/09\/02\/kais-saied-et-les-speculateurs-le-populisme-en-economie-tue-leconomie\/\"},\"author\":{\"name\":\"webmaster kapitalis\",\"@id\":\"https:\/\/kapitalis.com\/tunisie\/#\/schema\/person\/d71f33a9ca44f7bad4698210b480c8e9\"},\"headline\":\"Kais Sa\u00efed et les sp\u00e9culateurs : le populisme en \u00e9conomie tue l&rsquo;\u00e9conomie !\",\"datePublished\":\"2021-09-02T12:59:45+00:00\",\"dateModified\":\"2021-09-02T13:02:41+00:00\",\"mainEntityOfPage\":{\"@id\":\"https:\/\/kapitalis.com\/tunisie\/2021\/09\/02\/kais-saied-et-les-speculateurs-le-populisme-en-economie-tue-leconomie\/\"},\"wordCount\":1582,\"commentCount\":5,\"publisher\":{\"@id\":\"https:\/\/kapitalis.com\/tunisie\/#organization\"},\"image\":{\"@id\":\"https:\/\/kapitalis.com\/tunisie\/2021\/09\/02\/kais-saied-et-les-speculateurs-le-populisme-en-economie-tue-leconomie\/#primaryimage\"},\"thumbnailUrl\":\"\",\"keywords\":[\"agriculteurs\",\"chambres frigorifiques\",\"Kais Saied\",\"Ridha Chiheb Mekki\",\"Samir Ettayeb\",\"Tunisie\"],\"articleSection\":[\"A LA UNE\",\"ECONOMIE\",\"POLITIQUE\",\"TRIBUNE\",\"Tunisie\"],\"inLanguage\":\"fr-FR\",\"potentialAction\":[{\"@type\":\"CommentAction\",\"name\":\"Comment\",\"target\":[\"https:\/\/kapitalis.com\/tunisie\/2021\/09\/02\/kais-saied-et-les-speculateurs-le-populisme-en-economie-tue-leconomie\/#respond\"]}]},{\"@type\":\"WebPage\",\"@id\":\"https:\/\/kapitalis.com\/tunisie\/2021\/09\/02\/kais-saied-et-les-speculateurs-le-populisme-en-economie-tue-leconomie\/\",\"url\":\"https:\/\/kapitalis.com\/tunisie\/2021\/09\/02\/kais-saied-et-les-speculateurs-le-populisme-en-economie-tue-leconomie\/\",\"name\":\"Kais Sa\u00efed et les sp\u00e9culateurs : le populisme en \u00e9conomie tue l'\u00e9conomie ! - Kapitalis\",\"isPartOf\":{\"@id\":\"https:\/\/kapitalis.com\/tunisie\/#website\"},\"primaryImageOfPage\":{\"@id\":\"https:\/\/kapitalis.com\/tunisie\/2021\/09\/02\/kais-saied-et-les-speculateurs-le-populisme-en-economie-tue-leconomie\/#primaryimage\"},\"image\":{\"@id\":\"https:\/\/kapitalis.com\/tunisie\/2021\/09\/02\/kais-saied-et-les-speculateurs-le-populisme-en-economie-tue-leconomie\/#primaryimage\"},\"thumbnailUrl\":\"\",\"datePublished\":\"2021-09-02T12:59:45+00:00\",\"dateModified\":\"2021-09-02T13:02:41+00:00\",\"breadcrumb\":{\"@id\":\"https:\/\/kapitalis.com\/tunisie\/2021\/09\/02\/kais-saied-et-les-speculateurs-le-populisme-en-economie-tue-leconomie\/#breadcrumb\"},\"inLanguage\":\"fr-FR\",\"potentialAction\":[{\"@type\":\"ReadAction\",\"target\":[\"https:\/\/kapitalis.com\/tunisie\/2021\/09\/02\/kais-saied-et-les-speculateurs-le-populisme-en-economie-tue-leconomie\/\"]}]},{\"@type\":\"ImageObject\",\"inLanguage\":\"fr-FR\",\"@id\":\"https:\/\/kapitalis.com\/tunisie\/2021\/09\/02\/kais-saied-et-les-speculateurs-le-populisme-en-economie-tue-leconomie\/#primaryimage\",\"url\":\"\",\"contentUrl\":\"\"},{\"@type\":\"BreadcrumbList\",\"@id\":\"https:\/\/kapitalis.com\/tunisie\/2021\/09\/02\/kais-saied-et-les-speculateurs-le-populisme-en-economie-tue-leconomie\/#breadcrumb\",\"itemListElement\":[{\"@type\":\"ListItem\",\"position\":1,\"name\":\"Accueil\",\"item\":\"https:\/\/kapitalis.com\/tunisie\/\"},{\"@type\":\"ListItem\",\"position\":2,\"name\":\"Kais Sa\u00efed et les sp\u00e9culateurs : le populisme en \u00e9conomie tue l&rsquo;\u00e9conomie !\"}]},{\"@type\":\"WebSite\",\"@id\":\"https:\/\/kapitalis.com\/tunisie\/#website\",\"url\":\"https:\/\/kapitalis.com\/tunisie\/\",\"name\":\"Kapitalis\",\"description\":\"L&#039;actualit\u00e9 en Tunisie et dans le monde\",\"publisher\":{\"@id\":\"https:\/\/kapitalis.com\/tunisie\/#organization\"},\"potentialAction\":[{\"@type\":\"SearchAction\",\"target\":{\"@type\":\"EntryPoint\",\"urlTemplate\":\"https:\/\/kapitalis.com\/tunisie\/?s={search_term_string}\"},\"query-input\":{\"@type\":\"PropertyValueSpecification\",\"valueRequired\":true,\"valueName\":\"search_term_string\"}}],\"inLanguage\":\"fr-FR\"},{\"@type\":\"Organization\",\"@id\":\"https:\/\/kapitalis.com\/tunisie\/#organization\",\"name\":\"Kapitalis\",\"url\":\"https:\/\/kapitalis.com\/tunisie\/\",\"logo\":{\"@type\":\"ImageObject\",\"inLanguage\":\"fr-FR\",\"@id\":\"https:\/\/kapitalis.com\/tunisie\/#\/schema\/logo\/image\/\",\"url\":\"https:\/\/kapitalis.com\/tunisie\/wp-content\/uploads\/2022\/05\/Kapitalis-big-size.png\",\"contentUrl\":\"https:\/\/kapitalis.com\/tunisie\/wp-content\/uploads\/2022\/05\/Kapitalis-big-size.png\",\"width\":5000,\"height\":1500,\"caption\":\"Kapitalis\"},\"image\":{\"@id\":\"https:\/\/kapitalis.com\/tunisie\/#\/schema\/logo\/image\/\"},\"sameAs\":[\"https:\/\/www.facebook.com\/KapitalisInfo\/\",\"https:\/\/x.com\/KapitalisInfo\",\"https:\/\/www.youtube.com\/channel\/UC-yDYrHyfFBWWZaOw3FPg9Q\"]},{\"@type\":\"Person\",\"@id\":\"https:\/\/kapitalis.com\/tunisie\/#\/schema\/person\/d71f33a9ca44f7bad4698210b480c8e9\",\"name\":\"webmaster kapitalis\",\"url\":\"https:\/\/kapitalis.com\/tunisie\/author\/webmaster-kapitalis\/\"}]}<\/script>\n<!-- \/ Yoast SEO plugin. -->","yoast_head_json":{"title":"Kais Sa\u00efed et les sp\u00e9culateurs : le populisme en \u00e9conomie tue l'\u00e9conomie ! - Kapitalis","robots":{"index":"index","follow":"follow","max-snippet":"max-snippet:-1","max-image-preview":"max-image-preview:large","max-video-preview":"max-video-preview:-1"},"canonical":"https:\/\/kapitalis.com\/tunisie\/2021\/09\/02\/kais-saied-et-les-speculateurs-le-populisme-en-economie-tue-leconomie\/","og_locale":"fr_FR","og_type":"article","og_title":"Kais Sa\u00efed et les sp\u00e9culateurs : le populisme en \u00e9conomie tue l'\u00e9conomie ! - Kapitalis","og_description":"Pour lutter contre la sp\u00e9culation, il ne suffit pas de diaboliser les intervenants \u00e9conomiques, les traiter publiquement de voleurs, leurs saisir, sans raison l\u00e9gale, leurs marchandises, comme le fait parfois Ka\u00efs Sa\u00efed. L&rsquo;auteur estime que le pr\u00e9sident de la r\u00e9publique doit cesser cette sorte de populisme ravageur, qui, au pr\u00e9texte d&rsquo;assainir l&rsquo;\u00e9conomie, pourrait au contraire...","og_url":"https:\/\/kapitalis.com\/tunisie\/2021\/09\/02\/kais-saied-et-les-speculateurs-le-populisme-en-economie-tue-leconomie\/","og_site_name":"Kapitalis","article_publisher":"https:\/\/www.facebook.com\/KapitalisInfo\/","article_published_time":"2021-09-02T12:59:45+00:00","article_modified_time":"2021-09-02T13:02:41+00:00","og_image":[{"width":1200,"height":630,"url":"https:\/\/kapitalis.com\/tunisie\/wp-content\/uploads\/2022\/05\/kapitalis-logo-fb.png","type":"image\/png"}],"author":"webmaster kapitalis","twitter_card":"summary_large_image","twitter_creator":"@KapitalisInfo","twitter_site":"@KapitalisInfo","twitter_misc":{"\u00c9crit par":"webmaster kapitalis","Dur\u00e9e de lecture estim\u00e9e":"8 minutes"},"schema":{"@context":"https:\/\/schema.org","@graph":[{"@type":"Article","@id":"https:\/\/kapitalis.com\/tunisie\/2021\/09\/02\/kais-saied-et-les-speculateurs-le-populisme-en-economie-tue-leconomie\/#article","isPartOf":{"@id":"https:\/\/kapitalis.com\/tunisie\/2021\/09\/02\/kais-saied-et-les-speculateurs-le-populisme-en-economie-tue-leconomie\/"},"author":{"name":"webmaster kapitalis","@id":"https:\/\/kapitalis.com\/tunisie\/#\/schema\/person\/d71f33a9ca44f7bad4698210b480c8e9"},"headline":"Kais Sa\u00efed et les sp\u00e9culateurs : le populisme en \u00e9conomie tue l&rsquo;\u00e9conomie !","datePublished":"2021-09-02T12:59:45+00:00","dateModified":"2021-09-02T13:02:41+00:00","mainEntityOfPage":{"@id":"https:\/\/kapitalis.com\/tunisie\/2021\/09\/02\/kais-saied-et-les-speculateurs-le-populisme-en-economie-tue-leconomie\/"},"wordCount":1582,"commentCount":5,"publisher":{"@id":"https:\/\/kapitalis.com\/tunisie\/#organization"},"image":{"@id":"https:\/\/kapitalis.com\/tunisie\/2021\/09\/02\/kais-saied-et-les-speculateurs-le-populisme-en-economie-tue-leconomie\/#primaryimage"},"thumbnailUrl":"","keywords":["agriculteurs","chambres frigorifiques","Kais Saied","Ridha Chiheb Mekki","Samir Ettayeb","Tunisie"],"articleSection":["A LA UNE","ECONOMIE","POLITIQUE","TRIBUNE","Tunisie"],"inLanguage":"fr-FR","potentialAction":[{"@type":"CommentAction","name":"Comment","target":["https:\/\/kapitalis.com\/tunisie\/2021\/09\/02\/kais-saied-et-les-speculateurs-le-populisme-en-economie-tue-leconomie\/#respond"]}]},{"@type":"WebPage","@id":"https:\/\/kapitalis.com\/tunisie\/2021\/09\/02\/kais-saied-et-les-speculateurs-le-populisme-en-economie-tue-leconomie\/","url":"https:\/\/kapitalis.com\/tunisie\/2021\/09\/02\/kais-saied-et-les-speculateurs-le-populisme-en-economie-tue-leconomie\/","name":"Kais Sa\u00efed et les sp\u00e9culateurs : le populisme en \u00e9conomie tue l'\u00e9conomie ! - Kapitalis","isPartOf":{"@id":"https:\/\/kapitalis.com\/tunisie\/#website"},"primaryImageOfPage":{"@id":"https:\/\/kapitalis.com\/tunisie\/2021\/09\/02\/kais-saied-et-les-speculateurs-le-populisme-en-economie-tue-leconomie\/#primaryimage"},"image":{"@id":"https:\/\/kapitalis.com\/tunisie\/2021\/09\/02\/kais-saied-et-les-speculateurs-le-populisme-en-economie-tue-leconomie\/#primaryimage"},"thumbnailUrl":"","datePublished":"2021-09-02T12:59:45+00:00","dateModified":"2021-09-02T13:02:41+00:00","breadcrumb":{"@id":"https:\/\/kapitalis.com\/tunisie\/2021\/09\/02\/kais-saied-et-les-speculateurs-le-populisme-en-economie-tue-leconomie\/#breadcrumb"},"inLanguage":"fr-FR","potentialAction":[{"@type":"ReadAction","target":["https:\/\/kapitalis.com\/tunisie\/2021\/09\/02\/kais-saied-et-les-speculateurs-le-populisme-en-economie-tue-leconomie\/"]}]},{"@type":"ImageObject","inLanguage":"fr-FR","@id":"https:\/\/kapitalis.com\/tunisie\/2021\/09\/02\/kais-saied-et-les-speculateurs-le-populisme-en-economie-tue-leconomie\/#primaryimage","url":"","contentUrl":""},{"@type":"BreadcrumbList","@id":"https:\/\/kapitalis.com\/tunisie\/2021\/09\/02\/kais-saied-et-les-speculateurs-le-populisme-en-economie-tue-leconomie\/#breadcrumb","itemListElement":[{"@type":"ListItem","position":1,"name":"Accueil","item":"https:\/\/kapitalis.com\/tunisie\/"},{"@type":"ListItem","position":2,"name":"Kais Sa\u00efed et les sp\u00e9culateurs : le populisme en \u00e9conomie tue l&rsquo;\u00e9conomie !"}]},{"@type":"WebSite","@id":"https:\/\/kapitalis.com\/tunisie\/#website","url":"https:\/\/kapitalis.com\/tunisie\/","name":"Kapitalis","description":"L&#039;actualit\u00e9 en Tunisie et dans le monde","publisher":{"@id":"https:\/\/kapitalis.com\/tunisie\/#organization"},"potentialAction":[{"@type":"SearchAction","target":{"@type":"EntryPoint","urlTemplate":"https:\/\/kapitalis.com\/tunisie\/?s={search_term_string}"},"query-input":{"@type":"PropertyValueSpecification","valueRequired":true,"valueName":"search_term_string"}}],"inLanguage":"fr-FR"},{"@type":"Organization","@id":"https:\/\/kapitalis.com\/tunisie\/#organization","name":"Kapitalis","url":"https:\/\/kapitalis.com\/tunisie\/","logo":{"@type":"ImageObject","inLanguage":"fr-FR","@id":"https:\/\/kapitalis.com\/tunisie\/#\/schema\/logo\/image\/","url":"https:\/\/kapitalis.com\/tunisie\/wp-content\/uploads\/2022\/05\/Kapitalis-big-size.png","contentUrl":"https:\/\/kapitalis.com\/tunisie\/wp-content\/uploads\/2022\/05\/Kapitalis-big-size.png","width":5000,"height":1500,"caption":"Kapitalis"},"image":{"@id":"https:\/\/kapitalis.com\/tunisie\/#\/schema\/logo\/image\/"},"sameAs":["https:\/\/www.facebook.com\/KapitalisInfo\/","https:\/\/x.com\/KapitalisInfo","https:\/\/www.youtube.com\/channel\/UC-yDYrHyfFBWWZaOw3FPg9Q"]},{"@type":"Person","@id":"https:\/\/kapitalis.com\/tunisie\/#\/schema\/person\/d71f33a9ca44f7bad4698210b480c8e9","name":"webmaster kapitalis","url":"https:\/\/kapitalis.com\/tunisie\/author\/webmaster-kapitalis\/"}]}},"_links":{"self":[{"href":"https:\/\/kapitalis.com\/tunisie\/wp-json\/wp\/v2\/posts\/361325","targetHints":{"allow":["GET"]}}],"collection":[{"href":"https:\/\/kapitalis.com\/tunisie\/wp-json\/wp\/v2\/posts"}],"about":[{"href":"https:\/\/kapitalis.com\/tunisie\/wp-json\/wp\/v2\/types\/post"}],"author":[{"embeddable":true,"href":"https:\/\/kapitalis.com\/tunisie\/wp-json\/wp\/v2\/users\/8"}],"replies":[{"embeddable":true,"href":"https:\/\/kapitalis.com\/tunisie\/wp-json\/wp\/v2\/comments?post=361325"}],"version-history":[{"count":0,"href":"https:\/\/kapitalis.com\/tunisie\/wp-json\/wp\/v2\/posts\/361325\/revisions"}],"wp:featuredmedia":[{"embeddable":true,"href":"https:\/\/kapitalis.com\/tunisie\/wp-json\/wp\/v2\/media\/361326"}],"wp:attachment":[{"href":"https:\/\/kapitalis.com\/tunisie\/wp-json\/wp\/v2\/media?parent=361325"}],"wp:term":[{"taxonomy":"category","embeddable":true,"href":"https:\/\/kapitalis.com\/tunisie\/wp-json\/wp\/v2\/categories?post=361325"},{"taxonomy":"post_tag","embeddable":true,"href":"https:\/\/kapitalis.com\/tunisie\/wp-json\/wp\/v2\/tags?post=361325"}],"curies":[{"name":"wp","href":"https:\/\/api.w.org\/{rel}","templated":true}]}}