{"id":361441,"date":"2021-09-03T13:55:49","date_gmt":"2021-09-03T12:55:49","guid":{"rendered":"http:\/\/kapitalis.com\/tunisie\/?p=361441"},"modified":"2021-09-03T13:59:07","modified_gmt":"2021-09-03T12:59:07","slug":"qui-va-assainir-la-magistrature-tunisienne","status":"publish","type":"post","link":"https:\/\/kapitalis.com\/tunisie\/2021\/09\/03\/qui-va-assainir-la-magistrature-tunisienne\/","title":{"rendered":"Qui va assainir la magistrature tunisienne ?"},"content":{"rendered":"\n<div class=\"wp-block-image\"><figure class=\"aligncenter size-large\"><img decoding=\"async\" src=\"http:\/\/kapitalis.com\/tunisie\/wp-content\/uploads\/2021\/09\/Kais-Saied-Anas-Hmaidi.jpg\" alt=\"\" class=\"wp-image-361446\"\/><figcaption><em>Kais Saied \/ Anas Hmaidi.<\/em><\/figcaption><\/figure><\/div>\n\n\n\n<p><strong><em>Deux d\u00e9clarations faites hier, jeudi 2 septembre 2021, par le pr\u00e9sident de la r\u00e9publique Kais Saied et le pr\u00e9sident de l&rsquo;Association ses magistrats tunisiens (AMT), Anas Hmaidi, mettent le doigt sur l&rsquo;une des principales causes de l&rsquo;\u00e9chec de la transition d\u00e9mocratique en Tunisie, \u00e0 savoir le quasi-refus de la magistrature tunisienne de se r\u00e9former et de jouer son r\u00f4le dans l&rsquo;assainissement de la situation dans le pays. <\/em><\/strong><\/p>\n\n\n\n<p>Par <strong>Imed Bahri<\/strong><\/p>\n\n\n\n<!--more-->\n\n\n\n<p>Le pr\u00e9sident Sa\u00efed, qui s&rsquo;adressait \u00e0 des responsables d&rsquo;organisations nationales op\u00e9rant dans le domaine des droits, a d\u00e9plor\u00e9 le laxisme de la justice qui rechigne \u00e0 jouer son r\u00f4le dans la lutte contre la corruption et la contribution active de certains juges au syst\u00e8me de corruption en laissant tra\u00eener les dossiers et en faisant m\u00eame dispara\u00eetre des pi\u00e8ces \u00e0 charge contenues dans ces dossiers. <\/p>\n\n\n\n<h3 class=\"wp-block-heading\">Qui mettra les tenants de l&rsquo;immobilisme hors d&rsquo;\u00e9tat de nuire ?<\/h3>\n\n\n\n<p>Cette accusation, dont la gravit\u00e9 n&rsquo;\u00e9chappe \u00e0 personne, n&rsquo;a pas suscit\u00e9 de r\u00e9action parmi le corps des magistrats, dont l&rsquo;absence de r\u00e9action d\u00e9note un accord tacite avec les all\u00e9gations du chef de l&rsquo;Etat. Et ce silence trahit la division actuelle de ce corps essentiel au bon fonctionnement des institutions d\u00e9mocratiques entre les tenants de l&rsquo;immobilisme, dont beaucoup sont impliqu\u00e9s dans le syst\u00e8me de corruption et tra\u00eenent des casseroles, et les fervents d\u00e9fenseurs des r\u00e9formes, qui tardent \u00e0 \u00eatre mises en route, et qui ont du mal \u00e0 faire entendre leurs voix par les notables de la profession. <\/p>\n\n\n\n<p>Le pr\u00e9sident de l&rsquo;AMT a, de son c\u00f4t\u00e9, d\u00e9nonc\u00e9, en marge d&rsquo;une conf\u00e9rence de presse, la r\u00e9sistance du Conseil sup\u00e9rieur de la magistrature (CSM) et son refus de mettre en route les r\u00e9formes revendiqu\u00e9es par la profession, r\u00e9sistance que traduit le dernier mouvement dans le corps de la magistrature qui conforte la domination des magistrats accus\u00e9s par leurs coll\u00e8gues d&rsquo;avoir d\u00e9voy\u00e9 la profession. <\/p>\n\n\n\n<h3 class=\"wp-block-heading\">Ouvrir des enqu\u00eates judiciaires sur la fortune de certains magistrats<\/h3>\n\n\n\n<p>Le fait que des membres importants du CSM soient cit\u00e9s par des enqu\u00eates internes de l&rsquo;inspection g\u00e9n\u00e9rale du minist\u00e8re de la Justice pour avoir commis des d\u00e9passements de toutes sortes (d\u00e9tournement de proc\u00e8s, manipulation de proc\u00e9dures judiciaires, liens douteux avec des partis politiques, etc.) conforte ce sentiment partag\u00e9 par une majorit\u00e9 de Tunisiens que la magistrature est un corps gangren\u00e9 par la corruption. <\/p>\n\n\n\n<p>Anas Hmaidi a, par ailleurs, d\u00e9plor\u00e9 l&rsquo;enrichissement spectaculaire de certains magistrats et demand\u00e9 aux autorit\u00e9s de lancer des enqu\u00eates judiciaires sur la fortune de certains de ces magistrats et de commencer par les membres du CSM, laissant ainsi entendre que cette instance constitutionnelle, cens\u00e9e d\u00e9fendre l&rsquo;ind\u00e9pendance de la justice et son int\u00e9grit\u00e9, est devenue une sorte de blanchisseuse, qui emp\u00eache toute tentative d&rsquo;assainissement du secteur<strong>. <\/strong>    <\/p>\n\n\n\n<p class=\"has-text-align-left\"><strong><em>Articles li\u00e9s:<\/em><\/strong><\/p>\n\n\n\n<p><blockquote class=\"wp-embedded-content\" data-secret=\"HOYTKZNcxy\"><a href=\"https:\/\/kapitalis.com\/tunisie\/2021\/08\/20\/kais-saied-et-les-juges-qui-a-peur-de-qui\/\">Kais Sa\u00efed et les juges : qui a peur de qui ?<\/a><\/blockquote><iframe loading=\"lazy\" class=\"wp-embedded-content\" sandbox=\"allow-scripts\" security=\"restricted\" style=\"position: absolute; clip: rect(1px, 1px, 1px, 1px);\" title=\"\u00ab\u00a0Kais Sa\u00efed et les juges : qui a peur de qui ?\u00a0\u00bb &#8212; Kapitalis\" src=\"https:\/\/kapitalis.com\/tunisie\/2021\/08\/20\/kais-saied-et-les-juges-qui-a-peur-de-qui\/embed\/#?secret=7bdwQarbYs#?secret=HOYTKZNcxy\" data-secret=\"HOYTKZNcxy\" width=\"600\" height=\"338\" frameborder=\"0\" marginwidth=\"0\" marginheight=\"0\" scrolling=\"no\"><\/iframe><\/p>\n\n\n\n<p class=\"has-text-align-left\"><blockquote class=\"wp-embedded-content\" data-secret=\"MtFXHqJXhD\"><a href=\"https:\/\/kapitalis.com\/tunisie\/2021\/06\/30\/la-justice-en-tunisie-gangrenee-par-la-corruption-de-certains-magistrats\/\">La justice en Tunisie gangren\u00e9e par la corruption de certains magistrats<\/a><\/blockquote><iframe loading=\"lazy\" class=\"wp-embedded-content\" sandbox=\"allow-scripts\" security=\"restricted\" style=\"position: absolute; clip: rect(1px, 1px, 1px, 1px);\" title=\"\u00ab\u00a0La justice en Tunisie gangren\u00e9e par la corruption de certains magistrats\u00a0\u00bb &#8212; Kapitalis\" src=\"https:\/\/kapitalis.com\/tunisie\/2021\/06\/30\/la-justice-en-tunisie-gangrenee-par-la-corruption-de-certains-magistrats\/embed\/#?secret=4Dnyr0Lmp2#?secret=MtFXHqJXhD\" data-secret=\"MtFXHqJXhD\" width=\"600\" height=\"338\" frameborder=\"0\" marginwidth=\"0\" marginheight=\"0\" scrolling=\"no\"><\/iframe>   <\/p>\n","protected":false},"excerpt":{"rendered":"<p>Deux d\u00e9clarations faites hier, jeudi 2 septembre 2021, par le pr\u00e9sident de la r\u00e9publique Kais Saied et le pr\u00e9sident de l&rsquo;Association ses magistrats tunisiens (AMT), Anas Hmaidi, mettent le doigt sur l&rsquo;une des principales causes de l&rsquo;\u00e9chec de la transition d\u00e9mocratique en Tunisie, \u00e0 savoir le quasi-refus de la magistrature tunisienne de se r\u00e9former et&#8230;<\/p>\n","protected":false},"author":8,"featured_media":361446,"comment_status":"open","ping_status":"open","sticky":false,"template":"","format":"standard","meta":{"footnotes":""},"categories":[992,997,2433],"tags":[65936,6870,7902,64471,70520,3236,62643],"class_list":["post-361441","post","type-post","status-publish","format-standard","has-post-thumbnail","hentry","category-a-la-une","category-politique","category-tunisie","tag-anas-hmaidi","tag-association-des-magistrats-tunisiens","tag-conseil-superieur-de-la-magistrature","tag-corruption","tag-kais-saied-3","tag-transition-democratique","tag-tunisie"],"yoast_head":"<!-- This site is optimized with the Yoast SEO plugin v26.6 - https:\/\/yoast.com\/wordpress\/plugins\/seo\/ -->\n<title>Qui va assainir la magistrature tunisienne ? - Kapitalis<\/title>\n<meta name=\"robots\" content=\"index, follow, max-snippet:-1, max-image-preview:large, max-video-preview:-1\" \/>\n<link rel=\"canonical\" href=\"https:\/\/kapitalis.com\/tunisie\/2021\/09\/03\/qui-va-assainir-la-magistrature-tunisienne\/\" \/>\n<meta property=\"og:locale\" content=\"fr_FR\" \/>\n<meta property=\"og:type\" content=\"article\" \/>\n<meta property=\"og:title\" content=\"Qui va assainir la magistrature tunisienne ? - Kapitalis\" \/>\n<meta property=\"og:description\" content=\"Deux d\u00e9clarations faites hier, jeudi 2 septembre 2021, par le pr\u00e9sident de la r\u00e9publique Kais Saied et le pr\u00e9sident de l&rsquo;Association ses magistrats tunisiens (AMT), Anas Hmaidi, mettent le doigt sur l&rsquo;une des principales causes de l&rsquo;\u00e9chec de la transition d\u00e9mocratique en Tunisie, \u00e0 savoir le quasi-refus de la magistrature tunisienne de se r\u00e9former et...\" \/>\n<meta property=\"og:url\" content=\"https:\/\/kapitalis.com\/tunisie\/2021\/09\/03\/qui-va-assainir-la-magistrature-tunisienne\/\" \/>\n<meta property=\"og:site_name\" content=\"Kapitalis\" \/>\n<meta property=\"article:publisher\" content=\"https:\/\/www.facebook.com\/KapitalisInfo\/\" \/>\n<meta property=\"article:published_time\" content=\"2021-09-03T12:55:49+00:00\" \/>\n<meta property=\"article:modified_time\" content=\"2021-09-03T12:59:07+00:00\" \/>\n<meta property=\"og:image\" content=\"https:\/\/kapitalis.com\/tunisie\/wp-content\/uploads\/2022\/05\/kapitalis-logo-fb.png\" \/>\n\t<meta property=\"og:image:width\" content=\"1200\" \/>\n\t<meta property=\"og:image:height\" content=\"630\" \/>\n\t<meta property=\"og:image:type\" content=\"image\/png\" \/>\n<meta name=\"author\" content=\"webmaster kapitalis\" \/>\n<meta name=\"twitter:card\" content=\"summary_large_image\" \/>\n<meta name=\"twitter:creator\" content=\"@KapitalisInfo\" \/>\n<meta name=\"twitter:site\" content=\"@KapitalisInfo\" \/>\n<meta name=\"twitter:label1\" content=\"\u00c9crit par\" \/>\n\t<meta name=\"twitter:data1\" content=\"webmaster kapitalis\" \/>\n\t<meta name=\"twitter:label2\" content=\"Dur\u00e9e de lecture estim\u00e9e\" \/>\n\t<meta name=\"twitter:data2\" content=\"3 minutes\" \/>\n<script type=\"application\/ld+json\" class=\"yoast-schema-graph\">{\"@context\":\"https:\/\/schema.org\",\"@graph\":[{\"@type\":\"Article\",\"@id\":\"https:\/\/kapitalis.com\/tunisie\/2021\/09\/03\/qui-va-assainir-la-magistrature-tunisienne\/#article\",\"isPartOf\":{\"@id\":\"https:\/\/kapitalis.com\/tunisie\/2021\/09\/03\/qui-va-assainir-la-magistrature-tunisienne\/\"},\"author\":{\"name\":\"webmaster kapitalis\",\"@id\":\"https:\/\/kapitalis.com\/tunisie\/#\/schema\/person\/d71f33a9ca44f7bad4698210b480c8e9\"},\"headline\":\"Qui va assainir la magistrature tunisienne ?\",\"datePublished\":\"2021-09-03T12:55:49+00:00\",\"dateModified\":\"2021-09-03T12:59:07+00:00\",\"mainEntityOfPage\":{\"@id\":\"https:\/\/kapitalis.com\/tunisie\/2021\/09\/03\/qui-va-assainir-la-magistrature-tunisienne\/\"},\"wordCount\":516,\"commentCount\":0,\"publisher\":{\"@id\":\"https:\/\/kapitalis.com\/tunisie\/#organization\"},\"image\":{\"@id\":\"https:\/\/kapitalis.com\/tunisie\/2021\/09\/03\/qui-va-assainir-la-magistrature-tunisienne\/#primaryimage\"},\"thumbnailUrl\":\"\",\"keywords\":[\"Anas Hmaidi\",\"association des magistrats tunisiens\",\"conseil sup\u00e9rieur de la magistrature\",\"corruption\",\"Kais Saied\",\"transition d\u00e9mocratique\",\"Tunisie\"],\"articleSection\":[\"A LA UNE\",\"POLITIQUE\",\"Tunisie\"],\"inLanguage\":\"fr-FR\",\"potentialAction\":[{\"@type\":\"CommentAction\",\"name\":\"Comment\",\"target\":[\"https:\/\/kapitalis.com\/tunisie\/2021\/09\/03\/qui-va-assainir-la-magistrature-tunisienne\/#respond\"]}]},{\"@type\":\"WebPage\",\"@id\":\"https:\/\/kapitalis.com\/tunisie\/2021\/09\/03\/qui-va-assainir-la-magistrature-tunisienne\/\",\"url\":\"https:\/\/kapitalis.com\/tunisie\/2021\/09\/03\/qui-va-assainir-la-magistrature-tunisienne\/\",\"name\":\"Qui va assainir la magistrature tunisienne ? - Kapitalis\",\"isPartOf\":{\"@id\":\"https:\/\/kapitalis.com\/tunisie\/#website\"},\"primaryImageOfPage\":{\"@id\":\"https:\/\/kapitalis.com\/tunisie\/2021\/09\/03\/qui-va-assainir-la-magistrature-tunisienne\/#primaryimage\"},\"image\":{\"@id\":\"https:\/\/kapitalis.com\/tunisie\/2021\/09\/03\/qui-va-assainir-la-magistrature-tunisienne\/#primaryimage\"},\"thumbnailUrl\":\"\",\"datePublished\":\"2021-09-03T12:55:49+00:00\",\"dateModified\":\"2021-09-03T12:59:07+00:00\",\"breadcrumb\":{\"@id\":\"https:\/\/kapitalis.com\/tunisie\/2021\/09\/03\/qui-va-assainir-la-magistrature-tunisienne\/#breadcrumb\"},\"inLanguage\":\"fr-FR\",\"potentialAction\":[{\"@type\":\"ReadAction\",\"target\":[\"https:\/\/kapitalis.com\/tunisie\/2021\/09\/03\/qui-va-assainir-la-magistrature-tunisienne\/\"]}]},{\"@type\":\"ImageObject\",\"inLanguage\":\"fr-FR\",\"@id\":\"https:\/\/kapitalis.com\/tunisie\/2021\/09\/03\/qui-va-assainir-la-magistrature-tunisienne\/#primaryimage\",\"url\":\"\",\"contentUrl\":\"\"},{\"@type\":\"BreadcrumbList\",\"@id\":\"https:\/\/kapitalis.com\/tunisie\/2021\/09\/03\/qui-va-assainir-la-magistrature-tunisienne\/#breadcrumb\",\"itemListElement\":[{\"@type\":\"ListItem\",\"position\":1,\"name\":\"Accueil\",\"item\":\"https:\/\/kapitalis.com\/tunisie\/\"},{\"@type\":\"ListItem\",\"position\":2,\"name\":\"Qui va assainir la magistrature tunisienne ?\"}]},{\"@type\":\"WebSite\",\"@id\":\"https:\/\/kapitalis.com\/tunisie\/#website\",\"url\":\"https:\/\/kapitalis.com\/tunisie\/\",\"name\":\"Kapitalis\",\"description\":\"L&#039;actualit\u00e9 en Tunisie et dans le monde\",\"publisher\":{\"@id\":\"https:\/\/kapitalis.com\/tunisie\/#organization\"},\"potentialAction\":[{\"@type\":\"SearchAction\",\"target\":{\"@type\":\"EntryPoint\",\"urlTemplate\":\"https:\/\/kapitalis.com\/tunisie\/?s={search_term_string}\"},\"query-input\":{\"@type\":\"PropertyValueSpecification\",\"valueRequired\":true,\"valueName\":\"search_term_string\"}}],\"inLanguage\":\"fr-FR\"},{\"@type\":\"Organization\",\"@id\":\"https:\/\/kapitalis.com\/tunisie\/#organization\",\"name\":\"Kapitalis\",\"url\":\"https:\/\/kapitalis.com\/tunisie\/\",\"logo\":{\"@type\":\"ImageObject\",\"inLanguage\":\"fr-FR\",\"@id\":\"https:\/\/kapitalis.com\/tunisie\/#\/schema\/logo\/image\/\",\"url\":\"https:\/\/kapitalis.com\/tunisie\/wp-content\/uploads\/2022\/05\/Kapitalis-big-size.png\",\"contentUrl\":\"https:\/\/kapitalis.com\/tunisie\/wp-content\/uploads\/2022\/05\/Kapitalis-big-size.png\",\"width\":5000,\"height\":1500,\"caption\":\"Kapitalis\"},\"image\":{\"@id\":\"https:\/\/kapitalis.com\/tunisie\/#\/schema\/logo\/image\/\"},\"sameAs\":[\"https:\/\/www.facebook.com\/KapitalisInfo\/\",\"https:\/\/x.com\/KapitalisInfo\",\"https:\/\/www.youtube.com\/channel\/UC-yDYrHyfFBWWZaOw3FPg9Q\"]},{\"@type\":\"Person\",\"@id\":\"https:\/\/kapitalis.com\/tunisie\/#\/schema\/person\/d71f33a9ca44f7bad4698210b480c8e9\",\"name\":\"webmaster kapitalis\",\"url\":\"https:\/\/kapitalis.com\/tunisie\/author\/webmaster-kapitalis\/\"}]}<\/script>\n<!-- \/ Yoast SEO plugin. -->","yoast_head_json":{"title":"Qui va assainir la magistrature tunisienne ? - Kapitalis","robots":{"index":"index","follow":"follow","max-snippet":"max-snippet:-1","max-image-preview":"max-image-preview:large","max-video-preview":"max-video-preview:-1"},"canonical":"https:\/\/kapitalis.com\/tunisie\/2021\/09\/03\/qui-va-assainir-la-magistrature-tunisienne\/","og_locale":"fr_FR","og_type":"article","og_title":"Qui va assainir la magistrature tunisienne ? - Kapitalis","og_description":"Deux d\u00e9clarations faites hier, jeudi 2 septembre 2021, par le pr\u00e9sident de la r\u00e9publique Kais Saied et le pr\u00e9sident de l&rsquo;Association ses magistrats tunisiens (AMT), Anas Hmaidi, mettent le doigt sur l&rsquo;une des principales causes de l&rsquo;\u00e9chec de la transition d\u00e9mocratique en Tunisie, \u00e0 savoir le quasi-refus de la magistrature tunisienne de se r\u00e9former et...","og_url":"https:\/\/kapitalis.com\/tunisie\/2021\/09\/03\/qui-va-assainir-la-magistrature-tunisienne\/","og_site_name":"Kapitalis","article_publisher":"https:\/\/www.facebook.com\/KapitalisInfo\/","article_published_time":"2021-09-03T12:55:49+00:00","article_modified_time":"2021-09-03T12:59:07+00:00","og_image":[{"width":1200,"height":630,"url":"https:\/\/kapitalis.com\/tunisie\/wp-content\/uploads\/2022\/05\/kapitalis-logo-fb.png","type":"image\/png"}],"author":"webmaster kapitalis","twitter_card":"summary_large_image","twitter_creator":"@KapitalisInfo","twitter_site":"@KapitalisInfo","twitter_misc":{"\u00c9crit par":"webmaster kapitalis","Dur\u00e9e de lecture estim\u00e9e":"3 minutes"},"schema":{"@context":"https:\/\/schema.org","@graph":[{"@type":"Article","@id":"https:\/\/kapitalis.com\/tunisie\/2021\/09\/03\/qui-va-assainir-la-magistrature-tunisienne\/#article","isPartOf":{"@id":"https:\/\/kapitalis.com\/tunisie\/2021\/09\/03\/qui-va-assainir-la-magistrature-tunisienne\/"},"author":{"name":"webmaster kapitalis","@id":"https:\/\/kapitalis.com\/tunisie\/#\/schema\/person\/d71f33a9ca44f7bad4698210b480c8e9"},"headline":"Qui va assainir la magistrature tunisienne ?","datePublished":"2021-09-03T12:55:49+00:00","dateModified":"2021-09-03T12:59:07+00:00","mainEntityOfPage":{"@id":"https:\/\/kapitalis.com\/tunisie\/2021\/09\/03\/qui-va-assainir-la-magistrature-tunisienne\/"},"wordCount":516,"commentCount":0,"publisher":{"@id":"https:\/\/kapitalis.com\/tunisie\/#organization"},"image":{"@id":"https:\/\/kapitalis.com\/tunisie\/2021\/09\/03\/qui-va-assainir-la-magistrature-tunisienne\/#primaryimage"},"thumbnailUrl":"","keywords":["Anas Hmaidi","association des magistrats tunisiens","conseil sup\u00e9rieur de la magistrature","corruption","Kais Saied","transition d\u00e9mocratique","Tunisie"],"articleSection":["A LA UNE","POLITIQUE","Tunisie"],"inLanguage":"fr-FR","potentialAction":[{"@type":"CommentAction","name":"Comment","target":["https:\/\/kapitalis.com\/tunisie\/2021\/09\/03\/qui-va-assainir-la-magistrature-tunisienne\/#respond"]}]},{"@type":"WebPage","@id":"https:\/\/kapitalis.com\/tunisie\/2021\/09\/03\/qui-va-assainir-la-magistrature-tunisienne\/","url":"https:\/\/kapitalis.com\/tunisie\/2021\/09\/03\/qui-va-assainir-la-magistrature-tunisienne\/","name":"Qui va assainir la magistrature tunisienne ? - Kapitalis","isPartOf":{"@id":"https:\/\/kapitalis.com\/tunisie\/#website"},"primaryImageOfPage":{"@id":"https:\/\/kapitalis.com\/tunisie\/2021\/09\/03\/qui-va-assainir-la-magistrature-tunisienne\/#primaryimage"},"image":{"@id":"https:\/\/kapitalis.com\/tunisie\/2021\/09\/03\/qui-va-assainir-la-magistrature-tunisienne\/#primaryimage"},"thumbnailUrl":"","datePublished":"2021-09-03T12:55:49+00:00","dateModified":"2021-09-03T12:59:07+00:00","breadcrumb":{"@id":"https:\/\/kapitalis.com\/tunisie\/2021\/09\/03\/qui-va-assainir-la-magistrature-tunisienne\/#breadcrumb"},"inLanguage":"fr-FR","potentialAction":[{"@type":"ReadAction","target":["https:\/\/kapitalis.com\/tunisie\/2021\/09\/03\/qui-va-assainir-la-magistrature-tunisienne\/"]}]},{"@type":"ImageObject","inLanguage":"fr-FR","@id":"https:\/\/kapitalis.com\/tunisie\/2021\/09\/03\/qui-va-assainir-la-magistrature-tunisienne\/#primaryimage","url":"","contentUrl":""},{"@type":"BreadcrumbList","@id":"https:\/\/kapitalis.com\/tunisie\/2021\/09\/03\/qui-va-assainir-la-magistrature-tunisienne\/#breadcrumb","itemListElement":[{"@type":"ListItem","position":1,"name":"Accueil","item":"https:\/\/kapitalis.com\/tunisie\/"},{"@type":"ListItem","position":2,"name":"Qui va assainir la magistrature tunisienne ?"}]},{"@type":"WebSite","@id":"https:\/\/kapitalis.com\/tunisie\/#website","url":"https:\/\/kapitalis.com\/tunisie\/","name":"Kapitalis","description":"L&#039;actualit\u00e9 en Tunisie et dans le monde","publisher":{"@id":"https:\/\/kapitalis.com\/tunisie\/#organization"},"potentialAction":[{"@type":"SearchAction","target":{"@type":"EntryPoint","urlTemplate":"https:\/\/kapitalis.com\/tunisie\/?s={search_term_string}"},"query-input":{"@type":"PropertyValueSpecification","valueRequired":true,"valueName":"search_term_string"}}],"inLanguage":"fr-FR"},{"@type":"Organization","@id":"https:\/\/kapitalis.com\/tunisie\/#organization","name":"Kapitalis","url":"https:\/\/kapitalis.com\/tunisie\/","logo":{"@type":"ImageObject","inLanguage":"fr-FR","@id":"https:\/\/kapitalis.com\/tunisie\/#\/schema\/logo\/image\/","url":"https:\/\/kapitalis.com\/tunisie\/wp-content\/uploads\/2022\/05\/Kapitalis-big-size.png","contentUrl":"https:\/\/kapitalis.com\/tunisie\/wp-content\/uploads\/2022\/05\/Kapitalis-big-size.png","width":5000,"height":1500,"caption":"Kapitalis"},"image":{"@id":"https:\/\/kapitalis.com\/tunisie\/#\/schema\/logo\/image\/"},"sameAs":["https:\/\/www.facebook.com\/KapitalisInfo\/","https:\/\/x.com\/KapitalisInfo","https:\/\/www.youtube.com\/channel\/UC-yDYrHyfFBWWZaOw3FPg9Q"]},{"@type":"Person","@id":"https:\/\/kapitalis.com\/tunisie\/#\/schema\/person\/d71f33a9ca44f7bad4698210b480c8e9","name":"webmaster kapitalis","url":"https:\/\/kapitalis.com\/tunisie\/author\/webmaster-kapitalis\/"}]}},"_links":{"self":[{"href":"https:\/\/kapitalis.com\/tunisie\/wp-json\/wp\/v2\/posts\/361441","targetHints":{"allow":["GET"]}}],"collection":[{"href":"https:\/\/kapitalis.com\/tunisie\/wp-json\/wp\/v2\/posts"}],"about":[{"href":"https:\/\/kapitalis.com\/tunisie\/wp-json\/wp\/v2\/types\/post"}],"author":[{"embeddable":true,"href":"https:\/\/kapitalis.com\/tunisie\/wp-json\/wp\/v2\/users\/8"}],"replies":[{"embeddable":true,"href":"https:\/\/kapitalis.com\/tunisie\/wp-json\/wp\/v2\/comments?post=361441"}],"version-history":[{"count":0,"href":"https:\/\/kapitalis.com\/tunisie\/wp-json\/wp\/v2\/posts\/361441\/revisions"}],"wp:featuredmedia":[{"embeddable":true,"href":"https:\/\/kapitalis.com\/tunisie\/wp-json\/wp\/v2\/media\/361446"}],"wp:attachment":[{"href":"https:\/\/kapitalis.com\/tunisie\/wp-json\/wp\/v2\/media?parent=361441"}],"wp:term":[{"taxonomy":"category","embeddable":true,"href":"https:\/\/kapitalis.com\/tunisie\/wp-json\/wp\/v2\/categories?post=361441"},{"taxonomy":"post_tag","embeddable":true,"href":"https:\/\/kapitalis.com\/tunisie\/wp-json\/wp\/v2\/tags?post=361441"}],"curies":[{"name":"wp","href":"https:\/\/api.w.org\/{rel}","templated":true}]}}