{"id":361652,"date":"2021-09-05T07:20:00","date_gmt":"2021-09-05T06:20:00","guid":{"rendered":"http:\/\/kapitalis.com\/tunisie\/?p=361652"},"modified":"2021-09-05T07:21:22","modified_gmt":"2021-09-05T06:21:22","slug":"le-poeme-du-dimanche-cratere-de-janos-pilinszky","status":"publish","type":"post","link":"https:\/\/kapitalis.com\/tunisie\/2021\/09\/05\/le-poeme-du-dimanche-cratere-de-janos-pilinszky\/","title":{"rendered":"Le po\u00e8me du dimanche : \u00abCrat\u00e8re\u00bb de J\u00e1nos Pilinszky"},"content":{"rendered":"\n<div class=\"wp-block-image\"><figure class=\"aligncenter size-large\"><img decoding=\"async\" src=\"http:\/\/kapitalis.com\/tunisie\/wp-content\/uploads\/2021\/09\/Janos-Pilinsky.jpg\" alt=\"\" class=\"wp-image-361653\"\/><\/figure><\/div>\n\n\n\n<p><strong><em>N\u00e9 le 25 novembre 1921 \u00e0 Budapest et mort le 27 mai 1981 dans la m\u00eame ville, J\u00e1nos Pilinszky un po\u00e8te et dramaturge hongrois, qui n\u2019a jamais voulu abandonner sa patrie, m\u00eame sous le joug totalitaire communiste, car, dit-il\u00a0:<\/em> <em>\u00abPersonne ne peut \u00eatre po\u00e8te en dehors de son pays.\u00bb<\/em><\/strong><\/p>\n\n\n\n<!--more-->\n\n\n\n<p>Apr\u00e8s des \u00e9tudes de droit, de litt\u00e9rature et d&rsquo;histoire \u00e0 l&rsquo;universit\u00e9 Lor\u00e1nd E\u00f6tv\u00f6s, J\u00e1nos Pilinszky a \u00e9t\u00e9 prisonnier de guerre en 1944, notamment au camp de concentration de Ravensbr\u00fcck.<\/p>\n\n\n\n<p>Po\u00e8te d&rsquo;inspiration catholique, il \u00e9crit en 1959 <em>Harmadnapon<\/em> (Au troisi\u00e8me jour), qui n&rsquo;est publi\u00e9 que dix ans apr\u00e8s, parce que le Parti communiste au pouvoir consid\u00e9rait ce recueil comme trop <em>\u00abpessimiste\u00bb<\/em>. Il contient son po\u00e8me <em>Apokrif<\/em>, consid\u00e9r\u00e9 comme son chef-d&rsquo;\u0153uvre, et comme un sommet de la po\u00e9sie hongroise. Ce po\u00e8me reprend l&rsquo;histoire de l&rsquo;enfant prodigue, r\u00e9sume l&rsquo;exp\u00e9rience de Pilinszky dans les camps, et exprime son regret de l&rsquo;absence de Dieu au monde.<\/p>\n\n\n\n<p>Pilinszky a connu, comme t\u00e9moin, l\u2019horreur des camps, il a subi l\u2019interdiction de publier de 1946 jusqu\u2019en 1969. Il aurait pu \u00eatre un h\u00e9ros de la po\u00e9sie opprim\u00e9e, mais il s\u2019est souvent tu, humble, hant\u00e9 par le tragique de l\u2019existence et le silence de Dieu. <em>\u00abJe ne suis que po\u00e8te, homme &#8211; et non pas un saint. Dans ma situation, chez moi, je suis arriv\u00e9 au bout de mes forces. Comme celui qui porte un poids trop lourd, et tout d\u2019un coup, il ne sent plus ni le poids ni ses bras. Soudain, il prend peur, comprenant qu\u2019il va tout l\u00e2cher. [&#8230;] Je ne vois rien d\u2019autre devant moi que la fid\u00e9lit\u00e9 de la chute libre et l\u2019esp\u00e9rance vaine de la mis\u00e9ricorde de Dieu<\/em><strong><em>\u00bb<\/em><\/strong>, \u00e9crit-il dans l&rsquo;une de ses lettres.<\/p>\n\n\n\n<p>Ce po\u00e8me, <em>\u00abCrat\u00e8re\u00bb,<\/em> \u00e9crit en 1976, a \u00e9t\u00e9 traduit par Lorand Gaspar, po\u00e8te fran\u00e7ais d&rsquo;origine hongroise, son ami proche et qui l\u2019a le mieux compris.<\/p>\n\n\n\n<p><em>Nous nous sommes rencontr\u00e9s. Nous nous rencontrons.<br>Dans un d\u00e9bit de tabac. \u00c0 une vente aux ench\u00e8res.<br>Tu cherchais quelque chose. Tu d\u00e9places<br>quelque chose. Je m\u2019enfuirais. Je reste.<br>J\u2019allume une cigarette. Tu t\u2019\u00e9loignes.<\/em><\/p>\n\n\n\n<p><em>Tu descends et tu montes.<br>Je monte et tu descends.<br>Cigarette. Tu marches. Je marche.<br>Nous marchons sur place&nbsp;; tel un assassin,<br>je te suis \u00e0 la trace.<\/em><\/p>\n\n\n\n<p><em>P\u00e9piement d\u2019oiseau quand<br>tu me reproches ma naissance.<br>Que nous soyons l\u00e0 debout. Puis dans un bras mort<br>de la route, mon bredouillement<br>commence \u00e0 rouler, roule en bas<br>de tes membres immenses<br>et de ce quelque chose<br>de victorieux et d\u2019aveuglant,<br>qui n\u2019est plus toi.<\/em><\/p>\n\n\n\n<p><em>Ton refus, ce cinglement lascif,<br>inscrit dans la pierre me touche<br>au point que, mon regard \u2013 deux cailloux &#8211;<br>ne fait que rouler, rouler depuis<br>dans un crat\u00e8re d\u2019un blanc immacul\u00e9.<br>Mes deux yeux cr\u00e9pitent&nbsp;: mon salut.<\/em><\/p>\n\n\n\n<p><em><strong>Extrait de \u00abM\u00eame dans l\u2019obscurit\u00e9\u00bb, traduit du hongrois par Lorand Gaspar et Sarah Clair.<\/strong><\/em><\/p>\n\n\n\n<p><blockquote class=\"wp-embedded-content\" data-secret=\"LXRZPErbOR\"><a href=\"https:\/\/kapitalis.com\/tunisie\/2020\/10\/11\/le-poeme-du-dimanche-connaissance-de-la-lumiere-de-lorand-gaspar\/\">Le po\u00e8me du dimanche: \u2018\u2018Connaissance de la Lumi\u00e8re\u2019\u2019 de Lorand Gaspar<\/a><\/blockquote><iframe loading=\"lazy\" class=\"wp-embedded-content\" sandbox=\"allow-scripts\" security=\"restricted\" style=\"position: absolute; clip: rect(1px, 1px, 1px, 1px);\" title=\"\u00ab\u00a0Le po\u00e8me du dimanche: \u2018\u2018Connaissance de la Lumi\u00e8re\u2019\u2019 de Lorand Gaspar\u00a0\u00bb &#8212; Kapitalis\" src=\"https:\/\/kapitalis.com\/tunisie\/2020\/10\/11\/le-poeme-du-dimanche-connaissance-de-la-lumiere-de-lorand-gaspar\/embed\/#?secret=NLIWGGhHkA#?secret=LXRZPErbOR\" data-secret=\"LXRZPErbOR\" width=\"600\" height=\"338\" frameborder=\"0\" marginwidth=\"0\" marginheight=\"0\" scrolling=\"no\"><\/iframe><\/p>\n\n\n\n<p><blockquote class=\"wp-embedded-content\" data-secret=\"o3OMIqgozY\"><a href=\"https:\/\/kapitalis.com\/tunisie\/2019\/03\/03\/le-poeme-du-dimanche-patmos-de-lorand-gaspar\/\">Le po\u00e8me du dimanche : \u2018\u2018Patmos\u2019\u2019 de Lorand Gaspar<\/a><\/blockquote><iframe loading=\"lazy\" class=\"wp-embedded-content\" sandbox=\"allow-scripts\" security=\"restricted\" style=\"position: absolute; clip: rect(1px, 1px, 1px, 1px);\" title=\"\u00ab\u00a0Le po\u00e8me du dimanche : \u2018\u2018Patmos\u2019\u2019 de Lorand Gaspar\u00a0\u00bb &#8212; Kapitalis\" src=\"https:\/\/kapitalis.com\/tunisie\/2019\/03\/03\/le-poeme-du-dimanche-patmos-de-lorand-gaspar\/embed\/#?secret=akt6tfU6SF#?secret=o3OMIqgozY\" data-secret=\"o3OMIqgozY\" width=\"600\" height=\"338\" frameborder=\"0\" marginwidth=\"0\" marginheight=\"0\" scrolling=\"no\"><\/iframe><\/p>\n","protected":false},"excerpt":{"rendered":"<p>N\u00e9 le 25 novembre 1921 \u00e0 Budapest et mort le 27 mai 1981 dans la m\u00eame ville, J\u00e1nos Pilinszky un po\u00e8te et dramaturge hongrois, qui n\u2019a jamais voulu abandonner sa patrie, m\u00eame sous le joug totalitaire communiste, car, dit-il\u00a0: \u00abPersonne ne peut \u00eatre po\u00e8te en dehors de son pays.\u00bb<\/p>\n","protected":false},"author":8,"featured_media":361653,"comment_status":"open","ping_status":"open","sticky":false,"template":"","format":"standard","meta":{"footnotes":""},"categories":[992,994],"tags":[93117,5806,93118,83645],"class_list":["post-361652","post","type-post","status-publish","format-standard","has-post-thumbnail","hentry","category-a-la-une","category-culture","tag-budapest","tag-hongrie","tag-janos-pilinszky","tag-lorand-gaspar"],"yoast_head":"<!-- This site is optimized with the Yoast SEO plugin v26.6 - https:\/\/yoast.com\/wordpress\/plugins\/seo\/ -->\n<title>Le po\u00e8me du dimanche : \u00abCrat\u00e8re\u00bb de J\u00e1nos Pilinszky - Kapitalis<\/title>\n<meta name=\"robots\" content=\"index, follow, max-snippet:-1, max-image-preview:large, max-video-preview:-1\" \/>\n<link rel=\"canonical\" href=\"https:\/\/kapitalis.com\/tunisie\/2021\/09\/05\/le-poeme-du-dimanche-cratere-de-janos-pilinszky\/\" \/>\n<meta property=\"og:locale\" content=\"fr_FR\" \/>\n<meta property=\"og:type\" content=\"article\" \/>\n<meta property=\"og:title\" content=\"Le po\u00e8me du dimanche : \u00abCrat\u00e8re\u00bb de J\u00e1nos Pilinszky - Kapitalis\" \/>\n<meta property=\"og:description\" content=\"N\u00e9 le 25 novembre 1921 \u00e0 Budapest et mort le 27 mai 1981 dans la m\u00eame ville, J\u00e1nos Pilinszky un po\u00e8te et dramaturge hongrois, qui n\u2019a jamais voulu abandonner sa patrie, m\u00eame sous le joug totalitaire communiste, car, dit-il\u00a0: \u00abPersonne ne peut \u00eatre po\u00e8te en dehors de son pays.\u00bb\" \/>\n<meta property=\"og:url\" content=\"https:\/\/kapitalis.com\/tunisie\/2021\/09\/05\/le-poeme-du-dimanche-cratere-de-janos-pilinszky\/\" \/>\n<meta property=\"og:site_name\" content=\"Kapitalis\" \/>\n<meta property=\"article:publisher\" content=\"https:\/\/www.facebook.com\/KapitalisInfo\/\" \/>\n<meta property=\"article:published_time\" content=\"2021-09-05T06:20:00+00:00\" \/>\n<meta property=\"article:modified_time\" content=\"2021-09-05T06:21:22+00:00\" \/>\n<meta property=\"og:image\" content=\"https:\/\/kapitalis.com\/tunisie\/wp-content\/uploads\/2022\/05\/kapitalis-logo-fb.png\" \/>\n\t<meta property=\"og:image:width\" content=\"1200\" \/>\n\t<meta property=\"og:image:height\" content=\"630\" \/>\n\t<meta property=\"og:image:type\" content=\"image\/png\" \/>\n<meta name=\"author\" content=\"webmaster kapitalis\" \/>\n<meta name=\"twitter:card\" content=\"summary_large_image\" \/>\n<meta name=\"twitter:creator\" content=\"@KapitalisInfo\" \/>\n<meta name=\"twitter:site\" content=\"@KapitalisInfo\" \/>\n<meta name=\"twitter:label1\" content=\"\u00c9crit par\" \/>\n\t<meta name=\"twitter:data1\" content=\"webmaster kapitalis\" \/>\n\t<meta name=\"twitter:label2\" content=\"Dur\u00e9e de lecture estim\u00e9e\" \/>\n\t<meta name=\"twitter:data2\" content=\"3 minutes\" \/>\n<script type=\"application\/ld+json\" class=\"yoast-schema-graph\">{\"@context\":\"https:\/\/schema.org\",\"@graph\":[{\"@type\":\"Article\",\"@id\":\"https:\/\/kapitalis.com\/tunisie\/2021\/09\/05\/le-poeme-du-dimanche-cratere-de-janos-pilinszky\/#article\",\"isPartOf\":{\"@id\":\"https:\/\/kapitalis.com\/tunisie\/2021\/09\/05\/le-poeme-du-dimanche-cratere-de-janos-pilinszky\/\"},\"author\":{\"name\":\"webmaster kapitalis\",\"@id\":\"https:\/\/kapitalis.com\/tunisie\/#\/schema\/person\/d71f33a9ca44f7bad4698210b480c8e9\"},\"headline\":\"Le po\u00e8me du dimanche : \u00abCrat\u00e8re\u00bb de J\u00e1nos Pilinszky\",\"datePublished\":\"2021-09-05T06:20:00+00:00\",\"dateModified\":\"2021-09-05T06:21:22+00:00\",\"mainEntityOfPage\":{\"@id\":\"https:\/\/kapitalis.com\/tunisie\/2021\/09\/05\/le-poeme-du-dimanche-cratere-de-janos-pilinszky\/\"},\"wordCount\":525,\"commentCount\":0,\"publisher\":{\"@id\":\"https:\/\/kapitalis.com\/tunisie\/#organization\"},\"image\":{\"@id\":\"https:\/\/kapitalis.com\/tunisie\/2021\/09\/05\/le-poeme-du-dimanche-cratere-de-janos-pilinszky\/#primaryimage\"},\"thumbnailUrl\":\"\",\"keywords\":[\"Budapest\",\"Hongrie\",\"J\u00e1nos Pilinszky\",\"Lorand Gaspar\"],\"articleSection\":[\"A LA UNE\",\"CULTURE\"],\"inLanguage\":\"fr-FR\",\"potentialAction\":[{\"@type\":\"CommentAction\",\"name\":\"Comment\",\"target\":[\"https:\/\/kapitalis.com\/tunisie\/2021\/09\/05\/le-poeme-du-dimanche-cratere-de-janos-pilinszky\/#respond\"]}]},{\"@type\":\"WebPage\",\"@id\":\"https:\/\/kapitalis.com\/tunisie\/2021\/09\/05\/le-poeme-du-dimanche-cratere-de-janos-pilinszky\/\",\"url\":\"https:\/\/kapitalis.com\/tunisie\/2021\/09\/05\/le-poeme-du-dimanche-cratere-de-janos-pilinszky\/\",\"name\":\"Le po\u00e8me du dimanche : \u00abCrat\u00e8re\u00bb de J\u00e1nos Pilinszky - Kapitalis\",\"isPartOf\":{\"@id\":\"https:\/\/kapitalis.com\/tunisie\/#website\"},\"primaryImageOfPage\":{\"@id\":\"https:\/\/kapitalis.com\/tunisie\/2021\/09\/05\/le-poeme-du-dimanche-cratere-de-janos-pilinszky\/#primaryimage\"},\"image\":{\"@id\":\"https:\/\/kapitalis.com\/tunisie\/2021\/09\/05\/le-poeme-du-dimanche-cratere-de-janos-pilinszky\/#primaryimage\"},\"thumbnailUrl\":\"\",\"datePublished\":\"2021-09-05T06:20:00+00:00\",\"dateModified\":\"2021-09-05T06:21:22+00:00\",\"breadcrumb\":{\"@id\":\"https:\/\/kapitalis.com\/tunisie\/2021\/09\/05\/le-poeme-du-dimanche-cratere-de-janos-pilinszky\/#breadcrumb\"},\"inLanguage\":\"fr-FR\",\"potentialAction\":[{\"@type\":\"ReadAction\",\"target\":[\"https:\/\/kapitalis.com\/tunisie\/2021\/09\/05\/le-poeme-du-dimanche-cratere-de-janos-pilinszky\/\"]}]},{\"@type\":\"ImageObject\",\"inLanguage\":\"fr-FR\",\"@id\":\"https:\/\/kapitalis.com\/tunisie\/2021\/09\/05\/le-poeme-du-dimanche-cratere-de-janos-pilinszky\/#primaryimage\",\"url\":\"\",\"contentUrl\":\"\"},{\"@type\":\"BreadcrumbList\",\"@id\":\"https:\/\/kapitalis.com\/tunisie\/2021\/09\/05\/le-poeme-du-dimanche-cratere-de-janos-pilinszky\/#breadcrumb\",\"itemListElement\":[{\"@type\":\"ListItem\",\"position\":1,\"name\":\"Accueil\",\"item\":\"https:\/\/kapitalis.com\/tunisie\/\"},{\"@type\":\"ListItem\",\"position\":2,\"name\":\"Le po\u00e8me du dimanche : \u00abCrat\u00e8re\u00bb de J\u00e1nos Pilinszky\"}]},{\"@type\":\"WebSite\",\"@id\":\"https:\/\/kapitalis.com\/tunisie\/#website\",\"url\":\"https:\/\/kapitalis.com\/tunisie\/\",\"name\":\"Kapitalis\",\"description\":\"L&#039;actualit\u00e9 en Tunisie et dans le monde\",\"publisher\":{\"@id\":\"https:\/\/kapitalis.com\/tunisie\/#organization\"},\"potentialAction\":[{\"@type\":\"SearchAction\",\"target\":{\"@type\":\"EntryPoint\",\"urlTemplate\":\"https:\/\/kapitalis.com\/tunisie\/?s={search_term_string}\"},\"query-input\":{\"@type\":\"PropertyValueSpecification\",\"valueRequired\":true,\"valueName\":\"search_term_string\"}}],\"inLanguage\":\"fr-FR\"},{\"@type\":\"Organization\",\"@id\":\"https:\/\/kapitalis.com\/tunisie\/#organization\",\"name\":\"Kapitalis\",\"url\":\"https:\/\/kapitalis.com\/tunisie\/\",\"logo\":{\"@type\":\"ImageObject\",\"inLanguage\":\"fr-FR\",\"@id\":\"https:\/\/kapitalis.com\/tunisie\/#\/schema\/logo\/image\/\",\"url\":\"https:\/\/kapitalis.com\/tunisie\/wp-content\/uploads\/2022\/05\/Kapitalis-big-size.png\",\"contentUrl\":\"https:\/\/kapitalis.com\/tunisie\/wp-content\/uploads\/2022\/05\/Kapitalis-big-size.png\",\"width\":5000,\"height\":1500,\"caption\":\"Kapitalis\"},\"image\":{\"@id\":\"https:\/\/kapitalis.com\/tunisie\/#\/schema\/logo\/image\/\"},\"sameAs\":[\"https:\/\/www.facebook.com\/KapitalisInfo\/\",\"https:\/\/x.com\/KapitalisInfo\",\"https:\/\/www.youtube.com\/channel\/UC-yDYrHyfFBWWZaOw3FPg9Q\"]},{\"@type\":\"Person\",\"@id\":\"https:\/\/kapitalis.com\/tunisie\/#\/schema\/person\/d71f33a9ca44f7bad4698210b480c8e9\",\"name\":\"webmaster kapitalis\",\"url\":\"https:\/\/kapitalis.com\/tunisie\/author\/webmaster-kapitalis\/\"}]}<\/script>\n<!-- \/ Yoast SEO plugin. -->","yoast_head_json":{"title":"Le po\u00e8me du dimanche : \u00abCrat\u00e8re\u00bb de J\u00e1nos Pilinszky - Kapitalis","robots":{"index":"index","follow":"follow","max-snippet":"max-snippet:-1","max-image-preview":"max-image-preview:large","max-video-preview":"max-video-preview:-1"},"canonical":"https:\/\/kapitalis.com\/tunisie\/2021\/09\/05\/le-poeme-du-dimanche-cratere-de-janos-pilinszky\/","og_locale":"fr_FR","og_type":"article","og_title":"Le po\u00e8me du dimanche : \u00abCrat\u00e8re\u00bb de J\u00e1nos Pilinszky - Kapitalis","og_description":"N\u00e9 le 25 novembre 1921 \u00e0 Budapest et mort le 27 mai 1981 dans la m\u00eame ville, J\u00e1nos Pilinszky un po\u00e8te et dramaturge hongrois, qui n\u2019a jamais voulu abandonner sa patrie, m\u00eame sous le joug totalitaire communiste, car, dit-il\u00a0: \u00abPersonne ne peut \u00eatre po\u00e8te en dehors de son pays.\u00bb","og_url":"https:\/\/kapitalis.com\/tunisie\/2021\/09\/05\/le-poeme-du-dimanche-cratere-de-janos-pilinszky\/","og_site_name":"Kapitalis","article_publisher":"https:\/\/www.facebook.com\/KapitalisInfo\/","article_published_time":"2021-09-05T06:20:00+00:00","article_modified_time":"2021-09-05T06:21:22+00:00","og_image":[{"width":1200,"height":630,"url":"https:\/\/kapitalis.com\/tunisie\/wp-content\/uploads\/2022\/05\/kapitalis-logo-fb.png","type":"image\/png"}],"author":"webmaster kapitalis","twitter_card":"summary_large_image","twitter_creator":"@KapitalisInfo","twitter_site":"@KapitalisInfo","twitter_misc":{"\u00c9crit par":"webmaster kapitalis","Dur\u00e9e de lecture estim\u00e9e":"3 minutes"},"schema":{"@context":"https:\/\/schema.org","@graph":[{"@type":"Article","@id":"https:\/\/kapitalis.com\/tunisie\/2021\/09\/05\/le-poeme-du-dimanche-cratere-de-janos-pilinszky\/#article","isPartOf":{"@id":"https:\/\/kapitalis.com\/tunisie\/2021\/09\/05\/le-poeme-du-dimanche-cratere-de-janos-pilinszky\/"},"author":{"name":"webmaster kapitalis","@id":"https:\/\/kapitalis.com\/tunisie\/#\/schema\/person\/d71f33a9ca44f7bad4698210b480c8e9"},"headline":"Le po\u00e8me du dimanche : \u00abCrat\u00e8re\u00bb de J\u00e1nos Pilinszky","datePublished":"2021-09-05T06:20:00+00:00","dateModified":"2021-09-05T06:21:22+00:00","mainEntityOfPage":{"@id":"https:\/\/kapitalis.com\/tunisie\/2021\/09\/05\/le-poeme-du-dimanche-cratere-de-janos-pilinszky\/"},"wordCount":525,"commentCount":0,"publisher":{"@id":"https:\/\/kapitalis.com\/tunisie\/#organization"},"image":{"@id":"https:\/\/kapitalis.com\/tunisie\/2021\/09\/05\/le-poeme-du-dimanche-cratere-de-janos-pilinszky\/#primaryimage"},"thumbnailUrl":"","keywords":["Budapest","Hongrie","J\u00e1nos Pilinszky","Lorand Gaspar"],"articleSection":["A LA UNE","CULTURE"],"inLanguage":"fr-FR","potentialAction":[{"@type":"CommentAction","name":"Comment","target":["https:\/\/kapitalis.com\/tunisie\/2021\/09\/05\/le-poeme-du-dimanche-cratere-de-janos-pilinszky\/#respond"]}]},{"@type":"WebPage","@id":"https:\/\/kapitalis.com\/tunisie\/2021\/09\/05\/le-poeme-du-dimanche-cratere-de-janos-pilinszky\/","url":"https:\/\/kapitalis.com\/tunisie\/2021\/09\/05\/le-poeme-du-dimanche-cratere-de-janos-pilinszky\/","name":"Le po\u00e8me du dimanche : \u00abCrat\u00e8re\u00bb de J\u00e1nos Pilinszky - Kapitalis","isPartOf":{"@id":"https:\/\/kapitalis.com\/tunisie\/#website"},"primaryImageOfPage":{"@id":"https:\/\/kapitalis.com\/tunisie\/2021\/09\/05\/le-poeme-du-dimanche-cratere-de-janos-pilinszky\/#primaryimage"},"image":{"@id":"https:\/\/kapitalis.com\/tunisie\/2021\/09\/05\/le-poeme-du-dimanche-cratere-de-janos-pilinszky\/#primaryimage"},"thumbnailUrl":"","datePublished":"2021-09-05T06:20:00+00:00","dateModified":"2021-09-05T06:21:22+00:00","breadcrumb":{"@id":"https:\/\/kapitalis.com\/tunisie\/2021\/09\/05\/le-poeme-du-dimanche-cratere-de-janos-pilinszky\/#breadcrumb"},"inLanguage":"fr-FR","potentialAction":[{"@type":"ReadAction","target":["https:\/\/kapitalis.com\/tunisie\/2021\/09\/05\/le-poeme-du-dimanche-cratere-de-janos-pilinszky\/"]}]},{"@type":"ImageObject","inLanguage":"fr-FR","@id":"https:\/\/kapitalis.com\/tunisie\/2021\/09\/05\/le-poeme-du-dimanche-cratere-de-janos-pilinszky\/#primaryimage","url":"","contentUrl":""},{"@type":"BreadcrumbList","@id":"https:\/\/kapitalis.com\/tunisie\/2021\/09\/05\/le-poeme-du-dimanche-cratere-de-janos-pilinszky\/#breadcrumb","itemListElement":[{"@type":"ListItem","position":1,"name":"Accueil","item":"https:\/\/kapitalis.com\/tunisie\/"},{"@type":"ListItem","position":2,"name":"Le po\u00e8me du dimanche : \u00abCrat\u00e8re\u00bb de J\u00e1nos Pilinszky"}]},{"@type":"WebSite","@id":"https:\/\/kapitalis.com\/tunisie\/#website","url":"https:\/\/kapitalis.com\/tunisie\/","name":"Kapitalis","description":"L&#039;actualit\u00e9 en Tunisie et dans le monde","publisher":{"@id":"https:\/\/kapitalis.com\/tunisie\/#organization"},"potentialAction":[{"@type":"SearchAction","target":{"@type":"EntryPoint","urlTemplate":"https:\/\/kapitalis.com\/tunisie\/?s={search_term_string}"},"query-input":{"@type":"PropertyValueSpecification","valueRequired":true,"valueName":"search_term_string"}}],"inLanguage":"fr-FR"},{"@type":"Organization","@id":"https:\/\/kapitalis.com\/tunisie\/#organization","name":"Kapitalis","url":"https:\/\/kapitalis.com\/tunisie\/","logo":{"@type":"ImageObject","inLanguage":"fr-FR","@id":"https:\/\/kapitalis.com\/tunisie\/#\/schema\/logo\/image\/","url":"https:\/\/kapitalis.com\/tunisie\/wp-content\/uploads\/2022\/05\/Kapitalis-big-size.png","contentUrl":"https:\/\/kapitalis.com\/tunisie\/wp-content\/uploads\/2022\/05\/Kapitalis-big-size.png","width":5000,"height":1500,"caption":"Kapitalis"},"image":{"@id":"https:\/\/kapitalis.com\/tunisie\/#\/schema\/logo\/image\/"},"sameAs":["https:\/\/www.facebook.com\/KapitalisInfo\/","https:\/\/x.com\/KapitalisInfo","https:\/\/www.youtube.com\/channel\/UC-yDYrHyfFBWWZaOw3FPg9Q"]},{"@type":"Person","@id":"https:\/\/kapitalis.com\/tunisie\/#\/schema\/person\/d71f33a9ca44f7bad4698210b480c8e9","name":"webmaster kapitalis","url":"https:\/\/kapitalis.com\/tunisie\/author\/webmaster-kapitalis\/"}]}},"_links":{"self":[{"href":"https:\/\/kapitalis.com\/tunisie\/wp-json\/wp\/v2\/posts\/361652","targetHints":{"allow":["GET"]}}],"collection":[{"href":"https:\/\/kapitalis.com\/tunisie\/wp-json\/wp\/v2\/posts"}],"about":[{"href":"https:\/\/kapitalis.com\/tunisie\/wp-json\/wp\/v2\/types\/post"}],"author":[{"embeddable":true,"href":"https:\/\/kapitalis.com\/tunisie\/wp-json\/wp\/v2\/users\/8"}],"replies":[{"embeddable":true,"href":"https:\/\/kapitalis.com\/tunisie\/wp-json\/wp\/v2\/comments?post=361652"}],"version-history":[{"count":0,"href":"https:\/\/kapitalis.com\/tunisie\/wp-json\/wp\/v2\/posts\/361652\/revisions"}],"wp:featuredmedia":[{"embeddable":true,"href":"https:\/\/kapitalis.com\/tunisie\/wp-json\/wp\/v2\/media\/361653"}],"wp:attachment":[{"href":"https:\/\/kapitalis.com\/tunisie\/wp-json\/wp\/v2\/media?parent=361652"}],"wp:term":[{"taxonomy":"category","embeddable":true,"href":"https:\/\/kapitalis.com\/tunisie\/wp-json\/wp\/v2\/categories?post=361652"},{"taxonomy":"post_tag","embeddable":true,"href":"https:\/\/kapitalis.com\/tunisie\/wp-json\/wp\/v2\/tags?post=361652"}],"curies":[{"name":"wp","href":"https:\/\/api.w.org\/{rel}","templated":true}]}}