{"id":361762,"date":"2021-09-06T14:06:54","date_gmt":"2021-09-06T13:06:54","guid":{"rendered":"http:\/\/kapitalis.com\/tunisie\/?p=361762"},"modified":"2021-09-06T14:10:17","modified_gmt":"2021-09-06T13:10:17","slug":"tunisie-la-6e-edition-de-djerba-music-land-fait-vibrer-lile-des-reves","status":"publish","type":"post","link":"https:\/\/kapitalis.com\/tunisie\/2021\/09\/06\/tunisie-la-6e-edition-de-djerba-music-land-fait-vibrer-lile-des-reves\/","title":{"rendered":"Tunisie : La 6e \u00e9dition de \u00ab\u00a0Djerba Music Land\u00a0\u00bb fait vibrer l&rsquo;\u00eele des r\u00eaves"},"content":{"rendered":"\n<div class=\"wp-block-image\"><figure class=\"aligncenter size-large\"><img decoding=\"async\" src=\"http:\/\/kapitalis.com\/tunisie\/wp-content\/uploads\/2021\/09\/Untitled-1-1.jpg\" alt=\"\" class=\"wp-image-361770\"\/><figcaption>Cr\u00e9dit photo Djerba Music Land<\/figcaption><\/figure><\/div>\n\n\n\n<p><strong><em>La 6<sup>e<\/sup> \u00e9dition de Djerba Music Land s\u2019est cl\u00f4tur\u00e9e hier soir au Radisson Blu Palace Resort &amp; Thalasso. Il s\u2019agit de l\u2019un des plus grands \u00e9v\u00e9nements musicaux qui se tiennent \u00e0 l\u2019\u00eele de Djerba o\u00f9 on s\u2019appr\u00eate \u00e0 accueillir le prochain Sommet de la Francophonie.<\/em><\/strong><\/p>\n\n\n\n<!--more-->\n\n\n\n<p>Comme tous les festivals et \u00e9v\u00e9nements culturels, Djerba Music Land a subi les cons\u00e9quences de la crise sanitaire mondiale li\u00e9e \u00e0 la propagation du Coronavirus (Covid-19). Le festival qui devait se tenir au d\u00e9but du mois d\u2019ao\u00fbt, a finalement \u00e9t\u00e9 report\u00e9 au mois de septembre.<\/p>\n\n\n\n<p>L\u2019\u00e9v\u00e9nement qui est soutenu cette ann\u00e9e par l\u2019ATB (Arab Tunisian Bank), n\u2019a cess\u00e9 de gagner en notori\u00e9t\u00e9 d\u2019une \u00e9dition \u00e0 l\u2019autre, contribuant \u00e0 dynamiser la vie culturelle et touristique de l\u2019\u00eele.<\/p>\n\n\n\n<p>\u00a0Comme chaque ann\u00e9e, Djerba Music Land eu lieu au Radisson Blu Palace Resort &amp; Thalasso et a vu d\u00e9filer des figures tunisiennes et internationales de la musique \u00e9lectronique comme Karim Siala, Mehdi Maghraoui, DJ Raff, Billy Esteban ou encore le duo am\u00e9ricain Bedouin qui \u00e9tait pr\u00e9sent \u00e0 la soir\u00e9e d\u2019ouverture.<\/p>\n\n\n\n<p class=\"has-text-align-right\"><strong>Fawz Benali<\/strong><\/p>\n","protected":false},"excerpt":{"rendered":"<p>La 6e \u00e9dition de Djerba Music Land s\u2019est cl\u00f4tur\u00e9e hier soir au Radisson Blu Palace Resort &amp; Thalasso. Il s\u2019agit de l\u2019un des plus grands \u00e9v\u00e9nements musicaux qui se tiennent \u00e0 l\u2019\u00eele de Djerba o\u00f9 on s\u2019appr\u00eate \u00e0 accueillir le prochain Sommet de la Francophonie.<\/p>\n","protected":false},"author":26,"featured_media":361770,"comment_status":"open","ping_status":"open","sticky":false,"template":"","format":"standard","meta":{"footnotes":""},"categories":[994,2433],"tags":[284,93146,20068,62643],"class_list":["post-361762","post","type-post","status-publish","format-standard","has-post-thumbnail","hentry","category-culture","category-tunisie","tag-djerba","tag-djerba-music-land","tag-musique-electronique","tag-tunisie"],"yoast_head":"<!-- This site is optimized with the Yoast SEO plugin v26.6 - https:\/\/yoast.com\/wordpress\/plugins\/seo\/ -->\n<title>Tunisie : La 6e \u00e9dition de &quot;Djerba Music Land&quot; fait vibrer l&#039;\u00eele des r\u00eaves - Kapitalis<\/title>\n<meta name=\"robots\" content=\"index, follow, max-snippet:-1, max-image-preview:large, max-video-preview:-1\" \/>\n<link rel=\"canonical\" href=\"https:\/\/kapitalis.com\/tunisie\/2021\/09\/06\/tunisie-la-6e-edition-de-djerba-music-land-fait-vibrer-lile-des-reves\/\" \/>\n<meta property=\"og:locale\" content=\"fr_FR\" \/>\n<meta property=\"og:type\" content=\"article\" \/>\n<meta property=\"og:title\" content=\"Tunisie : La 6e \u00e9dition de &quot;Djerba Music Land&quot; fait vibrer l&#039;\u00eele des r\u00eaves - Kapitalis\" \/>\n<meta property=\"og:description\" content=\"La 6e \u00e9dition de Djerba Music Land s\u2019est cl\u00f4tur\u00e9e hier soir au Radisson Blu Palace Resort &amp; Thalasso. Il s\u2019agit de l\u2019un des plus grands \u00e9v\u00e9nements musicaux qui se tiennent \u00e0 l\u2019\u00eele de Djerba o\u00f9 on s\u2019appr\u00eate \u00e0 accueillir le prochain Sommet de la Francophonie.\" \/>\n<meta property=\"og:url\" content=\"https:\/\/kapitalis.com\/tunisie\/2021\/09\/06\/tunisie-la-6e-edition-de-djerba-music-land-fait-vibrer-lile-des-reves\/\" \/>\n<meta property=\"og:site_name\" content=\"Kapitalis\" \/>\n<meta property=\"article:publisher\" content=\"https:\/\/www.facebook.com\/KapitalisInfo\/\" \/>\n<meta property=\"article:published_time\" content=\"2021-09-06T13:06:54+00:00\" \/>\n<meta property=\"article:modified_time\" content=\"2021-09-06T13:10:17+00:00\" \/>\n<meta property=\"og:image\" content=\"https:\/\/kapitalis.com\/tunisie\/wp-content\/uploads\/2022\/05\/kapitalis-logo-fb.png\" \/>\n\t<meta property=\"og:image:width\" content=\"1200\" \/>\n\t<meta property=\"og:image:height\" content=\"630\" \/>\n\t<meta property=\"og:image:type\" content=\"image\/png\" \/>\n<meta name=\"author\" content=\"Fawz BenAli\" \/>\n<meta name=\"twitter:card\" content=\"summary_large_image\" \/>\n<meta name=\"twitter:creator\" content=\"@KapitalisInfo\" \/>\n<meta name=\"twitter:site\" content=\"@KapitalisInfo\" \/>\n<meta name=\"twitter:label1\" content=\"\u00c9crit par\" \/>\n\t<meta name=\"twitter:data1\" content=\"Fawz BenAli\" \/>\n\t<meta name=\"twitter:label2\" content=\"Dur\u00e9e de lecture estim\u00e9e\" \/>\n\t<meta name=\"twitter:data2\" content=\"1 minute\" \/>\n<script type=\"application\/ld+json\" class=\"yoast-schema-graph\">{\"@context\":\"https:\/\/schema.org\",\"@graph\":[{\"@type\":\"Article\",\"@id\":\"https:\/\/kapitalis.com\/tunisie\/2021\/09\/06\/tunisie-la-6e-edition-de-djerba-music-land-fait-vibrer-lile-des-reves\/#article\",\"isPartOf\":{\"@id\":\"https:\/\/kapitalis.com\/tunisie\/2021\/09\/06\/tunisie-la-6e-edition-de-djerba-music-land-fait-vibrer-lile-des-reves\/\"},\"author\":{\"name\":\"Fawz BenAli\",\"@id\":\"https:\/\/kapitalis.com\/tunisie\/#\/schema\/person\/73a5ecc1f6ae540c6ed91342eadca948\"},\"headline\":\"Tunisie : La 6e \u00e9dition de \u00ab\u00a0Djerba Music Land\u00a0\u00bb fait vibrer l&rsquo;\u00eele des r\u00eaves\",\"datePublished\":\"2021-09-06T13:06:54+00:00\",\"dateModified\":\"2021-09-06T13:10:17+00:00\",\"mainEntityOfPage\":{\"@id\":\"https:\/\/kapitalis.com\/tunisie\/2021\/09\/06\/tunisie-la-6e-edition-de-djerba-music-land-fait-vibrer-lile-des-reves\/\"},\"wordCount\":218,\"commentCount\":0,\"publisher\":{\"@id\":\"https:\/\/kapitalis.com\/tunisie\/#organization\"},\"image\":{\"@id\":\"https:\/\/kapitalis.com\/tunisie\/2021\/09\/06\/tunisie-la-6e-edition-de-djerba-music-land-fait-vibrer-lile-des-reves\/#primaryimage\"},\"thumbnailUrl\":\"\",\"keywords\":[\"Djerba\",\"Djerba Music Land\",\"musique \u00e9lectronique\",\"Tunisie\"],\"articleSection\":[\"CULTURE\",\"Tunisie\"],\"inLanguage\":\"fr-FR\",\"potentialAction\":[{\"@type\":\"CommentAction\",\"name\":\"Comment\",\"target\":[\"https:\/\/kapitalis.com\/tunisie\/2021\/09\/06\/tunisie-la-6e-edition-de-djerba-music-land-fait-vibrer-lile-des-reves\/#respond\"]}]},{\"@type\":\"WebPage\",\"@id\":\"https:\/\/kapitalis.com\/tunisie\/2021\/09\/06\/tunisie-la-6e-edition-de-djerba-music-land-fait-vibrer-lile-des-reves\/\",\"url\":\"https:\/\/kapitalis.com\/tunisie\/2021\/09\/06\/tunisie-la-6e-edition-de-djerba-music-land-fait-vibrer-lile-des-reves\/\",\"name\":\"Tunisie : La 6e \u00e9dition de \\\"Djerba Music Land\\\" fait vibrer l'\u00eele des r\u00eaves - Kapitalis\",\"isPartOf\":{\"@id\":\"https:\/\/kapitalis.com\/tunisie\/#website\"},\"primaryImageOfPage\":{\"@id\":\"https:\/\/kapitalis.com\/tunisie\/2021\/09\/06\/tunisie-la-6e-edition-de-djerba-music-land-fait-vibrer-lile-des-reves\/#primaryimage\"},\"image\":{\"@id\":\"https:\/\/kapitalis.com\/tunisie\/2021\/09\/06\/tunisie-la-6e-edition-de-djerba-music-land-fait-vibrer-lile-des-reves\/#primaryimage\"},\"thumbnailUrl\":\"\",\"datePublished\":\"2021-09-06T13:06:54+00:00\",\"dateModified\":\"2021-09-06T13:10:17+00:00\",\"breadcrumb\":{\"@id\":\"https:\/\/kapitalis.com\/tunisie\/2021\/09\/06\/tunisie-la-6e-edition-de-djerba-music-land-fait-vibrer-lile-des-reves\/#breadcrumb\"},\"inLanguage\":\"fr-FR\",\"potentialAction\":[{\"@type\":\"ReadAction\",\"target\":[\"https:\/\/kapitalis.com\/tunisie\/2021\/09\/06\/tunisie-la-6e-edition-de-djerba-music-land-fait-vibrer-lile-des-reves\/\"]}]},{\"@type\":\"ImageObject\",\"inLanguage\":\"fr-FR\",\"@id\":\"https:\/\/kapitalis.com\/tunisie\/2021\/09\/06\/tunisie-la-6e-edition-de-djerba-music-land-fait-vibrer-lile-des-reves\/#primaryimage\",\"url\":\"\",\"contentUrl\":\"\"},{\"@type\":\"BreadcrumbList\",\"@id\":\"https:\/\/kapitalis.com\/tunisie\/2021\/09\/06\/tunisie-la-6e-edition-de-djerba-music-land-fait-vibrer-lile-des-reves\/#breadcrumb\",\"itemListElement\":[{\"@type\":\"ListItem\",\"position\":1,\"name\":\"Accueil\",\"item\":\"https:\/\/kapitalis.com\/tunisie\/\"},{\"@type\":\"ListItem\",\"position\":2,\"name\":\"Tunisie : La 6e \u00e9dition de \u00ab\u00a0Djerba Music Land\u00a0\u00bb fait vibrer l&rsquo;\u00eele des r\u00eaves\"}]},{\"@type\":\"WebSite\",\"@id\":\"https:\/\/kapitalis.com\/tunisie\/#website\",\"url\":\"https:\/\/kapitalis.com\/tunisie\/\",\"name\":\"Kapitalis\",\"description\":\"L&#039;actualit\u00e9 en Tunisie et dans le monde\",\"publisher\":{\"@id\":\"https:\/\/kapitalis.com\/tunisie\/#organization\"},\"potentialAction\":[{\"@type\":\"SearchAction\",\"target\":{\"@type\":\"EntryPoint\",\"urlTemplate\":\"https:\/\/kapitalis.com\/tunisie\/?s={search_term_string}\"},\"query-input\":{\"@type\":\"PropertyValueSpecification\",\"valueRequired\":true,\"valueName\":\"search_term_string\"}}],\"inLanguage\":\"fr-FR\"},{\"@type\":\"Organization\",\"@id\":\"https:\/\/kapitalis.com\/tunisie\/#organization\",\"name\":\"Kapitalis\",\"url\":\"https:\/\/kapitalis.com\/tunisie\/\",\"logo\":{\"@type\":\"ImageObject\",\"inLanguage\":\"fr-FR\",\"@id\":\"https:\/\/kapitalis.com\/tunisie\/#\/schema\/logo\/image\/\",\"url\":\"https:\/\/kapitalis.com\/tunisie\/wp-content\/uploads\/2022\/05\/Kapitalis-big-size.png\",\"contentUrl\":\"https:\/\/kapitalis.com\/tunisie\/wp-content\/uploads\/2022\/05\/Kapitalis-big-size.png\",\"width\":5000,\"height\":1500,\"caption\":\"Kapitalis\"},\"image\":{\"@id\":\"https:\/\/kapitalis.com\/tunisie\/#\/schema\/logo\/image\/\"},\"sameAs\":[\"https:\/\/www.facebook.com\/KapitalisInfo\/\",\"https:\/\/x.com\/KapitalisInfo\",\"https:\/\/www.youtube.com\/channel\/UC-yDYrHyfFBWWZaOw3FPg9Q\"]},{\"@type\":\"Person\",\"@id\":\"https:\/\/kapitalis.com\/tunisie\/#\/schema\/person\/73a5ecc1f6ae540c6ed91342eadca948\",\"name\":\"Fawz BenAli\",\"url\":\"https:\/\/kapitalis.com\/tunisie\/author\/fawz\/\"}]}<\/script>\n<!-- \/ Yoast SEO plugin. -->","yoast_head_json":{"title":"Tunisie : La 6e \u00e9dition de \"Djerba Music Land\" fait vibrer l'\u00eele des r\u00eaves - Kapitalis","robots":{"index":"index","follow":"follow","max-snippet":"max-snippet:-1","max-image-preview":"max-image-preview:large","max-video-preview":"max-video-preview:-1"},"canonical":"https:\/\/kapitalis.com\/tunisie\/2021\/09\/06\/tunisie-la-6e-edition-de-djerba-music-land-fait-vibrer-lile-des-reves\/","og_locale":"fr_FR","og_type":"article","og_title":"Tunisie : La 6e \u00e9dition de \"Djerba Music Land\" fait vibrer l'\u00eele des r\u00eaves - Kapitalis","og_description":"La 6e \u00e9dition de Djerba Music Land s\u2019est cl\u00f4tur\u00e9e hier soir au Radisson Blu Palace Resort &amp; Thalasso. Il s\u2019agit de l\u2019un des plus grands \u00e9v\u00e9nements musicaux qui se tiennent \u00e0 l\u2019\u00eele de Djerba o\u00f9 on s\u2019appr\u00eate \u00e0 accueillir le prochain Sommet de la Francophonie.","og_url":"https:\/\/kapitalis.com\/tunisie\/2021\/09\/06\/tunisie-la-6e-edition-de-djerba-music-land-fait-vibrer-lile-des-reves\/","og_site_name":"Kapitalis","article_publisher":"https:\/\/www.facebook.com\/KapitalisInfo\/","article_published_time":"2021-09-06T13:06:54+00:00","article_modified_time":"2021-09-06T13:10:17+00:00","og_image":[{"width":1200,"height":630,"url":"https:\/\/kapitalis.com\/tunisie\/wp-content\/uploads\/2022\/05\/kapitalis-logo-fb.png","type":"image\/png"}],"author":"Fawz BenAli","twitter_card":"summary_large_image","twitter_creator":"@KapitalisInfo","twitter_site":"@KapitalisInfo","twitter_misc":{"\u00c9crit par":"Fawz BenAli","Dur\u00e9e de lecture estim\u00e9e":"1 minute"},"schema":{"@context":"https:\/\/schema.org","@graph":[{"@type":"Article","@id":"https:\/\/kapitalis.com\/tunisie\/2021\/09\/06\/tunisie-la-6e-edition-de-djerba-music-land-fait-vibrer-lile-des-reves\/#article","isPartOf":{"@id":"https:\/\/kapitalis.com\/tunisie\/2021\/09\/06\/tunisie-la-6e-edition-de-djerba-music-land-fait-vibrer-lile-des-reves\/"},"author":{"name":"Fawz BenAli","@id":"https:\/\/kapitalis.com\/tunisie\/#\/schema\/person\/73a5ecc1f6ae540c6ed91342eadca948"},"headline":"Tunisie : La 6e \u00e9dition de \u00ab\u00a0Djerba Music Land\u00a0\u00bb fait vibrer l&rsquo;\u00eele des r\u00eaves","datePublished":"2021-09-06T13:06:54+00:00","dateModified":"2021-09-06T13:10:17+00:00","mainEntityOfPage":{"@id":"https:\/\/kapitalis.com\/tunisie\/2021\/09\/06\/tunisie-la-6e-edition-de-djerba-music-land-fait-vibrer-lile-des-reves\/"},"wordCount":218,"commentCount":0,"publisher":{"@id":"https:\/\/kapitalis.com\/tunisie\/#organization"},"image":{"@id":"https:\/\/kapitalis.com\/tunisie\/2021\/09\/06\/tunisie-la-6e-edition-de-djerba-music-land-fait-vibrer-lile-des-reves\/#primaryimage"},"thumbnailUrl":"","keywords":["Djerba","Djerba Music Land","musique \u00e9lectronique","Tunisie"],"articleSection":["CULTURE","Tunisie"],"inLanguage":"fr-FR","potentialAction":[{"@type":"CommentAction","name":"Comment","target":["https:\/\/kapitalis.com\/tunisie\/2021\/09\/06\/tunisie-la-6e-edition-de-djerba-music-land-fait-vibrer-lile-des-reves\/#respond"]}]},{"@type":"WebPage","@id":"https:\/\/kapitalis.com\/tunisie\/2021\/09\/06\/tunisie-la-6e-edition-de-djerba-music-land-fait-vibrer-lile-des-reves\/","url":"https:\/\/kapitalis.com\/tunisie\/2021\/09\/06\/tunisie-la-6e-edition-de-djerba-music-land-fait-vibrer-lile-des-reves\/","name":"Tunisie : La 6e \u00e9dition de \"Djerba Music Land\" fait vibrer l'\u00eele des r\u00eaves - Kapitalis","isPartOf":{"@id":"https:\/\/kapitalis.com\/tunisie\/#website"},"primaryImageOfPage":{"@id":"https:\/\/kapitalis.com\/tunisie\/2021\/09\/06\/tunisie-la-6e-edition-de-djerba-music-land-fait-vibrer-lile-des-reves\/#primaryimage"},"image":{"@id":"https:\/\/kapitalis.com\/tunisie\/2021\/09\/06\/tunisie-la-6e-edition-de-djerba-music-land-fait-vibrer-lile-des-reves\/#primaryimage"},"thumbnailUrl":"","datePublished":"2021-09-06T13:06:54+00:00","dateModified":"2021-09-06T13:10:17+00:00","breadcrumb":{"@id":"https:\/\/kapitalis.com\/tunisie\/2021\/09\/06\/tunisie-la-6e-edition-de-djerba-music-land-fait-vibrer-lile-des-reves\/#breadcrumb"},"inLanguage":"fr-FR","potentialAction":[{"@type":"ReadAction","target":["https:\/\/kapitalis.com\/tunisie\/2021\/09\/06\/tunisie-la-6e-edition-de-djerba-music-land-fait-vibrer-lile-des-reves\/"]}]},{"@type":"ImageObject","inLanguage":"fr-FR","@id":"https:\/\/kapitalis.com\/tunisie\/2021\/09\/06\/tunisie-la-6e-edition-de-djerba-music-land-fait-vibrer-lile-des-reves\/#primaryimage","url":"","contentUrl":""},{"@type":"BreadcrumbList","@id":"https:\/\/kapitalis.com\/tunisie\/2021\/09\/06\/tunisie-la-6e-edition-de-djerba-music-land-fait-vibrer-lile-des-reves\/#breadcrumb","itemListElement":[{"@type":"ListItem","position":1,"name":"Accueil","item":"https:\/\/kapitalis.com\/tunisie\/"},{"@type":"ListItem","position":2,"name":"Tunisie : La 6e \u00e9dition de \u00ab\u00a0Djerba Music Land\u00a0\u00bb fait vibrer l&rsquo;\u00eele des r\u00eaves"}]},{"@type":"WebSite","@id":"https:\/\/kapitalis.com\/tunisie\/#website","url":"https:\/\/kapitalis.com\/tunisie\/","name":"Kapitalis","description":"L&#039;actualit\u00e9 en Tunisie et dans le monde","publisher":{"@id":"https:\/\/kapitalis.com\/tunisie\/#organization"},"potentialAction":[{"@type":"SearchAction","target":{"@type":"EntryPoint","urlTemplate":"https:\/\/kapitalis.com\/tunisie\/?s={search_term_string}"},"query-input":{"@type":"PropertyValueSpecification","valueRequired":true,"valueName":"search_term_string"}}],"inLanguage":"fr-FR"},{"@type":"Organization","@id":"https:\/\/kapitalis.com\/tunisie\/#organization","name":"Kapitalis","url":"https:\/\/kapitalis.com\/tunisie\/","logo":{"@type":"ImageObject","inLanguage":"fr-FR","@id":"https:\/\/kapitalis.com\/tunisie\/#\/schema\/logo\/image\/","url":"https:\/\/kapitalis.com\/tunisie\/wp-content\/uploads\/2022\/05\/Kapitalis-big-size.png","contentUrl":"https:\/\/kapitalis.com\/tunisie\/wp-content\/uploads\/2022\/05\/Kapitalis-big-size.png","width":5000,"height":1500,"caption":"Kapitalis"},"image":{"@id":"https:\/\/kapitalis.com\/tunisie\/#\/schema\/logo\/image\/"},"sameAs":["https:\/\/www.facebook.com\/KapitalisInfo\/","https:\/\/x.com\/KapitalisInfo","https:\/\/www.youtube.com\/channel\/UC-yDYrHyfFBWWZaOw3FPg9Q"]},{"@type":"Person","@id":"https:\/\/kapitalis.com\/tunisie\/#\/schema\/person\/73a5ecc1f6ae540c6ed91342eadca948","name":"Fawz BenAli","url":"https:\/\/kapitalis.com\/tunisie\/author\/fawz\/"}]}},"_links":{"self":[{"href":"https:\/\/kapitalis.com\/tunisie\/wp-json\/wp\/v2\/posts\/361762","targetHints":{"allow":["GET"]}}],"collection":[{"href":"https:\/\/kapitalis.com\/tunisie\/wp-json\/wp\/v2\/posts"}],"about":[{"href":"https:\/\/kapitalis.com\/tunisie\/wp-json\/wp\/v2\/types\/post"}],"author":[{"embeddable":true,"href":"https:\/\/kapitalis.com\/tunisie\/wp-json\/wp\/v2\/users\/26"}],"replies":[{"embeddable":true,"href":"https:\/\/kapitalis.com\/tunisie\/wp-json\/wp\/v2\/comments?post=361762"}],"version-history":[{"count":0,"href":"https:\/\/kapitalis.com\/tunisie\/wp-json\/wp\/v2\/posts\/361762\/revisions"}],"wp:featuredmedia":[{"embeddable":true,"href":"https:\/\/kapitalis.com\/tunisie\/wp-json\/wp\/v2\/media\/361770"}],"wp:attachment":[{"href":"https:\/\/kapitalis.com\/tunisie\/wp-json\/wp\/v2\/media?parent=361762"}],"wp:term":[{"taxonomy":"category","embeddable":true,"href":"https:\/\/kapitalis.com\/tunisie\/wp-json\/wp\/v2\/categories?post=361762"},{"taxonomy":"post_tag","embeddable":true,"href":"https:\/\/kapitalis.com\/tunisie\/wp-json\/wp\/v2\/tags?post=361762"}],"curies":[{"name":"wp","href":"https:\/\/api.w.org\/{rel}","templated":true}]}}