{"id":361941,"date":"2021-09-07T16:44:00","date_gmt":"2021-09-07T15:44:00","guid":{"rendered":"http:\/\/kapitalis.com\/tunisie\/?p=361941"},"modified":"2021-09-07T16:45:11","modified_gmt":"2021-09-07T15:45:11","slug":"tunisie-emprisonne-yassine-ayari-entame-une-greve-de-la-faim","status":"publish","type":"post","link":"https:\/\/kapitalis.com\/tunisie\/2021\/09\/07\/tunisie-emprisonne-yassine-ayari-entame-une-greve-de-la-faim\/","title":{"rendered":"Tunisie : Emprisonn\u00e9, Yassine Ayari entame une gr\u00e8ve de la faim"},"content":{"rendered":"\n<div class=\"wp-block-image\"><figure class=\"aligncenter size-large\"><img decoding=\"async\" src=\"http:\/\/kapitalis.com\/tunisie\/wp-content\/uploads\/2021\/05\/yassine-ayari-parlement.jpg\" alt=\"\" class=\"wp-image-349984\"\/><\/figure><\/div>\n\n\n\n<p><strong><em>Le mouvement \u00abAmal wa 3amal\u00bb a annonc\u00e9, via un communiqu\u00e9, que son fondateur et d\u00e9put\u00e9 Yassine Ayari a entam\u00e9 une gr\u00e8ve de la faim depuis ce matin, mardi 7 septembre 2021, \u00e0 l&rsquo;int\u00e9rieur de sa cellule de la prison de Mornaguia<\/em><\/strong> <em><strong>(Tunis).<\/strong><\/em><\/p>\n\n\n\n<!--more-->\n\n\n\n<p>Le mouvement a indiqu\u00e9 que cette d\u00e9cision a \u00e9t\u00e9 prise par Ayari apr\u00e8s avoir mis en \u0153uvre \u00ab<em>toutes les m\u00e9thodes l\u00e9gales pour lever l&rsquo;injustice pesant sur lui<\/em>\u00bb, et qu&rsquo;il s&rsquo;est heurt\u00e9 \u00e0 des violations \u00e0 la loi. <\/p>\n\n\n\n<p>Le communiqu\u00e9 explique que Ayari a \u00e9t\u00e9 la cible de nouvelles poursuites militaires sur la base des publications qu&rsquo;il a \u00e9crites apr\u00e8s le 25 juillet, \u00ab<em>ce qui constitue une grave atteinte \u00e0 la libert\u00e9 d&rsquo;expression et l&rsquo;inclusion de tribunaux militaires pour \u00e9touffer la voix des civils<\/em>\u00bb.<\/p>\n\n\n\n<p>Le d\u00e9put\u00e9 a, d&rsquo;autre part, estim\u00e9 que l&rsquo;acc\u00e9l\u00e9ration de toutes les proc\u00e9dures de suivi des plaintes d\u00e9pos\u00e9es contre lui, en particulier les plaintes militaires, contrairement \u00e0 ce qui se passe avec les dossiers de corruption qu&rsquo;il a pr\u00e9c\u00e9demment d\u00e9pos\u00e9s et qui n&rsquo;ont pas avanc\u00e9 malgr\u00e9 la pr\u00e9sence de preuves solides, sugg\u00e8re qu&rsquo;il existe une intention claire de prolonger ind\u00e9finiment son incarc\u00e9ration.<\/p>\n\n\n\n<p>Le d\u00e9put\u00e9 conteste \u00e9galement le rejet de sa demande de lib\u00e9ration conditionnelle sans justification, malgr\u00e9 la satisfaction des conditions n\u00e9cessaires pour cela, ainsi que sa demande de rencontrer le juge de l&rsquo;ex\u00e9cution bien qu&rsquo;il lui ait envoy\u00e9 une correspondance depuis plus de 3 semaines.<\/p>\n\n\n\n<p>Le communiqu\u00e9 affirme aussi que les conditions sanitaires dans lesquelles Yassine Ayari est incarc\u00e9r\u00e9 sont d\u00e9plorables.<\/p>\n\n\n\n<p class=\"has-text-align-right\"><strong>C. B. Y.<\/strong><\/p>\n","protected":false},"excerpt":{"rendered":"<p>Le mouvement \u00abAmal wa 3amal\u00bb a annonc\u00e9, via un communiqu\u00e9, que son fondateur et d\u00e9put\u00e9 Yassine Ayari a entam\u00e9 une gr\u00e8ve de la faim depuis ce matin, mardi 7 septembre 2021, \u00e0 l&rsquo;int\u00e9rieur de sa cellule de la prison de Mornaguia (Tunis).<\/p>\n","protected":false},"author":24,"featured_media":0,"comment_status":"open","ping_status":"open","sticky":false,"template":"","format":"standard","meta":{"footnotes":""},"categories":[997,2433],"tags":[73128,1315,971],"class_list":["post-361941","post","type-post","status-publish","format-standard","hentry","category-politique","category-tunisie","tag-amal-wa-3amal","tag-mornaguia","tag-yassine-ayari"],"yoast_head":"<!-- This site is optimized with the Yoast SEO plugin v26.6 - https:\/\/yoast.com\/wordpress\/plugins\/seo\/ -->\n<title>Tunisie : Emprisonn\u00e9, Yassine Ayari entame une gr\u00e8ve de la faim - Kapitalis<\/title>\n<meta name=\"robots\" content=\"index, follow, max-snippet:-1, max-image-preview:large, max-video-preview:-1\" \/>\n<link rel=\"canonical\" href=\"https:\/\/kapitalis.com\/tunisie\/2021\/09\/07\/tunisie-emprisonne-yassine-ayari-entame-une-greve-de-la-faim\/\" \/>\n<meta property=\"og:locale\" content=\"fr_FR\" \/>\n<meta property=\"og:type\" content=\"article\" \/>\n<meta property=\"og:title\" content=\"Tunisie : Emprisonn\u00e9, Yassine Ayari entame une gr\u00e8ve de la faim - Kapitalis\" \/>\n<meta property=\"og:description\" content=\"Le mouvement \u00abAmal wa 3amal\u00bb a annonc\u00e9, via un communiqu\u00e9, que son fondateur et d\u00e9put\u00e9 Yassine Ayari a entam\u00e9 une gr\u00e8ve de la faim depuis ce matin, mardi 7 septembre 2021, \u00e0 l&rsquo;int\u00e9rieur de sa cellule de la prison de Mornaguia (Tunis).\" \/>\n<meta property=\"og:url\" content=\"https:\/\/kapitalis.com\/tunisie\/2021\/09\/07\/tunisie-emprisonne-yassine-ayari-entame-une-greve-de-la-faim\/\" \/>\n<meta property=\"og:site_name\" content=\"Kapitalis\" \/>\n<meta property=\"article:publisher\" content=\"https:\/\/www.facebook.com\/KapitalisInfo\/\" \/>\n<meta property=\"article:published_time\" content=\"2021-09-07T15:44:00+00:00\" \/>\n<meta property=\"article:modified_time\" content=\"2021-09-07T15:45:11+00:00\" \/>\n<meta property=\"og:image\" content=\"http:\/\/kapitalis.com\/tunisie\/wp-content\/uploads\/2021\/05\/yassine-ayari-parlement.jpg\" \/>\n<meta name=\"author\" content=\"Cherif Benyounes\" \/>\n<meta name=\"twitter:card\" content=\"summary_large_image\" \/>\n<meta name=\"twitter:creator\" content=\"@KapitalisInfo\" \/>\n<meta name=\"twitter:site\" content=\"@KapitalisInfo\" \/>\n<meta name=\"twitter:label1\" content=\"\u00c9crit par\" \/>\n\t<meta name=\"twitter:data1\" content=\"Cherif Benyounes\" \/>\n\t<meta name=\"twitter:label2\" content=\"Dur\u00e9e de lecture estim\u00e9e\" \/>\n\t<meta name=\"twitter:data2\" content=\"1 minute\" \/>\n<script type=\"application\/ld+json\" class=\"yoast-schema-graph\">{\"@context\":\"https:\/\/schema.org\",\"@graph\":[{\"@type\":\"Article\",\"@id\":\"https:\/\/kapitalis.com\/tunisie\/2021\/09\/07\/tunisie-emprisonne-yassine-ayari-entame-une-greve-de-la-faim\/#article\",\"isPartOf\":{\"@id\":\"https:\/\/kapitalis.com\/tunisie\/2021\/09\/07\/tunisie-emprisonne-yassine-ayari-entame-une-greve-de-la-faim\/\"},\"author\":{\"name\":\"Cherif Benyounes\",\"@id\":\"https:\/\/kapitalis.com\/tunisie\/#\/schema\/person\/b35b8d631961131107263178aeb8019e\"},\"headline\":\"Tunisie : Emprisonn\u00e9, Yassine Ayari entame une gr\u00e8ve de la faim\",\"datePublished\":\"2021-09-07T15:44:00+00:00\",\"dateModified\":\"2021-09-07T15:45:11+00:00\",\"mainEntityOfPage\":{\"@id\":\"https:\/\/kapitalis.com\/tunisie\/2021\/09\/07\/tunisie-emprisonne-yassine-ayari-entame-une-greve-de-la-faim\/\"},\"wordCount\":279,\"commentCount\":6,\"publisher\":{\"@id\":\"https:\/\/kapitalis.com\/tunisie\/#organization\"},\"image\":{\"@id\":\"https:\/\/kapitalis.com\/tunisie\/2021\/09\/07\/tunisie-emprisonne-yassine-ayari-entame-une-greve-de-la-faim\/#primaryimage\"},\"thumbnailUrl\":\"http:\/\/kapitalis.com\/tunisie\/wp-content\/uploads\/2021\/05\/yassine-ayari-parlement.jpg\",\"keywords\":[\"amal wa 3amal\",\"Mornaguia\",\"Yassine Ayari\"],\"articleSection\":[\"POLITIQUE\",\"Tunisie\"],\"inLanguage\":\"fr-FR\",\"potentialAction\":[{\"@type\":\"CommentAction\",\"name\":\"Comment\",\"target\":[\"https:\/\/kapitalis.com\/tunisie\/2021\/09\/07\/tunisie-emprisonne-yassine-ayari-entame-une-greve-de-la-faim\/#respond\"]}]},{\"@type\":\"WebPage\",\"@id\":\"https:\/\/kapitalis.com\/tunisie\/2021\/09\/07\/tunisie-emprisonne-yassine-ayari-entame-une-greve-de-la-faim\/\",\"url\":\"https:\/\/kapitalis.com\/tunisie\/2021\/09\/07\/tunisie-emprisonne-yassine-ayari-entame-une-greve-de-la-faim\/\",\"name\":\"Tunisie : Emprisonn\u00e9, Yassine Ayari entame une gr\u00e8ve de la faim - Kapitalis\",\"isPartOf\":{\"@id\":\"https:\/\/kapitalis.com\/tunisie\/#website\"},\"primaryImageOfPage\":{\"@id\":\"https:\/\/kapitalis.com\/tunisie\/2021\/09\/07\/tunisie-emprisonne-yassine-ayari-entame-une-greve-de-la-faim\/#primaryimage\"},\"image\":{\"@id\":\"https:\/\/kapitalis.com\/tunisie\/2021\/09\/07\/tunisie-emprisonne-yassine-ayari-entame-une-greve-de-la-faim\/#primaryimage\"},\"thumbnailUrl\":\"http:\/\/kapitalis.com\/tunisie\/wp-content\/uploads\/2021\/05\/yassine-ayari-parlement.jpg\",\"datePublished\":\"2021-09-07T15:44:00+00:00\",\"dateModified\":\"2021-09-07T15:45:11+00:00\",\"breadcrumb\":{\"@id\":\"https:\/\/kapitalis.com\/tunisie\/2021\/09\/07\/tunisie-emprisonne-yassine-ayari-entame-une-greve-de-la-faim\/#breadcrumb\"},\"inLanguage\":\"fr-FR\",\"potentialAction\":[{\"@type\":\"ReadAction\",\"target\":[\"https:\/\/kapitalis.com\/tunisie\/2021\/09\/07\/tunisie-emprisonne-yassine-ayari-entame-une-greve-de-la-faim\/\"]}]},{\"@type\":\"ImageObject\",\"inLanguage\":\"fr-FR\",\"@id\":\"https:\/\/kapitalis.com\/tunisie\/2021\/09\/07\/tunisie-emprisonne-yassine-ayari-entame-une-greve-de-la-faim\/#primaryimage\",\"url\":\"\",\"contentUrl\":\"\"},{\"@type\":\"BreadcrumbList\",\"@id\":\"https:\/\/kapitalis.com\/tunisie\/2021\/09\/07\/tunisie-emprisonne-yassine-ayari-entame-une-greve-de-la-faim\/#breadcrumb\",\"itemListElement\":[{\"@type\":\"ListItem\",\"position\":1,\"name\":\"Accueil\",\"item\":\"https:\/\/kapitalis.com\/tunisie\/\"},{\"@type\":\"ListItem\",\"position\":2,\"name\":\"Tunisie : Emprisonn\u00e9, Yassine Ayari entame une gr\u00e8ve de la faim\"}]},{\"@type\":\"WebSite\",\"@id\":\"https:\/\/kapitalis.com\/tunisie\/#website\",\"url\":\"https:\/\/kapitalis.com\/tunisie\/\",\"name\":\"Kapitalis\",\"description\":\"L&#039;actualit\u00e9 en Tunisie et dans le monde\",\"publisher\":{\"@id\":\"https:\/\/kapitalis.com\/tunisie\/#organization\"},\"potentialAction\":[{\"@type\":\"SearchAction\",\"target\":{\"@type\":\"EntryPoint\",\"urlTemplate\":\"https:\/\/kapitalis.com\/tunisie\/?s={search_term_string}\"},\"query-input\":{\"@type\":\"PropertyValueSpecification\",\"valueRequired\":true,\"valueName\":\"search_term_string\"}}],\"inLanguage\":\"fr-FR\"},{\"@type\":\"Organization\",\"@id\":\"https:\/\/kapitalis.com\/tunisie\/#organization\",\"name\":\"Kapitalis\",\"url\":\"https:\/\/kapitalis.com\/tunisie\/\",\"logo\":{\"@type\":\"ImageObject\",\"inLanguage\":\"fr-FR\",\"@id\":\"https:\/\/kapitalis.com\/tunisie\/#\/schema\/logo\/image\/\",\"url\":\"https:\/\/kapitalis.com\/tunisie\/wp-content\/uploads\/2022\/05\/Kapitalis-big-size.png\",\"contentUrl\":\"https:\/\/kapitalis.com\/tunisie\/wp-content\/uploads\/2022\/05\/Kapitalis-big-size.png\",\"width\":5000,\"height\":1500,\"caption\":\"Kapitalis\"},\"image\":{\"@id\":\"https:\/\/kapitalis.com\/tunisie\/#\/schema\/logo\/image\/\"},\"sameAs\":[\"https:\/\/www.facebook.com\/KapitalisInfo\/\",\"https:\/\/x.com\/KapitalisInfo\",\"https:\/\/www.youtube.com\/channel\/UC-yDYrHyfFBWWZaOw3FPg9Q\"]},{\"@type\":\"Person\",\"@id\":\"https:\/\/kapitalis.com\/tunisie\/#\/schema\/person\/b35b8d631961131107263178aeb8019e\",\"name\":\"Cherif Benyounes\",\"url\":\"https:\/\/kapitalis.com\/tunisie\/author\/cherif\/\"}]}<\/script>\n<!-- \/ Yoast SEO plugin. -->","yoast_head_json":{"title":"Tunisie : Emprisonn\u00e9, Yassine Ayari entame une gr\u00e8ve de la faim - Kapitalis","robots":{"index":"index","follow":"follow","max-snippet":"max-snippet:-1","max-image-preview":"max-image-preview:large","max-video-preview":"max-video-preview:-1"},"canonical":"https:\/\/kapitalis.com\/tunisie\/2021\/09\/07\/tunisie-emprisonne-yassine-ayari-entame-une-greve-de-la-faim\/","og_locale":"fr_FR","og_type":"article","og_title":"Tunisie : Emprisonn\u00e9, Yassine Ayari entame une gr\u00e8ve de la faim - Kapitalis","og_description":"Le mouvement \u00abAmal wa 3amal\u00bb a annonc\u00e9, via un communiqu\u00e9, que son fondateur et d\u00e9put\u00e9 Yassine Ayari a entam\u00e9 une gr\u00e8ve de la faim depuis ce matin, mardi 7 septembre 2021, \u00e0 l&rsquo;int\u00e9rieur de sa cellule de la prison de Mornaguia (Tunis).","og_url":"https:\/\/kapitalis.com\/tunisie\/2021\/09\/07\/tunisie-emprisonne-yassine-ayari-entame-une-greve-de-la-faim\/","og_site_name":"Kapitalis","article_publisher":"https:\/\/www.facebook.com\/KapitalisInfo\/","article_published_time":"2021-09-07T15:44:00+00:00","article_modified_time":"2021-09-07T15:45:11+00:00","og_image":[{"url":"http:\/\/kapitalis.com\/tunisie\/wp-content\/uploads\/2021\/05\/yassine-ayari-parlement.jpg","type":"","width":"","height":""}],"author":"Cherif Benyounes","twitter_card":"summary_large_image","twitter_creator":"@KapitalisInfo","twitter_site":"@KapitalisInfo","twitter_misc":{"\u00c9crit par":"Cherif Benyounes","Dur\u00e9e de lecture estim\u00e9e":"1 minute"},"schema":{"@context":"https:\/\/schema.org","@graph":[{"@type":"Article","@id":"https:\/\/kapitalis.com\/tunisie\/2021\/09\/07\/tunisie-emprisonne-yassine-ayari-entame-une-greve-de-la-faim\/#article","isPartOf":{"@id":"https:\/\/kapitalis.com\/tunisie\/2021\/09\/07\/tunisie-emprisonne-yassine-ayari-entame-une-greve-de-la-faim\/"},"author":{"name":"Cherif Benyounes","@id":"https:\/\/kapitalis.com\/tunisie\/#\/schema\/person\/b35b8d631961131107263178aeb8019e"},"headline":"Tunisie : Emprisonn\u00e9, Yassine Ayari entame une gr\u00e8ve de la faim","datePublished":"2021-09-07T15:44:00+00:00","dateModified":"2021-09-07T15:45:11+00:00","mainEntityOfPage":{"@id":"https:\/\/kapitalis.com\/tunisie\/2021\/09\/07\/tunisie-emprisonne-yassine-ayari-entame-une-greve-de-la-faim\/"},"wordCount":279,"commentCount":6,"publisher":{"@id":"https:\/\/kapitalis.com\/tunisie\/#organization"},"image":{"@id":"https:\/\/kapitalis.com\/tunisie\/2021\/09\/07\/tunisie-emprisonne-yassine-ayari-entame-une-greve-de-la-faim\/#primaryimage"},"thumbnailUrl":"http:\/\/kapitalis.com\/tunisie\/wp-content\/uploads\/2021\/05\/yassine-ayari-parlement.jpg","keywords":["amal wa 3amal","Mornaguia","Yassine Ayari"],"articleSection":["POLITIQUE","Tunisie"],"inLanguage":"fr-FR","potentialAction":[{"@type":"CommentAction","name":"Comment","target":["https:\/\/kapitalis.com\/tunisie\/2021\/09\/07\/tunisie-emprisonne-yassine-ayari-entame-une-greve-de-la-faim\/#respond"]}]},{"@type":"WebPage","@id":"https:\/\/kapitalis.com\/tunisie\/2021\/09\/07\/tunisie-emprisonne-yassine-ayari-entame-une-greve-de-la-faim\/","url":"https:\/\/kapitalis.com\/tunisie\/2021\/09\/07\/tunisie-emprisonne-yassine-ayari-entame-une-greve-de-la-faim\/","name":"Tunisie : Emprisonn\u00e9, Yassine Ayari entame une gr\u00e8ve de la faim - Kapitalis","isPartOf":{"@id":"https:\/\/kapitalis.com\/tunisie\/#website"},"primaryImageOfPage":{"@id":"https:\/\/kapitalis.com\/tunisie\/2021\/09\/07\/tunisie-emprisonne-yassine-ayari-entame-une-greve-de-la-faim\/#primaryimage"},"image":{"@id":"https:\/\/kapitalis.com\/tunisie\/2021\/09\/07\/tunisie-emprisonne-yassine-ayari-entame-une-greve-de-la-faim\/#primaryimage"},"thumbnailUrl":"http:\/\/kapitalis.com\/tunisie\/wp-content\/uploads\/2021\/05\/yassine-ayari-parlement.jpg","datePublished":"2021-09-07T15:44:00+00:00","dateModified":"2021-09-07T15:45:11+00:00","breadcrumb":{"@id":"https:\/\/kapitalis.com\/tunisie\/2021\/09\/07\/tunisie-emprisonne-yassine-ayari-entame-une-greve-de-la-faim\/#breadcrumb"},"inLanguage":"fr-FR","potentialAction":[{"@type":"ReadAction","target":["https:\/\/kapitalis.com\/tunisie\/2021\/09\/07\/tunisie-emprisonne-yassine-ayari-entame-une-greve-de-la-faim\/"]}]},{"@type":"ImageObject","inLanguage":"fr-FR","@id":"https:\/\/kapitalis.com\/tunisie\/2021\/09\/07\/tunisie-emprisonne-yassine-ayari-entame-une-greve-de-la-faim\/#primaryimage","url":"","contentUrl":""},{"@type":"BreadcrumbList","@id":"https:\/\/kapitalis.com\/tunisie\/2021\/09\/07\/tunisie-emprisonne-yassine-ayari-entame-une-greve-de-la-faim\/#breadcrumb","itemListElement":[{"@type":"ListItem","position":1,"name":"Accueil","item":"https:\/\/kapitalis.com\/tunisie\/"},{"@type":"ListItem","position":2,"name":"Tunisie : Emprisonn\u00e9, Yassine Ayari entame une gr\u00e8ve de la faim"}]},{"@type":"WebSite","@id":"https:\/\/kapitalis.com\/tunisie\/#website","url":"https:\/\/kapitalis.com\/tunisie\/","name":"Kapitalis","description":"L&#039;actualit\u00e9 en Tunisie et dans le monde","publisher":{"@id":"https:\/\/kapitalis.com\/tunisie\/#organization"},"potentialAction":[{"@type":"SearchAction","target":{"@type":"EntryPoint","urlTemplate":"https:\/\/kapitalis.com\/tunisie\/?s={search_term_string}"},"query-input":{"@type":"PropertyValueSpecification","valueRequired":true,"valueName":"search_term_string"}}],"inLanguage":"fr-FR"},{"@type":"Organization","@id":"https:\/\/kapitalis.com\/tunisie\/#organization","name":"Kapitalis","url":"https:\/\/kapitalis.com\/tunisie\/","logo":{"@type":"ImageObject","inLanguage":"fr-FR","@id":"https:\/\/kapitalis.com\/tunisie\/#\/schema\/logo\/image\/","url":"https:\/\/kapitalis.com\/tunisie\/wp-content\/uploads\/2022\/05\/Kapitalis-big-size.png","contentUrl":"https:\/\/kapitalis.com\/tunisie\/wp-content\/uploads\/2022\/05\/Kapitalis-big-size.png","width":5000,"height":1500,"caption":"Kapitalis"},"image":{"@id":"https:\/\/kapitalis.com\/tunisie\/#\/schema\/logo\/image\/"},"sameAs":["https:\/\/www.facebook.com\/KapitalisInfo\/","https:\/\/x.com\/KapitalisInfo","https:\/\/www.youtube.com\/channel\/UC-yDYrHyfFBWWZaOw3FPg9Q"]},{"@type":"Person","@id":"https:\/\/kapitalis.com\/tunisie\/#\/schema\/person\/b35b8d631961131107263178aeb8019e","name":"Cherif Benyounes","url":"https:\/\/kapitalis.com\/tunisie\/author\/cherif\/"}]}},"_links":{"self":[{"href":"https:\/\/kapitalis.com\/tunisie\/wp-json\/wp\/v2\/posts\/361941","targetHints":{"allow":["GET"]}}],"collection":[{"href":"https:\/\/kapitalis.com\/tunisie\/wp-json\/wp\/v2\/posts"}],"about":[{"href":"https:\/\/kapitalis.com\/tunisie\/wp-json\/wp\/v2\/types\/post"}],"author":[{"embeddable":true,"href":"https:\/\/kapitalis.com\/tunisie\/wp-json\/wp\/v2\/users\/24"}],"replies":[{"embeddable":true,"href":"https:\/\/kapitalis.com\/tunisie\/wp-json\/wp\/v2\/comments?post=361941"}],"version-history":[{"count":0,"href":"https:\/\/kapitalis.com\/tunisie\/wp-json\/wp\/v2\/posts\/361941\/revisions"}],"wp:attachment":[{"href":"https:\/\/kapitalis.com\/tunisie\/wp-json\/wp\/v2\/media?parent=361941"}],"wp:term":[{"taxonomy":"category","embeddable":true,"href":"https:\/\/kapitalis.com\/tunisie\/wp-json\/wp\/v2\/categories?post=361941"},{"taxonomy":"post_tag","embeddable":true,"href":"https:\/\/kapitalis.com\/tunisie\/wp-json\/wp\/v2\/tags?post=361941"}],"curies":[{"name":"wp","href":"https:\/\/api.w.org\/{rel}","templated":true}]}}