{"id":362011,"date":"2021-09-08T09:45:07","date_gmt":"2021-09-08T08:45:07","guid":{"rendered":"http:\/\/kapitalis.com\/tunisie\/?p=362011"},"modified":"2021-09-08T09:51:03","modified_gmt":"2021-09-08T08:51:03","slug":"tunisie-un-depute-et-un-cadre-securitaire-impliques-dans-une-affaire-de-contrebande-de-cafe-pourri","status":"publish","type":"post","link":"https:\/\/kapitalis.com\/tunisie\/2021\/09\/08\/tunisie-un-depute-et-un-cadre-securitaire-impliques-dans-une-affaire-de-contrebande-de-cafe-pourri\/","title":{"rendered":"Tunisie : Un d\u00e9put\u00e9 et un cadre s\u00e9curitaire impliqu\u00e9s dans une affaire de contrebande de caf\u00e9 pourri"},"content":{"rendered":"\n<div class=\"wp-block-image\"><figure class=\"aligncenter size-large\"><img decoding=\"async\" src=\"http:\/\/kapitalis.com\/tunisie\/wp-content\/uploads\/2021\/09\/cafe.jpg\" alt=\"\" class=\"wp-image-362016\"\/><\/figure><\/div>\n\n\n\n<p><em><strong>Un contrebandier a \u00e9t\u00e9 r\u00e9cemment arr\u00eat\u00e9 apr\u00e8s avoir \u00e9t\u00e9 pris en flagrant d\u00e9lit en possession de plusieurs paquets de caf\u00e9 de contrebande provenant de Libye, qui \u00e9tait en plus impropre \u00e0 la consommation. Une affaire \u00e0 laquelle seraient impliqu\u00e9s un d\u00e9put\u00e9 et un cadre s\u00e9curitaire.<\/strong><\/em><\/p>\n\n\n\n<!--more-->\n\n\n\n<p>C&rsquo;est ce qu&rsquo;a indiqu\u00e9, ce mercredi 8 septembre 2021, la journaliste d&rsquo;Al-Chourouk, Mouna Bouazizi, dans <a href=\"https:\/\/www.youtube.com\/watch?v=Sgwa3v_uUqY&amp;ab_channel=SHEMSFM\"><strong>une d\u00e9claration<\/strong><\/a> accord\u00e9e \u00e0 Shems FM, ajoutant que le d\u00e9put\u00e9 en question appartient au mouvement Echa\u00e2b, et que les \u00e9v\u00e9nements se sont d\u00e9roul\u00e9es avant le 25 juillet.<\/p>\n\n\n\n<p>Le suspect conduisait, en effet, la voiture de ce parlementaire, et ce dernier a (naturellement) affirm\u00e9 qu&rsquo;il \u00e9tait innocent, et qu&rsquo;il aidait l&rsquo;homme en lui offrant son v\u00e9hicule sans avoir une id\u00e9e sur la nature de ses activit\u00e9s, selon la m\u00eame source. Pour faire court, il a racont\u00e9 une histoire difficile \u00e0 croire.<\/p>\n\n\n\n<p>Quant au cadre s\u00e9curitaire, c&rsquo;est \u00e0 sa demande que la marchandise a \u00e9t\u00e9 cach\u00e9e et les entrep\u00f4ts ont \u00e9t\u00e9 vid\u00e9s juste avant de leur perquisition, d&rsquo;apr\u00e8s Mme Bouazizi.<\/p>\n\n\n\n<p>La journaliste a \u00e9galement r\u00e9v\u00e9l\u00e9 que plusieurs d\u00e9put\u00e9s se sont rendus au si\u00e8ge de la police \u00e9conomique pour faire pression pour clore le dossier et que l&rsquo;offici\u00e8re qui a suivi l&rsquo;affaire a \u00e9t\u00e9 gel\u00e9e et transf\u00e9r\u00e9e \u00e0 Ben Arous.<\/p>\n\n\n\n<p class=\"has-text-align-right\"><strong>C. B. Y.<\/strong><\/p>\n","protected":false},"excerpt":{"rendered":"<p>Un contrebandier a \u00e9t\u00e9 r\u00e9cemment arr\u00eat\u00e9 apr\u00e8s avoir \u00e9t\u00e9 pris en flagrant d\u00e9lit en possession de plusieurs paquets de caf\u00e9 de contrebande provenant de Libye, qui \u00e9tait en plus impropre \u00e0 la consommation. Une affaire \u00e0 laquelle seraient impliqu\u00e9s un d\u00e9put\u00e9 et un cadre s\u00e9curitaire.<\/p>\n","protected":false},"author":24,"featured_media":362016,"comment_status":"open","ping_status":"open","sticky":false,"template":"","format":"standard","meta":{"footnotes":""},"categories":[998,2433],"tags":[93197,75931,3676],"class_list":["post-362011","post","type-post","status-publish","format-standard","has-post-thumbnail","hentry","category-societe","category-tunisie","tag-contrebande-de-cafe-pourri","tag-echaab-2","tag-mouna-bouazizi"],"yoast_head":"<!-- This site is optimized with the Yoast SEO plugin v26.6 - https:\/\/yoast.com\/wordpress\/plugins\/seo\/ -->\n<title>Tunisie : Un d\u00e9put\u00e9 et un cadre s\u00e9curitaire impliqu\u00e9s dans une affaire de contrebande de caf\u00e9 pourri - Kapitalis<\/title>\n<meta name=\"robots\" content=\"index, follow, max-snippet:-1, max-image-preview:large, max-video-preview:-1\" \/>\n<link rel=\"canonical\" href=\"https:\/\/kapitalis.com\/tunisie\/2021\/09\/08\/tunisie-un-depute-et-un-cadre-securitaire-impliques-dans-une-affaire-de-contrebande-de-cafe-pourri\/\" \/>\n<meta property=\"og:locale\" content=\"fr_FR\" \/>\n<meta property=\"og:type\" content=\"article\" \/>\n<meta property=\"og:title\" content=\"Tunisie : Un d\u00e9put\u00e9 et un cadre s\u00e9curitaire impliqu\u00e9s dans une affaire de contrebande de caf\u00e9 pourri - Kapitalis\" \/>\n<meta property=\"og:description\" content=\"Un contrebandier a \u00e9t\u00e9 r\u00e9cemment arr\u00eat\u00e9 apr\u00e8s avoir \u00e9t\u00e9 pris en flagrant d\u00e9lit en possession de plusieurs paquets de caf\u00e9 de contrebande provenant de Libye, qui \u00e9tait en plus impropre \u00e0 la consommation. Une affaire \u00e0 laquelle seraient impliqu\u00e9s un d\u00e9put\u00e9 et un cadre s\u00e9curitaire.\" \/>\n<meta property=\"og:url\" content=\"https:\/\/kapitalis.com\/tunisie\/2021\/09\/08\/tunisie-un-depute-et-un-cadre-securitaire-impliques-dans-une-affaire-de-contrebande-de-cafe-pourri\/\" \/>\n<meta property=\"og:site_name\" content=\"Kapitalis\" \/>\n<meta property=\"article:publisher\" content=\"https:\/\/www.facebook.com\/KapitalisInfo\/\" \/>\n<meta property=\"article:published_time\" content=\"2021-09-08T08:45:07+00:00\" \/>\n<meta property=\"article:modified_time\" content=\"2021-09-08T08:51:03+00:00\" \/>\n<meta property=\"og:image\" content=\"https:\/\/kapitalis.com\/tunisie\/wp-content\/uploads\/2022\/05\/kapitalis-logo-fb.png\" \/>\n\t<meta property=\"og:image:width\" content=\"1200\" \/>\n\t<meta property=\"og:image:height\" content=\"630\" \/>\n\t<meta property=\"og:image:type\" content=\"image\/png\" \/>\n<meta name=\"author\" content=\"Cherif Benyounes\" \/>\n<meta name=\"twitter:card\" content=\"summary_large_image\" \/>\n<meta name=\"twitter:creator\" content=\"@KapitalisInfo\" \/>\n<meta name=\"twitter:site\" content=\"@KapitalisInfo\" \/>\n<meta name=\"twitter:label1\" content=\"\u00c9crit par\" \/>\n\t<meta name=\"twitter:data1\" content=\"Cherif Benyounes\" \/>\n\t<meta name=\"twitter:label2\" content=\"Dur\u00e9e de lecture estim\u00e9e\" \/>\n\t<meta name=\"twitter:data2\" content=\"1 minute\" \/>\n<script type=\"application\/ld+json\" class=\"yoast-schema-graph\">{\"@context\":\"https:\/\/schema.org\",\"@graph\":[{\"@type\":\"Article\",\"@id\":\"https:\/\/kapitalis.com\/tunisie\/2021\/09\/08\/tunisie-un-depute-et-un-cadre-securitaire-impliques-dans-une-affaire-de-contrebande-de-cafe-pourri\/#article\",\"isPartOf\":{\"@id\":\"https:\/\/kapitalis.com\/tunisie\/2021\/09\/08\/tunisie-un-depute-et-un-cadre-securitaire-impliques-dans-une-affaire-de-contrebande-de-cafe-pourri\/\"},\"author\":{\"name\":\"Cherif Benyounes\",\"@id\":\"https:\/\/kapitalis.com\/tunisie\/#\/schema\/person\/b35b8d631961131107263178aeb8019e\"},\"headline\":\"Tunisie : Un d\u00e9put\u00e9 et un cadre s\u00e9curitaire impliqu\u00e9s dans une affaire de contrebande de caf\u00e9 pourri\",\"datePublished\":\"2021-09-08T08:45:07+00:00\",\"dateModified\":\"2021-09-08T08:51:03+00:00\",\"mainEntityOfPage\":{\"@id\":\"https:\/\/kapitalis.com\/tunisie\/2021\/09\/08\/tunisie-un-depute-et-un-cadre-securitaire-impliques-dans-une-affaire-de-contrebande-de-cafe-pourri\/\"},\"wordCount\":252,\"commentCount\":0,\"publisher\":{\"@id\":\"https:\/\/kapitalis.com\/tunisie\/#organization\"},\"image\":{\"@id\":\"https:\/\/kapitalis.com\/tunisie\/2021\/09\/08\/tunisie-un-depute-et-un-cadre-securitaire-impliques-dans-une-affaire-de-contrebande-de-cafe-pourri\/#primaryimage\"},\"thumbnailUrl\":\"\",\"keywords\":[\"contrebande de caf\u00e9 pourri\",\"echa\u00e2b\",\"Mouna Bouazizi\"],\"articleSection\":[\"SOCIETE\",\"Tunisie\"],\"inLanguage\":\"fr-FR\",\"potentialAction\":[{\"@type\":\"CommentAction\",\"name\":\"Comment\",\"target\":[\"https:\/\/kapitalis.com\/tunisie\/2021\/09\/08\/tunisie-un-depute-et-un-cadre-securitaire-impliques-dans-une-affaire-de-contrebande-de-cafe-pourri\/#respond\"]}]},{\"@type\":\"WebPage\",\"@id\":\"https:\/\/kapitalis.com\/tunisie\/2021\/09\/08\/tunisie-un-depute-et-un-cadre-securitaire-impliques-dans-une-affaire-de-contrebande-de-cafe-pourri\/\",\"url\":\"https:\/\/kapitalis.com\/tunisie\/2021\/09\/08\/tunisie-un-depute-et-un-cadre-securitaire-impliques-dans-une-affaire-de-contrebande-de-cafe-pourri\/\",\"name\":\"Tunisie : Un d\u00e9put\u00e9 et un cadre s\u00e9curitaire impliqu\u00e9s dans une affaire de contrebande de caf\u00e9 pourri - Kapitalis\",\"isPartOf\":{\"@id\":\"https:\/\/kapitalis.com\/tunisie\/#website\"},\"primaryImageOfPage\":{\"@id\":\"https:\/\/kapitalis.com\/tunisie\/2021\/09\/08\/tunisie-un-depute-et-un-cadre-securitaire-impliques-dans-une-affaire-de-contrebande-de-cafe-pourri\/#primaryimage\"},\"image\":{\"@id\":\"https:\/\/kapitalis.com\/tunisie\/2021\/09\/08\/tunisie-un-depute-et-un-cadre-securitaire-impliques-dans-une-affaire-de-contrebande-de-cafe-pourri\/#primaryimage\"},\"thumbnailUrl\":\"\",\"datePublished\":\"2021-09-08T08:45:07+00:00\",\"dateModified\":\"2021-09-08T08:51:03+00:00\",\"breadcrumb\":{\"@id\":\"https:\/\/kapitalis.com\/tunisie\/2021\/09\/08\/tunisie-un-depute-et-un-cadre-securitaire-impliques-dans-une-affaire-de-contrebande-de-cafe-pourri\/#breadcrumb\"},\"inLanguage\":\"fr-FR\",\"potentialAction\":[{\"@type\":\"ReadAction\",\"target\":[\"https:\/\/kapitalis.com\/tunisie\/2021\/09\/08\/tunisie-un-depute-et-un-cadre-securitaire-impliques-dans-une-affaire-de-contrebande-de-cafe-pourri\/\"]}]},{\"@type\":\"ImageObject\",\"inLanguage\":\"fr-FR\",\"@id\":\"https:\/\/kapitalis.com\/tunisie\/2021\/09\/08\/tunisie-un-depute-et-un-cadre-securitaire-impliques-dans-une-affaire-de-contrebande-de-cafe-pourri\/#primaryimage\",\"url\":\"\",\"contentUrl\":\"\"},{\"@type\":\"BreadcrumbList\",\"@id\":\"https:\/\/kapitalis.com\/tunisie\/2021\/09\/08\/tunisie-un-depute-et-un-cadre-securitaire-impliques-dans-une-affaire-de-contrebande-de-cafe-pourri\/#breadcrumb\",\"itemListElement\":[{\"@type\":\"ListItem\",\"position\":1,\"name\":\"Accueil\",\"item\":\"https:\/\/kapitalis.com\/tunisie\/\"},{\"@type\":\"ListItem\",\"position\":2,\"name\":\"Tunisie : Un d\u00e9put\u00e9 et un cadre s\u00e9curitaire impliqu\u00e9s dans une affaire de contrebande de caf\u00e9 pourri\"}]},{\"@type\":\"WebSite\",\"@id\":\"https:\/\/kapitalis.com\/tunisie\/#website\",\"url\":\"https:\/\/kapitalis.com\/tunisie\/\",\"name\":\"Kapitalis\",\"description\":\"L&#039;actualit\u00e9 en Tunisie et dans le monde\",\"publisher\":{\"@id\":\"https:\/\/kapitalis.com\/tunisie\/#organization\"},\"potentialAction\":[{\"@type\":\"SearchAction\",\"target\":{\"@type\":\"EntryPoint\",\"urlTemplate\":\"https:\/\/kapitalis.com\/tunisie\/?s={search_term_string}\"},\"query-input\":{\"@type\":\"PropertyValueSpecification\",\"valueRequired\":true,\"valueName\":\"search_term_string\"}}],\"inLanguage\":\"fr-FR\"},{\"@type\":\"Organization\",\"@id\":\"https:\/\/kapitalis.com\/tunisie\/#organization\",\"name\":\"Kapitalis\",\"url\":\"https:\/\/kapitalis.com\/tunisie\/\",\"logo\":{\"@type\":\"ImageObject\",\"inLanguage\":\"fr-FR\",\"@id\":\"https:\/\/kapitalis.com\/tunisie\/#\/schema\/logo\/image\/\",\"url\":\"https:\/\/kapitalis.com\/tunisie\/wp-content\/uploads\/2022\/05\/Kapitalis-big-size.png\",\"contentUrl\":\"https:\/\/kapitalis.com\/tunisie\/wp-content\/uploads\/2022\/05\/Kapitalis-big-size.png\",\"width\":5000,\"height\":1500,\"caption\":\"Kapitalis\"},\"image\":{\"@id\":\"https:\/\/kapitalis.com\/tunisie\/#\/schema\/logo\/image\/\"},\"sameAs\":[\"https:\/\/www.facebook.com\/KapitalisInfo\/\",\"https:\/\/x.com\/KapitalisInfo\",\"https:\/\/www.youtube.com\/channel\/UC-yDYrHyfFBWWZaOw3FPg9Q\"]},{\"@type\":\"Person\",\"@id\":\"https:\/\/kapitalis.com\/tunisie\/#\/schema\/person\/b35b8d631961131107263178aeb8019e\",\"name\":\"Cherif Benyounes\",\"url\":\"https:\/\/kapitalis.com\/tunisie\/author\/cherif\/\"}]}<\/script>\n<!-- \/ Yoast SEO plugin. -->","yoast_head_json":{"title":"Tunisie : Un d\u00e9put\u00e9 et un cadre s\u00e9curitaire impliqu\u00e9s dans une affaire de contrebande de caf\u00e9 pourri - Kapitalis","robots":{"index":"index","follow":"follow","max-snippet":"max-snippet:-1","max-image-preview":"max-image-preview:large","max-video-preview":"max-video-preview:-1"},"canonical":"https:\/\/kapitalis.com\/tunisie\/2021\/09\/08\/tunisie-un-depute-et-un-cadre-securitaire-impliques-dans-une-affaire-de-contrebande-de-cafe-pourri\/","og_locale":"fr_FR","og_type":"article","og_title":"Tunisie : Un d\u00e9put\u00e9 et un cadre s\u00e9curitaire impliqu\u00e9s dans une affaire de contrebande de caf\u00e9 pourri - Kapitalis","og_description":"Un contrebandier a \u00e9t\u00e9 r\u00e9cemment arr\u00eat\u00e9 apr\u00e8s avoir \u00e9t\u00e9 pris en flagrant d\u00e9lit en possession de plusieurs paquets de caf\u00e9 de contrebande provenant de Libye, qui \u00e9tait en plus impropre \u00e0 la consommation. Une affaire \u00e0 laquelle seraient impliqu\u00e9s un d\u00e9put\u00e9 et un cadre s\u00e9curitaire.","og_url":"https:\/\/kapitalis.com\/tunisie\/2021\/09\/08\/tunisie-un-depute-et-un-cadre-securitaire-impliques-dans-une-affaire-de-contrebande-de-cafe-pourri\/","og_site_name":"Kapitalis","article_publisher":"https:\/\/www.facebook.com\/KapitalisInfo\/","article_published_time":"2021-09-08T08:45:07+00:00","article_modified_time":"2021-09-08T08:51:03+00:00","og_image":[{"width":1200,"height":630,"url":"https:\/\/kapitalis.com\/tunisie\/wp-content\/uploads\/2022\/05\/kapitalis-logo-fb.png","type":"image\/png"}],"author":"Cherif Benyounes","twitter_card":"summary_large_image","twitter_creator":"@KapitalisInfo","twitter_site":"@KapitalisInfo","twitter_misc":{"\u00c9crit par":"Cherif Benyounes","Dur\u00e9e de lecture estim\u00e9e":"1 minute"},"schema":{"@context":"https:\/\/schema.org","@graph":[{"@type":"Article","@id":"https:\/\/kapitalis.com\/tunisie\/2021\/09\/08\/tunisie-un-depute-et-un-cadre-securitaire-impliques-dans-une-affaire-de-contrebande-de-cafe-pourri\/#article","isPartOf":{"@id":"https:\/\/kapitalis.com\/tunisie\/2021\/09\/08\/tunisie-un-depute-et-un-cadre-securitaire-impliques-dans-une-affaire-de-contrebande-de-cafe-pourri\/"},"author":{"name":"Cherif Benyounes","@id":"https:\/\/kapitalis.com\/tunisie\/#\/schema\/person\/b35b8d631961131107263178aeb8019e"},"headline":"Tunisie : Un d\u00e9put\u00e9 et un cadre s\u00e9curitaire impliqu\u00e9s dans une affaire de contrebande de caf\u00e9 pourri","datePublished":"2021-09-08T08:45:07+00:00","dateModified":"2021-09-08T08:51:03+00:00","mainEntityOfPage":{"@id":"https:\/\/kapitalis.com\/tunisie\/2021\/09\/08\/tunisie-un-depute-et-un-cadre-securitaire-impliques-dans-une-affaire-de-contrebande-de-cafe-pourri\/"},"wordCount":252,"commentCount":0,"publisher":{"@id":"https:\/\/kapitalis.com\/tunisie\/#organization"},"image":{"@id":"https:\/\/kapitalis.com\/tunisie\/2021\/09\/08\/tunisie-un-depute-et-un-cadre-securitaire-impliques-dans-une-affaire-de-contrebande-de-cafe-pourri\/#primaryimage"},"thumbnailUrl":"","keywords":["contrebande de caf\u00e9 pourri","echa\u00e2b","Mouna Bouazizi"],"articleSection":["SOCIETE","Tunisie"],"inLanguage":"fr-FR","potentialAction":[{"@type":"CommentAction","name":"Comment","target":["https:\/\/kapitalis.com\/tunisie\/2021\/09\/08\/tunisie-un-depute-et-un-cadre-securitaire-impliques-dans-une-affaire-de-contrebande-de-cafe-pourri\/#respond"]}]},{"@type":"WebPage","@id":"https:\/\/kapitalis.com\/tunisie\/2021\/09\/08\/tunisie-un-depute-et-un-cadre-securitaire-impliques-dans-une-affaire-de-contrebande-de-cafe-pourri\/","url":"https:\/\/kapitalis.com\/tunisie\/2021\/09\/08\/tunisie-un-depute-et-un-cadre-securitaire-impliques-dans-une-affaire-de-contrebande-de-cafe-pourri\/","name":"Tunisie : Un d\u00e9put\u00e9 et un cadre s\u00e9curitaire impliqu\u00e9s dans une affaire de contrebande de caf\u00e9 pourri - Kapitalis","isPartOf":{"@id":"https:\/\/kapitalis.com\/tunisie\/#website"},"primaryImageOfPage":{"@id":"https:\/\/kapitalis.com\/tunisie\/2021\/09\/08\/tunisie-un-depute-et-un-cadre-securitaire-impliques-dans-une-affaire-de-contrebande-de-cafe-pourri\/#primaryimage"},"image":{"@id":"https:\/\/kapitalis.com\/tunisie\/2021\/09\/08\/tunisie-un-depute-et-un-cadre-securitaire-impliques-dans-une-affaire-de-contrebande-de-cafe-pourri\/#primaryimage"},"thumbnailUrl":"","datePublished":"2021-09-08T08:45:07+00:00","dateModified":"2021-09-08T08:51:03+00:00","breadcrumb":{"@id":"https:\/\/kapitalis.com\/tunisie\/2021\/09\/08\/tunisie-un-depute-et-un-cadre-securitaire-impliques-dans-une-affaire-de-contrebande-de-cafe-pourri\/#breadcrumb"},"inLanguage":"fr-FR","potentialAction":[{"@type":"ReadAction","target":["https:\/\/kapitalis.com\/tunisie\/2021\/09\/08\/tunisie-un-depute-et-un-cadre-securitaire-impliques-dans-une-affaire-de-contrebande-de-cafe-pourri\/"]}]},{"@type":"ImageObject","inLanguage":"fr-FR","@id":"https:\/\/kapitalis.com\/tunisie\/2021\/09\/08\/tunisie-un-depute-et-un-cadre-securitaire-impliques-dans-une-affaire-de-contrebande-de-cafe-pourri\/#primaryimage","url":"","contentUrl":""},{"@type":"BreadcrumbList","@id":"https:\/\/kapitalis.com\/tunisie\/2021\/09\/08\/tunisie-un-depute-et-un-cadre-securitaire-impliques-dans-une-affaire-de-contrebande-de-cafe-pourri\/#breadcrumb","itemListElement":[{"@type":"ListItem","position":1,"name":"Accueil","item":"https:\/\/kapitalis.com\/tunisie\/"},{"@type":"ListItem","position":2,"name":"Tunisie : Un d\u00e9put\u00e9 et un cadre s\u00e9curitaire impliqu\u00e9s dans une affaire de contrebande de caf\u00e9 pourri"}]},{"@type":"WebSite","@id":"https:\/\/kapitalis.com\/tunisie\/#website","url":"https:\/\/kapitalis.com\/tunisie\/","name":"Kapitalis","description":"L&#039;actualit\u00e9 en Tunisie et dans le monde","publisher":{"@id":"https:\/\/kapitalis.com\/tunisie\/#organization"},"potentialAction":[{"@type":"SearchAction","target":{"@type":"EntryPoint","urlTemplate":"https:\/\/kapitalis.com\/tunisie\/?s={search_term_string}"},"query-input":{"@type":"PropertyValueSpecification","valueRequired":true,"valueName":"search_term_string"}}],"inLanguage":"fr-FR"},{"@type":"Organization","@id":"https:\/\/kapitalis.com\/tunisie\/#organization","name":"Kapitalis","url":"https:\/\/kapitalis.com\/tunisie\/","logo":{"@type":"ImageObject","inLanguage":"fr-FR","@id":"https:\/\/kapitalis.com\/tunisie\/#\/schema\/logo\/image\/","url":"https:\/\/kapitalis.com\/tunisie\/wp-content\/uploads\/2022\/05\/Kapitalis-big-size.png","contentUrl":"https:\/\/kapitalis.com\/tunisie\/wp-content\/uploads\/2022\/05\/Kapitalis-big-size.png","width":5000,"height":1500,"caption":"Kapitalis"},"image":{"@id":"https:\/\/kapitalis.com\/tunisie\/#\/schema\/logo\/image\/"},"sameAs":["https:\/\/www.facebook.com\/KapitalisInfo\/","https:\/\/x.com\/KapitalisInfo","https:\/\/www.youtube.com\/channel\/UC-yDYrHyfFBWWZaOw3FPg9Q"]},{"@type":"Person","@id":"https:\/\/kapitalis.com\/tunisie\/#\/schema\/person\/b35b8d631961131107263178aeb8019e","name":"Cherif Benyounes","url":"https:\/\/kapitalis.com\/tunisie\/author\/cherif\/"}]}},"_links":{"self":[{"href":"https:\/\/kapitalis.com\/tunisie\/wp-json\/wp\/v2\/posts\/362011","targetHints":{"allow":["GET"]}}],"collection":[{"href":"https:\/\/kapitalis.com\/tunisie\/wp-json\/wp\/v2\/posts"}],"about":[{"href":"https:\/\/kapitalis.com\/tunisie\/wp-json\/wp\/v2\/types\/post"}],"author":[{"embeddable":true,"href":"https:\/\/kapitalis.com\/tunisie\/wp-json\/wp\/v2\/users\/24"}],"replies":[{"embeddable":true,"href":"https:\/\/kapitalis.com\/tunisie\/wp-json\/wp\/v2\/comments?post=362011"}],"version-history":[{"count":0,"href":"https:\/\/kapitalis.com\/tunisie\/wp-json\/wp\/v2\/posts\/362011\/revisions"}],"wp:featuredmedia":[{"embeddable":true,"href":"https:\/\/kapitalis.com\/tunisie\/wp-json\/wp\/v2\/media\/362016"}],"wp:attachment":[{"href":"https:\/\/kapitalis.com\/tunisie\/wp-json\/wp\/v2\/media?parent=362011"}],"wp:term":[{"taxonomy":"category","embeddable":true,"href":"https:\/\/kapitalis.com\/tunisie\/wp-json\/wp\/v2\/categories?post=362011"},{"taxonomy":"post_tag","embeddable":true,"href":"https:\/\/kapitalis.com\/tunisie\/wp-json\/wp\/v2\/tags?post=362011"}],"curies":[{"name":"wp","href":"https:\/\/api.w.org\/{rel}","templated":true}]}}