{"id":362431,"date":"2021-09-11T16:11:29","date_gmt":"2021-09-11T15:11:29","guid":{"rendered":"http:\/\/kapitalis.com\/tunisie\/?p=362431"},"modified":"2021-09-11T18:08:23","modified_gmt":"2021-09-11T17:08:23","slug":"taboubi-appelle-a-la-mise-en-place-dun-gouvernement-et-a-des-elections-anticipees","status":"publish","type":"post","link":"https:\/\/kapitalis.com\/tunisie\/2021\/09\/11\/taboubi-appelle-a-la-mise-en-place-dun-gouvernement-et-a-des-elections-anticipees\/","title":{"rendered":"Taboubi appelle \u00e0 la mise en place d&rsquo;un gouvernement et \u00e0 des \u00e9lections anticip\u00e9es"},"content":{"rendered":"\n<div class=\"wp-block-image\"><figure class=\"aligncenter size-large\"><img decoding=\"async\" src=\"http:\/\/kapitalis.com\/tunisie\/wp-content\/uploads\/2021\/09\/Taboubi.jpg\" alt=\"\" class=\"wp-image-362433\"\/><\/figure><\/div>\n\n\n\n<p><strong><em>Le secr\u00e9taire g\u00e9n\u00e9ral de l&rsquo;Union g\u00e9n\u00e9rale tunisienne du travail (UGTT) Noureddine Taboubi a exprim\u00e9 son inqui\u00e9tude face \u00e0 l\u2019absence de visibilit\u00e9 sur les prochaines \u00e9tapes que compte entreprendre le pr\u00e9sident de la r\u00e9publique Ka\u00efs Sa\u00efed. Il a dans ce sens appel\u00e9 \u00e0 la mise en place d&rsquo;un gouvernement et \u00e0 des \u00e9lections l\u00e9gislatives anticip\u00e9es.<\/em><\/strong><\/p>\n\n\n\n<!--more-->\n\n\n\n<p>S&rsquo;exprimant ce samedi 11 septembre 2021 lors d&rsquo;une r\u00e9union \u00e0 Monastir, Noureddine Taboubi a ainsi rappel\u00e9 que la centrale syndicale a soutenu les mesures du 25 juillet, estimant qu&rsquo;elles r\u00e9pondent aux revendications des Tunisiens, sortis en masse dans les rues pour exprimer leur col\u00e8re et un ras-le-bol car le vase a d\u00e9bord\u00e9 : <em>\u00abOr aujourd&rsquo;hui on ne sait plus o\u00f9 l&rsquo;on va et un seul homme ne peut pas \u00e0 lui seul faire face \u00e0 toutes les \u00e9tapes et aux lobbies bien implant\u00e9s depuis des ann\u00e9es en Tunisie\u00bb<\/em>, a-t-il dit, en appelant le pr\u00e9sident \u00e0 former rapidement un gouvernement.<\/p>\n\n\n\n<p>Taboubi a dans ce sens consid\u00e9r\u00e9 que l\u2019absence d\u2019un gouvernement aura un impact sur la rentr\u00e9e scolaire, sur les n\u00e9gociations et les accords conclus entre l\u2019UGTT et les pr\u00e9c\u00e9dents gouvernements et sur les probl\u00e8mes d&rsquo;ordre social et \u00e9conomique : <em>\u00abIl s&rsquo;agit d&rsquo;une priorit\u00e9 absolue<\/em>\u00bb, a-t-il insist\u00e9.<\/p>\n\n\n\n<p>Le SG de la centrale syndicale a aussi rappel\u00e9 que les r\u00e9formes \u00e9taient in\u00e9vitables \u00e0 causes de tous les \u00e9checs enregistr\u00e9s durant les dix derni\u00e8res ann\u00e9es, mais estime que Ka\u00efs Sa\u00efed doit s&rsquo;ouvrir au dialogue pour mieux pr\u00e9parer les prochains d\u00e9fis et notamment faire face aux lobbies implant\u00e9s en Tunisie, pour rompre d\u00e9finitivement avec ce syst\u00e8me corrompu.<\/p>\n\n\n\n<p>Rappelant dans ce sens que des d\u00e9put\u00e9s \u00e9taient pr\u00eats \u00e0 d\u00e9missionner (en r\u00e9f\u00e9rence, notamment, \u00e0 ceux du PDL qu&rsquo;il a rencontr\u00e9 hier) et que cela permettrait la mise en place de l\u00e9gislatives anticip\u00e9es, Taboubi s&rsquo;est adress\u00e9 \u00e0 Sa\u00efed en ces termes : \u00ab<em> Comment va-t-on passer d&rsquo;une \u00e9tape \u00e0 une autre ? Cette \u00e9tape necessite une intelligence politique permettant de prendre des d\u00e9cisions sur la base de la l\u00e9gitimit\u00e9 constitutionnelle\u2026 Une seule personne ne peut s&rsquo;en sortir et ne peut sortir le pays de la crise ! Qu&rsquo;on pr\u00e9pare les \u00e9lections et que l&rsquo;on avance plus sereinement pour r\u00e9ussir cette \u00e9tape\u00bb<\/em>.<\/p>\n\n\n\n<p class=\"has-text-align-right\"><strong>Y. N.<\/strong><\/p>\n","protected":false},"excerpt":{"rendered":"<p>Le secr\u00e9taire g\u00e9n\u00e9ral de l&rsquo;Union g\u00e9n\u00e9rale tunisienne du travail (UGTT) Noureddine Taboubi a exprim\u00e9 son inqui\u00e9tude face \u00e0 l\u2019absence de visibilit\u00e9 sur les prochaines \u00e9tapes que compte entreprendre le pr\u00e9sident de la r\u00e9publique Ka\u00efs Sa\u00efed. Il a dans ce sens appel\u00e9 \u00e0 la mise en place d&rsquo;un gouvernement et \u00e0 des \u00e9lections l\u00e9gislatives anticip\u00e9es.<\/p>\n","protected":false},"author":6,"featured_media":362433,"comment_status":"open","ping_status":"open","sticky":false,"template":"","format":"standard","meta":{"footnotes":""},"categories":[997,2433],"tags":[76920,73457,418,87935,78812,62643,936],"class_list":["post-362431","post","type-post","status-publish","format-standard","has-post-thumbnail","hentry","category-politique","category-tunisie","tag-25-juillet","tag-elections-anticipees","tag-gouvernement","tag-saied-2","tag-taboubi","tag-tunisie","tag-ugtt"],"yoast_head":"<!-- This site is optimized with the Yoast SEO plugin v26.6 - https:\/\/yoast.com\/wordpress\/plugins\/seo\/ -->\n<title>Taboubi appelle \u00e0 la mise en place d&#039;un gouvernement et \u00e0 des \u00e9lections anticip\u00e9es - Kapitalis<\/title>\n<meta name=\"robots\" content=\"index, follow, max-snippet:-1, max-image-preview:large, max-video-preview:-1\" \/>\n<link rel=\"canonical\" href=\"https:\/\/kapitalis.com\/tunisie\/2021\/09\/11\/taboubi-appelle-a-la-mise-en-place-dun-gouvernement-et-a-des-elections-anticipees\/\" \/>\n<meta property=\"og:locale\" content=\"fr_FR\" \/>\n<meta property=\"og:type\" content=\"article\" \/>\n<meta property=\"og:title\" content=\"Taboubi appelle \u00e0 la mise en place d&#039;un gouvernement et \u00e0 des \u00e9lections anticip\u00e9es - Kapitalis\" \/>\n<meta property=\"og:description\" content=\"Le secr\u00e9taire g\u00e9n\u00e9ral de l&rsquo;Union g\u00e9n\u00e9rale tunisienne du travail (UGTT) Noureddine Taboubi a exprim\u00e9 son inqui\u00e9tude face \u00e0 l\u2019absence de visibilit\u00e9 sur les prochaines \u00e9tapes que compte entreprendre le pr\u00e9sident de la r\u00e9publique Ka\u00efs Sa\u00efed. Il a dans ce sens appel\u00e9 \u00e0 la mise en place d&rsquo;un gouvernement et \u00e0 des \u00e9lections l\u00e9gislatives anticip\u00e9es.\" \/>\n<meta property=\"og:url\" content=\"https:\/\/kapitalis.com\/tunisie\/2021\/09\/11\/taboubi-appelle-a-la-mise-en-place-dun-gouvernement-et-a-des-elections-anticipees\/\" \/>\n<meta property=\"og:site_name\" content=\"Kapitalis\" \/>\n<meta property=\"article:publisher\" content=\"https:\/\/www.facebook.com\/KapitalisInfo\/\" \/>\n<meta property=\"article:published_time\" content=\"2021-09-11T15:11:29+00:00\" \/>\n<meta property=\"article:modified_time\" content=\"2021-09-11T17:08:23+00:00\" \/>\n<meta property=\"og:image\" content=\"https:\/\/kapitalis.com\/tunisie\/wp-content\/uploads\/2022\/05\/kapitalis-logo-fb.png\" \/>\n\t<meta property=\"og:image:width\" content=\"1200\" \/>\n\t<meta property=\"og:image:height\" content=\"630\" \/>\n\t<meta property=\"og:image:type\" content=\"image\/png\" \/>\n<meta name=\"author\" content=\"Yusra NY\" \/>\n<meta name=\"twitter:card\" content=\"summary_large_image\" \/>\n<meta name=\"twitter:creator\" content=\"@KapitalisInfo\" \/>\n<meta name=\"twitter:site\" content=\"@KapitalisInfo\" \/>\n<meta name=\"twitter:label1\" content=\"\u00c9crit par\" \/>\n\t<meta name=\"twitter:data1\" content=\"Yusra NY\" \/>\n\t<meta name=\"twitter:label2\" content=\"Dur\u00e9e de lecture estim\u00e9e\" \/>\n\t<meta name=\"twitter:data2\" content=\"2 minutes\" \/>\n<script type=\"application\/ld+json\" class=\"yoast-schema-graph\">{\"@context\":\"https:\/\/schema.org\",\"@graph\":[{\"@type\":\"Article\",\"@id\":\"https:\/\/kapitalis.com\/tunisie\/2021\/09\/11\/taboubi-appelle-a-la-mise-en-place-dun-gouvernement-et-a-des-elections-anticipees\/#article\",\"isPartOf\":{\"@id\":\"https:\/\/kapitalis.com\/tunisie\/2021\/09\/11\/taboubi-appelle-a-la-mise-en-place-dun-gouvernement-et-a-des-elections-anticipees\/\"},\"author\":{\"name\":\"Yusra NY\",\"@id\":\"https:\/\/kapitalis.com\/tunisie\/#\/schema\/person\/74bbde0154d49d790a92aaeac5bc01d5\"},\"headline\":\"Taboubi appelle \u00e0 la mise en place d&rsquo;un gouvernement et \u00e0 des \u00e9lections anticip\u00e9es\",\"datePublished\":\"2021-09-11T15:11:29+00:00\",\"dateModified\":\"2021-09-11T17:08:23+00:00\",\"mainEntityOfPage\":{\"@id\":\"https:\/\/kapitalis.com\/tunisie\/2021\/09\/11\/taboubi-appelle-a-la-mise-en-place-dun-gouvernement-et-a-des-elections-anticipees\/\"},\"wordCount\":405,\"commentCount\":6,\"publisher\":{\"@id\":\"https:\/\/kapitalis.com\/tunisie\/#organization\"},\"image\":{\"@id\":\"https:\/\/kapitalis.com\/tunisie\/2021\/09\/11\/taboubi-appelle-a-la-mise-en-place-dun-gouvernement-et-a-des-elections-anticipees\/#primaryimage\"},\"thumbnailUrl\":\"\",\"keywords\":[\"25 juillet\",\"\u00e9lections anticip\u00e9es\",\"gouvernement\",\"Sa\u00efed\",\"Taboubi\",\"Tunisie\",\"UGTT\"],\"articleSection\":[\"POLITIQUE\",\"Tunisie\"],\"inLanguage\":\"fr-FR\",\"potentialAction\":[{\"@type\":\"CommentAction\",\"name\":\"Comment\",\"target\":[\"https:\/\/kapitalis.com\/tunisie\/2021\/09\/11\/taboubi-appelle-a-la-mise-en-place-dun-gouvernement-et-a-des-elections-anticipees\/#respond\"]}]},{\"@type\":\"WebPage\",\"@id\":\"https:\/\/kapitalis.com\/tunisie\/2021\/09\/11\/taboubi-appelle-a-la-mise-en-place-dun-gouvernement-et-a-des-elections-anticipees\/\",\"url\":\"https:\/\/kapitalis.com\/tunisie\/2021\/09\/11\/taboubi-appelle-a-la-mise-en-place-dun-gouvernement-et-a-des-elections-anticipees\/\",\"name\":\"Taboubi appelle \u00e0 la mise en place d'un gouvernement et \u00e0 des \u00e9lections anticip\u00e9es - Kapitalis\",\"isPartOf\":{\"@id\":\"https:\/\/kapitalis.com\/tunisie\/#website\"},\"primaryImageOfPage\":{\"@id\":\"https:\/\/kapitalis.com\/tunisie\/2021\/09\/11\/taboubi-appelle-a-la-mise-en-place-dun-gouvernement-et-a-des-elections-anticipees\/#primaryimage\"},\"image\":{\"@id\":\"https:\/\/kapitalis.com\/tunisie\/2021\/09\/11\/taboubi-appelle-a-la-mise-en-place-dun-gouvernement-et-a-des-elections-anticipees\/#primaryimage\"},\"thumbnailUrl\":\"\",\"datePublished\":\"2021-09-11T15:11:29+00:00\",\"dateModified\":\"2021-09-11T17:08:23+00:00\",\"breadcrumb\":{\"@id\":\"https:\/\/kapitalis.com\/tunisie\/2021\/09\/11\/taboubi-appelle-a-la-mise-en-place-dun-gouvernement-et-a-des-elections-anticipees\/#breadcrumb\"},\"inLanguage\":\"fr-FR\",\"potentialAction\":[{\"@type\":\"ReadAction\",\"target\":[\"https:\/\/kapitalis.com\/tunisie\/2021\/09\/11\/taboubi-appelle-a-la-mise-en-place-dun-gouvernement-et-a-des-elections-anticipees\/\"]}]},{\"@type\":\"ImageObject\",\"inLanguage\":\"fr-FR\",\"@id\":\"https:\/\/kapitalis.com\/tunisie\/2021\/09\/11\/taboubi-appelle-a-la-mise-en-place-dun-gouvernement-et-a-des-elections-anticipees\/#primaryimage\",\"url\":\"\",\"contentUrl\":\"\"},{\"@type\":\"BreadcrumbList\",\"@id\":\"https:\/\/kapitalis.com\/tunisie\/2021\/09\/11\/taboubi-appelle-a-la-mise-en-place-dun-gouvernement-et-a-des-elections-anticipees\/#breadcrumb\",\"itemListElement\":[{\"@type\":\"ListItem\",\"position\":1,\"name\":\"Accueil\",\"item\":\"https:\/\/kapitalis.com\/tunisie\/\"},{\"@type\":\"ListItem\",\"position\":2,\"name\":\"Taboubi appelle \u00e0 la mise en place d&rsquo;un gouvernement et \u00e0 des \u00e9lections anticip\u00e9es\"}]},{\"@type\":\"WebSite\",\"@id\":\"https:\/\/kapitalis.com\/tunisie\/#website\",\"url\":\"https:\/\/kapitalis.com\/tunisie\/\",\"name\":\"Kapitalis\",\"description\":\"L&#039;actualit\u00e9 en Tunisie et dans le monde\",\"publisher\":{\"@id\":\"https:\/\/kapitalis.com\/tunisie\/#organization\"},\"potentialAction\":[{\"@type\":\"SearchAction\",\"target\":{\"@type\":\"EntryPoint\",\"urlTemplate\":\"https:\/\/kapitalis.com\/tunisie\/?s={search_term_string}\"},\"query-input\":{\"@type\":\"PropertyValueSpecification\",\"valueRequired\":true,\"valueName\":\"search_term_string\"}}],\"inLanguage\":\"fr-FR\"},{\"@type\":\"Organization\",\"@id\":\"https:\/\/kapitalis.com\/tunisie\/#organization\",\"name\":\"Kapitalis\",\"url\":\"https:\/\/kapitalis.com\/tunisie\/\",\"logo\":{\"@type\":\"ImageObject\",\"inLanguage\":\"fr-FR\",\"@id\":\"https:\/\/kapitalis.com\/tunisie\/#\/schema\/logo\/image\/\",\"url\":\"https:\/\/kapitalis.com\/tunisie\/wp-content\/uploads\/2022\/05\/Kapitalis-big-size.png\",\"contentUrl\":\"https:\/\/kapitalis.com\/tunisie\/wp-content\/uploads\/2022\/05\/Kapitalis-big-size.png\",\"width\":5000,\"height\":1500,\"caption\":\"Kapitalis\"},\"image\":{\"@id\":\"https:\/\/kapitalis.com\/tunisie\/#\/schema\/logo\/image\/\"},\"sameAs\":[\"https:\/\/www.facebook.com\/KapitalisInfo\/\",\"https:\/\/x.com\/KapitalisInfo\",\"https:\/\/www.youtube.com\/channel\/UC-yDYrHyfFBWWZaOw3FPg9Q\"]},{\"@type\":\"Person\",\"@id\":\"https:\/\/kapitalis.com\/tunisie\/#\/schema\/person\/74bbde0154d49d790a92aaeac5bc01d5\",\"name\":\"Yusra NY\",\"url\":\"https:\/\/kapitalis.com\/tunisie\/author\/yuza_adam\/\"}]}<\/script>\n<!-- \/ Yoast SEO plugin. -->","yoast_head_json":{"title":"Taboubi appelle \u00e0 la mise en place d'un gouvernement et \u00e0 des \u00e9lections anticip\u00e9es - Kapitalis","robots":{"index":"index","follow":"follow","max-snippet":"max-snippet:-1","max-image-preview":"max-image-preview:large","max-video-preview":"max-video-preview:-1"},"canonical":"https:\/\/kapitalis.com\/tunisie\/2021\/09\/11\/taboubi-appelle-a-la-mise-en-place-dun-gouvernement-et-a-des-elections-anticipees\/","og_locale":"fr_FR","og_type":"article","og_title":"Taboubi appelle \u00e0 la mise en place d'un gouvernement et \u00e0 des \u00e9lections anticip\u00e9es - Kapitalis","og_description":"Le secr\u00e9taire g\u00e9n\u00e9ral de l&rsquo;Union g\u00e9n\u00e9rale tunisienne du travail (UGTT) Noureddine Taboubi a exprim\u00e9 son inqui\u00e9tude face \u00e0 l\u2019absence de visibilit\u00e9 sur les prochaines \u00e9tapes que compte entreprendre le pr\u00e9sident de la r\u00e9publique Ka\u00efs Sa\u00efed. Il a dans ce sens appel\u00e9 \u00e0 la mise en place d&rsquo;un gouvernement et \u00e0 des \u00e9lections l\u00e9gislatives anticip\u00e9es.","og_url":"https:\/\/kapitalis.com\/tunisie\/2021\/09\/11\/taboubi-appelle-a-la-mise-en-place-dun-gouvernement-et-a-des-elections-anticipees\/","og_site_name":"Kapitalis","article_publisher":"https:\/\/www.facebook.com\/KapitalisInfo\/","article_published_time":"2021-09-11T15:11:29+00:00","article_modified_time":"2021-09-11T17:08:23+00:00","og_image":[{"width":1200,"height":630,"url":"https:\/\/kapitalis.com\/tunisie\/wp-content\/uploads\/2022\/05\/kapitalis-logo-fb.png","type":"image\/png"}],"author":"Yusra NY","twitter_card":"summary_large_image","twitter_creator":"@KapitalisInfo","twitter_site":"@KapitalisInfo","twitter_misc":{"\u00c9crit par":"Yusra NY","Dur\u00e9e de lecture estim\u00e9e":"2 minutes"},"schema":{"@context":"https:\/\/schema.org","@graph":[{"@type":"Article","@id":"https:\/\/kapitalis.com\/tunisie\/2021\/09\/11\/taboubi-appelle-a-la-mise-en-place-dun-gouvernement-et-a-des-elections-anticipees\/#article","isPartOf":{"@id":"https:\/\/kapitalis.com\/tunisie\/2021\/09\/11\/taboubi-appelle-a-la-mise-en-place-dun-gouvernement-et-a-des-elections-anticipees\/"},"author":{"name":"Yusra NY","@id":"https:\/\/kapitalis.com\/tunisie\/#\/schema\/person\/74bbde0154d49d790a92aaeac5bc01d5"},"headline":"Taboubi appelle \u00e0 la mise en place d&rsquo;un gouvernement et \u00e0 des \u00e9lections anticip\u00e9es","datePublished":"2021-09-11T15:11:29+00:00","dateModified":"2021-09-11T17:08:23+00:00","mainEntityOfPage":{"@id":"https:\/\/kapitalis.com\/tunisie\/2021\/09\/11\/taboubi-appelle-a-la-mise-en-place-dun-gouvernement-et-a-des-elections-anticipees\/"},"wordCount":405,"commentCount":6,"publisher":{"@id":"https:\/\/kapitalis.com\/tunisie\/#organization"},"image":{"@id":"https:\/\/kapitalis.com\/tunisie\/2021\/09\/11\/taboubi-appelle-a-la-mise-en-place-dun-gouvernement-et-a-des-elections-anticipees\/#primaryimage"},"thumbnailUrl":"","keywords":["25 juillet","\u00e9lections anticip\u00e9es","gouvernement","Sa\u00efed","Taboubi","Tunisie","UGTT"],"articleSection":["POLITIQUE","Tunisie"],"inLanguage":"fr-FR","potentialAction":[{"@type":"CommentAction","name":"Comment","target":["https:\/\/kapitalis.com\/tunisie\/2021\/09\/11\/taboubi-appelle-a-la-mise-en-place-dun-gouvernement-et-a-des-elections-anticipees\/#respond"]}]},{"@type":"WebPage","@id":"https:\/\/kapitalis.com\/tunisie\/2021\/09\/11\/taboubi-appelle-a-la-mise-en-place-dun-gouvernement-et-a-des-elections-anticipees\/","url":"https:\/\/kapitalis.com\/tunisie\/2021\/09\/11\/taboubi-appelle-a-la-mise-en-place-dun-gouvernement-et-a-des-elections-anticipees\/","name":"Taboubi appelle \u00e0 la mise en place d'un gouvernement et \u00e0 des \u00e9lections anticip\u00e9es - Kapitalis","isPartOf":{"@id":"https:\/\/kapitalis.com\/tunisie\/#website"},"primaryImageOfPage":{"@id":"https:\/\/kapitalis.com\/tunisie\/2021\/09\/11\/taboubi-appelle-a-la-mise-en-place-dun-gouvernement-et-a-des-elections-anticipees\/#primaryimage"},"image":{"@id":"https:\/\/kapitalis.com\/tunisie\/2021\/09\/11\/taboubi-appelle-a-la-mise-en-place-dun-gouvernement-et-a-des-elections-anticipees\/#primaryimage"},"thumbnailUrl":"","datePublished":"2021-09-11T15:11:29+00:00","dateModified":"2021-09-11T17:08:23+00:00","breadcrumb":{"@id":"https:\/\/kapitalis.com\/tunisie\/2021\/09\/11\/taboubi-appelle-a-la-mise-en-place-dun-gouvernement-et-a-des-elections-anticipees\/#breadcrumb"},"inLanguage":"fr-FR","potentialAction":[{"@type":"ReadAction","target":["https:\/\/kapitalis.com\/tunisie\/2021\/09\/11\/taboubi-appelle-a-la-mise-en-place-dun-gouvernement-et-a-des-elections-anticipees\/"]}]},{"@type":"ImageObject","inLanguage":"fr-FR","@id":"https:\/\/kapitalis.com\/tunisie\/2021\/09\/11\/taboubi-appelle-a-la-mise-en-place-dun-gouvernement-et-a-des-elections-anticipees\/#primaryimage","url":"","contentUrl":""},{"@type":"BreadcrumbList","@id":"https:\/\/kapitalis.com\/tunisie\/2021\/09\/11\/taboubi-appelle-a-la-mise-en-place-dun-gouvernement-et-a-des-elections-anticipees\/#breadcrumb","itemListElement":[{"@type":"ListItem","position":1,"name":"Accueil","item":"https:\/\/kapitalis.com\/tunisie\/"},{"@type":"ListItem","position":2,"name":"Taboubi appelle \u00e0 la mise en place d&rsquo;un gouvernement et \u00e0 des \u00e9lections anticip\u00e9es"}]},{"@type":"WebSite","@id":"https:\/\/kapitalis.com\/tunisie\/#website","url":"https:\/\/kapitalis.com\/tunisie\/","name":"Kapitalis","description":"L&#039;actualit\u00e9 en Tunisie et dans le monde","publisher":{"@id":"https:\/\/kapitalis.com\/tunisie\/#organization"},"potentialAction":[{"@type":"SearchAction","target":{"@type":"EntryPoint","urlTemplate":"https:\/\/kapitalis.com\/tunisie\/?s={search_term_string}"},"query-input":{"@type":"PropertyValueSpecification","valueRequired":true,"valueName":"search_term_string"}}],"inLanguage":"fr-FR"},{"@type":"Organization","@id":"https:\/\/kapitalis.com\/tunisie\/#organization","name":"Kapitalis","url":"https:\/\/kapitalis.com\/tunisie\/","logo":{"@type":"ImageObject","inLanguage":"fr-FR","@id":"https:\/\/kapitalis.com\/tunisie\/#\/schema\/logo\/image\/","url":"https:\/\/kapitalis.com\/tunisie\/wp-content\/uploads\/2022\/05\/Kapitalis-big-size.png","contentUrl":"https:\/\/kapitalis.com\/tunisie\/wp-content\/uploads\/2022\/05\/Kapitalis-big-size.png","width":5000,"height":1500,"caption":"Kapitalis"},"image":{"@id":"https:\/\/kapitalis.com\/tunisie\/#\/schema\/logo\/image\/"},"sameAs":["https:\/\/www.facebook.com\/KapitalisInfo\/","https:\/\/x.com\/KapitalisInfo","https:\/\/www.youtube.com\/channel\/UC-yDYrHyfFBWWZaOw3FPg9Q"]},{"@type":"Person","@id":"https:\/\/kapitalis.com\/tunisie\/#\/schema\/person\/74bbde0154d49d790a92aaeac5bc01d5","name":"Yusra NY","url":"https:\/\/kapitalis.com\/tunisie\/author\/yuza_adam\/"}]}},"_links":{"self":[{"href":"https:\/\/kapitalis.com\/tunisie\/wp-json\/wp\/v2\/posts\/362431","targetHints":{"allow":["GET"]}}],"collection":[{"href":"https:\/\/kapitalis.com\/tunisie\/wp-json\/wp\/v2\/posts"}],"about":[{"href":"https:\/\/kapitalis.com\/tunisie\/wp-json\/wp\/v2\/types\/post"}],"author":[{"embeddable":true,"href":"https:\/\/kapitalis.com\/tunisie\/wp-json\/wp\/v2\/users\/6"}],"replies":[{"embeddable":true,"href":"https:\/\/kapitalis.com\/tunisie\/wp-json\/wp\/v2\/comments?post=362431"}],"version-history":[{"count":0,"href":"https:\/\/kapitalis.com\/tunisie\/wp-json\/wp\/v2\/posts\/362431\/revisions"}],"wp:featuredmedia":[{"embeddable":true,"href":"https:\/\/kapitalis.com\/tunisie\/wp-json\/wp\/v2\/media\/362433"}],"wp:attachment":[{"href":"https:\/\/kapitalis.com\/tunisie\/wp-json\/wp\/v2\/media?parent=362431"}],"wp:term":[{"taxonomy":"category","embeddable":true,"href":"https:\/\/kapitalis.com\/tunisie\/wp-json\/wp\/v2\/categories?post=362431"},{"taxonomy":"post_tag","embeddable":true,"href":"https:\/\/kapitalis.com\/tunisie\/wp-json\/wp\/v2\/tags?post=362431"}],"curies":[{"name":"wp","href":"https:\/\/api.w.org\/{rel}","templated":true}]}}