{"id":362458,"date":"2021-09-11T21:00:33","date_gmt":"2021-09-11T20:00:33","guid":{"rendered":"http:\/\/kapitalis.com\/tunisie\/?p=362458"},"modified":"2021-09-11T21:08:45","modified_gmt":"2021-09-11T20:08:45","slug":"oussama-khlifi-qalb-tounes-manifeste-devant-le-consulat-de-tunisie-a-paris","status":"publish","type":"post","link":"https:\/\/kapitalis.com\/tunisie\/2021\/09\/11\/oussama-khlifi-qalb-tounes-manifeste-devant-le-consulat-de-tunisie-a-paris\/","title":{"rendered":"Oussama Khlifi (Qalb Tounes) manifeste devant le consulat de Tunisie \u00e0 Paris"},"content":{"rendered":"\n<div class=\"wp-block-image\"><figure class=\"aligncenter size-large\"><img decoding=\"async\" src=\"http:\/\/kapitalis.com\/tunisie\/wp-content\/uploads\/2021\/09\/Oussama-Khlidi-Paris.jpg\" alt=\"\" class=\"wp-image-362460\"\/><\/figure><\/div>\n\n\n\n<p><strong><em>Oussama Khlifi, d\u00e9put\u00e9 (gel\u00e9) Qalb Tounes a pris part \u00e0 une manifestation organis\u00e9e ce samedi 11 septembre 2021 devant le consulat de Tunisie \u00e0 Pantin (Paris, en France), en soutien \u00e0 son coll\u00e8gue Yassine Ayari, incarc\u00e9r\u00e9 depuis le 30 juillet, en ex\u00e9cution d\u2019un jugement d\u00e9finitif de justice, \u00e9mis par la Cour d\u2019appel militaire, le 6 d\u00e9cembre 2018.<\/em><\/strong><\/p>\n\n\n\n<!--more-->\n\n\n\n<p>Le chef du bloc parlementaire de Qalb Tounes a profit\u00e9 de l&rsquo;occasion pour r\u00e9affirmer son opposition aux mesures exceptionnelles d\u00e9cid\u00e9es le 25 juillet par le pr\u00e9sident de la r\u00e9publique, estimant que celles-ci repr\u00e9sentent un tournant dangereux pour la Tunisie et qu&rsquo;elles menacent le processus d\u00e9mocratique, dit-il.<\/p>\n\n\n\n<p><em>\u00abJe suis ici pour d\u00e9noncer les abus, notamment les jugements des civils par le tribunal militaire. Il faut \u00eatre courageux et je salue le courage des Tunisiens qui se sont rassembl\u00e9s aujourd&rsquo;hui pour d\u00e9noncer l&rsquo;injustice que subi mon fr\u00e8re et mon coll\u00e8gue Yassine Ayari\u00bb<\/em>, a-t-il ajout\u00e9, en affirmant que les Tunisiens libres s&rsquo;opposeront \u00e0 cette d\u00e9marche de dictature : <em>\u00abCe n&rsquo;est pas la nouvelle Tunisie comme certains disent mais une Tunisie qui recule. Nous sommes avec les revendications du peuple mais contre le d\u00e9tournement de celles-ci\u00bb<\/em>.<\/p>\n\n\n\n<p>Rappelons que Khlifi se trouve en France depuis le 15 juillet dernier et il a r\u00e9cemment annonc\u00e9 qu&rsquo;il rentrera en Tunisie uniquement apr\u00e8s la lev\u00e9e des mesures d&rsquo;interdiction de voyage \u00e9mise contre des d\u00e9put\u00e9s, qu&rsquo;il estime arbitraires et portant atteinte aux droits et aux libert\u00e9s. Il affirme aussi avoir fait l&rsquo;objet de menaces qu&rsquo;il attribue aux partisans de Sa\u00efed, et a annonc\u00e9 avant-hier, qu&rsquo;il compte saisir la justice \u00e0 ce propos.<\/p>\n\n\n\n<p>Oussama Khlifi a par ailleurs \u00e9t\u00e9 vivement critiqu\u00e9 pour sa participation au congr\u00e8s de l&rsquo;Union interparlementaire \u00e0 Vienne, \u00e0 la demande de Rached Ghannouchi pr\u00e9sident de l&rsquo;Assembl\u00e9e gel\u00e9e et chef du parti islamiste Ennahdha, d&rsquo;autant qu&rsquo;il a appel\u00e9 l&rsquo;organisation mondiale \u00e0 intervenir&#8230;.suite \u00e0 quoi, trois d\u00e9put\u00e9s de Qalb Tounes ont annonc\u00e9 leur d\u00e9mission du parti fond\u00e9 par Nabil <a href=\"http:\/\/kapitalis.com\/tunisie\/2021\/09\/04\/la-justice-algerienne-decide-de-placer-les-freres-karoui-en-prison\/\" target=\"_blank\" rel=\"noreferrer noopener\">Karoui<\/a> (qui se trouve actuellement en prison avec son fr\u00e8re le d\u00e9put\u00e9 gel\u00e9 Ghazi Karoui, en Alg\u00e9rie, o\u00f9 ils sont  entr\u00e9s ill\u00e9galement apr\u00e8s avoir fui la Tunisie).<\/p>\n\n\n\n<p>Notons que Mohamed Hnid, ancien conseiller de l&rsquo;ancien pr\u00e9sident provisoire Moncef Marzouki a \u00e9galement pris \u00e0 cette manifestation organis\u00e9 \u00e0 Paris et qui a rassembl\u00e9 quelques Tunisiens, qui s&rsquo;opposent aussi aux mesures du 25 juillet. Hnid a d\u00e9nonc\u00e9 l&rsquo;incarc\u00e9ration de Yassine Ayari, en appelant \u00e0 sa lib\u00e9ration et a qualifi\u00e9 la situation en Tunisie d&rsquo;alarmante.<\/p>\n\n\n\n<p><em>\u00abCela nous rappelle la dictature de Ben Ali et \u00e7a sera m\u00eame pire&#8230; au point que l&rsquo;on regrettera Ben Ali\u00bb<\/em>, a-t-il dit en affirmant que Sa\u00efed <em>\u00abse croit au dessus de tout et de tous\u00bb <\/em>et en indiquant que les premiers qui paieront le prix seront \u00ab<em>les partis Echaab et Attayar qui ont applaudi le coup d\u2019\u00c9tat\u00bb<\/em>.<\/p>\n\n\n\n<p>Et d&rsquo;ajouter : \u00ab<em>Nous sommes ici pour d\u00e9noncer l&rsquo;arrestation de Ayari, mais surtout pour sauver la Tunisie du coup d\u2019\u00c9tat. Le slogan \u00ab\u00a0Le peuple veut\u00a0\u00bb, est un slogan fasciste et nazi et la Tunisie vit un 3e coup d\u2019\u00c9tat . Elle est  donc en danger et cela s&rsquo;apparente \u00e0  une haute trahison, dont la peine encourue est inscrite dans la constitution\u00bb.<\/em>..<\/p>\n\n\n\n<p class=\"has-text-align-right\"><strong>Y. N.<\/strong><\/p>\n\n\n\n<figure class=\"wp-block-embed is-type-wp-embed is-provider-kapitalis wp-block-embed-kapitalis\"><div class=\"wp-block-embed__wrapper\">\n<blockquote class=\"wp-embedded-content\" data-secret=\"6Ic5OMrbIX\"><a href=\"https:\/\/kapitalis.com\/tunisie\/2021\/09\/07\/gel-de-lassemblee-en-tunisie-depuis-vienne-khlifi-appelle-lunion-interparlementaire-a-intervenir-photos-video\/\">Gel de l&rsquo;Assembl\u00e9e en Tunisie : Depuis Vienne, Khlifi appelle l\u2019Union interparlementaire \u00e0 intervenir (Photos &#038; Vid\u00e9o)<\/a><\/blockquote><iframe loading=\"lazy\" class=\"wp-embedded-content\" sandbox=\"allow-scripts\" security=\"restricted\" style=\"position: absolute; clip: rect(1px, 1px, 1px, 1px);\" title=\"\u00ab\u00a0Gel de l&rsquo;Assembl\u00e9e en Tunisie : Depuis Vienne, Khlifi appelle l\u2019Union interparlementaire \u00e0 intervenir (Photos &#038; Vid\u00e9o)\u00a0\u00bb &#8212; Kapitalis\" src=\"https:\/\/kapitalis.com\/tunisie\/2021\/09\/07\/gel-de-lassemblee-en-tunisie-depuis-vienne-khlifi-appelle-lunion-interparlementaire-a-intervenir-photos-video\/embed\/#?secret=dyP66wcrnO#?secret=6Ic5OMrbIX\" data-secret=\"6Ic5OMrbIX\" width=\"600\" height=\"338\" frameborder=\"0\" marginwidth=\"0\" marginheight=\"0\" scrolling=\"no\"><\/iframe>\n<\/div><\/figure>\n\n\n\n<figure class=\"wp-block-embed is-type-wp-embed is-provider-kapitalis wp-block-embed-kapitalis\"><div class=\"wp-block-embed__wrapper\">\n<blockquote class=\"wp-embedded-content\" data-secret=\"e2cLKy99le\"><a href=\"https:\/\/kapitalis.com\/tunisie\/2021\/09\/10\/tunisie-nouvelle-demission-au-sein-de-qalb-tounes-la-3e-en-une-journee\/\">Tunisie : Nouvelle d\u00e9mission au sein de Qalb Tounes, la 3e en une journ\u00e9e<\/a><\/blockquote><iframe loading=\"lazy\" class=\"wp-embedded-content\" sandbox=\"allow-scripts\" security=\"restricted\" style=\"position: absolute; clip: rect(1px, 1px, 1px, 1px);\" title=\"\u00ab\u00a0Tunisie : Nouvelle d\u00e9mission au sein de Qalb Tounes, la 3e en une journ\u00e9e\u00a0\u00bb &#8212; Kapitalis\" src=\"https:\/\/kapitalis.com\/tunisie\/2021\/09\/10\/tunisie-nouvelle-demission-au-sein-de-qalb-tounes-la-3e-en-une-journee\/embed\/#?secret=JsknNFMd0N#?secret=e2cLKy99le\" data-secret=\"e2cLKy99le\" width=\"600\" height=\"338\" frameborder=\"0\" marginwidth=\"0\" marginheight=\"0\" scrolling=\"no\"><\/iframe>\n<\/div><\/figure>\n","protected":false},"excerpt":{"rendered":"<p>Oussama Khlifi, d\u00e9put\u00e9 (gel\u00e9) Qalb Tounes a pris part \u00e0 une manifestation organis\u00e9e ce samedi 11 septembre 2021 devant le consulat de Tunisie \u00e0 Pantin (Paris, en France), en soutien \u00e0 son coll\u00e8gue Yassine Ayari, incarc\u00e9r\u00e9 depuis le 30 juillet, en ex\u00e9cution d\u2019un jugement d\u00e9finitif de justice, \u00e9mis par la Cour d\u2019appel militaire, le 6&#8230;<\/p>\n","protected":false},"author":6,"featured_media":362460,"comment_status":"open","ping_status":"open","sticky":false,"template":"","format":"standard","meta":{"footnotes":""},"categories":[997,2433],"tags":[76920,395,75741,68981,1364,61989,87935,62643,80117],"class_list":["post-362458","post","type-post","status-publish","format-standard","has-post-thumbnail","hentry","category-politique","category-tunisie","tag-25-juillet","tag-france","tag-mohamed-hnid","tag-oussama-khlifi","tag-paris","tag-qalb-tounes","tag-saied-2","tag-tunisie","tag-yassine-ayarai"],"yoast_head":"<!-- This site is optimized with the Yoast SEO plugin v26.6 - https:\/\/yoast.com\/wordpress\/plugins\/seo\/ -->\n<title>Oussama Khlifi (Qalb Tounes) manifeste devant le consulat de Tunisie \u00e0 Paris - Kapitalis<\/title>\n<meta name=\"robots\" content=\"index, follow, max-snippet:-1, max-image-preview:large, max-video-preview:-1\" \/>\n<link rel=\"canonical\" href=\"https:\/\/kapitalis.com\/tunisie\/2021\/09\/11\/oussama-khlifi-qalb-tounes-manifeste-devant-le-consulat-de-tunisie-a-paris\/\" \/>\n<meta property=\"og:locale\" content=\"fr_FR\" \/>\n<meta property=\"og:type\" content=\"article\" \/>\n<meta property=\"og:title\" content=\"Oussama Khlifi (Qalb Tounes) manifeste devant le consulat de Tunisie \u00e0 Paris - Kapitalis\" \/>\n<meta property=\"og:description\" content=\"Oussama Khlifi, d\u00e9put\u00e9 (gel\u00e9) Qalb Tounes a pris part \u00e0 une manifestation organis\u00e9e ce samedi 11 septembre 2021 devant le consulat de Tunisie \u00e0 Pantin (Paris, en France), en soutien \u00e0 son coll\u00e8gue Yassine Ayari, incarc\u00e9r\u00e9 depuis le 30 juillet, en ex\u00e9cution d\u2019un jugement d\u00e9finitif de justice, \u00e9mis par la Cour d\u2019appel militaire, le 6...\" \/>\n<meta property=\"og:url\" content=\"https:\/\/kapitalis.com\/tunisie\/2021\/09\/11\/oussama-khlifi-qalb-tounes-manifeste-devant-le-consulat-de-tunisie-a-paris\/\" \/>\n<meta property=\"og:site_name\" content=\"Kapitalis\" \/>\n<meta property=\"article:publisher\" content=\"https:\/\/www.facebook.com\/KapitalisInfo\/\" \/>\n<meta property=\"article:published_time\" content=\"2021-09-11T20:00:33+00:00\" \/>\n<meta property=\"article:modified_time\" content=\"2021-09-11T20:08:45+00:00\" \/>\n<meta property=\"og:image\" content=\"https:\/\/kapitalis.com\/tunisie\/wp-content\/uploads\/2022\/05\/kapitalis-logo-fb.png\" \/>\n\t<meta property=\"og:image:width\" content=\"1200\" \/>\n\t<meta property=\"og:image:height\" content=\"630\" \/>\n\t<meta property=\"og:image:type\" content=\"image\/png\" \/>\n<meta name=\"author\" content=\"Yusra NY\" \/>\n<meta name=\"twitter:card\" content=\"summary_large_image\" \/>\n<meta name=\"twitter:creator\" content=\"@KapitalisInfo\" \/>\n<meta name=\"twitter:site\" content=\"@KapitalisInfo\" \/>\n<meta name=\"twitter:label1\" content=\"\u00c9crit par\" \/>\n\t<meta name=\"twitter:data1\" content=\"Yusra NY\" \/>\n\t<meta name=\"twitter:label2\" content=\"Dur\u00e9e de lecture estim\u00e9e\" \/>\n\t<meta name=\"twitter:data2\" content=\"3 minutes\" \/>\n<script type=\"application\/ld+json\" class=\"yoast-schema-graph\">{\"@context\":\"https:\/\/schema.org\",\"@graph\":[{\"@type\":\"Article\",\"@id\":\"https:\/\/kapitalis.com\/tunisie\/2021\/09\/11\/oussama-khlifi-qalb-tounes-manifeste-devant-le-consulat-de-tunisie-a-paris\/#article\",\"isPartOf\":{\"@id\":\"https:\/\/kapitalis.com\/tunisie\/2021\/09\/11\/oussama-khlifi-qalb-tounes-manifeste-devant-le-consulat-de-tunisie-a-paris\/\"},\"author\":{\"name\":\"Yusra NY\",\"@id\":\"https:\/\/kapitalis.com\/tunisie\/#\/schema\/person\/74bbde0154d49d790a92aaeac5bc01d5\"},\"headline\":\"Oussama Khlifi (Qalb Tounes) manifeste devant le consulat de Tunisie \u00e0 Paris\",\"datePublished\":\"2021-09-11T20:00:33+00:00\",\"dateModified\":\"2021-09-11T20:08:45+00:00\",\"mainEntityOfPage\":{\"@id\":\"https:\/\/kapitalis.com\/tunisie\/2021\/09\/11\/oussama-khlifi-qalb-tounes-manifeste-devant-le-consulat-de-tunisie-a-paris\/\"},\"wordCount\":572,\"commentCount\":18,\"publisher\":{\"@id\":\"https:\/\/kapitalis.com\/tunisie\/#organization\"},\"image\":{\"@id\":\"https:\/\/kapitalis.com\/tunisie\/2021\/09\/11\/oussama-khlifi-qalb-tounes-manifeste-devant-le-consulat-de-tunisie-a-paris\/#primaryimage\"},\"thumbnailUrl\":\"\",\"keywords\":[\"25 juillet\",\"France\",\"Mohamed Hnid\",\"Oussama Khlifi\",\"Paris\",\"Qalb Tounes\",\"Sa\u00efed\",\"Tunisie\",\"yassine ayarai\"],\"articleSection\":[\"POLITIQUE\",\"Tunisie\"],\"inLanguage\":\"fr-FR\",\"potentialAction\":[{\"@type\":\"CommentAction\",\"name\":\"Comment\",\"target\":[\"https:\/\/kapitalis.com\/tunisie\/2021\/09\/11\/oussama-khlifi-qalb-tounes-manifeste-devant-le-consulat-de-tunisie-a-paris\/#respond\"]}]},{\"@type\":\"WebPage\",\"@id\":\"https:\/\/kapitalis.com\/tunisie\/2021\/09\/11\/oussama-khlifi-qalb-tounes-manifeste-devant-le-consulat-de-tunisie-a-paris\/\",\"url\":\"https:\/\/kapitalis.com\/tunisie\/2021\/09\/11\/oussama-khlifi-qalb-tounes-manifeste-devant-le-consulat-de-tunisie-a-paris\/\",\"name\":\"Oussama Khlifi (Qalb Tounes) manifeste devant le consulat de Tunisie \u00e0 Paris - Kapitalis\",\"isPartOf\":{\"@id\":\"https:\/\/kapitalis.com\/tunisie\/#website\"},\"primaryImageOfPage\":{\"@id\":\"https:\/\/kapitalis.com\/tunisie\/2021\/09\/11\/oussama-khlifi-qalb-tounes-manifeste-devant-le-consulat-de-tunisie-a-paris\/#primaryimage\"},\"image\":{\"@id\":\"https:\/\/kapitalis.com\/tunisie\/2021\/09\/11\/oussama-khlifi-qalb-tounes-manifeste-devant-le-consulat-de-tunisie-a-paris\/#primaryimage\"},\"thumbnailUrl\":\"\",\"datePublished\":\"2021-09-11T20:00:33+00:00\",\"dateModified\":\"2021-09-11T20:08:45+00:00\",\"breadcrumb\":{\"@id\":\"https:\/\/kapitalis.com\/tunisie\/2021\/09\/11\/oussama-khlifi-qalb-tounes-manifeste-devant-le-consulat-de-tunisie-a-paris\/#breadcrumb\"},\"inLanguage\":\"fr-FR\",\"potentialAction\":[{\"@type\":\"ReadAction\",\"target\":[\"https:\/\/kapitalis.com\/tunisie\/2021\/09\/11\/oussama-khlifi-qalb-tounes-manifeste-devant-le-consulat-de-tunisie-a-paris\/\"]}]},{\"@type\":\"ImageObject\",\"inLanguage\":\"fr-FR\",\"@id\":\"https:\/\/kapitalis.com\/tunisie\/2021\/09\/11\/oussama-khlifi-qalb-tounes-manifeste-devant-le-consulat-de-tunisie-a-paris\/#primaryimage\",\"url\":\"\",\"contentUrl\":\"\"},{\"@type\":\"BreadcrumbList\",\"@id\":\"https:\/\/kapitalis.com\/tunisie\/2021\/09\/11\/oussama-khlifi-qalb-tounes-manifeste-devant-le-consulat-de-tunisie-a-paris\/#breadcrumb\",\"itemListElement\":[{\"@type\":\"ListItem\",\"position\":1,\"name\":\"Accueil\",\"item\":\"https:\/\/kapitalis.com\/tunisie\/\"},{\"@type\":\"ListItem\",\"position\":2,\"name\":\"Oussama Khlifi (Qalb Tounes) manifeste devant le consulat de Tunisie \u00e0 Paris\"}]},{\"@type\":\"WebSite\",\"@id\":\"https:\/\/kapitalis.com\/tunisie\/#website\",\"url\":\"https:\/\/kapitalis.com\/tunisie\/\",\"name\":\"Kapitalis\",\"description\":\"L&#039;actualit\u00e9 en Tunisie et dans le monde\",\"publisher\":{\"@id\":\"https:\/\/kapitalis.com\/tunisie\/#organization\"},\"potentialAction\":[{\"@type\":\"SearchAction\",\"target\":{\"@type\":\"EntryPoint\",\"urlTemplate\":\"https:\/\/kapitalis.com\/tunisie\/?s={search_term_string}\"},\"query-input\":{\"@type\":\"PropertyValueSpecification\",\"valueRequired\":true,\"valueName\":\"search_term_string\"}}],\"inLanguage\":\"fr-FR\"},{\"@type\":\"Organization\",\"@id\":\"https:\/\/kapitalis.com\/tunisie\/#organization\",\"name\":\"Kapitalis\",\"url\":\"https:\/\/kapitalis.com\/tunisie\/\",\"logo\":{\"@type\":\"ImageObject\",\"inLanguage\":\"fr-FR\",\"@id\":\"https:\/\/kapitalis.com\/tunisie\/#\/schema\/logo\/image\/\",\"url\":\"https:\/\/kapitalis.com\/tunisie\/wp-content\/uploads\/2022\/05\/Kapitalis-big-size.png\",\"contentUrl\":\"https:\/\/kapitalis.com\/tunisie\/wp-content\/uploads\/2022\/05\/Kapitalis-big-size.png\",\"width\":5000,\"height\":1500,\"caption\":\"Kapitalis\"},\"image\":{\"@id\":\"https:\/\/kapitalis.com\/tunisie\/#\/schema\/logo\/image\/\"},\"sameAs\":[\"https:\/\/www.facebook.com\/KapitalisInfo\/\",\"https:\/\/x.com\/KapitalisInfo\",\"https:\/\/www.youtube.com\/channel\/UC-yDYrHyfFBWWZaOw3FPg9Q\"]},{\"@type\":\"Person\",\"@id\":\"https:\/\/kapitalis.com\/tunisie\/#\/schema\/person\/74bbde0154d49d790a92aaeac5bc01d5\",\"name\":\"Yusra NY\",\"url\":\"https:\/\/kapitalis.com\/tunisie\/author\/yuza_adam\/\"}]}<\/script>\n<!-- \/ Yoast SEO plugin. -->","yoast_head_json":{"title":"Oussama Khlifi (Qalb Tounes) manifeste devant le consulat de Tunisie \u00e0 Paris - Kapitalis","robots":{"index":"index","follow":"follow","max-snippet":"max-snippet:-1","max-image-preview":"max-image-preview:large","max-video-preview":"max-video-preview:-1"},"canonical":"https:\/\/kapitalis.com\/tunisie\/2021\/09\/11\/oussama-khlifi-qalb-tounes-manifeste-devant-le-consulat-de-tunisie-a-paris\/","og_locale":"fr_FR","og_type":"article","og_title":"Oussama Khlifi (Qalb Tounes) manifeste devant le consulat de Tunisie \u00e0 Paris - Kapitalis","og_description":"Oussama Khlifi, d\u00e9put\u00e9 (gel\u00e9) Qalb Tounes a pris part \u00e0 une manifestation organis\u00e9e ce samedi 11 septembre 2021 devant le consulat de Tunisie \u00e0 Pantin (Paris, en France), en soutien \u00e0 son coll\u00e8gue Yassine Ayari, incarc\u00e9r\u00e9 depuis le 30 juillet, en ex\u00e9cution d\u2019un jugement d\u00e9finitif de justice, \u00e9mis par la Cour d\u2019appel militaire, le 6...","og_url":"https:\/\/kapitalis.com\/tunisie\/2021\/09\/11\/oussama-khlifi-qalb-tounes-manifeste-devant-le-consulat-de-tunisie-a-paris\/","og_site_name":"Kapitalis","article_publisher":"https:\/\/www.facebook.com\/KapitalisInfo\/","article_published_time":"2021-09-11T20:00:33+00:00","article_modified_time":"2021-09-11T20:08:45+00:00","og_image":[{"width":1200,"height":630,"url":"https:\/\/kapitalis.com\/tunisie\/wp-content\/uploads\/2022\/05\/kapitalis-logo-fb.png","type":"image\/png"}],"author":"Yusra NY","twitter_card":"summary_large_image","twitter_creator":"@KapitalisInfo","twitter_site":"@KapitalisInfo","twitter_misc":{"\u00c9crit par":"Yusra NY","Dur\u00e9e de lecture estim\u00e9e":"3 minutes"},"schema":{"@context":"https:\/\/schema.org","@graph":[{"@type":"Article","@id":"https:\/\/kapitalis.com\/tunisie\/2021\/09\/11\/oussama-khlifi-qalb-tounes-manifeste-devant-le-consulat-de-tunisie-a-paris\/#article","isPartOf":{"@id":"https:\/\/kapitalis.com\/tunisie\/2021\/09\/11\/oussama-khlifi-qalb-tounes-manifeste-devant-le-consulat-de-tunisie-a-paris\/"},"author":{"name":"Yusra NY","@id":"https:\/\/kapitalis.com\/tunisie\/#\/schema\/person\/74bbde0154d49d790a92aaeac5bc01d5"},"headline":"Oussama Khlifi (Qalb Tounes) manifeste devant le consulat de Tunisie \u00e0 Paris","datePublished":"2021-09-11T20:00:33+00:00","dateModified":"2021-09-11T20:08:45+00:00","mainEntityOfPage":{"@id":"https:\/\/kapitalis.com\/tunisie\/2021\/09\/11\/oussama-khlifi-qalb-tounes-manifeste-devant-le-consulat-de-tunisie-a-paris\/"},"wordCount":572,"commentCount":18,"publisher":{"@id":"https:\/\/kapitalis.com\/tunisie\/#organization"},"image":{"@id":"https:\/\/kapitalis.com\/tunisie\/2021\/09\/11\/oussama-khlifi-qalb-tounes-manifeste-devant-le-consulat-de-tunisie-a-paris\/#primaryimage"},"thumbnailUrl":"","keywords":["25 juillet","France","Mohamed Hnid","Oussama Khlifi","Paris","Qalb Tounes","Sa\u00efed","Tunisie","yassine ayarai"],"articleSection":["POLITIQUE","Tunisie"],"inLanguage":"fr-FR","potentialAction":[{"@type":"CommentAction","name":"Comment","target":["https:\/\/kapitalis.com\/tunisie\/2021\/09\/11\/oussama-khlifi-qalb-tounes-manifeste-devant-le-consulat-de-tunisie-a-paris\/#respond"]}]},{"@type":"WebPage","@id":"https:\/\/kapitalis.com\/tunisie\/2021\/09\/11\/oussama-khlifi-qalb-tounes-manifeste-devant-le-consulat-de-tunisie-a-paris\/","url":"https:\/\/kapitalis.com\/tunisie\/2021\/09\/11\/oussama-khlifi-qalb-tounes-manifeste-devant-le-consulat-de-tunisie-a-paris\/","name":"Oussama Khlifi (Qalb Tounes) manifeste devant le consulat de Tunisie \u00e0 Paris - Kapitalis","isPartOf":{"@id":"https:\/\/kapitalis.com\/tunisie\/#website"},"primaryImageOfPage":{"@id":"https:\/\/kapitalis.com\/tunisie\/2021\/09\/11\/oussama-khlifi-qalb-tounes-manifeste-devant-le-consulat-de-tunisie-a-paris\/#primaryimage"},"image":{"@id":"https:\/\/kapitalis.com\/tunisie\/2021\/09\/11\/oussama-khlifi-qalb-tounes-manifeste-devant-le-consulat-de-tunisie-a-paris\/#primaryimage"},"thumbnailUrl":"","datePublished":"2021-09-11T20:00:33+00:00","dateModified":"2021-09-11T20:08:45+00:00","breadcrumb":{"@id":"https:\/\/kapitalis.com\/tunisie\/2021\/09\/11\/oussama-khlifi-qalb-tounes-manifeste-devant-le-consulat-de-tunisie-a-paris\/#breadcrumb"},"inLanguage":"fr-FR","potentialAction":[{"@type":"ReadAction","target":["https:\/\/kapitalis.com\/tunisie\/2021\/09\/11\/oussama-khlifi-qalb-tounes-manifeste-devant-le-consulat-de-tunisie-a-paris\/"]}]},{"@type":"ImageObject","inLanguage":"fr-FR","@id":"https:\/\/kapitalis.com\/tunisie\/2021\/09\/11\/oussama-khlifi-qalb-tounes-manifeste-devant-le-consulat-de-tunisie-a-paris\/#primaryimage","url":"","contentUrl":""},{"@type":"BreadcrumbList","@id":"https:\/\/kapitalis.com\/tunisie\/2021\/09\/11\/oussama-khlifi-qalb-tounes-manifeste-devant-le-consulat-de-tunisie-a-paris\/#breadcrumb","itemListElement":[{"@type":"ListItem","position":1,"name":"Accueil","item":"https:\/\/kapitalis.com\/tunisie\/"},{"@type":"ListItem","position":2,"name":"Oussama Khlifi (Qalb Tounes) manifeste devant le consulat de Tunisie \u00e0 Paris"}]},{"@type":"WebSite","@id":"https:\/\/kapitalis.com\/tunisie\/#website","url":"https:\/\/kapitalis.com\/tunisie\/","name":"Kapitalis","description":"L&#039;actualit\u00e9 en Tunisie et dans le monde","publisher":{"@id":"https:\/\/kapitalis.com\/tunisie\/#organization"},"potentialAction":[{"@type":"SearchAction","target":{"@type":"EntryPoint","urlTemplate":"https:\/\/kapitalis.com\/tunisie\/?s={search_term_string}"},"query-input":{"@type":"PropertyValueSpecification","valueRequired":true,"valueName":"search_term_string"}}],"inLanguage":"fr-FR"},{"@type":"Organization","@id":"https:\/\/kapitalis.com\/tunisie\/#organization","name":"Kapitalis","url":"https:\/\/kapitalis.com\/tunisie\/","logo":{"@type":"ImageObject","inLanguage":"fr-FR","@id":"https:\/\/kapitalis.com\/tunisie\/#\/schema\/logo\/image\/","url":"https:\/\/kapitalis.com\/tunisie\/wp-content\/uploads\/2022\/05\/Kapitalis-big-size.png","contentUrl":"https:\/\/kapitalis.com\/tunisie\/wp-content\/uploads\/2022\/05\/Kapitalis-big-size.png","width":5000,"height":1500,"caption":"Kapitalis"},"image":{"@id":"https:\/\/kapitalis.com\/tunisie\/#\/schema\/logo\/image\/"},"sameAs":["https:\/\/www.facebook.com\/KapitalisInfo\/","https:\/\/x.com\/KapitalisInfo","https:\/\/www.youtube.com\/channel\/UC-yDYrHyfFBWWZaOw3FPg9Q"]},{"@type":"Person","@id":"https:\/\/kapitalis.com\/tunisie\/#\/schema\/person\/74bbde0154d49d790a92aaeac5bc01d5","name":"Yusra NY","url":"https:\/\/kapitalis.com\/tunisie\/author\/yuza_adam\/"}]}},"_links":{"self":[{"href":"https:\/\/kapitalis.com\/tunisie\/wp-json\/wp\/v2\/posts\/362458","targetHints":{"allow":["GET"]}}],"collection":[{"href":"https:\/\/kapitalis.com\/tunisie\/wp-json\/wp\/v2\/posts"}],"about":[{"href":"https:\/\/kapitalis.com\/tunisie\/wp-json\/wp\/v2\/types\/post"}],"author":[{"embeddable":true,"href":"https:\/\/kapitalis.com\/tunisie\/wp-json\/wp\/v2\/users\/6"}],"replies":[{"embeddable":true,"href":"https:\/\/kapitalis.com\/tunisie\/wp-json\/wp\/v2\/comments?post=362458"}],"version-history":[{"count":0,"href":"https:\/\/kapitalis.com\/tunisie\/wp-json\/wp\/v2\/posts\/362458\/revisions"}],"wp:featuredmedia":[{"embeddable":true,"href":"https:\/\/kapitalis.com\/tunisie\/wp-json\/wp\/v2\/media\/362460"}],"wp:attachment":[{"href":"https:\/\/kapitalis.com\/tunisie\/wp-json\/wp\/v2\/media?parent=362458"}],"wp:term":[{"taxonomy":"category","embeddable":true,"href":"https:\/\/kapitalis.com\/tunisie\/wp-json\/wp\/v2\/categories?post=362458"},{"taxonomy":"post_tag","embeddable":true,"href":"https:\/\/kapitalis.com\/tunisie\/wp-json\/wp\/v2\/tags?post=362458"}],"curies":[{"name":"wp","href":"https:\/\/api.w.org\/{rel}","templated":true}]}}