{"id":362478,"date":"2021-09-12T10:03:26","date_gmt":"2021-09-12T09:03:26","guid":{"rendered":"http:\/\/kapitalis.com\/tunisie\/?p=362478"},"modified":"2021-09-12T17:29:06","modified_gmt":"2021-09-12T16:29:06","slug":"tunisie-mohamed-bergaoui-publie-prochainement-un-nouveau-livre-dediee-a-la-ville-de-monastir","status":"publish","type":"post","link":"https:\/\/kapitalis.com\/tunisie\/2021\/09\/12\/tunisie-mohamed-bergaoui-publie-prochainement-un-nouveau-livre-dediee-a-la-ville-de-monastir\/","title":{"rendered":"Tunisie : Mohamed Bergaoui publie prochainement un nouveau livre d\u00e9di\u00e9 \u00e0 la ville de Monastir"},"content":{"rendered":"\n<div class=\"wp-block-image\"><figure class=\"aligncenter size-large\"><img decoding=\"async\" src=\"http:\/\/kapitalis.com\/tunisie\/wp-content\/uploads\/2021\/09\/Untitled-13.jpg\" alt=\"\" class=\"wp-image-362484\"\/><\/figure><\/div>\n\n\n\n<p><strong><em>L\u2019\u00e9crivain et journaliste Mohamed Bergaoui publiera prochainement son livre illustr\u00e9 \u00ab&nbsp;Monastir&nbsp;\u00bb o\u00f9 il revient sur l\u2019Histoire et les grands \u00e9v\u00e9nements ayant marqu\u00e9 la ville depuis l\u2019\u00e9poque n\u00e9olithique.<\/em><\/strong><\/p>\n\n\n\n<!--more-->\n\n\n\n<p>Documentaliste de formation et journaliste de profession avec \u00e0 son actif une carri\u00e8re d\u2019une trentaine d\u2019ann\u00e9es dans le monde du journalisme avec diff\u00e9rents m\u00e9dias, Mohamed Bergaoui est \u00e9galement connu pour avoir \u00e9crit plusieurs livres essentiellement sur sa ville natale Monastir.<\/p>\n\n\n\n<p>Auteur entre-autres de \u00ab<em>&nbsp;Monastir ayam zaman<\/em>&nbsp;\u00bb ou encore \u00ab<em>&nbsp;Monastir les cent ans de l\u2019h\u00f4pital Fatouma Bourguiba<\/em>&nbsp;\u00bb, Mohamed Bergaoui a annonc\u00e9 qu\u2019il publierait prochainement un nouveau livre historique et illustr\u00e9 sur la ville de Monastir sur lequel il a pu collabor\u00e9 avec des historiens, des artistes peintres et des collectionneurs de photos anciennes.<\/p>\n\n\n\n<p>Cet ouvrage de 284 pages pr\u00e9fac\u00e9 par Hakim Ben Hamouda est pr\u00e9vu de para\u00eetre le mois prochain aux \u00e9ditions Berg. Mohamed Bergaoui y propose une lecture historique de la ville de Monastir \u00e0 la fois \u00ab&nbsp;<em>pr\u00e9cise et exhaustive<\/em>&nbsp;\u00bb, comme il l\u2019indique. Le livre revient \u00e9galement sur les \u00e9v\u00e9nements marquants de l\u2019histoire de la ville depuis l\u2019\u00e8re n\u00e9olithique jusqu\u2019\u00e0 la r\u00e9volution du 14 janvier 2011.<\/p>\n\n\n\n<p class=\"has-text-align-right\"><strong>Fawz Benali<\/strong><\/p>\n","protected":false},"excerpt":{"rendered":"<p>L\u2019\u00e9crivain et journaliste Mohamed Bergaoui publiera prochainement son livre illustr\u00e9 \u00ab&nbsp;Monastir&nbsp;\u00bb o\u00f9 il revient sur l\u2019Histoire et les grands \u00e9v\u00e9nements ayant marqu\u00e9 la ville depuis l\u2019\u00e9poque n\u00e9olithique.<\/p>\n","protected":false},"author":26,"featured_media":362484,"comment_status":"open","ping_status":"open","sticky":false,"template":"","format":"standard","meta":{"footnotes":""},"categories":[994,2433],"tags":[92321,93295,93294,633,62643],"class_list":["post-362478","post","type-post","status-publish","format-standard","has-post-thumbnail","hentry","category-culture","category-tunisie","tag-histoire-de-la-tunisie","tag-livre-historique","tag-mohamed-bergaoui","tag-monastir","tag-tunisie"],"yoast_head":"<!-- This site is optimized with the Yoast SEO plugin v26.6 - https:\/\/yoast.com\/wordpress\/plugins\/seo\/ -->\n<title>Tunisie : Mohamed Bergaoui publie prochainement un nouveau livre d\u00e9di\u00e9 \u00e0 la ville de Monastir - Kapitalis<\/title>\n<meta name=\"robots\" content=\"index, follow, max-snippet:-1, max-image-preview:large, max-video-preview:-1\" \/>\n<link rel=\"canonical\" href=\"https:\/\/kapitalis.com\/tunisie\/2021\/09\/12\/tunisie-mohamed-bergaoui-publie-prochainement-un-nouveau-livre-dediee-a-la-ville-de-monastir\/\" \/>\n<meta property=\"og:locale\" content=\"fr_FR\" \/>\n<meta property=\"og:type\" content=\"article\" \/>\n<meta property=\"og:title\" content=\"Tunisie : Mohamed Bergaoui publie prochainement un nouveau livre d\u00e9di\u00e9 \u00e0 la ville de Monastir - Kapitalis\" \/>\n<meta property=\"og:description\" content=\"L\u2019\u00e9crivain et journaliste Mohamed Bergaoui publiera prochainement son livre illustr\u00e9 \u00ab&nbsp;Monastir&nbsp;\u00bb o\u00f9 il revient sur l\u2019Histoire et les grands \u00e9v\u00e9nements ayant marqu\u00e9 la ville depuis l\u2019\u00e9poque n\u00e9olithique.\" \/>\n<meta property=\"og:url\" content=\"https:\/\/kapitalis.com\/tunisie\/2021\/09\/12\/tunisie-mohamed-bergaoui-publie-prochainement-un-nouveau-livre-dediee-a-la-ville-de-monastir\/\" \/>\n<meta property=\"og:site_name\" content=\"Kapitalis\" \/>\n<meta property=\"article:publisher\" content=\"https:\/\/www.facebook.com\/KapitalisInfo\/\" \/>\n<meta property=\"article:published_time\" content=\"2021-09-12T09:03:26+00:00\" \/>\n<meta property=\"article:modified_time\" content=\"2021-09-12T16:29:06+00:00\" \/>\n<meta property=\"og:image\" content=\"https:\/\/kapitalis.com\/tunisie\/wp-content\/uploads\/2022\/05\/kapitalis-logo-fb.png\" \/>\n\t<meta property=\"og:image:width\" content=\"1200\" \/>\n\t<meta property=\"og:image:height\" content=\"630\" \/>\n\t<meta property=\"og:image:type\" content=\"image\/png\" \/>\n<meta name=\"author\" content=\"Fawz BenAli\" \/>\n<meta name=\"twitter:card\" content=\"summary_large_image\" \/>\n<meta name=\"twitter:creator\" content=\"@KapitalisInfo\" \/>\n<meta name=\"twitter:site\" content=\"@KapitalisInfo\" \/>\n<meta name=\"twitter:label1\" content=\"\u00c9crit par\" \/>\n\t<meta name=\"twitter:data1\" content=\"Fawz BenAli\" \/>\n\t<meta name=\"twitter:label2\" content=\"Dur\u00e9e de lecture estim\u00e9e\" \/>\n\t<meta name=\"twitter:data2\" content=\"1 minute\" \/>\n<script type=\"application\/ld+json\" class=\"yoast-schema-graph\">{\"@context\":\"https:\/\/schema.org\",\"@graph\":[{\"@type\":\"Article\",\"@id\":\"https:\/\/kapitalis.com\/tunisie\/2021\/09\/12\/tunisie-mohamed-bergaoui-publie-prochainement-un-nouveau-livre-dediee-a-la-ville-de-monastir\/#article\",\"isPartOf\":{\"@id\":\"https:\/\/kapitalis.com\/tunisie\/2021\/09\/12\/tunisie-mohamed-bergaoui-publie-prochainement-un-nouveau-livre-dediee-a-la-ville-de-monastir\/\"},\"author\":{\"name\":\"Fawz BenAli\",\"@id\":\"https:\/\/kapitalis.com\/tunisie\/#\/schema\/person\/73a5ecc1f6ae540c6ed91342eadca948\"},\"headline\":\"Tunisie : Mohamed Bergaoui publie prochainement un nouveau livre d\u00e9di\u00e9 \u00e0 la ville de Monastir\",\"datePublished\":\"2021-09-12T09:03:26+00:00\",\"dateModified\":\"2021-09-12T16:29:06+00:00\",\"mainEntityOfPage\":{\"@id\":\"https:\/\/kapitalis.com\/tunisie\/2021\/09\/12\/tunisie-mohamed-bergaoui-publie-prochainement-un-nouveau-livre-dediee-a-la-ville-de-monastir\/\"},\"wordCount\":226,\"commentCount\":0,\"publisher\":{\"@id\":\"https:\/\/kapitalis.com\/tunisie\/#organization\"},\"image\":{\"@id\":\"https:\/\/kapitalis.com\/tunisie\/2021\/09\/12\/tunisie-mohamed-bergaoui-publie-prochainement-un-nouveau-livre-dediee-a-la-ville-de-monastir\/#primaryimage\"},\"thumbnailUrl\":\"\",\"keywords\":[\"Histoire de la Tunisie\",\"livre historique\",\"Mohamed Bergaoui\",\"Monastir\",\"Tunisie\"],\"articleSection\":[\"CULTURE\",\"Tunisie\"],\"inLanguage\":\"fr-FR\",\"potentialAction\":[{\"@type\":\"CommentAction\",\"name\":\"Comment\",\"target\":[\"https:\/\/kapitalis.com\/tunisie\/2021\/09\/12\/tunisie-mohamed-bergaoui-publie-prochainement-un-nouveau-livre-dediee-a-la-ville-de-monastir\/#respond\"]}]},{\"@type\":\"WebPage\",\"@id\":\"https:\/\/kapitalis.com\/tunisie\/2021\/09\/12\/tunisie-mohamed-bergaoui-publie-prochainement-un-nouveau-livre-dediee-a-la-ville-de-monastir\/\",\"url\":\"https:\/\/kapitalis.com\/tunisie\/2021\/09\/12\/tunisie-mohamed-bergaoui-publie-prochainement-un-nouveau-livre-dediee-a-la-ville-de-monastir\/\",\"name\":\"Tunisie : Mohamed Bergaoui publie prochainement un nouveau livre d\u00e9di\u00e9 \u00e0 la ville de Monastir - Kapitalis\",\"isPartOf\":{\"@id\":\"https:\/\/kapitalis.com\/tunisie\/#website\"},\"primaryImageOfPage\":{\"@id\":\"https:\/\/kapitalis.com\/tunisie\/2021\/09\/12\/tunisie-mohamed-bergaoui-publie-prochainement-un-nouveau-livre-dediee-a-la-ville-de-monastir\/#primaryimage\"},\"image\":{\"@id\":\"https:\/\/kapitalis.com\/tunisie\/2021\/09\/12\/tunisie-mohamed-bergaoui-publie-prochainement-un-nouveau-livre-dediee-a-la-ville-de-monastir\/#primaryimage\"},\"thumbnailUrl\":\"\",\"datePublished\":\"2021-09-12T09:03:26+00:00\",\"dateModified\":\"2021-09-12T16:29:06+00:00\",\"breadcrumb\":{\"@id\":\"https:\/\/kapitalis.com\/tunisie\/2021\/09\/12\/tunisie-mohamed-bergaoui-publie-prochainement-un-nouveau-livre-dediee-a-la-ville-de-monastir\/#breadcrumb\"},\"inLanguage\":\"fr-FR\",\"potentialAction\":[{\"@type\":\"ReadAction\",\"target\":[\"https:\/\/kapitalis.com\/tunisie\/2021\/09\/12\/tunisie-mohamed-bergaoui-publie-prochainement-un-nouveau-livre-dediee-a-la-ville-de-monastir\/\"]}]},{\"@type\":\"ImageObject\",\"inLanguage\":\"fr-FR\",\"@id\":\"https:\/\/kapitalis.com\/tunisie\/2021\/09\/12\/tunisie-mohamed-bergaoui-publie-prochainement-un-nouveau-livre-dediee-a-la-ville-de-monastir\/#primaryimage\",\"url\":\"\",\"contentUrl\":\"\"},{\"@type\":\"BreadcrumbList\",\"@id\":\"https:\/\/kapitalis.com\/tunisie\/2021\/09\/12\/tunisie-mohamed-bergaoui-publie-prochainement-un-nouveau-livre-dediee-a-la-ville-de-monastir\/#breadcrumb\",\"itemListElement\":[{\"@type\":\"ListItem\",\"position\":1,\"name\":\"Accueil\",\"item\":\"https:\/\/kapitalis.com\/tunisie\/\"},{\"@type\":\"ListItem\",\"position\":2,\"name\":\"Tunisie : Mohamed Bergaoui publie prochainement un nouveau livre d\u00e9di\u00e9 \u00e0 la ville de Monastir\"}]},{\"@type\":\"WebSite\",\"@id\":\"https:\/\/kapitalis.com\/tunisie\/#website\",\"url\":\"https:\/\/kapitalis.com\/tunisie\/\",\"name\":\"Kapitalis\",\"description\":\"L&#039;actualit\u00e9 en Tunisie et dans le monde\",\"publisher\":{\"@id\":\"https:\/\/kapitalis.com\/tunisie\/#organization\"},\"potentialAction\":[{\"@type\":\"SearchAction\",\"target\":{\"@type\":\"EntryPoint\",\"urlTemplate\":\"https:\/\/kapitalis.com\/tunisie\/?s={search_term_string}\"},\"query-input\":{\"@type\":\"PropertyValueSpecification\",\"valueRequired\":true,\"valueName\":\"search_term_string\"}}],\"inLanguage\":\"fr-FR\"},{\"@type\":\"Organization\",\"@id\":\"https:\/\/kapitalis.com\/tunisie\/#organization\",\"name\":\"Kapitalis\",\"url\":\"https:\/\/kapitalis.com\/tunisie\/\",\"logo\":{\"@type\":\"ImageObject\",\"inLanguage\":\"fr-FR\",\"@id\":\"https:\/\/kapitalis.com\/tunisie\/#\/schema\/logo\/image\/\",\"url\":\"https:\/\/kapitalis.com\/tunisie\/wp-content\/uploads\/2022\/05\/Kapitalis-big-size.png\",\"contentUrl\":\"https:\/\/kapitalis.com\/tunisie\/wp-content\/uploads\/2022\/05\/Kapitalis-big-size.png\",\"width\":5000,\"height\":1500,\"caption\":\"Kapitalis\"},\"image\":{\"@id\":\"https:\/\/kapitalis.com\/tunisie\/#\/schema\/logo\/image\/\"},\"sameAs\":[\"https:\/\/www.facebook.com\/KapitalisInfo\/\",\"https:\/\/x.com\/KapitalisInfo\",\"https:\/\/www.youtube.com\/channel\/UC-yDYrHyfFBWWZaOw3FPg9Q\"]},{\"@type\":\"Person\",\"@id\":\"https:\/\/kapitalis.com\/tunisie\/#\/schema\/person\/73a5ecc1f6ae540c6ed91342eadca948\",\"name\":\"Fawz BenAli\",\"url\":\"https:\/\/kapitalis.com\/tunisie\/author\/fawz\/\"}]}<\/script>\n<!-- \/ Yoast SEO plugin. -->","yoast_head_json":{"title":"Tunisie : Mohamed Bergaoui publie prochainement un nouveau livre d\u00e9di\u00e9 \u00e0 la ville de Monastir - Kapitalis","robots":{"index":"index","follow":"follow","max-snippet":"max-snippet:-1","max-image-preview":"max-image-preview:large","max-video-preview":"max-video-preview:-1"},"canonical":"https:\/\/kapitalis.com\/tunisie\/2021\/09\/12\/tunisie-mohamed-bergaoui-publie-prochainement-un-nouveau-livre-dediee-a-la-ville-de-monastir\/","og_locale":"fr_FR","og_type":"article","og_title":"Tunisie : Mohamed Bergaoui publie prochainement un nouveau livre d\u00e9di\u00e9 \u00e0 la ville de Monastir - Kapitalis","og_description":"L\u2019\u00e9crivain et journaliste Mohamed Bergaoui publiera prochainement son livre illustr\u00e9 \u00ab&nbsp;Monastir&nbsp;\u00bb o\u00f9 il revient sur l\u2019Histoire et les grands \u00e9v\u00e9nements ayant marqu\u00e9 la ville depuis l\u2019\u00e9poque n\u00e9olithique.","og_url":"https:\/\/kapitalis.com\/tunisie\/2021\/09\/12\/tunisie-mohamed-bergaoui-publie-prochainement-un-nouveau-livre-dediee-a-la-ville-de-monastir\/","og_site_name":"Kapitalis","article_publisher":"https:\/\/www.facebook.com\/KapitalisInfo\/","article_published_time":"2021-09-12T09:03:26+00:00","article_modified_time":"2021-09-12T16:29:06+00:00","og_image":[{"width":1200,"height":630,"url":"https:\/\/kapitalis.com\/tunisie\/wp-content\/uploads\/2022\/05\/kapitalis-logo-fb.png","type":"image\/png"}],"author":"Fawz BenAli","twitter_card":"summary_large_image","twitter_creator":"@KapitalisInfo","twitter_site":"@KapitalisInfo","twitter_misc":{"\u00c9crit par":"Fawz BenAli","Dur\u00e9e de lecture estim\u00e9e":"1 minute"},"schema":{"@context":"https:\/\/schema.org","@graph":[{"@type":"Article","@id":"https:\/\/kapitalis.com\/tunisie\/2021\/09\/12\/tunisie-mohamed-bergaoui-publie-prochainement-un-nouveau-livre-dediee-a-la-ville-de-monastir\/#article","isPartOf":{"@id":"https:\/\/kapitalis.com\/tunisie\/2021\/09\/12\/tunisie-mohamed-bergaoui-publie-prochainement-un-nouveau-livre-dediee-a-la-ville-de-monastir\/"},"author":{"name":"Fawz BenAli","@id":"https:\/\/kapitalis.com\/tunisie\/#\/schema\/person\/73a5ecc1f6ae540c6ed91342eadca948"},"headline":"Tunisie : Mohamed Bergaoui publie prochainement un nouveau livre d\u00e9di\u00e9 \u00e0 la ville de Monastir","datePublished":"2021-09-12T09:03:26+00:00","dateModified":"2021-09-12T16:29:06+00:00","mainEntityOfPage":{"@id":"https:\/\/kapitalis.com\/tunisie\/2021\/09\/12\/tunisie-mohamed-bergaoui-publie-prochainement-un-nouveau-livre-dediee-a-la-ville-de-monastir\/"},"wordCount":226,"commentCount":0,"publisher":{"@id":"https:\/\/kapitalis.com\/tunisie\/#organization"},"image":{"@id":"https:\/\/kapitalis.com\/tunisie\/2021\/09\/12\/tunisie-mohamed-bergaoui-publie-prochainement-un-nouveau-livre-dediee-a-la-ville-de-monastir\/#primaryimage"},"thumbnailUrl":"","keywords":["Histoire de la Tunisie","livre historique","Mohamed Bergaoui","Monastir","Tunisie"],"articleSection":["CULTURE","Tunisie"],"inLanguage":"fr-FR","potentialAction":[{"@type":"CommentAction","name":"Comment","target":["https:\/\/kapitalis.com\/tunisie\/2021\/09\/12\/tunisie-mohamed-bergaoui-publie-prochainement-un-nouveau-livre-dediee-a-la-ville-de-monastir\/#respond"]}]},{"@type":"WebPage","@id":"https:\/\/kapitalis.com\/tunisie\/2021\/09\/12\/tunisie-mohamed-bergaoui-publie-prochainement-un-nouveau-livre-dediee-a-la-ville-de-monastir\/","url":"https:\/\/kapitalis.com\/tunisie\/2021\/09\/12\/tunisie-mohamed-bergaoui-publie-prochainement-un-nouveau-livre-dediee-a-la-ville-de-monastir\/","name":"Tunisie : Mohamed Bergaoui publie prochainement un nouveau livre d\u00e9di\u00e9 \u00e0 la ville de Monastir - Kapitalis","isPartOf":{"@id":"https:\/\/kapitalis.com\/tunisie\/#website"},"primaryImageOfPage":{"@id":"https:\/\/kapitalis.com\/tunisie\/2021\/09\/12\/tunisie-mohamed-bergaoui-publie-prochainement-un-nouveau-livre-dediee-a-la-ville-de-monastir\/#primaryimage"},"image":{"@id":"https:\/\/kapitalis.com\/tunisie\/2021\/09\/12\/tunisie-mohamed-bergaoui-publie-prochainement-un-nouveau-livre-dediee-a-la-ville-de-monastir\/#primaryimage"},"thumbnailUrl":"","datePublished":"2021-09-12T09:03:26+00:00","dateModified":"2021-09-12T16:29:06+00:00","breadcrumb":{"@id":"https:\/\/kapitalis.com\/tunisie\/2021\/09\/12\/tunisie-mohamed-bergaoui-publie-prochainement-un-nouveau-livre-dediee-a-la-ville-de-monastir\/#breadcrumb"},"inLanguage":"fr-FR","potentialAction":[{"@type":"ReadAction","target":["https:\/\/kapitalis.com\/tunisie\/2021\/09\/12\/tunisie-mohamed-bergaoui-publie-prochainement-un-nouveau-livre-dediee-a-la-ville-de-monastir\/"]}]},{"@type":"ImageObject","inLanguage":"fr-FR","@id":"https:\/\/kapitalis.com\/tunisie\/2021\/09\/12\/tunisie-mohamed-bergaoui-publie-prochainement-un-nouveau-livre-dediee-a-la-ville-de-monastir\/#primaryimage","url":"","contentUrl":""},{"@type":"BreadcrumbList","@id":"https:\/\/kapitalis.com\/tunisie\/2021\/09\/12\/tunisie-mohamed-bergaoui-publie-prochainement-un-nouveau-livre-dediee-a-la-ville-de-monastir\/#breadcrumb","itemListElement":[{"@type":"ListItem","position":1,"name":"Accueil","item":"https:\/\/kapitalis.com\/tunisie\/"},{"@type":"ListItem","position":2,"name":"Tunisie : Mohamed Bergaoui publie prochainement un nouveau livre d\u00e9di\u00e9 \u00e0 la ville de Monastir"}]},{"@type":"WebSite","@id":"https:\/\/kapitalis.com\/tunisie\/#website","url":"https:\/\/kapitalis.com\/tunisie\/","name":"Kapitalis","description":"L&#039;actualit\u00e9 en Tunisie et dans le monde","publisher":{"@id":"https:\/\/kapitalis.com\/tunisie\/#organization"},"potentialAction":[{"@type":"SearchAction","target":{"@type":"EntryPoint","urlTemplate":"https:\/\/kapitalis.com\/tunisie\/?s={search_term_string}"},"query-input":{"@type":"PropertyValueSpecification","valueRequired":true,"valueName":"search_term_string"}}],"inLanguage":"fr-FR"},{"@type":"Organization","@id":"https:\/\/kapitalis.com\/tunisie\/#organization","name":"Kapitalis","url":"https:\/\/kapitalis.com\/tunisie\/","logo":{"@type":"ImageObject","inLanguage":"fr-FR","@id":"https:\/\/kapitalis.com\/tunisie\/#\/schema\/logo\/image\/","url":"https:\/\/kapitalis.com\/tunisie\/wp-content\/uploads\/2022\/05\/Kapitalis-big-size.png","contentUrl":"https:\/\/kapitalis.com\/tunisie\/wp-content\/uploads\/2022\/05\/Kapitalis-big-size.png","width":5000,"height":1500,"caption":"Kapitalis"},"image":{"@id":"https:\/\/kapitalis.com\/tunisie\/#\/schema\/logo\/image\/"},"sameAs":["https:\/\/www.facebook.com\/KapitalisInfo\/","https:\/\/x.com\/KapitalisInfo","https:\/\/www.youtube.com\/channel\/UC-yDYrHyfFBWWZaOw3FPg9Q"]},{"@type":"Person","@id":"https:\/\/kapitalis.com\/tunisie\/#\/schema\/person\/73a5ecc1f6ae540c6ed91342eadca948","name":"Fawz BenAli","url":"https:\/\/kapitalis.com\/tunisie\/author\/fawz\/"}]}},"_links":{"self":[{"href":"https:\/\/kapitalis.com\/tunisie\/wp-json\/wp\/v2\/posts\/362478","targetHints":{"allow":["GET"]}}],"collection":[{"href":"https:\/\/kapitalis.com\/tunisie\/wp-json\/wp\/v2\/posts"}],"about":[{"href":"https:\/\/kapitalis.com\/tunisie\/wp-json\/wp\/v2\/types\/post"}],"author":[{"embeddable":true,"href":"https:\/\/kapitalis.com\/tunisie\/wp-json\/wp\/v2\/users\/26"}],"replies":[{"embeddable":true,"href":"https:\/\/kapitalis.com\/tunisie\/wp-json\/wp\/v2\/comments?post=362478"}],"version-history":[{"count":0,"href":"https:\/\/kapitalis.com\/tunisie\/wp-json\/wp\/v2\/posts\/362478\/revisions"}],"wp:featuredmedia":[{"embeddable":true,"href":"https:\/\/kapitalis.com\/tunisie\/wp-json\/wp\/v2\/media\/362484"}],"wp:attachment":[{"href":"https:\/\/kapitalis.com\/tunisie\/wp-json\/wp\/v2\/media?parent=362478"}],"wp:term":[{"taxonomy":"category","embeddable":true,"href":"https:\/\/kapitalis.com\/tunisie\/wp-json\/wp\/v2\/categories?post=362478"},{"taxonomy":"post_tag","embeddable":true,"href":"https:\/\/kapitalis.com\/tunisie\/wp-json\/wp\/v2\/tags?post=362478"}],"curies":[{"name":"wp","href":"https:\/\/api.w.org\/{rel}","templated":true}]}}