{"id":362799,"date":"2021-09-14T19:14:38","date_gmt":"2021-09-14T18:14:38","guid":{"rendered":"http:\/\/kapitalis.com\/tunisie\/?p=362799"},"modified":"2021-09-14T19:40:17","modified_gmt":"2021-09-14T18:40:17","slug":"ministere-de-linterieur-restrictions-de-circulation-pour-les-poids-lourds-au-centre-ville-de-tunis","status":"publish","type":"post","link":"https:\/\/kapitalis.com\/tunisie\/2021\/09\/14\/ministere-de-linterieur-restrictions-de-circulation-pour-les-poids-lourds-au-centre-ville-de-tunis\/","title":{"rendered":"Minist\u00e8re de l&rsquo;Int\u00e9rieur : Restrictions de circulation pour les poids-lourds au centre-ville de Tunis"},"content":{"rendered":"\n<div class=\"wp-block-image\"><figure class=\"aligncenter size-large\"><img decoding=\"async\" src=\"http:\/\/kapitalis.com\/tunisie\/wp-content\/uploads\/2021\/09\/embouiteillage.jpg\" alt=\"\" class=\"wp-image-362801\"\/><\/figure><\/div>\n\n\n\n<p><strong><em>Le minist\u00e8re de l&rsquo;Int\u00e9rieur a annonc\u00e9, ce mardi 14 septembre 2021, des restrictions de circulation, au centre ville de Tunis, pour les poids-lourds qui engorgent les routes aux heures de pointe, et ce d\u00e8s demain, mardi 15 septembre.<\/em><\/strong><\/p>\n\n\n\n<!--more-->\n\n\n\n<p>Ainsi les camions, dont le poids total d\u00e9passe trois tonnes et demie et les v\u00e9hicules dits lents seront interdits de circuler de 6h30 \u00e0 9h et de 16h30 \u00e0 19h sur les routes et entr\u00e9es suivantes :<\/p>\n\n\n\n<ul class=\"wp-block-list\"><li>Entr\u00e9e sud de Tunis : Route Nationale 1 \/ Autoroute A1 \/ Voie rapide du Sud<\/li><li>Entr\u00e9e nord : Route Nationale 8 \/ Autoroute Tunis Bizerte \/ Route r\u00e9gionale 21 (Route X).<\/li><li>Entr\u00e9e ouest : Route Nationale 3 \/ Route Nationale 5 \/ Route Nationale 7<\/li><\/ul>\n\n\n\n<p>Le communiqu\u00e9 de l&rsquo;Int\u00e9rieur appelle les concern\u00e9s au respect de cette mesure, en application de la d\u00e9cision municipale de 2004 r\u00e9gissant la circulation dans la ville de Tunis.<\/p>\n\n\n\n<p class=\"has-text-align-right\"><strong>Y. N.<\/strong><\/p>\n","protected":false},"excerpt":{"rendered":"<p>Le minist\u00e8re de l&rsquo;Int\u00e9rieur a annonc\u00e9, ce mardi 14 septembre 2021, des restrictions de circulation, au centre ville de Tunis, pour les poids-lourds qui engorgent les routes aux heures de pointe, et ce d\u00e8s demain, mardi 15 septembre.<\/p>\n","protected":false},"author":6,"featured_media":362801,"comment_status":"open","ping_status":"open","sticky":false,"template":"","format":"standard","meta":{"footnotes":""},"categories":[998,2433],"tags":[2088,1817,93360,93362,64491,93361],"class_list":["post-362799","post","type-post","status-publish","format-standard","has-post-thumbnail","hentry","category-societe","category-tunisie","tag-camions","tag-centre-ville","tag-ministere-de-linterieur-restrictions-de-circulation","tag-poids-lourds","tag-tunis","tag-vehicules-lents"],"yoast_head":"<!-- This site is optimized with the Yoast SEO plugin v26.6 - https:\/\/yoast.com\/wordpress\/plugins\/seo\/ -->\n<title>Minist\u00e8re de l&#039;Int\u00e9rieur : Restrictions de circulation pour les poids-lourds au centre-ville de Tunis - Kapitalis<\/title>\n<meta name=\"robots\" content=\"index, follow, max-snippet:-1, max-image-preview:large, max-video-preview:-1\" \/>\n<link rel=\"canonical\" href=\"https:\/\/kapitalis.com\/tunisie\/2021\/09\/14\/ministere-de-linterieur-restrictions-de-circulation-pour-les-poids-lourds-au-centre-ville-de-tunis\/\" \/>\n<meta property=\"og:locale\" content=\"fr_FR\" \/>\n<meta property=\"og:type\" content=\"article\" \/>\n<meta property=\"og:title\" content=\"Minist\u00e8re de l&#039;Int\u00e9rieur : Restrictions de circulation pour les poids-lourds au centre-ville de Tunis - Kapitalis\" \/>\n<meta property=\"og:description\" content=\"Le minist\u00e8re de l&rsquo;Int\u00e9rieur a annonc\u00e9, ce mardi 14 septembre 2021, des restrictions de circulation, au centre ville de Tunis, pour les poids-lourds qui engorgent les routes aux heures de pointe, et ce d\u00e8s demain, mardi 15 septembre.\" \/>\n<meta property=\"og:url\" content=\"https:\/\/kapitalis.com\/tunisie\/2021\/09\/14\/ministere-de-linterieur-restrictions-de-circulation-pour-les-poids-lourds-au-centre-ville-de-tunis\/\" \/>\n<meta property=\"og:site_name\" content=\"Kapitalis\" \/>\n<meta property=\"article:publisher\" content=\"https:\/\/www.facebook.com\/KapitalisInfo\/\" \/>\n<meta property=\"article:published_time\" content=\"2021-09-14T18:14:38+00:00\" \/>\n<meta property=\"article:modified_time\" content=\"2021-09-14T18:40:17+00:00\" \/>\n<meta property=\"og:image\" content=\"https:\/\/kapitalis.com\/tunisie\/wp-content\/uploads\/2022\/05\/kapitalis-logo-fb.png\" \/>\n\t<meta property=\"og:image:width\" content=\"1200\" \/>\n\t<meta property=\"og:image:height\" content=\"630\" \/>\n\t<meta property=\"og:image:type\" content=\"image\/png\" \/>\n<meta name=\"author\" content=\"Yusra NY\" \/>\n<meta name=\"twitter:card\" content=\"summary_large_image\" \/>\n<meta name=\"twitter:creator\" content=\"@KapitalisInfo\" \/>\n<meta name=\"twitter:site\" content=\"@KapitalisInfo\" \/>\n<meta name=\"twitter:label1\" content=\"\u00c9crit par\" \/>\n\t<meta name=\"twitter:data1\" content=\"Yusra NY\" \/>\n\t<meta name=\"twitter:label2\" content=\"Dur\u00e9e de lecture estim\u00e9e\" \/>\n\t<meta name=\"twitter:data2\" content=\"1 minute\" \/>\n<script type=\"application\/ld+json\" class=\"yoast-schema-graph\">{\"@context\":\"https:\/\/schema.org\",\"@graph\":[{\"@type\":\"Article\",\"@id\":\"https:\/\/kapitalis.com\/tunisie\/2021\/09\/14\/ministere-de-linterieur-restrictions-de-circulation-pour-les-poids-lourds-au-centre-ville-de-tunis\/#article\",\"isPartOf\":{\"@id\":\"https:\/\/kapitalis.com\/tunisie\/2021\/09\/14\/ministere-de-linterieur-restrictions-de-circulation-pour-les-poids-lourds-au-centre-ville-de-tunis\/\"},\"author\":{\"name\":\"Yusra NY\",\"@id\":\"https:\/\/kapitalis.com\/tunisie\/#\/schema\/person\/74bbde0154d49d790a92aaeac5bc01d5\"},\"headline\":\"Minist\u00e8re de l&rsquo;Int\u00e9rieur : Restrictions de circulation pour les poids-lourds au centre-ville de Tunis\",\"datePublished\":\"2021-09-14T18:14:38+00:00\",\"dateModified\":\"2021-09-14T18:40:17+00:00\",\"mainEntityOfPage\":{\"@id\":\"https:\/\/kapitalis.com\/tunisie\/2021\/09\/14\/ministere-de-linterieur-restrictions-de-circulation-pour-les-poids-lourds-au-centre-ville-de-tunis\/\"},\"wordCount\":158,\"commentCount\":1,\"publisher\":{\"@id\":\"https:\/\/kapitalis.com\/tunisie\/#organization\"},\"image\":{\"@id\":\"https:\/\/kapitalis.com\/tunisie\/2021\/09\/14\/ministere-de-linterieur-restrictions-de-circulation-pour-les-poids-lourds-au-centre-ville-de-tunis\/#primaryimage\"},\"thumbnailUrl\":\"\",\"keywords\":[\"camions\",\"centre-ville\",\"Minist\u00e8re de l'Int\u00e9rieur ; restrictions de circulation\",\"poids-lourds\",\"Tunis\",\"v\u00e9hicules lents\"],\"articleSection\":[\"SOCIETE\",\"Tunisie\"],\"inLanguage\":\"fr-FR\",\"potentialAction\":[{\"@type\":\"CommentAction\",\"name\":\"Comment\",\"target\":[\"https:\/\/kapitalis.com\/tunisie\/2021\/09\/14\/ministere-de-linterieur-restrictions-de-circulation-pour-les-poids-lourds-au-centre-ville-de-tunis\/#respond\"]}]},{\"@type\":\"WebPage\",\"@id\":\"https:\/\/kapitalis.com\/tunisie\/2021\/09\/14\/ministere-de-linterieur-restrictions-de-circulation-pour-les-poids-lourds-au-centre-ville-de-tunis\/\",\"url\":\"https:\/\/kapitalis.com\/tunisie\/2021\/09\/14\/ministere-de-linterieur-restrictions-de-circulation-pour-les-poids-lourds-au-centre-ville-de-tunis\/\",\"name\":\"Minist\u00e8re de l'Int\u00e9rieur : Restrictions de circulation pour les poids-lourds au centre-ville de Tunis - Kapitalis\",\"isPartOf\":{\"@id\":\"https:\/\/kapitalis.com\/tunisie\/#website\"},\"primaryImageOfPage\":{\"@id\":\"https:\/\/kapitalis.com\/tunisie\/2021\/09\/14\/ministere-de-linterieur-restrictions-de-circulation-pour-les-poids-lourds-au-centre-ville-de-tunis\/#primaryimage\"},\"image\":{\"@id\":\"https:\/\/kapitalis.com\/tunisie\/2021\/09\/14\/ministere-de-linterieur-restrictions-de-circulation-pour-les-poids-lourds-au-centre-ville-de-tunis\/#primaryimage\"},\"thumbnailUrl\":\"\",\"datePublished\":\"2021-09-14T18:14:38+00:00\",\"dateModified\":\"2021-09-14T18:40:17+00:00\",\"breadcrumb\":{\"@id\":\"https:\/\/kapitalis.com\/tunisie\/2021\/09\/14\/ministere-de-linterieur-restrictions-de-circulation-pour-les-poids-lourds-au-centre-ville-de-tunis\/#breadcrumb\"},\"inLanguage\":\"fr-FR\",\"potentialAction\":[{\"@type\":\"ReadAction\",\"target\":[\"https:\/\/kapitalis.com\/tunisie\/2021\/09\/14\/ministere-de-linterieur-restrictions-de-circulation-pour-les-poids-lourds-au-centre-ville-de-tunis\/\"]}]},{\"@type\":\"ImageObject\",\"inLanguage\":\"fr-FR\",\"@id\":\"https:\/\/kapitalis.com\/tunisie\/2021\/09\/14\/ministere-de-linterieur-restrictions-de-circulation-pour-les-poids-lourds-au-centre-ville-de-tunis\/#primaryimage\",\"url\":\"\",\"contentUrl\":\"\"},{\"@type\":\"BreadcrumbList\",\"@id\":\"https:\/\/kapitalis.com\/tunisie\/2021\/09\/14\/ministere-de-linterieur-restrictions-de-circulation-pour-les-poids-lourds-au-centre-ville-de-tunis\/#breadcrumb\",\"itemListElement\":[{\"@type\":\"ListItem\",\"position\":1,\"name\":\"Accueil\",\"item\":\"https:\/\/kapitalis.com\/tunisie\/\"},{\"@type\":\"ListItem\",\"position\":2,\"name\":\"Minist\u00e8re de l&rsquo;Int\u00e9rieur : Restrictions de circulation pour les poids-lourds au centre-ville de Tunis\"}]},{\"@type\":\"WebSite\",\"@id\":\"https:\/\/kapitalis.com\/tunisie\/#website\",\"url\":\"https:\/\/kapitalis.com\/tunisie\/\",\"name\":\"Kapitalis\",\"description\":\"L&#039;actualit\u00e9 en Tunisie et dans le monde\",\"publisher\":{\"@id\":\"https:\/\/kapitalis.com\/tunisie\/#organization\"},\"potentialAction\":[{\"@type\":\"SearchAction\",\"target\":{\"@type\":\"EntryPoint\",\"urlTemplate\":\"https:\/\/kapitalis.com\/tunisie\/?s={search_term_string}\"},\"query-input\":{\"@type\":\"PropertyValueSpecification\",\"valueRequired\":true,\"valueName\":\"search_term_string\"}}],\"inLanguage\":\"fr-FR\"},{\"@type\":\"Organization\",\"@id\":\"https:\/\/kapitalis.com\/tunisie\/#organization\",\"name\":\"Kapitalis\",\"url\":\"https:\/\/kapitalis.com\/tunisie\/\",\"logo\":{\"@type\":\"ImageObject\",\"inLanguage\":\"fr-FR\",\"@id\":\"https:\/\/kapitalis.com\/tunisie\/#\/schema\/logo\/image\/\",\"url\":\"https:\/\/kapitalis.com\/tunisie\/wp-content\/uploads\/2022\/05\/Kapitalis-big-size.png\",\"contentUrl\":\"https:\/\/kapitalis.com\/tunisie\/wp-content\/uploads\/2022\/05\/Kapitalis-big-size.png\",\"width\":5000,\"height\":1500,\"caption\":\"Kapitalis\"},\"image\":{\"@id\":\"https:\/\/kapitalis.com\/tunisie\/#\/schema\/logo\/image\/\"},\"sameAs\":[\"https:\/\/www.facebook.com\/KapitalisInfo\/\",\"https:\/\/x.com\/KapitalisInfo\",\"https:\/\/www.youtube.com\/channel\/UC-yDYrHyfFBWWZaOw3FPg9Q\"]},{\"@type\":\"Person\",\"@id\":\"https:\/\/kapitalis.com\/tunisie\/#\/schema\/person\/74bbde0154d49d790a92aaeac5bc01d5\",\"name\":\"Yusra NY\",\"url\":\"https:\/\/kapitalis.com\/tunisie\/author\/yuza_adam\/\"}]}<\/script>\n<!-- \/ Yoast SEO plugin. -->","yoast_head_json":{"title":"Minist\u00e8re de l'Int\u00e9rieur : Restrictions de circulation pour les poids-lourds au centre-ville de Tunis - Kapitalis","robots":{"index":"index","follow":"follow","max-snippet":"max-snippet:-1","max-image-preview":"max-image-preview:large","max-video-preview":"max-video-preview:-1"},"canonical":"https:\/\/kapitalis.com\/tunisie\/2021\/09\/14\/ministere-de-linterieur-restrictions-de-circulation-pour-les-poids-lourds-au-centre-ville-de-tunis\/","og_locale":"fr_FR","og_type":"article","og_title":"Minist\u00e8re de l'Int\u00e9rieur : Restrictions de circulation pour les poids-lourds au centre-ville de Tunis - Kapitalis","og_description":"Le minist\u00e8re de l&rsquo;Int\u00e9rieur a annonc\u00e9, ce mardi 14 septembre 2021, des restrictions de circulation, au centre ville de Tunis, pour les poids-lourds qui engorgent les routes aux heures de pointe, et ce d\u00e8s demain, mardi 15 septembre.","og_url":"https:\/\/kapitalis.com\/tunisie\/2021\/09\/14\/ministere-de-linterieur-restrictions-de-circulation-pour-les-poids-lourds-au-centre-ville-de-tunis\/","og_site_name":"Kapitalis","article_publisher":"https:\/\/www.facebook.com\/KapitalisInfo\/","article_published_time":"2021-09-14T18:14:38+00:00","article_modified_time":"2021-09-14T18:40:17+00:00","og_image":[{"width":1200,"height":630,"url":"https:\/\/kapitalis.com\/tunisie\/wp-content\/uploads\/2022\/05\/kapitalis-logo-fb.png","type":"image\/png"}],"author":"Yusra NY","twitter_card":"summary_large_image","twitter_creator":"@KapitalisInfo","twitter_site":"@KapitalisInfo","twitter_misc":{"\u00c9crit par":"Yusra NY","Dur\u00e9e de lecture estim\u00e9e":"1 minute"},"schema":{"@context":"https:\/\/schema.org","@graph":[{"@type":"Article","@id":"https:\/\/kapitalis.com\/tunisie\/2021\/09\/14\/ministere-de-linterieur-restrictions-de-circulation-pour-les-poids-lourds-au-centre-ville-de-tunis\/#article","isPartOf":{"@id":"https:\/\/kapitalis.com\/tunisie\/2021\/09\/14\/ministere-de-linterieur-restrictions-de-circulation-pour-les-poids-lourds-au-centre-ville-de-tunis\/"},"author":{"name":"Yusra NY","@id":"https:\/\/kapitalis.com\/tunisie\/#\/schema\/person\/74bbde0154d49d790a92aaeac5bc01d5"},"headline":"Minist\u00e8re de l&rsquo;Int\u00e9rieur : Restrictions de circulation pour les poids-lourds au centre-ville de Tunis","datePublished":"2021-09-14T18:14:38+00:00","dateModified":"2021-09-14T18:40:17+00:00","mainEntityOfPage":{"@id":"https:\/\/kapitalis.com\/tunisie\/2021\/09\/14\/ministere-de-linterieur-restrictions-de-circulation-pour-les-poids-lourds-au-centre-ville-de-tunis\/"},"wordCount":158,"commentCount":1,"publisher":{"@id":"https:\/\/kapitalis.com\/tunisie\/#organization"},"image":{"@id":"https:\/\/kapitalis.com\/tunisie\/2021\/09\/14\/ministere-de-linterieur-restrictions-de-circulation-pour-les-poids-lourds-au-centre-ville-de-tunis\/#primaryimage"},"thumbnailUrl":"","keywords":["camions","centre-ville","Minist\u00e8re de l'Int\u00e9rieur ; restrictions de circulation","poids-lourds","Tunis","v\u00e9hicules lents"],"articleSection":["SOCIETE","Tunisie"],"inLanguage":"fr-FR","potentialAction":[{"@type":"CommentAction","name":"Comment","target":["https:\/\/kapitalis.com\/tunisie\/2021\/09\/14\/ministere-de-linterieur-restrictions-de-circulation-pour-les-poids-lourds-au-centre-ville-de-tunis\/#respond"]}]},{"@type":"WebPage","@id":"https:\/\/kapitalis.com\/tunisie\/2021\/09\/14\/ministere-de-linterieur-restrictions-de-circulation-pour-les-poids-lourds-au-centre-ville-de-tunis\/","url":"https:\/\/kapitalis.com\/tunisie\/2021\/09\/14\/ministere-de-linterieur-restrictions-de-circulation-pour-les-poids-lourds-au-centre-ville-de-tunis\/","name":"Minist\u00e8re de l'Int\u00e9rieur : Restrictions de circulation pour les poids-lourds au centre-ville de Tunis - Kapitalis","isPartOf":{"@id":"https:\/\/kapitalis.com\/tunisie\/#website"},"primaryImageOfPage":{"@id":"https:\/\/kapitalis.com\/tunisie\/2021\/09\/14\/ministere-de-linterieur-restrictions-de-circulation-pour-les-poids-lourds-au-centre-ville-de-tunis\/#primaryimage"},"image":{"@id":"https:\/\/kapitalis.com\/tunisie\/2021\/09\/14\/ministere-de-linterieur-restrictions-de-circulation-pour-les-poids-lourds-au-centre-ville-de-tunis\/#primaryimage"},"thumbnailUrl":"","datePublished":"2021-09-14T18:14:38+00:00","dateModified":"2021-09-14T18:40:17+00:00","breadcrumb":{"@id":"https:\/\/kapitalis.com\/tunisie\/2021\/09\/14\/ministere-de-linterieur-restrictions-de-circulation-pour-les-poids-lourds-au-centre-ville-de-tunis\/#breadcrumb"},"inLanguage":"fr-FR","potentialAction":[{"@type":"ReadAction","target":["https:\/\/kapitalis.com\/tunisie\/2021\/09\/14\/ministere-de-linterieur-restrictions-de-circulation-pour-les-poids-lourds-au-centre-ville-de-tunis\/"]}]},{"@type":"ImageObject","inLanguage":"fr-FR","@id":"https:\/\/kapitalis.com\/tunisie\/2021\/09\/14\/ministere-de-linterieur-restrictions-de-circulation-pour-les-poids-lourds-au-centre-ville-de-tunis\/#primaryimage","url":"","contentUrl":""},{"@type":"BreadcrumbList","@id":"https:\/\/kapitalis.com\/tunisie\/2021\/09\/14\/ministere-de-linterieur-restrictions-de-circulation-pour-les-poids-lourds-au-centre-ville-de-tunis\/#breadcrumb","itemListElement":[{"@type":"ListItem","position":1,"name":"Accueil","item":"https:\/\/kapitalis.com\/tunisie\/"},{"@type":"ListItem","position":2,"name":"Minist\u00e8re de l&rsquo;Int\u00e9rieur : Restrictions de circulation pour les poids-lourds au centre-ville de Tunis"}]},{"@type":"WebSite","@id":"https:\/\/kapitalis.com\/tunisie\/#website","url":"https:\/\/kapitalis.com\/tunisie\/","name":"Kapitalis","description":"L&#039;actualit\u00e9 en Tunisie et dans le monde","publisher":{"@id":"https:\/\/kapitalis.com\/tunisie\/#organization"},"potentialAction":[{"@type":"SearchAction","target":{"@type":"EntryPoint","urlTemplate":"https:\/\/kapitalis.com\/tunisie\/?s={search_term_string}"},"query-input":{"@type":"PropertyValueSpecification","valueRequired":true,"valueName":"search_term_string"}}],"inLanguage":"fr-FR"},{"@type":"Organization","@id":"https:\/\/kapitalis.com\/tunisie\/#organization","name":"Kapitalis","url":"https:\/\/kapitalis.com\/tunisie\/","logo":{"@type":"ImageObject","inLanguage":"fr-FR","@id":"https:\/\/kapitalis.com\/tunisie\/#\/schema\/logo\/image\/","url":"https:\/\/kapitalis.com\/tunisie\/wp-content\/uploads\/2022\/05\/Kapitalis-big-size.png","contentUrl":"https:\/\/kapitalis.com\/tunisie\/wp-content\/uploads\/2022\/05\/Kapitalis-big-size.png","width":5000,"height":1500,"caption":"Kapitalis"},"image":{"@id":"https:\/\/kapitalis.com\/tunisie\/#\/schema\/logo\/image\/"},"sameAs":["https:\/\/www.facebook.com\/KapitalisInfo\/","https:\/\/x.com\/KapitalisInfo","https:\/\/www.youtube.com\/channel\/UC-yDYrHyfFBWWZaOw3FPg9Q"]},{"@type":"Person","@id":"https:\/\/kapitalis.com\/tunisie\/#\/schema\/person\/74bbde0154d49d790a92aaeac5bc01d5","name":"Yusra NY","url":"https:\/\/kapitalis.com\/tunisie\/author\/yuza_adam\/"}]}},"_links":{"self":[{"href":"https:\/\/kapitalis.com\/tunisie\/wp-json\/wp\/v2\/posts\/362799","targetHints":{"allow":["GET"]}}],"collection":[{"href":"https:\/\/kapitalis.com\/tunisie\/wp-json\/wp\/v2\/posts"}],"about":[{"href":"https:\/\/kapitalis.com\/tunisie\/wp-json\/wp\/v2\/types\/post"}],"author":[{"embeddable":true,"href":"https:\/\/kapitalis.com\/tunisie\/wp-json\/wp\/v2\/users\/6"}],"replies":[{"embeddable":true,"href":"https:\/\/kapitalis.com\/tunisie\/wp-json\/wp\/v2\/comments?post=362799"}],"version-history":[{"count":0,"href":"https:\/\/kapitalis.com\/tunisie\/wp-json\/wp\/v2\/posts\/362799\/revisions"}],"wp:featuredmedia":[{"embeddable":true,"href":"https:\/\/kapitalis.com\/tunisie\/wp-json\/wp\/v2\/media\/362801"}],"wp:attachment":[{"href":"https:\/\/kapitalis.com\/tunisie\/wp-json\/wp\/v2\/media?parent=362799"}],"wp:term":[{"taxonomy":"category","embeddable":true,"href":"https:\/\/kapitalis.com\/tunisie\/wp-json\/wp\/v2\/categories?post=362799"},{"taxonomy":"post_tag","embeddable":true,"href":"https:\/\/kapitalis.com\/tunisie\/wp-json\/wp\/v2\/tags?post=362799"}],"curies":[{"name":"wp","href":"https:\/\/api.w.org\/{rel}","templated":true}]}}