{"id":362904,"date":"2021-09-15T13:32:42","date_gmt":"2021-09-15T12:32:42","guid":{"rendered":"http:\/\/kapitalis.com\/tunisie\/?p=362904"},"modified":"2021-09-15T13:35:05","modified_gmt":"2021-09-15T12:35:05","slug":"al-badil-lance-le-projet-safir-dincubation-et-dacceleration-de-projets-culturels","status":"publish","type":"post","link":"https:\/\/kapitalis.com\/tunisie\/2021\/09\/15\/al-badil-lance-le-projet-safir-dincubation-et-dacceleration-de-projets-culturels\/","title":{"rendered":"Al-Badil lance le projet Safir d\u2019incubation et d\u2019acc\u00e9l\u00e9ration de projets culturels"},"content":{"rendered":"\n<div class=\"wp-block-image\"><figure class=\"aligncenter size-large\"><img decoding=\"async\" src=\"http:\/\/kapitalis.com\/tunisie\/wp-content\/uploads\/2021\/09\/Al-Badil.jpg\" alt=\"\" class=\"wp-image-362905\"\/><\/figure><\/div>\n\n\n\n<p><strong><em>Al-Badil est une association \u00e0 but non lucratif, active depuis 2013. Elle \u0153uvre pour d\u00e9mocratiser l\u2019acc\u00e8s \u00e0 l\u2019art et la culture pour toutes et tous, sur tout le territoire tunisien. Son expertise en ing\u00e9nierie de projets culturels lui permet de proposer des formats culturels innovants et d&rsquo;accompagner au mieux les acteurs de l\u2019\u00e9conomie culturelle et cr\u00e9ative dans leurs projets.<\/em><\/strong><\/p>\n\n\n\n<!--more-->\n\n\n\n<p>Apr\u00e8s avoir d\u00e9velopp\u00e9 des formations d\u2019accompagnement professionnel pour des managers culturels et des artistes de spectacle vivant, Al-Badil a d\u00e9cid\u00e9 d\u2019aller plus loin et de structurer son intervention en d\u00e9veloppant un programme complet de renforcement de capacit\u00e9 incluant un nouveau volet : l\u2019accompagnement des porteurs de projets dans le domaine des industries culturelles et cr\u00e9atives.<\/p>\n\n\n\n<p>Ainsi, depuis un an et demi, l&rsquo;association travaille sur le projet Safir \u2013 programme d\u2019incubation et d\u2019acc\u00e9l\u00e9ration de projet \u2013 avec l\u2019accompagnement de la Commission Europ\u00e9enne, de l\u2019Institut fran\u00e7ais de Paris, du Lab&rsquo;Ess, de Pitchworthy, de l\u2019AUF et de CFI Media.&nbsp;<\/p>\n\n\n\n<p>D\u00e8s le 15 septembre 2021, Al Badil lance la premi\u00e8re \u00e9tape du projet : l\u2019incubation. Jusqu\u2019\u00e0 mars&nbsp; 2022, les 13 porteurs de projets s\u00e9lectionn\u00e9s et leurs projets seront accompagn\u00e9s par une \u00e9quipe de professionnels pour d\u00e9velopper leurs id\u00e9es et leur concr\u00e9tisation.&nbsp;<\/p>\n\n\n\n<p>A partir de mars 2022, et jusqu\u2019au mois de septembre, le projet passera \u00e0 la phase d\u2019acc\u00e9l\u00e9ration au cours de laquelle un financement, pouvant aller jusqu\u2019\u00e0 25 000 euros, sera attribu\u00e9 aux candidats afin de lancer leurs projets.&nbsp;<\/p>\n\n\n\n<p>Le projet Safir est d\u00e9velopp\u00e9 en partenariat avec des structures au Maroc, en Alg\u00e9rie, en Egypte, au Liban, en Jordanie et en Palestine pour cr\u00e9er un r\u00e9seau d\u2019entrepreneurs au sein de la r\u00e9gion Mena et proposer des opportunit\u00e9s de rencontres de mobilit\u00e9s aux jeunes porteurs de projets.&nbsp;<\/p>\n\n\n\n<p><strong><em><a href=\"https:\/\/www.facebook.com\/Albadilalternativeculturelle\" target=\"_blank\" rel=\"noreferrer noopener\">Page facebook d&rsquo;Al-Badil. <\/a><\/em><\/strong><a href=\"https:\/\/www.facebook.com\/Albadilalternativeculturelle\"><br><\/a><br><\/p>\n","protected":false},"excerpt":{"rendered":"<p>Al-Badil est une association \u00e0 but non lucratif, active depuis 2013. Elle \u0153uvre pour d\u00e9mocratiser l\u2019acc\u00e8s \u00e0 l\u2019art et la culture pour toutes et tous, sur tout le territoire tunisien. Son expertise en ing\u00e9nierie de projets culturels lui permet de proposer des formats culturels innovants et d&rsquo;accompagner au mieux les acteurs de l\u2019\u00e9conomie culturelle et&#8230;<\/p>\n","protected":false},"author":8,"featured_media":362905,"comment_status":"open","ping_status":"open","sticky":false,"template":"","format":"standard","meta":{"footnotes":""},"categories":[994,2433],"tags":[30995,93383,93381,93379,93380,62643],"class_list":["post-362904","post","type-post","status-publish","format-standard","has-post-thumbnail","hentry","category-culture","category-tunisie","tag-al-badil","tag-cfi-media","tag-institut-francais-de-paris","tag-projet-safir","tag-projets-culturels","tag-tunisie"],"yoast_head":"<!-- This site is optimized with the Yoast SEO plugin v26.6 - https:\/\/yoast.com\/wordpress\/plugins\/seo\/ -->\n<title>Al-Badil lance le projet Safir d\u2019incubation et d\u2019acc\u00e9l\u00e9ration de projets culturels - Kapitalis<\/title>\n<meta name=\"robots\" content=\"index, follow, max-snippet:-1, max-image-preview:large, max-video-preview:-1\" \/>\n<link rel=\"canonical\" href=\"https:\/\/kapitalis.com\/tunisie\/2021\/09\/15\/al-badil-lance-le-projet-safir-dincubation-et-dacceleration-de-projets-culturels\/\" \/>\n<meta property=\"og:locale\" content=\"fr_FR\" \/>\n<meta property=\"og:type\" content=\"article\" \/>\n<meta property=\"og:title\" content=\"Al-Badil lance le projet Safir d\u2019incubation et d\u2019acc\u00e9l\u00e9ration de projets culturels - Kapitalis\" \/>\n<meta property=\"og:description\" content=\"Al-Badil est une association \u00e0 but non lucratif, active depuis 2013. Elle \u0153uvre pour d\u00e9mocratiser l\u2019acc\u00e8s \u00e0 l\u2019art et la culture pour toutes et tous, sur tout le territoire tunisien. Son expertise en ing\u00e9nierie de projets culturels lui permet de proposer des formats culturels innovants et d&rsquo;accompagner au mieux les acteurs de l\u2019\u00e9conomie culturelle et...\" \/>\n<meta property=\"og:url\" content=\"https:\/\/kapitalis.com\/tunisie\/2021\/09\/15\/al-badil-lance-le-projet-safir-dincubation-et-dacceleration-de-projets-culturels\/\" \/>\n<meta property=\"og:site_name\" content=\"Kapitalis\" \/>\n<meta property=\"article:publisher\" content=\"https:\/\/www.facebook.com\/KapitalisInfo\/\" \/>\n<meta property=\"article:published_time\" content=\"2021-09-15T12:32:42+00:00\" \/>\n<meta property=\"article:modified_time\" content=\"2021-09-15T12:35:05+00:00\" \/>\n<meta property=\"og:image\" content=\"https:\/\/kapitalis.com\/tunisie\/wp-content\/uploads\/2022\/05\/kapitalis-logo-fb.png\" \/>\n\t<meta property=\"og:image:width\" content=\"1200\" \/>\n\t<meta property=\"og:image:height\" content=\"630\" \/>\n\t<meta property=\"og:image:type\" content=\"image\/png\" \/>\n<meta name=\"author\" content=\"webmaster kapitalis\" \/>\n<meta name=\"twitter:card\" content=\"summary_large_image\" \/>\n<meta name=\"twitter:creator\" content=\"@KapitalisInfo\" \/>\n<meta name=\"twitter:site\" content=\"@KapitalisInfo\" \/>\n<meta name=\"twitter:label1\" content=\"\u00c9crit par\" \/>\n\t<meta name=\"twitter:data1\" content=\"webmaster kapitalis\" \/>\n\t<meta name=\"twitter:label2\" content=\"Dur\u00e9e de lecture estim\u00e9e\" \/>\n\t<meta name=\"twitter:data2\" content=\"2 minutes\" \/>\n<script type=\"application\/ld+json\" class=\"yoast-schema-graph\">{\"@context\":\"https:\/\/schema.org\",\"@graph\":[{\"@type\":\"Article\",\"@id\":\"https:\/\/kapitalis.com\/tunisie\/2021\/09\/15\/al-badil-lance-le-projet-safir-dincubation-et-dacceleration-de-projets-culturels\/#article\",\"isPartOf\":{\"@id\":\"https:\/\/kapitalis.com\/tunisie\/2021\/09\/15\/al-badil-lance-le-projet-safir-dincubation-et-dacceleration-de-projets-culturels\/\"},\"author\":{\"name\":\"webmaster kapitalis\",\"@id\":\"https:\/\/kapitalis.com\/tunisie\/#\/schema\/person\/d71f33a9ca44f7bad4698210b480c8e9\"},\"headline\":\"Al-Badil lance le projet Safir d\u2019incubation et d\u2019acc\u00e9l\u00e9ration de projets culturels\",\"datePublished\":\"2021-09-15T12:32:42+00:00\",\"dateModified\":\"2021-09-15T12:35:05+00:00\",\"mainEntityOfPage\":{\"@id\":\"https:\/\/kapitalis.com\/tunisie\/2021\/09\/15\/al-badil-lance-le-projet-safir-dincubation-et-dacceleration-de-projets-culturels\/\"},\"wordCount\":334,\"commentCount\":0,\"publisher\":{\"@id\":\"https:\/\/kapitalis.com\/tunisie\/#organization\"},\"image\":{\"@id\":\"https:\/\/kapitalis.com\/tunisie\/2021\/09\/15\/al-badil-lance-le-projet-safir-dincubation-et-dacceleration-de-projets-culturels\/#primaryimage\"},\"thumbnailUrl\":\"\",\"keywords\":[\"Al-Badil\",\"CFI Media\",\"Institut fran\u00e7ais de Paris\",\"projet Safir\",\"projets culturels\",\"Tunisie\"],\"articleSection\":[\"CULTURE\",\"Tunisie\"],\"inLanguage\":\"fr-FR\",\"potentialAction\":[{\"@type\":\"CommentAction\",\"name\":\"Comment\",\"target\":[\"https:\/\/kapitalis.com\/tunisie\/2021\/09\/15\/al-badil-lance-le-projet-safir-dincubation-et-dacceleration-de-projets-culturels\/#respond\"]}]},{\"@type\":\"WebPage\",\"@id\":\"https:\/\/kapitalis.com\/tunisie\/2021\/09\/15\/al-badil-lance-le-projet-safir-dincubation-et-dacceleration-de-projets-culturels\/\",\"url\":\"https:\/\/kapitalis.com\/tunisie\/2021\/09\/15\/al-badil-lance-le-projet-safir-dincubation-et-dacceleration-de-projets-culturels\/\",\"name\":\"Al-Badil lance le projet Safir d\u2019incubation et d\u2019acc\u00e9l\u00e9ration de projets culturels - Kapitalis\",\"isPartOf\":{\"@id\":\"https:\/\/kapitalis.com\/tunisie\/#website\"},\"primaryImageOfPage\":{\"@id\":\"https:\/\/kapitalis.com\/tunisie\/2021\/09\/15\/al-badil-lance-le-projet-safir-dincubation-et-dacceleration-de-projets-culturels\/#primaryimage\"},\"image\":{\"@id\":\"https:\/\/kapitalis.com\/tunisie\/2021\/09\/15\/al-badil-lance-le-projet-safir-dincubation-et-dacceleration-de-projets-culturels\/#primaryimage\"},\"thumbnailUrl\":\"\",\"datePublished\":\"2021-09-15T12:32:42+00:00\",\"dateModified\":\"2021-09-15T12:35:05+00:00\",\"breadcrumb\":{\"@id\":\"https:\/\/kapitalis.com\/tunisie\/2021\/09\/15\/al-badil-lance-le-projet-safir-dincubation-et-dacceleration-de-projets-culturels\/#breadcrumb\"},\"inLanguage\":\"fr-FR\",\"potentialAction\":[{\"@type\":\"ReadAction\",\"target\":[\"https:\/\/kapitalis.com\/tunisie\/2021\/09\/15\/al-badil-lance-le-projet-safir-dincubation-et-dacceleration-de-projets-culturels\/\"]}]},{\"@type\":\"ImageObject\",\"inLanguage\":\"fr-FR\",\"@id\":\"https:\/\/kapitalis.com\/tunisie\/2021\/09\/15\/al-badil-lance-le-projet-safir-dincubation-et-dacceleration-de-projets-culturels\/#primaryimage\",\"url\":\"\",\"contentUrl\":\"\"},{\"@type\":\"BreadcrumbList\",\"@id\":\"https:\/\/kapitalis.com\/tunisie\/2021\/09\/15\/al-badil-lance-le-projet-safir-dincubation-et-dacceleration-de-projets-culturels\/#breadcrumb\",\"itemListElement\":[{\"@type\":\"ListItem\",\"position\":1,\"name\":\"Accueil\",\"item\":\"https:\/\/kapitalis.com\/tunisie\/\"},{\"@type\":\"ListItem\",\"position\":2,\"name\":\"Al-Badil lance le projet Safir d\u2019incubation et d\u2019acc\u00e9l\u00e9ration de projets culturels\"}]},{\"@type\":\"WebSite\",\"@id\":\"https:\/\/kapitalis.com\/tunisie\/#website\",\"url\":\"https:\/\/kapitalis.com\/tunisie\/\",\"name\":\"Kapitalis\",\"description\":\"L&#039;actualit\u00e9 en Tunisie et dans le monde\",\"publisher\":{\"@id\":\"https:\/\/kapitalis.com\/tunisie\/#organization\"},\"potentialAction\":[{\"@type\":\"SearchAction\",\"target\":{\"@type\":\"EntryPoint\",\"urlTemplate\":\"https:\/\/kapitalis.com\/tunisie\/?s={search_term_string}\"},\"query-input\":{\"@type\":\"PropertyValueSpecification\",\"valueRequired\":true,\"valueName\":\"search_term_string\"}}],\"inLanguage\":\"fr-FR\"},{\"@type\":\"Organization\",\"@id\":\"https:\/\/kapitalis.com\/tunisie\/#organization\",\"name\":\"Kapitalis\",\"url\":\"https:\/\/kapitalis.com\/tunisie\/\",\"logo\":{\"@type\":\"ImageObject\",\"inLanguage\":\"fr-FR\",\"@id\":\"https:\/\/kapitalis.com\/tunisie\/#\/schema\/logo\/image\/\",\"url\":\"https:\/\/kapitalis.com\/tunisie\/wp-content\/uploads\/2022\/05\/Kapitalis-big-size.png\",\"contentUrl\":\"https:\/\/kapitalis.com\/tunisie\/wp-content\/uploads\/2022\/05\/Kapitalis-big-size.png\",\"width\":5000,\"height\":1500,\"caption\":\"Kapitalis\"},\"image\":{\"@id\":\"https:\/\/kapitalis.com\/tunisie\/#\/schema\/logo\/image\/\"},\"sameAs\":[\"https:\/\/www.facebook.com\/KapitalisInfo\/\",\"https:\/\/x.com\/KapitalisInfo\",\"https:\/\/www.youtube.com\/channel\/UC-yDYrHyfFBWWZaOw3FPg9Q\"]},{\"@type\":\"Person\",\"@id\":\"https:\/\/kapitalis.com\/tunisie\/#\/schema\/person\/d71f33a9ca44f7bad4698210b480c8e9\",\"name\":\"webmaster kapitalis\",\"url\":\"https:\/\/kapitalis.com\/tunisie\/author\/webmaster-kapitalis\/\"}]}<\/script>\n<!-- \/ Yoast SEO plugin. -->","yoast_head_json":{"title":"Al-Badil lance le projet Safir d\u2019incubation et d\u2019acc\u00e9l\u00e9ration de projets culturels - Kapitalis","robots":{"index":"index","follow":"follow","max-snippet":"max-snippet:-1","max-image-preview":"max-image-preview:large","max-video-preview":"max-video-preview:-1"},"canonical":"https:\/\/kapitalis.com\/tunisie\/2021\/09\/15\/al-badil-lance-le-projet-safir-dincubation-et-dacceleration-de-projets-culturels\/","og_locale":"fr_FR","og_type":"article","og_title":"Al-Badil lance le projet Safir d\u2019incubation et d\u2019acc\u00e9l\u00e9ration de projets culturels - Kapitalis","og_description":"Al-Badil est une association \u00e0 but non lucratif, active depuis 2013. Elle \u0153uvre pour d\u00e9mocratiser l\u2019acc\u00e8s \u00e0 l\u2019art et la culture pour toutes et tous, sur tout le territoire tunisien. Son expertise en ing\u00e9nierie de projets culturels lui permet de proposer des formats culturels innovants et d&rsquo;accompagner au mieux les acteurs de l\u2019\u00e9conomie culturelle et...","og_url":"https:\/\/kapitalis.com\/tunisie\/2021\/09\/15\/al-badil-lance-le-projet-safir-dincubation-et-dacceleration-de-projets-culturels\/","og_site_name":"Kapitalis","article_publisher":"https:\/\/www.facebook.com\/KapitalisInfo\/","article_published_time":"2021-09-15T12:32:42+00:00","article_modified_time":"2021-09-15T12:35:05+00:00","og_image":[{"width":1200,"height":630,"url":"https:\/\/kapitalis.com\/tunisie\/wp-content\/uploads\/2022\/05\/kapitalis-logo-fb.png","type":"image\/png"}],"author":"webmaster kapitalis","twitter_card":"summary_large_image","twitter_creator":"@KapitalisInfo","twitter_site":"@KapitalisInfo","twitter_misc":{"\u00c9crit par":"webmaster kapitalis","Dur\u00e9e de lecture estim\u00e9e":"2 minutes"},"schema":{"@context":"https:\/\/schema.org","@graph":[{"@type":"Article","@id":"https:\/\/kapitalis.com\/tunisie\/2021\/09\/15\/al-badil-lance-le-projet-safir-dincubation-et-dacceleration-de-projets-culturels\/#article","isPartOf":{"@id":"https:\/\/kapitalis.com\/tunisie\/2021\/09\/15\/al-badil-lance-le-projet-safir-dincubation-et-dacceleration-de-projets-culturels\/"},"author":{"name":"webmaster kapitalis","@id":"https:\/\/kapitalis.com\/tunisie\/#\/schema\/person\/d71f33a9ca44f7bad4698210b480c8e9"},"headline":"Al-Badil lance le projet Safir d\u2019incubation et d\u2019acc\u00e9l\u00e9ration de projets culturels","datePublished":"2021-09-15T12:32:42+00:00","dateModified":"2021-09-15T12:35:05+00:00","mainEntityOfPage":{"@id":"https:\/\/kapitalis.com\/tunisie\/2021\/09\/15\/al-badil-lance-le-projet-safir-dincubation-et-dacceleration-de-projets-culturels\/"},"wordCount":334,"commentCount":0,"publisher":{"@id":"https:\/\/kapitalis.com\/tunisie\/#organization"},"image":{"@id":"https:\/\/kapitalis.com\/tunisie\/2021\/09\/15\/al-badil-lance-le-projet-safir-dincubation-et-dacceleration-de-projets-culturels\/#primaryimage"},"thumbnailUrl":"","keywords":["Al-Badil","CFI Media","Institut fran\u00e7ais de Paris","projet Safir","projets culturels","Tunisie"],"articleSection":["CULTURE","Tunisie"],"inLanguage":"fr-FR","potentialAction":[{"@type":"CommentAction","name":"Comment","target":["https:\/\/kapitalis.com\/tunisie\/2021\/09\/15\/al-badil-lance-le-projet-safir-dincubation-et-dacceleration-de-projets-culturels\/#respond"]}]},{"@type":"WebPage","@id":"https:\/\/kapitalis.com\/tunisie\/2021\/09\/15\/al-badil-lance-le-projet-safir-dincubation-et-dacceleration-de-projets-culturels\/","url":"https:\/\/kapitalis.com\/tunisie\/2021\/09\/15\/al-badil-lance-le-projet-safir-dincubation-et-dacceleration-de-projets-culturels\/","name":"Al-Badil lance le projet Safir d\u2019incubation et d\u2019acc\u00e9l\u00e9ration de projets culturels - Kapitalis","isPartOf":{"@id":"https:\/\/kapitalis.com\/tunisie\/#website"},"primaryImageOfPage":{"@id":"https:\/\/kapitalis.com\/tunisie\/2021\/09\/15\/al-badil-lance-le-projet-safir-dincubation-et-dacceleration-de-projets-culturels\/#primaryimage"},"image":{"@id":"https:\/\/kapitalis.com\/tunisie\/2021\/09\/15\/al-badil-lance-le-projet-safir-dincubation-et-dacceleration-de-projets-culturels\/#primaryimage"},"thumbnailUrl":"","datePublished":"2021-09-15T12:32:42+00:00","dateModified":"2021-09-15T12:35:05+00:00","breadcrumb":{"@id":"https:\/\/kapitalis.com\/tunisie\/2021\/09\/15\/al-badil-lance-le-projet-safir-dincubation-et-dacceleration-de-projets-culturels\/#breadcrumb"},"inLanguage":"fr-FR","potentialAction":[{"@type":"ReadAction","target":["https:\/\/kapitalis.com\/tunisie\/2021\/09\/15\/al-badil-lance-le-projet-safir-dincubation-et-dacceleration-de-projets-culturels\/"]}]},{"@type":"ImageObject","inLanguage":"fr-FR","@id":"https:\/\/kapitalis.com\/tunisie\/2021\/09\/15\/al-badil-lance-le-projet-safir-dincubation-et-dacceleration-de-projets-culturels\/#primaryimage","url":"","contentUrl":""},{"@type":"BreadcrumbList","@id":"https:\/\/kapitalis.com\/tunisie\/2021\/09\/15\/al-badil-lance-le-projet-safir-dincubation-et-dacceleration-de-projets-culturels\/#breadcrumb","itemListElement":[{"@type":"ListItem","position":1,"name":"Accueil","item":"https:\/\/kapitalis.com\/tunisie\/"},{"@type":"ListItem","position":2,"name":"Al-Badil lance le projet Safir d\u2019incubation et d\u2019acc\u00e9l\u00e9ration de projets culturels"}]},{"@type":"WebSite","@id":"https:\/\/kapitalis.com\/tunisie\/#website","url":"https:\/\/kapitalis.com\/tunisie\/","name":"Kapitalis","description":"L&#039;actualit\u00e9 en Tunisie et dans le monde","publisher":{"@id":"https:\/\/kapitalis.com\/tunisie\/#organization"},"potentialAction":[{"@type":"SearchAction","target":{"@type":"EntryPoint","urlTemplate":"https:\/\/kapitalis.com\/tunisie\/?s={search_term_string}"},"query-input":{"@type":"PropertyValueSpecification","valueRequired":true,"valueName":"search_term_string"}}],"inLanguage":"fr-FR"},{"@type":"Organization","@id":"https:\/\/kapitalis.com\/tunisie\/#organization","name":"Kapitalis","url":"https:\/\/kapitalis.com\/tunisie\/","logo":{"@type":"ImageObject","inLanguage":"fr-FR","@id":"https:\/\/kapitalis.com\/tunisie\/#\/schema\/logo\/image\/","url":"https:\/\/kapitalis.com\/tunisie\/wp-content\/uploads\/2022\/05\/Kapitalis-big-size.png","contentUrl":"https:\/\/kapitalis.com\/tunisie\/wp-content\/uploads\/2022\/05\/Kapitalis-big-size.png","width":5000,"height":1500,"caption":"Kapitalis"},"image":{"@id":"https:\/\/kapitalis.com\/tunisie\/#\/schema\/logo\/image\/"},"sameAs":["https:\/\/www.facebook.com\/KapitalisInfo\/","https:\/\/x.com\/KapitalisInfo","https:\/\/www.youtube.com\/channel\/UC-yDYrHyfFBWWZaOw3FPg9Q"]},{"@type":"Person","@id":"https:\/\/kapitalis.com\/tunisie\/#\/schema\/person\/d71f33a9ca44f7bad4698210b480c8e9","name":"webmaster kapitalis","url":"https:\/\/kapitalis.com\/tunisie\/author\/webmaster-kapitalis\/"}]}},"_links":{"self":[{"href":"https:\/\/kapitalis.com\/tunisie\/wp-json\/wp\/v2\/posts\/362904","targetHints":{"allow":["GET"]}}],"collection":[{"href":"https:\/\/kapitalis.com\/tunisie\/wp-json\/wp\/v2\/posts"}],"about":[{"href":"https:\/\/kapitalis.com\/tunisie\/wp-json\/wp\/v2\/types\/post"}],"author":[{"embeddable":true,"href":"https:\/\/kapitalis.com\/tunisie\/wp-json\/wp\/v2\/users\/8"}],"replies":[{"embeddable":true,"href":"https:\/\/kapitalis.com\/tunisie\/wp-json\/wp\/v2\/comments?post=362904"}],"version-history":[{"count":0,"href":"https:\/\/kapitalis.com\/tunisie\/wp-json\/wp\/v2\/posts\/362904\/revisions"}],"wp:featuredmedia":[{"embeddable":true,"href":"https:\/\/kapitalis.com\/tunisie\/wp-json\/wp\/v2\/media\/362905"}],"wp:attachment":[{"href":"https:\/\/kapitalis.com\/tunisie\/wp-json\/wp\/v2\/media?parent=362904"}],"wp:term":[{"taxonomy":"category","embeddable":true,"href":"https:\/\/kapitalis.com\/tunisie\/wp-json\/wp\/v2\/categories?post=362904"},{"taxonomy":"post_tag","embeddable":true,"href":"https:\/\/kapitalis.com\/tunisie\/wp-json\/wp\/v2\/tags?post=362904"}],"curies":[{"name":"wp","href":"https:\/\/api.w.org\/{rel}","templated":true}]}}