{"id":363091,"date":"2021-09-16T20:45:01","date_gmt":"2021-09-16T19:45:01","guid":{"rendered":"http:\/\/kapitalis.com\/tunisie\/?p=363091"},"modified":"2021-09-16T20:47:41","modified_gmt":"2021-09-16T19:47:41","slug":"tunisie-le-parti-islamiste-ennahdha-reitere-son-appel-a-lever-le-gel-de-lassemblee","status":"publish","type":"post","link":"https:\/\/kapitalis.com\/tunisie\/2021\/09\/16\/tunisie-le-parti-islamiste-ennahdha-reitere-son-appel-a-lever-le-gel-de-lassemblee\/","title":{"rendered":"Tunisie : Le parti islamiste Ennahdha r\u00e9it\u00e8re son appel \u00e0 lever le gel de l&rsquo;Assembl\u00e9e"},"content":{"rendered":"\n<div class=\"wp-block-image\"><figure class=\"aligncenter size-large\"><img decoding=\"async\" src=\"http:\/\/kapitalis.com\/tunisie\/wp-content\/uploads\/2021\/07\/Ghannouchi-25-juillet-2021.jpg\" alt=\"\" class=\"wp-image-357718\"\/><\/figure><\/div>\n\n\n\n<p><strong><em>A l&rsquo;issue de la r\u00e9union de son bureau ex\u00e9cutif, Ennahdha a publi\u00e9 un communiqu\u00e9, ce jeudi 16 septembre 2021, pour appeler \u00e0 mettre fin \u00e0 l\u2019\u00e9tat d\u2019exception et au gel des activit\u00e9s de l&rsquo;Assembl\u00e9e.<\/em><\/strong><em><strong> Le parti islamiste a aussi d\u00e9nonc\u00e9 ce qu&rsquo;il qualifie de campagnes de d\u00e9nigrement qu&rsquo;il attribue aux partisans du pr\u00e9sident Sa\u00efed<\/strong><\/em>&#8230;<\/p>\n\n\n\n<!--more-->\n\n\n\n<p>Le parti de Rached Ghannouchi s&rsquo;est \u00e9galement adress\u00e9 au pr\u00e9sident de la R\u00e9publique, en l&rsquo;appelant \u00e0 nommer dans les plus brefs d\u00e9lais un chef du gouvernement charg\u00e9 de former une \u00e9quipe gouvernementale pour faire face aux d\u00e9fis \u00e9conomiques et sociaux que traverse le pays, tout en r\u00e9it\u00e9rant son appel au dialogue national \u00ab<em>auquel doivent participer toutes les parties pour sortir le pays de la crise et construire une nouvelle sc\u00e8ne, tout en garantissant la stabilit\u00e9 politique\u00bb.<\/em><\/p>\n\n\n\n<p>Ennahdha est \u00e9galement revenu sur la constitution de 2014, affirmant que celle-ci pr\u00e9voit des m\u00e9canismes pour son amendement selon <em>\u00abun large processus participatif et un consensus entre tous les partis politiques et les repr\u00e9sentants de la soci\u00e9t\u00e9 civile\u00bb.<\/em><\/p>\n\n\n\n<p>Dans ce m\u00eame communiqu\u00e9, Ennahdha a r\u00e9affirm\u00e9 son refus de toute forme de \u00abr<em>estrictions et atteintes aux libert\u00e9s en rappelant son opposition aux proc\u00e8s de civils devant la justice militaire ou encore l&rsquo;assignation \u00e0 r\u00e9sidence et l&rsquo;atteinte \u00e0 la libert\u00e9 de circulation sans proc\u00e9dure judiciaire<\/em>\u00bb, et tout en d\u00e9non\u00e7ant des campagnes de d\u00e9nigrement qu&rsquo;il attribue aux partisans du pr\u00e9sident de la r\u00e9publique.<\/p>\n\n\n\n<p class=\"has-text-align-right\"><strong>Y. N.<\/strong><\/p>\n","protected":false},"excerpt":{"rendered":"<p>A l&rsquo;issue de la r\u00e9union de son bureau ex\u00e9cutif, Ennahdha a publi\u00e9 un communiqu\u00e9, ce jeudi 16 septembre 2021, pour appeler \u00e0 mettre fin \u00e0 l\u2019\u00e9tat d\u2019exception et au gel des activit\u00e9s de l&rsquo;Assembl\u00e9e. Le parti islamiste a aussi d\u00e9nonc\u00e9 ce qu&rsquo;il qualifie de campagnes de d\u00e9nigrement qu&rsquo;il attribue aux partisans du pr\u00e9sident Sa\u00efed&#8230;<\/p>\n","protected":false},"author":6,"featured_media":0,"comment_status":"open","ping_status":"open","sticky":false,"template":"","format":"standard","meta":{"footnotes":""},"categories":[997,2433],"tags":[76920,93,49543,413,5848,1312,87935,62643],"class_list":["post-363091","post","type-post","status-publish","format-standard","hentry","category-politique","category-tunisie","tag-25-juillet","tag-assemblee","tag-ennahdha","tag-ghannouchi","tag-parlement","tag-parti-islamiste","tag-saied-2","tag-tunisie"],"yoast_head":"<!-- This site is optimized with the Yoast SEO plugin v26.6 - https:\/\/yoast.com\/wordpress\/plugins\/seo\/ -->\n<title>Tunisie : Le parti islamiste Ennahdha r\u00e9it\u00e8re son appel \u00e0 lever le gel de l&#039;Assembl\u00e9e - Kapitalis<\/title>\n<meta name=\"robots\" content=\"index, follow, max-snippet:-1, max-image-preview:large, max-video-preview:-1\" \/>\n<link rel=\"canonical\" href=\"https:\/\/kapitalis.com\/tunisie\/2021\/09\/16\/tunisie-le-parti-islamiste-ennahdha-reitere-son-appel-a-lever-le-gel-de-lassemblee\/\" \/>\n<meta property=\"og:locale\" content=\"fr_FR\" \/>\n<meta property=\"og:type\" content=\"article\" \/>\n<meta property=\"og:title\" content=\"Tunisie : Le parti islamiste Ennahdha r\u00e9it\u00e8re son appel \u00e0 lever le gel de l&#039;Assembl\u00e9e - Kapitalis\" \/>\n<meta property=\"og:description\" content=\"A l&rsquo;issue de la r\u00e9union de son bureau ex\u00e9cutif, Ennahdha a publi\u00e9 un communiqu\u00e9, ce jeudi 16 septembre 2021, pour appeler \u00e0 mettre fin \u00e0 l\u2019\u00e9tat d\u2019exception et au gel des activit\u00e9s de l&rsquo;Assembl\u00e9e. Le parti islamiste a aussi d\u00e9nonc\u00e9 ce qu&rsquo;il qualifie de campagnes de d\u00e9nigrement qu&rsquo;il attribue aux partisans du pr\u00e9sident Sa\u00efed&#8230;\" \/>\n<meta property=\"og:url\" content=\"https:\/\/kapitalis.com\/tunisie\/2021\/09\/16\/tunisie-le-parti-islamiste-ennahdha-reitere-son-appel-a-lever-le-gel-de-lassemblee\/\" \/>\n<meta property=\"og:site_name\" content=\"Kapitalis\" \/>\n<meta property=\"article:publisher\" content=\"https:\/\/www.facebook.com\/KapitalisInfo\/\" \/>\n<meta property=\"article:published_time\" content=\"2021-09-16T19:45:01+00:00\" \/>\n<meta property=\"article:modified_time\" content=\"2021-09-16T19:47:41+00:00\" \/>\n<meta property=\"og:image\" content=\"http:\/\/kapitalis.com\/tunisie\/wp-content\/uploads\/2021\/07\/Ghannouchi-25-juillet-2021.jpg\" \/>\n<meta name=\"author\" content=\"Yusra NY\" \/>\n<meta name=\"twitter:card\" content=\"summary_large_image\" \/>\n<meta name=\"twitter:creator\" content=\"@KapitalisInfo\" \/>\n<meta name=\"twitter:site\" content=\"@KapitalisInfo\" \/>\n<meta name=\"twitter:label1\" content=\"\u00c9crit par\" \/>\n\t<meta name=\"twitter:data1\" content=\"Yusra NY\" \/>\n\t<meta name=\"twitter:label2\" content=\"Dur\u00e9e de lecture estim\u00e9e\" \/>\n\t<meta name=\"twitter:data2\" content=\"1 minute\" \/>\n<script type=\"application\/ld+json\" class=\"yoast-schema-graph\">{\"@context\":\"https:\/\/schema.org\",\"@graph\":[{\"@type\":\"Article\",\"@id\":\"https:\/\/kapitalis.com\/tunisie\/2021\/09\/16\/tunisie-le-parti-islamiste-ennahdha-reitere-son-appel-a-lever-le-gel-de-lassemblee\/#article\",\"isPartOf\":{\"@id\":\"https:\/\/kapitalis.com\/tunisie\/2021\/09\/16\/tunisie-le-parti-islamiste-ennahdha-reitere-son-appel-a-lever-le-gel-de-lassemblee\/\"},\"author\":{\"name\":\"Yusra NY\",\"@id\":\"https:\/\/kapitalis.com\/tunisie\/#\/schema\/person\/74bbde0154d49d790a92aaeac5bc01d5\"},\"headline\":\"Tunisie : Le parti islamiste Ennahdha r\u00e9it\u00e8re son appel \u00e0 lever le gel de l&rsquo;Assembl\u00e9e\",\"datePublished\":\"2021-09-16T19:45:01+00:00\",\"dateModified\":\"2021-09-16T19:47:41+00:00\",\"mainEntityOfPage\":{\"@id\":\"https:\/\/kapitalis.com\/tunisie\/2021\/09\/16\/tunisie-le-parti-islamiste-ennahdha-reitere-son-appel-a-lever-le-gel-de-lassemblee\/\"},\"wordCount\":272,\"commentCount\":14,\"publisher\":{\"@id\":\"https:\/\/kapitalis.com\/tunisie\/#organization\"},\"image\":{\"@id\":\"https:\/\/kapitalis.com\/tunisie\/2021\/09\/16\/tunisie-le-parti-islamiste-ennahdha-reitere-son-appel-a-lever-le-gel-de-lassemblee\/#primaryimage\"},\"thumbnailUrl\":\"http:\/\/kapitalis.com\/tunisie\/wp-content\/uploads\/2021\/07\/Ghannouchi-25-juillet-2021.jpg\",\"keywords\":[\"25 juillet\",\"Assembl\u00e9e\",\"Ennahdha\",\"ghannouchi\",\"parlement\",\"parti islamiste\",\"Sa\u00efed\",\"Tunisie\"],\"articleSection\":[\"POLITIQUE\",\"Tunisie\"],\"inLanguage\":\"fr-FR\",\"potentialAction\":[{\"@type\":\"CommentAction\",\"name\":\"Comment\",\"target\":[\"https:\/\/kapitalis.com\/tunisie\/2021\/09\/16\/tunisie-le-parti-islamiste-ennahdha-reitere-son-appel-a-lever-le-gel-de-lassemblee\/#respond\"]}]},{\"@type\":\"WebPage\",\"@id\":\"https:\/\/kapitalis.com\/tunisie\/2021\/09\/16\/tunisie-le-parti-islamiste-ennahdha-reitere-son-appel-a-lever-le-gel-de-lassemblee\/\",\"url\":\"https:\/\/kapitalis.com\/tunisie\/2021\/09\/16\/tunisie-le-parti-islamiste-ennahdha-reitere-son-appel-a-lever-le-gel-de-lassemblee\/\",\"name\":\"Tunisie : Le parti islamiste Ennahdha r\u00e9it\u00e8re son appel \u00e0 lever le gel de l'Assembl\u00e9e - Kapitalis\",\"isPartOf\":{\"@id\":\"https:\/\/kapitalis.com\/tunisie\/#website\"},\"primaryImageOfPage\":{\"@id\":\"https:\/\/kapitalis.com\/tunisie\/2021\/09\/16\/tunisie-le-parti-islamiste-ennahdha-reitere-son-appel-a-lever-le-gel-de-lassemblee\/#primaryimage\"},\"image\":{\"@id\":\"https:\/\/kapitalis.com\/tunisie\/2021\/09\/16\/tunisie-le-parti-islamiste-ennahdha-reitere-son-appel-a-lever-le-gel-de-lassemblee\/#primaryimage\"},\"thumbnailUrl\":\"http:\/\/kapitalis.com\/tunisie\/wp-content\/uploads\/2021\/07\/Ghannouchi-25-juillet-2021.jpg\",\"datePublished\":\"2021-09-16T19:45:01+00:00\",\"dateModified\":\"2021-09-16T19:47:41+00:00\",\"breadcrumb\":{\"@id\":\"https:\/\/kapitalis.com\/tunisie\/2021\/09\/16\/tunisie-le-parti-islamiste-ennahdha-reitere-son-appel-a-lever-le-gel-de-lassemblee\/#breadcrumb\"},\"inLanguage\":\"fr-FR\",\"potentialAction\":[{\"@type\":\"ReadAction\",\"target\":[\"https:\/\/kapitalis.com\/tunisie\/2021\/09\/16\/tunisie-le-parti-islamiste-ennahdha-reitere-son-appel-a-lever-le-gel-de-lassemblee\/\"]}]},{\"@type\":\"ImageObject\",\"inLanguage\":\"fr-FR\",\"@id\":\"https:\/\/kapitalis.com\/tunisie\/2021\/09\/16\/tunisie-le-parti-islamiste-ennahdha-reitere-son-appel-a-lever-le-gel-de-lassemblee\/#primaryimage\",\"url\":\"\",\"contentUrl\":\"\"},{\"@type\":\"BreadcrumbList\",\"@id\":\"https:\/\/kapitalis.com\/tunisie\/2021\/09\/16\/tunisie-le-parti-islamiste-ennahdha-reitere-son-appel-a-lever-le-gel-de-lassemblee\/#breadcrumb\",\"itemListElement\":[{\"@type\":\"ListItem\",\"position\":1,\"name\":\"Accueil\",\"item\":\"https:\/\/kapitalis.com\/tunisie\/\"},{\"@type\":\"ListItem\",\"position\":2,\"name\":\"Tunisie : Le parti islamiste Ennahdha r\u00e9it\u00e8re son appel \u00e0 lever le gel de l&rsquo;Assembl\u00e9e\"}]},{\"@type\":\"WebSite\",\"@id\":\"https:\/\/kapitalis.com\/tunisie\/#website\",\"url\":\"https:\/\/kapitalis.com\/tunisie\/\",\"name\":\"Kapitalis\",\"description\":\"L&#039;actualit\u00e9 en Tunisie et dans le monde\",\"publisher\":{\"@id\":\"https:\/\/kapitalis.com\/tunisie\/#organization\"},\"potentialAction\":[{\"@type\":\"SearchAction\",\"target\":{\"@type\":\"EntryPoint\",\"urlTemplate\":\"https:\/\/kapitalis.com\/tunisie\/?s={search_term_string}\"},\"query-input\":{\"@type\":\"PropertyValueSpecification\",\"valueRequired\":true,\"valueName\":\"search_term_string\"}}],\"inLanguage\":\"fr-FR\"},{\"@type\":\"Organization\",\"@id\":\"https:\/\/kapitalis.com\/tunisie\/#organization\",\"name\":\"Kapitalis\",\"url\":\"https:\/\/kapitalis.com\/tunisie\/\",\"logo\":{\"@type\":\"ImageObject\",\"inLanguage\":\"fr-FR\",\"@id\":\"https:\/\/kapitalis.com\/tunisie\/#\/schema\/logo\/image\/\",\"url\":\"https:\/\/kapitalis.com\/tunisie\/wp-content\/uploads\/2022\/05\/Kapitalis-big-size.png\",\"contentUrl\":\"https:\/\/kapitalis.com\/tunisie\/wp-content\/uploads\/2022\/05\/Kapitalis-big-size.png\",\"width\":5000,\"height\":1500,\"caption\":\"Kapitalis\"},\"image\":{\"@id\":\"https:\/\/kapitalis.com\/tunisie\/#\/schema\/logo\/image\/\"},\"sameAs\":[\"https:\/\/www.facebook.com\/KapitalisInfo\/\",\"https:\/\/x.com\/KapitalisInfo\",\"https:\/\/www.youtube.com\/channel\/UC-yDYrHyfFBWWZaOw3FPg9Q\"]},{\"@type\":\"Person\",\"@id\":\"https:\/\/kapitalis.com\/tunisie\/#\/schema\/person\/74bbde0154d49d790a92aaeac5bc01d5\",\"name\":\"Yusra NY\",\"url\":\"https:\/\/kapitalis.com\/tunisie\/author\/yuza_adam\/\"}]}<\/script>\n<!-- \/ Yoast SEO plugin. -->","yoast_head_json":{"title":"Tunisie : Le parti islamiste Ennahdha r\u00e9it\u00e8re son appel \u00e0 lever le gel de l'Assembl\u00e9e - Kapitalis","robots":{"index":"index","follow":"follow","max-snippet":"max-snippet:-1","max-image-preview":"max-image-preview:large","max-video-preview":"max-video-preview:-1"},"canonical":"https:\/\/kapitalis.com\/tunisie\/2021\/09\/16\/tunisie-le-parti-islamiste-ennahdha-reitere-son-appel-a-lever-le-gel-de-lassemblee\/","og_locale":"fr_FR","og_type":"article","og_title":"Tunisie : Le parti islamiste Ennahdha r\u00e9it\u00e8re son appel \u00e0 lever le gel de l'Assembl\u00e9e - Kapitalis","og_description":"A l&rsquo;issue de la r\u00e9union de son bureau ex\u00e9cutif, Ennahdha a publi\u00e9 un communiqu\u00e9, ce jeudi 16 septembre 2021, pour appeler \u00e0 mettre fin \u00e0 l\u2019\u00e9tat d\u2019exception et au gel des activit\u00e9s de l&rsquo;Assembl\u00e9e. Le parti islamiste a aussi d\u00e9nonc\u00e9 ce qu&rsquo;il qualifie de campagnes de d\u00e9nigrement qu&rsquo;il attribue aux partisans du pr\u00e9sident Sa\u00efed&#8230;","og_url":"https:\/\/kapitalis.com\/tunisie\/2021\/09\/16\/tunisie-le-parti-islamiste-ennahdha-reitere-son-appel-a-lever-le-gel-de-lassemblee\/","og_site_name":"Kapitalis","article_publisher":"https:\/\/www.facebook.com\/KapitalisInfo\/","article_published_time":"2021-09-16T19:45:01+00:00","article_modified_time":"2021-09-16T19:47:41+00:00","og_image":[{"url":"http:\/\/kapitalis.com\/tunisie\/wp-content\/uploads\/2021\/07\/Ghannouchi-25-juillet-2021.jpg","type":"","width":"","height":""}],"author":"Yusra NY","twitter_card":"summary_large_image","twitter_creator":"@KapitalisInfo","twitter_site":"@KapitalisInfo","twitter_misc":{"\u00c9crit par":"Yusra NY","Dur\u00e9e de lecture estim\u00e9e":"1 minute"},"schema":{"@context":"https:\/\/schema.org","@graph":[{"@type":"Article","@id":"https:\/\/kapitalis.com\/tunisie\/2021\/09\/16\/tunisie-le-parti-islamiste-ennahdha-reitere-son-appel-a-lever-le-gel-de-lassemblee\/#article","isPartOf":{"@id":"https:\/\/kapitalis.com\/tunisie\/2021\/09\/16\/tunisie-le-parti-islamiste-ennahdha-reitere-son-appel-a-lever-le-gel-de-lassemblee\/"},"author":{"name":"Yusra NY","@id":"https:\/\/kapitalis.com\/tunisie\/#\/schema\/person\/74bbde0154d49d790a92aaeac5bc01d5"},"headline":"Tunisie : Le parti islamiste Ennahdha r\u00e9it\u00e8re son appel \u00e0 lever le gel de l&rsquo;Assembl\u00e9e","datePublished":"2021-09-16T19:45:01+00:00","dateModified":"2021-09-16T19:47:41+00:00","mainEntityOfPage":{"@id":"https:\/\/kapitalis.com\/tunisie\/2021\/09\/16\/tunisie-le-parti-islamiste-ennahdha-reitere-son-appel-a-lever-le-gel-de-lassemblee\/"},"wordCount":272,"commentCount":14,"publisher":{"@id":"https:\/\/kapitalis.com\/tunisie\/#organization"},"image":{"@id":"https:\/\/kapitalis.com\/tunisie\/2021\/09\/16\/tunisie-le-parti-islamiste-ennahdha-reitere-son-appel-a-lever-le-gel-de-lassemblee\/#primaryimage"},"thumbnailUrl":"http:\/\/kapitalis.com\/tunisie\/wp-content\/uploads\/2021\/07\/Ghannouchi-25-juillet-2021.jpg","keywords":["25 juillet","Assembl\u00e9e","Ennahdha","ghannouchi","parlement","parti islamiste","Sa\u00efed","Tunisie"],"articleSection":["POLITIQUE","Tunisie"],"inLanguage":"fr-FR","potentialAction":[{"@type":"CommentAction","name":"Comment","target":["https:\/\/kapitalis.com\/tunisie\/2021\/09\/16\/tunisie-le-parti-islamiste-ennahdha-reitere-son-appel-a-lever-le-gel-de-lassemblee\/#respond"]}]},{"@type":"WebPage","@id":"https:\/\/kapitalis.com\/tunisie\/2021\/09\/16\/tunisie-le-parti-islamiste-ennahdha-reitere-son-appel-a-lever-le-gel-de-lassemblee\/","url":"https:\/\/kapitalis.com\/tunisie\/2021\/09\/16\/tunisie-le-parti-islamiste-ennahdha-reitere-son-appel-a-lever-le-gel-de-lassemblee\/","name":"Tunisie : Le parti islamiste Ennahdha r\u00e9it\u00e8re son appel \u00e0 lever le gel de l'Assembl\u00e9e - Kapitalis","isPartOf":{"@id":"https:\/\/kapitalis.com\/tunisie\/#website"},"primaryImageOfPage":{"@id":"https:\/\/kapitalis.com\/tunisie\/2021\/09\/16\/tunisie-le-parti-islamiste-ennahdha-reitere-son-appel-a-lever-le-gel-de-lassemblee\/#primaryimage"},"image":{"@id":"https:\/\/kapitalis.com\/tunisie\/2021\/09\/16\/tunisie-le-parti-islamiste-ennahdha-reitere-son-appel-a-lever-le-gel-de-lassemblee\/#primaryimage"},"thumbnailUrl":"http:\/\/kapitalis.com\/tunisie\/wp-content\/uploads\/2021\/07\/Ghannouchi-25-juillet-2021.jpg","datePublished":"2021-09-16T19:45:01+00:00","dateModified":"2021-09-16T19:47:41+00:00","breadcrumb":{"@id":"https:\/\/kapitalis.com\/tunisie\/2021\/09\/16\/tunisie-le-parti-islamiste-ennahdha-reitere-son-appel-a-lever-le-gel-de-lassemblee\/#breadcrumb"},"inLanguage":"fr-FR","potentialAction":[{"@type":"ReadAction","target":["https:\/\/kapitalis.com\/tunisie\/2021\/09\/16\/tunisie-le-parti-islamiste-ennahdha-reitere-son-appel-a-lever-le-gel-de-lassemblee\/"]}]},{"@type":"ImageObject","inLanguage":"fr-FR","@id":"https:\/\/kapitalis.com\/tunisie\/2021\/09\/16\/tunisie-le-parti-islamiste-ennahdha-reitere-son-appel-a-lever-le-gel-de-lassemblee\/#primaryimage","url":"","contentUrl":""},{"@type":"BreadcrumbList","@id":"https:\/\/kapitalis.com\/tunisie\/2021\/09\/16\/tunisie-le-parti-islamiste-ennahdha-reitere-son-appel-a-lever-le-gel-de-lassemblee\/#breadcrumb","itemListElement":[{"@type":"ListItem","position":1,"name":"Accueil","item":"https:\/\/kapitalis.com\/tunisie\/"},{"@type":"ListItem","position":2,"name":"Tunisie : Le parti islamiste Ennahdha r\u00e9it\u00e8re son appel \u00e0 lever le gel de l&rsquo;Assembl\u00e9e"}]},{"@type":"WebSite","@id":"https:\/\/kapitalis.com\/tunisie\/#website","url":"https:\/\/kapitalis.com\/tunisie\/","name":"Kapitalis","description":"L&#039;actualit\u00e9 en Tunisie et dans le monde","publisher":{"@id":"https:\/\/kapitalis.com\/tunisie\/#organization"},"potentialAction":[{"@type":"SearchAction","target":{"@type":"EntryPoint","urlTemplate":"https:\/\/kapitalis.com\/tunisie\/?s={search_term_string}"},"query-input":{"@type":"PropertyValueSpecification","valueRequired":true,"valueName":"search_term_string"}}],"inLanguage":"fr-FR"},{"@type":"Organization","@id":"https:\/\/kapitalis.com\/tunisie\/#organization","name":"Kapitalis","url":"https:\/\/kapitalis.com\/tunisie\/","logo":{"@type":"ImageObject","inLanguage":"fr-FR","@id":"https:\/\/kapitalis.com\/tunisie\/#\/schema\/logo\/image\/","url":"https:\/\/kapitalis.com\/tunisie\/wp-content\/uploads\/2022\/05\/Kapitalis-big-size.png","contentUrl":"https:\/\/kapitalis.com\/tunisie\/wp-content\/uploads\/2022\/05\/Kapitalis-big-size.png","width":5000,"height":1500,"caption":"Kapitalis"},"image":{"@id":"https:\/\/kapitalis.com\/tunisie\/#\/schema\/logo\/image\/"},"sameAs":["https:\/\/www.facebook.com\/KapitalisInfo\/","https:\/\/x.com\/KapitalisInfo","https:\/\/www.youtube.com\/channel\/UC-yDYrHyfFBWWZaOw3FPg9Q"]},{"@type":"Person","@id":"https:\/\/kapitalis.com\/tunisie\/#\/schema\/person\/74bbde0154d49d790a92aaeac5bc01d5","name":"Yusra NY","url":"https:\/\/kapitalis.com\/tunisie\/author\/yuza_adam\/"}]}},"_links":{"self":[{"href":"https:\/\/kapitalis.com\/tunisie\/wp-json\/wp\/v2\/posts\/363091","targetHints":{"allow":["GET"]}}],"collection":[{"href":"https:\/\/kapitalis.com\/tunisie\/wp-json\/wp\/v2\/posts"}],"about":[{"href":"https:\/\/kapitalis.com\/tunisie\/wp-json\/wp\/v2\/types\/post"}],"author":[{"embeddable":true,"href":"https:\/\/kapitalis.com\/tunisie\/wp-json\/wp\/v2\/users\/6"}],"replies":[{"embeddable":true,"href":"https:\/\/kapitalis.com\/tunisie\/wp-json\/wp\/v2\/comments?post=363091"}],"version-history":[{"count":0,"href":"https:\/\/kapitalis.com\/tunisie\/wp-json\/wp\/v2\/posts\/363091\/revisions"}],"wp:attachment":[{"href":"https:\/\/kapitalis.com\/tunisie\/wp-json\/wp\/v2\/media?parent=363091"}],"wp:term":[{"taxonomy":"category","embeddable":true,"href":"https:\/\/kapitalis.com\/tunisie\/wp-json\/wp\/v2\/categories?post=363091"},{"taxonomy":"post_tag","embeddable":true,"href":"https:\/\/kapitalis.com\/tunisie\/wp-json\/wp\/v2\/tags?post=363091"}],"curies":[{"name":"wp","href":"https:\/\/api.w.org\/{rel}","templated":true}]}}