{"id":363105,"date":"2021-09-17T09:14:43","date_gmt":"2021-09-17T08:14:43","guid":{"rendered":"http:\/\/kapitalis.com\/tunisie\/?p=363105"},"modified":"2021-09-17T09:19:34","modified_gmt":"2021-09-17T08:19:34","slug":"tunisie-les-etats-generaux-du-livre-seront-suivis-par-le-congres-mondial-des-ecrivains-francophones-a-la-cite-de-la-culture","status":"publish","type":"post","link":"https:\/\/kapitalis.com\/tunisie\/2021\/09\/17\/tunisie-les-etats-generaux-du-livre-seront-suivis-par-le-congres-mondial-des-ecrivains-francophones-a-la-cite-de-la-culture\/","title":{"rendered":"Tunisie : Les Etats G\u00e9n\u00e9raux du Livre seront suivis par le Congr\u00e8s mondial des \u00e9crivains francophones \u00e0 la Cit\u00e9 de la Culture"},"content":{"rendered":"\n<div class=\"wp-block-image\"><figure class=\"aligncenter size-large\"><img decoding=\"async\" src=\"http:\/\/kapitalis.com\/tunisie\/wp-content\/uploads\/2021\/09\/Untitled-1-6.jpg\" alt=\"\" class=\"wp-image-363110\"\/><\/figure><\/div>\n\n\n\n<p><strong><em>En plus des Etats G\u00e9n\u00e9raux du livre en langue fran\u00e7aise, la Cit\u00e9 de la Culture accueillera \u00e9galement ce mois le Congr\u00e8s mondial des \u00e9crivains francophones. L\u2019\u00e9v\u00e9nement sera ouvert au public et comptera la pr\u00e9sence de grands noms de la litt\u00e9rature francophone \u00e0 l\u2019instar de Le\u00efla Slimani, Boualem Sansal, Kamel Daoud ou encore Alain Mabanckou.<\/em><\/strong><\/p>\n\n\n\n<!--more-->\n\n\n\n<p>En marge du 18<sup>e<\/sup> Sommet de la Francophonie pr\u00e9vu d\u2019avoir lieu au mois de novembre prochain \u00e0 l\u2019\u00eele de Djerba, deux grand \u00e9v\u00e9nements d\u00e9di\u00e9s au livre et \u00e0 la litt\u00e9rature francophones se tiendront ce mois \u00e0 Tunis.<\/p>\n\n\n\n<p>La Cit\u00e9 de la Culture accueillera d\u2019abord les 23 et 24 septembre courant les Etats G\u00e9n\u00e9raux du livre en langue fran\u00e7aise, l&rsquo;\u00e9v\u00e9nement sera suivi les 25 et 26 du m\u00eame mois par le Congr\u00e8s mondial des \u00e9crivains francophones.<\/p>\n\n\n\n<p>Organis\u00e9 par l\u2019Association \u00abEtonnants Voyageurs&nbsp;\u00bb en partenariat avec le minist\u00e8re des Affaires culturelles tunisien, le minist\u00e8re de la Culture fran\u00e7ais, le minist\u00e8re de l\u2019Europe et des Affaires \u00c9trang\u00e8res, l&rsquo;OIF et l\u2019IFT, le Congr\u00e8s proposera durant deux journ\u00e9es enti\u00e8res des rencontres et des d\u00e9bats entre des romanciers, des po\u00e8tes et des essayistes d\u2019expression fran\u00e7aise issus du monde entier pour \u00e9changer autour de la litt\u00e9rature, de l\u2019identit\u00e9 et \u00e9videmment de la francophonie.<\/p>\n\n\n\n<p>Le comit\u00e9 litt\u00e9raire sera compos\u00e9 de Le\u00efla Slimani, Fawzia Zouari, Laurent Gaud\u00e9, Yanick Lahens et Felwine Sarr. Et parmi les invit\u00e9s de marque on comptera la pr\u00e9sence de Boualem Sansal, Kamel Daoud, Pascal Blanchard,Yamen Mana\u00ef \u2026<\/p>\n\n\n\n<p>Le public pourra suivre le Congr\u00e8s en pr\u00e9sentiel, mais \u00e9galement en ligne sur les r\u00e9seaux sociaux.<\/p>\n\n\n\n<p class=\"has-text-align-right\"><strong>Fawz Benali<\/strong><\/p>\n","protected":false},"excerpt":{"rendered":"<p>En plus des Etats G\u00e9n\u00e9raux du livre en langue fran\u00e7aise, la Cit\u00e9 de la Culture accueillera \u00e9galement ce mois le Congr\u00e8s mondial des \u00e9crivains francophones. L\u2019\u00e9v\u00e9nement sera ouvert au public et comptera la pr\u00e9sence de grands noms de la litt\u00e9rature francophone \u00e0 l\u2019instar de Le\u00efla Slimani, Boualem Sansal, Kamel Daoud ou encore Alain Mabanckou.<\/p>\n","protected":false},"author":26,"featured_media":363110,"comment_status":"open","ping_status":"open","sticky":false,"template":"","format":"standard","meta":{"footnotes":""},"categories":[994,2433],"tags":[43554,93422,8230,74718,91745,62643],"class_list":["post-363105","post","type-post","status-publish","format-standard","has-post-thumbnail","hentry","category-culture","category-tunisie","tag-cite-de-la-culture-de-tunis","tag-congres-mondial-des-ecrivains-de-langue-francaise","tag-francophonie","tag-leila-slimani","tag-litterature-francophone","tag-tunisie"],"yoast_head":"<!-- This site is optimized with the Yoast SEO plugin v26.6 - https:\/\/yoast.com\/wordpress\/plugins\/seo\/ -->\n<title>Tunisie : Les Etats G\u00e9n\u00e9raux du Livre seront suivis par le Congr\u00e8s mondial des \u00e9crivains francophones \u00e0 la Cit\u00e9 de la Culture - Kapitalis<\/title>\n<meta name=\"robots\" content=\"index, follow, max-snippet:-1, max-image-preview:large, max-video-preview:-1\" \/>\n<link rel=\"canonical\" href=\"https:\/\/kapitalis.com\/tunisie\/2021\/09\/17\/tunisie-les-etats-generaux-du-livre-seront-suivis-par-le-congres-mondial-des-ecrivains-francophones-a-la-cite-de-la-culture\/\" \/>\n<meta property=\"og:locale\" content=\"fr_FR\" \/>\n<meta property=\"og:type\" content=\"article\" \/>\n<meta property=\"og:title\" content=\"Tunisie : Les Etats G\u00e9n\u00e9raux du Livre seront suivis par le Congr\u00e8s mondial des \u00e9crivains francophones \u00e0 la Cit\u00e9 de la Culture - Kapitalis\" \/>\n<meta property=\"og:description\" content=\"En plus des Etats G\u00e9n\u00e9raux du livre en langue fran\u00e7aise, la Cit\u00e9 de la Culture accueillera \u00e9galement ce mois le Congr\u00e8s mondial des \u00e9crivains francophones. L\u2019\u00e9v\u00e9nement sera ouvert au public et comptera la pr\u00e9sence de grands noms de la litt\u00e9rature francophone \u00e0 l\u2019instar de Le\u00efla Slimani, Boualem Sansal, Kamel Daoud ou encore Alain Mabanckou.\" \/>\n<meta property=\"og:url\" content=\"https:\/\/kapitalis.com\/tunisie\/2021\/09\/17\/tunisie-les-etats-generaux-du-livre-seront-suivis-par-le-congres-mondial-des-ecrivains-francophones-a-la-cite-de-la-culture\/\" \/>\n<meta property=\"og:site_name\" content=\"Kapitalis\" \/>\n<meta property=\"article:publisher\" content=\"https:\/\/www.facebook.com\/KapitalisInfo\/\" \/>\n<meta property=\"article:published_time\" content=\"2021-09-17T08:14:43+00:00\" \/>\n<meta property=\"article:modified_time\" content=\"2021-09-17T08:19:34+00:00\" \/>\n<meta property=\"og:image\" content=\"https:\/\/kapitalis.com\/tunisie\/wp-content\/uploads\/2022\/05\/kapitalis-logo-fb.png\" \/>\n\t<meta property=\"og:image:width\" content=\"1200\" \/>\n\t<meta property=\"og:image:height\" content=\"630\" \/>\n\t<meta property=\"og:image:type\" content=\"image\/png\" \/>\n<meta name=\"author\" content=\"Fawz BenAli\" \/>\n<meta name=\"twitter:card\" content=\"summary_large_image\" \/>\n<meta name=\"twitter:creator\" content=\"@KapitalisInfo\" \/>\n<meta name=\"twitter:site\" content=\"@KapitalisInfo\" \/>\n<meta name=\"twitter:label1\" content=\"\u00c9crit par\" \/>\n\t<meta name=\"twitter:data1\" content=\"Fawz BenAli\" \/>\n\t<meta name=\"twitter:label2\" content=\"Dur\u00e9e de lecture estim\u00e9e\" \/>\n\t<meta name=\"twitter:data2\" content=\"1 minute\" \/>\n<script type=\"application\/ld+json\" class=\"yoast-schema-graph\">{\"@context\":\"https:\/\/schema.org\",\"@graph\":[{\"@type\":\"Article\",\"@id\":\"https:\/\/kapitalis.com\/tunisie\/2021\/09\/17\/tunisie-les-etats-generaux-du-livre-seront-suivis-par-le-congres-mondial-des-ecrivains-francophones-a-la-cite-de-la-culture\/#article\",\"isPartOf\":{\"@id\":\"https:\/\/kapitalis.com\/tunisie\/2021\/09\/17\/tunisie-les-etats-generaux-du-livre-seront-suivis-par-le-congres-mondial-des-ecrivains-francophones-a-la-cite-de-la-culture\/\"},\"author\":{\"name\":\"Fawz BenAli\",\"@id\":\"https:\/\/kapitalis.com\/tunisie\/#\/schema\/person\/73a5ecc1f6ae540c6ed91342eadca948\"},\"headline\":\"Tunisie : Les Etats G\u00e9n\u00e9raux du Livre seront suivis par le Congr\u00e8s mondial des \u00e9crivains francophones \u00e0 la Cit\u00e9 de la Culture\",\"datePublished\":\"2021-09-17T08:14:43+00:00\",\"dateModified\":\"2021-09-17T08:19:34+00:00\",\"mainEntityOfPage\":{\"@id\":\"https:\/\/kapitalis.com\/tunisie\/2021\/09\/17\/tunisie-les-etats-generaux-du-livre-seront-suivis-par-le-congres-mondial-des-ecrivains-francophones-a-la-cite-de-la-culture\/\"},\"wordCount\":318,\"commentCount\":2,\"publisher\":{\"@id\":\"https:\/\/kapitalis.com\/tunisie\/#organization\"},\"image\":{\"@id\":\"https:\/\/kapitalis.com\/tunisie\/2021\/09\/17\/tunisie-les-etats-generaux-du-livre-seront-suivis-par-le-congres-mondial-des-ecrivains-francophones-a-la-cite-de-la-culture\/#primaryimage\"},\"thumbnailUrl\":\"\",\"keywords\":[\"Cit\u00e9 de la Culture de Tunis\",\"Congr\u00e8s mondial des \u00e9crivains de langue fran\u00e7aise\",\"francophonie\",\"Le\u00efla Slimani\",\"litt\u00e9rature francophone\",\"Tunisie\"],\"articleSection\":[\"CULTURE\",\"Tunisie\"],\"inLanguage\":\"fr-FR\",\"potentialAction\":[{\"@type\":\"CommentAction\",\"name\":\"Comment\",\"target\":[\"https:\/\/kapitalis.com\/tunisie\/2021\/09\/17\/tunisie-les-etats-generaux-du-livre-seront-suivis-par-le-congres-mondial-des-ecrivains-francophones-a-la-cite-de-la-culture\/#respond\"]}]},{\"@type\":\"WebPage\",\"@id\":\"https:\/\/kapitalis.com\/tunisie\/2021\/09\/17\/tunisie-les-etats-generaux-du-livre-seront-suivis-par-le-congres-mondial-des-ecrivains-francophones-a-la-cite-de-la-culture\/\",\"url\":\"https:\/\/kapitalis.com\/tunisie\/2021\/09\/17\/tunisie-les-etats-generaux-du-livre-seront-suivis-par-le-congres-mondial-des-ecrivains-francophones-a-la-cite-de-la-culture\/\",\"name\":\"Tunisie : Les Etats G\u00e9n\u00e9raux du Livre seront suivis par le Congr\u00e8s mondial des \u00e9crivains francophones \u00e0 la Cit\u00e9 de la Culture - Kapitalis\",\"isPartOf\":{\"@id\":\"https:\/\/kapitalis.com\/tunisie\/#website\"},\"primaryImageOfPage\":{\"@id\":\"https:\/\/kapitalis.com\/tunisie\/2021\/09\/17\/tunisie-les-etats-generaux-du-livre-seront-suivis-par-le-congres-mondial-des-ecrivains-francophones-a-la-cite-de-la-culture\/#primaryimage\"},\"image\":{\"@id\":\"https:\/\/kapitalis.com\/tunisie\/2021\/09\/17\/tunisie-les-etats-generaux-du-livre-seront-suivis-par-le-congres-mondial-des-ecrivains-francophones-a-la-cite-de-la-culture\/#primaryimage\"},\"thumbnailUrl\":\"\",\"datePublished\":\"2021-09-17T08:14:43+00:00\",\"dateModified\":\"2021-09-17T08:19:34+00:00\",\"breadcrumb\":{\"@id\":\"https:\/\/kapitalis.com\/tunisie\/2021\/09\/17\/tunisie-les-etats-generaux-du-livre-seront-suivis-par-le-congres-mondial-des-ecrivains-francophones-a-la-cite-de-la-culture\/#breadcrumb\"},\"inLanguage\":\"fr-FR\",\"potentialAction\":[{\"@type\":\"ReadAction\",\"target\":[\"https:\/\/kapitalis.com\/tunisie\/2021\/09\/17\/tunisie-les-etats-generaux-du-livre-seront-suivis-par-le-congres-mondial-des-ecrivains-francophones-a-la-cite-de-la-culture\/\"]}]},{\"@type\":\"ImageObject\",\"inLanguage\":\"fr-FR\",\"@id\":\"https:\/\/kapitalis.com\/tunisie\/2021\/09\/17\/tunisie-les-etats-generaux-du-livre-seront-suivis-par-le-congres-mondial-des-ecrivains-francophones-a-la-cite-de-la-culture\/#primaryimage\",\"url\":\"\",\"contentUrl\":\"\"},{\"@type\":\"BreadcrumbList\",\"@id\":\"https:\/\/kapitalis.com\/tunisie\/2021\/09\/17\/tunisie-les-etats-generaux-du-livre-seront-suivis-par-le-congres-mondial-des-ecrivains-francophones-a-la-cite-de-la-culture\/#breadcrumb\",\"itemListElement\":[{\"@type\":\"ListItem\",\"position\":1,\"name\":\"Accueil\",\"item\":\"https:\/\/kapitalis.com\/tunisie\/\"},{\"@type\":\"ListItem\",\"position\":2,\"name\":\"Tunisie : Les Etats G\u00e9n\u00e9raux du Livre seront suivis par le Congr\u00e8s mondial des \u00e9crivains francophones \u00e0 la Cit\u00e9 de la Culture\"}]},{\"@type\":\"WebSite\",\"@id\":\"https:\/\/kapitalis.com\/tunisie\/#website\",\"url\":\"https:\/\/kapitalis.com\/tunisie\/\",\"name\":\"Kapitalis\",\"description\":\"L&#039;actualit\u00e9 en Tunisie et dans le monde\",\"publisher\":{\"@id\":\"https:\/\/kapitalis.com\/tunisie\/#organization\"},\"potentialAction\":[{\"@type\":\"SearchAction\",\"target\":{\"@type\":\"EntryPoint\",\"urlTemplate\":\"https:\/\/kapitalis.com\/tunisie\/?s={search_term_string}\"},\"query-input\":{\"@type\":\"PropertyValueSpecification\",\"valueRequired\":true,\"valueName\":\"search_term_string\"}}],\"inLanguage\":\"fr-FR\"},{\"@type\":\"Organization\",\"@id\":\"https:\/\/kapitalis.com\/tunisie\/#organization\",\"name\":\"Kapitalis\",\"url\":\"https:\/\/kapitalis.com\/tunisie\/\",\"logo\":{\"@type\":\"ImageObject\",\"inLanguage\":\"fr-FR\",\"@id\":\"https:\/\/kapitalis.com\/tunisie\/#\/schema\/logo\/image\/\",\"url\":\"https:\/\/kapitalis.com\/tunisie\/wp-content\/uploads\/2022\/05\/Kapitalis-big-size.png\",\"contentUrl\":\"https:\/\/kapitalis.com\/tunisie\/wp-content\/uploads\/2022\/05\/Kapitalis-big-size.png\",\"width\":5000,\"height\":1500,\"caption\":\"Kapitalis\"},\"image\":{\"@id\":\"https:\/\/kapitalis.com\/tunisie\/#\/schema\/logo\/image\/\"},\"sameAs\":[\"https:\/\/www.facebook.com\/KapitalisInfo\/\",\"https:\/\/x.com\/KapitalisInfo\",\"https:\/\/www.youtube.com\/channel\/UC-yDYrHyfFBWWZaOw3FPg9Q\"]},{\"@type\":\"Person\",\"@id\":\"https:\/\/kapitalis.com\/tunisie\/#\/schema\/person\/73a5ecc1f6ae540c6ed91342eadca948\",\"name\":\"Fawz BenAli\",\"url\":\"https:\/\/kapitalis.com\/tunisie\/author\/fawz\/\"}]}<\/script>\n<!-- \/ Yoast SEO plugin. -->","yoast_head_json":{"title":"Tunisie : Les Etats G\u00e9n\u00e9raux du Livre seront suivis par le Congr\u00e8s mondial des \u00e9crivains francophones \u00e0 la Cit\u00e9 de la Culture - Kapitalis","robots":{"index":"index","follow":"follow","max-snippet":"max-snippet:-1","max-image-preview":"max-image-preview:large","max-video-preview":"max-video-preview:-1"},"canonical":"https:\/\/kapitalis.com\/tunisie\/2021\/09\/17\/tunisie-les-etats-generaux-du-livre-seront-suivis-par-le-congres-mondial-des-ecrivains-francophones-a-la-cite-de-la-culture\/","og_locale":"fr_FR","og_type":"article","og_title":"Tunisie : Les Etats G\u00e9n\u00e9raux du Livre seront suivis par le Congr\u00e8s mondial des \u00e9crivains francophones \u00e0 la Cit\u00e9 de la Culture - Kapitalis","og_description":"En plus des Etats G\u00e9n\u00e9raux du livre en langue fran\u00e7aise, la Cit\u00e9 de la Culture accueillera \u00e9galement ce mois le Congr\u00e8s mondial des \u00e9crivains francophones. L\u2019\u00e9v\u00e9nement sera ouvert au public et comptera la pr\u00e9sence de grands noms de la litt\u00e9rature francophone \u00e0 l\u2019instar de Le\u00efla Slimani, Boualem Sansal, Kamel Daoud ou encore Alain Mabanckou.","og_url":"https:\/\/kapitalis.com\/tunisie\/2021\/09\/17\/tunisie-les-etats-generaux-du-livre-seront-suivis-par-le-congres-mondial-des-ecrivains-francophones-a-la-cite-de-la-culture\/","og_site_name":"Kapitalis","article_publisher":"https:\/\/www.facebook.com\/KapitalisInfo\/","article_published_time":"2021-09-17T08:14:43+00:00","article_modified_time":"2021-09-17T08:19:34+00:00","og_image":[{"width":1200,"height":630,"url":"https:\/\/kapitalis.com\/tunisie\/wp-content\/uploads\/2022\/05\/kapitalis-logo-fb.png","type":"image\/png"}],"author":"Fawz BenAli","twitter_card":"summary_large_image","twitter_creator":"@KapitalisInfo","twitter_site":"@KapitalisInfo","twitter_misc":{"\u00c9crit par":"Fawz BenAli","Dur\u00e9e de lecture estim\u00e9e":"1 minute"},"schema":{"@context":"https:\/\/schema.org","@graph":[{"@type":"Article","@id":"https:\/\/kapitalis.com\/tunisie\/2021\/09\/17\/tunisie-les-etats-generaux-du-livre-seront-suivis-par-le-congres-mondial-des-ecrivains-francophones-a-la-cite-de-la-culture\/#article","isPartOf":{"@id":"https:\/\/kapitalis.com\/tunisie\/2021\/09\/17\/tunisie-les-etats-generaux-du-livre-seront-suivis-par-le-congres-mondial-des-ecrivains-francophones-a-la-cite-de-la-culture\/"},"author":{"name":"Fawz BenAli","@id":"https:\/\/kapitalis.com\/tunisie\/#\/schema\/person\/73a5ecc1f6ae540c6ed91342eadca948"},"headline":"Tunisie : Les Etats G\u00e9n\u00e9raux du Livre seront suivis par le Congr\u00e8s mondial des \u00e9crivains francophones \u00e0 la Cit\u00e9 de la Culture","datePublished":"2021-09-17T08:14:43+00:00","dateModified":"2021-09-17T08:19:34+00:00","mainEntityOfPage":{"@id":"https:\/\/kapitalis.com\/tunisie\/2021\/09\/17\/tunisie-les-etats-generaux-du-livre-seront-suivis-par-le-congres-mondial-des-ecrivains-francophones-a-la-cite-de-la-culture\/"},"wordCount":318,"commentCount":2,"publisher":{"@id":"https:\/\/kapitalis.com\/tunisie\/#organization"},"image":{"@id":"https:\/\/kapitalis.com\/tunisie\/2021\/09\/17\/tunisie-les-etats-generaux-du-livre-seront-suivis-par-le-congres-mondial-des-ecrivains-francophones-a-la-cite-de-la-culture\/#primaryimage"},"thumbnailUrl":"","keywords":["Cit\u00e9 de la Culture de Tunis","Congr\u00e8s mondial des \u00e9crivains de langue fran\u00e7aise","francophonie","Le\u00efla Slimani","litt\u00e9rature francophone","Tunisie"],"articleSection":["CULTURE","Tunisie"],"inLanguage":"fr-FR","potentialAction":[{"@type":"CommentAction","name":"Comment","target":["https:\/\/kapitalis.com\/tunisie\/2021\/09\/17\/tunisie-les-etats-generaux-du-livre-seront-suivis-par-le-congres-mondial-des-ecrivains-francophones-a-la-cite-de-la-culture\/#respond"]}]},{"@type":"WebPage","@id":"https:\/\/kapitalis.com\/tunisie\/2021\/09\/17\/tunisie-les-etats-generaux-du-livre-seront-suivis-par-le-congres-mondial-des-ecrivains-francophones-a-la-cite-de-la-culture\/","url":"https:\/\/kapitalis.com\/tunisie\/2021\/09\/17\/tunisie-les-etats-generaux-du-livre-seront-suivis-par-le-congres-mondial-des-ecrivains-francophones-a-la-cite-de-la-culture\/","name":"Tunisie : Les Etats G\u00e9n\u00e9raux du Livre seront suivis par le Congr\u00e8s mondial des \u00e9crivains francophones \u00e0 la Cit\u00e9 de la Culture - Kapitalis","isPartOf":{"@id":"https:\/\/kapitalis.com\/tunisie\/#website"},"primaryImageOfPage":{"@id":"https:\/\/kapitalis.com\/tunisie\/2021\/09\/17\/tunisie-les-etats-generaux-du-livre-seront-suivis-par-le-congres-mondial-des-ecrivains-francophones-a-la-cite-de-la-culture\/#primaryimage"},"image":{"@id":"https:\/\/kapitalis.com\/tunisie\/2021\/09\/17\/tunisie-les-etats-generaux-du-livre-seront-suivis-par-le-congres-mondial-des-ecrivains-francophones-a-la-cite-de-la-culture\/#primaryimage"},"thumbnailUrl":"","datePublished":"2021-09-17T08:14:43+00:00","dateModified":"2021-09-17T08:19:34+00:00","breadcrumb":{"@id":"https:\/\/kapitalis.com\/tunisie\/2021\/09\/17\/tunisie-les-etats-generaux-du-livre-seront-suivis-par-le-congres-mondial-des-ecrivains-francophones-a-la-cite-de-la-culture\/#breadcrumb"},"inLanguage":"fr-FR","potentialAction":[{"@type":"ReadAction","target":["https:\/\/kapitalis.com\/tunisie\/2021\/09\/17\/tunisie-les-etats-generaux-du-livre-seront-suivis-par-le-congres-mondial-des-ecrivains-francophones-a-la-cite-de-la-culture\/"]}]},{"@type":"ImageObject","inLanguage":"fr-FR","@id":"https:\/\/kapitalis.com\/tunisie\/2021\/09\/17\/tunisie-les-etats-generaux-du-livre-seront-suivis-par-le-congres-mondial-des-ecrivains-francophones-a-la-cite-de-la-culture\/#primaryimage","url":"","contentUrl":""},{"@type":"BreadcrumbList","@id":"https:\/\/kapitalis.com\/tunisie\/2021\/09\/17\/tunisie-les-etats-generaux-du-livre-seront-suivis-par-le-congres-mondial-des-ecrivains-francophones-a-la-cite-de-la-culture\/#breadcrumb","itemListElement":[{"@type":"ListItem","position":1,"name":"Accueil","item":"https:\/\/kapitalis.com\/tunisie\/"},{"@type":"ListItem","position":2,"name":"Tunisie : Les Etats G\u00e9n\u00e9raux du Livre seront suivis par le Congr\u00e8s mondial des \u00e9crivains francophones \u00e0 la Cit\u00e9 de la Culture"}]},{"@type":"WebSite","@id":"https:\/\/kapitalis.com\/tunisie\/#website","url":"https:\/\/kapitalis.com\/tunisie\/","name":"Kapitalis","description":"L&#039;actualit\u00e9 en Tunisie et dans le monde","publisher":{"@id":"https:\/\/kapitalis.com\/tunisie\/#organization"},"potentialAction":[{"@type":"SearchAction","target":{"@type":"EntryPoint","urlTemplate":"https:\/\/kapitalis.com\/tunisie\/?s={search_term_string}"},"query-input":{"@type":"PropertyValueSpecification","valueRequired":true,"valueName":"search_term_string"}}],"inLanguage":"fr-FR"},{"@type":"Organization","@id":"https:\/\/kapitalis.com\/tunisie\/#organization","name":"Kapitalis","url":"https:\/\/kapitalis.com\/tunisie\/","logo":{"@type":"ImageObject","inLanguage":"fr-FR","@id":"https:\/\/kapitalis.com\/tunisie\/#\/schema\/logo\/image\/","url":"https:\/\/kapitalis.com\/tunisie\/wp-content\/uploads\/2022\/05\/Kapitalis-big-size.png","contentUrl":"https:\/\/kapitalis.com\/tunisie\/wp-content\/uploads\/2022\/05\/Kapitalis-big-size.png","width":5000,"height":1500,"caption":"Kapitalis"},"image":{"@id":"https:\/\/kapitalis.com\/tunisie\/#\/schema\/logo\/image\/"},"sameAs":["https:\/\/www.facebook.com\/KapitalisInfo\/","https:\/\/x.com\/KapitalisInfo","https:\/\/www.youtube.com\/channel\/UC-yDYrHyfFBWWZaOw3FPg9Q"]},{"@type":"Person","@id":"https:\/\/kapitalis.com\/tunisie\/#\/schema\/person\/73a5ecc1f6ae540c6ed91342eadca948","name":"Fawz BenAli","url":"https:\/\/kapitalis.com\/tunisie\/author\/fawz\/"}]}},"_links":{"self":[{"href":"https:\/\/kapitalis.com\/tunisie\/wp-json\/wp\/v2\/posts\/363105","targetHints":{"allow":["GET"]}}],"collection":[{"href":"https:\/\/kapitalis.com\/tunisie\/wp-json\/wp\/v2\/posts"}],"about":[{"href":"https:\/\/kapitalis.com\/tunisie\/wp-json\/wp\/v2\/types\/post"}],"author":[{"embeddable":true,"href":"https:\/\/kapitalis.com\/tunisie\/wp-json\/wp\/v2\/users\/26"}],"replies":[{"embeddable":true,"href":"https:\/\/kapitalis.com\/tunisie\/wp-json\/wp\/v2\/comments?post=363105"}],"version-history":[{"count":0,"href":"https:\/\/kapitalis.com\/tunisie\/wp-json\/wp\/v2\/posts\/363105\/revisions"}],"wp:featuredmedia":[{"embeddable":true,"href":"https:\/\/kapitalis.com\/tunisie\/wp-json\/wp\/v2\/media\/363110"}],"wp:attachment":[{"href":"https:\/\/kapitalis.com\/tunisie\/wp-json\/wp\/v2\/media?parent=363105"}],"wp:term":[{"taxonomy":"category","embeddable":true,"href":"https:\/\/kapitalis.com\/tunisie\/wp-json\/wp\/v2\/categories?post=363105"},{"taxonomy":"post_tag","embeddable":true,"href":"https:\/\/kapitalis.com\/tunisie\/wp-json\/wp\/v2\/tags?post=363105"}],"curies":[{"name":"wp","href":"https:\/\/api.w.org\/{rel}","templated":true}]}}