{"id":363129,"date":"2021-09-17T11:17:39","date_gmt":"2021-09-17T10:17:39","guid":{"rendered":"http:\/\/kapitalis.com\/tunisie\/?p=363129"},"modified":"2021-09-17T11:20:50","modified_gmt":"2021-09-17T10:20:50","slug":"webinaire-du-ctfci-plein-feu-sur-le-registre-national-des-entreprises","status":"publish","type":"post","link":"https:\/\/kapitalis.com\/tunisie\/2021\/09\/17\/webinaire-du-ctfci-plein-feu-sur-le-registre-national-des-entreprises\/","title":{"rendered":"Webinaire du CTFCI : plein feu sur le Registre national des entreprises"},"content":{"rendered":"\n<div class=\"wp-block-image\"><figure class=\"aligncenter size-large\"><img decoding=\"async\" src=\"http:\/\/kapitalis.com\/tunisie\/wp-content\/uploads\/2021\/09\/Registre-national-des-entreprises.jpg\" alt=\"\" class=\"wp-image-363130\"\/><\/figure><\/div>\n\n\n\n<p><strong><em>Le webinaire organis\u00e9 le jeudi 16 septembre 2021 par la Chambre tuniso-fran\u00e7aise de commerce et d\u2019industrie (CTFCI) et le Centre national du registre national des entreprises (RNE) sur le th\u00e8me\u00a0: \u00able registre national des entreprises, un levier de transparence et de s\u00e9curit\u00e9 des investissements\u00bb a fourni une bonne opportunit\u00e9 pour avoir une juste appr\u00e9ciation sur la contribution de cet organisme public dans le processus de la cons\u00e9cration de la gouvernance des entreprises.<\/em><\/strong><\/p>\n\n\n\n<!--more-->\n\n\n\n<p>Pour cela, le RNE, qui est en fait <em>\u00abune base de donn\u00e9es publique de collecte des donn\u00e9es et des informations relatives aux entreprises et leur mise \u00e0 disposition du public ainsi qu&rsquo;aux institutions de l\u2019\u00c9tat\u00bb<\/em>, inscrit son action sur deux points focaux&nbsp;: la digitalisation des proc\u00e9dures et l\u2019interop\u00e9rabilit\u00e9 des donn\u00e9es des entreprises.<\/p>\n\n\n\n<h3 class=\"wp-block-heading\">Actualisation r\u00e9guli\u00e8re des donn\u00e9es des entreprises<\/h3>\n\n\n\n<p>Le RNE, ce lieu o\u00f9 sont immatricul\u00e9es les entreprises (personnes morales et physiques) ainsi que leurs inscriptions modificatives, cr\u00e9\u00e9 en vertu de la loi 52-2018, est devenu op\u00e9rationnel en f\u00e9vrier 2019. En l\u2019espace de plus de deux ans d\u2019activit\u00e9, estime Adel Chouari, directeur g\u00e9n\u00e9ral du Centre national du registre national des entreprises, qui a anim\u00e9 ce webinaire, un travail qualitatif significatif a pu \u00eatre accompli \u00e0 plus d\u2019un titre. Cela est vrai pour l\u2019\u00e9change des donn\u00e9es, la d\u00e9mat\u00e9rialisation de certaines proc\u00e9dures, la transparence des donn\u00e9es des entreprises ou les facilitations introduites en mati\u00e8re de cr\u00e9ation d\u2019entreprise.<\/p>\n\n\n\n<p>M. Chouari a fait savoir que l\u2019action du RNE est en perp\u00e9tuel renouvellement comme l\u2019atteste l\u2019introduction presque tous les trimestres de nouveaux services destin\u00e9s aux entreprises. Le dernier service en date, pr\u00e9cise-t-il, concerne le d\u00e9p\u00f4t \u00e9lectronique des \u00e9tats financiers. Depuis sa mise en place en ao\u00fbt dernier, pas moins de 15.000 \u00e9tats financiers ont \u00e9t\u00e9 re\u00e7us par le RNE.<\/p>\n\n\n\n<p>Le service veille cr\u00e9\u00e9 en d\u00e9cembre 2020 a pour finalit\u00e9 d\u2019actualiser les donn\u00e9es des soci\u00e9t\u00e9s anonymes notamment en permettant la notification de tout \u00e9v\u00e9nement pour les actionnaires minoritaires. Dans la m\u00eame lign\u00e9e et pour lutter contre les flux financiers licites, s\u2019inscrit la cr\u00e9ation du registre du b\u00e9n\u00e9ficiaire effectif.<\/p>\n\n\n\n<p>Il en est de m\u00eame pour les autres services fournis, \u00e0 l\u2019instar de l\u2019introduction du bulletin officiel qui permet aux entreprises faciliter leur immatriculation ou d\u2019annoncer les convocations \u00e0 leurs assembl\u00e9es g\u00e9n\u00e9rales par voie \u00e9lectronique, sans passer n\u00e9cessairement par le journal officiel. Il en est de m\u00eame \u00e9galement de la cr\u00e9ation de l\u2019identifiant unique des entreprises qui n\u2019est autre que l\u2019identifiant fiscal, de la mise en place d\u2019un syst\u00e8me de r\u00e9servation de d\u00e9nomination et de marque.<\/p>\n\n\n\n<h3 class=\"wp-block-heading\">Num\u00e9risation de plus de trois millions de dossiers<\/h3>\n\n\n\n<p>Tous ces services et bien d\u2019autres, \u00e0 l\u2019instar de l\u2019action de reconstitution engag\u00e9e de la m\u00e9moire l\u00e9gale et \u00e9conomique des entreprises depuis 1890, qui a permis jusqu\u2019ici la num\u00e9risation de plus de trois millions de dossiers, et de la gestion du cycle de vie des entreprises renseignent sur les chantiers auxquels s\u2019attelle le RNE, soucieux de consacrer la transparence des donn\u00e9es, favoriser leur \u00e9change, garantir leur fiabilit\u00e9, leur conformit\u00e9 et leur actualisation.<\/p>\n\n\n\n<p>De nombreuses questions ont \u00e9t\u00e9 soulev\u00e9es lors de ce webinaire sur les moyens d\u2019instaurer la transparence des investissements, les proc\u00e9dures \u00e0 suivre pour la r\u00e9gularisation de la situation des entreprises qui n\u2019ont pas fait dans les d\u00e9lais leurs \u00e9tats financiers, la notion du b\u00e9n\u00e9ficiaire effectif qui reste un peu vague, la mise \u00e0 jour des donn\u00e9es des entreprises en cas de changement de dirigeants, de modification de la structure du capital ou des statuts de l\u2019entreprise.<\/p>\n","protected":false},"excerpt":{"rendered":"<p>Le webinaire organis\u00e9 le jeudi 16 septembre 2021 par la Chambre tuniso-fran\u00e7aise de commerce et d\u2019industrie (CTFCI) et le Centre national du registre national des entreprises (RNE) sur le th\u00e8me\u00a0: \u00able registre national des entreprises, un levier de transparence et de s\u00e9curit\u00e9 des investissements\u00bb a fourni une bonne opportunit\u00e9 pour avoir une juste appr\u00e9ciation sur&#8230;<\/p>\n","protected":false},"author":8,"featured_media":363130,"comment_status":"open","ping_status":"open","sticky":false,"template":"","format":"standard","meta":{"footnotes":""},"categories":[995,2433],"tags":[93430,76482,8219,49003,93431],"class_list":["post-363129","post","type-post","status-publish","format-standard","has-post-thumbnail","hentry","category-economie","category-tunisie","tag-adel-chouari","tag-chambre-tuniso-francaise-de-commerce-et-dindustrie-2","tag-ctfci","tag-registre-national-des-entreprises","tag-rne"],"yoast_head":"<!-- This site is optimized with the Yoast SEO plugin v26.6 - https:\/\/yoast.com\/wordpress\/plugins\/seo\/ -->\n<title>Webinaire du CTFCI : plein feu sur le Registre national des entreprises - Kapitalis<\/title>\n<meta name=\"robots\" content=\"index, follow, max-snippet:-1, max-image-preview:large, max-video-preview:-1\" \/>\n<link rel=\"canonical\" href=\"https:\/\/kapitalis.com\/tunisie\/2021\/09\/17\/webinaire-du-ctfci-plein-feu-sur-le-registre-national-des-entreprises\/\" \/>\n<meta property=\"og:locale\" content=\"fr_FR\" \/>\n<meta property=\"og:type\" content=\"article\" \/>\n<meta property=\"og:title\" content=\"Webinaire du CTFCI : plein feu sur le Registre national des entreprises - Kapitalis\" \/>\n<meta property=\"og:description\" content=\"Le webinaire organis\u00e9 le jeudi 16 septembre 2021 par la Chambre tuniso-fran\u00e7aise de commerce et d\u2019industrie (CTFCI) et le Centre national du registre national des entreprises (RNE) sur le th\u00e8me\u00a0: \u00able registre national des entreprises, un levier de transparence et de s\u00e9curit\u00e9 des investissements\u00bb a fourni une bonne opportunit\u00e9 pour avoir une juste appr\u00e9ciation sur...\" \/>\n<meta property=\"og:url\" content=\"https:\/\/kapitalis.com\/tunisie\/2021\/09\/17\/webinaire-du-ctfci-plein-feu-sur-le-registre-national-des-entreprises\/\" \/>\n<meta property=\"og:site_name\" content=\"Kapitalis\" \/>\n<meta property=\"article:publisher\" content=\"https:\/\/www.facebook.com\/KapitalisInfo\/\" \/>\n<meta property=\"article:published_time\" content=\"2021-09-17T10:17:39+00:00\" \/>\n<meta property=\"article:modified_time\" content=\"2021-09-17T10:20:50+00:00\" \/>\n<meta property=\"og:image\" content=\"https:\/\/kapitalis.com\/tunisie\/wp-content\/uploads\/2022\/05\/kapitalis-logo-fb.png\" \/>\n\t<meta property=\"og:image:width\" content=\"1200\" \/>\n\t<meta property=\"og:image:height\" content=\"630\" \/>\n\t<meta property=\"og:image:type\" content=\"image\/png\" \/>\n<meta name=\"author\" content=\"webmaster kapitalis\" \/>\n<meta name=\"twitter:card\" content=\"summary_large_image\" \/>\n<meta name=\"twitter:creator\" content=\"@KapitalisInfo\" \/>\n<meta name=\"twitter:site\" content=\"@KapitalisInfo\" \/>\n<meta name=\"twitter:label1\" content=\"\u00c9crit par\" \/>\n\t<meta name=\"twitter:data1\" content=\"webmaster kapitalis\" \/>\n\t<meta name=\"twitter:label2\" content=\"Dur\u00e9e de lecture estim\u00e9e\" \/>\n\t<meta name=\"twitter:data2\" content=\"3 minutes\" \/>\n<script type=\"application\/ld+json\" class=\"yoast-schema-graph\">{\"@context\":\"https:\/\/schema.org\",\"@graph\":[{\"@type\":\"Article\",\"@id\":\"https:\/\/kapitalis.com\/tunisie\/2021\/09\/17\/webinaire-du-ctfci-plein-feu-sur-le-registre-national-des-entreprises\/#article\",\"isPartOf\":{\"@id\":\"https:\/\/kapitalis.com\/tunisie\/2021\/09\/17\/webinaire-du-ctfci-plein-feu-sur-le-registre-national-des-entreprises\/\"},\"author\":{\"name\":\"webmaster kapitalis\",\"@id\":\"https:\/\/kapitalis.com\/tunisie\/#\/schema\/person\/d71f33a9ca44f7bad4698210b480c8e9\"},\"headline\":\"Webinaire du CTFCI : plein feu sur le Registre national des entreprises\",\"datePublished\":\"2021-09-17T10:17:39+00:00\",\"dateModified\":\"2021-09-17T10:20:50+00:00\",\"mainEntityOfPage\":{\"@id\":\"https:\/\/kapitalis.com\/tunisie\/2021\/09\/17\/webinaire-du-ctfci-plein-feu-sur-le-registre-national-des-entreprises\/\"},\"wordCount\":657,\"commentCount\":1,\"publisher\":{\"@id\":\"https:\/\/kapitalis.com\/tunisie\/#organization\"},\"image\":{\"@id\":\"https:\/\/kapitalis.com\/tunisie\/2021\/09\/17\/webinaire-du-ctfci-plein-feu-sur-le-registre-national-des-entreprises\/#primaryimage\"},\"thumbnailUrl\":\"\",\"keywords\":[\"Adel Chouari\",\"Chambre tuniso-fran\u00e7aise de commerce et d\u2019industrie\",\"CTFCI\",\"Registre national des entreprises\",\"RNE\"],\"articleSection\":[\"ECONOMIE\",\"Tunisie\"],\"inLanguage\":\"fr-FR\",\"potentialAction\":[{\"@type\":\"CommentAction\",\"name\":\"Comment\",\"target\":[\"https:\/\/kapitalis.com\/tunisie\/2021\/09\/17\/webinaire-du-ctfci-plein-feu-sur-le-registre-national-des-entreprises\/#respond\"]}]},{\"@type\":\"WebPage\",\"@id\":\"https:\/\/kapitalis.com\/tunisie\/2021\/09\/17\/webinaire-du-ctfci-plein-feu-sur-le-registre-national-des-entreprises\/\",\"url\":\"https:\/\/kapitalis.com\/tunisie\/2021\/09\/17\/webinaire-du-ctfci-plein-feu-sur-le-registre-national-des-entreprises\/\",\"name\":\"Webinaire du CTFCI : plein feu sur le Registre national des entreprises - Kapitalis\",\"isPartOf\":{\"@id\":\"https:\/\/kapitalis.com\/tunisie\/#website\"},\"primaryImageOfPage\":{\"@id\":\"https:\/\/kapitalis.com\/tunisie\/2021\/09\/17\/webinaire-du-ctfci-plein-feu-sur-le-registre-national-des-entreprises\/#primaryimage\"},\"image\":{\"@id\":\"https:\/\/kapitalis.com\/tunisie\/2021\/09\/17\/webinaire-du-ctfci-plein-feu-sur-le-registre-national-des-entreprises\/#primaryimage\"},\"thumbnailUrl\":\"\",\"datePublished\":\"2021-09-17T10:17:39+00:00\",\"dateModified\":\"2021-09-17T10:20:50+00:00\",\"breadcrumb\":{\"@id\":\"https:\/\/kapitalis.com\/tunisie\/2021\/09\/17\/webinaire-du-ctfci-plein-feu-sur-le-registre-national-des-entreprises\/#breadcrumb\"},\"inLanguage\":\"fr-FR\",\"potentialAction\":[{\"@type\":\"ReadAction\",\"target\":[\"https:\/\/kapitalis.com\/tunisie\/2021\/09\/17\/webinaire-du-ctfci-plein-feu-sur-le-registre-national-des-entreprises\/\"]}]},{\"@type\":\"ImageObject\",\"inLanguage\":\"fr-FR\",\"@id\":\"https:\/\/kapitalis.com\/tunisie\/2021\/09\/17\/webinaire-du-ctfci-plein-feu-sur-le-registre-national-des-entreprises\/#primaryimage\",\"url\":\"\",\"contentUrl\":\"\"},{\"@type\":\"BreadcrumbList\",\"@id\":\"https:\/\/kapitalis.com\/tunisie\/2021\/09\/17\/webinaire-du-ctfci-plein-feu-sur-le-registre-national-des-entreprises\/#breadcrumb\",\"itemListElement\":[{\"@type\":\"ListItem\",\"position\":1,\"name\":\"Accueil\",\"item\":\"https:\/\/kapitalis.com\/tunisie\/\"},{\"@type\":\"ListItem\",\"position\":2,\"name\":\"Webinaire du CTFCI : plein feu sur le Registre national des entreprises\"}]},{\"@type\":\"WebSite\",\"@id\":\"https:\/\/kapitalis.com\/tunisie\/#website\",\"url\":\"https:\/\/kapitalis.com\/tunisie\/\",\"name\":\"Kapitalis\",\"description\":\"L&#039;actualit\u00e9 en Tunisie et dans le monde\",\"publisher\":{\"@id\":\"https:\/\/kapitalis.com\/tunisie\/#organization\"},\"potentialAction\":[{\"@type\":\"SearchAction\",\"target\":{\"@type\":\"EntryPoint\",\"urlTemplate\":\"https:\/\/kapitalis.com\/tunisie\/?s={search_term_string}\"},\"query-input\":{\"@type\":\"PropertyValueSpecification\",\"valueRequired\":true,\"valueName\":\"search_term_string\"}}],\"inLanguage\":\"fr-FR\"},{\"@type\":\"Organization\",\"@id\":\"https:\/\/kapitalis.com\/tunisie\/#organization\",\"name\":\"Kapitalis\",\"url\":\"https:\/\/kapitalis.com\/tunisie\/\",\"logo\":{\"@type\":\"ImageObject\",\"inLanguage\":\"fr-FR\",\"@id\":\"https:\/\/kapitalis.com\/tunisie\/#\/schema\/logo\/image\/\",\"url\":\"https:\/\/kapitalis.com\/tunisie\/wp-content\/uploads\/2022\/05\/Kapitalis-big-size.png\",\"contentUrl\":\"https:\/\/kapitalis.com\/tunisie\/wp-content\/uploads\/2022\/05\/Kapitalis-big-size.png\",\"width\":5000,\"height\":1500,\"caption\":\"Kapitalis\"},\"image\":{\"@id\":\"https:\/\/kapitalis.com\/tunisie\/#\/schema\/logo\/image\/\"},\"sameAs\":[\"https:\/\/www.facebook.com\/KapitalisInfo\/\",\"https:\/\/x.com\/KapitalisInfo\",\"https:\/\/www.youtube.com\/channel\/UC-yDYrHyfFBWWZaOw3FPg9Q\"]},{\"@type\":\"Person\",\"@id\":\"https:\/\/kapitalis.com\/tunisie\/#\/schema\/person\/d71f33a9ca44f7bad4698210b480c8e9\",\"name\":\"webmaster kapitalis\",\"url\":\"https:\/\/kapitalis.com\/tunisie\/author\/webmaster-kapitalis\/\"}]}<\/script>\n<!-- \/ Yoast SEO plugin. -->","yoast_head_json":{"title":"Webinaire du CTFCI : plein feu sur le Registre national des entreprises - Kapitalis","robots":{"index":"index","follow":"follow","max-snippet":"max-snippet:-1","max-image-preview":"max-image-preview:large","max-video-preview":"max-video-preview:-1"},"canonical":"https:\/\/kapitalis.com\/tunisie\/2021\/09\/17\/webinaire-du-ctfci-plein-feu-sur-le-registre-national-des-entreprises\/","og_locale":"fr_FR","og_type":"article","og_title":"Webinaire du CTFCI : plein feu sur le Registre national des entreprises - Kapitalis","og_description":"Le webinaire organis\u00e9 le jeudi 16 septembre 2021 par la Chambre tuniso-fran\u00e7aise de commerce et d\u2019industrie (CTFCI) et le Centre national du registre national des entreprises (RNE) sur le th\u00e8me\u00a0: \u00able registre national des entreprises, un levier de transparence et de s\u00e9curit\u00e9 des investissements\u00bb a fourni une bonne opportunit\u00e9 pour avoir une juste appr\u00e9ciation sur...","og_url":"https:\/\/kapitalis.com\/tunisie\/2021\/09\/17\/webinaire-du-ctfci-plein-feu-sur-le-registre-national-des-entreprises\/","og_site_name":"Kapitalis","article_publisher":"https:\/\/www.facebook.com\/KapitalisInfo\/","article_published_time":"2021-09-17T10:17:39+00:00","article_modified_time":"2021-09-17T10:20:50+00:00","og_image":[{"width":1200,"height":630,"url":"https:\/\/kapitalis.com\/tunisie\/wp-content\/uploads\/2022\/05\/kapitalis-logo-fb.png","type":"image\/png"}],"author":"webmaster kapitalis","twitter_card":"summary_large_image","twitter_creator":"@KapitalisInfo","twitter_site":"@KapitalisInfo","twitter_misc":{"\u00c9crit par":"webmaster kapitalis","Dur\u00e9e de lecture estim\u00e9e":"3 minutes"},"schema":{"@context":"https:\/\/schema.org","@graph":[{"@type":"Article","@id":"https:\/\/kapitalis.com\/tunisie\/2021\/09\/17\/webinaire-du-ctfci-plein-feu-sur-le-registre-national-des-entreprises\/#article","isPartOf":{"@id":"https:\/\/kapitalis.com\/tunisie\/2021\/09\/17\/webinaire-du-ctfci-plein-feu-sur-le-registre-national-des-entreprises\/"},"author":{"name":"webmaster kapitalis","@id":"https:\/\/kapitalis.com\/tunisie\/#\/schema\/person\/d71f33a9ca44f7bad4698210b480c8e9"},"headline":"Webinaire du CTFCI : plein feu sur le Registre national des entreprises","datePublished":"2021-09-17T10:17:39+00:00","dateModified":"2021-09-17T10:20:50+00:00","mainEntityOfPage":{"@id":"https:\/\/kapitalis.com\/tunisie\/2021\/09\/17\/webinaire-du-ctfci-plein-feu-sur-le-registre-national-des-entreprises\/"},"wordCount":657,"commentCount":1,"publisher":{"@id":"https:\/\/kapitalis.com\/tunisie\/#organization"},"image":{"@id":"https:\/\/kapitalis.com\/tunisie\/2021\/09\/17\/webinaire-du-ctfci-plein-feu-sur-le-registre-national-des-entreprises\/#primaryimage"},"thumbnailUrl":"","keywords":["Adel Chouari","Chambre tuniso-fran\u00e7aise de commerce et d\u2019industrie","CTFCI","Registre national des entreprises","RNE"],"articleSection":["ECONOMIE","Tunisie"],"inLanguage":"fr-FR","potentialAction":[{"@type":"CommentAction","name":"Comment","target":["https:\/\/kapitalis.com\/tunisie\/2021\/09\/17\/webinaire-du-ctfci-plein-feu-sur-le-registre-national-des-entreprises\/#respond"]}]},{"@type":"WebPage","@id":"https:\/\/kapitalis.com\/tunisie\/2021\/09\/17\/webinaire-du-ctfci-plein-feu-sur-le-registre-national-des-entreprises\/","url":"https:\/\/kapitalis.com\/tunisie\/2021\/09\/17\/webinaire-du-ctfci-plein-feu-sur-le-registre-national-des-entreprises\/","name":"Webinaire du CTFCI : plein feu sur le Registre national des entreprises - Kapitalis","isPartOf":{"@id":"https:\/\/kapitalis.com\/tunisie\/#website"},"primaryImageOfPage":{"@id":"https:\/\/kapitalis.com\/tunisie\/2021\/09\/17\/webinaire-du-ctfci-plein-feu-sur-le-registre-national-des-entreprises\/#primaryimage"},"image":{"@id":"https:\/\/kapitalis.com\/tunisie\/2021\/09\/17\/webinaire-du-ctfci-plein-feu-sur-le-registre-national-des-entreprises\/#primaryimage"},"thumbnailUrl":"","datePublished":"2021-09-17T10:17:39+00:00","dateModified":"2021-09-17T10:20:50+00:00","breadcrumb":{"@id":"https:\/\/kapitalis.com\/tunisie\/2021\/09\/17\/webinaire-du-ctfci-plein-feu-sur-le-registre-national-des-entreprises\/#breadcrumb"},"inLanguage":"fr-FR","potentialAction":[{"@type":"ReadAction","target":["https:\/\/kapitalis.com\/tunisie\/2021\/09\/17\/webinaire-du-ctfci-plein-feu-sur-le-registre-national-des-entreprises\/"]}]},{"@type":"ImageObject","inLanguage":"fr-FR","@id":"https:\/\/kapitalis.com\/tunisie\/2021\/09\/17\/webinaire-du-ctfci-plein-feu-sur-le-registre-national-des-entreprises\/#primaryimage","url":"","contentUrl":""},{"@type":"BreadcrumbList","@id":"https:\/\/kapitalis.com\/tunisie\/2021\/09\/17\/webinaire-du-ctfci-plein-feu-sur-le-registre-national-des-entreprises\/#breadcrumb","itemListElement":[{"@type":"ListItem","position":1,"name":"Accueil","item":"https:\/\/kapitalis.com\/tunisie\/"},{"@type":"ListItem","position":2,"name":"Webinaire du CTFCI : plein feu sur le Registre national des entreprises"}]},{"@type":"WebSite","@id":"https:\/\/kapitalis.com\/tunisie\/#website","url":"https:\/\/kapitalis.com\/tunisie\/","name":"Kapitalis","description":"L&#039;actualit\u00e9 en Tunisie et dans le monde","publisher":{"@id":"https:\/\/kapitalis.com\/tunisie\/#organization"},"potentialAction":[{"@type":"SearchAction","target":{"@type":"EntryPoint","urlTemplate":"https:\/\/kapitalis.com\/tunisie\/?s={search_term_string}"},"query-input":{"@type":"PropertyValueSpecification","valueRequired":true,"valueName":"search_term_string"}}],"inLanguage":"fr-FR"},{"@type":"Organization","@id":"https:\/\/kapitalis.com\/tunisie\/#organization","name":"Kapitalis","url":"https:\/\/kapitalis.com\/tunisie\/","logo":{"@type":"ImageObject","inLanguage":"fr-FR","@id":"https:\/\/kapitalis.com\/tunisie\/#\/schema\/logo\/image\/","url":"https:\/\/kapitalis.com\/tunisie\/wp-content\/uploads\/2022\/05\/Kapitalis-big-size.png","contentUrl":"https:\/\/kapitalis.com\/tunisie\/wp-content\/uploads\/2022\/05\/Kapitalis-big-size.png","width":5000,"height":1500,"caption":"Kapitalis"},"image":{"@id":"https:\/\/kapitalis.com\/tunisie\/#\/schema\/logo\/image\/"},"sameAs":["https:\/\/www.facebook.com\/KapitalisInfo\/","https:\/\/x.com\/KapitalisInfo","https:\/\/www.youtube.com\/channel\/UC-yDYrHyfFBWWZaOw3FPg9Q"]},{"@type":"Person","@id":"https:\/\/kapitalis.com\/tunisie\/#\/schema\/person\/d71f33a9ca44f7bad4698210b480c8e9","name":"webmaster kapitalis","url":"https:\/\/kapitalis.com\/tunisie\/author\/webmaster-kapitalis\/"}]}},"_links":{"self":[{"href":"https:\/\/kapitalis.com\/tunisie\/wp-json\/wp\/v2\/posts\/363129","targetHints":{"allow":["GET"]}}],"collection":[{"href":"https:\/\/kapitalis.com\/tunisie\/wp-json\/wp\/v2\/posts"}],"about":[{"href":"https:\/\/kapitalis.com\/tunisie\/wp-json\/wp\/v2\/types\/post"}],"author":[{"embeddable":true,"href":"https:\/\/kapitalis.com\/tunisie\/wp-json\/wp\/v2\/users\/8"}],"replies":[{"embeddable":true,"href":"https:\/\/kapitalis.com\/tunisie\/wp-json\/wp\/v2\/comments?post=363129"}],"version-history":[{"count":0,"href":"https:\/\/kapitalis.com\/tunisie\/wp-json\/wp\/v2\/posts\/363129\/revisions"}],"wp:featuredmedia":[{"embeddable":true,"href":"https:\/\/kapitalis.com\/tunisie\/wp-json\/wp\/v2\/media\/363130"}],"wp:attachment":[{"href":"https:\/\/kapitalis.com\/tunisie\/wp-json\/wp\/v2\/media?parent=363129"}],"wp:term":[{"taxonomy":"category","embeddable":true,"href":"https:\/\/kapitalis.com\/tunisie\/wp-json\/wp\/v2\/categories?post=363129"},{"taxonomy":"post_tag","embeddable":true,"href":"https:\/\/kapitalis.com\/tunisie\/wp-json\/wp\/v2\/tags?post=363129"}],"curies":[{"name":"wp","href":"https:\/\/api.w.org\/{rel}","templated":true}]}}