{"id":363209,"date":"2021-09-18T00:42:31","date_gmt":"2021-09-17T23:42:31","guid":{"rendered":"http:\/\/kapitalis.com\/tunisie\/?p=363209"},"modified":"2021-09-18T00:46:17","modified_gmt":"2021-09-17T23:46:17","slug":"deces-de-lancien-president-algerien-abdelaziz-bouteflika","status":"publish","type":"post","link":"https:\/\/kapitalis.com\/tunisie\/2021\/09\/18\/deces-de-lancien-president-algerien-abdelaziz-bouteflika\/","title":{"rendered":"D\u00e9c\u00e8s de l&rsquo;ancien pr\u00e9sident alg\u00e9rien Abdelaziz Bouteflika"},"content":{"rendered":"\n<div class=\"wp-block-image\"><figure class=\"aligncenter size-large\"><img decoding=\"async\" src=\"http:\/\/kapitalis.com\/tunisie\/wp-content\/uploads\/2019\/03\/Abdelaziz-Bouteflika-1.jpg\" alt=\"\" class=\"wp-image-201934\"\/><\/figure><\/div>\n\n\n\n<p><strong><em>L&rsquo;ancien pr\u00e9sident alg\u00e9rien Abdelaziz Bouteflika est d\u00e9c\u00e9d\u00e9, dans la soir\u00e9e de ce vendredi 17 septembre 2021, \u00e0 l\u2019\u00e2ge de 84 ans, annonce la t\u00e9l\u00e9vision alg\u00e9rienne, en citant un communiqu\u00e9 de la pr\u00e9sidence.<\/em><\/strong><\/p>\n\n\n\n<!--more-->\n\n\n\n<p>Abdelaziz Bouteflika, a brigu\u00e9 4 mandats en dirigeant le pays de 1999 \u00e0 2019, avant de quitter le pouvoir sous la pression de la rue , par un soul\u00e8vement populaire men\u00e9 cette m\u00eame ann\u00e9e, notamment en opposition \u00e0 un 5e mandat.<\/p>\n\n\n\n<p>Affaibli par un accident vasculaire c\u00e9r\u00e9bral, Bouteflika \u00e9tait rest\u00e9 dans sa r\u00e9sidence m\u00e9dicalis\u00e9e de Z\u00e9ralda, o\u00f9 il est d\u00e9c\u00e9d\u00e9.<\/p>\n\n\n\n<p class=\"has-text-align-right\"><strong>Y. N.<\/strong><\/p>\n","protected":false},"excerpt":{"rendered":"<p>L&rsquo;ancien pr\u00e9sident alg\u00e9rien Abdelaziz Bouteflika est d\u00e9c\u00e9d\u00e9, dans la soir\u00e9e de ce vendredi 17 septembre 2021, \u00e0 l\u2019\u00e2ge de 84 ans, annonce la t\u00e9l\u00e9vision alg\u00e9rienne, en citant un communiqu\u00e9 de la pr\u00e9sidence.<\/p>\n","protected":false},"author":6,"featured_media":0,"comment_status":"open","ping_status":"open","sticky":false,"template":"","format":"standard","meta":{"footnotes":""},"categories":[997,2433],"tags":[93444,64,93443,64263,1158],"class_list":["post-363209","post","type-post","status-publish","format-standard","hentry","category-politique","category-tunisie","tag-abdelaziz-bouteflika-television-algerienne","tag-algerie","tag-ancien-president-algerien","tag-deces","tag-presidence"],"yoast_head":"<!-- This site is optimized with the Yoast SEO plugin v26.6 - https:\/\/yoast.com\/wordpress\/plugins\/seo\/ -->\n<title>D\u00e9c\u00e8s de l&#039;ancien pr\u00e9sident alg\u00e9rien Abdelaziz Bouteflika - Kapitalis<\/title>\n<meta name=\"robots\" content=\"index, follow, max-snippet:-1, max-image-preview:large, max-video-preview:-1\" \/>\n<link rel=\"canonical\" href=\"https:\/\/kapitalis.com\/tunisie\/2021\/09\/18\/deces-de-lancien-president-algerien-abdelaziz-bouteflika\/\" \/>\n<meta property=\"og:locale\" content=\"fr_FR\" \/>\n<meta property=\"og:type\" content=\"article\" \/>\n<meta property=\"og:title\" content=\"D\u00e9c\u00e8s de l&#039;ancien pr\u00e9sident alg\u00e9rien Abdelaziz Bouteflika - Kapitalis\" \/>\n<meta property=\"og:description\" content=\"L&rsquo;ancien pr\u00e9sident alg\u00e9rien Abdelaziz Bouteflika est d\u00e9c\u00e9d\u00e9, dans la soir\u00e9e de ce vendredi 17 septembre 2021, \u00e0 l\u2019\u00e2ge de 84 ans, annonce la t\u00e9l\u00e9vision alg\u00e9rienne, en citant un communiqu\u00e9 de la pr\u00e9sidence.\" \/>\n<meta property=\"og:url\" content=\"https:\/\/kapitalis.com\/tunisie\/2021\/09\/18\/deces-de-lancien-president-algerien-abdelaziz-bouteflika\/\" \/>\n<meta property=\"og:site_name\" content=\"Kapitalis\" \/>\n<meta property=\"article:publisher\" content=\"https:\/\/www.facebook.com\/KapitalisInfo\/\" \/>\n<meta property=\"article:published_time\" content=\"2021-09-17T23:42:31+00:00\" \/>\n<meta property=\"article:modified_time\" content=\"2021-09-17T23:46:17+00:00\" \/>\n<meta property=\"og:image\" content=\"http:\/\/kapitalis.com\/tunisie\/wp-content\/uploads\/2019\/03\/Abdelaziz-Bouteflika-1.jpg\" \/>\n<meta name=\"author\" content=\"Yusra NY\" \/>\n<meta name=\"twitter:card\" content=\"summary_large_image\" \/>\n<meta name=\"twitter:creator\" content=\"@KapitalisInfo\" \/>\n<meta name=\"twitter:site\" content=\"@KapitalisInfo\" \/>\n<meta name=\"twitter:label1\" content=\"\u00c9crit par\" \/>\n\t<meta name=\"twitter:data1\" content=\"Yusra NY\" \/>\n\t<meta name=\"twitter:label2\" content=\"Dur\u00e9e de lecture estim\u00e9e\" \/>\n\t<meta name=\"twitter:data2\" content=\"1 minute\" \/>\n<script type=\"application\/ld+json\" class=\"yoast-schema-graph\">{\"@context\":\"https:\/\/schema.org\",\"@graph\":[{\"@type\":\"Article\",\"@id\":\"https:\/\/kapitalis.com\/tunisie\/2021\/09\/18\/deces-de-lancien-president-algerien-abdelaziz-bouteflika\/#article\",\"isPartOf\":{\"@id\":\"https:\/\/kapitalis.com\/tunisie\/2021\/09\/18\/deces-de-lancien-president-algerien-abdelaziz-bouteflika\/\"},\"author\":{\"name\":\"Yusra NY\",\"@id\":\"https:\/\/kapitalis.com\/tunisie\/#\/schema\/person\/74bbde0154d49d790a92aaeac5bc01d5\"},\"headline\":\"D\u00e9c\u00e8s de l&rsquo;ancien pr\u00e9sident alg\u00e9rien Abdelaziz Bouteflika\",\"datePublished\":\"2021-09-17T23:42:31+00:00\",\"dateModified\":\"2021-09-17T23:46:17+00:00\",\"mainEntityOfPage\":{\"@id\":\"https:\/\/kapitalis.com\/tunisie\/2021\/09\/18\/deces-de-lancien-president-algerien-abdelaziz-bouteflika\/\"},\"wordCount\":116,\"commentCount\":3,\"publisher\":{\"@id\":\"https:\/\/kapitalis.com\/tunisie\/#organization\"},\"image\":{\"@id\":\"https:\/\/kapitalis.com\/tunisie\/2021\/09\/18\/deces-de-lancien-president-algerien-abdelaziz-bouteflika\/#primaryimage\"},\"thumbnailUrl\":\"http:\/\/kapitalis.com\/tunisie\/wp-content\/uploads\/2019\/03\/Abdelaziz-Bouteflika-1.jpg\",\"keywords\":[\"Abdelaziz Bouteflika t\u00e9l\u00e9vision alg\u00e9rienne\",\"Alg\u00e9rie\",\"ancien pr\u00e9sident alg\u00e9rien\",\"d\u00e9c\u00e8s\",\"pr\u00e9sidence\"],\"articleSection\":[\"POLITIQUE\",\"Tunisie\"],\"inLanguage\":\"fr-FR\",\"potentialAction\":[{\"@type\":\"CommentAction\",\"name\":\"Comment\",\"target\":[\"https:\/\/kapitalis.com\/tunisie\/2021\/09\/18\/deces-de-lancien-president-algerien-abdelaziz-bouteflika\/#respond\"]}]},{\"@type\":\"WebPage\",\"@id\":\"https:\/\/kapitalis.com\/tunisie\/2021\/09\/18\/deces-de-lancien-president-algerien-abdelaziz-bouteflika\/\",\"url\":\"https:\/\/kapitalis.com\/tunisie\/2021\/09\/18\/deces-de-lancien-president-algerien-abdelaziz-bouteflika\/\",\"name\":\"D\u00e9c\u00e8s de l'ancien pr\u00e9sident alg\u00e9rien Abdelaziz Bouteflika - Kapitalis\",\"isPartOf\":{\"@id\":\"https:\/\/kapitalis.com\/tunisie\/#website\"},\"primaryImageOfPage\":{\"@id\":\"https:\/\/kapitalis.com\/tunisie\/2021\/09\/18\/deces-de-lancien-president-algerien-abdelaziz-bouteflika\/#primaryimage\"},\"image\":{\"@id\":\"https:\/\/kapitalis.com\/tunisie\/2021\/09\/18\/deces-de-lancien-president-algerien-abdelaziz-bouteflika\/#primaryimage\"},\"thumbnailUrl\":\"http:\/\/kapitalis.com\/tunisie\/wp-content\/uploads\/2019\/03\/Abdelaziz-Bouteflika-1.jpg\",\"datePublished\":\"2021-09-17T23:42:31+00:00\",\"dateModified\":\"2021-09-17T23:46:17+00:00\",\"breadcrumb\":{\"@id\":\"https:\/\/kapitalis.com\/tunisie\/2021\/09\/18\/deces-de-lancien-president-algerien-abdelaziz-bouteflika\/#breadcrumb\"},\"inLanguage\":\"fr-FR\",\"potentialAction\":[{\"@type\":\"ReadAction\",\"target\":[\"https:\/\/kapitalis.com\/tunisie\/2021\/09\/18\/deces-de-lancien-president-algerien-abdelaziz-bouteflika\/\"]}]},{\"@type\":\"ImageObject\",\"inLanguage\":\"fr-FR\",\"@id\":\"https:\/\/kapitalis.com\/tunisie\/2021\/09\/18\/deces-de-lancien-president-algerien-abdelaziz-bouteflika\/#primaryimage\",\"url\":\"http:\/\/kapitalis.com\/tunisie\/wp-content\/uploads\/2019\/03\/Abdelaziz-Bouteflika-1.jpg\",\"contentUrl\":\"http:\/\/kapitalis.com\/tunisie\/wp-content\/uploads\/2019\/03\/Abdelaziz-Bouteflika-1.jpg\"},{\"@type\":\"BreadcrumbList\",\"@id\":\"https:\/\/kapitalis.com\/tunisie\/2021\/09\/18\/deces-de-lancien-president-algerien-abdelaziz-bouteflika\/#breadcrumb\",\"itemListElement\":[{\"@type\":\"ListItem\",\"position\":1,\"name\":\"Accueil\",\"item\":\"https:\/\/kapitalis.com\/tunisie\/\"},{\"@type\":\"ListItem\",\"position\":2,\"name\":\"D\u00e9c\u00e8s de l&rsquo;ancien pr\u00e9sident alg\u00e9rien Abdelaziz Bouteflika\"}]},{\"@type\":\"WebSite\",\"@id\":\"https:\/\/kapitalis.com\/tunisie\/#website\",\"url\":\"https:\/\/kapitalis.com\/tunisie\/\",\"name\":\"Kapitalis\",\"description\":\"L&#039;actualit\u00e9 en Tunisie et dans le monde\",\"publisher\":{\"@id\":\"https:\/\/kapitalis.com\/tunisie\/#organization\"},\"potentialAction\":[{\"@type\":\"SearchAction\",\"target\":{\"@type\":\"EntryPoint\",\"urlTemplate\":\"https:\/\/kapitalis.com\/tunisie\/?s={search_term_string}\"},\"query-input\":{\"@type\":\"PropertyValueSpecification\",\"valueRequired\":true,\"valueName\":\"search_term_string\"}}],\"inLanguage\":\"fr-FR\"},{\"@type\":\"Organization\",\"@id\":\"https:\/\/kapitalis.com\/tunisie\/#organization\",\"name\":\"Kapitalis\",\"url\":\"https:\/\/kapitalis.com\/tunisie\/\",\"logo\":{\"@type\":\"ImageObject\",\"inLanguage\":\"fr-FR\",\"@id\":\"https:\/\/kapitalis.com\/tunisie\/#\/schema\/logo\/image\/\",\"url\":\"https:\/\/kapitalis.com\/tunisie\/wp-content\/uploads\/2022\/05\/Kapitalis-big-size.png\",\"contentUrl\":\"https:\/\/kapitalis.com\/tunisie\/wp-content\/uploads\/2022\/05\/Kapitalis-big-size.png\",\"width\":5000,\"height\":1500,\"caption\":\"Kapitalis\"},\"image\":{\"@id\":\"https:\/\/kapitalis.com\/tunisie\/#\/schema\/logo\/image\/\"},\"sameAs\":[\"https:\/\/www.facebook.com\/KapitalisInfo\/\",\"https:\/\/x.com\/KapitalisInfo\",\"https:\/\/www.youtube.com\/channel\/UC-yDYrHyfFBWWZaOw3FPg9Q\"]},{\"@type\":\"Person\",\"@id\":\"https:\/\/kapitalis.com\/tunisie\/#\/schema\/person\/74bbde0154d49d790a92aaeac5bc01d5\",\"name\":\"Yusra NY\",\"url\":\"https:\/\/kapitalis.com\/tunisie\/author\/yuza_adam\/\"}]}<\/script>\n<!-- \/ Yoast SEO plugin. -->","yoast_head_json":{"title":"D\u00e9c\u00e8s de l'ancien pr\u00e9sident alg\u00e9rien Abdelaziz Bouteflika - Kapitalis","robots":{"index":"index","follow":"follow","max-snippet":"max-snippet:-1","max-image-preview":"max-image-preview:large","max-video-preview":"max-video-preview:-1"},"canonical":"https:\/\/kapitalis.com\/tunisie\/2021\/09\/18\/deces-de-lancien-president-algerien-abdelaziz-bouteflika\/","og_locale":"fr_FR","og_type":"article","og_title":"D\u00e9c\u00e8s de l'ancien pr\u00e9sident alg\u00e9rien Abdelaziz Bouteflika - Kapitalis","og_description":"L&rsquo;ancien pr\u00e9sident alg\u00e9rien Abdelaziz Bouteflika est d\u00e9c\u00e9d\u00e9, dans la soir\u00e9e de ce vendredi 17 septembre 2021, \u00e0 l\u2019\u00e2ge de 84 ans, annonce la t\u00e9l\u00e9vision alg\u00e9rienne, en citant un communiqu\u00e9 de la pr\u00e9sidence.","og_url":"https:\/\/kapitalis.com\/tunisie\/2021\/09\/18\/deces-de-lancien-president-algerien-abdelaziz-bouteflika\/","og_site_name":"Kapitalis","article_publisher":"https:\/\/www.facebook.com\/KapitalisInfo\/","article_published_time":"2021-09-17T23:42:31+00:00","article_modified_time":"2021-09-17T23:46:17+00:00","og_image":[{"url":"http:\/\/kapitalis.com\/tunisie\/wp-content\/uploads\/2019\/03\/Abdelaziz-Bouteflika-1.jpg","type":"","width":"","height":""}],"author":"Yusra NY","twitter_card":"summary_large_image","twitter_creator":"@KapitalisInfo","twitter_site":"@KapitalisInfo","twitter_misc":{"\u00c9crit par":"Yusra NY","Dur\u00e9e de lecture estim\u00e9e":"1 minute"},"schema":{"@context":"https:\/\/schema.org","@graph":[{"@type":"Article","@id":"https:\/\/kapitalis.com\/tunisie\/2021\/09\/18\/deces-de-lancien-president-algerien-abdelaziz-bouteflika\/#article","isPartOf":{"@id":"https:\/\/kapitalis.com\/tunisie\/2021\/09\/18\/deces-de-lancien-president-algerien-abdelaziz-bouteflika\/"},"author":{"name":"Yusra NY","@id":"https:\/\/kapitalis.com\/tunisie\/#\/schema\/person\/74bbde0154d49d790a92aaeac5bc01d5"},"headline":"D\u00e9c\u00e8s de l&rsquo;ancien pr\u00e9sident alg\u00e9rien Abdelaziz Bouteflika","datePublished":"2021-09-17T23:42:31+00:00","dateModified":"2021-09-17T23:46:17+00:00","mainEntityOfPage":{"@id":"https:\/\/kapitalis.com\/tunisie\/2021\/09\/18\/deces-de-lancien-president-algerien-abdelaziz-bouteflika\/"},"wordCount":116,"commentCount":3,"publisher":{"@id":"https:\/\/kapitalis.com\/tunisie\/#organization"},"image":{"@id":"https:\/\/kapitalis.com\/tunisie\/2021\/09\/18\/deces-de-lancien-president-algerien-abdelaziz-bouteflika\/#primaryimage"},"thumbnailUrl":"http:\/\/kapitalis.com\/tunisie\/wp-content\/uploads\/2019\/03\/Abdelaziz-Bouteflika-1.jpg","keywords":["Abdelaziz Bouteflika t\u00e9l\u00e9vision alg\u00e9rienne","Alg\u00e9rie","ancien pr\u00e9sident alg\u00e9rien","d\u00e9c\u00e8s","pr\u00e9sidence"],"articleSection":["POLITIQUE","Tunisie"],"inLanguage":"fr-FR","potentialAction":[{"@type":"CommentAction","name":"Comment","target":["https:\/\/kapitalis.com\/tunisie\/2021\/09\/18\/deces-de-lancien-president-algerien-abdelaziz-bouteflika\/#respond"]}]},{"@type":"WebPage","@id":"https:\/\/kapitalis.com\/tunisie\/2021\/09\/18\/deces-de-lancien-president-algerien-abdelaziz-bouteflika\/","url":"https:\/\/kapitalis.com\/tunisie\/2021\/09\/18\/deces-de-lancien-president-algerien-abdelaziz-bouteflika\/","name":"D\u00e9c\u00e8s de l'ancien pr\u00e9sident alg\u00e9rien Abdelaziz Bouteflika - Kapitalis","isPartOf":{"@id":"https:\/\/kapitalis.com\/tunisie\/#website"},"primaryImageOfPage":{"@id":"https:\/\/kapitalis.com\/tunisie\/2021\/09\/18\/deces-de-lancien-president-algerien-abdelaziz-bouteflika\/#primaryimage"},"image":{"@id":"https:\/\/kapitalis.com\/tunisie\/2021\/09\/18\/deces-de-lancien-president-algerien-abdelaziz-bouteflika\/#primaryimage"},"thumbnailUrl":"http:\/\/kapitalis.com\/tunisie\/wp-content\/uploads\/2019\/03\/Abdelaziz-Bouteflika-1.jpg","datePublished":"2021-09-17T23:42:31+00:00","dateModified":"2021-09-17T23:46:17+00:00","breadcrumb":{"@id":"https:\/\/kapitalis.com\/tunisie\/2021\/09\/18\/deces-de-lancien-president-algerien-abdelaziz-bouteflika\/#breadcrumb"},"inLanguage":"fr-FR","potentialAction":[{"@type":"ReadAction","target":["https:\/\/kapitalis.com\/tunisie\/2021\/09\/18\/deces-de-lancien-president-algerien-abdelaziz-bouteflika\/"]}]},{"@type":"ImageObject","inLanguage":"fr-FR","@id":"https:\/\/kapitalis.com\/tunisie\/2021\/09\/18\/deces-de-lancien-president-algerien-abdelaziz-bouteflika\/#primaryimage","url":"http:\/\/kapitalis.com\/tunisie\/wp-content\/uploads\/2019\/03\/Abdelaziz-Bouteflika-1.jpg","contentUrl":"http:\/\/kapitalis.com\/tunisie\/wp-content\/uploads\/2019\/03\/Abdelaziz-Bouteflika-1.jpg"},{"@type":"BreadcrumbList","@id":"https:\/\/kapitalis.com\/tunisie\/2021\/09\/18\/deces-de-lancien-president-algerien-abdelaziz-bouteflika\/#breadcrumb","itemListElement":[{"@type":"ListItem","position":1,"name":"Accueil","item":"https:\/\/kapitalis.com\/tunisie\/"},{"@type":"ListItem","position":2,"name":"D\u00e9c\u00e8s de l&rsquo;ancien pr\u00e9sident alg\u00e9rien Abdelaziz Bouteflika"}]},{"@type":"WebSite","@id":"https:\/\/kapitalis.com\/tunisie\/#website","url":"https:\/\/kapitalis.com\/tunisie\/","name":"Kapitalis","description":"L&#039;actualit\u00e9 en Tunisie et dans le monde","publisher":{"@id":"https:\/\/kapitalis.com\/tunisie\/#organization"},"potentialAction":[{"@type":"SearchAction","target":{"@type":"EntryPoint","urlTemplate":"https:\/\/kapitalis.com\/tunisie\/?s={search_term_string}"},"query-input":{"@type":"PropertyValueSpecification","valueRequired":true,"valueName":"search_term_string"}}],"inLanguage":"fr-FR"},{"@type":"Organization","@id":"https:\/\/kapitalis.com\/tunisie\/#organization","name":"Kapitalis","url":"https:\/\/kapitalis.com\/tunisie\/","logo":{"@type":"ImageObject","inLanguage":"fr-FR","@id":"https:\/\/kapitalis.com\/tunisie\/#\/schema\/logo\/image\/","url":"https:\/\/kapitalis.com\/tunisie\/wp-content\/uploads\/2022\/05\/Kapitalis-big-size.png","contentUrl":"https:\/\/kapitalis.com\/tunisie\/wp-content\/uploads\/2022\/05\/Kapitalis-big-size.png","width":5000,"height":1500,"caption":"Kapitalis"},"image":{"@id":"https:\/\/kapitalis.com\/tunisie\/#\/schema\/logo\/image\/"},"sameAs":["https:\/\/www.facebook.com\/KapitalisInfo\/","https:\/\/x.com\/KapitalisInfo","https:\/\/www.youtube.com\/channel\/UC-yDYrHyfFBWWZaOw3FPg9Q"]},{"@type":"Person","@id":"https:\/\/kapitalis.com\/tunisie\/#\/schema\/person\/74bbde0154d49d790a92aaeac5bc01d5","name":"Yusra NY","url":"https:\/\/kapitalis.com\/tunisie\/author\/yuza_adam\/"}]}},"_links":{"self":[{"href":"https:\/\/kapitalis.com\/tunisie\/wp-json\/wp\/v2\/posts\/363209","targetHints":{"allow":["GET"]}}],"collection":[{"href":"https:\/\/kapitalis.com\/tunisie\/wp-json\/wp\/v2\/posts"}],"about":[{"href":"https:\/\/kapitalis.com\/tunisie\/wp-json\/wp\/v2\/types\/post"}],"author":[{"embeddable":true,"href":"https:\/\/kapitalis.com\/tunisie\/wp-json\/wp\/v2\/users\/6"}],"replies":[{"embeddable":true,"href":"https:\/\/kapitalis.com\/tunisie\/wp-json\/wp\/v2\/comments?post=363209"}],"version-history":[{"count":0,"href":"https:\/\/kapitalis.com\/tunisie\/wp-json\/wp\/v2\/posts\/363209\/revisions"}],"wp:attachment":[{"href":"https:\/\/kapitalis.com\/tunisie\/wp-json\/wp\/v2\/media?parent=363209"}],"wp:term":[{"taxonomy":"category","embeddable":true,"href":"https:\/\/kapitalis.com\/tunisie\/wp-json\/wp\/v2\/categories?post=363209"},{"taxonomy":"post_tag","embeddable":true,"href":"https:\/\/kapitalis.com\/tunisie\/wp-json\/wp\/v2\/tags?post=363209"}],"curies":[{"name":"wp","href":"https:\/\/api.w.org\/{rel}","templated":true}]}}