{"id":363396,"date":"2021-09-20T10:55:49","date_gmt":"2021-09-20T09:55:49","guid":{"rendered":"http:\/\/kapitalis.com\/tunisie\/?p=363396"},"modified":"2021-09-20T10:58:53","modified_gmt":"2021-09-20T09:58:53","slug":"la-cite-des-sciences-a-tunis-accueille-la-nuit-europeenne-des-chercheurs","status":"publish","type":"post","link":"https:\/\/kapitalis.com\/tunisie\/2021\/09\/20\/la-cite-des-sciences-a-tunis-accueille-la-nuit-europeenne-des-chercheurs\/","title":{"rendered":"La Cit\u00e9 des Sciences \u00e0 Tunis accueille la Nuit europ\u00e9enne des Chercheurs"},"content":{"rendered":"\n<div class=\"wp-block-image\"><figure class=\"aligncenter size-large\"><img decoding=\"async\" src=\"http:\/\/kapitalis.com\/tunisie\/wp-content\/uploads\/2021\/09\/Untitled-3-3.jpg\" alt=\"\" class=\"wp-image-363404\"\/><\/figure><\/div>\n\n\n\n<p><strong><em>La Cit\u00e9 des Sciences \u00e0 Tunis accueillera le vendredi 24 septembre la Nuit europ\u00e9enne des Chercheurs. Un programme de jumelage entre la Tunisie et l\u2019Espagne ax\u00e9 autour de l\u2019intelligence artificielle, du patrimoine et de la science citoyenne.<\/em><\/strong><\/p>\n\n\n\n<!--more-->\n\n\n\n<p>En partenariat avec la Fondation Descrubre, la Cit\u00e9 des Sciences \u00e0 Tunis participe \u00e0 la Nuit europ\u00e9enne des Chercheurs qui se tient \u00e9galement dans les deux villes espagnoles Grenade et S\u00e9ville. Il s\u2019agit d\u2019un projet de vulgarisation scientifique promu par la Commission europ\u00e9enne.<\/p>\n\n\n\n<p>L\u2019\u00e9v\u00e9nement fait partie du programme de jumelage tuniso-espagnol \u00ab&nbsp;Appui institutionnel pour l\u2019am\u00e9lioration des performances du syst\u00e8me de recherche et innovation tunisien&nbsp;\u00bb, et ce, dans le cadre du projet \u00ab&nbsp;MonuMai&nbsp;\u00bb qui vise \u00e0 cr\u00e9er des liens entre le citoyen et son patrimoine \u00e0 travers les arts, les math\u00e9matiques, l\u2019intelligence artificielle et la communication.<\/p>\n\n\n\n<p>Durant la journ\u00e9e du vendredi prochain, le public est invit\u00e9 \u00e0 prendre part \u00e0 une s\u00e9rie de conf\u00e9rences, \u00e0 des ateliers, \u00e0 une exposition autour des monuments andalous en Tunisie, \u00e0 une observation du ciel par le t\u00e9lescope, ainsi qu\u2019\u00e0 une performance musicale.<\/p>\n\n\n\n<p>Un programme parall\u00e8le aura \u00e9galement lieu \u00e0 la ville de Testour avec entre-autres une visite guid\u00e9e de la grande mosqu\u00e9e de la ville, un stand MonuMai, des ateliers de vulgarisation scientifique, une observation astronomique.<\/p>\n\n\n\n<p class=\"has-text-align-right\"><strong>Fawz Benali<\/strong><\/p>\n","protected":false},"excerpt":{"rendered":"<p>La Cit\u00e9 des Sciences \u00e0 Tunis accueillera le vendredi 24 septembre la Nuit europ\u00e9enne des Chercheurs. Un programme de jumelage entre la Tunisie et l\u2019Espagne ax\u00e9 autour de l\u2019intelligence artificielle, du patrimoine et de la science citoyenne.<\/p>\n","protected":false},"author":26,"featured_media":363404,"comment_status":"open","ping_status":"open","sticky":false,"template":"","format":"standard","meta":{"footnotes":""},"categories":[994,2433],"tags":[30522,93479,93480,62643],"class_list":["post-363396","post","type-post","status-publish","format-standard","has-post-thumbnail","hentry","category-culture","category-tunisie","tag-cite-des-sciences-de-tunis","tag-monumai","tag-nuit-europeenne-des-chercheurs","tag-tunisie"],"yoast_head":"<!-- This site is optimized with the Yoast SEO plugin v26.6 - https:\/\/yoast.com\/wordpress\/plugins\/seo\/ -->\n<title>La Cit\u00e9 des Sciences \u00e0 Tunis accueille la Nuit europ\u00e9enne des Chercheurs - Kapitalis<\/title>\n<meta name=\"robots\" content=\"index, follow, max-snippet:-1, max-image-preview:large, max-video-preview:-1\" \/>\n<link rel=\"canonical\" href=\"https:\/\/kapitalis.com\/tunisie\/2021\/09\/20\/la-cite-des-sciences-a-tunis-accueille-la-nuit-europeenne-des-chercheurs\/\" \/>\n<meta property=\"og:locale\" content=\"fr_FR\" \/>\n<meta property=\"og:type\" content=\"article\" \/>\n<meta property=\"og:title\" content=\"La Cit\u00e9 des Sciences \u00e0 Tunis accueille la Nuit europ\u00e9enne des Chercheurs - Kapitalis\" \/>\n<meta property=\"og:description\" content=\"La Cit\u00e9 des Sciences \u00e0 Tunis accueillera le vendredi 24 septembre la Nuit europ\u00e9enne des Chercheurs. Un programme de jumelage entre la Tunisie et l\u2019Espagne ax\u00e9 autour de l\u2019intelligence artificielle, du patrimoine et de la science citoyenne.\" \/>\n<meta property=\"og:url\" content=\"https:\/\/kapitalis.com\/tunisie\/2021\/09\/20\/la-cite-des-sciences-a-tunis-accueille-la-nuit-europeenne-des-chercheurs\/\" \/>\n<meta property=\"og:site_name\" content=\"Kapitalis\" \/>\n<meta property=\"article:publisher\" content=\"https:\/\/www.facebook.com\/KapitalisInfo\/\" \/>\n<meta property=\"article:published_time\" content=\"2021-09-20T09:55:49+00:00\" \/>\n<meta property=\"article:modified_time\" content=\"2021-09-20T09:58:53+00:00\" \/>\n<meta property=\"og:image\" content=\"https:\/\/kapitalis.com\/tunisie\/wp-content\/uploads\/2022\/05\/kapitalis-logo-fb.png\" \/>\n\t<meta property=\"og:image:width\" content=\"1200\" \/>\n\t<meta property=\"og:image:height\" content=\"630\" \/>\n\t<meta property=\"og:image:type\" content=\"image\/png\" \/>\n<meta name=\"author\" content=\"Fawz BenAli\" \/>\n<meta name=\"twitter:card\" content=\"summary_large_image\" \/>\n<meta name=\"twitter:creator\" content=\"@KapitalisInfo\" \/>\n<meta name=\"twitter:site\" content=\"@KapitalisInfo\" \/>\n<meta name=\"twitter:label1\" content=\"\u00c9crit par\" \/>\n\t<meta name=\"twitter:data1\" content=\"Fawz BenAli\" \/>\n\t<meta name=\"twitter:label2\" content=\"Dur\u00e9e de lecture estim\u00e9e\" \/>\n\t<meta name=\"twitter:data2\" content=\"1 minute\" \/>\n<script type=\"application\/ld+json\" class=\"yoast-schema-graph\">{\"@context\":\"https:\/\/schema.org\",\"@graph\":[{\"@type\":\"Article\",\"@id\":\"https:\/\/kapitalis.com\/tunisie\/2021\/09\/20\/la-cite-des-sciences-a-tunis-accueille-la-nuit-europeenne-des-chercheurs\/#article\",\"isPartOf\":{\"@id\":\"https:\/\/kapitalis.com\/tunisie\/2021\/09\/20\/la-cite-des-sciences-a-tunis-accueille-la-nuit-europeenne-des-chercheurs\/\"},\"author\":{\"name\":\"Fawz BenAli\",\"@id\":\"https:\/\/kapitalis.com\/tunisie\/#\/schema\/person\/73a5ecc1f6ae540c6ed91342eadca948\"},\"headline\":\"La Cit\u00e9 des Sciences \u00e0 Tunis accueille la Nuit europ\u00e9enne des Chercheurs\",\"datePublished\":\"2021-09-20T09:55:49+00:00\",\"dateModified\":\"2021-09-20T09:58:53+00:00\",\"mainEntityOfPage\":{\"@id\":\"https:\/\/kapitalis.com\/tunisie\/2021\/09\/20\/la-cite-des-sciences-a-tunis-accueille-la-nuit-europeenne-des-chercheurs\/\"},\"wordCount\":238,\"commentCount\":0,\"publisher\":{\"@id\":\"https:\/\/kapitalis.com\/tunisie\/#organization\"},\"image\":{\"@id\":\"https:\/\/kapitalis.com\/tunisie\/2021\/09\/20\/la-cite-des-sciences-a-tunis-accueille-la-nuit-europeenne-des-chercheurs\/#primaryimage\"},\"thumbnailUrl\":\"\",\"keywords\":[\"Cit\u00e9 des sciences de Tunis\",\"MonuMai\",\"Nuit europ\u00e9enne des chercheurs\",\"Tunisie\"],\"articleSection\":[\"CULTURE\",\"Tunisie\"],\"inLanguage\":\"fr-FR\",\"potentialAction\":[{\"@type\":\"CommentAction\",\"name\":\"Comment\",\"target\":[\"https:\/\/kapitalis.com\/tunisie\/2021\/09\/20\/la-cite-des-sciences-a-tunis-accueille-la-nuit-europeenne-des-chercheurs\/#respond\"]}]},{\"@type\":\"WebPage\",\"@id\":\"https:\/\/kapitalis.com\/tunisie\/2021\/09\/20\/la-cite-des-sciences-a-tunis-accueille-la-nuit-europeenne-des-chercheurs\/\",\"url\":\"https:\/\/kapitalis.com\/tunisie\/2021\/09\/20\/la-cite-des-sciences-a-tunis-accueille-la-nuit-europeenne-des-chercheurs\/\",\"name\":\"La Cit\u00e9 des Sciences \u00e0 Tunis accueille la Nuit europ\u00e9enne des Chercheurs - Kapitalis\",\"isPartOf\":{\"@id\":\"https:\/\/kapitalis.com\/tunisie\/#website\"},\"primaryImageOfPage\":{\"@id\":\"https:\/\/kapitalis.com\/tunisie\/2021\/09\/20\/la-cite-des-sciences-a-tunis-accueille-la-nuit-europeenne-des-chercheurs\/#primaryimage\"},\"image\":{\"@id\":\"https:\/\/kapitalis.com\/tunisie\/2021\/09\/20\/la-cite-des-sciences-a-tunis-accueille-la-nuit-europeenne-des-chercheurs\/#primaryimage\"},\"thumbnailUrl\":\"\",\"datePublished\":\"2021-09-20T09:55:49+00:00\",\"dateModified\":\"2021-09-20T09:58:53+00:00\",\"breadcrumb\":{\"@id\":\"https:\/\/kapitalis.com\/tunisie\/2021\/09\/20\/la-cite-des-sciences-a-tunis-accueille-la-nuit-europeenne-des-chercheurs\/#breadcrumb\"},\"inLanguage\":\"fr-FR\",\"potentialAction\":[{\"@type\":\"ReadAction\",\"target\":[\"https:\/\/kapitalis.com\/tunisie\/2021\/09\/20\/la-cite-des-sciences-a-tunis-accueille-la-nuit-europeenne-des-chercheurs\/\"]}]},{\"@type\":\"ImageObject\",\"inLanguage\":\"fr-FR\",\"@id\":\"https:\/\/kapitalis.com\/tunisie\/2021\/09\/20\/la-cite-des-sciences-a-tunis-accueille-la-nuit-europeenne-des-chercheurs\/#primaryimage\",\"url\":\"\",\"contentUrl\":\"\"},{\"@type\":\"BreadcrumbList\",\"@id\":\"https:\/\/kapitalis.com\/tunisie\/2021\/09\/20\/la-cite-des-sciences-a-tunis-accueille-la-nuit-europeenne-des-chercheurs\/#breadcrumb\",\"itemListElement\":[{\"@type\":\"ListItem\",\"position\":1,\"name\":\"Accueil\",\"item\":\"https:\/\/kapitalis.com\/tunisie\/\"},{\"@type\":\"ListItem\",\"position\":2,\"name\":\"La Cit\u00e9 des Sciences \u00e0 Tunis accueille la Nuit europ\u00e9enne des Chercheurs\"}]},{\"@type\":\"WebSite\",\"@id\":\"https:\/\/kapitalis.com\/tunisie\/#website\",\"url\":\"https:\/\/kapitalis.com\/tunisie\/\",\"name\":\"Kapitalis\",\"description\":\"L&#039;actualit\u00e9 en Tunisie et dans le monde\",\"publisher\":{\"@id\":\"https:\/\/kapitalis.com\/tunisie\/#organization\"},\"potentialAction\":[{\"@type\":\"SearchAction\",\"target\":{\"@type\":\"EntryPoint\",\"urlTemplate\":\"https:\/\/kapitalis.com\/tunisie\/?s={search_term_string}\"},\"query-input\":{\"@type\":\"PropertyValueSpecification\",\"valueRequired\":true,\"valueName\":\"search_term_string\"}}],\"inLanguage\":\"fr-FR\"},{\"@type\":\"Organization\",\"@id\":\"https:\/\/kapitalis.com\/tunisie\/#organization\",\"name\":\"Kapitalis\",\"url\":\"https:\/\/kapitalis.com\/tunisie\/\",\"logo\":{\"@type\":\"ImageObject\",\"inLanguage\":\"fr-FR\",\"@id\":\"https:\/\/kapitalis.com\/tunisie\/#\/schema\/logo\/image\/\",\"url\":\"https:\/\/kapitalis.com\/tunisie\/wp-content\/uploads\/2022\/05\/Kapitalis-big-size.png\",\"contentUrl\":\"https:\/\/kapitalis.com\/tunisie\/wp-content\/uploads\/2022\/05\/Kapitalis-big-size.png\",\"width\":5000,\"height\":1500,\"caption\":\"Kapitalis\"},\"image\":{\"@id\":\"https:\/\/kapitalis.com\/tunisie\/#\/schema\/logo\/image\/\"},\"sameAs\":[\"https:\/\/www.facebook.com\/KapitalisInfo\/\",\"https:\/\/x.com\/KapitalisInfo\",\"https:\/\/www.youtube.com\/channel\/UC-yDYrHyfFBWWZaOw3FPg9Q\"]},{\"@type\":\"Person\",\"@id\":\"https:\/\/kapitalis.com\/tunisie\/#\/schema\/person\/73a5ecc1f6ae540c6ed91342eadca948\",\"name\":\"Fawz BenAli\",\"url\":\"https:\/\/kapitalis.com\/tunisie\/author\/fawz\/\"}]}<\/script>\n<!-- \/ Yoast SEO plugin. -->","yoast_head_json":{"title":"La Cit\u00e9 des Sciences \u00e0 Tunis accueille la Nuit europ\u00e9enne des Chercheurs - Kapitalis","robots":{"index":"index","follow":"follow","max-snippet":"max-snippet:-1","max-image-preview":"max-image-preview:large","max-video-preview":"max-video-preview:-1"},"canonical":"https:\/\/kapitalis.com\/tunisie\/2021\/09\/20\/la-cite-des-sciences-a-tunis-accueille-la-nuit-europeenne-des-chercheurs\/","og_locale":"fr_FR","og_type":"article","og_title":"La Cit\u00e9 des Sciences \u00e0 Tunis accueille la Nuit europ\u00e9enne des Chercheurs - Kapitalis","og_description":"La Cit\u00e9 des Sciences \u00e0 Tunis accueillera le vendredi 24 septembre la Nuit europ\u00e9enne des Chercheurs. Un programme de jumelage entre la Tunisie et l\u2019Espagne ax\u00e9 autour de l\u2019intelligence artificielle, du patrimoine et de la science citoyenne.","og_url":"https:\/\/kapitalis.com\/tunisie\/2021\/09\/20\/la-cite-des-sciences-a-tunis-accueille-la-nuit-europeenne-des-chercheurs\/","og_site_name":"Kapitalis","article_publisher":"https:\/\/www.facebook.com\/KapitalisInfo\/","article_published_time":"2021-09-20T09:55:49+00:00","article_modified_time":"2021-09-20T09:58:53+00:00","og_image":[{"width":1200,"height":630,"url":"https:\/\/kapitalis.com\/tunisie\/wp-content\/uploads\/2022\/05\/kapitalis-logo-fb.png","type":"image\/png"}],"author":"Fawz BenAli","twitter_card":"summary_large_image","twitter_creator":"@KapitalisInfo","twitter_site":"@KapitalisInfo","twitter_misc":{"\u00c9crit par":"Fawz BenAli","Dur\u00e9e de lecture estim\u00e9e":"1 minute"},"schema":{"@context":"https:\/\/schema.org","@graph":[{"@type":"Article","@id":"https:\/\/kapitalis.com\/tunisie\/2021\/09\/20\/la-cite-des-sciences-a-tunis-accueille-la-nuit-europeenne-des-chercheurs\/#article","isPartOf":{"@id":"https:\/\/kapitalis.com\/tunisie\/2021\/09\/20\/la-cite-des-sciences-a-tunis-accueille-la-nuit-europeenne-des-chercheurs\/"},"author":{"name":"Fawz BenAli","@id":"https:\/\/kapitalis.com\/tunisie\/#\/schema\/person\/73a5ecc1f6ae540c6ed91342eadca948"},"headline":"La Cit\u00e9 des Sciences \u00e0 Tunis accueille la Nuit europ\u00e9enne des Chercheurs","datePublished":"2021-09-20T09:55:49+00:00","dateModified":"2021-09-20T09:58:53+00:00","mainEntityOfPage":{"@id":"https:\/\/kapitalis.com\/tunisie\/2021\/09\/20\/la-cite-des-sciences-a-tunis-accueille-la-nuit-europeenne-des-chercheurs\/"},"wordCount":238,"commentCount":0,"publisher":{"@id":"https:\/\/kapitalis.com\/tunisie\/#organization"},"image":{"@id":"https:\/\/kapitalis.com\/tunisie\/2021\/09\/20\/la-cite-des-sciences-a-tunis-accueille-la-nuit-europeenne-des-chercheurs\/#primaryimage"},"thumbnailUrl":"","keywords":["Cit\u00e9 des sciences de Tunis","MonuMai","Nuit europ\u00e9enne des chercheurs","Tunisie"],"articleSection":["CULTURE","Tunisie"],"inLanguage":"fr-FR","potentialAction":[{"@type":"CommentAction","name":"Comment","target":["https:\/\/kapitalis.com\/tunisie\/2021\/09\/20\/la-cite-des-sciences-a-tunis-accueille-la-nuit-europeenne-des-chercheurs\/#respond"]}]},{"@type":"WebPage","@id":"https:\/\/kapitalis.com\/tunisie\/2021\/09\/20\/la-cite-des-sciences-a-tunis-accueille-la-nuit-europeenne-des-chercheurs\/","url":"https:\/\/kapitalis.com\/tunisie\/2021\/09\/20\/la-cite-des-sciences-a-tunis-accueille-la-nuit-europeenne-des-chercheurs\/","name":"La Cit\u00e9 des Sciences \u00e0 Tunis accueille la Nuit europ\u00e9enne des Chercheurs - Kapitalis","isPartOf":{"@id":"https:\/\/kapitalis.com\/tunisie\/#website"},"primaryImageOfPage":{"@id":"https:\/\/kapitalis.com\/tunisie\/2021\/09\/20\/la-cite-des-sciences-a-tunis-accueille-la-nuit-europeenne-des-chercheurs\/#primaryimage"},"image":{"@id":"https:\/\/kapitalis.com\/tunisie\/2021\/09\/20\/la-cite-des-sciences-a-tunis-accueille-la-nuit-europeenne-des-chercheurs\/#primaryimage"},"thumbnailUrl":"","datePublished":"2021-09-20T09:55:49+00:00","dateModified":"2021-09-20T09:58:53+00:00","breadcrumb":{"@id":"https:\/\/kapitalis.com\/tunisie\/2021\/09\/20\/la-cite-des-sciences-a-tunis-accueille-la-nuit-europeenne-des-chercheurs\/#breadcrumb"},"inLanguage":"fr-FR","potentialAction":[{"@type":"ReadAction","target":["https:\/\/kapitalis.com\/tunisie\/2021\/09\/20\/la-cite-des-sciences-a-tunis-accueille-la-nuit-europeenne-des-chercheurs\/"]}]},{"@type":"ImageObject","inLanguage":"fr-FR","@id":"https:\/\/kapitalis.com\/tunisie\/2021\/09\/20\/la-cite-des-sciences-a-tunis-accueille-la-nuit-europeenne-des-chercheurs\/#primaryimage","url":"","contentUrl":""},{"@type":"BreadcrumbList","@id":"https:\/\/kapitalis.com\/tunisie\/2021\/09\/20\/la-cite-des-sciences-a-tunis-accueille-la-nuit-europeenne-des-chercheurs\/#breadcrumb","itemListElement":[{"@type":"ListItem","position":1,"name":"Accueil","item":"https:\/\/kapitalis.com\/tunisie\/"},{"@type":"ListItem","position":2,"name":"La Cit\u00e9 des Sciences \u00e0 Tunis accueille la Nuit europ\u00e9enne des Chercheurs"}]},{"@type":"WebSite","@id":"https:\/\/kapitalis.com\/tunisie\/#website","url":"https:\/\/kapitalis.com\/tunisie\/","name":"Kapitalis","description":"L&#039;actualit\u00e9 en Tunisie et dans le monde","publisher":{"@id":"https:\/\/kapitalis.com\/tunisie\/#organization"},"potentialAction":[{"@type":"SearchAction","target":{"@type":"EntryPoint","urlTemplate":"https:\/\/kapitalis.com\/tunisie\/?s={search_term_string}"},"query-input":{"@type":"PropertyValueSpecification","valueRequired":true,"valueName":"search_term_string"}}],"inLanguage":"fr-FR"},{"@type":"Organization","@id":"https:\/\/kapitalis.com\/tunisie\/#organization","name":"Kapitalis","url":"https:\/\/kapitalis.com\/tunisie\/","logo":{"@type":"ImageObject","inLanguage":"fr-FR","@id":"https:\/\/kapitalis.com\/tunisie\/#\/schema\/logo\/image\/","url":"https:\/\/kapitalis.com\/tunisie\/wp-content\/uploads\/2022\/05\/Kapitalis-big-size.png","contentUrl":"https:\/\/kapitalis.com\/tunisie\/wp-content\/uploads\/2022\/05\/Kapitalis-big-size.png","width":5000,"height":1500,"caption":"Kapitalis"},"image":{"@id":"https:\/\/kapitalis.com\/tunisie\/#\/schema\/logo\/image\/"},"sameAs":["https:\/\/www.facebook.com\/KapitalisInfo\/","https:\/\/x.com\/KapitalisInfo","https:\/\/www.youtube.com\/channel\/UC-yDYrHyfFBWWZaOw3FPg9Q"]},{"@type":"Person","@id":"https:\/\/kapitalis.com\/tunisie\/#\/schema\/person\/73a5ecc1f6ae540c6ed91342eadca948","name":"Fawz BenAli","url":"https:\/\/kapitalis.com\/tunisie\/author\/fawz\/"}]}},"_links":{"self":[{"href":"https:\/\/kapitalis.com\/tunisie\/wp-json\/wp\/v2\/posts\/363396","targetHints":{"allow":["GET"]}}],"collection":[{"href":"https:\/\/kapitalis.com\/tunisie\/wp-json\/wp\/v2\/posts"}],"about":[{"href":"https:\/\/kapitalis.com\/tunisie\/wp-json\/wp\/v2\/types\/post"}],"author":[{"embeddable":true,"href":"https:\/\/kapitalis.com\/tunisie\/wp-json\/wp\/v2\/users\/26"}],"replies":[{"embeddable":true,"href":"https:\/\/kapitalis.com\/tunisie\/wp-json\/wp\/v2\/comments?post=363396"}],"version-history":[{"count":0,"href":"https:\/\/kapitalis.com\/tunisie\/wp-json\/wp\/v2\/posts\/363396\/revisions"}],"wp:featuredmedia":[{"embeddable":true,"href":"https:\/\/kapitalis.com\/tunisie\/wp-json\/wp\/v2\/media\/363404"}],"wp:attachment":[{"href":"https:\/\/kapitalis.com\/tunisie\/wp-json\/wp\/v2\/media?parent=363396"}],"wp:term":[{"taxonomy":"category","embeddable":true,"href":"https:\/\/kapitalis.com\/tunisie\/wp-json\/wp\/v2\/categories?post=363396"},{"taxonomy":"post_tag","embeddable":true,"href":"https:\/\/kapitalis.com\/tunisie\/wp-json\/wp\/v2\/tags?post=363396"}],"curies":[{"name":"wp","href":"https:\/\/api.w.org\/{rel}","templated":true}]}}