{"id":363479,"date":"2021-09-20T22:34:13","date_gmt":"2021-09-20T21:34:13","guid":{"rendered":"http:\/\/kapitalis.com\/tunisie\/?p=363479"},"modified":"2021-09-20T22:40:03","modified_gmt":"2021-09-20T21:40:03","slug":"saied-les-mesures-exceptionnelles-vont-se-poursuivre-et-il-ny-aura-pas-de-retour-en-arriere-video","status":"publish","type":"post","link":"https:\/\/kapitalis.com\/tunisie\/2021\/09\/20\/saied-les-mesures-exceptionnelles-vont-se-poursuivre-et-il-ny-aura-pas-de-retour-en-arriere-video\/","title":{"rendered":"Sa\u00efed : \u00abLes mesures exceptionnelles vont se poursuivre et il n&rsquo;y aura pas de retour en arri\u00e8re\u00bb (Vid\u00e9o)"},"content":{"rendered":"\n<div class=\"wp-block-image\"><figure class=\"aligncenter size-large\"><img decoding=\"async\" src=\"http:\/\/kapitalis.com\/tunisie\/wp-content\/uploads\/2021\/09\/Saied-Sidi-Bouzid.jpg\" alt=\"\" class=\"wp-image-363482\"\/><\/figure><\/div>\n\n\n\n<p><strong><em>Le pr\u00e9sident de la r\u00e9publique Ka\u00efs Sa\u00efed, a indiqu\u00e9 ce soir, lundi 20 septembre 2021, lors de son discours tenu depuis Sidi Bouzid, que les mesures exceptionnelles se poursuivront, tout en affirmant que des dispositions transitoires d&rsquo;organisation du pouvoir seront annonc\u00e9es bient\u00f4t, qu&rsquo;un chef du gouvernement sera d\u00e9sign\u00e9 conform\u00e9ment \u00e0 celles-ci et qu&rsquo;une nouvelle loi \u00e9lectorale sera \u00e9labor\u00e9e.<\/em><\/strong><\/p>\n\n\n\n<!--more-->\n\n\n\n<p>Ka\u00efs Sa\u00efed qui affirme avoir tenu \u00e0 s&rsquo;exprimer symboliquement depuis Sidi Bouzid, berceau de la r\u00e9volution tunisienne, qui selon lui a d\u00e9but\u00e9 le 17 d\u00e9cembre avant d&rsquo;\u00e9tre avort\u00e9e le 14 janvier (en r\u00e9f\u00e9rence \u00e0 la continuit\u00e9 du m\u00eame syst\u00e8me politique et \u00e0 une r\u00e9volution qui a \u00e9t\u00e9 spoli\u00e9e), a tent\u00e9 de rassurer les citoyens quant au futur de la Tunisie apr\u00e8s les mesures exceptionnelles du 25 juillet en affirmant qu&rsquo;il n&rsquo;y a aucune h\u00e9sitation, ni d&rsquo;inqui\u00e9tudes \u00e0 se faire.<\/p>\n\n\n\n<p>Acclam\u00e9 par une foule qui scandait : <em>\u00abLe peuple veut la dissolution du parlement\u00bb<\/em> , Sa\u00efed \u00e0 de nouveau expliqu\u00e9 les raisons qui l&rsquo;ont pouss\u00e9 \u00e0 prendre ces mesures, en affirmant que le danger est encore imminent et qu&rsquo;il n&rsquo;y aura pas de retour en arri\u00e8re, tout en s&rsquo;engagent \u00e0 tenir ses promesses, jusqu&rsquo;au bout, r\u00e9p\u00e9tant ainsi ce qu&rsquo;il a d\u00e9j\u00e0 annonc\u00e9 \u00e0 plusieurs occasions. \u00ab<em>Ces mesures je les ai prises pour prot\u00e9ger la nation\u00bb<\/em>, a-t-il insist\u00e9.<\/p>\n\n\n\n<p>\u00ab<em>Je suis ici \u00e0 Sidi Bouzid, pour m&rsquo;adresser \u00e0 vous directement, je ne mes suis pas rendu sur les marches du th\u00e9\u00e2tre comme ce fut le cas pour d\u2019autres\u00bb<\/em>, a-t-il lanc\u00e9, en r\u00e9f\u00e9rence \u00e0 la manifestation organis\u00e9e samedi dernier par des parties qui s&rsquo;opposent aux mesures du 25 juillet et qu&rsquo;elles qualifient de \u00ab<em>coup d\u2019\u00c9tat<\/em>\u00bb, \u00e0 l&rsquo;instar des partis islamistes Ennahdha et Al-Karama, qu&rsquo;il a aussi accus\u00e9 de \u00ab<em>se nourrir des crises et de diffuser de la d\u00e9sinformation pour tenter de semer le chaos\u00bb.<\/em><\/p>\n\n\n\n<p>Dans un discours parfois inaudible \u00e0 cause d&rsquo;un brouhaha dans la salle et des slogans scand\u00e9s par les pr\u00e9sents parmi les habitants de Sidi Bouzid, Sa\u00efed s&rsquo;est dit d\u00e9termin\u00e9 en affirmant qu&rsquo;il ne d\u00e9viera pas de ses principes, ni du slogan \u00ab<em>le peuple veut<\/em>\u00bb, et d&rsquo;ajouter : \u00ab<em>le temps venu, vous allez d\u00e9couvrir toute la v\u00e9rit\u00e9. L&rsquo;obligation de r\u00e9serve m&#8217;emp\u00eache, aujourd\u2019hui, de dire certaines choses, mais la v\u00e9rit\u00e9, toute la v\u00e9rit\u00e9 sera d\u00e9voil\u00e9e\u00bb<\/em>.<\/p>\n\n\n\n<p>\u00ab<em>Les mesures exceptionnelles vont se poursuivre et il n\u2019y aura pas de retour en arri\u00e8re. Il n&rsquo;y a pas, non plus d&rsquo;h\u00e9sitation, ni aucune inqui\u00e9tude \u00e0 se faire\u00bb<\/em>, a ajout\u00e9 le pr\u00e9sident, en indiquant que des dispositions transitoires d&rsquo;organisation du pouvoir seront annonc\u00e9es bient\u00f4t, qu&rsquo;un chef du gouvernement sera d\u00e9sign\u00e9 conform\u00e9ment \u00e0 celles-ci et qu&rsquo;une nouvelle loi \u00e9lectorale sera bient\u00f4t \u00e9labor\u00e9e afin que la prochaine assembl\u00e9e puisse r\u00e9ellement repr\u00e9senter le peuple et servir les int\u00e9r\u00eats des citoyens et non pas des partis et des lobbies qui priorisent leurs int\u00e9r\u00eats.<\/p>\n\n\n\n<p>Voir la vid\u00e9o compl\u00e8te (<a href=\"https:\/\/www.facebook.com\/TVN.Tunisie\/videos\/193176302795378\" target=\"_blank\" rel=\"noreferrer noopener\">lien<\/a>)<\/p>\n\n\n\n<p class=\"has-text-align-right\"><strong>Y. N.<\/strong><\/p>\n","protected":false},"excerpt":{"rendered":"<p>Le pr\u00e9sident de la r\u00e9publique Ka\u00efs Sa\u00efed, a indiqu\u00e9 ce soir, lundi 20 septembre 2021, lors de son discours tenu depuis Sidi Bouzid, que les mesures exceptionnelles se poursuivront, tout en affirmant que des dispositions transitoires d&rsquo;organisation du pouvoir seront annonc\u00e9es bient\u00f4t, qu&rsquo;un chef du gouvernement sera d\u00e9sign\u00e9 conform\u00e9ment \u00e0 celles-ci et qu&rsquo;une nouvelle loi&#8230;<\/p>\n","protected":false},"author":6,"featured_media":363482,"comment_status":"open","ping_status":"open","sticky":false,"template":"","format":"standard","meta":{"footnotes":""},"categories":[997,2433,4806],"tags":[76920,93,43626,76625,5848,87935],"class_list":["post-363479","post","type-post","status-publish","format-standard","has-post-thumbnail","hentry","category-politique","category-tunisie","category-videos","tag-25-juillet","tag-assemblee","tag-loi-electorale","tag-mesures-exceptionnelles","tag-parlement","tag-saied-2"],"yoast_head":"<!-- This site is optimized with the Yoast SEO plugin v26.6 - https:\/\/yoast.com\/wordpress\/plugins\/seo\/ -->\n<title>Sa\u00efed : \u00abLes mesures exceptionnelles vont se poursuivre et il n&#039;y aura pas de retour en arri\u00e8re\u00bb (Vid\u00e9o) - Kapitalis<\/title>\n<meta name=\"robots\" content=\"index, follow, max-snippet:-1, max-image-preview:large, max-video-preview:-1\" \/>\n<link rel=\"canonical\" href=\"https:\/\/kapitalis.com\/tunisie\/2021\/09\/20\/saied-les-mesures-exceptionnelles-vont-se-poursuivre-et-il-ny-aura-pas-de-retour-en-arriere-video\/\" \/>\n<meta property=\"og:locale\" content=\"fr_FR\" \/>\n<meta property=\"og:type\" content=\"article\" \/>\n<meta property=\"og:title\" content=\"Sa\u00efed : \u00abLes mesures exceptionnelles vont se poursuivre et il n&#039;y aura pas de retour en arri\u00e8re\u00bb (Vid\u00e9o) - Kapitalis\" \/>\n<meta property=\"og:description\" content=\"Le pr\u00e9sident de la r\u00e9publique Ka\u00efs Sa\u00efed, a indiqu\u00e9 ce soir, lundi 20 septembre 2021, lors de son discours tenu depuis Sidi Bouzid, que les mesures exceptionnelles se poursuivront, tout en affirmant que des dispositions transitoires d&rsquo;organisation du pouvoir seront annonc\u00e9es bient\u00f4t, qu&rsquo;un chef du gouvernement sera d\u00e9sign\u00e9 conform\u00e9ment \u00e0 celles-ci et qu&rsquo;une nouvelle loi...\" \/>\n<meta property=\"og:url\" content=\"https:\/\/kapitalis.com\/tunisie\/2021\/09\/20\/saied-les-mesures-exceptionnelles-vont-se-poursuivre-et-il-ny-aura-pas-de-retour-en-arriere-video\/\" \/>\n<meta property=\"og:site_name\" content=\"Kapitalis\" \/>\n<meta property=\"article:publisher\" content=\"https:\/\/www.facebook.com\/KapitalisInfo\/\" \/>\n<meta property=\"article:published_time\" content=\"2021-09-20T21:34:13+00:00\" \/>\n<meta property=\"article:modified_time\" content=\"2021-09-20T21:40:03+00:00\" \/>\n<meta property=\"og:image\" content=\"https:\/\/kapitalis.com\/tunisie\/wp-content\/uploads\/2022\/05\/kapitalis-logo-fb.png\" \/>\n\t<meta property=\"og:image:width\" content=\"1200\" \/>\n\t<meta property=\"og:image:height\" content=\"630\" \/>\n\t<meta property=\"og:image:type\" content=\"image\/png\" \/>\n<meta name=\"author\" content=\"Yusra NY\" \/>\n<meta name=\"twitter:card\" content=\"summary_large_image\" \/>\n<meta name=\"twitter:creator\" content=\"@KapitalisInfo\" \/>\n<meta name=\"twitter:site\" content=\"@KapitalisInfo\" \/>\n<meta name=\"twitter:label1\" content=\"\u00c9crit par\" \/>\n\t<meta name=\"twitter:data1\" content=\"Yusra NY\" \/>\n\t<meta name=\"twitter:label2\" content=\"Dur\u00e9e de lecture estim\u00e9e\" \/>\n\t<meta name=\"twitter:data2\" content=\"3 minutes\" \/>\n<script type=\"application\/ld+json\" class=\"yoast-schema-graph\">{\"@context\":\"https:\/\/schema.org\",\"@graph\":[{\"@type\":\"Article\",\"@id\":\"https:\/\/kapitalis.com\/tunisie\/2021\/09\/20\/saied-les-mesures-exceptionnelles-vont-se-poursuivre-et-il-ny-aura-pas-de-retour-en-arriere-video\/#article\",\"isPartOf\":{\"@id\":\"https:\/\/kapitalis.com\/tunisie\/2021\/09\/20\/saied-les-mesures-exceptionnelles-vont-se-poursuivre-et-il-ny-aura-pas-de-retour-en-arriere-video\/\"},\"author\":{\"name\":\"Yusra NY\",\"@id\":\"https:\/\/kapitalis.com\/tunisie\/#\/schema\/person\/74bbde0154d49d790a92aaeac5bc01d5\"},\"headline\":\"Sa\u00efed : \u00abLes mesures exceptionnelles vont se poursuivre et il n&rsquo;y aura pas de retour en arri\u00e8re\u00bb (Vid\u00e9o)\",\"datePublished\":\"2021-09-20T21:34:13+00:00\",\"dateModified\":\"2021-09-20T21:40:03+00:00\",\"mainEntityOfPage\":{\"@id\":\"https:\/\/kapitalis.com\/tunisie\/2021\/09\/20\/saied-les-mesures-exceptionnelles-vont-se-poursuivre-et-il-ny-aura-pas-de-retour-en-arriere-video\/\"},\"wordCount\":534,\"commentCount\":15,\"publisher\":{\"@id\":\"https:\/\/kapitalis.com\/tunisie\/#organization\"},\"image\":{\"@id\":\"https:\/\/kapitalis.com\/tunisie\/2021\/09\/20\/saied-les-mesures-exceptionnelles-vont-se-poursuivre-et-il-ny-aura-pas-de-retour-en-arriere-video\/#primaryimage\"},\"thumbnailUrl\":\"\",\"keywords\":[\"25 juillet\",\"Assembl\u00e9e\",\"loi \u00e9lectorale\",\"mesures exceptionnelles\",\"parlement\",\"Sa\u00efed\"],\"articleSection\":[\"POLITIQUE\",\"Tunisie\",\"VIDEOS\"],\"inLanguage\":\"fr-FR\",\"potentialAction\":[{\"@type\":\"CommentAction\",\"name\":\"Comment\",\"target\":[\"https:\/\/kapitalis.com\/tunisie\/2021\/09\/20\/saied-les-mesures-exceptionnelles-vont-se-poursuivre-et-il-ny-aura-pas-de-retour-en-arriere-video\/#respond\"]}]},{\"@type\":\"WebPage\",\"@id\":\"https:\/\/kapitalis.com\/tunisie\/2021\/09\/20\/saied-les-mesures-exceptionnelles-vont-se-poursuivre-et-il-ny-aura-pas-de-retour-en-arriere-video\/\",\"url\":\"https:\/\/kapitalis.com\/tunisie\/2021\/09\/20\/saied-les-mesures-exceptionnelles-vont-se-poursuivre-et-il-ny-aura-pas-de-retour-en-arriere-video\/\",\"name\":\"Sa\u00efed : \u00abLes mesures exceptionnelles vont se poursuivre et il n'y aura pas de retour en arri\u00e8re\u00bb (Vid\u00e9o) - Kapitalis\",\"isPartOf\":{\"@id\":\"https:\/\/kapitalis.com\/tunisie\/#website\"},\"primaryImageOfPage\":{\"@id\":\"https:\/\/kapitalis.com\/tunisie\/2021\/09\/20\/saied-les-mesures-exceptionnelles-vont-se-poursuivre-et-il-ny-aura-pas-de-retour-en-arriere-video\/#primaryimage\"},\"image\":{\"@id\":\"https:\/\/kapitalis.com\/tunisie\/2021\/09\/20\/saied-les-mesures-exceptionnelles-vont-se-poursuivre-et-il-ny-aura-pas-de-retour-en-arriere-video\/#primaryimage\"},\"thumbnailUrl\":\"\",\"datePublished\":\"2021-09-20T21:34:13+00:00\",\"dateModified\":\"2021-09-20T21:40:03+00:00\",\"breadcrumb\":{\"@id\":\"https:\/\/kapitalis.com\/tunisie\/2021\/09\/20\/saied-les-mesures-exceptionnelles-vont-se-poursuivre-et-il-ny-aura-pas-de-retour-en-arriere-video\/#breadcrumb\"},\"inLanguage\":\"fr-FR\",\"potentialAction\":[{\"@type\":\"ReadAction\",\"target\":[\"https:\/\/kapitalis.com\/tunisie\/2021\/09\/20\/saied-les-mesures-exceptionnelles-vont-se-poursuivre-et-il-ny-aura-pas-de-retour-en-arriere-video\/\"]}]},{\"@type\":\"ImageObject\",\"inLanguage\":\"fr-FR\",\"@id\":\"https:\/\/kapitalis.com\/tunisie\/2021\/09\/20\/saied-les-mesures-exceptionnelles-vont-se-poursuivre-et-il-ny-aura-pas-de-retour-en-arriere-video\/#primaryimage\",\"url\":\"\",\"contentUrl\":\"\"},{\"@type\":\"BreadcrumbList\",\"@id\":\"https:\/\/kapitalis.com\/tunisie\/2021\/09\/20\/saied-les-mesures-exceptionnelles-vont-se-poursuivre-et-il-ny-aura-pas-de-retour-en-arriere-video\/#breadcrumb\",\"itemListElement\":[{\"@type\":\"ListItem\",\"position\":1,\"name\":\"Accueil\",\"item\":\"https:\/\/kapitalis.com\/tunisie\/\"},{\"@type\":\"ListItem\",\"position\":2,\"name\":\"Sa\u00efed : \u00abLes mesures exceptionnelles vont se poursuivre et il n&rsquo;y aura pas de retour en arri\u00e8re\u00bb (Vid\u00e9o)\"}]},{\"@type\":\"WebSite\",\"@id\":\"https:\/\/kapitalis.com\/tunisie\/#website\",\"url\":\"https:\/\/kapitalis.com\/tunisie\/\",\"name\":\"Kapitalis\",\"description\":\"L&#039;actualit\u00e9 en Tunisie et dans le monde\",\"publisher\":{\"@id\":\"https:\/\/kapitalis.com\/tunisie\/#organization\"},\"potentialAction\":[{\"@type\":\"SearchAction\",\"target\":{\"@type\":\"EntryPoint\",\"urlTemplate\":\"https:\/\/kapitalis.com\/tunisie\/?s={search_term_string}\"},\"query-input\":{\"@type\":\"PropertyValueSpecification\",\"valueRequired\":true,\"valueName\":\"search_term_string\"}}],\"inLanguage\":\"fr-FR\"},{\"@type\":\"Organization\",\"@id\":\"https:\/\/kapitalis.com\/tunisie\/#organization\",\"name\":\"Kapitalis\",\"url\":\"https:\/\/kapitalis.com\/tunisie\/\",\"logo\":{\"@type\":\"ImageObject\",\"inLanguage\":\"fr-FR\",\"@id\":\"https:\/\/kapitalis.com\/tunisie\/#\/schema\/logo\/image\/\",\"url\":\"https:\/\/kapitalis.com\/tunisie\/wp-content\/uploads\/2022\/05\/Kapitalis-big-size.png\",\"contentUrl\":\"https:\/\/kapitalis.com\/tunisie\/wp-content\/uploads\/2022\/05\/Kapitalis-big-size.png\",\"width\":5000,\"height\":1500,\"caption\":\"Kapitalis\"},\"image\":{\"@id\":\"https:\/\/kapitalis.com\/tunisie\/#\/schema\/logo\/image\/\"},\"sameAs\":[\"https:\/\/www.facebook.com\/KapitalisInfo\/\",\"https:\/\/x.com\/KapitalisInfo\",\"https:\/\/www.youtube.com\/channel\/UC-yDYrHyfFBWWZaOw3FPg9Q\"]},{\"@type\":\"Person\",\"@id\":\"https:\/\/kapitalis.com\/tunisie\/#\/schema\/person\/74bbde0154d49d790a92aaeac5bc01d5\",\"name\":\"Yusra NY\",\"url\":\"https:\/\/kapitalis.com\/tunisie\/author\/yuza_adam\/\"}]}<\/script>\n<!-- \/ Yoast SEO plugin. -->","yoast_head_json":{"title":"Sa\u00efed : \u00abLes mesures exceptionnelles vont se poursuivre et il n'y aura pas de retour en arri\u00e8re\u00bb (Vid\u00e9o) - Kapitalis","robots":{"index":"index","follow":"follow","max-snippet":"max-snippet:-1","max-image-preview":"max-image-preview:large","max-video-preview":"max-video-preview:-1"},"canonical":"https:\/\/kapitalis.com\/tunisie\/2021\/09\/20\/saied-les-mesures-exceptionnelles-vont-se-poursuivre-et-il-ny-aura-pas-de-retour-en-arriere-video\/","og_locale":"fr_FR","og_type":"article","og_title":"Sa\u00efed : \u00abLes mesures exceptionnelles vont se poursuivre et il n'y aura pas de retour en arri\u00e8re\u00bb (Vid\u00e9o) - Kapitalis","og_description":"Le pr\u00e9sident de la r\u00e9publique Ka\u00efs Sa\u00efed, a indiqu\u00e9 ce soir, lundi 20 septembre 2021, lors de son discours tenu depuis Sidi Bouzid, que les mesures exceptionnelles se poursuivront, tout en affirmant que des dispositions transitoires d&rsquo;organisation du pouvoir seront annonc\u00e9es bient\u00f4t, qu&rsquo;un chef du gouvernement sera d\u00e9sign\u00e9 conform\u00e9ment \u00e0 celles-ci et qu&rsquo;une nouvelle loi...","og_url":"https:\/\/kapitalis.com\/tunisie\/2021\/09\/20\/saied-les-mesures-exceptionnelles-vont-se-poursuivre-et-il-ny-aura-pas-de-retour-en-arriere-video\/","og_site_name":"Kapitalis","article_publisher":"https:\/\/www.facebook.com\/KapitalisInfo\/","article_published_time":"2021-09-20T21:34:13+00:00","article_modified_time":"2021-09-20T21:40:03+00:00","og_image":[{"width":1200,"height":630,"url":"https:\/\/kapitalis.com\/tunisie\/wp-content\/uploads\/2022\/05\/kapitalis-logo-fb.png","type":"image\/png"}],"author":"Yusra NY","twitter_card":"summary_large_image","twitter_creator":"@KapitalisInfo","twitter_site":"@KapitalisInfo","twitter_misc":{"\u00c9crit par":"Yusra NY","Dur\u00e9e de lecture estim\u00e9e":"3 minutes"},"schema":{"@context":"https:\/\/schema.org","@graph":[{"@type":"Article","@id":"https:\/\/kapitalis.com\/tunisie\/2021\/09\/20\/saied-les-mesures-exceptionnelles-vont-se-poursuivre-et-il-ny-aura-pas-de-retour-en-arriere-video\/#article","isPartOf":{"@id":"https:\/\/kapitalis.com\/tunisie\/2021\/09\/20\/saied-les-mesures-exceptionnelles-vont-se-poursuivre-et-il-ny-aura-pas-de-retour-en-arriere-video\/"},"author":{"name":"Yusra NY","@id":"https:\/\/kapitalis.com\/tunisie\/#\/schema\/person\/74bbde0154d49d790a92aaeac5bc01d5"},"headline":"Sa\u00efed : \u00abLes mesures exceptionnelles vont se poursuivre et il n&rsquo;y aura pas de retour en arri\u00e8re\u00bb (Vid\u00e9o)","datePublished":"2021-09-20T21:34:13+00:00","dateModified":"2021-09-20T21:40:03+00:00","mainEntityOfPage":{"@id":"https:\/\/kapitalis.com\/tunisie\/2021\/09\/20\/saied-les-mesures-exceptionnelles-vont-se-poursuivre-et-il-ny-aura-pas-de-retour-en-arriere-video\/"},"wordCount":534,"commentCount":15,"publisher":{"@id":"https:\/\/kapitalis.com\/tunisie\/#organization"},"image":{"@id":"https:\/\/kapitalis.com\/tunisie\/2021\/09\/20\/saied-les-mesures-exceptionnelles-vont-se-poursuivre-et-il-ny-aura-pas-de-retour-en-arriere-video\/#primaryimage"},"thumbnailUrl":"","keywords":["25 juillet","Assembl\u00e9e","loi \u00e9lectorale","mesures exceptionnelles","parlement","Sa\u00efed"],"articleSection":["POLITIQUE","Tunisie","VIDEOS"],"inLanguage":"fr-FR","potentialAction":[{"@type":"CommentAction","name":"Comment","target":["https:\/\/kapitalis.com\/tunisie\/2021\/09\/20\/saied-les-mesures-exceptionnelles-vont-se-poursuivre-et-il-ny-aura-pas-de-retour-en-arriere-video\/#respond"]}]},{"@type":"WebPage","@id":"https:\/\/kapitalis.com\/tunisie\/2021\/09\/20\/saied-les-mesures-exceptionnelles-vont-se-poursuivre-et-il-ny-aura-pas-de-retour-en-arriere-video\/","url":"https:\/\/kapitalis.com\/tunisie\/2021\/09\/20\/saied-les-mesures-exceptionnelles-vont-se-poursuivre-et-il-ny-aura-pas-de-retour-en-arriere-video\/","name":"Sa\u00efed : \u00abLes mesures exceptionnelles vont se poursuivre et il n'y aura pas de retour en arri\u00e8re\u00bb (Vid\u00e9o) - Kapitalis","isPartOf":{"@id":"https:\/\/kapitalis.com\/tunisie\/#website"},"primaryImageOfPage":{"@id":"https:\/\/kapitalis.com\/tunisie\/2021\/09\/20\/saied-les-mesures-exceptionnelles-vont-se-poursuivre-et-il-ny-aura-pas-de-retour-en-arriere-video\/#primaryimage"},"image":{"@id":"https:\/\/kapitalis.com\/tunisie\/2021\/09\/20\/saied-les-mesures-exceptionnelles-vont-se-poursuivre-et-il-ny-aura-pas-de-retour-en-arriere-video\/#primaryimage"},"thumbnailUrl":"","datePublished":"2021-09-20T21:34:13+00:00","dateModified":"2021-09-20T21:40:03+00:00","breadcrumb":{"@id":"https:\/\/kapitalis.com\/tunisie\/2021\/09\/20\/saied-les-mesures-exceptionnelles-vont-se-poursuivre-et-il-ny-aura-pas-de-retour-en-arriere-video\/#breadcrumb"},"inLanguage":"fr-FR","potentialAction":[{"@type":"ReadAction","target":["https:\/\/kapitalis.com\/tunisie\/2021\/09\/20\/saied-les-mesures-exceptionnelles-vont-se-poursuivre-et-il-ny-aura-pas-de-retour-en-arriere-video\/"]}]},{"@type":"ImageObject","inLanguage":"fr-FR","@id":"https:\/\/kapitalis.com\/tunisie\/2021\/09\/20\/saied-les-mesures-exceptionnelles-vont-se-poursuivre-et-il-ny-aura-pas-de-retour-en-arriere-video\/#primaryimage","url":"","contentUrl":""},{"@type":"BreadcrumbList","@id":"https:\/\/kapitalis.com\/tunisie\/2021\/09\/20\/saied-les-mesures-exceptionnelles-vont-se-poursuivre-et-il-ny-aura-pas-de-retour-en-arriere-video\/#breadcrumb","itemListElement":[{"@type":"ListItem","position":1,"name":"Accueil","item":"https:\/\/kapitalis.com\/tunisie\/"},{"@type":"ListItem","position":2,"name":"Sa\u00efed : \u00abLes mesures exceptionnelles vont se poursuivre et il n&rsquo;y aura pas de retour en arri\u00e8re\u00bb (Vid\u00e9o)"}]},{"@type":"WebSite","@id":"https:\/\/kapitalis.com\/tunisie\/#website","url":"https:\/\/kapitalis.com\/tunisie\/","name":"Kapitalis","description":"L&#039;actualit\u00e9 en Tunisie et dans le monde","publisher":{"@id":"https:\/\/kapitalis.com\/tunisie\/#organization"},"potentialAction":[{"@type":"SearchAction","target":{"@type":"EntryPoint","urlTemplate":"https:\/\/kapitalis.com\/tunisie\/?s={search_term_string}"},"query-input":{"@type":"PropertyValueSpecification","valueRequired":true,"valueName":"search_term_string"}}],"inLanguage":"fr-FR"},{"@type":"Organization","@id":"https:\/\/kapitalis.com\/tunisie\/#organization","name":"Kapitalis","url":"https:\/\/kapitalis.com\/tunisie\/","logo":{"@type":"ImageObject","inLanguage":"fr-FR","@id":"https:\/\/kapitalis.com\/tunisie\/#\/schema\/logo\/image\/","url":"https:\/\/kapitalis.com\/tunisie\/wp-content\/uploads\/2022\/05\/Kapitalis-big-size.png","contentUrl":"https:\/\/kapitalis.com\/tunisie\/wp-content\/uploads\/2022\/05\/Kapitalis-big-size.png","width":5000,"height":1500,"caption":"Kapitalis"},"image":{"@id":"https:\/\/kapitalis.com\/tunisie\/#\/schema\/logo\/image\/"},"sameAs":["https:\/\/www.facebook.com\/KapitalisInfo\/","https:\/\/x.com\/KapitalisInfo","https:\/\/www.youtube.com\/channel\/UC-yDYrHyfFBWWZaOw3FPg9Q"]},{"@type":"Person","@id":"https:\/\/kapitalis.com\/tunisie\/#\/schema\/person\/74bbde0154d49d790a92aaeac5bc01d5","name":"Yusra NY","url":"https:\/\/kapitalis.com\/tunisie\/author\/yuza_adam\/"}]}},"_links":{"self":[{"href":"https:\/\/kapitalis.com\/tunisie\/wp-json\/wp\/v2\/posts\/363479","targetHints":{"allow":["GET"]}}],"collection":[{"href":"https:\/\/kapitalis.com\/tunisie\/wp-json\/wp\/v2\/posts"}],"about":[{"href":"https:\/\/kapitalis.com\/tunisie\/wp-json\/wp\/v2\/types\/post"}],"author":[{"embeddable":true,"href":"https:\/\/kapitalis.com\/tunisie\/wp-json\/wp\/v2\/users\/6"}],"replies":[{"embeddable":true,"href":"https:\/\/kapitalis.com\/tunisie\/wp-json\/wp\/v2\/comments?post=363479"}],"version-history":[{"count":0,"href":"https:\/\/kapitalis.com\/tunisie\/wp-json\/wp\/v2\/posts\/363479\/revisions"}],"wp:featuredmedia":[{"embeddable":true,"href":"https:\/\/kapitalis.com\/tunisie\/wp-json\/wp\/v2\/media\/363482"}],"wp:attachment":[{"href":"https:\/\/kapitalis.com\/tunisie\/wp-json\/wp\/v2\/media?parent=363479"}],"wp:term":[{"taxonomy":"category","embeddable":true,"href":"https:\/\/kapitalis.com\/tunisie\/wp-json\/wp\/v2\/categories?post=363479"},{"taxonomy":"post_tag","embeddable":true,"href":"https:\/\/kapitalis.com\/tunisie\/wp-json\/wp\/v2\/tags?post=363479"}],"curies":[{"name":"wp","href":"https:\/\/api.w.org\/{rel}","templated":true}]}}