{"id":3635269,"date":"2022-09-03T09:51:57","date_gmt":"2022-09-03T08:51:57","guid":{"rendered":"https:\/\/kapitalis.com\/tunisie\/?p=3635269"},"modified":"2022-09-03T09:51:58","modified_gmt":"2022-09-03T08:51:58","slug":"la-tunisie-doit-reequilibrer-ses-relations-avec-ses-voisins-maghrebins","status":"publish","type":"post","link":"https:\/\/kapitalis.com\/tunisie\/2022\/09\/03\/la-tunisie-doit-reequilibrer-ses-relations-avec-ses-voisins-maghrebins\/","title":{"rendered":"La Tunisie doit r\u00e9\u00e9quilibrer ses relations avec ses voisins maghr\u00e9bins"},"content":{"rendered":"\n<p><strong><em>Le r\u00e9\u00e9quilibrage des relations de la Tunisie avec ses fr\u00e8res et voisins maghr\u00e9bins est n\u00e9cessaire, pour qu\u2019elle puisse jouer un r\u00f4le constructif, serein, de bonne foi et sans parti-pris en vue de la solution de la crise libyenne et du diff\u00e9rend alg\u00e9ro-marocain sur le Sahara. Car la stabilit\u00e9 et la prosp\u00e9rit\u00e9 du Maghreb sont des conditions essentielles pour la stabilit\u00e9 et la prosp\u00e9rit\u00e9 de la Tunisie.<\/em><\/strong><\/p>\n\n\n\n<p>Par<strong> Elyes Kasri <\/strong>*<\/p>\n\n\n\n<!--more-->\n\n\n<div class=\"wp-block-image\">\n<figure class=\"alignleft size-full\"><img decoding=\"async\" src=\"http:\/\/kapitalis.com\/tunisie\/wp-content\/uploads\/2021\/06\/Elyes-Kasri.jpg\" alt=\"\" class=\"wp-image-352204\"\/><\/figure>\n<\/div>\n\n\n<p>N\u2019en d\u00e9plaise aux r\u00e9volutionnaires adeptes du big bang politique et diplomatique qui s\u2019acharnent \u00e0 r\u00e9inventer la roue, les fondamentaux de la diplomatie tunisienne ne sont pas une invention bourguibienne mais une lecture perspicace par feu Habib Bourguiba des r\u00e9alit\u00e9s internationales et des contraintes objectives et immuables, historiques, g\u00e9ographiques, \u00e9conomiques et s\u00e9curitaires qui fa\u00e7onnent les int\u00e9r\u00eats de la Tunisie et son positionnement sur la sc\u00e8ne internationale.<\/p>\n\n\n\n<p>La non ing\u00e9rence dans les affaires int\u00e9rieures des pays tiers et en premier lieu les pays voisins, l\u2019adh\u00e9sion inconditionnelle \u00e0 la l\u00e9galit\u00e9 internationale, le r\u00e8glement pacifique des diff\u00e9rends et conflits internationaux par le recours \u00e0 la l\u00e9galit\u00e9 et aux instances internationales comp\u00e9tentes et la priorit\u00e9 \u00e0 la coop\u00e9ration et au d\u00e9veloppement internationaux ont \u00e9t\u00e9 sous Bourguiba et Ben Ali les fondements de la diplomatie tunisienne et doivent le rester ind\u00e9finiment.<\/p>\n\n\n\n<h2 class=\"wp-block-heading\">La Tunisie victime d\u2019exp\u00e9rimentations politiques et \u00e9conomiques<\/h2>\n\n\n\n<p>Malheureusement, l\u2019\u00e8re post r\u00e9volution a remis en question la s\u00e9r\u00e9nit\u00e9 de nos relations avec nos voisins maghr\u00e9bins en permettant la d\u00e9stabilisation de la Libye qui a fini par faire r\u00e9gner le chaos dans ce pays voisin et des penchants tant\u00f4t pro-marocains par le <em>\u00abTartour\u00bb<\/em> national (l\u2019ancien pr\u00e9sident par int\u00e9rim Moncef Marzouki, Ndlr) pour des raisons personnelles qui n\u2019\u00e9chappent pas aux connaisseurs et tant\u00f4t pro-alg\u00e9riens pour des raisons que certains imputent, probablement \u00e0 tort, \u00e0 des motifs bassement mat\u00e9riels et conjoncturels. Ceci en plus des nostalgies ottomanes des goumis islamistes.<\/p>\n\n\n\n<figure class=\"wp-block-embed is-type-wp-embed is-provider-kapitalis wp-block-embed-kapitalis\"><div class=\"wp-block-embed__wrapper\">\n<blockquote class=\"wp-embedded-content\" data-secret=\"5ySc0D5gOy\"><a href=\"https:\/\/kapitalis.com\/tunisie\/2022\/08\/30\/tunisie-maroc-surmonter-les-emotions-et-calmer-les-esprits\/\">Tunisie &#8211; Maroc\u00a0: surmonter les \u00e9motions et calmer les esprits<\/a><\/blockquote><iframe loading=\"lazy\" class=\"wp-embedded-content\" sandbox=\"allow-scripts\" security=\"restricted\" style=\"position: absolute; clip: rect(1px, 1px, 1px, 1px);\" title=\"\u00ab\u00a0Tunisie &#8211; Maroc\u00a0: surmonter les \u00e9motions et calmer les esprits\u00a0\u00bb &#8212; Kapitalis\" src=\"https:\/\/kapitalis.com\/tunisie\/2022\/08\/30\/tunisie-maroc-surmonter-les-emotions-et-calmer-les-esprits\/embed\/#?secret=c7xdTJQ23t#?secret=5ySc0D5gOy\" data-secret=\"5ySc0D5gOy\" width=\"600\" height=\"338\" frameborder=\"0\" marginwidth=\"0\" marginheight=\"0\" scrolling=\"no\"><\/iframe>\n<\/div><\/figure>\n\n\n\n<p>La Tunisie a \u00e9t\u00e9 d\u00e9j\u00e0 suffisamment victime de tant d\u2019exp\u00e9rimentations politiques et \u00e9conomiques avec des r\u00e9sultats qui en ont fait un cas d\u2019\u00e9cole de quasi faillite politique et \u00e9conomique d\u2019un pays \u00e9mergent en un laps de temps relativement court.<\/p>\n\n\n\n<p>Il est grand temps de revenir aux fondamentaux de la diplomatie tunisienne notamment la neutralit\u00e9 positive vis-\u00e0-vis des diff\u00e9rends r\u00e9gionaux et internationaux et l\u2019adh\u00e9sion \u00e0 la l\u00e9galit\u00e9 internationale, sans lesquels la crise que traverse la Tunisie risque de s\u2019aggraver et pourrait m\u00eame devenir irr\u00e9versible.<\/p>\n\n\n\n<h2 class=\"wp-block-heading\">Le n\u00e9cessaire r\u00e9\u00e9quilibrage des relations avec l&rsquo;Alg\u00e9rie et le Maroc<\/h2>\n\n\n\n<p>L\u2019\u00e9difice maghr\u00e9bin qui, plus qu\u2019un r\u00eave populaire, est un imp\u00e9ratif culturel, \u00e9conomique et s\u00e9curitaire pour les peuples de notre r\u00e9gion, doit \u00eatre pr\u00e9serv\u00e9 en d\u00e9pit des vicissitudes de la g\u00e9opolitique et des divergences et tensions du moment.<\/p>\n\n\n\n<p>Le r\u00e9\u00e9quilibrage de nos relations avec nos fr\u00e8res et voisins maghr\u00e9bins et un r\u00f4le constructif, serein, de bonne foi et sans parti-pris de la Tunisie en vue de la solution de la crise libyenne et du diff\u00e9rend alg\u00e9ro-marocain (sur le Sahara, Ndlr), ne feront que servir l\u2019image et les int\u00e9r\u00eats de la Tunisie car la stabilit\u00e9 et la prosp\u00e9rit\u00e9 du Maghreb sont des conditions essentielles pour la stabilit\u00e9 et la prosp\u00e9rit\u00e9 de la Tunisie.<\/p>\n\n\n\n<p><em>* Ancien ambassadeur au Japon et en Allemagne.<\/em><\/p>\n\n\n\n<figure class=\"wp-block-embed is-type-wp-embed is-provider-kapitalis wp-block-embed-kapitalis\"><div class=\"wp-block-embed__wrapper\">\n<blockquote class=\"wp-embedded-content\" data-secret=\"5Jtosv5hHy\"><a href=\"https:\/\/kapitalis.com\/tunisie\/2022\/08\/28\/tunisie-maroc-lecture-dune-crise-qui-doit-vite-etre-surmontee\/\">Tunisie &#8211; Maroc : lecture d\u2019une crise qui doit vite \u00eatre surmont\u00e9e<\/a><\/blockquote><iframe loading=\"lazy\" class=\"wp-embedded-content\" sandbox=\"allow-scripts\" security=\"restricted\" style=\"position: absolute; clip: rect(1px, 1px, 1px, 1px);\" title=\"\u00ab\u00a0Tunisie &#8211; Maroc : lecture d\u2019une crise qui doit vite \u00eatre surmont\u00e9e\u00a0\u00bb &#8212; Kapitalis\" src=\"https:\/\/kapitalis.com\/tunisie\/2022\/08\/28\/tunisie-maroc-lecture-dune-crise-qui-doit-vite-etre-surmontee\/embed\/#?secret=JF6e1pBWzu#?secret=5Jtosv5hHy\" data-secret=\"5Jtosv5hHy\" width=\"600\" height=\"338\" frameborder=\"0\" marginwidth=\"0\" marginheight=\"0\" scrolling=\"no\"><\/iframe>\n<\/div><\/figure>\n","protected":false},"excerpt":{"rendered":"<p>Il est grand temps de revenir aux fondamentaux de la diplomatie tunisienne notamment la neutralit\u00e9 positive vis-\u00e0-vis des diff\u00e9rends r\u00e9gionaux et internationaux et l\u2019adh\u00e9sion \u00e0 la l\u00e9galit\u00e9 internationale.<\/p>\n","protected":false},"author":8,"featured_media":3635388,"comment_status":"open","ping_status":"open","sticky":false,"template":"","format":"standard","meta":{"footnotes":""},"categories":[992,997,1000,2433],"tags":[64,140,82931,2358,76012,1659,577,634,78852,62643],"class_list":["post-3635269","post","type-post","status-publish","format-standard","has-post-thumbnail","hentry","category-a-la-une","category-politique","category-tribune","category-tunisie","tag-algerie","tag-ben-ali","tag-elyes-kasri-2","tag-habib-bourguiba","tag-kais-saied-2","tag-maghreb","tag-maroc","tag-moncef-marzouki","tag-sahara-occidental","tag-tunisie"],"yoast_head":"<!-- This site is optimized with the Yoast SEO plugin v26.6 - https:\/\/yoast.com\/wordpress\/plugins\/seo\/ -->\n<title>La Tunisie doit r\u00e9\u00e9quilibrer ses relations avec ses voisins maghr\u00e9bins - Kapitalis<\/title>\n<meta name=\"robots\" content=\"index, follow, max-snippet:-1, max-image-preview:large, max-video-preview:-1\" \/>\n<link rel=\"canonical\" href=\"https:\/\/kapitalis.com\/tunisie\/2022\/09\/03\/la-tunisie-doit-reequilibrer-ses-relations-avec-ses-voisins-maghrebins\/\" \/>\n<meta property=\"og:locale\" content=\"fr_FR\" \/>\n<meta property=\"og:type\" content=\"article\" \/>\n<meta property=\"og:title\" content=\"La Tunisie doit r\u00e9\u00e9quilibrer ses relations avec ses voisins maghr\u00e9bins - Kapitalis\" \/>\n<meta property=\"og:description\" content=\"Il est grand temps de revenir aux fondamentaux de la diplomatie tunisienne notamment la neutralit\u00e9 positive vis-\u00e0-vis des diff\u00e9rends r\u00e9gionaux et internationaux et l\u2019adh\u00e9sion \u00e0 la l\u00e9galit\u00e9 internationale.\" \/>\n<meta property=\"og:url\" content=\"https:\/\/kapitalis.com\/tunisie\/2022\/09\/03\/la-tunisie-doit-reequilibrer-ses-relations-avec-ses-voisins-maghrebins\/\" \/>\n<meta property=\"og:site_name\" content=\"Kapitalis\" \/>\n<meta property=\"article:publisher\" content=\"https:\/\/www.facebook.com\/KapitalisInfo\/\" \/>\n<meta property=\"article:published_time\" content=\"2022-09-03T08:51:57+00:00\" \/>\n<meta property=\"article:modified_time\" content=\"2022-09-03T08:51:58+00:00\" \/>\n<meta property=\"og:image\" content=\"https:\/\/kapitalis.com\/tunisie\/wp-content\/uploads\/2022\/09\/Kais-Saied-Maghreb.jpg\" \/>\n\t<meta property=\"og:image:width\" content=\"1200\" \/>\n\t<meta property=\"og:image:height\" content=\"630\" \/>\n\t<meta property=\"og:image:type\" content=\"image\/jpeg\" \/>\n<meta name=\"author\" content=\"webmaster kapitalis\" \/>\n<meta name=\"twitter:card\" content=\"summary_large_image\" \/>\n<meta name=\"twitter:creator\" content=\"@KapitalisInfo\" \/>\n<meta name=\"twitter:site\" content=\"@KapitalisInfo\" \/>\n<meta name=\"twitter:label1\" content=\"\u00c9crit par\" \/>\n\t<meta name=\"twitter:data1\" content=\"webmaster kapitalis\" \/>\n\t<meta name=\"twitter:label2\" content=\"Dur\u00e9e de lecture estim\u00e9e\" \/>\n\t<meta name=\"twitter:data2\" content=\"3 minutes\" \/>\n<script type=\"application\/ld+json\" class=\"yoast-schema-graph\">{\"@context\":\"https:\/\/schema.org\",\"@graph\":[{\"@type\":\"Article\",\"@id\":\"https:\/\/kapitalis.com\/tunisie\/2022\/09\/03\/la-tunisie-doit-reequilibrer-ses-relations-avec-ses-voisins-maghrebins\/#article\",\"isPartOf\":{\"@id\":\"https:\/\/kapitalis.com\/tunisie\/2022\/09\/03\/la-tunisie-doit-reequilibrer-ses-relations-avec-ses-voisins-maghrebins\/\"},\"author\":{\"name\":\"webmaster kapitalis\",\"@id\":\"https:\/\/kapitalis.com\/tunisie\/#\/schema\/person\/d71f33a9ca44f7bad4698210b480c8e9\"},\"headline\":\"La Tunisie doit r\u00e9\u00e9quilibrer ses relations avec ses voisins maghr\u00e9bins\",\"datePublished\":\"2022-09-03T08:51:57+00:00\",\"dateModified\":\"2022-09-03T08:51:58+00:00\",\"mainEntityOfPage\":{\"@id\":\"https:\/\/kapitalis.com\/tunisie\/2022\/09\/03\/la-tunisie-doit-reequilibrer-ses-relations-avec-ses-voisins-maghrebins\/\"},\"wordCount\":617,\"commentCount\":36,\"publisher\":{\"@id\":\"https:\/\/kapitalis.com\/tunisie\/#organization\"},\"image\":{\"@id\":\"https:\/\/kapitalis.com\/tunisie\/2022\/09\/03\/la-tunisie-doit-reequilibrer-ses-relations-avec-ses-voisins-maghrebins\/#primaryimage\"},\"thumbnailUrl\":\"https:\/\/kapitalis.com\/tunisie\/wp-content\/uploads\/2022\/09\/Kais-Saied-Maghreb.jpg\",\"keywords\":[\"Alg\u00e9rie\",\"Ben Ali\",\"Elyes Kasri\",\"Habib Bourguiba\",\"Ka\u00efs Sa\u00efed\",\"Maghreb\",\"Maroc\",\"Moncef Marzouki\",\"Sahara Occidental\",\"Tunisie\"],\"articleSection\":[\"A LA UNE\",\"POLITIQUE\",\"TRIBUNE\",\"Tunisie\"],\"inLanguage\":\"fr-FR\",\"potentialAction\":[{\"@type\":\"CommentAction\",\"name\":\"Comment\",\"target\":[\"https:\/\/kapitalis.com\/tunisie\/2022\/09\/03\/la-tunisie-doit-reequilibrer-ses-relations-avec-ses-voisins-maghrebins\/#respond\"]}]},{\"@type\":\"WebPage\",\"@id\":\"https:\/\/kapitalis.com\/tunisie\/2022\/09\/03\/la-tunisie-doit-reequilibrer-ses-relations-avec-ses-voisins-maghrebins\/\",\"url\":\"https:\/\/kapitalis.com\/tunisie\/2022\/09\/03\/la-tunisie-doit-reequilibrer-ses-relations-avec-ses-voisins-maghrebins\/\",\"name\":\"La Tunisie doit r\u00e9\u00e9quilibrer ses relations avec ses voisins maghr\u00e9bins - Kapitalis\",\"isPartOf\":{\"@id\":\"https:\/\/kapitalis.com\/tunisie\/#website\"},\"primaryImageOfPage\":{\"@id\":\"https:\/\/kapitalis.com\/tunisie\/2022\/09\/03\/la-tunisie-doit-reequilibrer-ses-relations-avec-ses-voisins-maghrebins\/#primaryimage\"},\"image\":{\"@id\":\"https:\/\/kapitalis.com\/tunisie\/2022\/09\/03\/la-tunisie-doit-reequilibrer-ses-relations-avec-ses-voisins-maghrebins\/#primaryimage\"},\"thumbnailUrl\":\"https:\/\/kapitalis.com\/tunisie\/wp-content\/uploads\/2022\/09\/Kais-Saied-Maghreb.jpg\",\"datePublished\":\"2022-09-03T08:51:57+00:00\",\"dateModified\":\"2022-09-03T08:51:58+00:00\",\"breadcrumb\":{\"@id\":\"https:\/\/kapitalis.com\/tunisie\/2022\/09\/03\/la-tunisie-doit-reequilibrer-ses-relations-avec-ses-voisins-maghrebins\/#breadcrumb\"},\"inLanguage\":\"fr-FR\",\"potentialAction\":[{\"@type\":\"ReadAction\",\"target\":[\"https:\/\/kapitalis.com\/tunisie\/2022\/09\/03\/la-tunisie-doit-reequilibrer-ses-relations-avec-ses-voisins-maghrebins\/\"]}]},{\"@type\":\"ImageObject\",\"inLanguage\":\"fr-FR\",\"@id\":\"https:\/\/kapitalis.com\/tunisie\/2022\/09\/03\/la-tunisie-doit-reequilibrer-ses-relations-avec-ses-voisins-maghrebins\/#primaryimage\",\"url\":\"https:\/\/kapitalis.com\/tunisie\/wp-content\/uploads\/2022\/09\/Kais-Saied-Maghreb.jpg\",\"contentUrl\":\"https:\/\/kapitalis.com\/tunisie\/wp-content\/uploads\/2022\/09\/Kais-Saied-Maghreb.jpg\",\"width\":1200,\"height\":630},{\"@type\":\"BreadcrumbList\",\"@id\":\"https:\/\/kapitalis.com\/tunisie\/2022\/09\/03\/la-tunisie-doit-reequilibrer-ses-relations-avec-ses-voisins-maghrebins\/#breadcrumb\",\"itemListElement\":[{\"@type\":\"ListItem\",\"position\":1,\"name\":\"Accueil\",\"item\":\"https:\/\/kapitalis.com\/tunisie\/\"},{\"@type\":\"ListItem\",\"position\":2,\"name\":\"La Tunisie doit r\u00e9\u00e9quilibrer ses relations avec ses voisins maghr\u00e9bins\"}]},{\"@type\":\"WebSite\",\"@id\":\"https:\/\/kapitalis.com\/tunisie\/#website\",\"url\":\"https:\/\/kapitalis.com\/tunisie\/\",\"name\":\"Kapitalis\",\"description\":\"L&#039;actualit\u00e9 en Tunisie et dans le monde\",\"publisher\":{\"@id\":\"https:\/\/kapitalis.com\/tunisie\/#organization\"},\"potentialAction\":[{\"@type\":\"SearchAction\",\"target\":{\"@type\":\"EntryPoint\",\"urlTemplate\":\"https:\/\/kapitalis.com\/tunisie\/?s={search_term_string}\"},\"query-input\":{\"@type\":\"PropertyValueSpecification\",\"valueRequired\":true,\"valueName\":\"search_term_string\"}}],\"inLanguage\":\"fr-FR\"},{\"@type\":\"Organization\",\"@id\":\"https:\/\/kapitalis.com\/tunisie\/#organization\",\"name\":\"Kapitalis\",\"url\":\"https:\/\/kapitalis.com\/tunisie\/\",\"logo\":{\"@type\":\"ImageObject\",\"inLanguage\":\"fr-FR\",\"@id\":\"https:\/\/kapitalis.com\/tunisie\/#\/schema\/logo\/image\/\",\"url\":\"https:\/\/kapitalis.com\/tunisie\/wp-content\/uploads\/2022\/05\/Kapitalis-big-size.png\",\"contentUrl\":\"https:\/\/kapitalis.com\/tunisie\/wp-content\/uploads\/2022\/05\/Kapitalis-big-size.png\",\"width\":5000,\"height\":1500,\"caption\":\"Kapitalis\"},\"image\":{\"@id\":\"https:\/\/kapitalis.com\/tunisie\/#\/schema\/logo\/image\/\"},\"sameAs\":[\"https:\/\/www.facebook.com\/KapitalisInfo\/\",\"https:\/\/x.com\/KapitalisInfo\",\"https:\/\/www.youtube.com\/channel\/UC-yDYrHyfFBWWZaOw3FPg9Q\"]},{\"@type\":\"Person\",\"@id\":\"https:\/\/kapitalis.com\/tunisie\/#\/schema\/person\/d71f33a9ca44f7bad4698210b480c8e9\",\"name\":\"webmaster kapitalis\",\"url\":\"https:\/\/kapitalis.com\/tunisie\/author\/webmaster-kapitalis\/\"}]}<\/script>\n<!-- \/ Yoast SEO plugin. -->","yoast_head_json":{"title":"La Tunisie doit r\u00e9\u00e9quilibrer ses relations avec ses voisins maghr\u00e9bins - Kapitalis","robots":{"index":"index","follow":"follow","max-snippet":"max-snippet:-1","max-image-preview":"max-image-preview:large","max-video-preview":"max-video-preview:-1"},"canonical":"https:\/\/kapitalis.com\/tunisie\/2022\/09\/03\/la-tunisie-doit-reequilibrer-ses-relations-avec-ses-voisins-maghrebins\/","og_locale":"fr_FR","og_type":"article","og_title":"La Tunisie doit r\u00e9\u00e9quilibrer ses relations avec ses voisins maghr\u00e9bins - Kapitalis","og_description":"Il est grand temps de revenir aux fondamentaux de la diplomatie tunisienne notamment la neutralit\u00e9 positive vis-\u00e0-vis des diff\u00e9rends r\u00e9gionaux et internationaux et l\u2019adh\u00e9sion \u00e0 la l\u00e9galit\u00e9 internationale.","og_url":"https:\/\/kapitalis.com\/tunisie\/2022\/09\/03\/la-tunisie-doit-reequilibrer-ses-relations-avec-ses-voisins-maghrebins\/","og_site_name":"Kapitalis","article_publisher":"https:\/\/www.facebook.com\/KapitalisInfo\/","article_published_time":"2022-09-03T08:51:57+00:00","article_modified_time":"2022-09-03T08:51:58+00:00","og_image":[{"width":1200,"height":630,"url":"https:\/\/kapitalis.com\/tunisie\/wp-content\/uploads\/2022\/09\/Kais-Saied-Maghreb.jpg","type":"image\/jpeg"}],"author":"webmaster kapitalis","twitter_card":"summary_large_image","twitter_creator":"@KapitalisInfo","twitter_site":"@KapitalisInfo","twitter_misc":{"\u00c9crit par":"webmaster kapitalis","Dur\u00e9e de lecture estim\u00e9e":"3 minutes"},"schema":{"@context":"https:\/\/schema.org","@graph":[{"@type":"Article","@id":"https:\/\/kapitalis.com\/tunisie\/2022\/09\/03\/la-tunisie-doit-reequilibrer-ses-relations-avec-ses-voisins-maghrebins\/#article","isPartOf":{"@id":"https:\/\/kapitalis.com\/tunisie\/2022\/09\/03\/la-tunisie-doit-reequilibrer-ses-relations-avec-ses-voisins-maghrebins\/"},"author":{"name":"webmaster kapitalis","@id":"https:\/\/kapitalis.com\/tunisie\/#\/schema\/person\/d71f33a9ca44f7bad4698210b480c8e9"},"headline":"La Tunisie doit r\u00e9\u00e9quilibrer ses relations avec ses voisins maghr\u00e9bins","datePublished":"2022-09-03T08:51:57+00:00","dateModified":"2022-09-03T08:51:58+00:00","mainEntityOfPage":{"@id":"https:\/\/kapitalis.com\/tunisie\/2022\/09\/03\/la-tunisie-doit-reequilibrer-ses-relations-avec-ses-voisins-maghrebins\/"},"wordCount":617,"commentCount":36,"publisher":{"@id":"https:\/\/kapitalis.com\/tunisie\/#organization"},"image":{"@id":"https:\/\/kapitalis.com\/tunisie\/2022\/09\/03\/la-tunisie-doit-reequilibrer-ses-relations-avec-ses-voisins-maghrebins\/#primaryimage"},"thumbnailUrl":"https:\/\/kapitalis.com\/tunisie\/wp-content\/uploads\/2022\/09\/Kais-Saied-Maghreb.jpg","keywords":["Alg\u00e9rie","Ben Ali","Elyes Kasri","Habib Bourguiba","Ka\u00efs Sa\u00efed","Maghreb","Maroc","Moncef Marzouki","Sahara Occidental","Tunisie"],"articleSection":["A LA UNE","POLITIQUE","TRIBUNE","Tunisie"],"inLanguage":"fr-FR","potentialAction":[{"@type":"CommentAction","name":"Comment","target":["https:\/\/kapitalis.com\/tunisie\/2022\/09\/03\/la-tunisie-doit-reequilibrer-ses-relations-avec-ses-voisins-maghrebins\/#respond"]}]},{"@type":"WebPage","@id":"https:\/\/kapitalis.com\/tunisie\/2022\/09\/03\/la-tunisie-doit-reequilibrer-ses-relations-avec-ses-voisins-maghrebins\/","url":"https:\/\/kapitalis.com\/tunisie\/2022\/09\/03\/la-tunisie-doit-reequilibrer-ses-relations-avec-ses-voisins-maghrebins\/","name":"La Tunisie doit r\u00e9\u00e9quilibrer ses relations avec ses voisins maghr\u00e9bins - Kapitalis","isPartOf":{"@id":"https:\/\/kapitalis.com\/tunisie\/#website"},"primaryImageOfPage":{"@id":"https:\/\/kapitalis.com\/tunisie\/2022\/09\/03\/la-tunisie-doit-reequilibrer-ses-relations-avec-ses-voisins-maghrebins\/#primaryimage"},"image":{"@id":"https:\/\/kapitalis.com\/tunisie\/2022\/09\/03\/la-tunisie-doit-reequilibrer-ses-relations-avec-ses-voisins-maghrebins\/#primaryimage"},"thumbnailUrl":"https:\/\/kapitalis.com\/tunisie\/wp-content\/uploads\/2022\/09\/Kais-Saied-Maghreb.jpg","datePublished":"2022-09-03T08:51:57+00:00","dateModified":"2022-09-03T08:51:58+00:00","breadcrumb":{"@id":"https:\/\/kapitalis.com\/tunisie\/2022\/09\/03\/la-tunisie-doit-reequilibrer-ses-relations-avec-ses-voisins-maghrebins\/#breadcrumb"},"inLanguage":"fr-FR","potentialAction":[{"@type":"ReadAction","target":["https:\/\/kapitalis.com\/tunisie\/2022\/09\/03\/la-tunisie-doit-reequilibrer-ses-relations-avec-ses-voisins-maghrebins\/"]}]},{"@type":"ImageObject","inLanguage":"fr-FR","@id":"https:\/\/kapitalis.com\/tunisie\/2022\/09\/03\/la-tunisie-doit-reequilibrer-ses-relations-avec-ses-voisins-maghrebins\/#primaryimage","url":"https:\/\/kapitalis.com\/tunisie\/wp-content\/uploads\/2022\/09\/Kais-Saied-Maghreb.jpg","contentUrl":"https:\/\/kapitalis.com\/tunisie\/wp-content\/uploads\/2022\/09\/Kais-Saied-Maghreb.jpg","width":1200,"height":630},{"@type":"BreadcrumbList","@id":"https:\/\/kapitalis.com\/tunisie\/2022\/09\/03\/la-tunisie-doit-reequilibrer-ses-relations-avec-ses-voisins-maghrebins\/#breadcrumb","itemListElement":[{"@type":"ListItem","position":1,"name":"Accueil","item":"https:\/\/kapitalis.com\/tunisie\/"},{"@type":"ListItem","position":2,"name":"La Tunisie doit r\u00e9\u00e9quilibrer ses relations avec ses voisins maghr\u00e9bins"}]},{"@type":"WebSite","@id":"https:\/\/kapitalis.com\/tunisie\/#website","url":"https:\/\/kapitalis.com\/tunisie\/","name":"Kapitalis","description":"L&#039;actualit\u00e9 en Tunisie et dans le monde","publisher":{"@id":"https:\/\/kapitalis.com\/tunisie\/#organization"},"potentialAction":[{"@type":"SearchAction","target":{"@type":"EntryPoint","urlTemplate":"https:\/\/kapitalis.com\/tunisie\/?s={search_term_string}"},"query-input":{"@type":"PropertyValueSpecification","valueRequired":true,"valueName":"search_term_string"}}],"inLanguage":"fr-FR"},{"@type":"Organization","@id":"https:\/\/kapitalis.com\/tunisie\/#organization","name":"Kapitalis","url":"https:\/\/kapitalis.com\/tunisie\/","logo":{"@type":"ImageObject","inLanguage":"fr-FR","@id":"https:\/\/kapitalis.com\/tunisie\/#\/schema\/logo\/image\/","url":"https:\/\/kapitalis.com\/tunisie\/wp-content\/uploads\/2022\/05\/Kapitalis-big-size.png","contentUrl":"https:\/\/kapitalis.com\/tunisie\/wp-content\/uploads\/2022\/05\/Kapitalis-big-size.png","width":5000,"height":1500,"caption":"Kapitalis"},"image":{"@id":"https:\/\/kapitalis.com\/tunisie\/#\/schema\/logo\/image\/"},"sameAs":["https:\/\/www.facebook.com\/KapitalisInfo\/","https:\/\/x.com\/KapitalisInfo","https:\/\/www.youtube.com\/channel\/UC-yDYrHyfFBWWZaOw3FPg9Q"]},{"@type":"Person","@id":"https:\/\/kapitalis.com\/tunisie\/#\/schema\/person\/d71f33a9ca44f7bad4698210b480c8e9","name":"webmaster kapitalis","url":"https:\/\/kapitalis.com\/tunisie\/author\/webmaster-kapitalis\/"}]}},"_links":{"self":[{"href":"https:\/\/kapitalis.com\/tunisie\/wp-json\/wp\/v2\/posts\/3635269","targetHints":{"allow":["GET"]}}],"collection":[{"href":"https:\/\/kapitalis.com\/tunisie\/wp-json\/wp\/v2\/posts"}],"about":[{"href":"https:\/\/kapitalis.com\/tunisie\/wp-json\/wp\/v2\/types\/post"}],"author":[{"embeddable":true,"href":"https:\/\/kapitalis.com\/tunisie\/wp-json\/wp\/v2\/users\/8"}],"replies":[{"embeddable":true,"href":"https:\/\/kapitalis.com\/tunisie\/wp-json\/wp\/v2\/comments?post=3635269"}],"version-history":[{"count":0,"href":"https:\/\/kapitalis.com\/tunisie\/wp-json\/wp\/v2\/posts\/3635269\/revisions"}],"wp:featuredmedia":[{"embeddable":true,"href":"https:\/\/kapitalis.com\/tunisie\/wp-json\/wp\/v2\/media\/3635388"}],"wp:attachment":[{"href":"https:\/\/kapitalis.com\/tunisie\/wp-json\/wp\/v2\/media?parent=3635269"}],"wp:term":[{"taxonomy":"category","embeddable":true,"href":"https:\/\/kapitalis.com\/tunisie\/wp-json\/wp\/v2\/categories?post=3635269"},{"taxonomy":"post_tag","embeddable":true,"href":"https:\/\/kapitalis.com\/tunisie\/wp-json\/wp\/v2\/tags?post=3635269"}],"curies":[{"name":"wp","href":"https:\/\/api.w.org\/{rel}","templated":true}]}}