{"id":363761,"date":"2021-09-23T11:59:31","date_gmt":"2021-09-23T10:59:31","guid":{"rendered":"http:\/\/kapitalis.com\/tunisie\/?p=363761"},"modified":"2021-09-23T12:01:38","modified_gmt":"2021-09-23T11:01:38","slug":"kais-saied-la-fin-de-la-pseudo-democratie","status":"publish","type":"post","link":"https:\/\/kapitalis.com\/tunisie\/2021\/09\/23\/kais-saied-la-fin-de-la-pseudo-democratie\/","title":{"rendered":"Ka\u00efs Sa\u00efed et la fin de la pseudo d\u00e9mocratie&#8230;"},"content":{"rendered":"\n<div class=\"wp-block-image\"><figure class=\"aligncenter size-large\"><img decoding=\"async\" src=\"http:\/\/kapitalis.com\/tunisie\/wp-content\/uploads\/2020\/07\/Kais-Saied-enfant.jpg\" alt=\"\" class=\"wp-image-309366\"\/><\/figure><\/div>\n\n\n\n<p><strong><em>L&rsquo;\u00e9lite politique et intellectuelle en Tunisie est aujourd&rsquo;hui confront\u00e9e \u00e0 un dilemme, d\u00e9fendre le conservatisme et un retour \u00e0 la d\u00e9mocratie factice, pourrie et corrompue ou bien tenter, accompagner et soutenir l&rsquo;aventure incarn\u00e9e par la volont\u00e9 de rupture et de refondation d\u00e9mocratique incarn\u00e9e par Ka\u00efs Sa\u00efed&#8230;<\/em><\/strong><\/p>\n\n\n\n<p>Par <strong>Dr Mustapha Azaiez<\/strong><\/p>\n\n\n\n<!--more-->\n\n\n\n<div class=\"wp-block-image\"><figure class=\"alignleft size-large\"><img decoding=\"async\" src=\"http:\/\/kapitalis.com\/tunisie\/wp-content\/uploads\/2021\/09\/Mustapha-Azaiez.jpg\" alt=\"\" class=\"wp-image-363762\"\/><\/figure><\/div>\n\n\n\n<p>On s&rsquo;y accroche&#8230; On la v\u00e9n\u00e8re&#8230; On la sacralise&#8230; Alors que c&rsquo;est juste un mot, une grosse bo\u00eete vide&#8230; Les Tunisiens qui tiennent \u00e0 cette d\u00e9mocratie factice, sont comme la dame qui porte un faux sac Chanel ou celui qui met une fausse Rolex\u00a0: ils savent, et tout le monde sait que c&rsquo;est du faux, mais l&rsquo;illusion est plus importante que la r\u00e9alit\u00e9&#8230;<\/p>\n\n\n\n<p>La Tunisie ne fait pas l&rsquo;exception, la plupart des \u00e9lections dans le monde sont manipul\u00e9es par des m\u00e9dias, par des groupes d&rsquo;influence, des r\u00e9seaux sociaux, s&rsquo;appuyant sur les neurosciences et dans certains cas sur la cupidit\u00e9 de certains \u00e9lecteurs (un de mes amis, rompu aux choses \u00e9lectorales, estime les voix en dinars)&#8230;<\/p>\n\n\n\n<h3 class=\"wp-block-heading\">Les \u00e9lecteurs manipul\u00e9s, la d\u00e9mocratie d\u00e9voy\u00e9e<\/h3>\n\n\n\n<p>Aujourd&rsquo;hui, on peut casser un candidat ou en promouvoir un, en un rien de temps( voyez l&rsquo;exemple d&rsquo;Eric Zemmour en France)&#8230;<\/p>\n\n\n\n<p>De quelle d\u00e9mocratie parle-t-on au final? Que cela soit aux \u00c9tats-Unis, en France ou dans la plupart des autres pays occidentaux? Est-ce que les \u00e9lus sont repr\u00e9sentatifs, r\u00e9ellement du peuple ? Ou sont ils les \u00e9lus de groupes d&rsquo;influence ? Est-ce que ces \u00e9lus d\u00e9fendent les int\u00e9r\u00eats de la population ou de ceux qui les ont soutenus et financ\u00e9s ?<\/p>\n\n\n\n<p>Les diff\u00e9rentes manifestations et contestations qu&rsquo;on observe dans le monde depuis quelques ann\u00e9es ont la particularit\u00e9 de ne pas \u00eatre men\u00e9es pas des partis politiques, car une frange de la population ne se sent plus repr\u00e9sent\u00e9e par eux&#8230;<\/p>\n\n\n\n<h3 class=\"wp-block-heading\">Un nouveau mod\u00e8le politique qui est en train de na\u00eetre<\/h3>\n\n\n\n<p>Ce qui se passe en Tunisie est un mouvement pr\u00e9curseur de ce qui pourrait se passer partout ailleurs, c&rsquo;est un tentative men\u00e9e pour redonner le pouvoir au peuple&#8230; <em>\u00abEchaab Yourid\u00bb<\/em> (le peuple veut), slogan cher au pr\u00e9sident Kais Saied, moqu\u00e9 par la pseudo intelligentsia, est une vraie r\u00e9volution socio-politique, qui essaie d&rsquo;\u00e9clore dans le monde entier, et qui a trouv\u00e9 un terrain propice en Tunisie&#8230;<\/p>\n\n\n\n<p>Les jeunes qui y adh\u00e8rent en masse ont saisi l&rsquo;importance de cet instant; ils ont compris que le moment est historique, que ce n&rsquo;est ni plus ni moins que la cr\u00e9ation d&rsquo;un nouveau mod\u00e8le politique qui est en train de na\u00eetre, qui d\u00e9sacralise des notions archa\u00efques soi-disant intouchables comme le r\u00e9sultat d&rsquo;un vote fait sur mesure ou d&rsquo;un ramassis de textes, compil\u00e9s dans une constitution&#8230;<\/p>\n\n\n\n<p>La Tunisie a une chance inou\u00efe de voir na\u00eetre chez elle cette initiative&#8230; Tout sera fait pour que le nouveau-n\u00e9 soit \u00e9touff\u00e9 dans le berceau car ce mod\u00e8le va s&rsquo;affronter \u00e0 la classe la plus puissante qui soit, les forces financi\u00e8res, les lobbies et les mafias aussi bien en Tunisie que sur le plan international&#8230; Ces forces vont s&rsquo;appuyer sur nos intellectuels pour briser ce mouvement, pour le ridiculiser, pour nous effrayer par la dictature qui pointe, par le mod\u00e8le libyen&#8230;<\/p>\n\n\n\n<p>Notre \u00e9lite sera confront\u00e9e \u00e0 un dilemme, d\u00e9fendre le conservatisme et un retour \u00e0 la d\u00e9mocratie factice, pourrie et corrompue ou bien tenter, accompagner et soutenir cette aventure&#8230;<\/p>\n\n\n\n<p>Osons&#8230;<\/p>\n\n\n\n<p>* <em>M\u00e9decin de pratique lib\u00e9rale.<\/em><\/p>\n","protected":false},"excerpt":{"rendered":"<p>L&rsquo;\u00e9lite politique et intellectuelle en Tunisie est aujourd&rsquo;hui confront\u00e9e \u00e0 un dilemme, d\u00e9fendre le conservatisme et un retour \u00e0 la d\u00e9mocratie factice, pourrie et corrompue ou bien tenter, accompagner et soutenir l&rsquo;aventure incarn\u00e9e par la volont\u00e9 de rupture et de refondation d\u00e9mocratique incarn\u00e9e par Ka\u00efs Sa\u00efed&#8230; Par Dr Mustapha Azaiez<\/p>\n","protected":false},"author":8,"featured_media":363762,"comment_status":"open","ping_status":"open","sticky":false,"template":"","format":"standard","meta":{"footnotes":""},"categories":[992,997,1000,2433],"tags":[271,80993,84267,70520,93526,62643],"class_list":["post-363761","post","type-post","status-publish","format-standard","has-post-thumbnail","hentry","category-a-la-une","category-politique","category-tribune","category-tunisie","tag-democratie","tag-echaab-yourid","tag-eric-zemmour","tag-kais-saied-3","tag-mustapha-azaiez","tag-tunisie"],"yoast_head":"<!-- This site is optimized with the Yoast SEO plugin v26.6 - https:\/\/yoast.com\/wordpress\/plugins\/seo\/ -->\n<title>Ka\u00efs Sa\u00efed et la fin de la pseudo d\u00e9mocratie... - Kapitalis<\/title>\n<meta name=\"robots\" content=\"index, follow, max-snippet:-1, max-image-preview:large, max-video-preview:-1\" \/>\n<link rel=\"canonical\" href=\"https:\/\/kapitalis.com\/tunisie\/2021\/09\/23\/kais-saied-la-fin-de-la-pseudo-democratie\/\" \/>\n<meta property=\"og:locale\" content=\"fr_FR\" \/>\n<meta property=\"og:type\" content=\"article\" \/>\n<meta property=\"og:title\" content=\"Ka\u00efs Sa\u00efed et la fin de la pseudo d\u00e9mocratie... - Kapitalis\" \/>\n<meta property=\"og:description\" content=\"L&rsquo;\u00e9lite politique et intellectuelle en Tunisie est aujourd&rsquo;hui confront\u00e9e \u00e0 un dilemme, d\u00e9fendre le conservatisme et un retour \u00e0 la d\u00e9mocratie factice, pourrie et corrompue ou bien tenter, accompagner et soutenir l&rsquo;aventure incarn\u00e9e par la volont\u00e9 de rupture et de refondation d\u00e9mocratique incarn\u00e9e par Ka\u00efs Sa\u00efed&#8230; Par Dr Mustapha Azaiez\" \/>\n<meta property=\"og:url\" content=\"https:\/\/kapitalis.com\/tunisie\/2021\/09\/23\/kais-saied-la-fin-de-la-pseudo-democratie\/\" \/>\n<meta property=\"og:site_name\" content=\"Kapitalis\" \/>\n<meta property=\"article:publisher\" content=\"https:\/\/www.facebook.com\/KapitalisInfo\/\" \/>\n<meta property=\"article:published_time\" content=\"2021-09-23T10:59:31+00:00\" \/>\n<meta property=\"article:modified_time\" content=\"2021-09-23T11:01:38+00:00\" \/>\n<meta property=\"og:image\" content=\"https:\/\/kapitalis.com\/tunisie\/wp-content\/uploads\/2022\/05\/kapitalis-logo-fb.png\" \/>\n\t<meta property=\"og:image:width\" content=\"1200\" \/>\n\t<meta property=\"og:image:height\" content=\"630\" \/>\n\t<meta property=\"og:image:type\" content=\"image\/png\" \/>\n<meta name=\"author\" content=\"webmaster kapitalis\" \/>\n<meta name=\"twitter:card\" content=\"summary_large_image\" \/>\n<meta name=\"twitter:creator\" content=\"@KapitalisInfo\" \/>\n<meta name=\"twitter:site\" content=\"@KapitalisInfo\" \/>\n<meta name=\"twitter:label1\" content=\"\u00c9crit par\" \/>\n\t<meta name=\"twitter:data1\" content=\"webmaster kapitalis\" \/>\n\t<meta name=\"twitter:label2\" content=\"Dur\u00e9e de lecture estim\u00e9e\" \/>\n\t<meta name=\"twitter:data2\" content=\"3 minutes\" \/>\n<script type=\"application\/ld+json\" class=\"yoast-schema-graph\">{\"@context\":\"https:\/\/schema.org\",\"@graph\":[{\"@type\":\"Article\",\"@id\":\"https:\/\/kapitalis.com\/tunisie\/2021\/09\/23\/kais-saied-la-fin-de-la-pseudo-democratie\/#article\",\"isPartOf\":{\"@id\":\"https:\/\/kapitalis.com\/tunisie\/2021\/09\/23\/kais-saied-la-fin-de-la-pseudo-democratie\/\"},\"author\":{\"name\":\"webmaster kapitalis\",\"@id\":\"https:\/\/kapitalis.com\/tunisie\/#\/schema\/person\/d71f33a9ca44f7bad4698210b480c8e9\"},\"headline\":\"Ka\u00efs Sa\u00efed et la fin de la pseudo d\u00e9mocratie&#8230;\",\"datePublished\":\"2021-09-23T10:59:31+00:00\",\"dateModified\":\"2021-09-23T11:01:38+00:00\",\"mainEntityOfPage\":{\"@id\":\"https:\/\/kapitalis.com\/tunisie\/2021\/09\/23\/kais-saied-la-fin-de-la-pseudo-democratie\/\"},\"wordCount\":605,\"commentCount\":12,\"publisher\":{\"@id\":\"https:\/\/kapitalis.com\/tunisie\/#organization\"},\"image\":{\"@id\":\"https:\/\/kapitalis.com\/tunisie\/2021\/09\/23\/kais-saied-la-fin-de-la-pseudo-democratie\/#primaryimage\"},\"thumbnailUrl\":\"\",\"keywords\":[\"d\u00e9mocratie\",\"Echaab Yourid\",\"Eric Zemmour\",\"Kais Saied\",\"Mustapha Azaiez\",\"Tunisie\"],\"articleSection\":[\"A LA UNE\",\"POLITIQUE\",\"TRIBUNE\",\"Tunisie\"],\"inLanguage\":\"fr-FR\",\"potentialAction\":[{\"@type\":\"CommentAction\",\"name\":\"Comment\",\"target\":[\"https:\/\/kapitalis.com\/tunisie\/2021\/09\/23\/kais-saied-la-fin-de-la-pseudo-democratie\/#respond\"]}]},{\"@type\":\"WebPage\",\"@id\":\"https:\/\/kapitalis.com\/tunisie\/2021\/09\/23\/kais-saied-la-fin-de-la-pseudo-democratie\/\",\"url\":\"https:\/\/kapitalis.com\/tunisie\/2021\/09\/23\/kais-saied-la-fin-de-la-pseudo-democratie\/\",\"name\":\"Ka\u00efs Sa\u00efed et la fin de la pseudo d\u00e9mocratie... - Kapitalis\",\"isPartOf\":{\"@id\":\"https:\/\/kapitalis.com\/tunisie\/#website\"},\"primaryImageOfPage\":{\"@id\":\"https:\/\/kapitalis.com\/tunisie\/2021\/09\/23\/kais-saied-la-fin-de-la-pseudo-democratie\/#primaryimage\"},\"image\":{\"@id\":\"https:\/\/kapitalis.com\/tunisie\/2021\/09\/23\/kais-saied-la-fin-de-la-pseudo-democratie\/#primaryimage\"},\"thumbnailUrl\":\"\",\"datePublished\":\"2021-09-23T10:59:31+00:00\",\"dateModified\":\"2021-09-23T11:01:38+00:00\",\"breadcrumb\":{\"@id\":\"https:\/\/kapitalis.com\/tunisie\/2021\/09\/23\/kais-saied-la-fin-de-la-pseudo-democratie\/#breadcrumb\"},\"inLanguage\":\"fr-FR\",\"potentialAction\":[{\"@type\":\"ReadAction\",\"target\":[\"https:\/\/kapitalis.com\/tunisie\/2021\/09\/23\/kais-saied-la-fin-de-la-pseudo-democratie\/\"]}]},{\"@type\":\"ImageObject\",\"inLanguage\":\"fr-FR\",\"@id\":\"https:\/\/kapitalis.com\/tunisie\/2021\/09\/23\/kais-saied-la-fin-de-la-pseudo-democratie\/#primaryimage\",\"url\":\"\",\"contentUrl\":\"\"},{\"@type\":\"BreadcrumbList\",\"@id\":\"https:\/\/kapitalis.com\/tunisie\/2021\/09\/23\/kais-saied-la-fin-de-la-pseudo-democratie\/#breadcrumb\",\"itemListElement\":[{\"@type\":\"ListItem\",\"position\":1,\"name\":\"Accueil\",\"item\":\"https:\/\/kapitalis.com\/tunisie\/\"},{\"@type\":\"ListItem\",\"position\":2,\"name\":\"Ka\u00efs Sa\u00efed et la fin de la pseudo d\u00e9mocratie&#8230;\"}]},{\"@type\":\"WebSite\",\"@id\":\"https:\/\/kapitalis.com\/tunisie\/#website\",\"url\":\"https:\/\/kapitalis.com\/tunisie\/\",\"name\":\"Kapitalis\",\"description\":\"L&#039;actualit\u00e9 en Tunisie et dans le monde\",\"publisher\":{\"@id\":\"https:\/\/kapitalis.com\/tunisie\/#organization\"},\"potentialAction\":[{\"@type\":\"SearchAction\",\"target\":{\"@type\":\"EntryPoint\",\"urlTemplate\":\"https:\/\/kapitalis.com\/tunisie\/?s={search_term_string}\"},\"query-input\":{\"@type\":\"PropertyValueSpecification\",\"valueRequired\":true,\"valueName\":\"search_term_string\"}}],\"inLanguage\":\"fr-FR\"},{\"@type\":\"Organization\",\"@id\":\"https:\/\/kapitalis.com\/tunisie\/#organization\",\"name\":\"Kapitalis\",\"url\":\"https:\/\/kapitalis.com\/tunisie\/\",\"logo\":{\"@type\":\"ImageObject\",\"inLanguage\":\"fr-FR\",\"@id\":\"https:\/\/kapitalis.com\/tunisie\/#\/schema\/logo\/image\/\",\"url\":\"https:\/\/kapitalis.com\/tunisie\/wp-content\/uploads\/2022\/05\/Kapitalis-big-size.png\",\"contentUrl\":\"https:\/\/kapitalis.com\/tunisie\/wp-content\/uploads\/2022\/05\/Kapitalis-big-size.png\",\"width\":5000,\"height\":1500,\"caption\":\"Kapitalis\"},\"image\":{\"@id\":\"https:\/\/kapitalis.com\/tunisie\/#\/schema\/logo\/image\/\"},\"sameAs\":[\"https:\/\/www.facebook.com\/KapitalisInfo\/\",\"https:\/\/x.com\/KapitalisInfo\",\"https:\/\/www.youtube.com\/channel\/UC-yDYrHyfFBWWZaOw3FPg9Q\"]},{\"@type\":\"Person\",\"@id\":\"https:\/\/kapitalis.com\/tunisie\/#\/schema\/person\/d71f33a9ca44f7bad4698210b480c8e9\",\"name\":\"webmaster kapitalis\",\"url\":\"https:\/\/kapitalis.com\/tunisie\/author\/webmaster-kapitalis\/\"}]}<\/script>\n<!-- \/ Yoast SEO plugin. -->","yoast_head_json":{"title":"Ka\u00efs Sa\u00efed et la fin de la pseudo d\u00e9mocratie... - Kapitalis","robots":{"index":"index","follow":"follow","max-snippet":"max-snippet:-1","max-image-preview":"max-image-preview:large","max-video-preview":"max-video-preview:-1"},"canonical":"https:\/\/kapitalis.com\/tunisie\/2021\/09\/23\/kais-saied-la-fin-de-la-pseudo-democratie\/","og_locale":"fr_FR","og_type":"article","og_title":"Ka\u00efs Sa\u00efed et la fin de la pseudo d\u00e9mocratie... - Kapitalis","og_description":"L&rsquo;\u00e9lite politique et intellectuelle en Tunisie est aujourd&rsquo;hui confront\u00e9e \u00e0 un dilemme, d\u00e9fendre le conservatisme et un retour \u00e0 la d\u00e9mocratie factice, pourrie et corrompue ou bien tenter, accompagner et soutenir l&rsquo;aventure incarn\u00e9e par la volont\u00e9 de rupture et de refondation d\u00e9mocratique incarn\u00e9e par Ka\u00efs Sa\u00efed&#8230; Par Dr Mustapha Azaiez","og_url":"https:\/\/kapitalis.com\/tunisie\/2021\/09\/23\/kais-saied-la-fin-de-la-pseudo-democratie\/","og_site_name":"Kapitalis","article_publisher":"https:\/\/www.facebook.com\/KapitalisInfo\/","article_published_time":"2021-09-23T10:59:31+00:00","article_modified_time":"2021-09-23T11:01:38+00:00","og_image":[{"width":1200,"height":630,"url":"https:\/\/kapitalis.com\/tunisie\/wp-content\/uploads\/2022\/05\/kapitalis-logo-fb.png","type":"image\/png"}],"author":"webmaster kapitalis","twitter_card":"summary_large_image","twitter_creator":"@KapitalisInfo","twitter_site":"@KapitalisInfo","twitter_misc":{"\u00c9crit par":"webmaster kapitalis","Dur\u00e9e de lecture estim\u00e9e":"3 minutes"},"schema":{"@context":"https:\/\/schema.org","@graph":[{"@type":"Article","@id":"https:\/\/kapitalis.com\/tunisie\/2021\/09\/23\/kais-saied-la-fin-de-la-pseudo-democratie\/#article","isPartOf":{"@id":"https:\/\/kapitalis.com\/tunisie\/2021\/09\/23\/kais-saied-la-fin-de-la-pseudo-democratie\/"},"author":{"name":"webmaster kapitalis","@id":"https:\/\/kapitalis.com\/tunisie\/#\/schema\/person\/d71f33a9ca44f7bad4698210b480c8e9"},"headline":"Ka\u00efs Sa\u00efed et la fin de la pseudo d\u00e9mocratie&#8230;","datePublished":"2021-09-23T10:59:31+00:00","dateModified":"2021-09-23T11:01:38+00:00","mainEntityOfPage":{"@id":"https:\/\/kapitalis.com\/tunisie\/2021\/09\/23\/kais-saied-la-fin-de-la-pseudo-democratie\/"},"wordCount":605,"commentCount":12,"publisher":{"@id":"https:\/\/kapitalis.com\/tunisie\/#organization"},"image":{"@id":"https:\/\/kapitalis.com\/tunisie\/2021\/09\/23\/kais-saied-la-fin-de-la-pseudo-democratie\/#primaryimage"},"thumbnailUrl":"","keywords":["d\u00e9mocratie","Echaab Yourid","Eric Zemmour","Kais Saied","Mustapha Azaiez","Tunisie"],"articleSection":["A LA UNE","POLITIQUE","TRIBUNE","Tunisie"],"inLanguage":"fr-FR","potentialAction":[{"@type":"CommentAction","name":"Comment","target":["https:\/\/kapitalis.com\/tunisie\/2021\/09\/23\/kais-saied-la-fin-de-la-pseudo-democratie\/#respond"]}]},{"@type":"WebPage","@id":"https:\/\/kapitalis.com\/tunisie\/2021\/09\/23\/kais-saied-la-fin-de-la-pseudo-democratie\/","url":"https:\/\/kapitalis.com\/tunisie\/2021\/09\/23\/kais-saied-la-fin-de-la-pseudo-democratie\/","name":"Ka\u00efs Sa\u00efed et la fin de la pseudo d\u00e9mocratie... - Kapitalis","isPartOf":{"@id":"https:\/\/kapitalis.com\/tunisie\/#website"},"primaryImageOfPage":{"@id":"https:\/\/kapitalis.com\/tunisie\/2021\/09\/23\/kais-saied-la-fin-de-la-pseudo-democratie\/#primaryimage"},"image":{"@id":"https:\/\/kapitalis.com\/tunisie\/2021\/09\/23\/kais-saied-la-fin-de-la-pseudo-democratie\/#primaryimage"},"thumbnailUrl":"","datePublished":"2021-09-23T10:59:31+00:00","dateModified":"2021-09-23T11:01:38+00:00","breadcrumb":{"@id":"https:\/\/kapitalis.com\/tunisie\/2021\/09\/23\/kais-saied-la-fin-de-la-pseudo-democratie\/#breadcrumb"},"inLanguage":"fr-FR","potentialAction":[{"@type":"ReadAction","target":["https:\/\/kapitalis.com\/tunisie\/2021\/09\/23\/kais-saied-la-fin-de-la-pseudo-democratie\/"]}]},{"@type":"ImageObject","inLanguage":"fr-FR","@id":"https:\/\/kapitalis.com\/tunisie\/2021\/09\/23\/kais-saied-la-fin-de-la-pseudo-democratie\/#primaryimage","url":"","contentUrl":""},{"@type":"BreadcrumbList","@id":"https:\/\/kapitalis.com\/tunisie\/2021\/09\/23\/kais-saied-la-fin-de-la-pseudo-democratie\/#breadcrumb","itemListElement":[{"@type":"ListItem","position":1,"name":"Accueil","item":"https:\/\/kapitalis.com\/tunisie\/"},{"@type":"ListItem","position":2,"name":"Ka\u00efs Sa\u00efed et la fin de la pseudo d\u00e9mocratie&#8230;"}]},{"@type":"WebSite","@id":"https:\/\/kapitalis.com\/tunisie\/#website","url":"https:\/\/kapitalis.com\/tunisie\/","name":"Kapitalis","description":"L&#039;actualit\u00e9 en Tunisie et dans le monde","publisher":{"@id":"https:\/\/kapitalis.com\/tunisie\/#organization"},"potentialAction":[{"@type":"SearchAction","target":{"@type":"EntryPoint","urlTemplate":"https:\/\/kapitalis.com\/tunisie\/?s={search_term_string}"},"query-input":{"@type":"PropertyValueSpecification","valueRequired":true,"valueName":"search_term_string"}}],"inLanguage":"fr-FR"},{"@type":"Organization","@id":"https:\/\/kapitalis.com\/tunisie\/#organization","name":"Kapitalis","url":"https:\/\/kapitalis.com\/tunisie\/","logo":{"@type":"ImageObject","inLanguage":"fr-FR","@id":"https:\/\/kapitalis.com\/tunisie\/#\/schema\/logo\/image\/","url":"https:\/\/kapitalis.com\/tunisie\/wp-content\/uploads\/2022\/05\/Kapitalis-big-size.png","contentUrl":"https:\/\/kapitalis.com\/tunisie\/wp-content\/uploads\/2022\/05\/Kapitalis-big-size.png","width":5000,"height":1500,"caption":"Kapitalis"},"image":{"@id":"https:\/\/kapitalis.com\/tunisie\/#\/schema\/logo\/image\/"},"sameAs":["https:\/\/www.facebook.com\/KapitalisInfo\/","https:\/\/x.com\/KapitalisInfo","https:\/\/www.youtube.com\/channel\/UC-yDYrHyfFBWWZaOw3FPg9Q"]},{"@type":"Person","@id":"https:\/\/kapitalis.com\/tunisie\/#\/schema\/person\/d71f33a9ca44f7bad4698210b480c8e9","name":"webmaster kapitalis","url":"https:\/\/kapitalis.com\/tunisie\/author\/webmaster-kapitalis\/"}]}},"_links":{"self":[{"href":"https:\/\/kapitalis.com\/tunisie\/wp-json\/wp\/v2\/posts\/363761","targetHints":{"allow":["GET"]}}],"collection":[{"href":"https:\/\/kapitalis.com\/tunisie\/wp-json\/wp\/v2\/posts"}],"about":[{"href":"https:\/\/kapitalis.com\/tunisie\/wp-json\/wp\/v2\/types\/post"}],"author":[{"embeddable":true,"href":"https:\/\/kapitalis.com\/tunisie\/wp-json\/wp\/v2\/users\/8"}],"replies":[{"embeddable":true,"href":"https:\/\/kapitalis.com\/tunisie\/wp-json\/wp\/v2\/comments?post=363761"}],"version-history":[{"count":0,"href":"https:\/\/kapitalis.com\/tunisie\/wp-json\/wp\/v2\/posts\/363761\/revisions"}],"wp:featuredmedia":[{"embeddable":true,"href":"https:\/\/kapitalis.com\/tunisie\/wp-json\/wp\/v2\/media\/363762"}],"wp:attachment":[{"href":"https:\/\/kapitalis.com\/tunisie\/wp-json\/wp\/v2\/media?parent=363761"}],"wp:term":[{"taxonomy":"category","embeddable":true,"href":"https:\/\/kapitalis.com\/tunisie\/wp-json\/wp\/v2\/categories?post=363761"},{"taxonomy":"post_tag","embeddable":true,"href":"https:\/\/kapitalis.com\/tunisie\/wp-json\/wp\/v2\/tags?post=363761"}],"curies":[{"name":"wp","href":"https:\/\/api.w.org\/{rel}","templated":true}]}}