{"id":364444,"date":"2021-09-29T07:56:08","date_gmt":"2021-09-29T06:56:08","guid":{"rendered":"http:\/\/kapitalis.com\/tunisie\/?p=364444"},"modified":"2021-09-29T09:44:51","modified_gmt":"2021-09-29T08:44:51","slug":"makram-akrout-le-tunisien-boulanger-de-lelysee-est-un-francophobe-notoire","status":"publish","type":"post","link":"https:\/\/kapitalis.com\/tunisie\/2021\/09\/29\/makram-akrout-le-tunisien-boulanger-de-lelysee-est-un-francophobe-notoire\/","title":{"rendered":"Makram Akrout, le  Tunisien boulanger de l&rsquo;Elys\u00e9e, est un francophobe notoire"},"content":{"rendered":"\n<div class=\"wp-block-image\"><figure class=\"aligncenter size-full\"><img decoding=\"async\" src=\"http:\/\/kapitalis.com\/tunisie\/wp-content\/uploads\/2021\/09\/Makram-Akrout.jpg\" alt=\"\" class=\"wp-image-364445\"\/><\/figure><\/div>\n\n\n\n<p><strong><em>Finalement, Makram Akrout, le boulanger du XIIe qui vient de remporter le concours de la meilleure baguette de Paris, et qui va, pendant toute une ann\u00e9e fournir au palais de l&rsquo;Elys\u00e9e tout le pain dont il aura besoin, \u00abest visc\u00e9ralement francophobe, un complotiste et suinte la haine de la France par tous les pores de sa peau.\u00bb<\/em><\/strong><\/p>\n\n\n\n<!--more-->\n\n\n\n<p>C&rsquo;est ce qu&rsquo;un internaute surnomm\u00e9 <em>\u00abPierrot le fou\u00bb<\/em> le Fou a d\u00e9couvert en consultant les postes de ce charmant int\u00e9griste sur sa page Facebook&nbsp;: sympathisant du mouvement islamiste radical Al-Karama, alli\u00e9 et satellite du parti islamiste Ennahdha, il vit et travaille en France qu&rsquo;il avait rejoint ill\u00e9galement et o\u00f9 il s&rsquo;\u00e9tait install\u00e9 comme <em>\u00absans papiers\u00bb,<\/em> mais c&rsquo;est un \u00eatre fourbe et double, comme le sont souvent les int\u00e9griste. La France l&rsquo;attire et le fascine, mais il la d\u00e9teste cordialement et ne se prive pas de le crier publiquement.<\/p>\n\n\n\n<p><em>\u00abPierrot le fou\u00bb <\/em>s&rsquo;est amus\u00e9 \u00e0 traduire en fran\u00e7ais pour ses amis non arabophones le contenu de ses publications pour leur permettre de se forger une opinion au sujet de Makram Akrout. Extraits, dont les idoles sont Seifeddine Makhlouf, Mohamed Affes et autres Abdellatif Aloui, des anti-fran\u00e7ais et anti-occidentaux notoires:<\/p>\n\n\n\n<p><em>&#8211; \u00abVotez pour l\u2019expulsion de l\u2019ambassadeur de France et de tous les \u00e9trangers du Comit\u00e9 de pilotage\/d&rsquo;organisation \u00e9conomique tunisien\u00bb;&nbsp;<\/em><\/p>\n\n\n\n<p><em>&#8211; \u00abLa France promeut le vice\/la corruption des m\u0153urs en Tunisie et le d\u00e9clin\/l\u2019\u00e9loignement des valeurs islamiques pour endiguer le d\u00e9veloppement de la conscience populaire, laquelle est contraire \u00e0 ses int\u00e9r\u00eats coloniaux\u00bb;<\/em><\/p>\n\n\n\n<p>&#8211; <em>\u00abEn Tunisie, les spahis (\u00absbayhiya\u00bb) et les vendus \u00e0 la France sont encore plus dangereux que les Fran\u00e7ais qui ont avou\u00e9 \u00eatre des agents des services de renseignement fran\u00e7ais apr\u00e8s leur arrestation aux fronti\u00e8res. Et Sa\u00efda Garrach<\/em> (militant de gauche, Ndlr) <em>renie tout !\u00bb<\/em>;<\/p>\n\n\n\n<p>&#8211; <em>\u00abLa Haica <\/em>(l&rsquo;autorit\u00e9 tunisienne de r\u00e9gulation audiovisuelle, Ndlr) <em>en r\u00e9union avec l\u2019ambassadeur de France. Maintenant, vous savez qui contr\u00f4le les m\u00e9dias dans ce pays qui se targue d\u2019\u00eatre ind\u00e9pendant !\u00bb;<\/em><\/p>\n\n\n\n<p>Et, cerise sur le g\u00e2teau, une citation de Napol\u00e9on est fabriqu\u00e9e de toutes pi\u00e8ces dans laquelle il aurait dit : <em>\u00abCorrompre la femme musulmane est la m\u00e8re de toutes les batailles.\u00bb<\/em><\/p>\n\n\n\n<figure class=\"wp-block-gallery columns-3 is-cropped wp-block-gallery-1 is-layout-flex wp-block-gallery-is-layout-flex\"><ul class=\"blocks-gallery-grid\"><li class=\"blocks-gallery-item\"><figure><img decoding=\"async\" src=\"http:\/\/kapitalis.com\/tunisie\/wp-content\/uploads\/2021\/09\/Post-Makrem-Akrout-1024x880.jpg\" alt=\"\" data-id=\"364458\" data-link=\"http:\/\/kapitalis.com\/tunisie\/2021\/09\/29\/makram-akrout-le-tunisien-boulanger-de-lelysee-est-un-francophobe-notoire\/post-makrem-akrout\/\" class=\"wp-image-364458\"\/><\/figure><\/li><li class=\"blocks-gallery-item\"><figure><img decoding=\"async\" src=\"http:\/\/kapitalis.com\/tunisie\/wp-content\/uploads\/2021\/09\/Post-Makrem-Akrout-2-951x1024.jpg\" alt=\"\" data-id=\"364459\" data-link=\"http:\/\/kapitalis.com\/tunisie\/2021\/09\/29\/makram-akrout-le-tunisien-boulanger-de-lelysee-est-un-francophobe-notoire\/post-makrem-akrout-2\/\" class=\"wp-image-364459\"\/><\/figure><\/li><li class=\"blocks-gallery-item\"><figure><img decoding=\"async\" src=\"http:\/\/kapitalis.com\/tunisie\/wp-content\/uploads\/2021\/09\/Post-Makrem-Akrout-3-876x1024.jpg\" alt=\"\" data-id=\"364460\" data-full-url=\"http:\/\/kapitalis.com\/tunisie\/wp-content\/uploads\/2021\/09\/Post-Makrem-Akrout-3.jpg\" data-link=\"http:\/\/kapitalis.com\/tunisie\/2021\/09\/29\/makram-akrout-le-tunisien-boulanger-de-lelysee-est-un-francophobe-notoire\/post-makrem-akrout-3\/\" class=\"wp-image-364460\"\/><\/figure><\/li><\/ul><\/figure>\n\n\n\n<figure class=\"wp-block-gallery columns-2 is-cropped wp-block-gallery-2 is-layout-flex wp-block-gallery-is-layout-flex\"><ul class=\"blocks-gallery-grid\"><li class=\"blocks-gallery-item\"><figure><img decoding=\"async\" src=\"http:\/\/kapitalis.com\/tunisie\/wp-content\/uploads\/2021\/09\/Post-Makrem-Akrout-4-1008x1024.jpg\" alt=\"\" data-id=\"364461\" data-link=\"http:\/\/kapitalis.com\/tunisie\/2021\/09\/29\/makram-akrout-le-tunisien-boulanger-de-lelysee-est-un-francophobe-notoire\/post-makrem-akrout-4\/\" class=\"wp-image-364461\"\/><\/figure><\/li><li class=\"blocks-gallery-item\"><figure><img decoding=\"async\" src=\"http:\/\/kapitalis.com\/tunisie\/wp-content\/uploads\/2021\/09\/Post-Makrem-Akrout-5.jpg\" alt=\"\" data-id=\"364462\" data-full-url=\"http:\/\/kapitalis.com\/tunisie\/wp-content\/uploads\/2021\/09\/Post-Makrem-Akrout-5.jpg\" data-link=\"http:\/\/kapitalis.com\/tunisie\/2021\/09\/29\/makram-akrout-le-tunisien-boulanger-de-lelysee-est-un-francophobe-notoire\/post-makrem-akrout-5\/\" class=\"wp-image-364462\"\/><\/figure><\/li><\/ul><\/figure>\n","protected":false},"excerpt":{"rendered":"<p>Finalement, Makram Akrout, le boulanger du XIIe qui vient de remporter le concours de la meilleure baguette de Paris, et qui va, pendant toute une ann\u00e9e fournir au palais de l&rsquo;Elys\u00e9e tout le pain dont il aura besoin, \u00abest visc\u00e9ralement francophobe, un complotiste et suinte la haine de la France par tous les pores de&#8230;<\/p>\n","protected":false},"author":8,"featured_media":364445,"comment_status":"open","ping_status":"open","sticky":false,"template":"","format":"standard","meta":{"footnotes":""},"categories":[998,2433],"tags":[72587,76464,395,93610,75932,93695,8752,62643],"class_list":["post-364444","post","type-post","status-publish","format-standard","has-post-thumbnail","hentry","category-societe","category-tunisie","tag-abdellatif-aloui","tag-al-karama-2","tag-france","tag-makram-akrout","tag-mohamed-affes-2","tag-palais-de-lelysee","tag-seifeddine-makhlouf","tag-tunisie"],"yoast_head":"<!-- This site is optimized with the Yoast SEO plugin v26.6 - https:\/\/yoast.com\/wordpress\/plugins\/seo\/ -->\n<title>Makram Akrout, le Tunisien boulanger de l&#039;Elys\u00e9e, est un francophobe notoire - Kapitalis<\/title>\n<meta name=\"robots\" content=\"index, follow, max-snippet:-1, max-image-preview:large, max-video-preview:-1\" \/>\n<link rel=\"canonical\" href=\"https:\/\/kapitalis.com\/tunisie\/2021\/09\/29\/makram-akrout-le-tunisien-boulanger-de-lelysee-est-un-francophobe-notoire\/\" \/>\n<meta property=\"og:locale\" content=\"fr_FR\" \/>\n<meta property=\"og:type\" content=\"article\" \/>\n<meta property=\"og:title\" content=\"Makram Akrout, le Tunisien boulanger de l&#039;Elys\u00e9e, est un francophobe notoire - Kapitalis\" \/>\n<meta property=\"og:description\" content=\"Finalement, Makram Akrout, le boulanger du XIIe qui vient de remporter le concours de la meilleure baguette de Paris, et qui va, pendant toute une ann\u00e9e fournir au palais de l&rsquo;Elys\u00e9e tout le pain dont il aura besoin, \u00abest visc\u00e9ralement francophobe, un complotiste et suinte la haine de la France par tous les pores de...\" \/>\n<meta property=\"og:url\" content=\"https:\/\/kapitalis.com\/tunisie\/2021\/09\/29\/makram-akrout-le-tunisien-boulanger-de-lelysee-est-un-francophobe-notoire\/\" \/>\n<meta property=\"og:site_name\" content=\"Kapitalis\" \/>\n<meta property=\"article:publisher\" content=\"https:\/\/www.facebook.com\/KapitalisInfo\/\" \/>\n<meta property=\"article:published_time\" content=\"2021-09-29T06:56:08+00:00\" \/>\n<meta property=\"article:modified_time\" content=\"2021-09-29T08:44:51+00:00\" \/>\n<meta property=\"og:image\" content=\"https:\/\/kapitalis.com\/tunisie\/wp-content\/uploads\/2022\/05\/kapitalis-logo-fb.png\" \/>\n\t<meta property=\"og:image:width\" content=\"1200\" \/>\n\t<meta property=\"og:image:height\" content=\"630\" \/>\n\t<meta property=\"og:image:type\" content=\"image\/png\" \/>\n<meta name=\"author\" content=\"webmaster kapitalis\" \/>\n<meta name=\"twitter:card\" content=\"summary_large_image\" \/>\n<meta name=\"twitter:creator\" content=\"@KapitalisInfo\" \/>\n<meta name=\"twitter:site\" content=\"@KapitalisInfo\" \/>\n<meta name=\"twitter:label1\" content=\"\u00c9crit par\" \/>\n\t<meta name=\"twitter:data1\" content=\"webmaster kapitalis\" \/>\n\t<meta name=\"twitter:label2\" content=\"Dur\u00e9e de lecture estim\u00e9e\" \/>\n\t<meta name=\"twitter:data2\" content=\"2 minutes\" \/>\n<script type=\"application\/ld+json\" class=\"yoast-schema-graph\">{\"@context\":\"https:\/\/schema.org\",\"@graph\":[{\"@type\":\"Article\",\"@id\":\"https:\/\/kapitalis.com\/tunisie\/2021\/09\/29\/makram-akrout-le-tunisien-boulanger-de-lelysee-est-un-francophobe-notoire\/#article\",\"isPartOf\":{\"@id\":\"https:\/\/kapitalis.com\/tunisie\/2021\/09\/29\/makram-akrout-le-tunisien-boulanger-de-lelysee-est-un-francophobe-notoire\/\"},\"author\":{\"name\":\"webmaster kapitalis\",\"@id\":\"https:\/\/kapitalis.com\/tunisie\/#\/schema\/person\/d71f33a9ca44f7bad4698210b480c8e9\"},\"headline\":\"Makram Akrout, le Tunisien boulanger de l&rsquo;Elys\u00e9e, est un francophobe notoire\",\"datePublished\":\"2021-09-29T06:56:08+00:00\",\"dateModified\":\"2021-09-29T08:44:51+00:00\",\"mainEntityOfPage\":{\"@id\":\"https:\/\/kapitalis.com\/tunisie\/2021\/09\/29\/makram-akrout-le-tunisien-boulanger-de-lelysee-est-un-francophobe-notoire\/\"},\"wordCount\":400,\"commentCount\":7,\"publisher\":{\"@id\":\"https:\/\/kapitalis.com\/tunisie\/#organization\"},\"image\":{\"@id\":\"https:\/\/kapitalis.com\/tunisie\/2021\/09\/29\/makram-akrout-le-tunisien-boulanger-de-lelysee-est-un-francophobe-notoire\/#primaryimage\"},\"thumbnailUrl\":\"\",\"keywords\":[\"Abdellatif Aloui\",\"Al-Karama\",\"France\",\"Makram Akrout\",\"Mohamed Affes\",\"palais de l&#039;Elys\u00e9e\",\"Seifeddine Makhlouf\",\"Tunisie\"],\"articleSection\":[\"SOCIETE\",\"Tunisie\"],\"inLanguage\":\"fr-FR\",\"potentialAction\":[{\"@type\":\"CommentAction\",\"name\":\"Comment\",\"target\":[\"https:\/\/kapitalis.com\/tunisie\/2021\/09\/29\/makram-akrout-le-tunisien-boulanger-de-lelysee-est-un-francophobe-notoire\/#respond\"]}]},{\"@type\":\"WebPage\",\"@id\":\"https:\/\/kapitalis.com\/tunisie\/2021\/09\/29\/makram-akrout-le-tunisien-boulanger-de-lelysee-est-un-francophobe-notoire\/\",\"url\":\"https:\/\/kapitalis.com\/tunisie\/2021\/09\/29\/makram-akrout-le-tunisien-boulanger-de-lelysee-est-un-francophobe-notoire\/\",\"name\":\"Makram Akrout, le Tunisien boulanger de l'Elys\u00e9e, est un francophobe notoire - Kapitalis\",\"isPartOf\":{\"@id\":\"https:\/\/kapitalis.com\/tunisie\/#website\"},\"primaryImageOfPage\":{\"@id\":\"https:\/\/kapitalis.com\/tunisie\/2021\/09\/29\/makram-akrout-le-tunisien-boulanger-de-lelysee-est-un-francophobe-notoire\/#primaryimage\"},\"image\":{\"@id\":\"https:\/\/kapitalis.com\/tunisie\/2021\/09\/29\/makram-akrout-le-tunisien-boulanger-de-lelysee-est-un-francophobe-notoire\/#primaryimage\"},\"thumbnailUrl\":\"\",\"datePublished\":\"2021-09-29T06:56:08+00:00\",\"dateModified\":\"2021-09-29T08:44:51+00:00\",\"breadcrumb\":{\"@id\":\"https:\/\/kapitalis.com\/tunisie\/2021\/09\/29\/makram-akrout-le-tunisien-boulanger-de-lelysee-est-un-francophobe-notoire\/#breadcrumb\"},\"inLanguage\":\"fr-FR\",\"potentialAction\":[{\"@type\":\"ReadAction\",\"target\":[\"https:\/\/kapitalis.com\/tunisie\/2021\/09\/29\/makram-akrout-le-tunisien-boulanger-de-lelysee-est-un-francophobe-notoire\/\"]}]},{\"@type\":\"ImageObject\",\"inLanguage\":\"fr-FR\",\"@id\":\"https:\/\/kapitalis.com\/tunisie\/2021\/09\/29\/makram-akrout-le-tunisien-boulanger-de-lelysee-est-un-francophobe-notoire\/#primaryimage\",\"url\":\"\",\"contentUrl\":\"\"},{\"@type\":\"BreadcrumbList\",\"@id\":\"https:\/\/kapitalis.com\/tunisie\/2021\/09\/29\/makram-akrout-le-tunisien-boulanger-de-lelysee-est-un-francophobe-notoire\/#breadcrumb\",\"itemListElement\":[{\"@type\":\"ListItem\",\"position\":1,\"name\":\"Accueil\",\"item\":\"https:\/\/kapitalis.com\/tunisie\/\"},{\"@type\":\"ListItem\",\"position\":2,\"name\":\"Makram Akrout, le Tunisien boulanger de l&rsquo;Elys\u00e9e, est un francophobe notoire\"}]},{\"@type\":\"WebSite\",\"@id\":\"https:\/\/kapitalis.com\/tunisie\/#website\",\"url\":\"https:\/\/kapitalis.com\/tunisie\/\",\"name\":\"Kapitalis\",\"description\":\"L&#039;actualit\u00e9 en Tunisie et dans le monde\",\"publisher\":{\"@id\":\"https:\/\/kapitalis.com\/tunisie\/#organization\"},\"potentialAction\":[{\"@type\":\"SearchAction\",\"target\":{\"@type\":\"EntryPoint\",\"urlTemplate\":\"https:\/\/kapitalis.com\/tunisie\/?s={search_term_string}\"},\"query-input\":{\"@type\":\"PropertyValueSpecification\",\"valueRequired\":true,\"valueName\":\"search_term_string\"}}],\"inLanguage\":\"fr-FR\"},{\"@type\":\"Organization\",\"@id\":\"https:\/\/kapitalis.com\/tunisie\/#organization\",\"name\":\"Kapitalis\",\"url\":\"https:\/\/kapitalis.com\/tunisie\/\",\"logo\":{\"@type\":\"ImageObject\",\"inLanguage\":\"fr-FR\",\"@id\":\"https:\/\/kapitalis.com\/tunisie\/#\/schema\/logo\/image\/\",\"url\":\"https:\/\/kapitalis.com\/tunisie\/wp-content\/uploads\/2022\/05\/Kapitalis-big-size.png\",\"contentUrl\":\"https:\/\/kapitalis.com\/tunisie\/wp-content\/uploads\/2022\/05\/Kapitalis-big-size.png\",\"width\":5000,\"height\":1500,\"caption\":\"Kapitalis\"},\"image\":{\"@id\":\"https:\/\/kapitalis.com\/tunisie\/#\/schema\/logo\/image\/\"},\"sameAs\":[\"https:\/\/www.facebook.com\/KapitalisInfo\/\",\"https:\/\/x.com\/KapitalisInfo\",\"https:\/\/www.youtube.com\/channel\/UC-yDYrHyfFBWWZaOw3FPg9Q\"]},{\"@type\":\"Person\",\"@id\":\"https:\/\/kapitalis.com\/tunisie\/#\/schema\/person\/d71f33a9ca44f7bad4698210b480c8e9\",\"name\":\"webmaster kapitalis\",\"url\":\"https:\/\/kapitalis.com\/tunisie\/author\/webmaster-kapitalis\/\"}]}<\/script>\n<!-- \/ Yoast SEO plugin. -->","yoast_head_json":{"title":"Makram Akrout, le Tunisien boulanger de l'Elys\u00e9e, est un francophobe notoire - Kapitalis","robots":{"index":"index","follow":"follow","max-snippet":"max-snippet:-1","max-image-preview":"max-image-preview:large","max-video-preview":"max-video-preview:-1"},"canonical":"https:\/\/kapitalis.com\/tunisie\/2021\/09\/29\/makram-akrout-le-tunisien-boulanger-de-lelysee-est-un-francophobe-notoire\/","og_locale":"fr_FR","og_type":"article","og_title":"Makram Akrout, le Tunisien boulanger de l'Elys\u00e9e, est un francophobe notoire - Kapitalis","og_description":"Finalement, Makram Akrout, le boulanger du XIIe qui vient de remporter le concours de la meilleure baguette de Paris, et qui va, pendant toute une ann\u00e9e fournir au palais de l&rsquo;Elys\u00e9e tout le pain dont il aura besoin, \u00abest visc\u00e9ralement francophobe, un complotiste et suinte la haine de la France par tous les pores de...","og_url":"https:\/\/kapitalis.com\/tunisie\/2021\/09\/29\/makram-akrout-le-tunisien-boulanger-de-lelysee-est-un-francophobe-notoire\/","og_site_name":"Kapitalis","article_publisher":"https:\/\/www.facebook.com\/KapitalisInfo\/","article_published_time":"2021-09-29T06:56:08+00:00","article_modified_time":"2021-09-29T08:44:51+00:00","og_image":[{"width":1200,"height":630,"url":"https:\/\/kapitalis.com\/tunisie\/wp-content\/uploads\/2022\/05\/kapitalis-logo-fb.png","type":"image\/png"}],"author":"webmaster kapitalis","twitter_card":"summary_large_image","twitter_creator":"@KapitalisInfo","twitter_site":"@KapitalisInfo","twitter_misc":{"\u00c9crit par":"webmaster kapitalis","Dur\u00e9e de lecture estim\u00e9e":"2 minutes"},"schema":{"@context":"https:\/\/schema.org","@graph":[{"@type":"Article","@id":"https:\/\/kapitalis.com\/tunisie\/2021\/09\/29\/makram-akrout-le-tunisien-boulanger-de-lelysee-est-un-francophobe-notoire\/#article","isPartOf":{"@id":"https:\/\/kapitalis.com\/tunisie\/2021\/09\/29\/makram-akrout-le-tunisien-boulanger-de-lelysee-est-un-francophobe-notoire\/"},"author":{"name":"webmaster kapitalis","@id":"https:\/\/kapitalis.com\/tunisie\/#\/schema\/person\/d71f33a9ca44f7bad4698210b480c8e9"},"headline":"Makram Akrout, le Tunisien boulanger de l&rsquo;Elys\u00e9e, est un francophobe notoire","datePublished":"2021-09-29T06:56:08+00:00","dateModified":"2021-09-29T08:44:51+00:00","mainEntityOfPage":{"@id":"https:\/\/kapitalis.com\/tunisie\/2021\/09\/29\/makram-akrout-le-tunisien-boulanger-de-lelysee-est-un-francophobe-notoire\/"},"wordCount":400,"commentCount":7,"publisher":{"@id":"https:\/\/kapitalis.com\/tunisie\/#organization"},"image":{"@id":"https:\/\/kapitalis.com\/tunisie\/2021\/09\/29\/makram-akrout-le-tunisien-boulanger-de-lelysee-est-un-francophobe-notoire\/#primaryimage"},"thumbnailUrl":"","keywords":["Abdellatif Aloui","Al-Karama","France","Makram Akrout","Mohamed Affes","palais de l&#039;Elys\u00e9e","Seifeddine Makhlouf","Tunisie"],"articleSection":["SOCIETE","Tunisie"],"inLanguage":"fr-FR","potentialAction":[{"@type":"CommentAction","name":"Comment","target":["https:\/\/kapitalis.com\/tunisie\/2021\/09\/29\/makram-akrout-le-tunisien-boulanger-de-lelysee-est-un-francophobe-notoire\/#respond"]}]},{"@type":"WebPage","@id":"https:\/\/kapitalis.com\/tunisie\/2021\/09\/29\/makram-akrout-le-tunisien-boulanger-de-lelysee-est-un-francophobe-notoire\/","url":"https:\/\/kapitalis.com\/tunisie\/2021\/09\/29\/makram-akrout-le-tunisien-boulanger-de-lelysee-est-un-francophobe-notoire\/","name":"Makram Akrout, le Tunisien boulanger de l'Elys\u00e9e, est un francophobe notoire - Kapitalis","isPartOf":{"@id":"https:\/\/kapitalis.com\/tunisie\/#website"},"primaryImageOfPage":{"@id":"https:\/\/kapitalis.com\/tunisie\/2021\/09\/29\/makram-akrout-le-tunisien-boulanger-de-lelysee-est-un-francophobe-notoire\/#primaryimage"},"image":{"@id":"https:\/\/kapitalis.com\/tunisie\/2021\/09\/29\/makram-akrout-le-tunisien-boulanger-de-lelysee-est-un-francophobe-notoire\/#primaryimage"},"thumbnailUrl":"","datePublished":"2021-09-29T06:56:08+00:00","dateModified":"2021-09-29T08:44:51+00:00","breadcrumb":{"@id":"https:\/\/kapitalis.com\/tunisie\/2021\/09\/29\/makram-akrout-le-tunisien-boulanger-de-lelysee-est-un-francophobe-notoire\/#breadcrumb"},"inLanguage":"fr-FR","potentialAction":[{"@type":"ReadAction","target":["https:\/\/kapitalis.com\/tunisie\/2021\/09\/29\/makram-akrout-le-tunisien-boulanger-de-lelysee-est-un-francophobe-notoire\/"]}]},{"@type":"ImageObject","inLanguage":"fr-FR","@id":"https:\/\/kapitalis.com\/tunisie\/2021\/09\/29\/makram-akrout-le-tunisien-boulanger-de-lelysee-est-un-francophobe-notoire\/#primaryimage","url":"","contentUrl":""},{"@type":"BreadcrumbList","@id":"https:\/\/kapitalis.com\/tunisie\/2021\/09\/29\/makram-akrout-le-tunisien-boulanger-de-lelysee-est-un-francophobe-notoire\/#breadcrumb","itemListElement":[{"@type":"ListItem","position":1,"name":"Accueil","item":"https:\/\/kapitalis.com\/tunisie\/"},{"@type":"ListItem","position":2,"name":"Makram Akrout, le Tunisien boulanger de l&rsquo;Elys\u00e9e, est un francophobe notoire"}]},{"@type":"WebSite","@id":"https:\/\/kapitalis.com\/tunisie\/#website","url":"https:\/\/kapitalis.com\/tunisie\/","name":"Kapitalis","description":"L&#039;actualit\u00e9 en Tunisie et dans le monde","publisher":{"@id":"https:\/\/kapitalis.com\/tunisie\/#organization"},"potentialAction":[{"@type":"SearchAction","target":{"@type":"EntryPoint","urlTemplate":"https:\/\/kapitalis.com\/tunisie\/?s={search_term_string}"},"query-input":{"@type":"PropertyValueSpecification","valueRequired":true,"valueName":"search_term_string"}}],"inLanguage":"fr-FR"},{"@type":"Organization","@id":"https:\/\/kapitalis.com\/tunisie\/#organization","name":"Kapitalis","url":"https:\/\/kapitalis.com\/tunisie\/","logo":{"@type":"ImageObject","inLanguage":"fr-FR","@id":"https:\/\/kapitalis.com\/tunisie\/#\/schema\/logo\/image\/","url":"https:\/\/kapitalis.com\/tunisie\/wp-content\/uploads\/2022\/05\/Kapitalis-big-size.png","contentUrl":"https:\/\/kapitalis.com\/tunisie\/wp-content\/uploads\/2022\/05\/Kapitalis-big-size.png","width":5000,"height":1500,"caption":"Kapitalis"},"image":{"@id":"https:\/\/kapitalis.com\/tunisie\/#\/schema\/logo\/image\/"},"sameAs":["https:\/\/www.facebook.com\/KapitalisInfo\/","https:\/\/x.com\/KapitalisInfo","https:\/\/www.youtube.com\/channel\/UC-yDYrHyfFBWWZaOw3FPg9Q"]},{"@type":"Person","@id":"https:\/\/kapitalis.com\/tunisie\/#\/schema\/person\/d71f33a9ca44f7bad4698210b480c8e9","name":"webmaster kapitalis","url":"https:\/\/kapitalis.com\/tunisie\/author\/webmaster-kapitalis\/"}]}},"_links":{"self":[{"href":"https:\/\/kapitalis.com\/tunisie\/wp-json\/wp\/v2\/posts\/364444","targetHints":{"allow":["GET"]}}],"collection":[{"href":"https:\/\/kapitalis.com\/tunisie\/wp-json\/wp\/v2\/posts"}],"about":[{"href":"https:\/\/kapitalis.com\/tunisie\/wp-json\/wp\/v2\/types\/post"}],"author":[{"embeddable":true,"href":"https:\/\/kapitalis.com\/tunisie\/wp-json\/wp\/v2\/users\/8"}],"replies":[{"embeddable":true,"href":"https:\/\/kapitalis.com\/tunisie\/wp-json\/wp\/v2\/comments?post=364444"}],"version-history":[{"count":0,"href":"https:\/\/kapitalis.com\/tunisie\/wp-json\/wp\/v2\/posts\/364444\/revisions"}],"wp:featuredmedia":[{"embeddable":true,"href":"https:\/\/kapitalis.com\/tunisie\/wp-json\/wp\/v2\/media\/364445"}],"wp:attachment":[{"href":"https:\/\/kapitalis.com\/tunisie\/wp-json\/wp\/v2\/media?parent=364444"}],"wp:term":[{"taxonomy":"category","embeddable":true,"href":"https:\/\/kapitalis.com\/tunisie\/wp-json\/wp\/v2\/categories?post=364444"},{"taxonomy":"post_tag","embeddable":true,"href":"https:\/\/kapitalis.com\/tunisie\/wp-json\/wp\/v2\/tags?post=364444"}],"curies":[{"name":"wp","href":"https:\/\/api.w.org\/{rel}","templated":true}]}}