{"id":3645,"date":"2015-06-10T15:37:23","date_gmt":"2015-06-10T14:37:23","guid":{"rendered":"http:\/\/kapitalis.com\/tunisie\/?p=3645"},"modified":"2015-06-10T15:37:23","modified_gmt":"2015-06-10T14:37:23","slug":"tunisie-modernisation-du-dispositif-comptable-et-daudit-national","status":"publish","type":"post","link":"https:\/\/kapitalis.com\/tunisie\/2015\/06\/10\/tunisie-modernisation-du-dispositif-comptable-et-daudit-national\/","title":{"rendered":"Tunisie: Modernisation du dispositif comptable et d\u2019audit national"},"content":{"rendered":"<p><a href=\"http:\/\/kapitalis.com\/tunisie\/wp-content\/uploads\/2015\/06\/Slim-Chaker-Rached-Fourati-et-Mohamed-Haddad.jpg\"><img loading=\"lazy\" decoding=\"async\" class=\"aligncenter size-full wp-image-3646\" src=\"http:\/\/kapitalis.com\/tunisie\/wp-content\/uploads\/2015\/06\/Slim-Chaker-Rached-Fourati-et-Mohamed-Haddad.jpg\" alt=\"Slim-Chaker-Rached-Fourati-et-Mohamed-Haddad\" width=\"626\" height=\"380\" \/><\/a><em><strong>Le minist\u00e8re des Finances vient de lancer une mission de r\u00e9flexion concert\u00e9e pour la modernisation de l\u2019organisation des professions comptables.<\/strong><\/em><\/p>\n<p><!--more--><\/p>\n<p>Cette mission de r\u00e9flexion, qui concerne aussi la modernisation des r\u00e9f\u00e9rentiels comptables et des dispositifs r\u00e9gissant l\u2019audit financier, a \u00e9t\u00e9 confi\u00e9e, officiellement, \u00e0 Rached Fourati, pr\u00e9sident d\u2019honneur du Conseil de l\u2019ordre des experts comptables de Tunisie, et Mohamed Hadded, expert consultant en mati\u00e8re juridique, lors d\u2019une audience, aujourd\u2019hui, mercredi 10 juin 2015, avec par le ministre des Finances, Slim Chaker.<\/p>\n<p>Cette mission vient suite aux rencontres que le ministre des Finances a eues avec des repr\u00e9sentants de l\u2019Ordre des experts comptables de Tunisie (Oect), de l\u2019Association des jeunes experts comptables (Ajec) et de la Compagnie des comptables et des conseillers fiscaux (CCCF), et qui ont d\u00e9montr\u00e9 le besoin \u00e9minent des professionnels de mettre en place un nouveau dispositif comptable et d\u2019audit au diapason de l\u2019\u00e9volution du contexte \u00e9conomique et financier national et international.<\/p>\n<p style=\"text-align: center;\"><a href=\"http:\/\/kapitalis.com\/tunisie\/wp-content\/uploads\/2015\/06\/SlimChaker-Rached-Fourati-et-Mohamed-Haddad.jpg\"><img loading=\"lazy\" decoding=\"async\" class=\"aligncenter size-full wp-image-3647\" src=\"http:\/\/kapitalis.com\/tunisie\/wp-content\/uploads\/2015\/06\/SlimChaker-Rached-Fourati-et-Mohamed-Haddad.jpg\" alt=\"SlimChaker-Rached-Fourati-et-Mohamed-Haddad\" width=\"500\" height=\"350\" \/><\/a><em>Slim Chaker re\u00e7oit en audience Rached Fourati et Mohamed Hadded.<\/em><\/p>\n<p>Le nouveau dispositif permettra, \u00e9galement, \u00e0 la Tunisie d\u2019adopter les derni\u00e8res exigences de qualit\u00e9 de l\u2019information financi\u00e8re et contribuer ainsi \u00e0 la s\u00e9curisation des investisseurs et des organismes pr\u00eateurs et \u00e0 lutter contre les diff\u00e9rentes formes d\u2019\u00e9vasion des obligations fiscales et sociales.<\/p>\n<p style=\"text-align: right;\"><strong>I. B. <\/strong><\/p>\n<p><a href=\"http:\/\/www.finances.gov.tn\/images\/Lettre_de_mission-_fr_VF.pdf\" target=\"_blank\"><em><strong>Consulter la lettre de mission.<\/strong> <\/em><\/a><\/p>\n","protected":false},"excerpt":{"rendered":"<p>Le minist\u00e8re des Finances vient de lancer une mission de r\u00e9flexion concert\u00e9e pour la modernisation de l\u2019organisation des professions comptables.<\/p>\n","protected":false},"author":5,"featured_media":3646,"comment_status":"open","ping_status":"open","sticky":false,"template":"","format":"standard","meta":{"footnotes":""},"categories":[995],"tags":[1807,301,383,1805,833],"class_list":["post-3645","post","type-post","status-publish","format-standard","has-post-thumbnail","hentry","category-economie","tag-audit","tag-economie","tag-finances","tag-modernisation","tag-slim-chaker"],"yoast_head":"<!-- This site is optimized with the Yoast SEO plugin v26.6 - https:\/\/yoast.com\/wordpress\/plugins\/seo\/ -->\n<title>Tunisie: Modernisation du dispositif comptable et d\u2019audit national - Kapitalis<\/title>\n<meta name=\"robots\" content=\"index, follow, max-snippet:-1, max-image-preview:large, max-video-preview:-1\" \/>\n<link rel=\"canonical\" href=\"https:\/\/kapitalis.com\/tunisie\/2015\/06\/10\/tunisie-modernisation-du-dispositif-comptable-et-daudit-national\/\" \/>\n<meta property=\"og:locale\" content=\"fr_FR\" \/>\n<meta property=\"og:type\" content=\"article\" \/>\n<meta property=\"og:title\" content=\"Tunisie: Modernisation du dispositif comptable et d\u2019audit national - Kapitalis\" \/>\n<meta property=\"og:description\" content=\"Le minist\u00e8re des Finances vient de lancer une mission de r\u00e9flexion concert\u00e9e pour la modernisation de l\u2019organisation des professions comptables.\" \/>\n<meta property=\"og:url\" content=\"https:\/\/kapitalis.com\/tunisie\/2015\/06\/10\/tunisie-modernisation-du-dispositif-comptable-et-daudit-national\/\" \/>\n<meta property=\"og:site_name\" content=\"Kapitalis\" \/>\n<meta property=\"article:publisher\" content=\"https:\/\/www.facebook.com\/KapitalisInfo\/\" \/>\n<meta property=\"article:published_time\" content=\"2015-06-10T14:37:23+00:00\" \/>\n<meta property=\"og:image\" content=\"https:\/\/kapitalis.com\/tunisie\/wp-content\/uploads\/2022\/05\/kapitalis-logo-fb.png\" \/>\n\t<meta property=\"og:image:width\" content=\"1200\" \/>\n\t<meta property=\"og:image:height\" content=\"630\" \/>\n\t<meta property=\"og:image:type\" content=\"image\/png\" \/>\n<meta name=\"author\" content=\"Ridha Elkefi\" \/>\n<meta name=\"twitter:card\" content=\"summary_large_image\" \/>\n<meta name=\"twitter:creator\" content=\"@KapitalisInfo\" \/>\n<meta name=\"twitter:site\" content=\"@KapitalisInfo\" \/>\n<meta name=\"twitter:label1\" content=\"\u00c9crit par\" \/>\n\t<meta name=\"twitter:data1\" content=\"Ridha Elkefi\" \/>\n\t<meta name=\"twitter:label2\" content=\"Dur\u00e9e de lecture estim\u00e9e\" \/>\n\t<meta name=\"twitter:data2\" content=\"1 minute\" \/>\n<script type=\"application\/ld+json\" class=\"yoast-schema-graph\">{\"@context\":\"https:\/\/schema.org\",\"@graph\":[{\"@type\":\"Article\",\"@id\":\"https:\/\/kapitalis.com\/tunisie\/2015\/06\/10\/tunisie-modernisation-du-dispositif-comptable-et-daudit-national\/#article\",\"isPartOf\":{\"@id\":\"https:\/\/kapitalis.com\/tunisie\/2015\/06\/10\/tunisie-modernisation-du-dispositif-comptable-et-daudit-national\/\"},\"author\":{\"name\":\"Ridha Elkefi\",\"@id\":\"https:\/\/kapitalis.com\/tunisie\/#\/schema\/person\/16627fc9b2fc0116230e88af071eebab\"},\"headline\":\"Tunisie: Modernisation du dispositif comptable et d\u2019audit national\",\"datePublished\":\"2015-06-10T14:37:23+00:00\",\"mainEntityOfPage\":{\"@id\":\"https:\/\/kapitalis.com\/tunisie\/2015\/06\/10\/tunisie-modernisation-du-dispositif-comptable-et-daudit-national\/\"},\"wordCount\":246,\"commentCount\":1,\"publisher\":{\"@id\":\"https:\/\/kapitalis.com\/tunisie\/#organization\"},\"image\":{\"@id\":\"https:\/\/kapitalis.com\/tunisie\/2015\/06\/10\/tunisie-modernisation-du-dispositif-comptable-et-daudit-national\/#primaryimage\"},\"thumbnailUrl\":\"\",\"keywords\":[\"audit\",\"\u00e9conomie\",\"Finances\",\"modernisation\",\"Slim Chaker\"],\"articleSection\":[\"ECONOMIE\"],\"inLanguage\":\"fr-FR\",\"potentialAction\":[{\"@type\":\"CommentAction\",\"name\":\"Comment\",\"target\":[\"https:\/\/kapitalis.com\/tunisie\/2015\/06\/10\/tunisie-modernisation-du-dispositif-comptable-et-daudit-national\/#respond\"]}]},{\"@type\":\"WebPage\",\"@id\":\"https:\/\/kapitalis.com\/tunisie\/2015\/06\/10\/tunisie-modernisation-du-dispositif-comptable-et-daudit-national\/\",\"url\":\"https:\/\/kapitalis.com\/tunisie\/2015\/06\/10\/tunisie-modernisation-du-dispositif-comptable-et-daudit-national\/\",\"name\":\"Tunisie: Modernisation du dispositif comptable et d\u2019audit national - Kapitalis\",\"isPartOf\":{\"@id\":\"https:\/\/kapitalis.com\/tunisie\/#website\"},\"primaryImageOfPage\":{\"@id\":\"https:\/\/kapitalis.com\/tunisie\/2015\/06\/10\/tunisie-modernisation-du-dispositif-comptable-et-daudit-national\/#primaryimage\"},\"image\":{\"@id\":\"https:\/\/kapitalis.com\/tunisie\/2015\/06\/10\/tunisie-modernisation-du-dispositif-comptable-et-daudit-national\/#primaryimage\"},\"thumbnailUrl\":\"\",\"datePublished\":\"2015-06-10T14:37:23+00:00\",\"breadcrumb\":{\"@id\":\"https:\/\/kapitalis.com\/tunisie\/2015\/06\/10\/tunisie-modernisation-du-dispositif-comptable-et-daudit-national\/#breadcrumb\"},\"inLanguage\":\"fr-FR\",\"potentialAction\":[{\"@type\":\"ReadAction\",\"target\":[\"https:\/\/kapitalis.com\/tunisie\/2015\/06\/10\/tunisie-modernisation-du-dispositif-comptable-et-daudit-national\/\"]}]},{\"@type\":\"ImageObject\",\"inLanguage\":\"fr-FR\",\"@id\":\"https:\/\/kapitalis.com\/tunisie\/2015\/06\/10\/tunisie-modernisation-du-dispositif-comptable-et-daudit-national\/#primaryimage\",\"url\":\"\",\"contentUrl\":\"\"},{\"@type\":\"BreadcrumbList\",\"@id\":\"https:\/\/kapitalis.com\/tunisie\/2015\/06\/10\/tunisie-modernisation-du-dispositif-comptable-et-daudit-national\/#breadcrumb\",\"itemListElement\":[{\"@type\":\"ListItem\",\"position\":1,\"name\":\"Accueil\",\"item\":\"https:\/\/kapitalis.com\/tunisie\/\"},{\"@type\":\"ListItem\",\"position\":2,\"name\":\"Tunisie: Modernisation du dispositif comptable et d\u2019audit national\"}]},{\"@type\":\"WebSite\",\"@id\":\"https:\/\/kapitalis.com\/tunisie\/#website\",\"url\":\"https:\/\/kapitalis.com\/tunisie\/\",\"name\":\"Kapitalis\",\"description\":\"L&#039;actualit\u00e9 en Tunisie et dans le monde\",\"publisher\":{\"@id\":\"https:\/\/kapitalis.com\/tunisie\/#organization\"},\"potentialAction\":[{\"@type\":\"SearchAction\",\"target\":{\"@type\":\"EntryPoint\",\"urlTemplate\":\"https:\/\/kapitalis.com\/tunisie\/?s={search_term_string}\"},\"query-input\":{\"@type\":\"PropertyValueSpecification\",\"valueRequired\":true,\"valueName\":\"search_term_string\"}}],\"inLanguage\":\"fr-FR\"},{\"@type\":\"Organization\",\"@id\":\"https:\/\/kapitalis.com\/tunisie\/#organization\",\"name\":\"Kapitalis\",\"url\":\"https:\/\/kapitalis.com\/tunisie\/\",\"logo\":{\"@type\":\"ImageObject\",\"inLanguage\":\"fr-FR\",\"@id\":\"https:\/\/kapitalis.com\/tunisie\/#\/schema\/logo\/image\/\",\"url\":\"https:\/\/kapitalis.com\/tunisie\/wp-content\/uploads\/2022\/05\/Kapitalis-big-size.png\",\"contentUrl\":\"https:\/\/kapitalis.com\/tunisie\/wp-content\/uploads\/2022\/05\/Kapitalis-big-size.png\",\"width\":5000,\"height\":1500,\"caption\":\"Kapitalis\"},\"image\":{\"@id\":\"https:\/\/kapitalis.com\/tunisie\/#\/schema\/logo\/image\/\"},\"sameAs\":[\"https:\/\/www.facebook.com\/KapitalisInfo\/\",\"https:\/\/x.com\/KapitalisInfo\",\"https:\/\/www.youtube.com\/channel\/UC-yDYrHyfFBWWZaOw3FPg9Q\"]},{\"@type\":\"Person\",\"@id\":\"https:\/\/kapitalis.com\/tunisie\/#\/schema\/person\/16627fc9b2fc0116230e88af071eebab\",\"name\":\"Ridha Elkefi\",\"url\":\"https:\/\/kapitalis.com\/tunisie\/author\/ridha-kefi\/\"}]}<\/script>\n<!-- \/ Yoast SEO plugin. -->","yoast_head_json":{"title":"Tunisie: Modernisation du dispositif comptable et d\u2019audit national - Kapitalis","robots":{"index":"index","follow":"follow","max-snippet":"max-snippet:-1","max-image-preview":"max-image-preview:large","max-video-preview":"max-video-preview:-1"},"canonical":"https:\/\/kapitalis.com\/tunisie\/2015\/06\/10\/tunisie-modernisation-du-dispositif-comptable-et-daudit-national\/","og_locale":"fr_FR","og_type":"article","og_title":"Tunisie: Modernisation du dispositif comptable et d\u2019audit national - Kapitalis","og_description":"Le minist\u00e8re des Finances vient de lancer une mission de r\u00e9flexion concert\u00e9e pour la modernisation de l\u2019organisation des professions comptables.","og_url":"https:\/\/kapitalis.com\/tunisie\/2015\/06\/10\/tunisie-modernisation-du-dispositif-comptable-et-daudit-national\/","og_site_name":"Kapitalis","article_publisher":"https:\/\/www.facebook.com\/KapitalisInfo\/","article_published_time":"2015-06-10T14:37:23+00:00","og_image":[{"width":1200,"height":630,"url":"https:\/\/kapitalis.com\/tunisie\/wp-content\/uploads\/2022\/05\/kapitalis-logo-fb.png","type":"image\/png"}],"author":"Ridha Elkefi","twitter_card":"summary_large_image","twitter_creator":"@KapitalisInfo","twitter_site":"@KapitalisInfo","twitter_misc":{"\u00c9crit par":"Ridha Elkefi","Dur\u00e9e de lecture estim\u00e9e":"1 minute"},"schema":{"@context":"https:\/\/schema.org","@graph":[{"@type":"Article","@id":"https:\/\/kapitalis.com\/tunisie\/2015\/06\/10\/tunisie-modernisation-du-dispositif-comptable-et-daudit-national\/#article","isPartOf":{"@id":"https:\/\/kapitalis.com\/tunisie\/2015\/06\/10\/tunisie-modernisation-du-dispositif-comptable-et-daudit-national\/"},"author":{"name":"Ridha Elkefi","@id":"https:\/\/kapitalis.com\/tunisie\/#\/schema\/person\/16627fc9b2fc0116230e88af071eebab"},"headline":"Tunisie: Modernisation du dispositif comptable et d\u2019audit national","datePublished":"2015-06-10T14:37:23+00:00","mainEntityOfPage":{"@id":"https:\/\/kapitalis.com\/tunisie\/2015\/06\/10\/tunisie-modernisation-du-dispositif-comptable-et-daudit-national\/"},"wordCount":246,"commentCount":1,"publisher":{"@id":"https:\/\/kapitalis.com\/tunisie\/#organization"},"image":{"@id":"https:\/\/kapitalis.com\/tunisie\/2015\/06\/10\/tunisie-modernisation-du-dispositif-comptable-et-daudit-national\/#primaryimage"},"thumbnailUrl":"","keywords":["audit","\u00e9conomie","Finances","modernisation","Slim Chaker"],"articleSection":["ECONOMIE"],"inLanguage":"fr-FR","potentialAction":[{"@type":"CommentAction","name":"Comment","target":["https:\/\/kapitalis.com\/tunisie\/2015\/06\/10\/tunisie-modernisation-du-dispositif-comptable-et-daudit-national\/#respond"]}]},{"@type":"WebPage","@id":"https:\/\/kapitalis.com\/tunisie\/2015\/06\/10\/tunisie-modernisation-du-dispositif-comptable-et-daudit-national\/","url":"https:\/\/kapitalis.com\/tunisie\/2015\/06\/10\/tunisie-modernisation-du-dispositif-comptable-et-daudit-national\/","name":"Tunisie: Modernisation du dispositif comptable et d\u2019audit national - Kapitalis","isPartOf":{"@id":"https:\/\/kapitalis.com\/tunisie\/#website"},"primaryImageOfPage":{"@id":"https:\/\/kapitalis.com\/tunisie\/2015\/06\/10\/tunisie-modernisation-du-dispositif-comptable-et-daudit-national\/#primaryimage"},"image":{"@id":"https:\/\/kapitalis.com\/tunisie\/2015\/06\/10\/tunisie-modernisation-du-dispositif-comptable-et-daudit-national\/#primaryimage"},"thumbnailUrl":"","datePublished":"2015-06-10T14:37:23+00:00","breadcrumb":{"@id":"https:\/\/kapitalis.com\/tunisie\/2015\/06\/10\/tunisie-modernisation-du-dispositif-comptable-et-daudit-national\/#breadcrumb"},"inLanguage":"fr-FR","potentialAction":[{"@type":"ReadAction","target":["https:\/\/kapitalis.com\/tunisie\/2015\/06\/10\/tunisie-modernisation-du-dispositif-comptable-et-daudit-national\/"]}]},{"@type":"ImageObject","inLanguage":"fr-FR","@id":"https:\/\/kapitalis.com\/tunisie\/2015\/06\/10\/tunisie-modernisation-du-dispositif-comptable-et-daudit-national\/#primaryimage","url":"","contentUrl":""},{"@type":"BreadcrumbList","@id":"https:\/\/kapitalis.com\/tunisie\/2015\/06\/10\/tunisie-modernisation-du-dispositif-comptable-et-daudit-national\/#breadcrumb","itemListElement":[{"@type":"ListItem","position":1,"name":"Accueil","item":"https:\/\/kapitalis.com\/tunisie\/"},{"@type":"ListItem","position":2,"name":"Tunisie: Modernisation du dispositif comptable et d\u2019audit national"}]},{"@type":"WebSite","@id":"https:\/\/kapitalis.com\/tunisie\/#website","url":"https:\/\/kapitalis.com\/tunisie\/","name":"Kapitalis","description":"L&#039;actualit\u00e9 en Tunisie et dans le monde","publisher":{"@id":"https:\/\/kapitalis.com\/tunisie\/#organization"},"potentialAction":[{"@type":"SearchAction","target":{"@type":"EntryPoint","urlTemplate":"https:\/\/kapitalis.com\/tunisie\/?s={search_term_string}"},"query-input":{"@type":"PropertyValueSpecification","valueRequired":true,"valueName":"search_term_string"}}],"inLanguage":"fr-FR"},{"@type":"Organization","@id":"https:\/\/kapitalis.com\/tunisie\/#organization","name":"Kapitalis","url":"https:\/\/kapitalis.com\/tunisie\/","logo":{"@type":"ImageObject","inLanguage":"fr-FR","@id":"https:\/\/kapitalis.com\/tunisie\/#\/schema\/logo\/image\/","url":"https:\/\/kapitalis.com\/tunisie\/wp-content\/uploads\/2022\/05\/Kapitalis-big-size.png","contentUrl":"https:\/\/kapitalis.com\/tunisie\/wp-content\/uploads\/2022\/05\/Kapitalis-big-size.png","width":5000,"height":1500,"caption":"Kapitalis"},"image":{"@id":"https:\/\/kapitalis.com\/tunisie\/#\/schema\/logo\/image\/"},"sameAs":["https:\/\/www.facebook.com\/KapitalisInfo\/","https:\/\/x.com\/KapitalisInfo","https:\/\/www.youtube.com\/channel\/UC-yDYrHyfFBWWZaOw3FPg9Q"]},{"@type":"Person","@id":"https:\/\/kapitalis.com\/tunisie\/#\/schema\/person\/16627fc9b2fc0116230e88af071eebab","name":"Ridha Elkefi","url":"https:\/\/kapitalis.com\/tunisie\/author\/ridha-kefi\/"}]}},"_links":{"self":[{"href":"https:\/\/kapitalis.com\/tunisie\/wp-json\/wp\/v2\/posts\/3645","targetHints":{"allow":["GET"]}}],"collection":[{"href":"https:\/\/kapitalis.com\/tunisie\/wp-json\/wp\/v2\/posts"}],"about":[{"href":"https:\/\/kapitalis.com\/tunisie\/wp-json\/wp\/v2\/types\/post"}],"author":[{"embeddable":true,"href":"https:\/\/kapitalis.com\/tunisie\/wp-json\/wp\/v2\/users\/5"}],"replies":[{"embeddable":true,"href":"https:\/\/kapitalis.com\/tunisie\/wp-json\/wp\/v2\/comments?post=3645"}],"version-history":[{"count":0,"href":"https:\/\/kapitalis.com\/tunisie\/wp-json\/wp\/v2\/posts\/3645\/revisions"}],"wp:featuredmedia":[{"embeddable":true,"href":"https:\/\/kapitalis.com\/tunisie\/wp-json\/wp\/v2\/media\/3646"}],"wp:attachment":[{"href":"https:\/\/kapitalis.com\/tunisie\/wp-json\/wp\/v2\/media?parent=3645"}],"wp:term":[{"taxonomy":"category","embeddable":true,"href":"https:\/\/kapitalis.com\/tunisie\/wp-json\/wp\/v2\/categories?post=3645"},{"taxonomy":"post_tag","embeddable":true,"href":"https:\/\/kapitalis.com\/tunisie\/wp-json\/wp\/v2\/tags?post=3645"}],"curies":[{"name":"wp","href":"https:\/\/api.w.org\/{rel}","templated":true}]}}