{"id":364624,"date":"2021-09-30T12:33:03","date_gmt":"2021-09-30T11:33:03","guid":{"rendered":"http:\/\/kapitalis.com\/tunisie\/?p=364624"},"modified":"2021-09-30T12:34:32","modified_gmt":"2021-09-30T11:34:32","slug":"eliminatoires-du-mondial-2022-la-liste-de-kbaier-pour-la-double-confrontation-face-a-la-mauritanie","status":"publish","type":"post","link":"https:\/\/kapitalis.com\/tunisie\/2021\/09\/30\/eliminatoires-du-mondial-2022-la-liste-de-kbaier-pour-la-double-confrontation-face-a-la-mauritanie\/","title":{"rendered":"\u00c9liminatoires du Mondial 2022 : La liste de Kba\u00efer pour la double confrontation face \u00e0 la Mauritanie"},"content":{"rendered":"\n<div class=\"wp-block-image\"><figure class=\"aligncenter size-full\"><img decoding=\"async\" src=\"http:\/\/kapitalis.com\/tunisie\/wp-content\/uploads\/2020\/12\/equipe-nationale.jpg\" alt=\"\" class=\"wp-image-327693\"\/><\/figure><\/div>\n\n\n\n<p><em><strong>Apr\u00e8s avoir remport\u00e9 ses deux premiers matchs comptant pour le groupe B des \u00e9liminatoires de la coupe du monde de football, Qatar 2022, la s\u00e9lection tunisienne s&rsquo;appr\u00eate \u00e0 affronter, au mois d&rsquo;octobre, son homologue mauritanienne \u00e0 double reprises, le 7 octobre \u00e0 domicile et 4 jours plus tard \u00e0 l&rsquo;ext\u00e9rieur.<\/strong><\/em><\/p>\n\n\n\n<!--more-->\n\n\n\n<p>\u00c0 cet effet, le s\u00e9lectionneur national, Mondher Kba\u00efer, a convoqu\u00e9 26 joueurs :<\/p>\n\n\n\n<p><strong>Gardiens de but :<\/strong> Farouk Ben Mustapha, Bechir Ben Said, Mouez Hassen<\/p>\n\n\n\n<p><strong>D\u00e9fenseurs :<\/strong> Dylan Bronn, Yassine Meriah, Montassar Talbi, Omar Rekik, Oussama Haddadi, Ali Ma\u00e2loul, Ali Abdi, Wajdi Kechrida, Hamza Mathlouthi<\/p>\n\n\n\n<p><strong>Milieux de terrain :<\/strong> Ferjani Sassi, Anis Ben Slimane, Aissa, Aidouni, Mohamed Ali Ben Romdhane, Sa\u00e2d Bguir, Seifeddine Khaoui.<\/p>\n\n\n\n<p><strong>Attaquants :<\/strong> Hamza Rafi\u00e2, Youssef Msakni, Wahbi Khazri, Seifeddine Jaziri, Naim Sliti, Fakhreddine Ben Youssef, S\u00e9bastien Tounakti.<\/p>\n\n\n\n<div class=\"wp-block-image\"><figure class=\"aligncenter size-full is-resized\"><img decoding=\"async\" src=\"http:\/\/kapitalis.com\/tunisie\/wp-content\/uploads\/2021\/09\/liste-des-26-de-Kbaier.jpg\" alt=\"\" class=\"wp-image-364627\" width=\"500\"\/><\/figure><\/div>\n\n\n\n<p>Suspendu pour avoir r\u00e9colt\u00e9 deux cartons jaunes, Ferjani Sassi manquera la premi\u00e8re rencontre. Quant \u00e0 Omar Rekik, il rejoindra le groupe \u00e0 Nouakchott, le 8 octobre, car l&rsquo;Angleterre (l\u00e0 o\u00f9 il \u00e9volue) consid\u00e8re toujours la Tunisie comme une zone rouge sur le plan \u00e9pid\u00e9miologique. Enfin, notons que S\u00e9bastien Tounakti rejoindra l&rsquo;\u00e9quipe olympique \u00e0 l&rsquo;issue du premier match pour participer au match amical contre la France pr\u00e9vu pour le 10 octobre.<\/p>\n\n\n\n<p class=\"has-text-align-right\"><strong>C. B. Y.<\/strong><\/p>\n","protected":false},"excerpt":{"rendered":"<p>Apr\u00e8s avoir remport\u00e9 ses deux premiers matchs comptant pour le groupe B des \u00e9liminatoires de la coupe du monde de football, Qatar 2022, la s\u00e9lection tunisienne s&rsquo;appr\u00eate \u00e0 affronter, au mois d&rsquo;octobre, son homologue mauritanienne \u00e0 double reprises, le 7 octobre \u00e0 domicile et 4 jours plus tard \u00e0 l&rsquo;ext\u00e9rieur.<\/p>\n","protected":false},"author":24,"featured_media":364627,"comment_status":"open","ping_status":"open","sticky":false,"template":"","format":"standard","meta":{"footnotes":""},"categories":[999,2433],"tags":[26578,83343,70574,83345,93721,93720],"class_list":["post-364624","post","type-post","status-publish","format-standard","has-post-thumbnail","hentry","category-sport","category-tunisie","tag-ferjani-sassi","tag-mondher-kbaier","tag-mondial-2022","tag-omar-rekik","tag-sebastien-tounakti","tag-tunisie-mauritanie"],"yoast_head":"<!-- This site is optimized with the Yoast SEO plugin v26.6 - https:\/\/yoast.com\/wordpress\/plugins\/seo\/ -->\n<title>\u00c9liminatoires du Mondial 2022 : La liste de Kba\u00efer pour la double confrontation face \u00e0 la Mauritanie - Kapitalis<\/title>\n<meta name=\"robots\" content=\"index, follow, max-snippet:-1, max-image-preview:large, max-video-preview:-1\" \/>\n<link rel=\"canonical\" href=\"https:\/\/kapitalis.com\/tunisie\/2021\/09\/30\/eliminatoires-du-mondial-2022-la-liste-de-kbaier-pour-la-double-confrontation-face-a-la-mauritanie\/\" \/>\n<meta property=\"og:locale\" content=\"fr_FR\" \/>\n<meta property=\"og:type\" content=\"article\" \/>\n<meta property=\"og:title\" content=\"\u00c9liminatoires du Mondial 2022 : La liste de Kba\u00efer pour la double confrontation face \u00e0 la Mauritanie - Kapitalis\" \/>\n<meta property=\"og:description\" content=\"Apr\u00e8s avoir remport\u00e9 ses deux premiers matchs comptant pour le groupe B des \u00e9liminatoires de la coupe du monde de football, Qatar 2022, la s\u00e9lection tunisienne s&rsquo;appr\u00eate \u00e0 affronter, au mois d&rsquo;octobre, son homologue mauritanienne \u00e0 double reprises, le 7 octobre \u00e0 domicile et 4 jours plus tard \u00e0 l&rsquo;ext\u00e9rieur.\" \/>\n<meta property=\"og:url\" content=\"https:\/\/kapitalis.com\/tunisie\/2021\/09\/30\/eliminatoires-du-mondial-2022-la-liste-de-kbaier-pour-la-double-confrontation-face-a-la-mauritanie\/\" \/>\n<meta property=\"og:site_name\" content=\"Kapitalis\" \/>\n<meta property=\"article:publisher\" content=\"https:\/\/www.facebook.com\/KapitalisInfo\/\" \/>\n<meta property=\"article:published_time\" content=\"2021-09-30T11:33:03+00:00\" \/>\n<meta property=\"article:modified_time\" content=\"2021-09-30T11:34:32+00:00\" \/>\n<meta property=\"og:image\" content=\"https:\/\/kapitalis.com\/tunisie\/wp-content\/uploads\/2022\/05\/kapitalis-logo-fb.png\" \/>\n\t<meta property=\"og:image:width\" content=\"1200\" \/>\n\t<meta property=\"og:image:height\" content=\"630\" \/>\n\t<meta property=\"og:image:type\" content=\"image\/png\" \/>\n<meta name=\"author\" content=\"Cherif Benyounes\" \/>\n<meta name=\"twitter:card\" content=\"summary_large_image\" \/>\n<meta name=\"twitter:creator\" content=\"@KapitalisInfo\" \/>\n<meta name=\"twitter:site\" content=\"@KapitalisInfo\" \/>\n<meta name=\"twitter:label1\" content=\"\u00c9crit par\" \/>\n\t<meta name=\"twitter:data1\" content=\"Cherif Benyounes\" \/>\n\t<meta name=\"twitter:label2\" content=\"Dur\u00e9e de lecture estim\u00e9e\" \/>\n\t<meta name=\"twitter:data2\" content=\"1 minute\" \/>\n<script type=\"application\/ld+json\" class=\"yoast-schema-graph\">{\"@context\":\"https:\/\/schema.org\",\"@graph\":[{\"@type\":\"Article\",\"@id\":\"https:\/\/kapitalis.com\/tunisie\/2021\/09\/30\/eliminatoires-du-mondial-2022-la-liste-de-kbaier-pour-la-double-confrontation-face-a-la-mauritanie\/#article\",\"isPartOf\":{\"@id\":\"https:\/\/kapitalis.com\/tunisie\/2021\/09\/30\/eliminatoires-du-mondial-2022-la-liste-de-kbaier-pour-la-double-confrontation-face-a-la-mauritanie\/\"},\"author\":{\"name\":\"Cherif Benyounes\",\"@id\":\"https:\/\/kapitalis.com\/tunisie\/#\/schema\/person\/b35b8d631961131107263178aeb8019e\"},\"headline\":\"\u00c9liminatoires du Mondial 2022 : La liste de Kba\u00efer pour la double confrontation face \u00e0 la Mauritanie\",\"datePublished\":\"2021-09-30T11:33:03+00:00\",\"dateModified\":\"2021-09-30T11:34:32+00:00\",\"mainEntityOfPage\":{\"@id\":\"https:\/\/kapitalis.com\/tunisie\/2021\/09\/30\/eliminatoires-du-mondial-2022-la-liste-de-kbaier-pour-la-double-confrontation-face-a-la-mauritanie\/\"},\"wordCount\":217,\"commentCount\":2,\"publisher\":{\"@id\":\"https:\/\/kapitalis.com\/tunisie\/#organization\"},\"image\":{\"@id\":\"https:\/\/kapitalis.com\/tunisie\/2021\/09\/30\/eliminatoires-du-mondial-2022-la-liste-de-kbaier-pour-la-double-confrontation-face-a-la-mauritanie\/#primaryimage\"},\"thumbnailUrl\":\"\",\"keywords\":[\"Ferjani Sassi\",\"mondher kba\u00efer\",\"Mondial 2022\",\"Omar Rekik\",\"S\u00e9bastien Tounakti\",\"Tunisie Mauritanie\"],\"articleSection\":[\"SPORT\",\"Tunisie\"],\"inLanguage\":\"fr-FR\",\"potentialAction\":[{\"@type\":\"CommentAction\",\"name\":\"Comment\",\"target\":[\"https:\/\/kapitalis.com\/tunisie\/2021\/09\/30\/eliminatoires-du-mondial-2022-la-liste-de-kbaier-pour-la-double-confrontation-face-a-la-mauritanie\/#respond\"]}]},{\"@type\":\"WebPage\",\"@id\":\"https:\/\/kapitalis.com\/tunisie\/2021\/09\/30\/eliminatoires-du-mondial-2022-la-liste-de-kbaier-pour-la-double-confrontation-face-a-la-mauritanie\/\",\"url\":\"https:\/\/kapitalis.com\/tunisie\/2021\/09\/30\/eliminatoires-du-mondial-2022-la-liste-de-kbaier-pour-la-double-confrontation-face-a-la-mauritanie\/\",\"name\":\"\u00c9liminatoires du Mondial 2022 : La liste de Kba\u00efer pour la double confrontation face \u00e0 la Mauritanie - Kapitalis\",\"isPartOf\":{\"@id\":\"https:\/\/kapitalis.com\/tunisie\/#website\"},\"primaryImageOfPage\":{\"@id\":\"https:\/\/kapitalis.com\/tunisie\/2021\/09\/30\/eliminatoires-du-mondial-2022-la-liste-de-kbaier-pour-la-double-confrontation-face-a-la-mauritanie\/#primaryimage\"},\"image\":{\"@id\":\"https:\/\/kapitalis.com\/tunisie\/2021\/09\/30\/eliminatoires-du-mondial-2022-la-liste-de-kbaier-pour-la-double-confrontation-face-a-la-mauritanie\/#primaryimage\"},\"thumbnailUrl\":\"\",\"datePublished\":\"2021-09-30T11:33:03+00:00\",\"dateModified\":\"2021-09-30T11:34:32+00:00\",\"breadcrumb\":{\"@id\":\"https:\/\/kapitalis.com\/tunisie\/2021\/09\/30\/eliminatoires-du-mondial-2022-la-liste-de-kbaier-pour-la-double-confrontation-face-a-la-mauritanie\/#breadcrumb\"},\"inLanguage\":\"fr-FR\",\"potentialAction\":[{\"@type\":\"ReadAction\",\"target\":[\"https:\/\/kapitalis.com\/tunisie\/2021\/09\/30\/eliminatoires-du-mondial-2022-la-liste-de-kbaier-pour-la-double-confrontation-face-a-la-mauritanie\/\"]}]},{\"@type\":\"ImageObject\",\"inLanguage\":\"fr-FR\",\"@id\":\"https:\/\/kapitalis.com\/tunisie\/2021\/09\/30\/eliminatoires-du-mondial-2022-la-liste-de-kbaier-pour-la-double-confrontation-face-a-la-mauritanie\/#primaryimage\",\"url\":\"\",\"contentUrl\":\"\"},{\"@type\":\"BreadcrumbList\",\"@id\":\"https:\/\/kapitalis.com\/tunisie\/2021\/09\/30\/eliminatoires-du-mondial-2022-la-liste-de-kbaier-pour-la-double-confrontation-face-a-la-mauritanie\/#breadcrumb\",\"itemListElement\":[{\"@type\":\"ListItem\",\"position\":1,\"name\":\"Accueil\",\"item\":\"https:\/\/kapitalis.com\/tunisie\/\"},{\"@type\":\"ListItem\",\"position\":2,\"name\":\"\u00c9liminatoires du Mondial 2022 : La liste de Kba\u00efer pour la double confrontation face \u00e0 la Mauritanie\"}]},{\"@type\":\"WebSite\",\"@id\":\"https:\/\/kapitalis.com\/tunisie\/#website\",\"url\":\"https:\/\/kapitalis.com\/tunisie\/\",\"name\":\"Kapitalis\",\"description\":\"L&#039;actualit\u00e9 en Tunisie et dans le monde\",\"publisher\":{\"@id\":\"https:\/\/kapitalis.com\/tunisie\/#organization\"},\"potentialAction\":[{\"@type\":\"SearchAction\",\"target\":{\"@type\":\"EntryPoint\",\"urlTemplate\":\"https:\/\/kapitalis.com\/tunisie\/?s={search_term_string}\"},\"query-input\":{\"@type\":\"PropertyValueSpecification\",\"valueRequired\":true,\"valueName\":\"search_term_string\"}}],\"inLanguage\":\"fr-FR\"},{\"@type\":\"Organization\",\"@id\":\"https:\/\/kapitalis.com\/tunisie\/#organization\",\"name\":\"Kapitalis\",\"url\":\"https:\/\/kapitalis.com\/tunisie\/\",\"logo\":{\"@type\":\"ImageObject\",\"inLanguage\":\"fr-FR\",\"@id\":\"https:\/\/kapitalis.com\/tunisie\/#\/schema\/logo\/image\/\",\"url\":\"https:\/\/kapitalis.com\/tunisie\/wp-content\/uploads\/2022\/05\/Kapitalis-big-size.png\",\"contentUrl\":\"https:\/\/kapitalis.com\/tunisie\/wp-content\/uploads\/2022\/05\/Kapitalis-big-size.png\",\"width\":5000,\"height\":1500,\"caption\":\"Kapitalis\"},\"image\":{\"@id\":\"https:\/\/kapitalis.com\/tunisie\/#\/schema\/logo\/image\/\"},\"sameAs\":[\"https:\/\/www.facebook.com\/KapitalisInfo\/\",\"https:\/\/x.com\/KapitalisInfo\",\"https:\/\/www.youtube.com\/channel\/UC-yDYrHyfFBWWZaOw3FPg9Q\"]},{\"@type\":\"Person\",\"@id\":\"https:\/\/kapitalis.com\/tunisie\/#\/schema\/person\/b35b8d631961131107263178aeb8019e\",\"name\":\"Cherif Benyounes\",\"url\":\"https:\/\/kapitalis.com\/tunisie\/author\/cherif\/\"}]}<\/script>\n<!-- \/ Yoast SEO plugin. -->","yoast_head_json":{"title":"\u00c9liminatoires du Mondial 2022 : La liste de Kba\u00efer pour la double confrontation face \u00e0 la Mauritanie - Kapitalis","robots":{"index":"index","follow":"follow","max-snippet":"max-snippet:-1","max-image-preview":"max-image-preview:large","max-video-preview":"max-video-preview:-1"},"canonical":"https:\/\/kapitalis.com\/tunisie\/2021\/09\/30\/eliminatoires-du-mondial-2022-la-liste-de-kbaier-pour-la-double-confrontation-face-a-la-mauritanie\/","og_locale":"fr_FR","og_type":"article","og_title":"\u00c9liminatoires du Mondial 2022 : La liste de Kba\u00efer pour la double confrontation face \u00e0 la Mauritanie - Kapitalis","og_description":"Apr\u00e8s avoir remport\u00e9 ses deux premiers matchs comptant pour le groupe B des \u00e9liminatoires de la coupe du monde de football, Qatar 2022, la s\u00e9lection tunisienne s&rsquo;appr\u00eate \u00e0 affronter, au mois d&rsquo;octobre, son homologue mauritanienne \u00e0 double reprises, le 7 octobre \u00e0 domicile et 4 jours plus tard \u00e0 l&rsquo;ext\u00e9rieur.","og_url":"https:\/\/kapitalis.com\/tunisie\/2021\/09\/30\/eliminatoires-du-mondial-2022-la-liste-de-kbaier-pour-la-double-confrontation-face-a-la-mauritanie\/","og_site_name":"Kapitalis","article_publisher":"https:\/\/www.facebook.com\/KapitalisInfo\/","article_published_time":"2021-09-30T11:33:03+00:00","article_modified_time":"2021-09-30T11:34:32+00:00","og_image":[{"width":1200,"height":630,"url":"https:\/\/kapitalis.com\/tunisie\/wp-content\/uploads\/2022\/05\/kapitalis-logo-fb.png","type":"image\/png"}],"author":"Cherif Benyounes","twitter_card":"summary_large_image","twitter_creator":"@KapitalisInfo","twitter_site":"@KapitalisInfo","twitter_misc":{"\u00c9crit par":"Cherif Benyounes","Dur\u00e9e de lecture estim\u00e9e":"1 minute"},"schema":{"@context":"https:\/\/schema.org","@graph":[{"@type":"Article","@id":"https:\/\/kapitalis.com\/tunisie\/2021\/09\/30\/eliminatoires-du-mondial-2022-la-liste-de-kbaier-pour-la-double-confrontation-face-a-la-mauritanie\/#article","isPartOf":{"@id":"https:\/\/kapitalis.com\/tunisie\/2021\/09\/30\/eliminatoires-du-mondial-2022-la-liste-de-kbaier-pour-la-double-confrontation-face-a-la-mauritanie\/"},"author":{"name":"Cherif Benyounes","@id":"https:\/\/kapitalis.com\/tunisie\/#\/schema\/person\/b35b8d631961131107263178aeb8019e"},"headline":"\u00c9liminatoires du Mondial 2022 : La liste de Kba\u00efer pour la double confrontation face \u00e0 la Mauritanie","datePublished":"2021-09-30T11:33:03+00:00","dateModified":"2021-09-30T11:34:32+00:00","mainEntityOfPage":{"@id":"https:\/\/kapitalis.com\/tunisie\/2021\/09\/30\/eliminatoires-du-mondial-2022-la-liste-de-kbaier-pour-la-double-confrontation-face-a-la-mauritanie\/"},"wordCount":217,"commentCount":2,"publisher":{"@id":"https:\/\/kapitalis.com\/tunisie\/#organization"},"image":{"@id":"https:\/\/kapitalis.com\/tunisie\/2021\/09\/30\/eliminatoires-du-mondial-2022-la-liste-de-kbaier-pour-la-double-confrontation-face-a-la-mauritanie\/#primaryimage"},"thumbnailUrl":"","keywords":["Ferjani Sassi","mondher kba\u00efer","Mondial 2022","Omar Rekik","S\u00e9bastien Tounakti","Tunisie Mauritanie"],"articleSection":["SPORT","Tunisie"],"inLanguage":"fr-FR","potentialAction":[{"@type":"CommentAction","name":"Comment","target":["https:\/\/kapitalis.com\/tunisie\/2021\/09\/30\/eliminatoires-du-mondial-2022-la-liste-de-kbaier-pour-la-double-confrontation-face-a-la-mauritanie\/#respond"]}]},{"@type":"WebPage","@id":"https:\/\/kapitalis.com\/tunisie\/2021\/09\/30\/eliminatoires-du-mondial-2022-la-liste-de-kbaier-pour-la-double-confrontation-face-a-la-mauritanie\/","url":"https:\/\/kapitalis.com\/tunisie\/2021\/09\/30\/eliminatoires-du-mondial-2022-la-liste-de-kbaier-pour-la-double-confrontation-face-a-la-mauritanie\/","name":"\u00c9liminatoires du Mondial 2022 : La liste de Kba\u00efer pour la double confrontation face \u00e0 la Mauritanie - Kapitalis","isPartOf":{"@id":"https:\/\/kapitalis.com\/tunisie\/#website"},"primaryImageOfPage":{"@id":"https:\/\/kapitalis.com\/tunisie\/2021\/09\/30\/eliminatoires-du-mondial-2022-la-liste-de-kbaier-pour-la-double-confrontation-face-a-la-mauritanie\/#primaryimage"},"image":{"@id":"https:\/\/kapitalis.com\/tunisie\/2021\/09\/30\/eliminatoires-du-mondial-2022-la-liste-de-kbaier-pour-la-double-confrontation-face-a-la-mauritanie\/#primaryimage"},"thumbnailUrl":"","datePublished":"2021-09-30T11:33:03+00:00","dateModified":"2021-09-30T11:34:32+00:00","breadcrumb":{"@id":"https:\/\/kapitalis.com\/tunisie\/2021\/09\/30\/eliminatoires-du-mondial-2022-la-liste-de-kbaier-pour-la-double-confrontation-face-a-la-mauritanie\/#breadcrumb"},"inLanguage":"fr-FR","potentialAction":[{"@type":"ReadAction","target":["https:\/\/kapitalis.com\/tunisie\/2021\/09\/30\/eliminatoires-du-mondial-2022-la-liste-de-kbaier-pour-la-double-confrontation-face-a-la-mauritanie\/"]}]},{"@type":"ImageObject","inLanguage":"fr-FR","@id":"https:\/\/kapitalis.com\/tunisie\/2021\/09\/30\/eliminatoires-du-mondial-2022-la-liste-de-kbaier-pour-la-double-confrontation-face-a-la-mauritanie\/#primaryimage","url":"","contentUrl":""},{"@type":"BreadcrumbList","@id":"https:\/\/kapitalis.com\/tunisie\/2021\/09\/30\/eliminatoires-du-mondial-2022-la-liste-de-kbaier-pour-la-double-confrontation-face-a-la-mauritanie\/#breadcrumb","itemListElement":[{"@type":"ListItem","position":1,"name":"Accueil","item":"https:\/\/kapitalis.com\/tunisie\/"},{"@type":"ListItem","position":2,"name":"\u00c9liminatoires du Mondial 2022 : La liste de Kba\u00efer pour la double confrontation face \u00e0 la Mauritanie"}]},{"@type":"WebSite","@id":"https:\/\/kapitalis.com\/tunisie\/#website","url":"https:\/\/kapitalis.com\/tunisie\/","name":"Kapitalis","description":"L&#039;actualit\u00e9 en Tunisie et dans le monde","publisher":{"@id":"https:\/\/kapitalis.com\/tunisie\/#organization"},"potentialAction":[{"@type":"SearchAction","target":{"@type":"EntryPoint","urlTemplate":"https:\/\/kapitalis.com\/tunisie\/?s={search_term_string}"},"query-input":{"@type":"PropertyValueSpecification","valueRequired":true,"valueName":"search_term_string"}}],"inLanguage":"fr-FR"},{"@type":"Organization","@id":"https:\/\/kapitalis.com\/tunisie\/#organization","name":"Kapitalis","url":"https:\/\/kapitalis.com\/tunisie\/","logo":{"@type":"ImageObject","inLanguage":"fr-FR","@id":"https:\/\/kapitalis.com\/tunisie\/#\/schema\/logo\/image\/","url":"https:\/\/kapitalis.com\/tunisie\/wp-content\/uploads\/2022\/05\/Kapitalis-big-size.png","contentUrl":"https:\/\/kapitalis.com\/tunisie\/wp-content\/uploads\/2022\/05\/Kapitalis-big-size.png","width":5000,"height":1500,"caption":"Kapitalis"},"image":{"@id":"https:\/\/kapitalis.com\/tunisie\/#\/schema\/logo\/image\/"},"sameAs":["https:\/\/www.facebook.com\/KapitalisInfo\/","https:\/\/x.com\/KapitalisInfo","https:\/\/www.youtube.com\/channel\/UC-yDYrHyfFBWWZaOw3FPg9Q"]},{"@type":"Person","@id":"https:\/\/kapitalis.com\/tunisie\/#\/schema\/person\/b35b8d631961131107263178aeb8019e","name":"Cherif Benyounes","url":"https:\/\/kapitalis.com\/tunisie\/author\/cherif\/"}]}},"_links":{"self":[{"href":"https:\/\/kapitalis.com\/tunisie\/wp-json\/wp\/v2\/posts\/364624","targetHints":{"allow":["GET"]}}],"collection":[{"href":"https:\/\/kapitalis.com\/tunisie\/wp-json\/wp\/v2\/posts"}],"about":[{"href":"https:\/\/kapitalis.com\/tunisie\/wp-json\/wp\/v2\/types\/post"}],"author":[{"embeddable":true,"href":"https:\/\/kapitalis.com\/tunisie\/wp-json\/wp\/v2\/users\/24"}],"replies":[{"embeddable":true,"href":"https:\/\/kapitalis.com\/tunisie\/wp-json\/wp\/v2\/comments?post=364624"}],"version-history":[{"count":0,"href":"https:\/\/kapitalis.com\/tunisie\/wp-json\/wp\/v2\/posts\/364624\/revisions"}],"wp:featuredmedia":[{"embeddable":true,"href":"https:\/\/kapitalis.com\/tunisie\/wp-json\/wp\/v2\/media\/364627"}],"wp:attachment":[{"href":"https:\/\/kapitalis.com\/tunisie\/wp-json\/wp\/v2\/media?parent=364624"}],"wp:term":[{"taxonomy":"category","embeddable":true,"href":"https:\/\/kapitalis.com\/tunisie\/wp-json\/wp\/v2\/categories?post=364624"},{"taxonomy":"post_tag","embeddable":true,"href":"https:\/\/kapitalis.com\/tunisie\/wp-json\/wp\/v2\/tags?post=364624"}],"curies":[{"name":"wp","href":"https:\/\/api.w.org\/{rel}","templated":true}]}}