{"id":364702,"date":"2021-09-30T21:18:41","date_gmt":"2021-09-30T20:18:41","guid":{"rendered":"http:\/\/kapitalis.com\/tunisie\/?p=364702"},"modified":"2021-09-30T21:22:51","modified_gmt":"2021-09-30T20:22:51","slug":"tunisie-seifeddine-makhlouf-maintenu-en-detention","status":"publish","type":"post","link":"https:\/\/kapitalis.com\/tunisie\/2021\/09\/30\/tunisie-seifeddine-makhlouf-maintenu-en-detention\/","title":{"rendered":"Tunisie : Seifeddine Makhlouf maintenu en d\u00e9tention"},"content":{"rendered":"\n<div class=\"wp-block-image\"><figure class=\"aligncenter size-full\"><img decoding=\"async\" src=\"http:\/\/kapitalis.com\/tunisie\/wp-content\/uploads\/2021\/01\/Makhlouf-1.jpg\" alt=\"\" class=\"wp-image-333559\"\/><\/figure><\/div>\n\n\n\n<p><strong><em>Le juge d\u2019instruction pr\u00e8s du Tribunal militaire de Tunis<\/em><\/strong> <strong><em>a d\u00e9cid\u00e9 ce jeudi 30 septembre 2021, de maintenir en d\u00e9tention, le d\u00e9put\u00e9 gel\u00e9 (Al-Karama), Seifeddine Makhlouf<\/em><\/strong><em><strong>,<\/strong><\/em><strong><em> indique Me Ines Harrath, membre du comit\u00e9 de la d\u00e9fense.<\/em><\/strong><\/p>\n\n\n\n<!--more-->\n\n\n\n<p>Plac\u00e9 en d\u00e9tention, le 22 septembre, Makhlouf est accus\u00e9 de s&rsquo;en \u00eatre pris \u00e0 un juge dans les couloirs du tribunal, en le mena\u00e7ant et en pr\u00e9tendant d\u00e9tenir des informations de l\u2019\u00e9tranger, selon lesquelles une liste contenant les noms des personnes qui contribuent au coup d\u2019\u00c9tat, dont, ceux impliqu\u00e9s dans les proc\u00e8s militaires est en cours d\u2019\u00e9laboration.<\/p>\n\n\n\n<p>Le parquet militaire a consid\u00e9r\u00e9  cela comme une atteinte \u00e0 la magistrature de mani\u00e8re g\u00e9n\u00e9rale et une menace aux juges militaires lors de l\u2019exercice de leurs fonctions, en particulier et avait ordonn\u00e9 sa mise en d\u00e9tention.<\/p>\n\n\n\n<p>Ines Harrath a indiqu\u00e9 dans un post publi\u00e9 sur son compte Facebook, que son client ne pouvait pas \u00eatre lib\u00e9r\u00e9 ce soir, \u00e9tant donn\u00e9 qu&rsquo;il fait \u00e9galement l&rsquo;objet d&rsquo;un mandat de d\u00e9p\u00f4t \u00e9mis lundi dernier pour l&rsquo;affaire de l&rsquo;a\u00e9roport, mais que la d\u00e9fense s&rsquo;attendait \u00e0 une annulation du mandat de d\u00e9p\u00f4t relatif \u00e0 l&rsquo;affaire du 22 septembre.<\/p>\n\n\n\n<p>On notera que le d\u00e9put\u00e9 gel\u00e9 est \u00e9galement recherch\u00e9 dans une affaire de trafic de fausse monnaie en bande organis\u00e9e. Deux autres suspects sont en d\u00e9tention, \u00e0 Kasserine, dans le cadre de cette m\u00eame affaire.<\/p>\n\n\n\n<p class=\"has-text-align-right\"><strong>Y. N.<\/strong><\/p>\n\n\n\n<figure class=\"wp-block-embed is-type-wp-embed is-provider-kapitalis wp-block-embed-kapitalis\"><div class=\"wp-block-embed__wrapper\">\n<blockquote class=\"wp-embedded-content\" data-secret=\"moy0RbcaWj\"><a href=\"https:\/\/kapitalis.com\/tunisie\/2021\/09\/21\/mandat-de-depot-contre-makhlouf-explications-du-tribunal-militaire\/\">Mandat de d\u00e9p\u00f4t contre Makhlouf : Explications du Tribunal militaire<\/a><\/blockquote><iframe loading=\"lazy\" class=\"wp-embedded-content\" sandbox=\"allow-scripts\" security=\"restricted\" style=\"position: absolute; clip: rect(1px, 1px, 1px, 1px);\" title=\"\u00ab\u00a0Mandat de d\u00e9p\u00f4t contre Makhlouf : Explications du Tribunal militaire\u00a0\u00bb &#8212; Kapitalis\" src=\"https:\/\/kapitalis.com\/tunisie\/2021\/09\/21\/mandat-de-depot-contre-makhlouf-explications-du-tribunal-militaire\/embed\/#?secret=hP1la2WYe3#?secret=moy0RbcaWj\" data-secret=\"moy0RbcaWj\" width=\"600\" height=\"338\" frameborder=\"0\" marginwidth=\"0\" marginheight=\"0\" scrolling=\"no\"><\/iframe>\n<\/div><\/figure>\n\n\n\n<figure class=\"wp-block-embed is-type-wp-embed is-provider-kapitalis wp-block-embed-kapitalis\"><div class=\"wp-block-embed__wrapper\">\n<blockquote class=\"wp-embedded-content\" data-secret=\"YGEoPhRUUB\"><a href=\"https:\/\/kapitalis.com\/tunisie\/2021\/09\/27\/affaire-de-laeroport-mandat-de-depot-a-lencontre-de-seifeddine-makhlouf\/\">Affaire de l&rsquo;a\u00e9roport : Mandat de d\u00e9p\u00f4t \u00e0 l&rsquo;encontre de Seifeddine Makhlouf<\/a><\/blockquote><iframe loading=\"lazy\" class=\"wp-embedded-content\" sandbox=\"allow-scripts\" security=\"restricted\" style=\"position: absolute; clip: rect(1px, 1px, 1px, 1px);\" title=\"\u00ab\u00a0Affaire de l&rsquo;a\u00e9roport : Mandat de d\u00e9p\u00f4t \u00e0 l&rsquo;encontre de Seifeddine Makhlouf\u00a0\u00bb &#8212; Kapitalis\" src=\"https:\/\/kapitalis.com\/tunisie\/2021\/09\/27\/affaire-de-laeroport-mandat-de-depot-a-lencontre-de-seifeddine-makhlouf\/embed\/#?secret=hKlU3Bh1S4#?secret=YGEoPhRUUB\" data-secret=\"YGEoPhRUUB\" width=\"600\" height=\"338\" frameborder=\"0\" marginwidth=\"0\" marginheight=\"0\" scrolling=\"no\"><\/iframe>\n<\/div><\/figure>\n\n\n\n<figure class=\"wp-block-embed is-type-wp-embed is-provider-kapitalis wp-block-embed-kapitalis\"><div class=\"wp-block-embed__wrapper\">\n<blockquote class=\"wp-embedded-content\" data-secret=\"Dw4qI7jdYU\"><a href=\"https:\/\/kapitalis.com\/tunisie\/2021\/09\/17\/tribunal-de-kasserine-makhlouf-recherche-dans-une-affaire-de-trafic-de-fausse-monnaie-en-bande-organisee\/\">Tribunal de Kasserine : Makhlouf recherch\u00e9 dans une affaire de trafic de fausse monnaie en bande organis\u00e9e<\/a><\/blockquote><iframe loading=\"lazy\" class=\"wp-embedded-content\" sandbox=\"allow-scripts\" security=\"restricted\" style=\"position: absolute; clip: rect(1px, 1px, 1px, 1px);\" title=\"\u00ab\u00a0Tribunal de Kasserine : Makhlouf recherch\u00e9 dans une affaire de trafic de fausse monnaie en bande organis\u00e9e\u00a0\u00bb &#8212; Kapitalis\" src=\"https:\/\/kapitalis.com\/tunisie\/2021\/09\/17\/tribunal-de-kasserine-makhlouf-recherche-dans-une-affaire-de-trafic-de-fausse-monnaie-en-bande-organisee\/embed\/#?secret=gIFeNP9cu2#?secret=Dw4qI7jdYU\" data-secret=\"Dw4qI7jdYU\" width=\"600\" height=\"338\" frameborder=\"0\" marginwidth=\"0\" marginheight=\"0\" scrolling=\"no\"><\/iframe>\n<\/div><\/figure>\n","protected":false},"excerpt":{"rendered":"<p>Le juge d\u2019instruction pr\u00e8s du Tribunal militaire de Tunis a d\u00e9cid\u00e9 ce jeudi 30 septembre 2021, de maintenir en d\u00e9tention, le d\u00e9put\u00e9 gel\u00e9 (Al-Karama), Seifeddine Makhlouf, indique Me Ines Harrath, membre du comit\u00e9 de la d\u00e9fense.<\/p>\n","protected":false},"author":6,"featured_media":0,"comment_status":"open","ping_status":"open","sticky":false,"template":"","format":"standard","meta":{"footnotes":""},"categories":[997,2433],"tags":[76464,93,2770,92480,93735,93057,80722,62643],"class_list":["post-364702","post","type-post","status-publish","format-standard","hentry","category-politique","category-tunisie","tag-al-karama-2","tag-assemblee","tag-avocats","tag-depute-gele","tag-detention-tribunal-militaire","tag-ines-harrath","tag-makhlouf","tag-tunisie"],"yoast_head":"<!-- This site is optimized with the Yoast SEO plugin v26.6 - https:\/\/yoast.com\/wordpress\/plugins\/seo\/ -->\n<title>Tunisie : Seifeddine Makhlouf maintenu en d\u00e9tention - Kapitalis<\/title>\n<meta name=\"robots\" content=\"index, follow, max-snippet:-1, max-image-preview:large, max-video-preview:-1\" \/>\n<link rel=\"canonical\" href=\"https:\/\/kapitalis.com\/tunisie\/2021\/09\/30\/tunisie-seifeddine-makhlouf-maintenu-en-detention\/\" \/>\n<meta property=\"og:locale\" content=\"fr_FR\" \/>\n<meta property=\"og:type\" content=\"article\" \/>\n<meta property=\"og:title\" content=\"Tunisie : Seifeddine Makhlouf maintenu en d\u00e9tention - Kapitalis\" \/>\n<meta property=\"og:description\" content=\"Le juge d\u2019instruction pr\u00e8s du Tribunal militaire de Tunis a d\u00e9cid\u00e9 ce jeudi 30 septembre 2021, de maintenir en d\u00e9tention, le d\u00e9put\u00e9 gel\u00e9 (Al-Karama), Seifeddine Makhlouf, indique Me Ines Harrath, membre du comit\u00e9 de la d\u00e9fense.\" \/>\n<meta property=\"og:url\" content=\"https:\/\/kapitalis.com\/tunisie\/2021\/09\/30\/tunisie-seifeddine-makhlouf-maintenu-en-detention\/\" \/>\n<meta property=\"og:site_name\" content=\"Kapitalis\" \/>\n<meta property=\"article:publisher\" content=\"https:\/\/www.facebook.com\/KapitalisInfo\/\" \/>\n<meta property=\"article:published_time\" content=\"2021-09-30T20:18:41+00:00\" \/>\n<meta property=\"article:modified_time\" content=\"2021-09-30T20:22:51+00:00\" \/>\n<meta property=\"og:image\" content=\"http:\/\/kapitalis.com\/tunisie\/wp-content\/uploads\/2021\/01\/Makhlouf-1.jpg\" \/>\n<meta name=\"author\" content=\"Yusra NY\" \/>\n<meta name=\"twitter:card\" content=\"summary_large_image\" \/>\n<meta name=\"twitter:creator\" content=\"@KapitalisInfo\" \/>\n<meta name=\"twitter:site\" content=\"@KapitalisInfo\" \/>\n<meta name=\"twitter:label1\" content=\"\u00c9crit par\" \/>\n\t<meta name=\"twitter:data1\" content=\"Yusra NY\" \/>\n\t<meta name=\"twitter:label2\" content=\"Dur\u00e9e de lecture estim\u00e9e\" \/>\n\t<meta name=\"twitter:data2\" content=\"1 minute\" \/>\n<script type=\"application\/ld+json\" class=\"yoast-schema-graph\">{\"@context\":\"https:\/\/schema.org\",\"@graph\":[{\"@type\":\"Article\",\"@id\":\"https:\/\/kapitalis.com\/tunisie\/2021\/09\/30\/tunisie-seifeddine-makhlouf-maintenu-en-detention\/#article\",\"isPartOf\":{\"@id\":\"https:\/\/kapitalis.com\/tunisie\/2021\/09\/30\/tunisie-seifeddine-makhlouf-maintenu-en-detention\/\"},\"author\":{\"name\":\"Yusra NY\",\"@id\":\"https:\/\/kapitalis.com\/tunisie\/#\/schema\/person\/74bbde0154d49d790a92aaeac5bc01d5\"},\"headline\":\"Tunisie : Seifeddine Makhlouf maintenu en d\u00e9tention\",\"datePublished\":\"2021-09-30T20:18:41+00:00\",\"dateModified\":\"2021-09-30T20:22:51+00:00\",\"mainEntityOfPage\":{\"@id\":\"https:\/\/kapitalis.com\/tunisie\/2021\/09\/30\/tunisie-seifeddine-makhlouf-maintenu-en-detention\/\"},\"wordCount\":268,\"commentCount\":6,\"publisher\":{\"@id\":\"https:\/\/kapitalis.com\/tunisie\/#organization\"},\"image\":{\"@id\":\"https:\/\/kapitalis.com\/tunisie\/2021\/09\/30\/tunisie-seifeddine-makhlouf-maintenu-en-detention\/#primaryimage\"},\"thumbnailUrl\":\"http:\/\/kapitalis.com\/tunisie\/wp-content\/uploads\/2021\/01\/Makhlouf-1.jpg\",\"keywords\":[\"Al-Karama\",\"Assembl\u00e9e\",\"avocats\",\"d\u00e9put\u00e9 gel\u00e9\",\"d\u00e9tention tribunal militaire\",\"Ines Harrath\",\"Makhlouf\",\"Tunisie\"],\"articleSection\":[\"POLITIQUE\",\"Tunisie\"],\"inLanguage\":\"fr-FR\",\"potentialAction\":[{\"@type\":\"CommentAction\",\"name\":\"Comment\",\"target\":[\"https:\/\/kapitalis.com\/tunisie\/2021\/09\/30\/tunisie-seifeddine-makhlouf-maintenu-en-detention\/#respond\"]}]},{\"@type\":\"WebPage\",\"@id\":\"https:\/\/kapitalis.com\/tunisie\/2021\/09\/30\/tunisie-seifeddine-makhlouf-maintenu-en-detention\/\",\"url\":\"https:\/\/kapitalis.com\/tunisie\/2021\/09\/30\/tunisie-seifeddine-makhlouf-maintenu-en-detention\/\",\"name\":\"Tunisie : Seifeddine Makhlouf maintenu en d\u00e9tention - Kapitalis\",\"isPartOf\":{\"@id\":\"https:\/\/kapitalis.com\/tunisie\/#website\"},\"primaryImageOfPage\":{\"@id\":\"https:\/\/kapitalis.com\/tunisie\/2021\/09\/30\/tunisie-seifeddine-makhlouf-maintenu-en-detention\/#primaryimage\"},\"image\":{\"@id\":\"https:\/\/kapitalis.com\/tunisie\/2021\/09\/30\/tunisie-seifeddine-makhlouf-maintenu-en-detention\/#primaryimage\"},\"thumbnailUrl\":\"http:\/\/kapitalis.com\/tunisie\/wp-content\/uploads\/2021\/01\/Makhlouf-1.jpg\",\"datePublished\":\"2021-09-30T20:18:41+00:00\",\"dateModified\":\"2021-09-30T20:22:51+00:00\",\"breadcrumb\":{\"@id\":\"https:\/\/kapitalis.com\/tunisie\/2021\/09\/30\/tunisie-seifeddine-makhlouf-maintenu-en-detention\/#breadcrumb\"},\"inLanguage\":\"fr-FR\",\"potentialAction\":[{\"@type\":\"ReadAction\",\"target\":[\"https:\/\/kapitalis.com\/tunisie\/2021\/09\/30\/tunisie-seifeddine-makhlouf-maintenu-en-detention\/\"]}]},{\"@type\":\"ImageObject\",\"inLanguage\":\"fr-FR\",\"@id\":\"https:\/\/kapitalis.com\/tunisie\/2021\/09\/30\/tunisie-seifeddine-makhlouf-maintenu-en-detention\/#primaryimage\",\"url\":\"\",\"contentUrl\":\"\"},{\"@type\":\"BreadcrumbList\",\"@id\":\"https:\/\/kapitalis.com\/tunisie\/2021\/09\/30\/tunisie-seifeddine-makhlouf-maintenu-en-detention\/#breadcrumb\",\"itemListElement\":[{\"@type\":\"ListItem\",\"position\":1,\"name\":\"Accueil\",\"item\":\"https:\/\/kapitalis.com\/tunisie\/\"},{\"@type\":\"ListItem\",\"position\":2,\"name\":\"Tunisie : Seifeddine Makhlouf maintenu en d\u00e9tention\"}]},{\"@type\":\"WebSite\",\"@id\":\"https:\/\/kapitalis.com\/tunisie\/#website\",\"url\":\"https:\/\/kapitalis.com\/tunisie\/\",\"name\":\"Kapitalis\",\"description\":\"L&#039;actualit\u00e9 en Tunisie et dans le monde\",\"publisher\":{\"@id\":\"https:\/\/kapitalis.com\/tunisie\/#organization\"},\"potentialAction\":[{\"@type\":\"SearchAction\",\"target\":{\"@type\":\"EntryPoint\",\"urlTemplate\":\"https:\/\/kapitalis.com\/tunisie\/?s={search_term_string}\"},\"query-input\":{\"@type\":\"PropertyValueSpecification\",\"valueRequired\":true,\"valueName\":\"search_term_string\"}}],\"inLanguage\":\"fr-FR\"},{\"@type\":\"Organization\",\"@id\":\"https:\/\/kapitalis.com\/tunisie\/#organization\",\"name\":\"Kapitalis\",\"url\":\"https:\/\/kapitalis.com\/tunisie\/\",\"logo\":{\"@type\":\"ImageObject\",\"inLanguage\":\"fr-FR\",\"@id\":\"https:\/\/kapitalis.com\/tunisie\/#\/schema\/logo\/image\/\",\"url\":\"https:\/\/kapitalis.com\/tunisie\/wp-content\/uploads\/2022\/05\/Kapitalis-big-size.png\",\"contentUrl\":\"https:\/\/kapitalis.com\/tunisie\/wp-content\/uploads\/2022\/05\/Kapitalis-big-size.png\",\"width\":5000,\"height\":1500,\"caption\":\"Kapitalis\"},\"image\":{\"@id\":\"https:\/\/kapitalis.com\/tunisie\/#\/schema\/logo\/image\/\"},\"sameAs\":[\"https:\/\/www.facebook.com\/KapitalisInfo\/\",\"https:\/\/x.com\/KapitalisInfo\",\"https:\/\/www.youtube.com\/channel\/UC-yDYrHyfFBWWZaOw3FPg9Q\"]},{\"@type\":\"Person\",\"@id\":\"https:\/\/kapitalis.com\/tunisie\/#\/schema\/person\/74bbde0154d49d790a92aaeac5bc01d5\",\"name\":\"Yusra NY\",\"url\":\"https:\/\/kapitalis.com\/tunisie\/author\/yuza_adam\/\"}]}<\/script>\n<!-- \/ Yoast SEO plugin. -->","yoast_head_json":{"title":"Tunisie : Seifeddine Makhlouf maintenu en d\u00e9tention - Kapitalis","robots":{"index":"index","follow":"follow","max-snippet":"max-snippet:-1","max-image-preview":"max-image-preview:large","max-video-preview":"max-video-preview:-1"},"canonical":"https:\/\/kapitalis.com\/tunisie\/2021\/09\/30\/tunisie-seifeddine-makhlouf-maintenu-en-detention\/","og_locale":"fr_FR","og_type":"article","og_title":"Tunisie : Seifeddine Makhlouf maintenu en d\u00e9tention - Kapitalis","og_description":"Le juge d\u2019instruction pr\u00e8s du Tribunal militaire de Tunis a d\u00e9cid\u00e9 ce jeudi 30 septembre 2021, de maintenir en d\u00e9tention, le d\u00e9put\u00e9 gel\u00e9 (Al-Karama), Seifeddine Makhlouf, indique Me Ines Harrath, membre du comit\u00e9 de la d\u00e9fense.","og_url":"https:\/\/kapitalis.com\/tunisie\/2021\/09\/30\/tunisie-seifeddine-makhlouf-maintenu-en-detention\/","og_site_name":"Kapitalis","article_publisher":"https:\/\/www.facebook.com\/KapitalisInfo\/","article_published_time":"2021-09-30T20:18:41+00:00","article_modified_time":"2021-09-30T20:22:51+00:00","og_image":[{"url":"http:\/\/kapitalis.com\/tunisie\/wp-content\/uploads\/2021\/01\/Makhlouf-1.jpg","type":"","width":"","height":""}],"author":"Yusra NY","twitter_card":"summary_large_image","twitter_creator":"@KapitalisInfo","twitter_site":"@KapitalisInfo","twitter_misc":{"\u00c9crit par":"Yusra NY","Dur\u00e9e de lecture estim\u00e9e":"1 minute"},"schema":{"@context":"https:\/\/schema.org","@graph":[{"@type":"Article","@id":"https:\/\/kapitalis.com\/tunisie\/2021\/09\/30\/tunisie-seifeddine-makhlouf-maintenu-en-detention\/#article","isPartOf":{"@id":"https:\/\/kapitalis.com\/tunisie\/2021\/09\/30\/tunisie-seifeddine-makhlouf-maintenu-en-detention\/"},"author":{"name":"Yusra NY","@id":"https:\/\/kapitalis.com\/tunisie\/#\/schema\/person\/74bbde0154d49d790a92aaeac5bc01d5"},"headline":"Tunisie : Seifeddine Makhlouf maintenu en d\u00e9tention","datePublished":"2021-09-30T20:18:41+00:00","dateModified":"2021-09-30T20:22:51+00:00","mainEntityOfPage":{"@id":"https:\/\/kapitalis.com\/tunisie\/2021\/09\/30\/tunisie-seifeddine-makhlouf-maintenu-en-detention\/"},"wordCount":268,"commentCount":6,"publisher":{"@id":"https:\/\/kapitalis.com\/tunisie\/#organization"},"image":{"@id":"https:\/\/kapitalis.com\/tunisie\/2021\/09\/30\/tunisie-seifeddine-makhlouf-maintenu-en-detention\/#primaryimage"},"thumbnailUrl":"http:\/\/kapitalis.com\/tunisie\/wp-content\/uploads\/2021\/01\/Makhlouf-1.jpg","keywords":["Al-Karama","Assembl\u00e9e","avocats","d\u00e9put\u00e9 gel\u00e9","d\u00e9tention tribunal militaire","Ines Harrath","Makhlouf","Tunisie"],"articleSection":["POLITIQUE","Tunisie"],"inLanguage":"fr-FR","potentialAction":[{"@type":"CommentAction","name":"Comment","target":["https:\/\/kapitalis.com\/tunisie\/2021\/09\/30\/tunisie-seifeddine-makhlouf-maintenu-en-detention\/#respond"]}]},{"@type":"WebPage","@id":"https:\/\/kapitalis.com\/tunisie\/2021\/09\/30\/tunisie-seifeddine-makhlouf-maintenu-en-detention\/","url":"https:\/\/kapitalis.com\/tunisie\/2021\/09\/30\/tunisie-seifeddine-makhlouf-maintenu-en-detention\/","name":"Tunisie : Seifeddine Makhlouf maintenu en d\u00e9tention - Kapitalis","isPartOf":{"@id":"https:\/\/kapitalis.com\/tunisie\/#website"},"primaryImageOfPage":{"@id":"https:\/\/kapitalis.com\/tunisie\/2021\/09\/30\/tunisie-seifeddine-makhlouf-maintenu-en-detention\/#primaryimage"},"image":{"@id":"https:\/\/kapitalis.com\/tunisie\/2021\/09\/30\/tunisie-seifeddine-makhlouf-maintenu-en-detention\/#primaryimage"},"thumbnailUrl":"http:\/\/kapitalis.com\/tunisie\/wp-content\/uploads\/2021\/01\/Makhlouf-1.jpg","datePublished":"2021-09-30T20:18:41+00:00","dateModified":"2021-09-30T20:22:51+00:00","breadcrumb":{"@id":"https:\/\/kapitalis.com\/tunisie\/2021\/09\/30\/tunisie-seifeddine-makhlouf-maintenu-en-detention\/#breadcrumb"},"inLanguage":"fr-FR","potentialAction":[{"@type":"ReadAction","target":["https:\/\/kapitalis.com\/tunisie\/2021\/09\/30\/tunisie-seifeddine-makhlouf-maintenu-en-detention\/"]}]},{"@type":"ImageObject","inLanguage":"fr-FR","@id":"https:\/\/kapitalis.com\/tunisie\/2021\/09\/30\/tunisie-seifeddine-makhlouf-maintenu-en-detention\/#primaryimage","url":"","contentUrl":""},{"@type":"BreadcrumbList","@id":"https:\/\/kapitalis.com\/tunisie\/2021\/09\/30\/tunisie-seifeddine-makhlouf-maintenu-en-detention\/#breadcrumb","itemListElement":[{"@type":"ListItem","position":1,"name":"Accueil","item":"https:\/\/kapitalis.com\/tunisie\/"},{"@type":"ListItem","position":2,"name":"Tunisie : Seifeddine Makhlouf maintenu en d\u00e9tention"}]},{"@type":"WebSite","@id":"https:\/\/kapitalis.com\/tunisie\/#website","url":"https:\/\/kapitalis.com\/tunisie\/","name":"Kapitalis","description":"L&#039;actualit\u00e9 en Tunisie et dans le monde","publisher":{"@id":"https:\/\/kapitalis.com\/tunisie\/#organization"},"potentialAction":[{"@type":"SearchAction","target":{"@type":"EntryPoint","urlTemplate":"https:\/\/kapitalis.com\/tunisie\/?s={search_term_string}"},"query-input":{"@type":"PropertyValueSpecification","valueRequired":true,"valueName":"search_term_string"}}],"inLanguage":"fr-FR"},{"@type":"Organization","@id":"https:\/\/kapitalis.com\/tunisie\/#organization","name":"Kapitalis","url":"https:\/\/kapitalis.com\/tunisie\/","logo":{"@type":"ImageObject","inLanguage":"fr-FR","@id":"https:\/\/kapitalis.com\/tunisie\/#\/schema\/logo\/image\/","url":"https:\/\/kapitalis.com\/tunisie\/wp-content\/uploads\/2022\/05\/Kapitalis-big-size.png","contentUrl":"https:\/\/kapitalis.com\/tunisie\/wp-content\/uploads\/2022\/05\/Kapitalis-big-size.png","width":5000,"height":1500,"caption":"Kapitalis"},"image":{"@id":"https:\/\/kapitalis.com\/tunisie\/#\/schema\/logo\/image\/"},"sameAs":["https:\/\/www.facebook.com\/KapitalisInfo\/","https:\/\/x.com\/KapitalisInfo","https:\/\/www.youtube.com\/channel\/UC-yDYrHyfFBWWZaOw3FPg9Q"]},{"@type":"Person","@id":"https:\/\/kapitalis.com\/tunisie\/#\/schema\/person\/74bbde0154d49d790a92aaeac5bc01d5","name":"Yusra NY","url":"https:\/\/kapitalis.com\/tunisie\/author\/yuza_adam\/"}]}},"_links":{"self":[{"href":"https:\/\/kapitalis.com\/tunisie\/wp-json\/wp\/v2\/posts\/364702","targetHints":{"allow":["GET"]}}],"collection":[{"href":"https:\/\/kapitalis.com\/tunisie\/wp-json\/wp\/v2\/posts"}],"about":[{"href":"https:\/\/kapitalis.com\/tunisie\/wp-json\/wp\/v2\/types\/post"}],"author":[{"embeddable":true,"href":"https:\/\/kapitalis.com\/tunisie\/wp-json\/wp\/v2\/users\/6"}],"replies":[{"embeddable":true,"href":"https:\/\/kapitalis.com\/tunisie\/wp-json\/wp\/v2\/comments?post=364702"}],"version-history":[{"count":0,"href":"https:\/\/kapitalis.com\/tunisie\/wp-json\/wp\/v2\/posts\/364702\/revisions"}],"wp:attachment":[{"href":"https:\/\/kapitalis.com\/tunisie\/wp-json\/wp\/v2\/media?parent=364702"}],"wp:term":[{"taxonomy":"category","embeddable":true,"href":"https:\/\/kapitalis.com\/tunisie\/wp-json\/wp\/v2\/categories?post=364702"},{"taxonomy":"post_tag","embeddable":true,"href":"https:\/\/kapitalis.com\/tunisie\/wp-json\/wp\/v2\/tags?post=364702"}],"curies":[{"name":"wp","href":"https:\/\/api.w.org\/{rel}","templated":true}]}}