{"id":364766,"date":"2021-10-01T18:49:12","date_gmt":"2021-10-01T17:49:12","guid":{"rendered":"http:\/\/kapitalis.com\/tunisie\/?p=364766"},"modified":"2021-10-03T07:55:17","modified_gmt":"2021-10-03T06:55:17","slug":"streams-du-cineaste-tunisien-mehdi-hmili-en-selection-officielle-au-festival-cinemed-de-montpellier","status":"publish","type":"post","link":"https:\/\/kapitalis.com\/tunisie\/2021\/10\/01\/streams-du-cineaste-tunisien-mehdi-hmili-en-selection-officielle-au-festival-cinemed-de-montpellier\/","title":{"rendered":"\u00abStreams\u00bb du cin\u00e9aste tunisien Mehdi Hmili en s\u00e9lection officielle au Festival Cinemed de Montpellier"},"content":{"rendered":"\n<div class=\"wp-block-image\"><figure class=\"aligncenter size-full\"><img decoding=\"async\" src=\"http:\/\/kapitalis.com\/tunisie\/wp-content\/uploads\/2021\/10\/Streams-Cinmed-mehdi-hmili.jpg\" alt=\"\" class=\"wp-image-364770\"\/><\/figure><\/div>\n\n\n\n<p><strong><em>Apr\u00e8s la Mostra de Valencia en Espagne et le Festival international du film francophone de Namur (Fiff), en Belgique, le film \u00abStreams \u00bb du cin\u00e9aste tunisien Mehdi Hmili est en en s\u00e9lection officielle au 43e Festival du cin\u00e9ma m\u00e9diterran\u00e9en de Montpellier.<\/em><\/strong><\/p>\n\n\n\n<!--more-->\n\n\n\n<p>Pr\u00e9sent\u00e9 en premi\u00e8re mondiale dans le cadre de la 74e \u00e9dition du prestigieux Festival du Film de Locarno, en salles au Luxembourg, et en projection sp\u00e9ciale au Zurich Film Festival, \u00abStreams\u00bb le long-m\u00e9trage de fiction \u00e9crit et r\u00e9alis\u00e9 par le Tunisien Mehdi Hmili, continue \u00e0 faire parler de lui \u00e0 l&rsquo;\u00e9chelle internationale.<\/p>\n\n\n\n<p>Il s&rsquo;agit d&rsquo;une production de Yol Film House, avec MAD Solutions pour la distribution, entre la Tunisie, la France et le Luxembourg, qui b\u00e9n\u00e9ficie du soutien de trois coproducteurs, Tarantula Luxembourg, MPM Film et Clandestino Production.<\/p>\n\n\n\n<div class=\"wp-block-image\"><figure class=\"aligncenter size-large is-resized\"><img decoding=\"async\" src=\"http:\/\/kapitalis.com\/tunisie\/wp-content\/uploads\/2021\/10\/Hmili-823x1024.jpg\" alt=\"\" class=\"wp-image-364769\" width=\"500\"\/><figcaption><em>Mehdi Hmili au Zurich film festival<\/em> <em>pr\u00e9sentant son film<\/em><\/figcaption><\/figure><\/div>\n\n\n\n<p><\/p>\n\n\n\n<p><strong>Synopsis<\/strong> : <em>\u00abAmel travaille comme ouvri\u00e8re dans une usine. Elle vit avec son mari Tahar et leur fils Moumen, un adolescent et gardien de but talentueux. Afin de convaincre le patron de l\u2019usine de la mettre en contact avec Imed, un homme d\u2019affaires qui pourrait pistonner son fils dans le milieu du football, Amel trahit ses camarades ouvri\u00e8res qui pr\u00e9parent une gr\u00e8ve. Imed profite de la situation et abuse d\u2019elle. Amel est accus\u00e9e d\u2019adult\u00e8re et de prostitution. Moumen, abandonn\u00e9 \u00e0 son sort, s\u2019enfonce dans les bas-fonds de la ville. Rel\u00e2ch\u00e9e apr\u00e8s des mois de prison, Amel cherche son fils dans le monde des bas-fonds et doit faire face \u00e0 une soci\u00e9t\u00e9 tunisienne en pleine chute libre\u00bb<\/em>.<\/p>\n\n\n\n<p class=\"has-text-align-right\"><strong>Y. N.<\/strong><\/p>\n\n\n\n<figure class=\"wp-block-embed is-type-wp-embed is-provider-kapitalis wp-block-embed-kapitalis\"><div class=\"wp-block-embed__wrapper\">\n<blockquote class=\"wp-embedded-content\" data-secret=\"GsGw2XJGjp\"><a href=\"https:\/\/kapitalis.com\/tunisie\/2021\/09\/20\/streams-du-cineaste-tunisien-mehdi-hmili-en-competition-au-fiff-de-namur-et-a-la-mostra-de-valencia-en-espagne\/\">\u00ab\u00a0Streams\u00a0\u00bb du cin\u00e9aste tunisien Mehdi Hmili en comp\u00e9tition au FIFF de Namur et \u00e0 La Mostra de Valencia en Espagne<\/a><\/blockquote><iframe loading=\"lazy\" class=\"wp-embedded-content\" sandbox=\"allow-scripts\" security=\"restricted\" style=\"position: absolute; clip: rect(1px, 1px, 1px, 1px);\" title=\"\u00ab\u00a0\u00ab\u00a0Streams\u00a0\u00bb du cin\u00e9aste tunisien Mehdi Hmili en comp\u00e9tition au FIFF de Namur et \u00e0 La Mostra de Valencia en Espagne\u00a0\u00bb &#8212; Kapitalis\" src=\"https:\/\/kapitalis.com\/tunisie\/2021\/09\/20\/streams-du-cineaste-tunisien-mehdi-hmili-en-competition-au-fiff-de-namur-et-a-la-mostra-de-valencia-en-espagne\/embed\/#?secret=DAZTXvC6y0#?secret=GsGw2XJGjp\" data-secret=\"GsGw2XJGjp\" width=\"600\" height=\"338\" frameborder=\"0\" marginwidth=\"0\" marginheight=\"0\" scrolling=\"no\"><\/iframe>\n<\/div><\/figure>\n","protected":false},"excerpt":{"rendered":"<p>Apr\u00e8s la Mostra de Valencia en Espagne et le Festival international du film francophone de Namur (Fiff), en Belgique, le film \u00abStreams \u00bb du cin\u00e9aste tunisien Mehdi Hmili est en en s\u00e9lection officielle au 43e Festival du cin\u00e9ma m\u00e9diterran\u00e9en de Montpellier.<\/p>\n","protected":false},"author":6,"featured_media":364769,"comment_status":"open","ping_status":"open","sticky":false,"template":"","format":"standard","meta":{"footnotes":""},"categories":[994,2433],"tags":[68846,83595,91738,1607,93762,91739,62643],"class_list":["post-364766","post","type-post","status-publish","format-standard","has-post-thumbnail","hentry","category-culture","category-tunisie","tag-cineaste-tunisien","tag-festival-cinemed","tag-mehdi-hmili","tag-montpellier","tag-selection-officielle","tag-streams","tag-tunisie"],"yoast_head":"<!-- This site is optimized with the Yoast SEO plugin v26.6 - https:\/\/yoast.com\/wordpress\/plugins\/seo\/ -->\n<title>\u00abStreams\u00bb du cin\u00e9aste tunisien Mehdi Hmili en s\u00e9lection officielle au Festival Cinemed de Montpellier - Kapitalis<\/title>\n<meta name=\"robots\" content=\"index, follow, max-snippet:-1, max-image-preview:large, max-video-preview:-1\" \/>\n<link rel=\"canonical\" href=\"https:\/\/kapitalis.com\/tunisie\/2021\/10\/01\/streams-du-cineaste-tunisien-mehdi-hmili-en-selection-officielle-au-festival-cinemed-de-montpellier\/\" \/>\n<meta property=\"og:locale\" content=\"fr_FR\" \/>\n<meta property=\"og:type\" content=\"article\" \/>\n<meta property=\"og:title\" content=\"\u00abStreams\u00bb du cin\u00e9aste tunisien Mehdi Hmili en s\u00e9lection officielle au Festival Cinemed de Montpellier - Kapitalis\" \/>\n<meta property=\"og:description\" content=\"Apr\u00e8s la Mostra de Valencia en Espagne et le Festival international du film francophone de Namur (Fiff), en Belgique, le film \u00abStreams \u00bb du cin\u00e9aste tunisien Mehdi Hmili est en en s\u00e9lection officielle au 43e Festival du cin\u00e9ma m\u00e9diterran\u00e9en de Montpellier.\" \/>\n<meta property=\"og:url\" content=\"https:\/\/kapitalis.com\/tunisie\/2021\/10\/01\/streams-du-cineaste-tunisien-mehdi-hmili-en-selection-officielle-au-festival-cinemed-de-montpellier\/\" \/>\n<meta property=\"og:site_name\" content=\"Kapitalis\" \/>\n<meta property=\"article:publisher\" content=\"https:\/\/www.facebook.com\/KapitalisInfo\/\" \/>\n<meta property=\"article:published_time\" content=\"2021-10-01T17:49:12+00:00\" \/>\n<meta property=\"article:modified_time\" content=\"2021-10-03T06:55:17+00:00\" \/>\n<meta property=\"og:image\" content=\"https:\/\/kapitalis.com\/tunisie\/wp-content\/uploads\/2022\/05\/kapitalis-logo-fb.png\" \/>\n\t<meta property=\"og:image:width\" content=\"1200\" \/>\n\t<meta property=\"og:image:height\" content=\"630\" \/>\n\t<meta property=\"og:image:type\" content=\"image\/png\" \/>\n<meta name=\"author\" content=\"Yusra NY\" \/>\n<meta name=\"twitter:card\" content=\"summary_large_image\" \/>\n<meta name=\"twitter:creator\" content=\"@KapitalisInfo\" \/>\n<meta name=\"twitter:site\" content=\"@KapitalisInfo\" \/>\n<meta name=\"twitter:label1\" content=\"\u00c9crit par\" \/>\n\t<meta name=\"twitter:data1\" content=\"Yusra NY\" \/>\n\t<meta name=\"twitter:label2\" content=\"Dur\u00e9e de lecture estim\u00e9e\" \/>\n\t<meta name=\"twitter:data2\" content=\"1 minute\" \/>\n<script type=\"application\/ld+json\" class=\"yoast-schema-graph\">{\"@context\":\"https:\/\/schema.org\",\"@graph\":[{\"@type\":\"Article\",\"@id\":\"https:\/\/kapitalis.com\/tunisie\/2021\/10\/01\/streams-du-cineaste-tunisien-mehdi-hmili-en-selection-officielle-au-festival-cinemed-de-montpellier\/#article\",\"isPartOf\":{\"@id\":\"https:\/\/kapitalis.com\/tunisie\/2021\/10\/01\/streams-du-cineaste-tunisien-mehdi-hmili-en-selection-officielle-au-festival-cinemed-de-montpellier\/\"},\"author\":{\"name\":\"Yusra NY\",\"@id\":\"https:\/\/kapitalis.com\/tunisie\/#\/schema\/person\/74bbde0154d49d790a92aaeac5bc01d5\"},\"headline\":\"\u00abStreams\u00bb du cin\u00e9aste tunisien Mehdi Hmili en s\u00e9lection officielle au Festival Cinemed de Montpellier\",\"datePublished\":\"2021-10-01T17:49:12+00:00\",\"dateModified\":\"2021-10-03T06:55:17+00:00\",\"mainEntityOfPage\":{\"@id\":\"https:\/\/kapitalis.com\/tunisie\/2021\/10\/01\/streams-du-cineaste-tunisien-mehdi-hmili-en-selection-officielle-au-festival-cinemed-de-montpellier\/\"},\"wordCount\":301,\"commentCount\":0,\"publisher\":{\"@id\":\"https:\/\/kapitalis.com\/tunisie\/#organization\"},\"image\":{\"@id\":\"https:\/\/kapitalis.com\/tunisie\/2021\/10\/01\/streams-du-cineaste-tunisien-mehdi-hmili-en-selection-officielle-au-festival-cinemed-de-montpellier\/#primaryimage\"},\"thumbnailUrl\":\"\",\"keywords\":[\"cin\u00e9aste tunisien\",\"Festival Cin\u00e9med\",\"Mehdi Hmili\",\"Montpellier\",\"s\u00e9lection officielle\",\"Streams\",\"Tunisie\"],\"articleSection\":[\"CULTURE\",\"Tunisie\"],\"inLanguage\":\"fr-FR\",\"potentialAction\":[{\"@type\":\"CommentAction\",\"name\":\"Comment\",\"target\":[\"https:\/\/kapitalis.com\/tunisie\/2021\/10\/01\/streams-du-cineaste-tunisien-mehdi-hmili-en-selection-officielle-au-festival-cinemed-de-montpellier\/#respond\"]}]},{\"@type\":\"WebPage\",\"@id\":\"https:\/\/kapitalis.com\/tunisie\/2021\/10\/01\/streams-du-cineaste-tunisien-mehdi-hmili-en-selection-officielle-au-festival-cinemed-de-montpellier\/\",\"url\":\"https:\/\/kapitalis.com\/tunisie\/2021\/10\/01\/streams-du-cineaste-tunisien-mehdi-hmili-en-selection-officielle-au-festival-cinemed-de-montpellier\/\",\"name\":\"\u00abStreams\u00bb du cin\u00e9aste tunisien Mehdi Hmili en s\u00e9lection officielle au Festival Cinemed de Montpellier - Kapitalis\",\"isPartOf\":{\"@id\":\"https:\/\/kapitalis.com\/tunisie\/#website\"},\"primaryImageOfPage\":{\"@id\":\"https:\/\/kapitalis.com\/tunisie\/2021\/10\/01\/streams-du-cineaste-tunisien-mehdi-hmili-en-selection-officielle-au-festival-cinemed-de-montpellier\/#primaryimage\"},\"image\":{\"@id\":\"https:\/\/kapitalis.com\/tunisie\/2021\/10\/01\/streams-du-cineaste-tunisien-mehdi-hmili-en-selection-officielle-au-festival-cinemed-de-montpellier\/#primaryimage\"},\"thumbnailUrl\":\"\",\"datePublished\":\"2021-10-01T17:49:12+00:00\",\"dateModified\":\"2021-10-03T06:55:17+00:00\",\"breadcrumb\":{\"@id\":\"https:\/\/kapitalis.com\/tunisie\/2021\/10\/01\/streams-du-cineaste-tunisien-mehdi-hmili-en-selection-officielle-au-festival-cinemed-de-montpellier\/#breadcrumb\"},\"inLanguage\":\"fr-FR\",\"potentialAction\":[{\"@type\":\"ReadAction\",\"target\":[\"https:\/\/kapitalis.com\/tunisie\/2021\/10\/01\/streams-du-cineaste-tunisien-mehdi-hmili-en-selection-officielle-au-festival-cinemed-de-montpellier\/\"]}]},{\"@type\":\"ImageObject\",\"inLanguage\":\"fr-FR\",\"@id\":\"https:\/\/kapitalis.com\/tunisie\/2021\/10\/01\/streams-du-cineaste-tunisien-mehdi-hmili-en-selection-officielle-au-festival-cinemed-de-montpellier\/#primaryimage\",\"url\":\"\",\"contentUrl\":\"\"},{\"@type\":\"BreadcrumbList\",\"@id\":\"https:\/\/kapitalis.com\/tunisie\/2021\/10\/01\/streams-du-cineaste-tunisien-mehdi-hmili-en-selection-officielle-au-festival-cinemed-de-montpellier\/#breadcrumb\",\"itemListElement\":[{\"@type\":\"ListItem\",\"position\":1,\"name\":\"Accueil\",\"item\":\"https:\/\/kapitalis.com\/tunisie\/\"},{\"@type\":\"ListItem\",\"position\":2,\"name\":\"\u00abStreams\u00bb du cin\u00e9aste tunisien Mehdi Hmili en s\u00e9lection officielle au Festival Cinemed de Montpellier\"}]},{\"@type\":\"WebSite\",\"@id\":\"https:\/\/kapitalis.com\/tunisie\/#website\",\"url\":\"https:\/\/kapitalis.com\/tunisie\/\",\"name\":\"Kapitalis\",\"description\":\"L&#039;actualit\u00e9 en Tunisie et dans le monde\",\"publisher\":{\"@id\":\"https:\/\/kapitalis.com\/tunisie\/#organization\"},\"potentialAction\":[{\"@type\":\"SearchAction\",\"target\":{\"@type\":\"EntryPoint\",\"urlTemplate\":\"https:\/\/kapitalis.com\/tunisie\/?s={search_term_string}\"},\"query-input\":{\"@type\":\"PropertyValueSpecification\",\"valueRequired\":true,\"valueName\":\"search_term_string\"}}],\"inLanguage\":\"fr-FR\"},{\"@type\":\"Organization\",\"@id\":\"https:\/\/kapitalis.com\/tunisie\/#organization\",\"name\":\"Kapitalis\",\"url\":\"https:\/\/kapitalis.com\/tunisie\/\",\"logo\":{\"@type\":\"ImageObject\",\"inLanguage\":\"fr-FR\",\"@id\":\"https:\/\/kapitalis.com\/tunisie\/#\/schema\/logo\/image\/\",\"url\":\"https:\/\/kapitalis.com\/tunisie\/wp-content\/uploads\/2022\/05\/Kapitalis-big-size.png\",\"contentUrl\":\"https:\/\/kapitalis.com\/tunisie\/wp-content\/uploads\/2022\/05\/Kapitalis-big-size.png\",\"width\":5000,\"height\":1500,\"caption\":\"Kapitalis\"},\"image\":{\"@id\":\"https:\/\/kapitalis.com\/tunisie\/#\/schema\/logo\/image\/\"},\"sameAs\":[\"https:\/\/www.facebook.com\/KapitalisInfo\/\",\"https:\/\/x.com\/KapitalisInfo\",\"https:\/\/www.youtube.com\/channel\/UC-yDYrHyfFBWWZaOw3FPg9Q\"]},{\"@type\":\"Person\",\"@id\":\"https:\/\/kapitalis.com\/tunisie\/#\/schema\/person\/74bbde0154d49d790a92aaeac5bc01d5\",\"name\":\"Yusra NY\",\"url\":\"https:\/\/kapitalis.com\/tunisie\/author\/yuza_adam\/\"}]}<\/script>\n<!-- \/ Yoast SEO plugin. -->","yoast_head_json":{"title":"\u00abStreams\u00bb du cin\u00e9aste tunisien Mehdi Hmili en s\u00e9lection officielle au Festival Cinemed de Montpellier - Kapitalis","robots":{"index":"index","follow":"follow","max-snippet":"max-snippet:-1","max-image-preview":"max-image-preview:large","max-video-preview":"max-video-preview:-1"},"canonical":"https:\/\/kapitalis.com\/tunisie\/2021\/10\/01\/streams-du-cineaste-tunisien-mehdi-hmili-en-selection-officielle-au-festival-cinemed-de-montpellier\/","og_locale":"fr_FR","og_type":"article","og_title":"\u00abStreams\u00bb du cin\u00e9aste tunisien Mehdi Hmili en s\u00e9lection officielle au Festival Cinemed de Montpellier - Kapitalis","og_description":"Apr\u00e8s la Mostra de Valencia en Espagne et le Festival international du film francophone de Namur (Fiff), en Belgique, le film \u00abStreams \u00bb du cin\u00e9aste tunisien Mehdi Hmili est en en s\u00e9lection officielle au 43e Festival du cin\u00e9ma m\u00e9diterran\u00e9en de Montpellier.","og_url":"https:\/\/kapitalis.com\/tunisie\/2021\/10\/01\/streams-du-cineaste-tunisien-mehdi-hmili-en-selection-officielle-au-festival-cinemed-de-montpellier\/","og_site_name":"Kapitalis","article_publisher":"https:\/\/www.facebook.com\/KapitalisInfo\/","article_published_time":"2021-10-01T17:49:12+00:00","article_modified_time":"2021-10-03T06:55:17+00:00","og_image":[{"width":1200,"height":630,"url":"https:\/\/kapitalis.com\/tunisie\/wp-content\/uploads\/2022\/05\/kapitalis-logo-fb.png","type":"image\/png"}],"author":"Yusra NY","twitter_card":"summary_large_image","twitter_creator":"@KapitalisInfo","twitter_site":"@KapitalisInfo","twitter_misc":{"\u00c9crit par":"Yusra NY","Dur\u00e9e de lecture estim\u00e9e":"1 minute"},"schema":{"@context":"https:\/\/schema.org","@graph":[{"@type":"Article","@id":"https:\/\/kapitalis.com\/tunisie\/2021\/10\/01\/streams-du-cineaste-tunisien-mehdi-hmili-en-selection-officielle-au-festival-cinemed-de-montpellier\/#article","isPartOf":{"@id":"https:\/\/kapitalis.com\/tunisie\/2021\/10\/01\/streams-du-cineaste-tunisien-mehdi-hmili-en-selection-officielle-au-festival-cinemed-de-montpellier\/"},"author":{"name":"Yusra NY","@id":"https:\/\/kapitalis.com\/tunisie\/#\/schema\/person\/74bbde0154d49d790a92aaeac5bc01d5"},"headline":"\u00abStreams\u00bb du cin\u00e9aste tunisien Mehdi Hmili en s\u00e9lection officielle au Festival Cinemed de Montpellier","datePublished":"2021-10-01T17:49:12+00:00","dateModified":"2021-10-03T06:55:17+00:00","mainEntityOfPage":{"@id":"https:\/\/kapitalis.com\/tunisie\/2021\/10\/01\/streams-du-cineaste-tunisien-mehdi-hmili-en-selection-officielle-au-festival-cinemed-de-montpellier\/"},"wordCount":301,"commentCount":0,"publisher":{"@id":"https:\/\/kapitalis.com\/tunisie\/#organization"},"image":{"@id":"https:\/\/kapitalis.com\/tunisie\/2021\/10\/01\/streams-du-cineaste-tunisien-mehdi-hmili-en-selection-officielle-au-festival-cinemed-de-montpellier\/#primaryimage"},"thumbnailUrl":"","keywords":["cin\u00e9aste tunisien","Festival Cin\u00e9med","Mehdi Hmili","Montpellier","s\u00e9lection officielle","Streams","Tunisie"],"articleSection":["CULTURE","Tunisie"],"inLanguage":"fr-FR","potentialAction":[{"@type":"CommentAction","name":"Comment","target":["https:\/\/kapitalis.com\/tunisie\/2021\/10\/01\/streams-du-cineaste-tunisien-mehdi-hmili-en-selection-officielle-au-festival-cinemed-de-montpellier\/#respond"]}]},{"@type":"WebPage","@id":"https:\/\/kapitalis.com\/tunisie\/2021\/10\/01\/streams-du-cineaste-tunisien-mehdi-hmili-en-selection-officielle-au-festival-cinemed-de-montpellier\/","url":"https:\/\/kapitalis.com\/tunisie\/2021\/10\/01\/streams-du-cineaste-tunisien-mehdi-hmili-en-selection-officielle-au-festival-cinemed-de-montpellier\/","name":"\u00abStreams\u00bb du cin\u00e9aste tunisien Mehdi Hmili en s\u00e9lection officielle au Festival Cinemed de Montpellier - Kapitalis","isPartOf":{"@id":"https:\/\/kapitalis.com\/tunisie\/#website"},"primaryImageOfPage":{"@id":"https:\/\/kapitalis.com\/tunisie\/2021\/10\/01\/streams-du-cineaste-tunisien-mehdi-hmili-en-selection-officielle-au-festival-cinemed-de-montpellier\/#primaryimage"},"image":{"@id":"https:\/\/kapitalis.com\/tunisie\/2021\/10\/01\/streams-du-cineaste-tunisien-mehdi-hmili-en-selection-officielle-au-festival-cinemed-de-montpellier\/#primaryimage"},"thumbnailUrl":"","datePublished":"2021-10-01T17:49:12+00:00","dateModified":"2021-10-03T06:55:17+00:00","breadcrumb":{"@id":"https:\/\/kapitalis.com\/tunisie\/2021\/10\/01\/streams-du-cineaste-tunisien-mehdi-hmili-en-selection-officielle-au-festival-cinemed-de-montpellier\/#breadcrumb"},"inLanguage":"fr-FR","potentialAction":[{"@type":"ReadAction","target":["https:\/\/kapitalis.com\/tunisie\/2021\/10\/01\/streams-du-cineaste-tunisien-mehdi-hmili-en-selection-officielle-au-festival-cinemed-de-montpellier\/"]}]},{"@type":"ImageObject","inLanguage":"fr-FR","@id":"https:\/\/kapitalis.com\/tunisie\/2021\/10\/01\/streams-du-cineaste-tunisien-mehdi-hmili-en-selection-officielle-au-festival-cinemed-de-montpellier\/#primaryimage","url":"","contentUrl":""},{"@type":"BreadcrumbList","@id":"https:\/\/kapitalis.com\/tunisie\/2021\/10\/01\/streams-du-cineaste-tunisien-mehdi-hmili-en-selection-officielle-au-festival-cinemed-de-montpellier\/#breadcrumb","itemListElement":[{"@type":"ListItem","position":1,"name":"Accueil","item":"https:\/\/kapitalis.com\/tunisie\/"},{"@type":"ListItem","position":2,"name":"\u00abStreams\u00bb du cin\u00e9aste tunisien Mehdi Hmili en s\u00e9lection officielle au Festival Cinemed de Montpellier"}]},{"@type":"WebSite","@id":"https:\/\/kapitalis.com\/tunisie\/#website","url":"https:\/\/kapitalis.com\/tunisie\/","name":"Kapitalis","description":"L&#039;actualit\u00e9 en Tunisie et dans le monde","publisher":{"@id":"https:\/\/kapitalis.com\/tunisie\/#organization"},"potentialAction":[{"@type":"SearchAction","target":{"@type":"EntryPoint","urlTemplate":"https:\/\/kapitalis.com\/tunisie\/?s={search_term_string}"},"query-input":{"@type":"PropertyValueSpecification","valueRequired":true,"valueName":"search_term_string"}}],"inLanguage":"fr-FR"},{"@type":"Organization","@id":"https:\/\/kapitalis.com\/tunisie\/#organization","name":"Kapitalis","url":"https:\/\/kapitalis.com\/tunisie\/","logo":{"@type":"ImageObject","inLanguage":"fr-FR","@id":"https:\/\/kapitalis.com\/tunisie\/#\/schema\/logo\/image\/","url":"https:\/\/kapitalis.com\/tunisie\/wp-content\/uploads\/2022\/05\/Kapitalis-big-size.png","contentUrl":"https:\/\/kapitalis.com\/tunisie\/wp-content\/uploads\/2022\/05\/Kapitalis-big-size.png","width":5000,"height":1500,"caption":"Kapitalis"},"image":{"@id":"https:\/\/kapitalis.com\/tunisie\/#\/schema\/logo\/image\/"},"sameAs":["https:\/\/www.facebook.com\/KapitalisInfo\/","https:\/\/x.com\/KapitalisInfo","https:\/\/www.youtube.com\/channel\/UC-yDYrHyfFBWWZaOw3FPg9Q"]},{"@type":"Person","@id":"https:\/\/kapitalis.com\/tunisie\/#\/schema\/person\/74bbde0154d49d790a92aaeac5bc01d5","name":"Yusra NY","url":"https:\/\/kapitalis.com\/tunisie\/author\/yuza_adam\/"}]}},"_links":{"self":[{"href":"https:\/\/kapitalis.com\/tunisie\/wp-json\/wp\/v2\/posts\/364766","targetHints":{"allow":["GET"]}}],"collection":[{"href":"https:\/\/kapitalis.com\/tunisie\/wp-json\/wp\/v2\/posts"}],"about":[{"href":"https:\/\/kapitalis.com\/tunisie\/wp-json\/wp\/v2\/types\/post"}],"author":[{"embeddable":true,"href":"https:\/\/kapitalis.com\/tunisie\/wp-json\/wp\/v2\/users\/6"}],"replies":[{"embeddable":true,"href":"https:\/\/kapitalis.com\/tunisie\/wp-json\/wp\/v2\/comments?post=364766"}],"version-history":[{"count":0,"href":"https:\/\/kapitalis.com\/tunisie\/wp-json\/wp\/v2\/posts\/364766\/revisions"}],"wp:featuredmedia":[{"embeddable":true,"href":"https:\/\/kapitalis.com\/tunisie\/wp-json\/wp\/v2\/media\/364769"}],"wp:attachment":[{"href":"https:\/\/kapitalis.com\/tunisie\/wp-json\/wp\/v2\/media?parent=364766"}],"wp:term":[{"taxonomy":"category","embeddable":true,"href":"https:\/\/kapitalis.com\/tunisie\/wp-json\/wp\/v2\/categories?post=364766"},{"taxonomy":"post_tag","embeddable":true,"href":"https:\/\/kapitalis.com\/tunisie\/wp-json\/wp\/v2\/tags?post=364766"}],"curies":[{"name":"wp","href":"https:\/\/api.w.org\/{rel}","templated":true}]}}