{"id":364914,"date":"2021-10-03T11:52:19","date_gmt":"2021-10-03T10:52:19","guid":{"rendered":"http:\/\/kapitalis.com\/tunisie\/?p=364914"},"modified":"2021-10-03T12:12:49","modified_gmt":"2021-10-03T11:12:49","slug":"kais-saied-va-t-il-etre-accule-a-accepter-un-dialogue-national-sur-les-reformes-politiques","status":"publish","type":"post","link":"https:\/\/kapitalis.com\/tunisie\/2021\/10\/03\/kais-saied-va-t-il-etre-accule-a-accepter-un-dialogue-national-sur-les-reformes-politiques\/","title":{"rendered":"Ka\u00efs Sa\u00efed va-t-il \u00eatre accul\u00e9 \u00e0 accepter un dialogue national sur les r\u00e9formes politiques ?"},"content":{"rendered":"\n<div class=\"wp-block-image\"><figure class=\"aligncenter size-full\"><img decoding=\"async\" src=\"http:\/\/kapitalis.com\/tunisie\/wp-content\/uploads\/2021\/08\/Kais-Saied-Mohamed-Frikha.gif\" alt=\"\" class=\"wp-image-359405\"\/><figcaption><em>Kais Sa\u00efed va devoir rompre sa solitude. Son monologue a trop dur\u00e9. <\/em><\/figcaption><\/figure><\/div>\n\n\n\n<p><strong><em>Dans son entretien t\u00e9l\u00e9phonique hier, samedi 2 octobre 2021, avec son homologue fran\u00e7ais, Emmanuel Macron, le pr\u00e9sident de la r\u00e9publique Ka\u00efs Sa\u00efed aurait parl\u00e9 d&rsquo;un projet de \u00abdialogue national\u00bb qui serait bient\u00f4t lanc\u00e9 en Tunisie dans le cadre du \u00abprocessus institutionnel\u00bb inaugur\u00e9 par l&rsquo;annonce des \u00abmesures exceptionnelles\u00bb, le 25 juillet dernier. Ce dialogue, dont il avait longtemps \u00e9cart\u00e9 l&rsquo;id\u00e9e, aura-t-il finalement lieu et qui en seront les principaux acteurs?<\/em><\/strong><\/p>\n\n\n\n<p>Par<strong> Imed Bahri<\/strong><\/p>\n\n\n\n<!--more-->\n\n\n\n<p>Le plus grand probl\u00e8me avec le pr\u00e9sident de la r\u00e9publique Ka\u00efs Sa\u00efed ce sont ses cachotteries ou pour dire les choses en termes plus lisses, les carences de sa politique de communication, qui d&rsquo;ailleurs le desservent beaucoup et donnent du grain \u00e0 moudre \u00e0 ses adversaires. Encore faut-il qu&rsquo;il en soit conscient, or il n&rsquo;en donne pas l&rsquo;impression.<\/p>\n\n\n\n<p>On pourra toujours d\u00e9plorer le fait que, pr\u00e8s de deux ans apr\u00e8s son investiture, le chef de l\u2019\u00c9tat n&rsquo;ait pas encore jug\u00e9 utile voire n\u00e9cessaire de doter la pr\u00e9sidence de la r\u00e9publique sinon d&rsquo;un porte-parole pour porter la voix pr\u00e9sidentielle et dissiper les \u00e9ventuels confusions et malentendus que pourraient susciter ses d\u00e9clarations ou ses silences, et Dieu sait que ces derniers sont souvent assourdissants, du moins d&rsquo;un service de communication digne de ce nom, c&rsquo;est-\u00e0-dire disponible, r\u00e9actif, proactif s&rsquo;il le faut et qui maintienne des relations minimales avec les m\u00e9dias, locaux et \u00e9trangers.<\/p>\n\n\n\n<p>Le probl\u00e8me n&rsquo;est cependant pas l\u00e0 et on ne pourrait le solutionner par de simples r\u00e9glages pour ainsi techniques, en nommant un porte-parole ou en r\u00e9formant le service de communication en place au palais de Carthage. Car le probl\u00e8me r\u00e9side, en r\u00e9alit\u00e9, dans le temp\u00e9rament de M. Sa\u00efed, sa personnalit\u00e9 rev\u00eache, sa rigidit\u00e9 doctrinale et cette mani\u00e8re qu&rsquo;il a de consid\u00e9rer que les affaires de la pr\u00e9sidence de la r\u00e9publique sont <em>\u00abses\u00bb<\/em> affaires propres (et non celles de tout un pays et de douze millions de ses concitoyens) et que m\u00eame les journalistes n&rsquo;ont pas \u00e0 y fourrer leur nez.<\/p>\n\n\n\n<h2 class=\"wp-block-heading\">Une communication insuffisante, partielle et tronqu\u00e9e <\/h2>\n\n\n\n<p>M. Sa\u00efed a du mal \u00e0 admettre, \u00e9galement, que les Tunisiens ne sont pas de simples sujets qui doivent subir ses d\u00e9cisions et y applaudir \u00e0 tout rompre le cas \u00e9ch\u00e9ant, mais des administr\u00e9s et des \u00e9lecteurs, qui sont l\u00e9galement ses \u00e9gaux et, de ce fait, en droit, en tant que citoyens d&rsquo;une r\u00e9publique, de lui demander sinon des comptes du moins des explications de ses faits et gestes, car ces faits et ces gestes les engagent aussi et engagent leur avenir et celui de leurs enfants.<\/p>\n\n\n\n<p>Cette longue r\u00e9flexion nous a \u00e9t\u00e9 inspir\u00e9e par les carences que nous ne cessons de relever dans la communication pr\u00e9sidentielle&nbsp;: trop insuffisante, trop partielle et trop orient\u00e9e pour \u00eatre un tant soit peu cr\u00e9dible. Non seulement le palais de Carthage refuse de communiquer avec les m\u00e9dias nationaux et M. Sa\u00efed ne donne des entretiens, assez rarement du reste, qu&rsquo;aux m\u00e9dias \u00e9trangers (allez comprendre pourquoi!), mais on est souvent oblig\u00e9s d&rsquo;aller chercher l&rsquo;information juste et compl\u00e8te sur le contenu de ses entretiens avec les responsables \u00e9trangers dans les sources ext\u00e9rieures, la pr\u00e9sidence de la r\u00e9publique en donnant souvent sur son site web une version tronqu\u00e9e, ne rapportant que ce que M. Sa\u00efed a bien voulu retenir de ses entretiens ou ce qu&rsquo;il croit devoir en transmettre aux Tunisiens, comme si ces derniers \u00e9taient des mineurs dont on doit m\u00e9nager l&rsquo;intelligence et la sensibilit\u00e9.<\/p>\n\n\n\n<p>Ainsi, de l&rsquo;entretien t\u00e9l\u00e9phonique de M. Sa\u00efed avec son homologue fran\u00e7ais Emmanuel Macron, hier, samedi 2 octobre 2021, le palais de Carthage a retenu qu&rsquo;il a port\u00e9 sur <em>\u00abla coop\u00e9ration entre la Tunisie et la France dans les divers domaines et les pr\u00e9paratifs du XVIIIe Sommet de la Francophonie, pr\u00e9vu en novembre prochain \u00e0 Djerba\u00bb.<\/em><\/p>\n\n\n\n<p>Carthage rapporte aussi que M. Sa\u00efed a <em>\u00abregrett\u00e9 la d\u00e9cision de Paris de baisser le nombre de visas d\u00e9livr\u00e9s aux Tunisiens\u00bb<\/em> et que M. Macron <em>\u00aba affirm\u00e9 que cette mesure est susceptible d&rsquo;\u00eatre r\u00e9vis\u00e9e.\u00bb<\/em><\/p>\n\n\n\n<p>S&rsquo;agissant de la question de la migration irr\u00e9guli\u00e8re, le pr\u00e9sident Sa\u00efed a indiqu\u00e9 que ce dossier <em>\u00abne peut \u00eatre trait\u00e9 que sur la base d&rsquo;une nouvelle approche\u00bb<\/em>, assurant que Tunis se penchera dessus apr\u00e8s la formation du gouvernement.<\/p>\n\n\n\n<p>Le pr\u00e9sident Sa\u00efed s&rsquo;est d&rsquo;autre part f\u00e9licit\u00e9 de la nette am\u00e9lioration de la situation sanitaire en Tunisie, une am\u00e9lioration r\u00e9alis\u00e9e selon lui <em>\u00abgr\u00e2ce aux efforts entrepris au niveau international et \u00e0 l&rsquo;appui des pays fr\u00e8res et amis qui a permis d&rsquo;endiguer la propagation de la pand\u00e9mie de Covid-19\u00bb.<\/em><\/p>\n\n\n\n<h2 class=\"wp-block-heading\">Un dialogue national&nbsp;avec qui et pour quoi faire ?<\/h2>\n\n\n\n<p>La version donn\u00e9e par l\u2019\u00c9lys\u00e9e de l&rsquo;entretien entre les chefs d\u2019\u00c9tat tunisien et fran\u00e7ais est \u2013 et pas que l\u00e9g\u00e8rement \u2013 diff\u00e9rent et il semble m\u00eame plus juste et plus complet que celle diffus\u00e9e par Carthage. Lors de cet entretien, M. Macron a indiqu\u00e9 qu\u2019il <em>\u00absuivait avec la plus grande attention la situation politique, \u00e9conomique, sociale et sanitaire de la Tunisie\u00bb<\/em>, tout en rappelant <em>\u00abson souhait que la Tunisie soit en mesure de r\u00e9pondre rapidement \u00e0 l\u2019ensemble des d\u00e9fis auxquels elle \u00e9tait confront\u00e9e\u00bb<\/em>, et affirmant que la France se tient aux c\u00f4t\u00e9s du peuple tunisien et qu&rsquo;elle poursuivra son appui \u00e0 la Tunisie.<\/p>\n\n\n\n<p>Toujours selon le <a href=\"http:\/\/kapitalis.com\/tunisie\/2021\/10\/02\/entretien-entre-saied-et-macron-le-gouvernement-bientot-forme-et-un-dialogue-national-attendu-dans-la-foulee\/\" target=\"_blank\" rel=\"noreferrer noopener\">communiqu\u00e9 de l\u2019\u00c9lys\u00e9e<\/a>, le pr\u00e9sident fran\u00e7ais a \u00e9voqu\u00e9 <em>\u00able calendrier institutionnel attendu par la population tunisienne et la communaut\u00e9 internationale\u00bb<\/em> et a exprim\u00e9 son attachement \u00e0 la mise en place d\u2019un <em>\u00abdialogue, associant les diff\u00e9rentes composantes de la population tunisienne, sur les r\u00e9formes institutionnelles envisag\u00e9es\u00bb<\/em>.<\/p>\n\n\n\n<p>De son c\u00f4t\u00e9, le pr\u00e9sident tunisien a indiqu\u00e9 que <em>\u00able gouvernement serait form\u00e9 dans les prochains jours et qu\u2019un dialogue national serait lanc\u00e9 dans la foul\u00e9e. Il a rappel\u00e9 son attachement \u00e0 l\u2019\u00c9tat de droit\u00bb,<\/em> ajoute le communiqu\u00e9 de l\u2019\u00c9lys\u00e9e.<\/p>\n\n\n\n<p>Outre qu&rsquo;aucun mot n&rsquo;a \u00e9t\u00e9 dit par l&rsquo;Elys\u00e9e sur les <em>\u00abregrets\u00bb<\/em> du pr\u00e9sident Sa\u00efed <em><a href=\"http:\/\/kapitalis.com\/tunisie\/2021\/10\/02\/kais-saied-discute-avec-emmanuel-macron-sur-la-reduction-du-nombre-de-visas-accordes-aux-tunisiens\/\" target=\"_blank\" rel=\"noreferrer noopener\">\u00abquant \u00e0 la r\u00e9duction du nombre de visas accord\u00e9s aux Tunisiens\u00bb<\/a><\/em> ni du fait que le pr\u00e9sident Macron ait affirm\u00e9 que <em>\u00abcette mesure est sujette \u00e0 r\u00e9vision\u00bb<\/em>, ce qui nous interpelle le plus c&rsquo;est le silence du palais de Carthage sur le <em>\u00abdialogue national sur les r\u00e9formes institutionnelles envisag\u00e9es\u00bb\u00bb <\/em>qui serait lanc\u00e9 apr\u00e8s la formation du gouvernement et qui devrait associer <em>\u00ables diff\u00e9rentes composantes de la population tunisienne\u00bb<\/em>.<\/p>\n\n\n\n<p>Pourquoi ce silence&nbsp;de Carthage ? Et que doit-on en comprendre&nbsp;? Que l&rsquo;id\u00e9e de ce dialogue a \u00e9t\u00e9 <em>\u00absouffl\u00e9e\u00bb<\/em> par M. Macron et retenue, \u00e0 contre-c\u0153ur, par M. Sa\u00efed, qui, n&rsquo;en \u00e9tant pas vraiment convaincu, l&rsquo;a tr\u00e8s vite oubli\u00e9e&nbsp;? Doit-on consid\u00e9rer que cette promesse de <em>\u00abdialogue\u00bb<\/em> n&rsquo;engage que ceux qui y croient et que ce <em>\u00abdialogue\u00bb<\/em>, dont l&rsquo;id\u00e9e a \u00e9t\u00e9 vaguement \u00e9voqu\u00e9e dans un entretien t\u00e9l\u00e9phonique, n&rsquo;aura jamais lieu&nbsp;et que le calendrier de M. Sa\u00efed contient d&rsquo;autres urgences ? Sinon pourquoi le pr\u00e9sident en discute avec ses interlocuteurs \u00e9trangers et ne croit pas devoir en parler aux premiers concern\u00e9s, les Tunisiens, qui ne cessent pourtant d&rsquo;appeler \u00e0 sa tenue&nbsp;? Selon les termes du communiqu\u00e9 \u00e9lys\u00e9en, ce <em>\u00abdialogue\u00bb<\/em> devrait associer <em>\u00ables diff\u00e9rentes composantes de la population tunisienne\u00bb<\/em>. Est-ce \u00e0 dire que les partis et les organisations nationales n&rsquo;y seront pas associ\u00e9s, puisque la formulation choisie les \u00e9vacue totalement&nbsp;? Si c&rsquo;est le cas, qui va repr\u00e9senter <em>\u00ables diff\u00e9rentes composantes de la population tunisienne\u00bb&nbsp;?<\/em><\/p>\n\n\n\n<p>Comme on le voit, il y a \u00e0 ce sujet qui engage l&rsquo;avenir de douze millions de Tunisiens trop de non-dits et d&rsquo;ambigu\u00eft\u00e9s que la pr\u00e9sidence de la r\u00e9publique serait bien inspir\u00e9e de clarifier pour dissiper les malentendus et les confusions qui pourraient en na\u00eetre et empoisonner la vie de la nation, laquelle a d\u00e9j\u00e0 fort \u00e0 faire avec la crise \u00e9conomique et sociale et les graves difficult\u00e9s de ses finances publiques.<\/p>\n\n\n\n<h4 class=\"wp-block-heading\"><em>Articles li\u00e9s: <\/em><\/h4>\n\n\n\n<p><blockquote class=\"wp-embedded-content\" data-secret=\"Mgg0J3jmb5\"><a href=\"https:\/\/kapitalis.com\/tunisie\/2021\/10\/02\/entretien-entre-saied-et-macron-le-gouvernement-bientot-forme-et-un-dialogue-national-attendu-dans-la-foulee\/\">Entretien entre Sa\u00efed et Macron : Le gouvernement bient\u00f4t form\u00e9 et un dialogue national attendu dans la foul\u00e9e<\/a><\/blockquote><iframe loading=\"lazy\" class=\"wp-embedded-content\" sandbox=\"allow-scripts\" security=\"restricted\" style=\"position: absolute; clip: rect(1px, 1px, 1px, 1px);\" title=\"\u00ab\u00a0Entretien entre Sa\u00efed et Macron : Le gouvernement bient\u00f4t form\u00e9 et un dialogue national attendu dans la foul\u00e9e\u00a0\u00bb &#8212; Kapitalis\" src=\"https:\/\/kapitalis.com\/tunisie\/2021\/10\/02\/entretien-entre-saied-et-macron-le-gouvernement-bientot-forme-et-un-dialogue-national-attendu-dans-la-foulee\/embed\/#?secret=GCLZqLiMkE#?secret=Mgg0J3jmb5\" data-secret=\"Mgg0J3jmb5\" width=\"600\" height=\"338\" frameborder=\"0\" marginwidth=\"0\" marginheight=\"0\" scrolling=\"no\"><\/iframe><\/p>\n\n\n\n<p><blockquote class=\"wp-embedded-content\" data-secret=\"YXh7vZlh3C\"><a href=\"https:\/\/kapitalis.com\/tunisie\/2021\/10\/02\/kais-saied-discute-avec-emmanuel-macron-sur-la-reduction-du-nombre-de-visas-accordes-aux-tunisiens\/\">Ka\u00efs Sa\u00efed discute avec Emmanuel Macron sur la r\u00e9duction du nombre de visas accord\u00e9s aux Tunisiens<\/a><\/blockquote><iframe loading=\"lazy\" class=\"wp-embedded-content\" sandbox=\"allow-scripts\" security=\"restricted\" style=\"position: absolute; clip: rect(1px, 1px, 1px, 1px);\" title=\"\u00ab\u00a0Ka\u00efs Sa\u00efed discute avec Emmanuel Macron sur la r\u00e9duction du nombre de visas accord\u00e9s aux Tunisiens\u00a0\u00bb &#8212; Kapitalis\" src=\"https:\/\/kapitalis.com\/tunisie\/2021\/10\/02\/kais-saied-discute-avec-emmanuel-macron-sur-la-reduction-du-nombre-de-visas-accordes-aux-tunisiens\/embed\/#?secret=gIreovFSmw#?secret=YXh7vZlh3C\" data-secret=\"YXh7vZlh3C\" width=\"600\" height=\"338\" frameborder=\"0\" marginwidth=\"0\" marginheight=\"0\" scrolling=\"no\"><\/iframe><\/p>\n","protected":false},"excerpt":{"rendered":"<p>Dans son entretien t\u00e9l\u00e9phonique hier, samedi 2 octobre 2021, avec son homologue fran\u00e7ais, Emmanuel Macron, le pr\u00e9sident de la r\u00e9publique Ka\u00efs Sa\u00efed aurait parl\u00e9 d&rsquo;un projet de \u00abdialogue national\u00bb qui serait bient\u00f4t lanc\u00e9 en Tunisie dans le cadre du \u00abprocessus institutionnel\u00bb inaugur\u00e9 par l&rsquo;annonce des \u00abmesures exceptionnelles\u00bb, le 25 juillet dernier. Ce dialogue, dont il&#8230;<\/p>\n","protected":false},"author":8,"featured_media":0,"comment_status":"open","ping_status":"open","sticky":false,"template":"","format":"standard","meta":{"footnotes":""},"categories":[992,997,2433],"tags":[2447,19579,395,93538,62643],"class_list":["post-364914","post","type-post","status-publish","format-standard","hentry","category-a-la-une","category-politique","category-tunisie","tag-dialogue-national","tag-emmanuel-macron","tag-france","tag-reformes-politiques","tag-tunisie"],"yoast_head":"<!-- This site is optimized with the Yoast SEO plugin v26.6 - https:\/\/yoast.com\/wordpress\/plugins\/seo\/ -->\n<title>Ka\u00efs Sa\u00efed va-t-il \u00eatre accul\u00e9 \u00e0 accepter un dialogue national sur les r\u00e9formes politiques ? - Kapitalis<\/title>\n<meta name=\"robots\" content=\"index, follow, max-snippet:-1, max-image-preview:large, max-video-preview:-1\" \/>\n<link rel=\"canonical\" href=\"https:\/\/kapitalis.com\/tunisie\/2021\/10\/03\/kais-saied-va-t-il-etre-accule-a-accepter-un-dialogue-national-sur-les-reformes-politiques\/\" \/>\n<meta property=\"og:locale\" content=\"fr_FR\" \/>\n<meta property=\"og:type\" content=\"article\" \/>\n<meta property=\"og:title\" content=\"Ka\u00efs Sa\u00efed va-t-il \u00eatre accul\u00e9 \u00e0 accepter un dialogue national sur les r\u00e9formes politiques ? - Kapitalis\" \/>\n<meta property=\"og:description\" content=\"Dans son entretien t\u00e9l\u00e9phonique hier, samedi 2 octobre 2021, avec son homologue fran\u00e7ais, Emmanuel Macron, le pr\u00e9sident de la r\u00e9publique Ka\u00efs Sa\u00efed aurait parl\u00e9 d&rsquo;un projet de \u00abdialogue national\u00bb qui serait bient\u00f4t lanc\u00e9 en Tunisie dans le cadre du \u00abprocessus institutionnel\u00bb inaugur\u00e9 par l&rsquo;annonce des \u00abmesures exceptionnelles\u00bb, le 25 juillet dernier. Ce dialogue, dont il...\" \/>\n<meta property=\"og:url\" content=\"https:\/\/kapitalis.com\/tunisie\/2021\/10\/03\/kais-saied-va-t-il-etre-accule-a-accepter-un-dialogue-national-sur-les-reformes-politiques\/\" \/>\n<meta property=\"og:site_name\" content=\"Kapitalis\" \/>\n<meta property=\"article:publisher\" content=\"https:\/\/www.facebook.com\/KapitalisInfo\/\" \/>\n<meta property=\"article:published_time\" content=\"2021-10-03T10:52:19+00:00\" \/>\n<meta property=\"article:modified_time\" content=\"2021-10-03T11:12:49+00:00\" \/>\n<meta property=\"og:image\" content=\"http:\/\/kapitalis.com\/tunisie\/wp-content\/uploads\/2021\/08\/Kais-Saied-Mohamed-Frikha.gif\" \/>\n<meta name=\"author\" content=\"webmaster kapitalis\" \/>\n<meta name=\"twitter:card\" content=\"summary_large_image\" \/>\n<meta name=\"twitter:creator\" content=\"@KapitalisInfo\" \/>\n<meta name=\"twitter:site\" content=\"@KapitalisInfo\" \/>\n<meta name=\"twitter:label1\" content=\"\u00c9crit par\" \/>\n\t<meta name=\"twitter:data1\" content=\"webmaster kapitalis\" \/>\n\t<meta name=\"twitter:label2\" content=\"Dur\u00e9e de lecture estim\u00e9e\" \/>\n\t<meta name=\"twitter:data2\" content=\"7 minutes\" \/>\n<script type=\"application\/ld+json\" class=\"yoast-schema-graph\">{\"@context\":\"https:\/\/schema.org\",\"@graph\":[{\"@type\":\"Article\",\"@id\":\"https:\/\/kapitalis.com\/tunisie\/2021\/10\/03\/kais-saied-va-t-il-etre-accule-a-accepter-un-dialogue-national-sur-les-reformes-politiques\/#article\",\"isPartOf\":{\"@id\":\"https:\/\/kapitalis.com\/tunisie\/2021\/10\/03\/kais-saied-va-t-il-etre-accule-a-accepter-un-dialogue-national-sur-les-reformes-politiques\/\"},\"author\":{\"name\":\"webmaster kapitalis\",\"@id\":\"https:\/\/kapitalis.com\/tunisie\/#\/schema\/person\/d71f33a9ca44f7bad4698210b480c8e9\"},\"headline\":\"Ka\u00efs Sa\u00efed va-t-il \u00eatre accul\u00e9 \u00e0 accepter un dialogue national sur les r\u00e9formes politiques ?\",\"datePublished\":\"2021-10-03T10:52:19+00:00\",\"dateModified\":\"2021-10-03T11:12:49+00:00\",\"mainEntityOfPage\":{\"@id\":\"https:\/\/kapitalis.com\/tunisie\/2021\/10\/03\/kais-saied-va-t-il-etre-accule-a-accepter-un-dialogue-national-sur-les-reformes-politiques\/\"},\"wordCount\":1435,\"commentCount\":3,\"publisher\":{\"@id\":\"https:\/\/kapitalis.com\/tunisie\/#organization\"},\"image\":{\"@id\":\"https:\/\/kapitalis.com\/tunisie\/2021\/10\/03\/kais-saied-va-t-il-etre-accule-a-accepter-un-dialogue-national-sur-les-reformes-politiques\/#primaryimage\"},\"thumbnailUrl\":\"http:\/\/kapitalis.com\/tunisie\/wp-content\/uploads\/2021\/08\/Kais-Saied-Mohamed-Frikha.gif\",\"keywords\":[\"dialogue national\",\"Emmanuel Macron\",\"France\",\"r\u00e9formes politiques\",\"Tunisie\"],\"articleSection\":[\"A LA UNE\",\"POLITIQUE\",\"Tunisie\"],\"inLanguage\":\"fr-FR\",\"potentialAction\":[{\"@type\":\"CommentAction\",\"name\":\"Comment\",\"target\":[\"https:\/\/kapitalis.com\/tunisie\/2021\/10\/03\/kais-saied-va-t-il-etre-accule-a-accepter-un-dialogue-national-sur-les-reformes-politiques\/#respond\"]}]},{\"@type\":\"WebPage\",\"@id\":\"https:\/\/kapitalis.com\/tunisie\/2021\/10\/03\/kais-saied-va-t-il-etre-accule-a-accepter-un-dialogue-national-sur-les-reformes-politiques\/\",\"url\":\"https:\/\/kapitalis.com\/tunisie\/2021\/10\/03\/kais-saied-va-t-il-etre-accule-a-accepter-un-dialogue-national-sur-les-reformes-politiques\/\",\"name\":\"Ka\u00efs Sa\u00efed va-t-il \u00eatre accul\u00e9 \u00e0 accepter un dialogue national sur les r\u00e9formes politiques ? - Kapitalis\",\"isPartOf\":{\"@id\":\"https:\/\/kapitalis.com\/tunisie\/#website\"},\"primaryImageOfPage\":{\"@id\":\"https:\/\/kapitalis.com\/tunisie\/2021\/10\/03\/kais-saied-va-t-il-etre-accule-a-accepter-un-dialogue-national-sur-les-reformes-politiques\/#primaryimage\"},\"image\":{\"@id\":\"https:\/\/kapitalis.com\/tunisie\/2021\/10\/03\/kais-saied-va-t-il-etre-accule-a-accepter-un-dialogue-national-sur-les-reformes-politiques\/#primaryimage\"},\"thumbnailUrl\":\"http:\/\/kapitalis.com\/tunisie\/wp-content\/uploads\/2021\/08\/Kais-Saied-Mohamed-Frikha.gif\",\"datePublished\":\"2021-10-03T10:52:19+00:00\",\"dateModified\":\"2021-10-03T11:12:49+00:00\",\"breadcrumb\":{\"@id\":\"https:\/\/kapitalis.com\/tunisie\/2021\/10\/03\/kais-saied-va-t-il-etre-accule-a-accepter-un-dialogue-national-sur-les-reformes-politiques\/#breadcrumb\"},\"inLanguage\":\"fr-FR\",\"potentialAction\":[{\"@type\":\"ReadAction\",\"target\":[\"https:\/\/kapitalis.com\/tunisie\/2021\/10\/03\/kais-saied-va-t-il-etre-accule-a-accepter-un-dialogue-national-sur-les-reformes-politiques\/\"]}]},{\"@type\":\"ImageObject\",\"inLanguage\":\"fr-FR\",\"@id\":\"https:\/\/kapitalis.com\/tunisie\/2021\/10\/03\/kais-saied-va-t-il-etre-accule-a-accepter-un-dialogue-national-sur-les-reformes-politiques\/#primaryimage\",\"url\":\"\",\"contentUrl\":\"\"},{\"@type\":\"BreadcrumbList\",\"@id\":\"https:\/\/kapitalis.com\/tunisie\/2021\/10\/03\/kais-saied-va-t-il-etre-accule-a-accepter-un-dialogue-national-sur-les-reformes-politiques\/#breadcrumb\",\"itemListElement\":[{\"@type\":\"ListItem\",\"position\":1,\"name\":\"Accueil\",\"item\":\"https:\/\/kapitalis.com\/tunisie\/\"},{\"@type\":\"ListItem\",\"position\":2,\"name\":\"Ka\u00efs Sa\u00efed va-t-il \u00eatre accul\u00e9 \u00e0 accepter un dialogue national sur les r\u00e9formes politiques ?\"}]},{\"@type\":\"WebSite\",\"@id\":\"https:\/\/kapitalis.com\/tunisie\/#website\",\"url\":\"https:\/\/kapitalis.com\/tunisie\/\",\"name\":\"Kapitalis\",\"description\":\"L&#039;actualit\u00e9 en Tunisie et dans le monde\",\"publisher\":{\"@id\":\"https:\/\/kapitalis.com\/tunisie\/#organization\"},\"potentialAction\":[{\"@type\":\"SearchAction\",\"target\":{\"@type\":\"EntryPoint\",\"urlTemplate\":\"https:\/\/kapitalis.com\/tunisie\/?s={search_term_string}\"},\"query-input\":{\"@type\":\"PropertyValueSpecification\",\"valueRequired\":true,\"valueName\":\"search_term_string\"}}],\"inLanguage\":\"fr-FR\"},{\"@type\":\"Organization\",\"@id\":\"https:\/\/kapitalis.com\/tunisie\/#organization\",\"name\":\"Kapitalis\",\"url\":\"https:\/\/kapitalis.com\/tunisie\/\",\"logo\":{\"@type\":\"ImageObject\",\"inLanguage\":\"fr-FR\",\"@id\":\"https:\/\/kapitalis.com\/tunisie\/#\/schema\/logo\/image\/\",\"url\":\"https:\/\/kapitalis.com\/tunisie\/wp-content\/uploads\/2022\/05\/Kapitalis-big-size.png\",\"contentUrl\":\"https:\/\/kapitalis.com\/tunisie\/wp-content\/uploads\/2022\/05\/Kapitalis-big-size.png\",\"width\":5000,\"height\":1500,\"caption\":\"Kapitalis\"},\"image\":{\"@id\":\"https:\/\/kapitalis.com\/tunisie\/#\/schema\/logo\/image\/\"},\"sameAs\":[\"https:\/\/www.facebook.com\/KapitalisInfo\/\",\"https:\/\/x.com\/KapitalisInfo\",\"https:\/\/www.youtube.com\/channel\/UC-yDYrHyfFBWWZaOw3FPg9Q\"]},{\"@type\":\"Person\",\"@id\":\"https:\/\/kapitalis.com\/tunisie\/#\/schema\/person\/d71f33a9ca44f7bad4698210b480c8e9\",\"name\":\"webmaster kapitalis\",\"url\":\"https:\/\/kapitalis.com\/tunisie\/author\/webmaster-kapitalis\/\"}]}<\/script>\n<!-- \/ Yoast SEO plugin. -->","yoast_head_json":{"title":"Ka\u00efs Sa\u00efed va-t-il \u00eatre accul\u00e9 \u00e0 accepter un dialogue national sur les r\u00e9formes politiques ? - Kapitalis","robots":{"index":"index","follow":"follow","max-snippet":"max-snippet:-1","max-image-preview":"max-image-preview:large","max-video-preview":"max-video-preview:-1"},"canonical":"https:\/\/kapitalis.com\/tunisie\/2021\/10\/03\/kais-saied-va-t-il-etre-accule-a-accepter-un-dialogue-national-sur-les-reformes-politiques\/","og_locale":"fr_FR","og_type":"article","og_title":"Ka\u00efs Sa\u00efed va-t-il \u00eatre accul\u00e9 \u00e0 accepter un dialogue national sur les r\u00e9formes politiques ? - Kapitalis","og_description":"Dans son entretien t\u00e9l\u00e9phonique hier, samedi 2 octobre 2021, avec son homologue fran\u00e7ais, Emmanuel Macron, le pr\u00e9sident de la r\u00e9publique Ka\u00efs Sa\u00efed aurait parl\u00e9 d&rsquo;un projet de \u00abdialogue national\u00bb qui serait bient\u00f4t lanc\u00e9 en Tunisie dans le cadre du \u00abprocessus institutionnel\u00bb inaugur\u00e9 par l&rsquo;annonce des \u00abmesures exceptionnelles\u00bb, le 25 juillet dernier. Ce dialogue, dont il...","og_url":"https:\/\/kapitalis.com\/tunisie\/2021\/10\/03\/kais-saied-va-t-il-etre-accule-a-accepter-un-dialogue-national-sur-les-reformes-politiques\/","og_site_name":"Kapitalis","article_publisher":"https:\/\/www.facebook.com\/KapitalisInfo\/","article_published_time":"2021-10-03T10:52:19+00:00","article_modified_time":"2021-10-03T11:12:49+00:00","og_image":[{"url":"http:\/\/kapitalis.com\/tunisie\/wp-content\/uploads\/2021\/08\/Kais-Saied-Mohamed-Frikha.gif","type":"","width":"","height":""}],"author":"webmaster kapitalis","twitter_card":"summary_large_image","twitter_creator":"@KapitalisInfo","twitter_site":"@KapitalisInfo","twitter_misc":{"\u00c9crit par":"webmaster kapitalis","Dur\u00e9e de lecture estim\u00e9e":"7 minutes"},"schema":{"@context":"https:\/\/schema.org","@graph":[{"@type":"Article","@id":"https:\/\/kapitalis.com\/tunisie\/2021\/10\/03\/kais-saied-va-t-il-etre-accule-a-accepter-un-dialogue-national-sur-les-reformes-politiques\/#article","isPartOf":{"@id":"https:\/\/kapitalis.com\/tunisie\/2021\/10\/03\/kais-saied-va-t-il-etre-accule-a-accepter-un-dialogue-national-sur-les-reformes-politiques\/"},"author":{"name":"webmaster kapitalis","@id":"https:\/\/kapitalis.com\/tunisie\/#\/schema\/person\/d71f33a9ca44f7bad4698210b480c8e9"},"headline":"Ka\u00efs Sa\u00efed va-t-il \u00eatre accul\u00e9 \u00e0 accepter un dialogue national sur les r\u00e9formes politiques ?","datePublished":"2021-10-03T10:52:19+00:00","dateModified":"2021-10-03T11:12:49+00:00","mainEntityOfPage":{"@id":"https:\/\/kapitalis.com\/tunisie\/2021\/10\/03\/kais-saied-va-t-il-etre-accule-a-accepter-un-dialogue-national-sur-les-reformes-politiques\/"},"wordCount":1435,"commentCount":3,"publisher":{"@id":"https:\/\/kapitalis.com\/tunisie\/#organization"},"image":{"@id":"https:\/\/kapitalis.com\/tunisie\/2021\/10\/03\/kais-saied-va-t-il-etre-accule-a-accepter-un-dialogue-national-sur-les-reformes-politiques\/#primaryimage"},"thumbnailUrl":"http:\/\/kapitalis.com\/tunisie\/wp-content\/uploads\/2021\/08\/Kais-Saied-Mohamed-Frikha.gif","keywords":["dialogue national","Emmanuel Macron","France","r\u00e9formes politiques","Tunisie"],"articleSection":["A LA UNE","POLITIQUE","Tunisie"],"inLanguage":"fr-FR","potentialAction":[{"@type":"CommentAction","name":"Comment","target":["https:\/\/kapitalis.com\/tunisie\/2021\/10\/03\/kais-saied-va-t-il-etre-accule-a-accepter-un-dialogue-national-sur-les-reformes-politiques\/#respond"]}]},{"@type":"WebPage","@id":"https:\/\/kapitalis.com\/tunisie\/2021\/10\/03\/kais-saied-va-t-il-etre-accule-a-accepter-un-dialogue-national-sur-les-reformes-politiques\/","url":"https:\/\/kapitalis.com\/tunisie\/2021\/10\/03\/kais-saied-va-t-il-etre-accule-a-accepter-un-dialogue-national-sur-les-reformes-politiques\/","name":"Ka\u00efs Sa\u00efed va-t-il \u00eatre accul\u00e9 \u00e0 accepter un dialogue national sur les r\u00e9formes politiques ? - Kapitalis","isPartOf":{"@id":"https:\/\/kapitalis.com\/tunisie\/#website"},"primaryImageOfPage":{"@id":"https:\/\/kapitalis.com\/tunisie\/2021\/10\/03\/kais-saied-va-t-il-etre-accule-a-accepter-un-dialogue-national-sur-les-reformes-politiques\/#primaryimage"},"image":{"@id":"https:\/\/kapitalis.com\/tunisie\/2021\/10\/03\/kais-saied-va-t-il-etre-accule-a-accepter-un-dialogue-national-sur-les-reformes-politiques\/#primaryimage"},"thumbnailUrl":"http:\/\/kapitalis.com\/tunisie\/wp-content\/uploads\/2021\/08\/Kais-Saied-Mohamed-Frikha.gif","datePublished":"2021-10-03T10:52:19+00:00","dateModified":"2021-10-03T11:12:49+00:00","breadcrumb":{"@id":"https:\/\/kapitalis.com\/tunisie\/2021\/10\/03\/kais-saied-va-t-il-etre-accule-a-accepter-un-dialogue-national-sur-les-reformes-politiques\/#breadcrumb"},"inLanguage":"fr-FR","potentialAction":[{"@type":"ReadAction","target":["https:\/\/kapitalis.com\/tunisie\/2021\/10\/03\/kais-saied-va-t-il-etre-accule-a-accepter-un-dialogue-national-sur-les-reformes-politiques\/"]}]},{"@type":"ImageObject","inLanguage":"fr-FR","@id":"https:\/\/kapitalis.com\/tunisie\/2021\/10\/03\/kais-saied-va-t-il-etre-accule-a-accepter-un-dialogue-national-sur-les-reformes-politiques\/#primaryimage","url":"","contentUrl":""},{"@type":"BreadcrumbList","@id":"https:\/\/kapitalis.com\/tunisie\/2021\/10\/03\/kais-saied-va-t-il-etre-accule-a-accepter-un-dialogue-national-sur-les-reformes-politiques\/#breadcrumb","itemListElement":[{"@type":"ListItem","position":1,"name":"Accueil","item":"https:\/\/kapitalis.com\/tunisie\/"},{"@type":"ListItem","position":2,"name":"Ka\u00efs Sa\u00efed va-t-il \u00eatre accul\u00e9 \u00e0 accepter un dialogue national sur les r\u00e9formes politiques ?"}]},{"@type":"WebSite","@id":"https:\/\/kapitalis.com\/tunisie\/#website","url":"https:\/\/kapitalis.com\/tunisie\/","name":"Kapitalis","description":"L&#039;actualit\u00e9 en Tunisie et dans le monde","publisher":{"@id":"https:\/\/kapitalis.com\/tunisie\/#organization"},"potentialAction":[{"@type":"SearchAction","target":{"@type":"EntryPoint","urlTemplate":"https:\/\/kapitalis.com\/tunisie\/?s={search_term_string}"},"query-input":{"@type":"PropertyValueSpecification","valueRequired":true,"valueName":"search_term_string"}}],"inLanguage":"fr-FR"},{"@type":"Organization","@id":"https:\/\/kapitalis.com\/tunisie\/#organization","name":"Kapitalis","url":"https:\/\/kapitalis.com\/tunisie\/","logo":{"@type":"ImageObject","inLanguage":"fr-FR","@id":"https:\/\/kapitalis.com\/tunisie\/#\/schema\/logo\/image\/","url":"https:\/\/kapitalis.com\/tunisie\/wp-content\/uploads\/2022\/05\/Kapitalis-big-size.png","contentUrl":"https:\/\/kapitalis.com\/tunisie\/wp-content\/uploads\/2022\/05\/Kapitalis-big-size.png","width":5000,"height":1500,"caption":"Kapitalis"},"image":{"@id":"https:\/\/kapitalis.com\/tunisie\/#\/schema\/logo\/image\/"},"sameAs":["https:\/\/www.facebook.com\/KapitalisInfo\/","https:\/\/x.com\/KapitalisInfo","https:\/\/www.youtube.com\/channel\/UC-yDYrHyfFBWWZaOw3FPg9Q"]},{"@type":"Person","@id":"https:\/\/kapitalis.com\/tunisie\/#\/schema\/person\/d71f33a9ca44f7bad4698210b480c8e9","name":"webmaster kapitalis","url":"https:\/\/kapitalis.com\/tunisie\/author\/webmaster-kapitalis\/"}]}},"_links":{"self":[{"href":"https:\/\/kapitalis.com\/tunisie\/wp-json\/wp\/v2\/posts\/364914","targetHints":{"allow":["GET"]}}],"collection":[{"href":"https:\/\/kapitalis.com\/tunisie\/wp-json\/wp\/v2\/posts"}],"about":[{"href":"https:\/\/kapitalis.com\/tunisie\/wp-json\/wp\/v2\/types\/post"}],"author":[{"embeddable":true,"href":"https:\/\/kapitalis.com\/tunisie\/wp-json\/wp\/v2\/users\/8"}],"replies":[{"embeddable":true,"href":"https:\/\/kapitalis.com\/tunisie\/wp-json\/wp\/v2\/comments?post=364914"}],"version-history":[{"count":0,"href":"https:\/\/kapitalis.com\/tunisie\/wp-json\/wp\/v2\/posts\/364914\/revisions"}],"wp:attachment":[{"href":"https:\/\/kapitalis.com\/tunisie\/wp-json\/wp\/v2\/media?parent=364914"}],"wp:term":[{"taxonomy":"category","embeddable":true,"href":"https:\/\/kapitalis.com\/tunisie\/wp-json\/wp\/v2\/categories?post=364914"},{"taxonomy":"post_tag","embeddable":true,"href":"https:\/\/kapitalis.com\/tunisie\/wp-json\/wp\/v2\/tags?post=364914"}],"curies":[{"name":"wp","href":"https:\/\/api.w.org\/{rel}","templated":true}]}}