{"id":3650,"date":"2015-06-10T16:56:13","date_gmt":"2015-06-10T15:56:13","guid":{"rendered":"http:\/\/kapitalis.com\/tunisie\/?p=3650"},"modified":"2015-06-10T16:56:58","modified_gmt":"2015-06-10T15:56:58","slug":"tunisie-les-garde-forestiers-ont-besoin-detre-mieux-proteges","status":"publish","type":"post","link":"https:\/\/kapitalis.com\/tunisie\/2015\/06\/10\/tunisie-les-garde-forestiers-ont-besoin-detre-mieux-proteges\/","title":{"rendered":"Tunisie : Les garde-forestiers ont besoin d\u2019\u00eatre mieux prot\u00e9g\u00e9s"},"content":{"rendered":"<p><a href=\"http:\/\/kapitalis.com\/tunisie\/wp-content\/uploads\/2015\/06\/Garde-forestier.jpg\"><img loading=\"lazy\" decoding=\"async\" class=\"aligncenter size-full wp-image-3651\" src=\"http:\/\/kapitalis.com\/tunisie\/wp-content\/uploads\/2015\/06\/Garde-forestier.jpg\" alt=\"Garde-forestier\" width=\"626\" height=\"380\" \/><\/a><em><strong>Les garde-forestiers d\u00e9fendent leur coll\u00e8gue, victime d\u2019une agression, dans la localit\u00e9 de Zaouia, \u00e0 Nabeul, et exigent la protection des autorit\u00e9s.<\/strong><\/em><\/p>\n<p><!--more--><\/p>\n<p>Le 2 juin dernier, un inconnu a attaqu\u00e9 le garde-forestier Mohsen Ben Rehaiem et l\u2019a assomm\u00e9 avec une pierre, avant de l\u00e2cher ses 3 chiens et de prendre la fuite. L\u2019homme a miraculeusement surv\u00e9cu \u00e0 ses blessures et port\u00e9 plainte contre son agresseur.<\/p>\n<p>Les m\u00e9decins lui ont d\u00e9cel\u00e9 une fracture \u00e0 l\u2019\u00e9paule et des contusions dans\u00a0 diff\u00e9rents endroits du corps.<\/p>\n<p>Selon les garde-forestiers, qui d\u00e9noncent un manque de s\u00e9curit\u00e9, le d\u00e9linquant a \u00e9t\u00e9 arr\u00eat\u00e9 hier, mais rel\u00e2ch\u00e9 dans la journ\u00e9e.<\/p>\n<p><em>\u00abL\u2019impunit\u00e9 incitera les voyous \u00e0 r\u00e9cidiver. Alors que les agressions se sont multipli\u00e9s ces derniers temps, nous sommes livr\u00e9s \u00e0 nous-m\u00eame et nos vies sont en danger\u00bb<\/em>, d\u00e9plorent-ils.<\/p>\n<p style=\"text-align: center;\"><a href=\"http:\/\/kapitalis.com\/tunisie\/wp-content\/uploads\/2015\/06\/garde-forestier-agresse-a-nabeul.jpg\"><img loading=\"lazy\" decoding=\"async\" class=\"aligncenter size-full wp-image-3653\" src=\"http:\/\/kapitalis.com\/tunisie\/wp-content\/uploads\/2015\/06\/garde-forestier-agresse-a-nabeul.jpg\" alt=\"garde-forestier-agresse-a-nabeul\" width=\"500\" height=\"500\" \/><\/a><em>Le garde-forestier agress\u00e9 par un inconnu. <\/em><\/p>\n<p>Mohsen Ben Rehaiem d\u00e9nonce, pour sa part, l\u2019indiff\u00e9rence des autorit\u00e9s. \u00ab<em>Nous sommes seuls \u00e0 garder les for\u00eats avec tout le risque que cela comporte avec la mont\u00e9e du terrorisme. Les autorit\u00e9s r\u00e9gionales et nationales doivent assurer notre protection pour que l\u2019on puisse \u00e0 notre tour prot\u00e9ger les for\u00eats et alerter les autorit\u00e9s en cas de danger\u00bb<\/em>, a-t-il dit.<\/p>\n<p style=\"text-align: right;\"><strong>Y. N. M.<\/strong><\/p>\n","protected":false},"excerpt":{"rendered":"<p>Les garde-forestiers d\u00e9fendent leur coll\u00e8gue, victime d\u2019une agression, dans la localit\u00e9 de Zaouia, \u00e0 Nabeul, et exigent la protection des autorit\u00e9s.<\/p>\n","protected":false},"author":5,"featured_media":3651,"comment_status":"open","ping_status":"open","sticky":false,"template":"","format":"standard","meta":{"footnotes":""},"categories":[998],"tags":[1814,1811,650,753,815,1810],"class_list":["post-3650","post","type-post","status-publish","format-standard","has-post-thumbnail","hentry","category-societe","tag-autorites","tag-garde-forestier","tag-nabeul","tag-protection","tag-securite","tag-zaouia"],"yoast_head":"<!-- This site is optimized with the Yoast SEO plugin v26.6 - https:\/\/yoast.com\/wordpress\/plugins\/seo\/ -->\n<title>Tunisie : Les garde-forestiers ont besoin d\u2019\u00eatre mieux prot\u00e9g\u00e9s - Kapitalis<\/title>\n<meta name=\"robots\" content=\"index, follow, max-snippet:-1, max-image-preview:large, max-video-preview:-1\" \/>\n<link rel=\"canonical\" href=\"https:\/\/kapitalis.com\/tunisie\/2015\/06\/10\/tunisie-les-garde-forestiers-ont-besoin-detre-mieux-proteges\/\" \/>\n<meta property=\"og:locale\" content=\"fr_FR\" \/>\n<meta property=\"og:type\" content=\"article\" \/>\n<meta property=\"og:title\" content=\"Tunisie : Les garde-forestiers ont besoin d\u2019\u00eatre mieux prot\u00e9g\u00e9s - Kapitalis\" \/>\n<meta property=\"og:description\" content=\"Les garde-forestiers d\u00e9fendent leur coll\u00e8gue, victime d\u2019une agression, dans la localit\u00e9 de Zaouia, \u00e0 Nabeul, et exigent la protection des autorit\u00e9s.\" \/>\n<meta property=\"og:url\" content=\"https:\/\/kapitalis.com\/tunisie\/2015\/06\/10\/tunisie-les-garde-forestiers-ont-besoin-detre-mieux-proteges\/\" \/>\n<meta property=\"og:site_name\" content=\"Kapitalis\" \/>\n<meta property=\"article:publisher\" content=\"https:\/\/www.facebook.com\/KapitalisInfo\/\" \/>\n<meta property=\"article:published_time\" content=\"2015-06-10T15:56:13+00:00\" \/>\n<meta property=\"article:modified_time\" content=\"2015-06-10T15:56:58+00:00\" \/>\n<meta property=\"og:image\" content=\"https:\/\/kapitalis.com\/tunisie\/wp-content\/uploads\/2022\/05\/kapitalis-logo-fb.png\" \/>\n\t<meta property=\"og:image:width\" content=\"1200\" \/>\n\t<meta property=\"og:image:height\" content=\"630\" \/>\n\t<meta property=\"og:image:type\" content=\"image\/png\" \/>\n<meta name=\"author\" content=\"Ridha Elkefi\" \/>\n<meta name=\"twitter:card\" content=\"summary_large_image\" \/>\n<meta name=\"twitter:creator\" content=\"@KapitalisInfo\" \/>\n<meta name=\"twitter:site\" content=\"@KapitalisInfo\" \/>\n<meta name=\"twitter:label1\" content=\"\u00c9crit par\" \/>\n\t<meta name=\"twitter:data1\" content=\"Ridha Elkefi\" \/>\n\t<meta name=\"twitter:label2\" content=\"Dur\u00e9e de lecture estim\u00e9e\" \/>\n\t<meta name=\"twitter:data2\" content=\"1 minute\" \/>\n<script type=\"application\/ld+json\" class=\"yoast-schema-graph\">{\"@context\":\"https:\/\/schema.org\",\"@graph\":[{\"@type\":\"Article\",\"@id\":\"https:\/\/kapitalis.com\/tunisie\/2015\/06\/10\/tunisie-les-garde-forestiers-ont-besoin-detre-mieux-proteges\/#article\",\"isPartOf\":{\"@id\":\"https:\/\/kapitalis.com\/tunisie\/2015\/06\/10\/tunisie-les-garde-forestiers-ont-besoin-detre-mieux-proteges\/\"},\"author\":{\"name\":\"Ridha Elkefi\",\"@id\":\"https:\/\/kapitalis.com\/tunisie\/#\/schema\/person\/16627fc9b2fc0116230e88af071eebab\"},\"headline\":\"Tunisie : Les garde-forestiers ont besoin d\u2019\u00eatre mieux prot\u00e9g\u00e9s\",\"datePublished\":\"2015-06-10T15:56:13+00:00\",\"dateModified\":\"2015-06-10T15:56:58+00:00\",\"mainEntityOfPage\":{\"@id\":\"https:\/\/kapitalis.com\/tunisie\/2015\/06\/10\/tunisie-les-garde-forestiers-ont-besoin-detre-mieux-proteges\/\"},\"wordCount\":234,\"commentCount\":0,\"publisher\":{\"@id\":\"https:\/\/kapitalis.com\/tunisie\/#organization\"},\"image\":{\"@id\":\"https:\/\/kapitalis.com\/tunisie\/2015\/06\/10\/tunisie-les-garde-forestiers-ont-besoin-detre-mieux-proteges\/#primaryimage\"},\"thumbnailUrl\":\"\",\"keywords\":[\"autorit\u00e9s\",\"garde-forestier\",\"Nabeul\",\"protection\",\"s\u00e9curit\u00e9\",\"Zaouia\"],\"articleSection\":[\"SOCIETE\"],\"inLanguage\":\"fr-FR\",\"potentialAction\":[{\"@type\":\"CommentAction\",\"name\":\"Comment\",\"target\":[\"https:\/\/kapitalis.com\/tunisie\/2015\/06\/10\/tunisie-les-garde-forestiers-ont-besoin-detre-mieux-proteges\/#respond\"]}]},{\"@type\":\"WebPage\",\"@id\":\"https:\/\/kapitalis.com\/tunisie\/2015\/06\/10\/tunisie-les-garde-forestiers-ont-besoin-detre-mieux-proteges\/\",\"url\":\"https:\/\/kapitalis.com\/tunisie\/2015\/06\/10\/tunisie-les-garde-forestiers-ont-besoin-detre-mieux-proteges\/\",\"name\":\"Tunisie : Les garde-forestiers ont besoin d\u2019\u00eatre mieux prot\u00e9g\u00e9s - Kapitalis\",\"isPartOf\":{\"@id\":\"https:\/\/kapitalis.com\/tunisie\/#website\"},\"primaryImageOfPage\":{\"@id\":\"https:\/\/kapitalis.com\/tunisie\/2015\/06\/10\/tunisie-les-garde-forestiers-ont-besoin-detre-mieux-proteges\/#primaryimage\"},\"image\":{\"@id\":\"https:\/\/kapitalis.com\/tunisie\/2015\/06\/10\/tunisie-les-garde-forestiers-ont-besoin-detre-mieux-proteges\/#primaryimage\"},\"thumbnailUrl\":\"\",\"datePublished\":\"2015-06-10T15:56:13+00:00\",\"dateModified\":\"2015-06-10T15:56:58+00:00\",\"breadcrumb\":{\"@id\":\"https:\/\/kapitalis.com\/tunisie\/2015\/06\/10\/tunisie-les-garde-forestiers-ont-besoin-detre-mieux-proteges\/#breadcrumb\"},\"inLanguage\":\"fr-FR\",\"potentialAction\":[{\"@type\":\"ReadAction\",\"target\":[\"https:\/\/kapitalis.com\/tunisie\/2015\/06\/10\/tunisie-les-garde-forestiers-ont-besoin-detre-mieux-proteges\/\"]}]},{\"@type\":\"ImageObject\",\"inLanguage\":\"fr-FR\",\"@id\":\"https:\/\/kapitalis.com\/tunisie\/2015\/06\/10\/tunisie-les-garde-forestiers-ont-besoin-detre-mieux-proteges\/#primaryimage\",\"url\":\"\",\"contentUrl\":\"\"},{\"@type\":\"BreadcrumbList\",\"@id\":\"https:\/\/kapitalis.com\/tunisie\/2015\/06\/10\/tunisie-les-garde-forestiers-ont-besoin-detre-mieux-proteges\/#breadcrumb\",\"itemListElement\":[{\"@type\":\"ListItem\",\"position\":1,\"name\":\"Accueil\",\"item\":\"https:\/\/kapitalis.com\/tunisie\/\"},{\"@type\":\"ListItem\",\"position\":2,\"name\":\"Tunisie : Les garde-forestiers ont besoin d\u2019\u00eatre mieux prot\u00e9g\u00e9s\"}]},{\"@type\":\"WebSite\",\"@id\":\"https:\/\/kapitalis.com\/tunisie\/#website\",\"url\":\"https:\/\/kapitalis.com\/tunisie\/\",\"name\":\"Kapitalis\",\"description\":\"L&#039;actualit\u00e9 en Tunisie et dans le monde\",\"publisher\":{\"@id\":\"https:\/\/kapitalis.com\/tunisie\/#organization\"},\"potentialAction\":[{\"@type\":\"SearchAction\",\"target\":{\"@type\":\"EntryPoint\",\"urlTemplate\":\"https:\/\/kapitalis.com\/tunisie\/?s={search_term_string}\"},\"query-input\":{\"@type\":\"PropertyValueSpecification\",\"valueRequired\":true,\"valueName\":\"search_term_string\"}}],\"inLanguage\":\"fr-FR\"},{\"@type\":\"Organization\",\"@id\":\"https:\/\/kapitalis.com\/tunisie\/#organization\",\"name\":\"Kapitalis\",\"url\":\"https:\/\/kapitalis.com\/tunisie\/\",\"logo\":{\"@type\":\"ImageObject\",\"inLanguage\":\"fr-FR\",\"@id\":\"https:\/\/kapitalis.com\/tunisie\/#\/schema\/logo\/image\/\",\"url\":\"https:\/\/kapitalis.com\/tunisie\/wp-content\/uploads\/2022\/05\/Kapitalis-big-size.png\",\"contentUrl\":\"https:\/\/kapitalis.com\/tunisie\/wp-content\/uploads\/2022\/05\/Kapitalis-big-size.png\",\"width\":5000,\"height\":1500,\"caption\":\"Kapitalis\"},\"image\":{\"@id\":\"https:\/\/kapitalis.com\/tunisie\/#\/schema\/logo\/image\/\"},\"sameAs\":[\"https:\/\/www.facebook.com\/KapitalisInfo\/\",\"https:\/\/x.com\/KapitalisInfo\",\"https:\/\/www.youtube.com\/channel\/UC-yDYrHyfFBWWZaOw3FPg9Q\"]},{\"@type\":\"Person\",\"@id\":\"https:\/\/kapitalis.com\/tunisie\/#\/schema\/person\/16627fc9b2fc0116230e88af071eebab\",\"name\":\"Ridha Elkefi\",\"url\":\"https:\/\/kapitalis.com\/tunisie\/author\/ridha-kefi\/\"}]}<\/script>\n<!-- \/ Yoast SEO plugin. -->","yoast_head_json":{"title":"Tunisie : Les garde-forestiers ont besoin d\u2019\u00eatre mieux prot\u00e9g\u00e9s - Kapitalis","robots":{"index":"index","follow":"follow","max-snippet":"max-snippet:-1","max-image-preview":"max-image-preview:large","max-video-preview":"max-video-preview:-1"},"canonical":"https:\/\/kapitalis.com\/tunisie\/2015\/06\/10\/tunisie-les-garde-forestiers-ont-besoin-detre-mieux-proteges\/","og_locale":"fr_FR","og_type":"article","og_title":"Tunisie : Les garde-forestiers ont besoin d\u2019\u00eatre mieux prot\u00e9g\u00e9s - Kapitalis","og_description":"Les garde-forestiers d\u00e9fendent leur coll\u00e8gue, victime d\u2019une agression, dans la localit\u00e9 de Zaouia, \u00e0 Nabeul, et exigent la protection des autorit\u00e9s.","og_url":"https:\/\/kapitalis.com\/tunisie\/2015\/06\/10\/tunisie-les-garde-forestiers-ont-besoin-detre-mieux-proteges\/","og_site_name":"Kapitalis","article_publisher":"https:\/\/www.facebook.com\/KapitalisInfo\/","article_published_time":"2015-06-10T15:56:13+00:00","article_modified_time":"2015-06-10T15:56:58+00:00","og_image":[{"width":1200,"height":630,"url":"https:\/\/kapitalis.com\/tunisie\/wp-content\/uploads\/2022\/05\/kapitalis-logo-fb.png","type":"image\/png"}],"author":"Ridha Elkefi","twitter_card":"summary_large_image","twitter_creator":"@KapitalisInfo","twitter_site":"@KapitalisInfo","twitter_misc":{"\u00c9crit par":"Ridha Elkefi","Dur\u00e9e de lecture estim\u00e9e":"1 minute"},"schema":{"@context":"https:\/\/schema.org","@graph":[{"@type":"Article","@id":"https:\/\/kapitalis.com\/tunisie\/2015\/06\/10\/tunisie-les-garde-forestiers-ont-besoin-detre-mieux-proteges\/#article","isPartOf":{"@id":"https:\/\/kapitalis.com\/tunisie\/2015\/06\/10\/tunisie-les-garde-forestiers-ont-besoin-detre-mieux-proteges\/"},"author":{"name":"Ridha Elkefi","@id":"https:\/\/kapitalis.com\/tunisie\/#\/schema\/person\/16627fc9b2fc0116230e88af071eebab"},"headline":"Tunisie : Les garde-forestiers ont besoin d\u2019\u00eatre mieux prot\u00e9g\u00e9s","datePublished":"2015-06-10T15:56:13+00:00","dateModified":"2015-06-10T15:56:58+00:00","mainEntityOfPage":{"@id":"https:\/\/kapitalis.com\/tunisie\/2015\/06\/10\/tunisie-les-garde-forestiers-ont-besoin-detre-mieux-proteges\/"},"wordCount":234,"commentCount":0,"publisher":{"@id":"https:\/\/kapitalis.com\/tunisie\/#organization"},"image":{"@id":"https:\/\/kapitalis.com\/tunisie\/2015\/06\/10\/tunisie-les-garde-forestiers-ont-besoin-detre-mieux-proteges\/#primaryimage"},"thumbnailUrl":"","keywords":["autorit\u00e9s","garde-forestier","Nabeul","protection","s\u00e9curit\u00e9","Zaouia"],"articleSection":["SOCIETE"],"inLanguage":"fr-FR","potentialAction":[{"@type":"CommentAction","name":"Comment","target":["https:\/\/kapitalis.com\/tunisie\/2015\/06\/10\/tunisie-les-garde-forestiers-ont-besoin-detre-mieux-proteges\/#respond"]}]},{"@type":"WebPage","@id":"https:\/\/kapitalis.com\/tunisie\/2015\/06\/10\/tunisie-les-garde-forestiers-ont-besoin-detre-mieux-proteges\/","url":"https:\/\/kapitalis.com\/tunisie\/2015\/06\/10\/tunisie-les-garde-forestiers-ont-besoin-detre-mieux-proteges\/","name":"Tunisie : Les garde-forestiers ont besoin d\u2019\u00eatre mieux prot\u00e9g\u00e9s - Kapitalis","isPartOf":{"@id":"https:\/\/kapitalis.com\/tunisie\/#website"},"primaryImageOfPage":{"@id":"https:\/\/kapitalis.com\/tunisie\/2015\/06\/10\/tunisie-les-garde-forestiers-ont-besoin-detre-mieux-proteges\/#primaryimage"},"image":{"@id":"https:\/\/kapitalis.com\/tunisie\/2015\/06\/10\/tunisie-les-garde-forestiers-ont-besoin-detre-mieux-proteges\/#primaryimage"},"thumbnailUrl":"","datePublished":"2015-06-10T15:56:13+00:00","dateModified":"2015-06-10T15:56:58+00:00","breadcrumb":{"@id":"https:\/\/kapitalis.com\/tunisie\/2015\/06\/10\/tunisie-les-garde-forestiers-ont-besoin-detre-mieux-proteges\/#breadcrumb"},"inLanguage":"fr-FR","potentialAction":[{"@type":"ReadAction","target":["https:\/\/kapitalis.com\/tunisie\/2015\/06\/10\/tunisie-les-garde-forestiers-ont-besoin-detre-mieux-proteges\/"]}]},{"@type":"ImageObject","inLanguage":"fr-FR","@id":"https:\/\/kapitalis.com\/tunisie\/2015\/06\/10\/tunisie-les-garde-forestiers-ont-besoin-detre-mieux-proteges\/#primaryimage","url":"","contentUrl":""},{"@type":"BreadcrumbList","@id":"https:\/\/kapitalis.com\/tunisie\/2015\/06\/10\/tunisie-les-garde-forestiers-ont-besoin-detre-mieux-proteges\/#breadcrumb","itemListElement":[{"@type":"ListItem","position":1,"name":"Accueil","item":"https:\/\/kapitalis.com\/tunisie\/"},{"@type":"ListItem","position":2,"name":"Tunisie : Les garde-forestiers ont besoin d\u2019\u00eatre mieux prot\u00e9g\u00e9s"}]},{"@type":"WebSite","@id":"https:\/\/kapitalis.com\/tunisie\/#website","url":"https:\/\/kapitalis.com\/tunisie\/","name":"Kapitalis","description":"L&#039;actualit\u00e9 en Tunisie et dans le monde","publisher":{"@id":"https:\/\/kapitalis.com\/tunisie\/#organization"},"potentialAction":[{"@type":"SearchAction","target":{"@type":"EntryPoint","urlTemplate":"https:\/\/kapitalis.com\/tunisie\/?s={search_term_string}"},"query-input":{"@type":"PropertyValueSpecification","valueRequired":true,"valueName":"search_term_string"}}],"inLanguage":"fr-FR"},{"@type":"Organization","@id":"https:\/\/kapitalis.com\/tunisie\/#organization","name":"Kapitalis","url":"https:\/\/kapitalis.com\/tunisie\/","logo":{"@type":"ImageObject","inLanguage":"fr-FR","@id":"https:\/\/kapitalis.com\/tunisie\/#\/schema\/logo\/image\/","url":"https:\/\/kapitalis.com\/tunisie\/wp-content\/uploads\/2022\/05\/Kapitalis-big-size.png","contentUrl":"https:\/\/kapitalis.com\/tunisie\/wp-content\/uploads\/2022\/05\/Kapitalis-big-size.png","width":5000,"height":1500,"caption":"Kapitalis"},"image":{"@id":"https:\/\/kapitalis.com\/tunisie\/#\/schema\/logo\/image\/"},"sameAs":["https:\/\/www.facebook.com\/KapitalisInfo\/","https:\/\/x.com\/KapitalisInfo","https:\/\/www.youtube.com\/channel\/UC-yDYrHyfFBWWZaOw3FPg9Q"]},{"@type":"Person","@id":"https:\/\/kapitalis.com\/tunisie\/#\/schema\/person\/16627fc9b2fc0116230e88af071eebab","name":"Ridha Elkefi","url":"https:\/\/kapitalis.com\/tunisie\/author\/ridha-kefi\/"}]}},"_links":{"self":[{"href":"https:\/\/kapitalis.com\/tunisie\/wp-json\/wp\/v2\/posts\/3650","targetHints":{"allow":["GET"]}}],"collection":[{"href":"https:\/\/kapitalis.com\/tunisie\/wp-json\/wp\/v2\/posts"}],"about":[{"href":"https:\/\/kapitalis.com\/tunisie\/wp-json\/wp\/v2\/types\/post"}],"author":[{"embeddable":true,"href":"https:\/\/kapitalis.com\/tunisie\/wp-json\/wp\/v2\/users\/5"}],"replies":[{"embeddable":true,"href":"https:\/\/kapitalis.com\/tunisie\/wp-json\/wp\/v2\/comments?post=3650"}],"version-history":[{"count":0,"href":"https:\/\/kapitalis.com\/tunisie\/wp-json\/wp\/v2\/posts\/3650\/revisions"}],"wp:featuredmedia":[{"embeddable":true,"href":"https:\/\/kapitalis.com\/tunisie\/wp-json\/wp\/v2\/media\/3651"}],"wp:attachment":[{"href":"https:\/\/kapitalis.com\/tunisie\/wp-json\/wp\/v2\/media?parent=3650"}],"wp:term":[{"taxonomy":"category","embeddable":true,"href":"https:\/\/kapitalis.com\/tunisie\/wp-json\/wp\/v2\/categories?post=3650"},{"taxonomy":"post_tag","embeddable":true,"href":"https:\/\/kapitalis.com\/tunisie\/wp-json\/wp\/v2\/tags?post=3650"}],"curies":[{"name":"wp","href":"https:\/\/api.w.org\/{rel}","templated":true}]}}