{"id":365061,"date":"2021-10-04T15:16:29","date_gmt":"2021-10-04T14:16:29","guid":{"rendered":"http:\/\/kapitalis.com\/tunisie\/?p=365061"},"modified":"2021-10-05T01:42:02","modified_gmt":"2021-10-05T00:42:02","slug":"apres-sa-premiere-mondiale-a-locarno-streams-de-mehdi-hmili-continue-sa-brillante-tournee-mondiale-et-vise-les-oscars","status":"publish","type":"post","link":"https:\/\/kapitalis.com\/tunisie\/2021\/10\/04\/apres-sa-premiere-mondiale-a-locarno-streams-de-mehdi-hmili-continue-sa-brillante-tournee-mondiale-et-vise-les-oscars\/","title":{"rendered":"Apr\u00e8s sa premi\u00e8re mondiale \u00e0 Locarno, \u00abStreams\u00bb de Mehdi Hmili continue sa brillante tourn\u00e9e mondiale et vise Les Oscars"},"content":{"rendered":"\n<div class=\"wp-block-image\"><figure class=\"aligncenter size-full\"><img decoding=\"async\" src=\"http:\/\/kapitalis.com\/tunisie\/wp-content\/uploads\/2021\/10\/Streams-de-Mehdi-Hmili.jpg\" alt=\"\" class=\"wp-image-365063\"\/><\/figure><\/div>\n\n\n\n<p><strong><em>Le film tunisien \u00abStreams\u00bb du jeune r\u00e9alisateur Mehdi Hmili, pr\u00e9sent\u00e9 en premi\u00e8re mondiale au prestigieux Festival du Film de Locarno en Suisse, continue sa brillante tourn\u00e9e dans les festivals internationaux. Le film est en s\u00e9lection officielle dans des festivals prestigieux en Europe et dans le monde comme Zurich Film Festival, Le Festival du Film Francophone de Namur, La Mostra de Valencia, le Festival du Cin\u00e9ma M\u00e9diterraien de Montpellier, le Festival du Film de Stuttgart entre autres.<\/em><\/strong><\/p>\n\n\n\n<!--more-->\n\n\n\n<p>Les producteurs du film ont le plaisir d\u2019annoncer qu\u2019il a \u00e9t\u00e9 pr\u00e9sent\u00e9 \u00e0 la commission tunisienne d\u00e9sign\u00e9e par le CNCI afin de choisir le film tunisien qui repr\u00e9sentera la Tunisie aux Oscars et le film part \u00e0 la course avec beaucoup d\u2019assurance puisqu&rsquo;il est le seul film tunisien qui a particip\u00e9 \u00e0 un festival de cin\u00e9ma de la cat\u00e9gorie A (Festival du Film de Locarno) et qui a re\u00e7u un accueil enthousiaste dans tous les festivals qui l\u2019ont s\u00e9lectionn\u00e9 et qui ont applaudi la performance incroyable de l&rsquo;actrice Afef Ben Mahmoud ainsi que la r\u00e9alisation organique et inspir\u00e9e de Mehdi Hmili.<\/p>\n\n\n\n<p>Rappelons que le film est sorti en salles au Luxembourg o\u00f9 il a rencontr\u00e9 un succ\u00e8s public et critique. Le film sera distribu\u00e9 bient\u00f4t en France, Belgique, Espagne et aux USA.<\/p>\n\n\n\n<p>Le film raconte le destin de Amel, une ouvri\u00e8re dans une usine, qui est accus\u00e9e \u00e0 tort et qui sort de prison apr\u00e8s une affaire d\u2019adult\u00e8re. Dans les bas-fonds de Tunis, elle recherche son fils disparu Moumen. Au cours de son p\u00e9riple, Amel doit refaire sa vie et faire face \u00e0 une soci\u00e9t\u00e9 tunisienne en pleine chute libre.<\/p>\n\n\n\n<p>\u00c9crit et r\u00e9alis\u00e9 par Mehdi Hmili, \u00abStreams\u00bb met en vedette Afef Ben Mahmoud, Iheb Bouyahia, Zaza, Sarah Hannachi et Slim Baccar. La musique originale est compos\u00e9e par Amine Bouhafa. La soci\u00e9t\u00e9 MAD Solutions assure la distribution du film dans le monde arabe.<\/p>\n\n\n\n<p>\u00abStreams\u00bb est une coproduction entre Yol Film House (Tunisie), Tarantula (Luxembourg), MPM Film (France), Clandestino Production (Tunisie) et Allam Film (USA). Il a \u00e9t\u00e9 d\u00e9velopp\u00e9 dans le prestigieux atelier canadien (Grand Nord) et a re\u00e7u le Prix du sc\u00e9nario de l&rsquo;Institut Fran\u00e7ais de Tunis et le prix de post-production CineGouna. Le film est soutenu par le Centre National du Cin\u00e9ma et de l&rsquo;Image (CNCI), du Film Fund Luxembourg et du Centre National du Cin\u00e9ma et de l&rsquo;Image Anim\u00e9e (CNC).<\/p>\n\n\n\n<p>Mehdi Hmili est sc\u00e9nariste et r\u00e9alisateur. Il a \u00e9tudi\u00e9 le cin\u00e9ma \u00e0 Tunis avant d&rsquo;\u00eatre dipl\u00f4m\u00e9 de l&rsquo;\u00c9cole de cin\u00e9ma de Paris. De passage en France, il r\u00e9alise sa courte trilogie sur l&rsquo;amour et l&rsquo;exil : \u00ab X-Moment \u00bb (2009), \u00ab Li-La \u00bb (2011) et \u00ab La Nuit de Badr \u00bb (2012). Son premier long m\u00e9trage, \u00ab Thala Mon Amour \u00bb (2016), a \u00e9t\u00e9 s\u00e9lectionn\u00e9 dans des festivals de cin\u00e9ma internationaux comme le Torino Film Festival, les Journ\u00e9es Cin\u00e9matographiques de Carthage et a remport\u00e9 plusieurs prix. Sa derni\u00e8re production \u00ab Fouledh \u00bb a \u00e9t\u00e9 s\u00e9lectionn\u00e9e \u00e0 La Fabrique Cin\u00e9ma au 72e Festival de Cannes.<\/p>\n\n\n\n<p class=\"has-text-align-right\"><strong><em>Communiqu\u00e9.<\/em><\/strong><\/p>\n","protected":false},"excerpt":{"rendered":"<p>Le film tunisien \u00abStreams\u00bb du jeune r\u00e9alisateur Mehdi Hmili, pr\u00e9sent\u00e9 en premi\u00e8re mondiale au prestigieux Festival du Film de Locarno en Suisse, continue sa brillante tourn\u00e9e dans les festivals internationaux. Le film est en s\u00e9lection officielle dans des festivals prestigieux en Europe et dans le monde comme Zurich Film Festival, Le Festival du Film Francophone&#8230;<\/p>\n","protected":false},"author":6,"featured_media":365063,"comment_status":"open","ping_status":"open","sticky":false,"template":"","format":"standard","meta":{"footnotes":""},"categories":[994,2433],"tags":[91738,80522,90941,91739,62643],"class_list":["post-365061","post","type-post","status-publish","format-standard","has-post-thumbnail","hentry","category-culture","category-tunisie","tag-mehdi-hmili","tag-oscars","tag-realisateur-tunisien","tag-streams","tag-tunisie"],"yoast_head":"<!-- This site is optimized with the Yoast SEO plugin v26.6 - https:\/\/yoast.com\/wordpress\/plugins\/seo\/ -->\n<title>Apr\u00e8s sa premi\u00e8re mondiale \u00e0 Locarno, \u00abStreams\u00bb de Mehdi Hmili continue sa brillante tourn\u00e9e mondiale et vise Les Oscars - Kapitalis<\/title>\n<meta name=\"robots\" content=\"index, follow, max-snippet:-1, max-image-preview:large, max-video-preview:-1\" \/>\n<link rel=\"canonical\" href=\"https:\/\/kapitalis.com\/tunisie\/2021\/10\/04\/apres-sa-premiere-mondiale-a-locarno-streams-de-mehdi-hmili-continue-sa-brillante-tournee-mondiale-et-vise-les-oscars\/\" \/>\n<meta property=\"og:locale\" content=\"fr_FR\" \/>\n<meta property=\"og:type\" content=\"article\" \/>\n<meta property=\"og:title\" content=\"Apr\u00e8s sa premi\u00e8re mondiale \u00e0 Locarno, \u00abStreams\u00bb de Mehdi Hmili continue sa brillante tourn\u00e9e mondiale et vise Les Oscars - Kapitalis\" \/>\n<meta property=\"og:description\" content=\"Le film tunisien \u00abStreams\u00bb du jeune r\u00e9alisateur Mehdi Hmili, pr\u00e9sent\u00e9 en premi\u00e8re mondiale au prestigieux Festival du Film de Locarno en Suisse, continue sa brillante tourn\u00e9e dans les festivals internationaux. Le film est en s\u00e9lection officielle dans des festivals prestigieux en Europe et dans le monde comme Zurich Film Festival, Le Festival du Film Francophone...\" \/>\n<meta property=\"og:url\" content=\"https:\/\/kapitalis.com\/tunisie\/2021\/10\/04\/apres-sa-premiere-mondiale-a-locarno-streams-de-mehdi-hmili-continue-sa-brillante-tournee-mondiale-et-vise-les-oscars\/\" \/>\n<meta property=\"og:site_name\" content=\"Kapitalis\" \/>\n<meta property=\"article:publisher\" content=\"https:\/\/www.facebook.com\/KapitalisInfo\/\" \/>\n<meta property=\"article:published_time\" content=\"2021-10-04T14:16:29+00:00\" \/>\n<meta property=\"article:modified_time\" content=\"2021-10-05T00:42:02+00:00\" \/>\n<meta property=\"og:image\" content=\"https:\/\/kapitalis.com\/tunisie\/wp-content\/uploads\/2022\/05\/kapitalis-logo-fb.png\" \/>\n\t<meta property=\"og:image:width\" content=\"1200\" \/>\n\t<meta property=\"og:image:height\" content=\"630\" \/>\n\t<meta property=\"og:image:type\" content=\"image\/png\" \/>\n<meta name=\"author\" content=\"Yusra NY\" \/>\n<meta name=\"twitter:card\" content=\"summary_large_image\" \/>\n<meta name=\"twitter:creator\" content=\"@KapitalisInfo\" \/>\n<meta name=\"twitter:site\" content=\"@KapitalisInfo\" \/>\n<meta name=\"twitter:label1\" content=\"\u00c9crit par\" \/>\n\t<meta name=\"twitter:data1\" content=\"Yusra NY\" \/>\n\t<meta name=\"twitter:label2\" content=\"Dur\u00e9e de lecture estim\u00e9e\" \/>\n\t<meta name=\"twitter:data2\" content=\"3 minutes\" \/>\n<script type=\"application\/ld+json\" class=\"yoast-schema-graph\">{\"@context\":\"https:\/\/schema.org\",\"@graph\":[{\"@type\":\"Article\",\"@id\":\"https:\/\/kapitalis.com\/tunisie\/2021\/10\/04\/apres-sa-premiere-mondiale-a-locarno-streams-de-mehdi-hmili-continue-sa-brillante-tournee-mondiale-et-vise-les-oscars\/#article\",\"isPartOf\":{\"@id\":\"https:\/\/kapitalis.com\/tunisie\/2021\/10\/04\/apres-sa-premiere-mondiale-a-locarno-streams-de-mehdi-hmili-continue-sa-brillante-tournee-mondiale-et-vise-les-oscars\/\"},\"author\":{\"name\":\"Yusra NY\",\"@id\":\"https:\/\/kapitalis.com\/tunisie\/#\/schema\/person\/74bbde0154d49d790a92aaeac5bc01d5\"},\"headline\":\"Apr\u00e8s sa premi\u00e8re mondiale \u00e0 Locarno, \u00abStreams\u00bb de Mehdi Hmili continue sa brillante tourn\u00e9e mondiale et vise Les Oscars\",\"datePublished\":\"2021-10-04T14:16:29+00:00\",\"dateModified\":\"2021-10-05T00:42:02+00:00\",\"mainEntityOfPage\":{\"@id\":\"https:\/\/kapitalis.com\/tunisie\/2021\/10\/04\/apres-sa-premiere-mondiale-a-locarno-streams-de-mehdi-hmili-continue-sa-brillante-tournee-mondiale-et-vise-les-oscars\/\"},\"wordCount\":548,\"commentCount\":0,\"publisher\":{\"@id\":\"https:\/\/kapitalis.com\/tunisie\/#organization\"},\"image\":{\"@id\":\"https:\/\/kapitalis.com\/tunisie\/2021\/10\/04\/apres-sa-premiere-mondiale-a-locarno-streams-de-mehdi-hmili-continue-sa-brillante-tournee-mondiale-et-vise-les-oscars\/#primaryimage\"},\"thumbnailUrl\":\"\",\"keywords\":[\"Mehdi Hmili\",\"Oscars\",\"r\u00e9alisateur tunisien\",\"Streams\",\"Tunisie\"],\"articleSection\":[\"CULTURE\",\"Tunisie\"],\"inLanguage\":\"fr-FR\",\"potentialAction\":[{\"@type\":\"CommentAction\",\"name\":\"Comment\",\"target\":[\"https:\/\/kapitalis.com\/tunisie\/2021\/10\/04\/apres-sa-premiere-mondiale-a-locarno-streams-de-mehdi-hmili-continue-sa-brillante-tournee-mondiale-et-vise-les-oscars\/#respond\"]}]},{\"@type\":\"WebPage\",\"@id\":\"https:\/\/kapitalis.com\/tunisie\/2021\/10\/04\/apres-sa-premiere-mondiale-a-locarno-streams-de-mehdi-hmili-continue-sa-brillante-tournee-mondiale-et-vise-les-oscars\/\",\"url\":\"https:\/\/kapitalis.com\/tunisie\/2021\/10\/04\/apres-sa-premiere-mondiale-a-locarno-streams-de-mehdi-hmili-continue-sa-brillante-tournee-mondiale-et-vise-les-oscars\/\",\"name\":\"Apr\u00e8s sa premi\u00e8re mondiale \u00e0 Locarno, \u00abStreams\u00bb de Mehdi Hmili continue sa brillante tourn\u00e9e mondiale et vise Les Oscars - Kapitalis\",\"isPartOf\":{\"@id\":\"https:\/\/kapitalis.com\/tunisie\/#website\"},\"primaryImageOfPage\":{\"@id\":\"https:\/\/kapitalis.com\/tunisie\/2021\/10\/04\/apres-sa-premiere-mondiale-a-locarno-streams-de-mehdi-hmili-continue-sa-brillante-tournee-mondiale-et-vise-les-oscars\/#primaryimage\"},\"image\":{\"@id\":\"https:\/\/kapitalis.com\/tunisie\/2021\/10\/04\/apres-sa-premiere-mondiale-a-locarno-streams-de-mehdi-hmili-continue-sa-brillante-tournee-mondiale-et-vise-les-oscars\/#primaryimage\"},\"thumbnailUrl\":\"\",\"datePublished\":\"2021-10-04T14:16:29+00:00\",\"dateModified\":\"2021-10-05T00:42:02+00:00\",\"breadcrumb\":{\"@id\":\"https:\/\/kapitalis.com\/tunisie\/2021\/10\/04\/apres-sa-premiere-mondiale-a-locarno-streams-de-mehdi-hmili-continue-sa-brillante-tournee-mondiale-et-vise-les-oscars\/#breadcrumb\"},\"inLanguage\":\"fr-FR\",\"potentialAction\":[{\"@type\":\"ReadAction\",\"target\":[\"https:\/\/kapitalis.com\/tunisie\/2021\/10\/04\/apres-sa-premiere-mondiale-a-locarno-streams-de-mehdi-hmili-continue-sa-brillante-tournee-mondiale-et-vise-les-oscars\/\"]}]},{\"@type\":\"ImageObject\",\"inLanguage\":\"fr-FR\",\"@id\":\"https:\/\/kapitalis.com\/tunisie\/2021\/10\/04\/apres-sa-premiere-mondiale-a-locarno-streams-de-mehdi-hmili-continue-sa-brillante-tournee-mondiale-et-vise-les-oscars\/#primaryimage\",\"url\":\"\",\"contentUrl\":\"\"},{\"@type\":\"BreadcrumbList\",\"@id\":\"https:\/\/kapitalis.com\/tunisie\/2021\/10\/04\/apres-sa-premiere-mondiale-a-locarno-streams-de-mehdi-hmili-continue-sa-brillante-tournee-mondiale-et-vise-les-oscars\/#breadcrumb\",\"itemListElement\":[{\"@type\":\"ListItem\",\"position\":1,\"name\":\"Accueil\",\"item\":\"https:\/\/kapitalis.com\/tunisie\/\"},{\"@type\":\"ListItem\",\"position\":2,\"name\":\"Apr\u00e8s sa premi\u00e8re mondiale \u00e0 Locarno, \u00abStreams\u00bb de Mehdi Hmili continue sa brillante tourn\u00e9e mondiale et vise Les Oscars\"}]},{\"@type\":\"WebSite\",\"@id\":\"https:\/\/kapitalis.com\/tunisie\/#website\",\"url\":\"https:\/\/kapitalis.com\/tunisie\/\",\"name\":\"Kapitalis\",\"description\":\"L&#039;actualit\u00e9 en Tunisie et dans le monde\",\"publisher\":{\"@id\":\"https:\/\/kapitalis.com\/tunisie\/#organization\"},\"potentialAction\":[{\"@type\":\"SearchAction\",\"target\":{\"@type\":\"EntryPoint\",\"urlTemplate\":\"https:\/\/kapitalis.com\/tunisie\/?s={search_term_string}\"},\"query-input\":{\"@type\":\"PropertyValueSpecification\",\"valueRequired\":true,\"valueName\":\"search_term_string\"}}],\"inLanguage\":\"fr-FR\"},{\"@type\":\"Organization\",\"@id\":\"https:\/\/kapitalis.com\/tunisie\/#organization\",\"name\":\"Kapitalis\",\"url\":\"https:\/\/kapitalis.com\/tunisie\/\",\"logo\":{\"@type\":\"ImageObject\",\"inLanguage\":\"fr-FR\",\"@id\":\"https:\/\/kapitalis.com\/tunisie\/#\/schema\/logo\/image\/\",\"url\":\"https:\/\/kapitalis.com\/tunisie\/wp-content\/uploads\/2022\/05\/Kapitalis-big-size.png\",\"contentUrl\":\"https:\/\/kapitalis.com\/tunisie\/wp-content\/uploads\/2022\/05\/Kapitalis-big-size.png\",\"width\":5000,\"height\":1500,\"caption\":\"Kapitalis\"},\"image\":{\"@id\":\"https:\/\/kapitalis.com\/tunisie\/#\/schema\/logo\/image\/\"},\"sameAs\":[\"https:\/\/www.facebook.com\/KapitalisInfo\/\",\"https:\/\/x.com\/KapitalisInfo\",\"https:\/\/www.youtube.com\/channel\/UC-yDYrHyfFBWWZaOw3FPg9Q\"]},{\"@type\":\"Person\",\"@id\":\"https:\/\/kapitalis.com\/tunisie\/#\/schema\/person\/74bbde0154d49d790a92aaeac5bc01d5\",\"name\":\"Yusra NY\",\"url\":\"https:\/\/kapitalis.com\/tunisie\/author\/yuza_adam\/\"}]}<\/script>\n<!-- \/ Yoast SEO plugin. -->","yoast_head_json":{"title":"Apr\u00e8s sa premi\u00e8re mondiale \u00e0 Locarno, \u00abStreams\u00bb de Mehdi Hmili continue sa brillante tourn\u00e9e mondiale et vise Les Oscars - Kapitalis","robots":{"index":"index","follow":"follow","max-snippet":"max-snippet:-1","max-image-preview":"max-image-preview:large","max-video-preview":"max-video-preview:-1"},"canonical":"https:\/\/kapitalis.com\/tunisie\/2021\/10\/04\/apres-sa-premiere-mondiale-a-locarno-streams-de-mehdi-hmili-continue-sa-brillante-tournee-mondiale-et-vise-les-oscars\/","og_locale":"fr_FR","og_type":"article","og_title":"Apr\u00e8s sa premi\u00e8re mondiale \u00e0 Locarno, \u00abStreams\u00bb de Mehdi Hmili continue sa brillante tourn\u00e9e mondiale et vise Les Oscars - Kapitalis","og_description":"Le film tunisien \u00abStreams\u00bb du jeune r\u00e9alisateur Mehdi Hmili, pr\u00e9sent\u00e9 en premi\u00e8re mondiale au prestigieux Festival du Film de Locarno en Suisse, continue sa brillante tourn\u00e9e dans les festivals internationaux. Le film est en s\u00e9lection officielle dans des festivals prestigieux en Europe et dans le monde comme Zurich Film Festival, Le Festival du Film Francophone...","og_url":"https:\/\/kapitalis.com\/tunisie\/2021\/10\/04\/apres-sa-premiere-mondiale-a-locarno-streams-de-mehdi-hmili-continue-sa-brillante-tournee-mondiale-et-vise-les-oscars\/","og_site_name":"Kapitalis","article_publisher":"https:\/\/www.facebook.com\/KapitalisInfo\/","article_published_time":"2021-10-04T14:16:29+00:00","article_modified_time":"2021-10-05T00:42:02+00:00","og_image":[{"width":1200,"height":630,"url":"https:\/\/kapitalis.com\/tunisie\/wp-content\/uploads\/2022\/05\/kapitalis-logo-fb.png","type":"image\/png"}],"author":"Yusra NY","twitter_card":"summary_large_image","twitter_creator":"@KapitalisInfo","twitter_site":"@KapitalisInfo","twitter_misc":{"\u00c9crit par":"Yusra NY","Dur\u00e9e de lecture estim\u00e9e":"3 minutes"},"schema":{"@context":"https:\/\/schema.org","@graph":[{"@type":"Article","@id":"https:\/\/kapitalis.com\/tunisie\/2021\/10\/04\/apres-sa-premiere-mondiale-a-locarno-streams-de-mehdi-hmili-continue-sa-brillante-tournee-mondiale-et-vise-les-oscars\/#article","isPartOf":{"@id":"https:\/\/kapitalis.com\/tunisie\/2021\/10\/04\/apres-sa-premiere-mondiale-a-locarno-streams-de-mehdi-hmili-continue-sa-brillante-tournee-mondiale-et-vise-les-oscars\/"},"author":{"name":"Yusra NY","@id":"https:\/\/kapitalis.com\/tunisie\/#\/schema\/person\/74bbde0154d49d790a92aaeac5bc01d5"},"headline":"Apr\u00e8s sa premi\u00e8re mondiale \u00e0 Locarno, \u00abStreams\u00bb de Mehdi Hmili continue sa brillante tourn\u00e9e mondiale et vise Les Oscars","datePublished":"2021-10-04T14:16:29+00:00","dateModified":"2021-10-05T00:42:02+00:00","mainEntityOfPage":{"@id":"https:\/\/kapitalis.com\/tunisie\/2021\/10\/04\/apres-sa-premiere-mondiale-a-locarno-streams-de-mehdi-hmili-continue-sa-brillante-tournee-mondiale-et-vise-les-oscars\/"},"wordCount":548,"commentCount":0,"publisher":{"@id":"https:\/\/kapitalis.com\/tunisie\/#organization"},"image":{"@id":"https:\/\/kapitalis.com\/tunisie\/2021\/10\/04\/apres-sa-premiere-mondiale-a-locarno-streams-de-mehdi-hmili-continue-sa-brillante-tournee-mondiale-et-vise-les-oscars\/#primaryimage"},"thumbnailUrl":"","keywords":["Mehdi Hmili","Oscars","r\u00e9alisateur tunisien","Streams","Tunisie"],"articleSection":["CULTURE","Tunisie"],"inLanguage":"fr-FR","potentialAction":[{"@type":"CommentAction","name":"Comment","target":["https:\/\/kapitalis.com\/tunisie\/2021\/10\/04\/apres-sa-premiere-mondiale-a-locarno-streams-de-mehdi-hmili-continue-sa-brillante-tournee-mondiale-et-vise-les-oscars\/#respond"]}]},{"@type":"WebPage","@id":"https:\/\/kapitalis.com\/tunisie\/2021\/10\/04\/apres-sa-premiere-mondiale-a-locarno-streams-de-mehdi-hmili-continue-sa-brillante-tournee-mondiale-et-vise-les-oscars\/","url":"https:\/\/kapitalis.com\/tunisie\/2021\/10\/04\/apres-sa-premiere-mondiale-a-locarno-streams-de-mehdi-hmili-continue-sa-brillante-tournee-mondiale-et-vise-les-oscars\/","name":"Apr\u00e8s sa premi\u00e8re mondiale \u00e0 Locarno, \u00abStreams\u00bb de Mehdi Hmili continue sa brillante tourn\u00e9e mondiale et vise Les Oscars - Kapitalis","isPartOf":{"@id":"https:\/\/kapitalis.com\/tunisie\/#website"},"primaryImageOfPage":{"@id":"https:\/\/kapitalis.com\/tunisie\/2021\/10\/04\/apres-sa-premiere-mondiale-a-locarno-streams-de-mehdi-hmili-continue-sa-brillante-tournee-mondiale-et-vise-les-oscars\/#primaryimage"},"image":{"@id":"https:\/\/kapitalis.com\/tunisie\/2021\/10\/04\/apres-sa-premiere-mondiale-a-locarno-streams-de-mehdi-hmili-continue-sa-brillante-tournee-mondiale-et-vise-les-oscars\/#primaryimage"},"thumbnailUrl":"","datePublished":"2021-10-04T14:16:29+00:00","dateModified":"2021-10-05T00:42:02+00:00","breadcrumb":{"@id":"https:\/\/kapitalis.com\/tunisie\/2021\/10\/04\/apres-sa-premiere-mondiale-a-locarno-streams-de-mehdi-hmili-continue-sa-brillante-tournee-mondiale-et-vise-les-oscars\/#breadcrumb"},"inLanguage":"fr-FR","potentialAction":[{"@type":"ReadAction","target":["https:\/\/kapitalis.com\/tunisie\/2021\/10\/04\/apres-sa-premiere-mondiale-a-locarno-streams-de-mehdi-hmili-continue-sa-brillante-tournee-mondiale-et-vise-les-oscars\/"]}]},{"@type":"ImageObject","inLanguage":"fr-FR","@id":"https:\/\/kapitalis.com\/tunisie\/2021\/10\/04\/apres-sa-premiere-mondiale-a-locarno-streams-de-mehdi-hmili-continue-sa-brillante-tournee-mondiale-et-vise-les-oscars\/#primaryimage","url":"","contentUrl":""},{"@type":"BreadcrumbList","@id":"https:\/\/kapitalis.com\/tunisie\/2021\/10\/04\/apres-sa-premiere-mondiale-a-locarno-streams-de-mehdi-hmili-continue-sa-brillante-tournee-mondiale-et-vise-les-oscars\/#breadcrumb","itemListElement":[{"@type":"ListItem","position":1,"name":"Accueil","item":"https:\/\/kapitalis.com\/tunisie\/"},{"@type":"ListItem","position":2,"name":"Apr\u00e8s sa premi\u00e8re mondiale \u00e0 Locarno, \u00abStreams\u00bb de Mehdi Hmili continue sa brillante tourn\u00e9e mondiale et vise Les Oscars"}]},{"@type":"WebSite","@id":"https:\/\/kapitalis.com\/tunisie\/#website","url":"https:\/\/kapitalis.com\/tunisie\/","name":"Kapitalis","description":"L&#039;actualit\u00e9 en Tunisie et dans le monde","publisher":{"@id":"https:\/\/kapitalis.com\/tunisie\/#organization"},"potentialAction":[{"@type":"SearchAction","target":{"@type":"EntryPoint","urlTemplate":"https:\/\/kapitalis.com\/tunisie\/?s={search_term_string}"},"query-input":{"@type":"PropertyValueSpecification","valueRequired":true,"valueName":"search_term_string"}}],"inLanguage":"fr-FR"},{"@type":"Organization","@id":"https:\/\/kapitalis.com\/tunisie\/#organization","name":"Kapitalis","url":"https:\/\/kapitalis.com\/tunisie\/","logo":{"@type":"ImageObject","inLanguage":"fr-FR","@id":"https:\/\/kapitalis.com\/tunisie\/#\/schema\/logo\/image\/","url":"https:\/\/kapitalis.com\/tunisie\/wp-content\/uploads\/2022\/05\/Kapitalis-big-size.png","contentUrl":"https:\/\/kapitalis.com\/tunisie\/wp-content\/uploads\/2022\/05\/Kapitalis-big-size.png","width":5000,"height":1500,"caption":"Kapitalis"},"image":{"@id":"https:\/\/kapitalis.com\/tunisie\/#\/schema\/logo\/image\/"},"sameAs":["https:\/\/www.facebook.com\/KapitalisInfo\/","https:\/\/x.com\/KapitalisInfo","https:\/\/www.youtube.com\/channel\/UC-yDYrHyfFBWWZaOw3FPg9Q"]},{"@type":"Person","@id":"https:\/\/kapitalis.com\/tunisie\/#\/schema\/person\/74bbde0154d49d790a92aaeac5bc01d5","name":"Yusra NY","url":"https:\/\/kapitalis.com\/tunisie\/author\/yuza_adam\/"}]}},"_links":{"self":[{"href":"https:\/\/kapitalis.com\/tunisie\/wp-json\/wp\/v2\/posts\/365061","targetHints":{"allow":["GET"]}}],"collection":[{"href":"https:\/\/kapitalis.com\/tunisie\/wp-json\/wp\/v2\/posts"}],"about":[{"href":"https:\/\/kapitalis.com\/tunisie\/wp-json\/wp\/v2\/types\/post"}],"author":[{"embeddable":true,"href":"https:\/\/kapitalis.com\/tunisie\/wp-json\/wp\/v2\/users\/6"}],"replies":[{"embeddable":true,"href":"https:\/\/kapitalis.com\/tunisie\/wp-json\/wp\/v2\/comments?post=365061"}],"version-history":[{"count":0,"href":"https:\/\/kapitalis.com\/tunisie\/wp-json\/wp\/v2\/posts\/365061\/revisions"}],"wp:featuredmedia":[{"embeddable":true,"href":"https:\/\/kapitalis.com\/tunisie\/wp-json\/wp\/v2\/media\/365063"}],"wp:attachment":[{"href":"https:\/\/kapitalis.com\/tunisie\/wp-json\/wp\/v2\/media?parent=365061"}],"wp:term":[{"taxonomy":"category","embeddable":true,"href":"https:\/\/kapitalis.com\/tunisie\/wp-json\/wp\/v2\/categories?post=365061"},{"taxonomy":"post_tag","embeddable":true,"href":"https:\/\/kapitalis.com\/tunisie\/wp-json\/wp\/v2\/tags?post=365061"}],"curies":[{"name":"wp","href":"https:\/\/api.w.org\/{rel}","templated":true}]}}